{"id":8553,"date":"2023-07-14T17:27:59","date_gmt":"2023-07-14T20:27:59","guid":{"rendered":"https:\/\/jornalpontomais.com\/site\/?p=8553"},"modified":"2023-07-14T17:28:00","modified_gmt":"2023-07-14T20:28:00","slug":"em-goiania-caiado-e-bolsonaro-discutem-reforma-tributaria","status":"publish","type":"post","link":"https:\/\/jornalpontomais.com\/site\/2023\/07\/14\/em-goiania-caiado-e-bolsonaro-discutem-reforma-tributaria\/","title":{"rendered":"Em Goi\u00e2nia, Caiado e Bolsonaro discutem reforma tribut\u00e1ria"},"content":{"rendered":"\n<p>Nesta sexta-feira, 14, o presidente Jair Bolsonaro visitou Goi\u00e2nia e se encontrou com o governador Ronaldo Caiado no Pal\u00e1cio das Esmeraldas, sede do governo estadual. Durante o encontro, os l\u00edderes pol\u00edticos da direita em Goi\u00e1s discutiram diversos assuntos, com destaque para a reforma tribut\u00e1ria.<\/p>\n\n\n\n<p><br><\/p>\n\n\n\n<p>Bolsonaro expressou estar &#8220;99% alinhado com Caiado no tocante \u00e0 reforma tribut\u00e1ria&#8221; e demonstrou seu descontentamento com o texto aprovado pela C\u00e2mara dos Deputados. O presidente afirmou ter conversado com o senador Wilder Morais e com a bancada do seu partido, o PL, sobre poss\u00edveis ajustes no projeto. A expectativa \u00e9 que o Senado Federal recue em pontos que t\u00eam sido alvo de cr\u00edticas por parte de governadores e prefeitos.<\/p>\n\n\n\n<p><br><\/p>\n\n\n\n<p>Al\u00e9m disso, Bolsonaro ressaltou seu interesse em eleger prefeitos em todo o pa\u00eds, incluindo o estado de Goi\u00e1s. Segundo ele, isso faz parte do jogo pol\u00edtico e das estrat\u00e9gias para fortalecer sua base de apoio.<\/p>\n\n\n\n<p><br><\/p>\n\n\n\n<p>O encontro entre Bolsonaro e Caiado ocorreu uma semana ap\u00f3s a aprova\u00e7\u00e3o do texto da reforma tribut\u00e1ria na C\u00e2mara dos Deputados, que contou com o apoio do governador de S\u00e3o Paulo, Tarc\u00edsio de Freitas. Essa postura de Tarc\u00edsio em rela\u00e7\u00e3o \u00e0 mat\u00e9ria gerou um certo atrito entre o governador paulista e a ala da direita ligada a Bolsonaro.<\/p>\n\n\n\n<p><br><\/p>\n\n\n\n<p>Ronaldo Caiado \u00e9 conhecido por defender a autonomia dos governadores e prefeitos, um tema que tem sido debatido intensamente no contexto da reforma tribut\u00e1ria. Sua postura em defesa dos entes que podem ser prejudicados pelo texto fortalece sua imagem pol\u00edtica e o coloca como uma potencial candidato \u00e0 presid\u00eancia nas elei\u00e7\u00f5es de 2026.<\/p>\n\n\n\n<p><br><\/p>\n\n\n\n<p>O encontro entre Bolsonaro e Caiado demonstra a import\u00e2ncia da discuss\u00e3o sobre a reforma tribut\u00e1ria e evidencia a busca por alinhamentos e ajustes no projeto. Ainda h\u00e1 muitos debates a serem feitos antes da conclus\u00e3o da reforma, e a posi\u00e7\u00e3o de l\u00edderes pol\u00edticos como Caiado e Bolsonaro ser\u00e1 fundamental para moldar o futuro dessa importante mudan\u00e7a no sistema tribut\u00e1rio do pa\u00eds.<\/p>\n","protected":false},"excerpt":{"rendered":"<p>Nesta sexta-feira, 14, o presidente Jair Bolsonaro visitou Goi\u00e2nia e se encontrou com o governador Ronaldo Caiado no Pal\u00e1cio das Esmeraldas, sede do governo estadual. Durante o encontro, os l\u00edderes pol\u00edticos da direita em Goi\u00e1s discutiram diversos assuntos, com destaque para a reforma tribut\u00e1ria. Bolsonaro expressou estar &#8220;99% alinhado com Caiado no tocante \u00e0 reforma [&hellip;]<\/p>\n","protected":false},"author":2,"featured_media":8555,"comment_status":"open","ping_status":"open","sticky":true,"template":"","format":"standard","meta":{"om_disable_all_campaigns":false,"_monsterinsights_skip_tracking":false,"_monsterinsights_sitenote_active":false,"_monsterinsights_sitenote_note":"","_monsterinsights_sitenote_category":0,"footnotes":""},"categories":[1],"tags":[],"class_list":["post-8553","post","type-post","status-publish","format-standard","has-post-thumbnail","hentry","category-politica"],"yoast_head":"<!-- This site is optimized with the Yoast SEO plugin v27.2 - https:\/\/yoast.com\/product\/yoast-seo-wordpress\/ -->\n<title>Em Goi\u00e2nia, Caiado e Bolsonaro discutem reforma tribut\u00e1ria - Jornal Ponto Mais<\/title>\n<meta name=\"robots\" content=\"index, follow, max-snippet:-1, max-image-preview:large, max-video-preview:-1\" \/>\n<link rel=\"canonical\" href=\"https:\/\/jornalpontomais.com\/site\/2023\/07\/14\/em-goiania-caiado-e-bolsonaro-discutem-reforma-tributaria\/\" \/>\n<meta property=\"og:locale\" content=\"pt_BR\" \/>\n<meta property=\"og:type\" content=\"article\" \/>\n<meta property=\"og:title\" content=\"Em Goi\u00e2nia, Caiado e Bolsonaro discutem reforma tribut\u00e1ria - Jornal Ponto Mais\" \/>\n<meta property=\"og:description\" content=\"Nesta sexta-feira, 14, o presidente Jair Bolsonaro visitou Goi\u00e2nia e se encontrou com o governador Ronaldo Caiado no Pal\u00e1cio das Esmeraldas, sede do governo estadual. Durante o encontro, os l\u00edderes pol\u00edticos da direita em Goi\u00e1s discutiram diversos assuntos, com destaque para a reforma tribut\u00e1ria. Bolsonaro expressou estar &#8220;99% alinhado com Caiado no tocante \u00e0 reforma [&hellip;]\" \/>\n<meta property=\"og:url\" content=\"https:\/\/jornalpontomais.com\/site\/2023\/07\/14\/em-goiania-caiado-e-bolsonaro-discutem-reforma-tributaria\/\" \/>\n<meta property=\"og:site_name\" content=\"Jornal Ponto Mais\" \/>\n<meta property=\"article:published_time\" content=\"2023-07-14T20:27:59+00:00\" \/>\n<meta property=\"article:modified_time\" content=\"2023-07-14T20:28:00+00:00\" \/>\n<meta property=\"og:image\" content=\"https:\/\/jornalpontomais.com\/site\/wp-content\/uploads\/2023\/07\/caiado-e-bolsonaro.jpeg\" \/>\n\t<meta property=\"og:image:width\" content=\"1215\" \/>\n\t<meta property=\"og:image:height\" content=\"811\" \/>\n\t<meta property=\"og:image:type\" content=\"image\/jpeg\" \/>\n<meta name=\"author\" content=\"Jornal Ponto Mais\" \/>\n<meta name=\"twitter:card\" content=\"summary_large_image\" \/>\n<meta name=\"twitter:label1\" content=\"Escrito por\" \/>\n\t<meta name=\"twitter:data1\" content=\"Jornal Ponto Mais\" \/>\n\t<meta name=\"twitter:label2\" content=\"Est. tempo de leitura\" \/>\n\t<meta name=\"twitter:data2\" content=\"2 minutos\" \/>\n<script type=\"application\/ld+json\" class=\"yoast-schema-graph\">{\"@context\":\"https:\/\/schema.org\",\"@graph\":[{\"@type\":\"Article\",\"@id\":\"https:\/\/jornalpontomais.com\/site\/2023\/07\/14\/em-goiania-caiado-e-bolsonaro-discutem-reforma-tributaria\/#article\",\"isPartOf\":{\"@id\":\"https:\/\/jornalpontomais.com\/site\/2023\/07\/14\/em-goiania-caiado-e-bolsonaro-discutem-reforma-tributaria\/\"},\"author\":{\"name\":\"Jornal Ponto Mais\",\"@id\":\"https:\/\/jornalpontomais.com\/site\/#\/schema\/person\/18323f0b0f1355f2490721c48389fe9d\"},\"headline\":\"Em Goi\u00e2nia, Caiado e Bolsonaro discutem reforma tribut\u00e1ria\",\"datePublished\":\"2023-07-14T20:27:59+00:00\",\"dateModified\":\"2023-07-14T20:28:00+00:00\",\"mainEntityOfPage\":{\"@id\":\"https:\/\/jornalpontomais.com\/site\/2023\/07\/14\/em-goiania-caiado-e-bolsonaro-discutem-reforma-tributaria\/\"},\"wordCount\":362,\"commentCount\":0,\"publisher\":{\"@id\":\"https:\/\/jornalpontomais.com\/site\/#organization\"},\"image\":{\"@id\":\"https:\/\/jornalpontomais.com\/site\/2023\/07\/14\/em-goiania-caiado-e-bolsonaro-discutem-reforma-tributaria\/#primaryimage\"},\"thumbnailUrl\":\"https:\/\/jornalpontomais.com\/site\/wp-content\/uploads\/2023\/07\/caiado-e-bolsonaro.jpeg\",\"articleSection\":[\"Pol\u00edtica\"],\"inLanguage\":\"pt-BR\",\"potentialAction\":[{\"@type\":\"CommentAction\",\"name\":\"Comment\",\"target\":[\"https:\/\/jornalpontomais.com\/site\/2023\/07\/14\/em-goiania-caiado-e-bolsonaro-discutem-reforma-tributaria\/#respond\"]}]},{\"@type\":\"WebPage\",\"@id\":\"https:\/\/jornalpontomais.com\/site\/2023\/07\/14\/em-goiania-caiado-e-bolsonaro-discutem-reforma-tributaria\/\",\"url\":\"https:\/\/jornalpontomais.com\/site\/2023\/07\/14\/em-goiania-caiado-e-bolsonaro-discutem-reforma-tributaria\/\",\"name\":\"Em Goi\u00e2nia, Caiado e Bolsonaro discutem reforma tribut\u00e1ria - Jornal Ponto Mais\",\"isPartOf\":{\"@id\":\"https:\/\/jornalpontomais.com\/site\/#website\"},\"primaryImageOfPage\":{\"@id\":\"https:\/\/jornalpontomais.com\/site\/2023\/07\/14\/em-goiania-caiado-e-bolsonaro-discutem-reforma-tributaria\/#primaryimage\"},\"image\":{\"@id\":\"https:\/\/jornalpontomais.com\/site\/2023\/07\/14\/em-goiania-caiado-e-bolsonaro-discutem-reforma-tributaria\/#primaryimage\"},\"thumbnailUrl\":\"https:\/\/jornalpontomais.com\/site\/wp-content\/uploads\/2023\/07\/caiado-e-bolsonaro.jpeg\",\"datePublished\":\"2023-07-14T20:27:59+00:00\",\"dateModified\":\"2023-07-14T20:28:00+00:00\",\"breadcrumb\":{\"@id\":\"https:\/\/jornalpontomais.com\/site\/2023\/07\/14\/em-goiania-caiado-e-bolsonaro-discutem-reforma-tributaria\/#breadcrumb\"},\"inLanguage\":\"pt-BR\",\"potentialAction\":[{\"@type\":\"ReadAction\",\"target\":[\"https:\/\/jornalpontomais.com\/site\/2023\/07\/14\/em-goiania-caiado-e-bolsonaro-discutem-reforma-tributaria\/\"]}]},{\"@type\":\"ImageObject\",\"inLanguage\":\"pt-BR\",\"@id\":\"https:\/\/jornalpontomais.com\/site\/2023\/07\/14\/em-goiania-caiado-e-bolsonaro-discutem-reforma-tributaria\/#primaryimage\",\"url\":\"https:\/\/jornalpontomais.com\/site\/wp-content\/uploads\/2023\/07\/caiado-e-bolsonaro.jpeg\",\"contentUrl\":\"https:\/\/jornalpontomais.com\/site\/wp-content\/uploads\/2023\/07\/caiado-e-bolsonaro.jpeg\",\"width\":1215,\"height\":811},{\"@type\":\"BreadcrumbList\",\"@id\":\"https:\/\/jornalpontomais.com\/site\/2023\/07\/14\/em-goiania-caiado-e-bolsonaro-discutem-reforma-tributaria\/#breadcrumb\",\"itemListElement\":[{\"@type\":\"ListItem\",\"position\":1,\"name\":\"In\u00edcio\",\"item\":\"https:\/\/jornalpontomais.com\/site\/\"},{\"@type\":\"ListItem\",\"position\":2,\"name\":\"Em Goi\u00e2nia, Caiado e Bolsonaro discutem reforma tribut\u00e1ria\"}]},{\"@type\":\"WebSite\",\"@id\":\"https:\/\/jornalpontomais.com\/site\/#website\",\"url\":\"https:\/\/jornalpontomais.com\/site\/\",\"name\":\"Jornal Ponto Mais\",\"description\":\"As principais not\u00edcias do Brasil e do mundo. Confira!\",\"publisher\":{\"@id\":\"https:\/\/jornalpontomais.com\/site\/#organization\"},\"potentialAction\":[{\"@type\":\"SearchAction\",\"target\":{\"@type\":\"EntryPoint\",\"urlTemplate\":\"https:\/\/jornalpontomais.com\/site\/?s={search_term_string}\"},\"query-input\":{\"@type\":\"PropertyValueSpecification\",\"valueRequired\":true,\"valueName\":\"search_term_string\"}}],\"inLanguage\":\"pt-BR\"},{\"@type\":\"Organization\",\"@id\":\"https:\/\/jornalpontomais.com\/site\/#organization\",\"name\":\"Jornal Ponto+\",\"url\":\"https:\/\/jornalpontomais.com\/site\/\",\"logo\":{\"@type\":\"ImageObject\",\"inLanguage\":\"pt-BR\",\"@id\":\"https:\/\/jornalpontomais.com\/site\/#\/schema\/logo\/image\/\",\"url\":\"https:\/\/jornalpontomais.com\/site\/wp-content\/uploads\/2022\/01\/marca.png\",\"contentUrl\":\"https:\/\/jornalpontomais.com\/site\/wp-content\/uploads\/2022\/01\/marca.png\",\"width\":582,\"height\":148,\"caption\":\"Jornal Ponto+\"},\"image\":{\"@id\":\"https:\/\/jornalpontomais.com\/site\/#\/schema\/logo\/image\/\"}},{\"@type\":\"Person\",\"@id\":\"https:\/\/jornalpontomais.com\/site\/#\/schema\/person\/18323f0b0f1355f2490721c48389fe9d\",\"name\":\"Jornal Ponto Mais\",\"image\":{\"@type\":\"ImageObject\",\"inLanguage\":\"pt-BR\",\"@id\":\"https:\/\/secure.gravatar.com\/avatar\/2ee0a9b7fe10fe32bdec8bc086e871e41eb5f4f6ecbcb7b4f2fe0d92d831405f?s=96&d=mm&r=g\",\"url\":\"https:\/\/secure.gravatar.com\/avatar\/2ee0a9b7fe10fe32bdec8bc086e871e41eb5f4f6ecbcb7b4f2fe0d92d831405f?s=96&d=mm&r=g\",\"contentUrl\":\"https:\/\/secure.gravatar.com\/avatar\/2ee0a9b7fe10fe32bdec8bc086e871e41eb5f4f6ecbcb7b4f2fe0d92d831405f?s=96&d=mm&r=g\",\"caption\":\"Jornal Ponto Mais\"},\"sameAs\":[\"https:\/\/jornalpontomais.com\/site\",\"jornalpontomais\"],\"url\":\"https:\/\/jornalpontomais.com\/site\/author\/jornalpontomais\/\"}]}<\/script>\n<!-- \/ Yoast SEO plugin. -->","yoast_head_json":{"title":"Em Goi\u00e2nia, Caiado e Bolsonaro discutem reforma tribut\u00e1ria - Jornal Ponto Mais","robots":{"index":"index","follow":"follow","max-snippet":"max-snippet:-1","max-image-preview":"max-image-preview:large","max-video-preview":"max-video-preview:-1"},"canonical":"https:\/\/jornalpontomais.com\/site\/2023\/07\/14\/em-goiania-caiado-e-bolsonaro-discutem-reforma-tributaria\/","og_locale":"pt_BR","og_type":"article","og_title":"Em Goi\u00e2nia, Caiado e Bolsonaro discutem reforma tribut\u00e1ria - Jornal Ponto Mais","og_description":"Nesta sexta-feira, 14, o presidente Jair Bolsonaro visitou Goi\u00e2nia e se encontrou com o governador Ronaldo Caiado no Pal\u00e1cio das Esmeraldas, sede do governo estadual. Durante o encontro, os l\u00edderes pol\u00edticos da direita em Goi\u00e1s discutiram diversos assuntos, com destaque para a reforma tribut\u00e1ria. Bolsonaro expressou estar &#8220;99% alinhado com Caiado no tocante \u00e0 reforma [&hellip;]","og_url":"https:\/\/jornalpontomais.com\/site\/2023\/07\/14\/em-goiania-caiado-e-bolsonaro-discutem-reforma-tributaria\/","og_site_name":"Jornal Ponto Mais","article_published_time":"2023-07-14T20:27:59+00:00","article_modified_time":"2023-07-14T20:28:00+00:00","og_image":[{"width":1215,"height":811,"url":"https:\/\/jornalpontomais.com\/site\/wp-content\/uploads\/2023\/07\/caiado-e-bolsonaro.jpeg","type":"image\/jpeg"}],"author":"Jornal Ponto Mais","twitter_card":"summary_large_image","twitter_misc":{"Escrito por":"Jornal Ponto Mais","Est. tempo de leitura":"2 minutos"},"schema":{"@context":"https:\/\/schema.org","@graph":[{"@type":"Article","@id":"https:\/\/jornalpontomais.com\/site\/2023\/07\/14\/em-goiania-caiado-e-bolsonaro-discutem-reforma-tributaria\/#article","isPartOf":{"@id":"https:\/\/jornalpontomais.com\/site\/2023\/07\/14\/em-goiania-caiado-e-bolsonaro-discutem-reforma-tributaria\/"},"author":{"name":"Jornal Ponto Mais","@id":"https:\/\/jornalpontomais.com\/site\/#\/schema\/person\/18323f0b0f1355f2490721c48389fe9d"},"headline":"Em Goi\u00e2nia, Caiado e Bolsonaro discutem reforma tribut\u00e1ria","datePublished":"2023-07-14T20:27:59+00:00","dateModified":"2023-07-14T20:28:00+00:00","mainEntityOfPage":{"@id":"https:\/\/jornalpontomais.com\/site\/2023\/07\/14\/em-goiania-caiado-e-bolsonaro-discutem-reforma-tributaria\/"},"wordCount":362,"commentCount":0,"publisher":{"@id":"https:\/\/jornalpontomais.com\/site\/#organization"},"image":{"@id":"https:\/\/jornalpontomais.com\/site\/2023\/07\/14\/em-goiania-caiado-e-bolsonaro-discutem-reforma-tributaria\/#primaryimage"},"thumbnailUrl":"https:\/\/jornalpontomais.com\/site\/wp-content\/uploads\/2023\/07\/caiado-e-bolsonaro.jpeg","articleSection":["Pol\u00edtica"],"inLanguage":"pt-BR","potentialAction":[{"@type":"CommentAction","name":"Comment","target":["https:\/\/jornalpontomais.com\/site\/2023\/07\/14\/em-goiania-caiado-e-bolsonaro-discutem-reforma-tributaria\/#respond"]}]},{"@type":"WebPage","@id":"https:\/\/jornalpontomais.com\/site\/2023\/07\/14\/em-goiania-caiado-e-bolsonaro-discutem-reforma-tributaria\/","url":"https:\/\/jornalpontomais.com\/site\/2023\/07\/14\/em-goiania-caiado-e-bolsonaro-discutem-reforma-tributaria\/","name":"Em Goi\u00e2nia, Caiado e Bolsonaro discutem reforma tribut\u00e1ria - Jornal Ponto Mais","isPartOf":{"@id":"https:\/\/jornalpontomais.com\/site\/#website"},"primaryImageOfPage":{"@id":"https:\/\/jornalpontomais.com\/site\/2023\/07\/14\/em-goiania-caiado-e-bolsonaro-discutem-reforma-tributaria\/#primaryimage"},"image":{"@id":"https:\/\/jornalpontomais.com\/site\/2023\/07\/14\/em-goiania-caiado-e-bolsonaro-discutem-reforma-tributaria\/#primaryimage"},"thumbnailUrl":"https:\/\/jornalpontomais.com\/site\/wp-content\/uploads\/2023\/07\/caiado-e-bolsonaro.jpeg","datePublished":"2023-07-14T20:27:59+00:00","dateModified":"2023-07-14T20:28:00+00:00","breadcrumb":{"@id":"https:\/\/jornalpontomais.com\/site\/2023\/07\/14\/em-goiania-caiado-e-bolsonaro-discutem-reforma-tributaria\/#breadcrumb"},"inLanguage":"pt-BR","potentialAction":[{"@type":"ReadAction","target":["https:\/\/jornalpontomais.com\/site\/2023\/07\/14\/em-goiania-caiado-e-bolsonaro-discutem-reforma-tributaria\/"]}]},{"@type":"ImageObject","inLanguage":"pt-BR","@id":"https:\/\/jornalpontomais.com\/site\/2023\/07\/14\/em-goiania-caiado-e-bolsonaro-discutem-reforma-tributaria\/#primaryimage","url":"https:\/\/jornalpontomais.com\/site\/wp-content\/uploads\/2023\/07\/caiado-e-bolsonaro.jpeg","contentUrl":"https:\/\/jornalpontomais.com\/site\/wp-content\/uploads\/2023\/07\/caiado-e-bolsonaro.jpeg","width":1215,"height":811},{"@type":"BreadcrumbList","@id":"https:\/\/jornalpontomais.com\/site\/2023\/07\/14\/em-goiania-caiado-e-bolsonaro-discutem-reforma-tributaria\/#breadcrumb","itemListElement":[{"@type":"ListItem","position":1,"name":"In\u00edcio","item":"https:\/\/jornalpontomais.com\/site\/"},{"@type":"ListItem","position":2,"name":"Em Goi\u00e2nia, Caiado e Bolsonaro discutem reforma tribut\u00e1ria"}]},{"@type":"WebSite","@id":"https:\/\/jornalpontomais.com\/site\/#website","url":"https:\/\/jornalpontomais.com\/site\/","name":"Jornal Ponto Mais","description":"As principais not\u00edcias do Brasil e do mundo. Confira!","publisher":{"@id":"https:\/\/jornalpontomais.com\/site\/#organization"},"potentialAction":[{"@type":"SearchAction","target":{"@type":"EntryPoint","urlTemplate":"https:\/\/jornalpontomais.com\/site\/?s={search_term_string}"},"query-input":{"@type":"PropertyValueSpecification","valueRequired":true,"valueName":"search_term_string"}}],"inLanguage":"pt-BR"},{"@type":"Organization","@id":"https:\/\/jornalpontomais.com\/site\/#organization","name":"Jornal Ponto+","url":"https:\/\/jornalpontomais.com\/site\/","logo":{"@type":"ImageObject","inLanguage":"pt-BR","@id":"https:\/\/jornalpontomais.com\/site\/#\/schema\/logo\/image\/","url":"https:\/\/jornalpontomais.com\/site\/wp-content\/uploads\/2022\/01\/marca.png","contentUrl":"https:\/\/jornalpontomais.com\/site\/wp-content\/uploads\/2022\/01\/marca.png","width":582,"height":148,"caption":"Jornal Ponto+"},"image":{"@id":"https:\/\/jornalpontomais.com\/site\/#\/schema\/logo\/image\/"}},{"@type":"Person","@id":"https:\/\/jornalpontomais.com\/site\/#\/schema\/person\/18323f0b0f1355f2490721c48389fe9d","name":"Jornal Ponto Mais","image":{"@type":"ImageObject","inLanguage":"pt-BR","@id":"https:\/\/secure.gravatar.com\/avatar\/2ee0a9b7fe10fe32bdec8bc086e871e41eb5f4f6ecbcb7b4f2fe0d92d831405f?s=96&d=mm&r=g","url":"https:\/\/secure.gravatar.com\/avatar\/2ee0a9b7fe10fe32bdec8bc086e871e41eb5f4f6ecbcb7b4f2fe0d92d831405f?s=96&d=mm&r=g","contentUrl":"https:\/\/secure.gravatar.com\/avatar\/2ee0a9b7fe10fe32bdec8bc086e871e41eb5f4f6ecbcb7b4f2fe0d92d831405f?s=96&d=mm&r=g","caption":"Jornal Ponto Mais"},"sameAs":["https:\/\/jornalpontomais.com\/site","jornalpontomais"],"url":"https:\/\/jornalpontomais.com\/site\/author\/jornalpontomais\/"}]}},"_links":{"self":[{"href":"https:\/\/jornalpontomais.com\/site\/wp-json\/wp\/v2\/posts\/8553","targetHints":{"allow":["GET"]}}],"collection":[{"href":"https:\/\/jornalpontomais.com\/site\/wp-json\/wp\/v2\/posts"}],"about":[{"href":"https:\/\/jornalpontomais.com\/site\/wp-json\/wp\/v2\/types\/post"}],"author":[{"embeddable":true,"href":"https:\/\/jornalpontomais.com\/site\/wp-json\/wp\/v2\/users\/2"}],"replies":[{"embeddable":true,"href":"https:\/\/jornalpontomais.com\/site\/wp-json\/wp\/v2\/comments?post=8553"}],"version-history":[{"count":1,"href":"https:\/\/jornalpontomais.com\/site\/wp-json\/wp\/v2\/posts\/8553\/revisions"}],"predecessor-version":[{"id":8556,"href":"https:\/\/jornalpontomais.com\/site\/wp-json\/wp\/v2\/posts\/8553\/revisions\/8556"}],"wp:featuredmedia":[{"embeddable":true,"href":"https:\/\/jornalpontomais.com\/site\/wp-json\/wp\/v2\/media\/8555"}],"wp:attachment":[{"href":"https:\/\/jornalpontomais.com\/site\/wp-json\/wp\/v2\/media?parent=8553"}],"wp:term":[{"taxonomy":"category","embeddable":true,"href":"https:\/\/jornalpontomais.com\/site\/wp-json\/wp\/v2\/categories?post=8553"},{"taxonomy":"post_tag","embeddable":true,"href":"https:\/\/jornalpontomais.com\/site\/wp-json\/wp\/v2\/tags?post=8553"}],"curies":[{"name":"wp","href":"https:\/\/api.w.org\/{rel}","templated":true}]}}