{"id":8484,"date":"2023-07-11T17:03:39","date_gmt":"2023-07-11T20:03:39","guid":{"rendered":"https:\/\/jornalpontomais.com\/site\/?p=8484"},"modified":"2023-07-11T17:08:25","modified_gmt":"2023-07-11T20:08:25","slug":"oab-to-promete-acionar-governo-do-tocantins-por-descaso-no-sistema-penal","status":"publish","type":"post","link":"https:\/\/jornalpontomais.com\/site\/2023\/07\/11\/oab-to-promete-acionar-governo-do-tocantins-por-descaso-no-sistema-penal\/","title":{"rendered":"OAB\/TO promete acionar Governo do Tocantins por descaso no sistema penal"},"content":{"rendered":"\n<p>O presidente da Ordem dos Advogados do Brasil \u2013 Seccional Tocantins, Gedeon Pitaluga, se reuniu com advogados criminalistas da capital, nesta ter\u00e7a-feira, 11, e estuda entrar com a\u00e7\u00e3o contra o Estado do Tocantins em fun\u00e7\u00e3o da car\u00eancia do efetivo policial na Unidade Penal Regional Palmas \u2013 UPRP e a dificuldade de atendimento jur\u00eddico dos advogados no sistema prisional.<\/p>\n\n\n\n<p><br><\/p>\n\n\n\n<p>O presidente da OAB Tocantins apontou que a aten\u00e7\u00e3o ao sistema prisional parte do cumprimento de cada ator com o seu papel, incluindo advogados, autoridades e policiais.<\/p>\n\n\n\n<p><br><\/p>\n\n\n\n<blockquote class=\"wp-block-quote is-layout-flow wp-block-quote-is-layout-flow\"><p>\u201cA garantia do acesso do advogado \u00e9 crucial no processo da execu\u00e7\u00e3o da pena e faz parte do nosso trabalho na promo\u00e7\u00e3o da cidadania e dos direitos humanos tornar este atendimento vi\u00e1vel para todos os custodiados. Precisamos estabelecer um pacote de a\u00e7\u00f5es ou medidas para apresentar n\u00e3o s\u00f3 \u00e0 advocacia e ao sistema penitenci\u00e1rio, mas \u00e0 sociedade\u201d, pontuou Gedeon Pitaluga.<\/p><\/blockquote>\n\n\n\n<p><br><\/p>\n\n\n\n<p>Com o objetivo de atender \u00e0s demandas di\u00e1rias da unidade, bem como garantir a seguran\u00e7a, de acordo com o memorando enviado pela UPR-Palmas \u00e0 Superintend\u00eancia de Administra\u00e7\u00e3o dos Sistemas Penitenci\u00e1rio e Prisional foram solicitadas ao Estado do Tocantins medidas urgentes no quadro operacional.<\/p>\n\n\n\n<p><br><\/p>\n\n\n\n<p>\u201c\u00c9 essencial que o efetivo de policias seja proporcional a nossa realidade penal. A Unidade Penal Regional conta com 738 pessoas privadas de liberdade \u2013 PPL, cujo 47% exige acompanhamento m\u00e9dico diariamente\u201d, assinou o Chefe da Unidade Penal Regional de Palmas, Maxsuel da Silva Oliveira Mesquita.<\/p>\n\n\n\n<p><br><\/p>\n\n\n\n<p>Para o advogado criminalista Paulo Roberto da Silva, \u201ca OAB n\u00e3o ir\u00e1 se silenciar diante desse quadro, o exerc\u00edcio regular da advocacia \u00e9 indispens\u00e1vel para aplica\u00e7\u00e3o da Justi\u00e7a. Quando o sistema prisional n\u00e3o tem condi\u00e7\u00f5es de atender um advogado a sociedade fica \u00f3rf\u00e3 dos seus direitos e interesses. Vamos entrar com todas as medidas judiciais cab\u00edveis\u201d, afirmou.<\/p>\n","protected":false},"excerpt":{"rendered":"<p>O presidente da Ordem dos Advogados do Brasil \u2013 Seccional Tocantins, Gedeon Pitaluga, se reuniu com advogados criminalistas da capital, nesta ter\u00e7a-feira, 11, e estuda entrar com a\u00e7\u00e3o contra o Estado do Tocantins em fun\u00e7\u00e3o da car\u00eancia do efetivo policial na Unidade Penal Regional Palmas \u2013 UPRP e a dificuldade de atendimento jur\u00eddico dos advogados [&hellip;]<\/p>\n","protected":false},"author":2,"featured_media":6703,"comment_status":"open","ping_status":"open","sticky":true,"template":"","format":"standard","meta":{"om_disable_all_campaigns":false,"_monsterinsights_skip_tracking":false,"_monsterinsights_sitenote_active":false,"_monsterinsights_sitenote_note":"","_monsterinsights_sitenote_category":0,"footnotes":""},"categories":[1],"tags":[],"class_list":["post-8484","post","type-post","status-publish","format-standard","has-post-thumbnail","hentry","category-politica"],"yoast_head":"<!-- This site is optimized with the Yoast SEO plugin v27.2 - https:\/\/yoast.com\/product\/yoast-seo-wordpress\/ -->\n<title>OAB\/TO promete acionar Governo do Tocantins por descaso no sistema penal - Jornal Ponto Mais<\/title>\n<meta name=\"robots\" content=\"index, follow, max-snippet:-1, max-image-preview:large, max-video-preview:-1\" \/>\n<link rel=\"canonical\" href=\"https:\/\/jornalpontomais.com\/site\/2023\/07\/11\/oab-to-promete-acionar-governo-do-tocantins-por-descaso-no-sistema-penal\/\" \/>\n<meta property=\"og:locale\" content=\"pt_BR\" \/>\n<meta property=\"og:type\" content=\"article\" \/>\n<meta property=\"og:title\" content=\"OAB\/TO promete acionar Governo do Tocantins por descaso no sistema penal - Jornal Ponto Mais\" \/>\n<meta property=\"og:description\" content=\"O presidente da Ordem dos Advogados do Brasil \u2013 Seccional Tocantins, Gedeon Pitaluga, se reuniu com advogados criminalistas da capital, nesta ter\u00e7a-feira, 11, e estuda entrar com a\u00e7\u00e3o contra o Estado do Tocantins em fun\u00e7\u00e3o da car\u00eancia do efetivo policial na Unidade Penal Regional Palmas \u2013 UPRP e a dificuldade de atendimento jur\u00eddico dos advogados [&hellip;]\" \/>\n<meta property=\"og:url\" content=\"https:\/\/jornalpontomais.com\/site\/2023\/07\/11\/oab-to-promete-acionar-governo-do-tocantins-por-descaso-no-sistema-penal\/\" \/>\n<meta property=\"og:site_name\" content=\"Jornal Ponto Mais\" \/>\n<meta property=\"article:published_time\" content=\"2023-07-11T20:03:39+00:00\" \/>\n<meta property=\"article:modified_time\" content=\"2023-07-11T20:08:25+00:00\" \/>\n<meta property=\"og:image\" content=\"https:\/\/jornalpontomais.com\/site\/wp-content\/uploads\/2023\/03\/GEDEON-COORDENADOR-copy.jpg\" \/>\n\t<meta property=\"og:image:width\" content=\"1280\" \/>\n\t<meta property=\"og:image:height\" content=\"853\" \/>\n\t<meta property=\"og:image:type\" content=\"image\/jpeg\" \/>\n<meta name=\"author\" content=\"Jornal Ponto Mais\" \/>\n<meta name=\"twitter:card\" content=\"summary_large_image\" \/>\n<meta name=\"twitter:label1\" content=\"Escrito por\" \/>\n\t<meta name=\"twitter:data1\" content=\"Jornal Ponto Mais\" \/>\n\t<meta name=\"twitter:label2\" content=\"Est. tempo de leitura\" \/>\n\t<meta name=\"twitter:data2\" content=\"2 minutos\" \/>\n<script type=\"application\/ld+json\" class=\"yoast-schema-graph\">{\"@context\":\"https:\/\/schema.org\",\"@graph\":[{\"@type\":\"Article\",\"@id\":\"https:\/\/jornalpontomais.com\/site\/2023\/07\/11\/oab-to-promete-acionar-governo-do-tocantins-por-descaso-no-sistema-penal\/#article\",\"isPartOf\":{\"@id\":\"https:\/\/jornalpontomais.com\/site\/2023\/07\/11\/oab-to-promete-acionar-governo-do-tocantins-por-descaso-no-sistema-penal\/\"},\"author\":{\"name\":\"Jornal Ponto Mais\",\"@id\":\"https:\/\/jornalpontomais.com\/site\/#\/schema\/person\/18323f0b0f1355f2490721c48389fe9d\"},\"headline\":\"OAB\/TO promete acionar Governo do Tocantins por descaso no sistema penal\",\"datePublished\":\"2023-07-11T20:03:39+00:00\",\"dateModified\":\"2023-07-11T20:08:25+00:00\",\"mainEntityOfPage\":{\"@id\":\"https:\/\/jornalpontomais.com\/site\/2023\/07\/11\/oab-to-promete-acionar-governo-do-tocantins-por-descaso-no-sistema-penal\/\"},\"wordCount\":317,\"commentCount\":0,\"publisher\":{\"@id\":\"https:\/\/jornalpontomais.com\/site\/#organization\"},\"image\":{\"@id\":\"https:\/\/jornalpontomais.com\/site\/2023\/07\/11\/oab-to-promete-acionar-governo-do-tocantins-por-descaso-no-sistema-penal\/#primaryimage\"},\"thumbnailUrl\":\"https:\/\/jornalpontomais.com\/site\/wp-content\/uploads\/2023\/03\/GEDEON-COORDENADOR-copy.jpg\",\"articleSection\":[\"Pol\u00edtica\"],\"inLanguage\":\"pt-BR\",\"potentialAction\":[{\"@type\":\"CommentAction\",\"name\":\"Comment\",\"target\":[\"https:\/\/jornalpontomais.com\/site\/2023\/07\/11\/oab-to-promete-acionar-governo-do-tocantins-por-descaso-no-sistema-penal\/#respond\"]}]},{\"@type\":\"WebPage\",\"@id\":\"https:\/\/jornalpontomais.com\/site\/2023\/07\/11\/oab-to-promete-acionar-governo-do-tocantins-por-descaso-no-sistema-penal\/\",\"url\":\"https:\/\/jornalpontomais.com\/site\/2023\/07\/11\/oab-to-promete-acionar-governo-do-tocantins-por-descaso-no-sistema-penal\/\",\"name\":\"OAB\/TO promete acionar Governo do Tocantins por descaso no sistema penal - Jornal Ponto Mais\",\"isPartOf\":{\"@id\":\"https:\/\/jornalpontomais.com\/site\/#website\"},\"primaryImageOfPage\":{\"@id\":\"https:\/\/jornalpontomais.com\/site\/2023\/07\/11\/oab-to-promete-acionar-governo-do-tocantins-por-descaso-no-sistema-penal\/#primaryimage\"},\"image\":{\"@id\":\"https:\/\/jornalpontomais.com\/site\/2023\/07\/11\/oab-to-promete-acionar-governo-do-tocantins-por-descaso-no-sistema-penal\/#primaryimage\"},\"thumbnailUrl\":\"https:\/\/jornalpontomais.com\/site\/wp-content\/uploads\/2023\/03\/GEDEON-COORDENADOR-copy.jpg\",\"datePublished\":\"2023-07-11T20:03:39+00:00\",\"dateModified\":\"2023-07-11T20:08:25+00:00\",\"breadcrumb\":{\"@id\":\"https:\/\/jornalpontomais.com\/site\/2023\/07\/11\/oab-to-promete-acionar-governo-do-tocantins-por-descaso-no-sistema-penal\/#breadcrumb\"},\"inLanguage\":\"pt-BR\",\"potentialAction\":[{\"@type\":\"ReadAction\",\"target\":[\"https:\/\/jornalpontomais.com\/site\/2023\/07\/11\/oab-to-promete-acionar-governo-do-tocantins-por-descaso-no-sistema-penal\/\"]}]},{\"@type\":\"ImageObject\",\"inLanguage\":\"pt-BR\",\"@id\":\"https:\/\/jornalpontomais.com\/site\/2023\/07\/11\/oab-to-promete-acionar-governo-do-tocantins-por-descaso-no-sistema-penal\/#primaryimage\",\"url\":\"https:\/\/jornalpontomais.com\/site\/wp-content\/uploads\/2023\/03\/GEDEON-COORDENADOR-copy.jpg\",\"contentUrl\":\"https:\/\/jornalpontomais.com\/site\/wp-content\/uploads\/2023\/03\/GEDEON-COORDENADOR-copy.jpg\",\"width\":1280,\"height\":853},{\"@type\":\"BreadcrumbList\",\"@id\":\"https:\/\/jornalpontomais.com\/site\/2023\/07\/11\/oab-to-promete-acionar-governo-do-tocantins-por-descaso-no-sistema-penal\/#breadcrumb\",\"itemListElement\":[{\"@type\":\"ListItem\",\"position\":1,\"name\":\"In\u00edcio\",\"item\":\"https:\/\/jornalpontomais.com\/site\/\"},{\"@type\":\"ListItem\",\"position\":2,\"name\":\"OAB\/TO promete acionar Governo do Tocantins por descaso no sistema penal\"}]},{\"@type\":\"WebSite\",\"@id\":\"https:\/\/jornalpontomais.com\/site\/#website\",\"url\":\"https:\/\/jornalpontomais.com\/site\/\",\"name\":\"Jornal Ponto Mais\",\"description\":\"As principais not\u00edcias do Brasil e do mundo. Confira!\",\"publisher\":{\"@id\":\"https:\/\/jornalpontomais.com\/site\/#organization\"},\"potentialAction\":[{\"@type\":\"SearchAction\",\"target\":{\"@type\":\"EntryPoint\",\"urlTemplate\":\"https:\/\/jornalpontomais.com\/site\/?s={search_term_string}\"},\"query-input\":{\"@type\":\"PropertyValueSpecification\",\"valueRequired\":true,\"valueName\":\"search_term_string\"}}],\"inLanguage\":\"pt-BR\"},{\"@type\":\"Organization\",\"@id\":\"https:\/\/jornalpontomais.com\/site\/#organization\",\"name\":\"Jornal Ponto+\",\"url\":\"https:\/\/jornalpontomais.com\/site\/\",\"logo\":{\"@type\":\"ImageObject\",\"inLanguage\":\"pt-BR\",\"@id\":\"https:\/\/jornalpontomais.com\/site\/#\/schema\/logo\/image\/\",\"url\":\"https:\/\/jornalpontomais.com\/site\/wp-content\/uploads\/2022\/01\/marca.png\",\"contentUrl\":\"https:\/\/jornalpontomais.com\/site\/wp-content\/uploads\/2022\/01\/marca.png\",\"width\":582,\"height\":148,\"caption\":\"Jornal Ponto+\"},\"image\":{\"@id\":\"https:\/\/jornalpontomais.com\/site\/#\/schema\/logo\/image\/\"}},{\"@type\":\"Person\",\"@id\":\"https:\/\/jornalpontomais.com\/site\/#\/schema\/person\/18323f0b0f1355f2490721c48389fe9d\",\"name\":\"Jornal Ponto Mais\",\"image\":{\"@type\":\"ImageObject\",\"inLanguage\":\"pt-BR\",\"@id\":\"https:\/\/secure.gravatar.com\/avatar\/2ee0a9b7fe10fe32bdec8bc086e871e41eb5f4f6ecbcb7b4f2fe0d92d831405f?s=96&d=mm&r=g\",\"url\":\"https:\/\/secure.gravatar.com\/avatar\/2ee0a9b7fe10fe32bdec8bc086e871e41eb5f4f6ecbcb7b4f2fe0d92d831405f?s=96&d=mm&r=g\",\"contentUrl\":\"https:\/\/secure.gravatar.com\/avatar\/2ee0a9b7fe10fe32bdec8bc086e871e41eb5f4f6ecbcb7b4f2fe0d92d831405f?s=96&d=mm&r=g\",\"caption\":\"Jornal Ponto Mais\"},\"sameAs\":[\"https:\/\/jornalpontomais.com\/site\",\"jornalpontomais\"],\"url\":\"https:\/\/jornalpontomais.com\/site\/author\/jornalpontomais\/\"}]}<\/script>\n<!-- \/ Yoast SEO plugin. -->","yoast_head_json":{"title":"OAB\/TO promete acionar Governo do Tocantins por descaso no sistema penal - Jornal Ponto Mais","robots":{"index":"index","follow":"follow","max-snippet":"max-snippet:-1","max-image-preview":"max-image-preview:large","max-video-preview":"max-video-preview:-1"},"canonical":"https:\/\/jornalpontomais.com\/site\/2023\/07\/11\/oab-to-promete-acionar-governo-do-tocantins-por-descaso-no-sistema-penal\/","og_locale":"pt_BR","og_type":"article","og_title":"OAB\/TO promete acionar Governo do Tocantins por descaso no sistema penal - Jornal Ponto Mais","og_description":"O presidente da Ordem dos Advogados do Brasil \u2013 Seccional Tocantins, Gedeon Pitaluga, se reuniu com advogados criminalistas da capital, nesta ter\u00e7a-feira, 11, e estuda entrar com a\u00e7\u00e3o contra o Estado do Tocantins em fun\u00e7\u00e3o da car\u00eancia do efetivo policial na Unidade Penal Regional Palmas \u2013 UPRP e a dificuldade de atendimento jur\u00eddico dos advogados [&hellip;]","og_url":"https:\/\/jornalpontomais.com\/site\/2023\/07\/11\/oab-to-promete-acionar-governo-do-tocantins-por-descaso-no-sistema-penal\/","og_site_name":"Jornal Ponto Mais","article_published_time":"2023-07-11T20:03:39+00:00","article_modified_time":"2023-07-11T20:08:25+00:00","og_image":[{"width":1280,"height":853,"url":"https:\/\/jornalpontomais.com\/site\/wp-content\/uploads\/2023\/03\/GEDEON-COORDENADOR-copy.jpg","type":"image\/jpeg"}],"author":"Jornal Ponto Mais","twitter_card":"summary_large_image","twitter_misc":{"Escrito por":"Jornal Ponto Mais","Est. tempo de leitura":"2 minutos"},"schema":{"@context":"https:\/\/schema.org","@graph":[{"@type":"Article","@id":"https:\/\/jornalpontomais.com\/site\/2023\/07\/11\/oab-to-promete-acionar-governo-do-tocantins-por-descaso-no-sistema-penal\/#article","isPartOf":{"@id":"https:\/\/jornalpontomais.com\/site\/2023\/07\/11\/oab-to-promete-acionar-governo-do-tocantins-por-descaso-no-sistema-penal\/"},"author":{"name":"Jornal Ponto Mais","@id":"https:\/\/jornalpontomais.com\/site\/#\/schema\/person\/18323f0b0f1355f2490721c48389fe9d"},"headline":"OAB\/TO promete acionar Governo do Tocantins por descaso no sistema penal","datePublished":"2023-07-11T20:03:39+00:00","dateModified":"2023-07-11T20:08:25+00:00","mainEntityOfPage":{"@id":"https:\/\/jornalpontomais.com\/site\/2023\/07\/11\/oab-to-promete-acionar-governo-do-tocantins-por-descaso-no-sistema-penal\/"},"wordCount":317,"commentCount":0,"publisher":{"@id":"https:\/\/jornalpontomais.com\/site\/#organization"},"image":{"@id":"https:\/\/jornalpontomais.com\/site\/2023\/07\/11\/oab-to-promete-acionar-governo-do-tocantins-por-descaso-no-sistema-penal\/#primaryimage"},"thumbnailUrl":"https:\/\/jornalpontomais.com\/site\/wp-content\/uploads\/2023\/03\/GEDEON-COORDENADOR-copy.jpg","articleSection":["Pol\u00edtica"],"inLanguage":"pt-BR","potentialAction":[{"@type":"CommentAction","name":"Comment","target":["https:\/\/jornalpontomais.com\/site\/2023\/07\/11\/oab-to-promete-acionar-governo-do-tocantins-por-descaso-no-sistema-penal\/#respond"]}]},{"@type":"WebPage","@id":"https:\/\/jornalpontomais.com\/site\/2023\/07\/11\/oab-to-promete-acionar-governo-do-tocantins-por-descaso-no-sistema-penal\/","url":"https:\/\/jornalpontomais.com\/site\/2023\/07\/11\/oab-to-promete-acionar-governo-do-tocantins-por-descaso-no-sistema-penal\/","name":"OAB\/TO promete acionar Governo do Tocantins por descaso no sistema penal - Jornal Ponto Mais","isPartOf":{"@id":"https:\/\/jornalpontomais.com\/site\/#website"},"primaryImageOfPage":{"@id":"https:\/\/jornalpontomais.com\/site\/2023\/07\/11\/oab-to-promete-acionar-governo-do-tocantins-por-descaso-no-sistema-penal\/#primaryimage"},"image":{"@id":"https:\/\/jornalpontomais.com\/site\/2023\/07\/11\/oab-to-promete-acionar-governo-do-tocantins-por-descaso-no-sistema-penal\/#primaryimage"},"thumbnailUrl":"https:\/\/jornalpontomais.com\/site\/wp-content\/uploads\/2023\/03\/GEDEON-COORDENADOR-copy.jpg","datePublished":"2023-07-11T20:03:39+00:00","dateModified":"2023-07-11T20:08:25+00:00","breadcrumb":{"@id":"https:\/\/jornalpontomais.com\/site\/2023\/07\/11\/oab-to-promete-acionar-governo-do-tocantins-por-descaso-no-sistema-penal\/#breadcrumb"},"inLanguage":"pt-BR","potentialAction":[{"@type":"ReadAction","target":["https:\/\/jornalpontomais.com\/site\/2023\/07\/11\/oab-to-promete-acionar-governo-do-tocantins-por-descaso-no-sistema-penal\/"]}]},{"@type":"ImageObject","inLanguage":"pt-BR","@id":"https:\/\/jornalpontomais.com\/site\/2023\/07\/11\/oab-to-promete-acionar-governo-do-tocantins-por-descaso-no-sistema-penal\/#primaryimage","url":"https:\/\/jornalpontomais.com\/site\/wp-content\/uploads\/2023\/03\/GEDEON-COORDENADOR-copy.jpg","contentUrl":"https:\/\/jornalpontomais.com\/site\/wp-content\/uploads\/2023\/03\/GEDEON-COORDENADOR-copy.jpg","width":1280,"height":853},{"@type":"BreadcrumbList","@id":"https:\/\/jornalpontomais.com\/site\/2023\/07\/11\/oab-to-promete-acionar-governo-do-tocantins-por-descaso-no-sistema-penal\/#breadcrumb","itemListElement":[{"@type":"ListItem","position":1,"name":"In\u00edcio","item":"https:\/\/jornalpontomais.com\/site\/"},{"@type":"ListItem","position":2,"name":"OAB\/TO promete acionar Governo do Tocantins por descaso no sistema penal"}]},{"@type":"WebSite","@id":"https:\/\/jornalpontomais.com\/site\/#website","url":"https:\/\/jornalpontomais.com\/site\/","name":"Jornal Ponto Mais","description":"As principais not\u00edcias do Brasil e do mundo. Confira!","publisher":{"@id":"https:\/\/jornalpontomais.com\/site\/#organization"},"potentialAction":[{"@type":"SearchAction","target":{"@type":"EntryPoint","urlTemplate":"https:\/\/jornalpontomais.com\/site\/?s={search_term_string}"},"query-input":{"@type":"PropertyValueSpecification","valueRequired":true,"valueName":"search_term_string"}}],"inLanguage":"pt-BR"},{"@type":"Organization","@id":"https:\/\/jornalpontomais.com\/site\/#organization","name":"Jornal Ponto+","url":"https:\/\/jornalpontomais.com\/site\/","logo":{"@type":"ImageObject","inLanguage":"pt-BR","@id":"https:\/\/jornalpontomais.com\/site\/#\/schema\/logo\/image\/","url":"https:\/\/jornalpontomais.com\/site\/wp-content\/uploads\/2022\/01\/marca.png","contentUrl":"https:\/\/jornalpontomais.com\/site\/wp-content\/uploads\/2022\/01\/marca.png","width":582,"height":148,"caption":"Jornal Ponto+"},"image":{"@id":"https:\/\/jornalpontomais.com\/site\/#\/schema\/logo\/image\/"}},{"@type":"Person","@id":"https:\/\/jornalpontomais.com\/site\/#\/schema\/person\/18323f0b0f1355f2490721c48389fe9d","name":"Jornal Ponto Mais","image":{"@type":"ImageObject","inLanguage":"pt-BR","@id":"https:\/\/secure.gravatar.com\/avatar\/2ee0a9b7fe10fe32bdec8bc086e871e41eb5f4f6ecbcb7b4f2fe0d92d831405f?s=96&d=mm&r=g","url":"https:\/\/secure.gravatar.com\/avatar\/2ee0a9b7fe10fe32bdec8bc086e871e41eb5f4f6ecbcb7b4f2fe0d92d831405f?s=96&d=mm&r=g","contentUrl":"https:\/\/secure.gravatar.com\/avatar\/2ee0a9b7fe10fe32bdec8bc086e871e41eb5f4f6ecbcb7b4f2fe0d92d831405f?s=96&d=mm&r=g","caption":"Jornal Ponto Mais"},"sameAs":["https:\/\/jornalpontomais.com\/site","jornalpontomais"],"url":"https:\/\/jornalpontomais.com\/site\/author\/jornalpontomais\/"}]}},"_links":{"self":[{"href":"https:\/\/jornalpontomais.com\/site\/wp-json\/wp\/v2\/posts\/8484","targetHints":{"allow":["GET"]}}],"collection":[{"href":"https:\/\/jornalpontomais.com\/site\/wp-json\/wp\/v2\/posts"}],"about":[{"href":"https:\/\/jornalpontomais.com\/site\/wp-json\/wp\/v2\/types\/post"}],"author":[{"embeddable":true,"href":"https:\/\/jornalpontomais.com\/site\/wp-json\/wp\/v2\/users\/2"}],"replies":[{"embeddable":true,"href":"https:\/\/jornalpontomais.com\/site\/wp-json\/wp\/v2\/comments?post=8484"}],"version-history":[{"count":1,"href":"https:\/\/jornalpontomais.com\/site\/wp-json\/wp\/v2\/posts\/8484\/revisions"}],"predecessor-version":[{"id":8486,"href":"https:\/\/jornalpontomais.com\/site\/wp-json\/wp\/v2\/posts\/8484\/revisions\/8486"}],"wp:featuredmedia":[{"embeddable":true,"href":"https:\/\/jornalpontomais.com\/site\/wp-json\/wp\/v2\/media\/6703"}],"wp:attachment":[{"href":"https:\/\/jornalpontomais.com\/site\/wp-json\/wp\/v2\/media?parent=8484"}],"wp:term":[{"taxonomy":"category","embeddable":true,"href":"https:\/\/jornalpontomais.com\/site\/wp-json\/wp\/v2\/categories?post=8484"},{"taxonomy":"post_tag","embeddable":true,"href":"https:\/\/jornalpontomais.com\/site\/wp-json\/wp\/v2\/tags?post=8484"}],"curies":[{"name":"wp","href":"https:\/\/api.w.org\/{rel}","templated":true}]}}