{"id":7927,"date":"2023-06-12T10:22:05","date_gmt":"2023-06-12T13:22:05","guid":{"rendered":"https:\/\/jornalpontomais.com\/site\/?p=7927"},"modified":"2023-06-12T10:22:28","modified_gmt":"2023-06-12T13:22:28","slug":"aprovacao-do-governo-lula-apresenta-queda-indica-pesquisa-ipec","status":"publish","type":"post","link":"https:\/\/jornalpontomais.com\/site\/2023\/06\/12\/aprovacao-do-governo-lula-apresenta-queda-indica-pesquisa-ipec\/","title":{"rendered":"Aprova\u00e7\u00e3o do governo Lula apresenta queda, indica pesquisa Ipec"},"content":{"rendered":"\n<p>Uma nova pesquisa do instituto Ipec (antigo Ibope) revelou uma leve queda na aprova\u00e7\u00e3o do governo do ex-presidente Lula em rela\u00e7\u00e3o ao levantamento realizado em abril. Segundo os dados divulgados pelo jornal O Globo, a aprova\u00e7\u00e3o da gest\u00e3o petista passou de 39% para 37%, dentro da margem de erro de dois pontos percentuais para mais ou para menos. Apesar disso, essa varia\u00e7\u00e3o indica uma tend\u00eancia de queda na aprova\u00e7\u00e3o. A porcentagem da popula\u00e7\u00e3o que considera o governo federal ruim ou p\u00e9ssimo foi de 26% para 28%, enquanto a avalia\u00e7\u00e3o regular subiu de 30% para 32%.<\/p>\n\n\n\n<p><br><\/p>\n\n\n\n<p>A pesquisa, realizada entre os dias 1\u00ba e 5 de junho, mostra que a diferen\u00e7a entre o grupo que aprova e o que desaprova o governo diminuiu. No primeiro levantamento do instituto, feito em mar\u00e7o, essa diferen\u00e7a era de 17 pontos percentuais, e agora passou para 9 pontos.<\/p>\n\n\n\n<p><br><\/p>\n\n\n\n<p>No Nordeste, regi\u00e3o em que Lula venceu a disputa com o ex-presidente Jair Bolsonaro no segundo turno, a aprova\u00e7\u00e3o do petista caiu de 55% para 45% em rela\u00e7\u00e3o a abril. J\u00e1 no Norte e no Centro-Oeste, onde Bolsonaro enfrenta as piores taxas de reprova\u00e7\u00e3o, o \u00edndice de pessoas que consideram a administra\u00e7\u00e3o ruim ou p\u00e9ssima subiu de 21% para 33% nos \u00faltimos dois meses.<\/p>\n\n\n\n<p><br><\/p>\n\n\n\n<p>Quanto \u00e0 renda dos entrevistados, a pesquisa revelou que a taxa de aprova\u00e7\u00e3o do governo foi maior entre os mais pobres, que ganham at\u00e9 um sal\u00e1rio m\u00ednimo. Nesse grupo, a aprova\u00e7\u00e3o passou de 53% em abril para 43% agora, uma queda acentuada. J\u00e1 entre os mais ricos, que ganham mais de cinco sal\u00e1rios m\u00ednimos, a avalia\u00e7\u00e3o positiva de Lula subiu de 30% em abril para 36% neste levantamento.<\/p>\n\n\n\n<p><br><\/p>\n\n\n\n<p>Al\u00e9m disso, o levantamento mostrou que 53% dos entrevistados aprovam a maneira de Lula governar, enquanto 40% desaprovam. \u00c9 importante ressaltar que nessa quest\u00e3o os entrevistados t\u00eam apenas a op\u00e7\u00e3o de dizer se aprovam ou desaprovam, sem a possibilidade de escolher a op\u00e7\u00e3o &#8220;regular&#8221;, por exemplo. Em mar\u00e7o, a taxa de aprova\u00e7\u00e3o era de 57%, enquanto a de desaprova\u00e7\u00e3o era de 35%.<\/p>\n\n\n\n<p><br><\/p>\n\n\n\n<p>Os resultados da pesquisa Ipec indicam uma ligeira queda na aprova\u00e7\u00e3o do governo Lula, com a diminui\u00e7\u00e3o da diferen\u00e7a entre os grupos que aprovam e desaprovam sua gest\u00e3o. A varia\u00e7\u00e3o nos n\u00fameros sugere a necessidade de aten\u00e7\u00e3o por parte do ex-presidente para manter e conquistar o apoio dos eleitores em diferentes regi\u00f5es do pa\u00eds e faixas de renda.<\/p>\n","protected":false},"excerpt":{"rendered":"<p>Uma nova pesquisa do instituto Ipec (antigo Ibope) revelou uma leve queda na aprova\u00e7\u00e3o do governo do ex-presidente Lula em rela\u00e7\u00e3o ao levantamento realizado em abril. Segundo os dados divulgados pelo jornal O Globo, a aprova\u00e7\u00e3o da gest\u00e3o petista passou de 39% para 37%, dentro da margem de erro de dois pontos percentuais para mais [&hellip;]<\/p>\n","protected":false},"author":2,"featured_media":7640,"comment_status":"open","ping_status":"open","sticky":true,"template":"","format":"standard","meta":{"om_disable_all_campaigns":false,"_monsterinsights_skip_tracking":false,"_monsterinsights_sitenote_active":false,"_monsterinsights_sitenote_note":"","_monsterinsights_sitenote_category":0,"footnotes":""},"categories":[1],"tags":[],"class_list":["post-7927","post","type-post","status-publish","format-standard","has-post-thumbnail","hentry","category-politica"],"yoast_head":"<!-- This site is optimized with the Yoast SEO plugin v27.2 - https:\/\/yoast.com\/product\/yoast-seo-wordpress\/ -->\n<title>Aprova\u00e7\u00e3o do governo Lula apresenta queda, indica pesquisa Ipec - Jornal Ponto Mais<\/title>\n<meta name=\"robots\" content=\"index, follow, max-snippet:-1, max-image-preview:large, max-video-preview:-1\" \/>\n<link rel=\"canonical\" href=\"https:\/\/jornalpontomais.com\/site\/2023\/06\/12\/aprovacao-do-governo-lula-apresenta-queda-indica-pesquisa-ipec\/\" \/>\n<meta property=\"og:locale\" content=\"pt_BR\" \/>\n<meta property=\"og:type\" content=\"article\" \/>\n<meta property=\"og:title\" content=\"Aprova\u00e7\u00e3o do governo Lula apresenta queda, indica pesquisa Ipec - Jornal Ponto Mais\" \/>\n<meta property=\"og:description\" content=\"Uma nova pesquisa do instituto Ipec (antigo Ibope) revelou uma leve queda na aprova\u00e7\u00e3o do governo do ex-presidente Lula em rela\u00e7\u00e3o ao levantamento realizado em abril. Segundo os dados divulgados pelo jornal O Globo, a aprova\u00e7\u00e3o da gest\u00e3o petista passou de 39% para 37%, dentro da margem de erro de dois pontos percentuais para mais [&hellip;]\" \/>\n<meta property=\"og:url\" content=\"https:\/\/jornalpontomais.com\/site\/2023\/06\/12\/aprovacao-do-governo-lula-apresenta-queda-indica-pesquisa-ipec\/\" \/>\n<meta property=\"og:site_name\" content=\"Jornal Ponto Mais\" \/>\n<meta property=\"article:published_time\" content=\"2023-06-12T13:22:05+00:00\" \/>\n<meta property=\"article:modified_time\" content=\"2023-06-12T13:22:28+00:00\" \/>\n<meta property=\"og:image\" content=\"https:\/\/jornalpontomais.com\/site\/wp-content\/uploads\/2023\/05\/lula_-silva.jpeg\" \/>\n\t<meta property=\"og:image:width\" content=\"1200\" \/>\n\t<meta property=\"og:image:height\" content=\"900\" \/>\n\t<meta property=\"og:image:type\" content=\"image\/jpeg\" \/>\n<meta name=\"author\" content=\"Jornal Ponto Mais\" \/>\n<meta name=\"twitter:card\" content=\"summary_large_image\" \/>\n<meta name=\"twitter:label1\" content=\"Escrito por\" \/>\n\t<meta name=\"twitter:data1\" content=\"Jornal Ponto Mais\" \/>\n\t<meta name=\"twitter:label2\" content=\"Est. tempo de leitura\" \/>\n\t<meta name=\"twitter:data2\" content=\"3 minutos\" \/>\n<script type=\"application\/ld+json\" class=\"yoast-schema-graph\">{\"@context\":\"https:\/\/schema.org\",\"@graph\":[{\"@type\":\"Article\",\"@id\":\"https:\/\/jornalpontomais.com\/site\/2023\/06\/12\/aprovacao-do-governo-lula-apresenta-queda-indica-pesquisa-ipec\/#article\",\"isPartOf\":{\"@id\":\"https:\/\/jornalpontomais.com\/site\/2023\/06\/12\/aprovacao-do-governo-lula-apresenta-queda-indica-pesquisa-ipec\/\"},\"author\":{\"name\":\"Jornal Ponto Mais\",\"@id\":\"https:\/\/jornalpontomais.com\/site\/#\/schema\/person\/18323f0b0f1355f2490721c48389fe9d\"},\"headline\":\"Aprova\u00e7\u00e3o do governo Lula apresenta queda, indica pesquisa Ipec\",\"datePublished\":\"2023-06-12T13:22:05+00:00\",\"dateModified\":\"2023-06-12T13:22:28+00:00\",\"mainEntityOfPage\":{\"@id\":\"https:\/\/jornalpontomais.com\/site\/2023\/06\/12\/aprovacao-do-governo-lula-apresenta-queda-indica-pesquisa-ipec\/\"},\"wordCount\":424,\"commentCount\":0,\"publisher\":{\"@id\":\"https:\/\/jornalpontomais.com\/site\/#organization\"},\"image\":{\"@id\":\"https:\/\/jornalpontomais.com\/site\/2023\/06\/12\/aprovacao-do-governo-lula-apresenta-queda-indica-pesquisa-ipec\/#primaryimage\"},\"thumbnailUrl\":\"https:\/\/jornalpontomais.com\/site\/wp-content\/uploads\/2023\/05\/lula_-silva.jpeg\",\"articleSection\":[\"Pol\u00edtica\"],\"inLanguage\":\"pt-BR\",\"potentialAction\":[{\"@type\":\"CommentAction\",\"name\":\"Comment\",\"target\":[\"https:\/\/jornalpontomais.com\/site\/2023\/06\/12\/aprovacao-do-governo-lula-apresenta-queda-indica-pesquisa-ipec\/#respond\"]}]},{\"@type\":\"WebPage\",\"@id\":\"https:\/\/jornalpontomais.com\/site\/2023\/06\/12\/aprovacao-do-governo-lula-apresenta-queda-indica-pesquisa-ipec\/\",\"url\":\"https:\/\/jornalpontomais.com\/site\/2023\/06\/12\/aprovacao-do-governo-lula-apresenta-queda-indica-pesquisa-ipec\/\",\"name\":\"Aprova\u00e7\u00e3o do governo Lula apresenta queda, indica pesquisa Ipec - Jornal Ponto Mais\",\"isPartOf\":{\"@id\":\"https:\/\/jornalpontomais.com\/site\/#website\"},\"primaryImageOfPage\":{\"@id\":\"https:\/\/jornalpontomais.com\/site\/2023\/06\/12\/aprovacao-do-governo-lula-apresenta-queda-indica-pesquisa-ipec\/#primaryimage\"},\"image\":{\"@id\":\"https:\/\/jornalpontomais.com\/site\/2023\/06\/12\/aprovacao-do-governo-lula-apresenta-queda-indica-pesquisa-ipec\/#primaryimage\"},\"thumbnailUrl\":\"https:\/\/jornalpontomais.com\/site\/wp-content\/uploads\/2023\/05\/lula_-silva.jpeg\",\"datePublished\":\"2023-06-12T13:22:05+00:00\",\"dateModified\":\"2023-06-12T13:22:28+00:00\",\"breadcrumb\":{\"@id\":\"https:\/\/jornalpontomais.com\/site\/2023\/06\/12\/aprovacao-do-governo-lula-apresenta-queda-indica-pesquisa-ipec\/#breadcrumb\"},\"inLanguage\":\"pt-BR\",\"potentialAction\":[{\"@type\":\"ReadAction\",\"target\":[\"https:\/\/jornalpontomais.com\/site\/2023\/06\/12\/aprovacao-do-governo-lula-apresenta-queda-indica-pesquisa-ipec\/\"]}]},{\"@type\":\"ImageObject\",\"inLanguage\":\"pt-BR\",\"@id\":\"https:\/\/jornalpontomais.com\/site\/2023\/06\/12\/aprovacao-do-governo-lula-apresenta-queda-indica-pesquisa-ipec\/#primaryimage\",\"url\":\"https:\/\/jornalpontomais.com\/site\/wp-content\/uploads\/2023\/05\/lula_-silva.jpeg\",\"contentUrl\":\"https:\/\/jornalpontomais.com\/site\/wp-content\/uploads\/2023\/05\/lula_-silva.jpeg\",\"width\":1200,\"height\":900},{\"@type\":\"BreadcrumbList\",\"@id\":\"https:\/\/jornalpontomais.com\/site\/2023\/06\/12\/aprovacao-do-governo-lula-apresenta-queda-indica-pesquisa-ipec\/#breadcrumb\",\"itemListElement\":[{\"@type\":\"ListItem\",\"position\":1,\"name\":\"In\u00edcio\",\"item\":\"https:\/\/jornalpontomais.com\/site\/\"},{\"@type\":\"ListItem\",\"position\":2,\"name\":\"Aprova\u00e7\u00e3o do governo Lula apresenta queda, indica pesquisa Ipec\"}]},{\"@type\":\"WebSite\",\"@id\":\"https:\/\/jornalpontomais.com\/site\/#website\",\"url\":\"https:\/\/jornalpontomais.com\/site\/\",\"name\":\"Jornal Ponto Mais\",\"description\":\"As principais not\u00edcias do Brasil e do mundo. Confira!\",\"publisher\":{\"@id\":\"https:\/\/jornalpontomais.com\/site\/#organization\"},\"potentialAction\":[{\"@type\":\"SearchAction\",\"target\":{\"@type\":\"EntryPoint\",\"urlTemplate\":\"https:\/\/jornalpontomais.com\/site\/?s={search_term_string}\"},\"query-input\":{\"@type\":\"PropertyValueSpecification\",\"valueRequired\":true,\"valueName\":\"search_term_string\"}}],\"inLanguage\":\"pt-BR\"},{\"@type\":\"Organization\",\"@id\":\"https:\/\/jornalpontomais.com\/site\/#organization\",\"name\":\"Jornal Ponto+\",\"url\":\"https:\/\/jornalpontomais.com\/site\/\",\"logo\":{\"@type\":\"ImageObject\",\"inLanguage\":\"pt-BR\",\"@id\":\"https:\/\/jornalpontomais.com\/site\/#\/schema\/logo\/image\/\",\"url\":\"https:\/\/jornalpontomais.com\/site\/wp-content\/uploads\/2022\/01\/marca.png\",\"contentUrl\":\"https:\/\/jornalpontomais.com\/site\/wp-content\/uploads\/2022\/01\/marca.png\",\"width\":582,\"height\":148,\"caption\":\"Jornal Ponto+\"},\"image\":{\"@id\":\"https:\/\/jornalpontomais.com\/site\/#\/schema\/logo\/image\/\"}},{\"@type\":\"Person\",\"@id\":\"https:\/\/jornalpontomais.com\/site\/#\/schema\/person\/18323f0b0f1355f2490721c48389fe9d\",\"name\":\"Jornal Ponto Mais\",\"image\":{\"@type\":\"ImageObject\",\"inLanguage\":\"pt-BR\",\"@id\":\"https:\/\/secure.gravatar.com\/avatar\/2ee0a9b7fe10fe32bdec8bc086e871e41eb5f4f6ecbcb7b4f2fe0d92d831405f?s=96&d=mm&r=g\",\"url\":\"https:\/\/secure.gravatar.com\/avatar\/2ee0a9b7fe10fe32bdec8bc086e871e41eb5f4f6ecbcb7b4f2fe0d92d831405f?s=96&d=mm&r=g\",\"contentUrl\":\"https:\/\/secure.gravatar.com\/avatar\/2ee0a9b7fe10fe32bdec8bc086e871e41eb5f4f6ecbcb7b4f2fe0d92d831405f?s=96&d=mm&r=g\",\"caption\":\"Jornal Ponto Mais\"},\"sameAs\":[\"https:\/\/jornalpontomais.com\/site\",\"jornalpontomais\"],\"url\":\"https:\/\/jornalpontomais.com\/site\/author\/jornalpontomais\/\"}]}<\/script>\n<!-- \/ Yoast SEO plugin. -->","yoast_head_json":{"title":"Aprova\u00e7\u00e3o do governo Lula apresenta queda, indica pesquisa Ipec - Jornal Ponto Mais","robots":{"index":"index","follow":"follow","max-snippet":"max-snippet:-1","max-image-preview":"max-image-preview:large","max-video-preview":"max-video-preview:-1"},"canonical":"https:\/\/jornalpontomais.com\/site\/2023\/06\/12\/aprovacao-do-governo-lula-apresenta-queda-indica-pesquisa-ipec\/","og_locale":"pt_BR","og_type":"article","og_title":"Aprova\u00e7\u00e3o do governo Lula apresenta queda, indica pesquisa Ipec - Jornal Ponto Mais","og_description":"Uma nova pesquisa do instituto Ipec (antigo Ibope) revelou uma leve queda na aprova\u00e7\u00e3o do governo do ex-presidente Lula em rela\u00e7\u00e3o ao levantamento realizado em abril. Segundo os dados divulgados pelo jornal O Globo, a aprova\u00e7\u00e3o da gest\u00e3o petista passou de 39% para 37%, dentro da margem de erro de dois pontos percentuais para mais [&hellip;]","og_url":"https:\/\/jornalpontomais.com\/site\/2023\/06\/12\/aprovacao-do-governo-lula-apresenta-queda-indica-pesquisa-ipec\/","og_site_name":"Jornal Ponto Mais","article_published_time":"2023-06-12T13:22:05+00:00","article_modified_time":"2023-06-12T13:22:28+00:00","og_image":[{"width":1200,"height":900,"url":"https:\/\/jornalpontomais.com\/site\/wp-content\/uploads\/2023\/05\/lula_-silva.jpeg","type":"image\/jpeg"}],"author":"Jornal Ponto Mais","twitter_card":"summary_large_image","twitter_misc":{"Escrito por":"Jornal Ponto Mais","Est. tempo de leitura":"3 minutos"},"schema":{"@context":"https:\/\/schema.org","@graph":[{"@type":"Article","@id":"https:\/\/jornalpontomais.com\/site\/2023\/06\/12\/aprovacao-do-governo-lula-apresenta-queda-indica-pesquisa-ipec\/#article","isPartOf":{"@id":"https:\/\/jornalpontomais.com\/site\/2023\/06\/12\/aprovacao-do-governo-lula-apresenta-queda-indica-pesquisa-ipec\/"},"author":{"name":"Jornal Ponto Mais","@id":"https:\/\/jornalpontomais.com\/site\/#\/schema\/person\/18323f0b0f1355f2490721c48389fe9d"},"headline":"Aprova\u00e7\u00e3o do governo Lula apresenta queda, indica pesquisa Ipec","datePublished":"2023-06-12T13:22:05+00:00","dateModified":"2023-06-12T13:22:28+00:00","mainEntityOfPage":{"@id":"https:\/\/jornalpontomais.com\/site\/2023\/06\/12\/aprovacao-do-governo-lula-apresenta-queda-indica-pesquisa-ipec\/"},"wordCount":424,"commentCount":0,"publisher":{"@id":"https:\/\/jornalpontomais.com\/site\/#organization"},"image":{"@id":"https:\/\/jornalpontomais.com\/site\/2023\/06\/12\/aprovacao-do-governo-lula-apresenta-queda-indica-pesquisa-ipec\/#primaryimage"},"thumbnailUrl":"https:\/\/jornalpontomais.com\/site\/wp-content\/uploads\/2023\/05\/lula_-silva.jpeg","articleSection":["Pol\u00edtica"],"inLanguage":"pt-BR","potentialAction":[{"@type":"CommentAction","name":"Comment","target":["https:\/\/jornalpontomais.com\/site\/2023\/06\/12\/aprovacao-do-governo-lula-apresenta-queda-indica-pesquisa-ipec\/#respond"]}]},{"@type":"WebPage","@id":"https:\/\/jornalpontomais.com\/site\/2023\/06\/12\/aprovacao-do-governo-lula-apresenta-queda-indica-pesquisa-ipec\/","url":"https:\/\/jornalpontomais.com\/site\/2023\/06\/12\/aprovacao-do-governo-lula-apresenta-queda-indica-pesquisa-ipec\/","name":"Aprova\u00e7\u00e3o do governo Lula apresenta queda, indica pesquisa Ipec - Jornal Ponto Mais","isPartOf":{"@id":"https:\/\/jornalpontomais.com\/site\/#website"},"primaryImageOfPage":{"@id":"https:\/\/jornalpontomais.com\/site\/2023\/06\/12\/aprovacao-do-governo-lula-apresenta-queda-indica-pesquisa-ipec\/#primaryimage"},"image":{"@id":"https:\/\/jornalpontomais.com\/site\/2023\/06\/12\/aprovacao-do-governo-lula-apresenta-queda-indica-pesquisa-ipec\/#primaryimage"},"thumbnailUrl":"https:\/\/jornalpontomais.com\/site\/wp-content\/uploads\/2023\/05\/lula_-silva.jpeg","datePublished":"2023-06-12T13:22:05+00:00","dateModified":"2023-06-12T13:22:28+00:00","breadcrumb":{"@id":"https:\/\/jornalpontomais.com\/site\/2023\/06\/12\/aprovacao-do-governo-lula-apresenta-queda-indica-pesquisa-ipec\/#breadcrumb"},"inLanguage":"pt-BR","potentialAction":[{"@type":"ReadAction","target":["https:\/\/jornalpontomais.com\/site\/2023\/06\/12\/aprovacao-do-governo-lula-apresenta-queda-indica-pesquisa-ipec\/"]}]},{"@type":"ImageObject","inLanguage":"pt-BR","@id":"https:\/\/jornalpontomais.com\/site\/2023\/06\/12\/aprovacao-do-governo-lula-apresenta-queda-indica-pesquisa-ipec\/#primaryimage","url":"https:\/\/jornalpontomais.com\/site\/wp-content\/uploads\/2023\/05\/lula_-silva.jpeg","contentUrl":"https:\/\/jornalpontomais.com\/site\/wp-content\/uploads\/2023\/05\/lula_-silva.jpeg","width":1200,"height":900},{"@type":"BreadcrumbList","@id":"https:\/\/jornalpontomais.com\/site\/2023\/06\/12\/aprovacao-do-governo-lula-apresenta-queda-indica-pesquisa-ipec\/#breadcrumb","itemListElement":[{"@type":"ListItem","position":1,"name":"In\u00edcio","item":"https:\/\/jornalpontomais.com\/site\/"},{"@type":"ListItem","position":2,"name":"Aprova\u00e7\u00e3o do governo Lula apresenta queda, indica pesquisa Ipec"}]},{"@type":"WebSite","@id":"https:\/\/jornalpontomais.com\/site\/#website","url":"https:\/\/jornalpontomais.com\/site\/","name":"Jornal Ponto Mais","description":"As principais not\u00edcias do Brasil e do mundo. Confira!","publisher":{"@id":"https:\/\/jornalpontomais.com\/site\/#organization"},"potentialAction":[{"@type":"SearchAction","target":{"@type":"EntryPoint","urlTemplate":"https:\/\/jornalpontomais.com\/site\/?s={search_term_string}"},"query-input":{"@type":"PropertyValueSpecification","valueRequired":true,"valueName":"search_term_string"}}],"inLanguage":"pt-BR"},{"@type":"Organization","@id":"https:\/\/jornalpontomais.com\/site\/#organization","name":"Jornal Ponto+","url":"https:\/\/jornalpontomais.com\/site\/","logo":{"@type":"ImageObject","inLanguage":"pt-BR","@id":"https:\/\/jornalpontomais.com\/site\/#\/schema\/logo\/image\/","url":"https:\/\/jornalpontomais.com\/site\/wp-content\/uploads\/2022\/01\/marca.png","contentUrl":"https:\/\/jornalpontomais.com\/site\/wp-content\/uploads\/2022\/01\/marca.png","width":582,"height":148,"caption":"Jornal Ponto+"},"image":{"@id":"https:\/\/jornalpontomais.com\/site\/#\/schema\/logo\/image\/"}},{"@type":"Person","@id":"https:\/\/jornalpontomais.com\/site\/#\/schema\/person\/18323f0b0f1355f2490721c48389fe9d","name":"Jornal Ponto Mais","image":{"@type":"ImageObject","inLanguage":"pt-BR","@id":"https:\/\/secure.gravatar.com\/avatar\/2ee0a9b7fe10fe32bdec8bc086e871e41eb5f4f6ecbcb7b4f2fe0d92d831405f?s=96&d=mm&r=g","url":"https:\/\/secure.gravatar.com\/avatar\/2ee0a9b7fe10fe32bdec8bc086e871e41eb5f4f6ecbcb7b4f2fe0d92d831405f?s=96&d=mm&r=g","contentUrl":"https:\/\/secure.gravatar.com\/avatar\/2ee0a9b7fe10fe32bdec8bc086e871e41eb5f4f6ecbcb7b4f2fe0d92d831405f?s=96&d=mm&r=g","caption":"Jornal Ponto Mais"},"sameAs":["https:\/\/jornalpontomais.com\/site","jornalpontomais"],"url":"https:\/\/jornalpontomais.com\/site\/author\/jornalpontomais\/"}]}},"_links":{"self":[{"href":"https:\/\/jornalpontomais.com\/site\/wp-json\/wp\/v2\/posts\/7927","targetHints":{"allow":["GET"]}}],"collection":[{"href":"https:\/\/jornalpontomais.com\/site\/wp-json\/wp\/v2\/posts"}],"about":[{"href":"https:\/\/jornalpontomais.com\/site\/wp-json\/wp\/v2\/types\/post"}],"author":[{"embeddable":true,"href":"https:\/\/jornalpontomais.com\/site\/wp-json\/wp\/v2\/users\/2"}],"replies":[{"embeddable":true,"href":"https:\/\/jornalpontomais.com\/site\/wp-json\/wp\/v2\/comments?post=7927"}],"version-history":[{"count":1,"href":"https:\/\/jornalpontomais.com\/site\/wp-json\/wp\/v2\/posts\/7927\/revisions"}],"predecessor-version":[{"id":7928,"href":"https:\/\/jornalpontomais.com\/site\/wp-json\/wp\/v2\/posts\/7927\/revisions\/7928"}],"wp:featuredmedia":[{"embeddable":true,"href":"https:\/\/jornalpontomais.com\/site\/wp-json\/wp\/v2\/media\/7640"}],"wp:attachment":[{"href":"https:\/\/jornalpontomais.com\/site\/wp-json\/wp\/v2\/media?parent=7927"}],"wp:term":[{"taxonomy":"category","embeddable":true,"href":"https:\/\/jornalpontomais.com\/site\/wp-json\/wp\/v2\/categories?post=7927"},{"taxonomy":"post_tag","embeddable":true,"href":"https:\/\/jornalpontomais.com\/site\/wp-json\/wp\/v2\/tags?post=7927"}],"curies":[{"name":"wp","href":"https:\/\/api.w.org\/{rel}","templated":true}]}}