{"id":7801,"date":"2023-06-01T18:15:47","date_gmt":"2023-06-01T21:15:47","guid":{"rendered":"https:\/\/jornalpontomais.com\/site\/?p=7801"},"modified":"2023-06-01T18:15:48","modified_gmt":"2023-06-01T21:15:48","slug":"goias-entre-os-que-mais-geraram-emprego-no-pais-em-abril","status":"publish","type":"post","link":"https:\/\/jornalpontomais.com\/site\/2023\/06\/01\/goias-entre-os-que-mais-geraram-emprego-no-pais-em-abril\/","title":{"rendered":"Goi\u00e1s entre os que mais geraram emprego no pa\u00eds em abril"},"content":{"rendered":"\n<p>Goi\u00e1s lidera a gera\u00e7\u00e3o de empregos na regi\u00e3o Centro-Oeste e ocupa a quarta posi\u00e7\u00e3o no ranking nacional, de acordo com os dados divulgados pelo Cadastro Geral de Empregados e Desempregados (Caged) do Minist\u00e9rio do Trabalho e da Previd\u00eancia. No m\u00eas de abril, o estado registrou um saldo positivo de 11.925 postos de trabalho formais com carteira assinada.<\/p>\n\n\n\n<p><br><\/p>\n\n\n\n<p>Com 77.780 admiss\u00f5es e 65.855 desligamentos, Goi\u00e1s mostrou-se como um importante gerador de empregos no pa\u00eds. Setores como servi\u00e7os, ind\u00fastria e constru\u00e7\u00e3o foram fundamentais para impulsionar a economia goiana.<\/p>\n\n\n\n<p><br><\/p>\n\n\n\n<p>O setor de servi\u00e7os liderou a gera\u00e7\u00e3o de empregos, com 3.844 vagas formais criadas em abril. Em seguida, a ind\u00fastria contribuiu com 2.841 oportunidades, seguida pela constru\u00e7\u00e3o com 2.531 vagas. A agropecu\u00e1ria e o com\u00e9rcio tamb\u00e9m tiveram um desempenho positivo, gerando 2.317 e 392 vagas, respectivamente.<\/p>\n\n\n\n<p><br><\/p>\n\n\n\n<p>O secret\u00e1rio de Estado de Ind\u00fastria, Com\u00e9rcio e Servi\u00e7os (SIC), Joel Sant\u2019Anna, destacou o crescimento registrado nos primeiros meses do ano e ressaltou a posi\u00e7\u00e3o de destaque ocupada por Goi\u00e1s n\u00e3o apenas na regi\u00e3o Centro-Oeste, mas tamb\u00e9m em compara\u00e7\u00e3o com os estados do Norte, Nordeste e Sul.<\/p>\n\n\n\n<p><br><\/p>\n\n\n\n<p>O Governo do estado implementou diversas a\u00e7\u00f5es direcionadas \u00e0s pequenas e microempresas, al\u00e9m do Programa Cintur\u00e3o da Moda, que tem impulsionado a gera\u00e7\u00e3o de emprego e renda em Goi\u00e2nia e no interior.<\/p>\n\n\n\n<p><br><\/p>\n\n\n\n<p>No cen\u00e1rio nacional, o Brasil abriu um total de 180 mil postos formais de trabalho em abril, e os estados de S\u00e3o Paulo, Minas Gerais e Rio de Janeiro lideraram o ranking de gera\u00e7\u00e3o de empregos, seguidos por Goi\u00e1s, Rio Grande do Sul, Bahia e Paran\u00e1.<\/p>\n\n\n\n<p><br><\/p>\n\n\n\n<p>Esses n\u00fameros refor\u00e7am a retomada da economia e a import\u00e2ncia do estado de Goi\u00e1s como um dos protagonistas na gera\u00e7\u00e3o de empregos no pa\u00eds, impulsionando o desenvolvimento e contribuindo para a melhoria da qualidade de vida da popula\u00e7\u00e3o.<\/p>\n","protected":false},"excerpt":{"rendered":"<p>Goi\u00e1s lidera a gera\u00e7\u00e3o de empregos na regi\u00e3o Centro-Oeste e ocupa a quarta posi\u00e7\u00e3o no ranking nacional, de acordo com os dados divulgados pelo Cadastro Geral de Empregados e Desempregados (Caged) do Minist\u00e9rio do Trabalho e da Previd\u00eancia. No m\u00eas de abril, o estado registrou um saldo positivo de 11.925 postos de trabalho formais com [&hellip;]<\/p>\n","protected":false},"author":2,"featured_media":2717,"comment_status":"open","ping_status":"open","sticky":true,"template":"","format":"standard","meta":{"om_disable_all_campaigns":false,"_monsterinsights_skip_tracking":false,"_monsterinsights_sitenote_active":false,"_monsterinsights_sitenote_note":"","_monsterinsights_sitenote_category":0,"footnotes":""},"categories":[1],"tags":[],"class_list":["post-7801","post","type-post","status-publish","format-standard","has-post-thumbnail","hentry","category-politica"],"yoast_head":"<!-- This site is optimized with the Yoast SEO plugin v27.2 - https:\/\/yoast.com\/product\/yoast-seo-wordpress\/ -->\n<title>Goi\u00e1s entre os que mais geraram emprego no pa\u00eds em abril - Jornal Ponto Mais<\/title>\n<meta name=\"robots\" content=\"index, follow, max-snippet:-1, max-image-preview:large, max-video-preview:-1\" \/>\n<link rel=\"canonical\" href=\"https:\/\/jornalpontomais.com\/site\/2023\/06\/01\/goias-entre-os-que-mais-geraram-emprego-no-pais-em-abril\/\" \/>\n<meta property=\"og:locale\" content=\"pt_BR\" \/>\n<meta property=\"og:type\" content=\"article\" \/>\n<meta property=\"og:title\" content=\"Goi\u00e1s entre os que mais geraram emprego no pa\u00eds em abril - Jornal Ponto Mais\" \/>\n<meta property=\"og:description\" content=\"Goi\u00e1s lidera a gera\u00e7\u00e3o de empregos na regi\u00e3o Centro-Oeste e ocupa a quarta posi\u00e7\u00e3o no ranking nacional, de acordo com os dados divulgados pelo Cadastro Geral de Empregados e Desempregados (Caged) do Minist\u00e9rio do Trabalho e da Previd\u00eancia. No m\u00eas de abril, o estado registrou um saldo positivo de 11.925 postos de trabalho formais com [&hellip;]\" \/>\n<meta property=\"og:url\" content=\"https:\/\/jornalpontomais.com\/site\/2023\/06\/01\/goias-entre-os-que-mais-geraram-emprego-no-pais-em-abril\/\" \/>\n<meta property=\"og:site_name\" content=\"Jornal Ponto Mais\" \/>\n<meta property=\"article:published_time\" content=\"2023-06-01T21:15:47+00:00\" \/>\n<meta property=\"article:modified_time\" content=\"2023-06-01T21:15:48+00:00\" \/>\n<meta property=\"og:image\" content=\"https:\/\/jornalpontomais.com\/site\/wp-content\/uploads\/2022\/04\/CAIADO-EMPREGOS.jpeg\" \/>\n\t<meta property=\"og:image:width\" content=\"1280\" \/>\n\t<meta property=\"og:image:height\" content=\"853\" \/>\n\t<meta property=\"og:image:type\" content=\"image\/jpeg\" \/>\n<meta name=\"author\" content=\"Jornal Ponto Mais\" \/>\n<meta name=\"twitter:card\" content=\"summary_large_image\" \/>\n<meta name=\"twitter:label1\" content=\"Escrito por\" \/>\n\t<meta name=\"twitter:data1\" content=\"Jornal Ponto Mais\" \/>\n\t<meta name=\"twitter:label2\" content=\"Est. tempo de leitura\" \/>\n\t<meta name=\"twitter:data2\" content=\"2 minutos\" \/>\n<script type=\"application\/ld+json\" class=\"yoast-schema-graph\">{\"@context\":\"https:\/\/schema.org\",\"@graph\":[{\"@type\":\"Article\",\"@id\":\"https:\/\/jornalpontomais.com\/site\/2023\/06\/01\/goias-entre-os-que-mais-geraram-emprego-no-pais-em-abril\/#article\",\"isPartOf\":{\"@id\":\"https:\/\/jornalpontomais.com\/site\/2023\/06\/01\/goias-entre-os-que-mais-geraram-emprego-no-pais-em-abril\/\"},\"author\":{\"name\":\"Jornal Ponto Mais\",\"@id\":\"https:\/\/jornalpontomais.com\/site\/#\/schema\/person\/18323f0b0f1355f2490721c48389fe9d\"},\"headline\":\"Goi\u00e1s entre os que mais geraram emprego no pa\u00eds em abril\",\"datePublished\":\"2023-06-01T21:15:47+00:00\",\"dateModified\":\"2023-06-01T21:15:48+00:00\",\"mainEntityOfPage\":{\"@id\":\"https:\/\/jornalpontomais.com\/site\/2023\/06\/01\/goias-entre-os-que-mais-geraram-emprego-no-pais-em-abril\/\"},\"wordCount\":346,\"commentCount\":0,\"publisher\":{\"@id\":\"https:\/\/jornalpontomais.com\/site\/#organization\"},\"image\":{\"@id\":\"https:\/\/jornalpontomais.com\/site\/2023\/06\/01\/goias-entre-os-que-mais-geraram-emprego-no-pais-em-abril\/#primaryimage\"},\"thumbnailUrl\":\"https:\/\/jornalpontomais.com\/site\/wp-content\/uploads\/2022\/04\/CAIADO-EMPREGOS.jpeg\",\"articleSection\":[\"Pol\u00edtica\"],\"inLanguage\":\"pt-BR\",\"potentialAction\":[{\"@type\":\"CommentAction\",\"name\":\"Comment\",\"target\":[\"https:\/\/jornalpontomais.com\/site\/2023\/06\/01\/goias-entre-os-que-mais-geraram-emprego-no-pais-em-abril\/#respond\"]}]},{\"@type\":\"WebPage\",\"@id\":\"https:\/\/jornalpontomais.com\/site\/2023\/06\/01\/goias-entre-os-que-mais-geraram-emprego-no-pais-em-abril\/\",\"url\":\"https:\/\/jornalpontomais.com\/site\/2023\/06\/01\/goias-entre-os-que-mais-geraram-emprego-no-pais-em-abril\/\",\"name\":\"Goi\u00e1s entre os que mais geraram emprego no pa\u00eds em abril - Jornal Ponto Mais\",\"isPartOf\":{\"@id\":\"https:\/\/jornalpontomais.com\/site\/#website\"},\"primaryImageOfPage\":{\"@id\":\"https:\/\/jornalpontomais.com\/site\/2023\/06\/01\/goias-entre-os-que-mais-geraram-emprego-no-pais-em-abril\/#primaryimage\"},\"image\":{\"@id\":\"https:\/\/jornalpontomais.com\/site\/2023\/06\/01\/goias-entre-os-que-mais-geraram-emprego-no-pais-em-abril\/#primaryimage\"},\"thumbnailUrl\":\"https:\/\/jornalpontomais.com\/site\/wp-content\/uploads\/2022\/04\/CAIADO-EMPREGOS.jpeg\",\"datePublished\":\"2023-06-01T21:15:47+00:00\",\"dateModified\":\"2023-06-01T21:15:48+00:00\",\"breadcrumb\":{\"@id\":\"https:\/\/jornalpontomais.com\/site\/2023\/06\/01\/goias-entre-os-que-mais-geraram-emprego-no-pais-em-abril\/#breadcrumb\"},\"inLanguage\":\"pt-BR\",\"potentialAction\":[{\"@type\":\"ReadAction\",\"target\":[\"https:\/\/jornalpontomais.com\/site\/2023\/06\/01\/goias-entre-os-que-mais-geraram-emprego-no-pais-em-abril\/\"]}]},{\"@type\":\"ImageObject\",\"inLanguage\":\"pt-BR\",\"@id\":\"https:\/\/jornalpontomais.com\/site\/2023\/06\/01\/goias-entre-os-que-mais-geraram-emprego-no-pais-em-abril\/#primaryimage\",\"url\":\"https:\/\/jornalpontomais.com\/site\/wp-content\/uploads\/2022\/04\/CAIADO-EMPREGOS.jpeg\",\"contentUrl\":\"https:\/\/jornalpontomais.com\/site\/wp-content\/uploads\/2022\/04\/CAIADO-EMPREGOS.jpeg\",\"width\":1280,\"height\":853},{\"@type\":\"BreadcrumbList\",\"@id\":\"https:\/\/jornalpontomais.com\/site\/2023\/06\/01\/goias-entre-os-que-mais-geraram-emprego-no-pais-em-abril\/#breadcrumb\",\"itemListElement\":[{\"@type\":\"ListItem\",\"position\":1,\"name\":\"In\u00edcio\",\"item\":\"https:\/\/jornalpontomais.com\/site\/\"},{\"@type\":\"ListItem\",\"position\":2,\"name\":\"Goi\u00e1s entre os que mais geraram emprego no pa\u00eds em abril\"}]},{\"@type\":\"WebSite\",\"@id\":\"https:\/\/jornalpontomais.com\/site\/#website\",\"url\":\"https:\/\/jornalpontomais.com\/site\/\",\"name\":\"Jornal Ponto Mais\",\"description\":\"As principais not\u00edcias do Brasil e do mundo. Confira!\",\"publisher\":{\"@id\":\"https:\/\/jornalpontomais.com\/site\/#organization\"},\"potentialAction\":[{\"@type\":\"SearchAction\",\"target\":{\"@type\":\"EntryPoint\",\"urlTemplate\":\"https:\/\/jornalpontomais.com\/site\/?s={search_term_string}\"},\"query-input\":{\"@type\":\"PropertyValueSpecification\",\"valueRequired\":true,\"valueName\":\"search_term_string\"}}],\"inLanguage\":\"pt-BR\"},{\"@type\":\"Organization\",\"@id\":\"https:\/\/jornalpontomais.com\/site\/#organization\",\"name\":\"Jornal Ponto+\",\"url\":\"https:\/\/jornalpontomais.com\/site\/\",\"logo\":{\"@type\":\"ImageObject\",\"inLanguage\":\"pt-BR\",\"@id\":\"https:\/\/jornalpontomais.com\/site\/#\/schema\/logo\/image\/\",\"url\":\"https:\/\/jornalpontomais.com\/site\/wp-content\/uploads\/2022\/01\/marca.png\",\"contentUrl\":\"https:\/\/jornalpontomais.com\/site\/wp-content\/uploads\/2022\/01\/marca.png\",\"width\":582,\"height\":148,\"caption\":\"Jornal Ponto+\"},\"image\":{\"@id\":\"https:\/\/jornalpontomais.com\/site\/#\/schema\/logo\/image\/\"}},{\"@type\":\"Person\",\"@id\":\"https:\/\/jornalpontomais.com\/site\/#\/schema\/person\/18323f0b0f1355f2490721c48389fe9d\",\"name\":\"Jornal Ponto Mais\",\"image\":{\"@type\":\"ImageObject\",\"inLanguage\":\"pt-BR\",\"@id\":\"https:\/\/secure.gravatar.com\/avatar\/2ee0a9b7fe10fe32bdec8bc086e871e41eb5f4f6ecbcb7b4f2fe0d92d831405f?s=96&d=mm&r=g\",\"url\":\"https:\/\/secure.gravatar.com\/avatar\/2ee0a9b7fe10fe32bdec8bc086e871e41eb5f4f6ecbcb7b4f2fe0d92d831405f?s=96&d=mm&r=g\",\"contentUrl\":\"https:\/\/secure.gravatar.com\/avatar\/2ee0a9b7fe10fe32bdec8bc086e871e41eb5f4f6ecbcb7b4f2fe0d92d831405f?s=96&d=mm&r=g\",\"caption\":\"Jornal Ponto Mais\"},\"sameAs\":[\"https:\/\/jornalpontomais.com\/site\",\"jornalpontomais\"],\"url\":\"https:\/\/jornalpontomais.com\/site\/author\/jornalpontomais\/\"}]}<\/script>\n<!-- \/ Yoast SEO plugin. -->","yoast_head_json":{"title":"Goi\u00e1s entre os que mais geraram emprego no pa\u00eds em abril - Jornal Ponto Mais","robots":{"index":"index","follow":"follow","max-snippet":"max-snippet:-1","max-image-preview":"max-image-preview:large","max-video-preview":"max-video-preview:-1"},"canonical":"https:\/\/jornalpontomais.com\/site\/2023\/06\/01\/goias-entre-os-que-mais-geraram-emprego-no-pais-em-abril\/","og_locale":"pt_BR","og_type":"article","og_title":"Goi\u00e1s entre os que mais geraram emprego no pa\u00eds em abril - Jornal Ponto Mais","og_description":"Goi\u00e1s lidera a gera\u00e7\u00e3o de empregos na regi\u00e3o Centro-Oeste e ocupa a quarta posi\u00e7\u00e3o no ranking nacional, de acordo com os dados divulgados pelo Cadastro Geral de Empregados e Desempregados (Caged) do Minist\u00e9rio do Trabalho e da Previd\u00eancia. No m\u00eas de abril, o estado registrou um saldo positivo de 11.925 postos de trabalho formais com [&hellip;]","og_url":"https:\/\/jornalpontomais.com\/site\/2023\/06\/01\/goias-entre-os-que-mais-geraram-emprego-no-pais-em-abril\/","og_site_name":"Jornal Ponto Mais","article_published_time":"2023-06-01T21:15:47+00:00","article_modified_time":"2023-06-01T21:15:48+00:00","og_image":[{"width":1280,"height":853,"url":"https:\/\/jornalpontomais.com\/site\/wp-content\/uploads\/2022\/04\/CAIADO-EMPREGOS.jpeg","type":"image\/jpeg"}],"author":"Jornal Ponto Mais","twitter_card":"summary_large_image","twitter_misc":{"Escrito por":"Jornal Ponto Mais","Est. tempo de leitura":"2 minutos"},"schema":{"@context":"https:\/\/schema.org","@graph":[{"@type":"Article","@id":"https:\/\/jornalpontomais.com\/site\/2023\/06\/01\/goias-entre-os-que-mais-geraram-emprego-no-pais-em-abril\/#article","isPartOf":{"@id":"https:\/\/jornalpontomais.com\/site\/2023\/06\/01\/goias-entre-os-que-mais-geraram-emprego-no-pais-em-abril\/"},"author":{"name":"Jornal Ponto Mais","@id":"https:\/\/jornalpontomais.com\/site\/#\/schema\/person\/18323f0b0f1355f2490721c48389fe9d"},"headline":"Goi\u00e1s entre os que mais geraram emprego no pa\u00eds em abril","datePublished":"2023-06-01T21:15:47+00:00","dateModified":"2023-06-01T21:15:48+00:00","mainEntityOfPage":{"@id":"https:\/\/jornalpontomais.com\/site\/2023\/06\/01\/goias-entre-os-que-mais-geraram-emprego-no-pais-em-abril\/"},"wordCount":346,"commentCount":0,"publisher":{"@id":"https:\/\/jornalpontomais.com\/site\/#organization"},"image":{"@id":"https:\/\/jornalpontomais.com\/site\/2023\/06\/01\/goias-entre-os-que-mais-geraram-emprego-no-pais-em-abril\/#primaryimage"},"thumbnailUrl":"https:\/\/jornalpontomais.com\/site\/wp-content\/uploads\/2022\/04\/CAIADO-EMPREGOS.jpeg","articleSection":["Pol\u00edtica"],"inLanguage":"pt-BR","potentialAction":[{"@type":"CommentAction","name":"Comment","target":["https:\/\/jornalpontomais.com\/site\/2023\/06\/01\/goias-entre-os-que-mais-geraram-emprego-no-pais-em-abril\/#respond"]}]},{"@type":"WebPage","@id":"https:\/\/jornalpontomais.com\/site\/2023\/06\/01\/goias-entre-os-que-mais-geraram-emprego-no-pais-em-abril\/","url":"https:\/\/jornalpontomais.com\/site\/2023\/06\/01\/goias-entre-os-que-mais-geraram-emprego-no-pais-em-abril\/","name":"Goi\u00e1s entre os que mais geraram emprego no pa\u00eds em abril - Jornal Ponto Mais","isPartOf":{"@id":"https:\/\/jornalpontomais.com\/site\/#website"},"primaryImageOfPage":{"@id":"https:\/\/jornalpontomais.com\/site\/2023\/06\/01\/goias-entre-os-que-mais-geraram-emprego-no-pais-em-abril\/#primaryimage"},"image":{"@id":"https:\/\/jornalpontomais.com\/site\/2023\/06\/01\/goias-entre-os-que-mais-geraram-emprego-no-pais-em-abril\/#primaryimage"},"thumbnailUrl":"https:\/\/jornalpontomais.com\/site\/wp-content\/uploads\/2022\/04\/CAIADO-EMPREGOS.jpeg","datePublished":"2023-06-01T21:15:47+00:00","dateModified":"2023-06-01T21:15:48+00:00","breadcrumb":{"@id":"https:\/\/jornalpontomais.com\/site\/2023\/06\/01\/goias-entre-os-que-mais-geraram-emprego-no-pais-em-abril\/#breadcrumb"},"inLanguage":"pt-BR","potentialAction":[{"@type":"ReadAction","target":["https:\/\/jornalpontomais.com\/site\/2023\/06\/01\/goias-entre-os-que-mais-geraram-emprego-no-pais-em-abril\/"]}]},{"@type":"ImageObject","inLanguage":"pt-BR","@id":"https:\/\/jornalpontomais.com\/site\/2023\/06\/01\/goias-entre-os-que-mais-geraram-emprego-no-pais-em-abril\/#primaryimage","url":"https:\/\/jornalpontomais.com\/site\/wp-content\/uploads\/2022\/04\/CAIADO-EMPREGOS.jpeg","contentUrl":"https:\/\/jornalpontomais.com\/site\/wp-content\/uploads\/2022\/04\/CAIADO-EMPREGOS.jpeg","width":1280,"height":853},{"@type":"BreadcrumbList","@id":"https:\/\/jornalpontomais.com\/site\/2023\/06\/01\/goias-entre-os-que-mais-geraram-emprego-no-pais-em-abril\/#breadcrumb","itemListElement":[{"@type":"ListItem","position":1,"name":"In\u00edcio","item":"https:\/\/jornalpontomais.com\/site\/"},{"@type":"ListItem","position":2,"name":"Goi\u00e1s entre os que mais geraram emprego no pa\u00eds em abril"}]},{"@type":"WebSite","@id":"https:\/\/jornalpontomais.com\/site\/#website","url":"https:\/\/jornalpontomais.com\/site\/","name":"Jornal Ponto Mais","description":"As principais not\u00edcias do Brasil e do mundo. Confira!","publisher":{"@id":"https:\/\/jornalpontomais.com\/site\/#organization"},"potentialAction":[{"@type":"SearchAction","target":{"@type":"EntryPoint","urlTemplate":"https:\/\/jornalpontomais.com\/site\/?s={search_term_string}"},"query-input":{"@type":"PropertyValueSpecification","valueRequired":true,"valueName":"search_term_string"}}],"inLanguage":"pt-BR"},{"@type":"Organization","@id":"https:\/\/jornalpontomais.com\/site\/#organization","name":"Jornal Ponto+","url":"https:\/\/jornalpontomais.com\/site\/","logo":{"@type":"ImageObject","inLanguage":"pt-BR","@id":"https:\/\/jornalpontomais.com\/site\/#\/schema\/logo\/image\/","url":"https:\/\/jornalpontomais.com\/site\/wp-content\/uploads\/2022\/01\/marca.png","contentUrl":"https:\/\/jornalpontomais.com\/site\/wp-content\/uploads\/2022\/01\/marca.png","width":582,"height":148,"caption":"Jornal Ponto+"},"image":{"@id":"https:\/\/jornalpontomais.com\/site\/#\/schema\/logo\/image\/"}},{"@type":"Person","@id":"https:\/\/jornalpontomais.com\/site\/#\/schema\/person\/18323f0b0f1355f2490721c48389fe9d","name":"Jornal Ponto Mais","image":{"@type":"ImageObject","inLanguage":"pt-BR","@id":"https:\/\/secure.gravatar.com\/avatar\/2ee0a9b7fe10fe32bdec8bc086e871e41eb5f4f6ecbcb7b4f2fe0d92d831405f?s=96&d=mm&r=g","url":"https:\/\/secure.gravatar.com\/avatar\/2ee0a9b7fe10fe32bdec8bc086e871e41eb5f4f6ecbcb7b4f2fe0d92d831405f?s=96&d=mm&r=g","contentUrl":"https:\/\/secure.gravatar.com\/avatar\/2ee0a9b7fe10fe32bdec8bc086e871e41eb5f4f6ecbcb7b4f2fe0d92d831405f?s=96&d=mm&r=g","caption":"Jornal Ponto Mais"},"sameAs":["https:\/\/jornalpontomais.com\/site","jornalpontomais"],"url":"https:\/\/jornalpontomais.com\/site\/author\/jornalpontomais\/"}]}},"_links":{"self":[{"href":"https:\/\/jornalpontomais.com\/site\/wp-json\/wp\/v2\/posts\/7801","targetHints":{"allow":["GET"]}}],"collection":[{"href":"https:\/\/jornalpontomais.com\/site\/wp-json\/wp\/v2\/posts"}],"about":[{"href":"https:\/\/jornalpontomais.com\/site\/wp-json\/wp\/v2\/types\/post"}],"author":[{"embeddable":true,"href":"https:\/\/jornalpontomais.com\/site\/wp-json\/wp\/v2\/users\/2"}],"replies":[{"embeddable":true,"href":"https:\/\/jornalpontomais.com\/site\/wp-json\/wp\/v2\/comments?post=7801"}],"version-history":[{"count":1,"href":"https:\/\/jornalpontomais.com\/site\/wp-json\/wp\/v2\/posts\/7801\/revisions"}],"predecessor-version":[{"id":7802,"href":"https:\/\/jornalpontomais.com\/site\/wp-json\/wp\/v2\/posts\/7801\/revisions\/7802"}],"wp:featuredmedia":[{"embeddable":true,"href":"https:\/\/jornalpontomais.com\/site\/wp-json\/wp\/v2\/media\/2717"}],"wp:attachment":[{"href":"https:\/\/jornalpontomais.com\/site\/wp-json\/wp\/v2\/media?parent=7801"}],"wp:term":[{"taxonomy":"category","embeddable":true,"href":"https:\/\/jornalpontomais.com\/site\/wp-json\/wp\/v2\/categories?post=7801"},{"taxonomy":"post_tag","embeddable":true,"href":"https:\/\/jornalpontomais.com\/site\/wp-json\/wp\/v2\/tags?post=7801"}],"curies":[{"name":"wp","href":"https:\/\/api.w.org\/{rel}","templated":true}]}}