{"id":25261,"date":"2026-09-04T09:56:17","date_gmt":"2026-09-04T12:56:17","guid":{"rendered":"https:\/\/jornalpontomais.com\/site\/?p=25261"},"modified":"2026-09-04T09:56:36","modified_gmt":"2026-09-04T12:56:36","slug":"estudo-aponta-risco-60-maior-de-morte-prematura-entre-pessoas-com-transtorno-bipolar-tipo-2","status":"publish","type":"post","link":"https:\/\/jornalpontomais.com\/site\/2026\/09\/04\/estudo-aponta-risco-60-maior-de-morte-prematura-entre-pessoas-com-transtorno-bipolar-tipo-2\/","title":{"rendered":"Estudo aponta risco 60% maior de morte prematura entre pessoas com transtorno bipolar tipo 2"},"content":{"rendered":"\n<p class=\"wp-block-paragraph\">Pessoas com transtorno afetivo bipolar tipo 2 apresentam risco 60% maior de morte prematura em compara\u00e7\u00e3o com indiv\u00edduos da mesma idade sem a condi\u00e7\u00e3o. A conclus\u00e3o \u00e9 de um estudo com mais de 11 mil participantes, publicado no <em>JAMA Network Open<\/em>.<br><br><\/p>\n\n\n\n<p class=\"wp-block-paragraph\">Um dos dados mais preocupantes est\u00e1 relacionado ao suic\u00eddio. Segundo o levantamento, o risco de morte por essa causa \u00e9 mais de seis vezes maior entre pessoas com o transtorno. Tamb\u00e9m foi identificado aumento da mortalidade relacionada a doen\u00e7as cardiovasculares e metab\u00f3licas, al\u00e9m de causas n\u00e3o naturais, como acidentes.<br><br><\/p>\n\n\n\n<p class=\"wp-block-paragraph\">O transtorno bipolar \u00e9 caracterizado por altera\u00e7\u00f5es intensas de humor. No tipo 2, os pacientes apresentam epis\u00f3dios depressivos associados a per\u00edodos de hipomania, uma manifesta\u00e7\u00e3o menos intensa que a mania observada no transtorno bipolar tipo 1. Apesar disso, especialistas alertam que a condi\u00e7\u00e3o pode provocar sofrimento significativo e comprometer a vida dos pacientes.<br><br><\/p>\n\n\n\n<p class=\"wp-block-paragraph\">Outro desafio \u00e9 o diagn\u00f3stico. O transtorno bipolar tipo 2 pode ser confundido com depress\u00e3o e ansiedade, fazendo com que algumas pessoas passem anos recebendo tratamento para outras condi\u00e7\u00f5es. O atraso na identifica\u00e7\u00e3o pode aumentar o risco de complica\u00e7\u00f5es cl\u00ednicas e psiqui\u00e1tricas.<br><br><\/p>\n\n\n\n<p class=\"wp-block-paragraph\">Para reduzir os riscos, especialistas defendem um acompanhamento amplo, envolvendo tratamento psiqui\u00e1trico, terapia, atividade f\u00edsica, sono adequado, alimenta\u00e7\u00e3o equilibrada e fortalecimento da rede de apoio. A identifica\u00e7\u00e3o precoce e o acompanhamento cont\u00ednuo da sa\u00fade f\u00edsica e mental tamb\u00e9m s\u00e3o considerados fundamentais.<\/p>\n","protected":false},"excerpt":{"rendered":"<p>Pessoas com transtorno afetivo bipolar tipo 2 apresentam risco 60% maior de morte prematura em compara\u00e7\u00e3o com indiv\u00edduos da mesma idade sem a condi\u00e7\u00e3o. A conclus\u00e3o \u00e9 de um estudo com mais de 11 mil participantes, publicado no JAMA Network Open. Um dos dados mais preocupantes est\u00e1 relacionado ao suic\u00eddio. Segundo o levantamento, o risco [&hellip;]<\/p>\n","protected":false},"author":2,"featured_media":13436,"comment_status":"open","ping_status":"open","sticky":true,"template":"","format":"standard","meta":{"om_disable_all_campaigns":false,"_monsterinsights_skip_tracking":false,"_monsterinsights_sitenote_active":false,"_monsterinsights_sitenote_note":"","_monsterinsights_sitenote_category":0,"footnotes":""},"categories":[3],"tags":[],"class_list":["post-25261","post","type-post","status-publish","format-standard","has-post-thumbnail","hentry","category-saude"],"yoast_head":"<!-- This site is optimized with the Yoast SEO plugin v27.2 - https:\/\/yoast.com\/product\/yoast-seo-wordpress\/ -->\n<title>Estudo aponta risco 60% maior de morte prematura entre pessoas com transtorno bipolar tipo 2 - Jornal Ponto Mais<\/title>\n<meta name=\"robots\" content=\"index, follow, max-snippet:-1, max-image-preview:large, max-video-preview:-1\" \/>\n<link rel=\"canonical\" href=\"https:\/\/jornalpontomais.com\/site\/2026\/09\/04\/estudo-aponta-risco-60-maior-de-morte-prematura-entre-pessoas-com-transtorno-bipolar-tipo-2\/\" \/>\n<meta property=\"og:locale\" content=\"pt_BR\" \/>\n<meta property=\"og:type\" content=\"article\" \/>\n<meta property=\"og:title\" content=\"Estudo aponta risco 60% maior de morte prematura entre pessoas com transtorno bipolar tipo 2 - Jornal Ponto Mais\" \/>\n<meta property=\"og:description\" content=\"Pessoas com transtorno afetivo bipolar tipo 2 apresentam risco 60% maior de morte prematura em compara\u00e7\u00e3o com indiv\u00edduos da mesma idade sem a condi\u00e7\u00e3o. A conclus\u00e3o \u00e9 de um estudo com mais de 11 mil participantes, publicado no JAMA Network Open. Um dos dados mais preocupantes est\u00e1 relacionado ao suic\u00eddio. Segundo o levantamento, o risco [&hellip;]\" \/>\n<meta property=\"og:url\" content=\"https:\/\/jornalpontomais.com\/site\/2026\/09\/04\/estudo-aponta-risco-60-maior-de-morte-prematura-entre-pessoas-com-transtorno-bipolar-tipo-2\/\" \/>\n<meta property=\"og:site_name\" content=\"Jornal Ponto Mais\" \/>\n<meta property=\"article:published_time\" content=\"2026-09-04T12:56:17+00:00\" \/>\n<meta property=\"article:modified_time\" content=\"2026-09-04T12:56:36+00:00\" \/>\n<meta property=\"og:image\" content=\"https:\/\/jornalpontomais.com\/site\/wp-content\/uploads\/2024\/05\/mulher-triste.jpg\" \/>\n\t<meta property=\"og:image:width\" content=\"800\" \/>\n\t<meta property=\"og:image:height\" content=\"600\" \/>\n\t<meta property=\"og:image:type\" content=\"image\/jpeg\" \/>\n<meta name=\"author\" content=\"Jornal Ponto Mais\" \/>\n<meta name=\"twitter:card\" content=\"summary_large_image\" \/>\n<meta name=\"twitter:label1\" content=\"Escrito por\" \/>\n\t<meta name=\"twitter:data1\" content=\"Jornal Ponto Mais\" \/>\n\t<meta name=\"twitter:label2\" content=\"Est. tempo de leitura\" \/>\n\t<meta name=\"twitter:data2\" content=\"1 minuto\" \/>\n<script type=\"application\/ld+json\" class=\"yoast-schema-graph\">{\"@context\":\"https:\/\/schema.org\",\"@graph\":[{\"@type\":\"Article\",\"@id\":\"https:\/\/jornalpontomais.com\/site\/2026\/09\/04\/estudo-aponta-risco-60-maior-de-morte-prematura-entre-pessoas-com-transtorno-bipolar-tipo-2\/#article\",\"isPartOf\":{\"@id\":\"https:\/\/jornalpontomais.com\/site\/2026\/09\/04\/estudo-aponta-risco-60-maior-de-morte-prematura-entre-pessoas-com-transtorno-bipolar-tipo-2\/\"},\"author\":{\"name\":\"Jornal Ponto Mais\",\"@id\":\"https:\/\/jornalpontomais.com\/site\/#\/schema\/person\/18323f0b0f1355f2490721c48389fe9d\"},\"headline\":\"Estudo aponta risco 60% maior de morte prematura entre pessoas com transtorno bipolar tipo 2\",\"datePublished\":\"2026-09-04T12:56:17+00:00\",\"dateModified\":\"2026-09-04T12:56:36+00:00\",\"mainEntityOfPage\":{\"@id\":\"https:\/\/jornalpontomais.com\/site\/2026\/09\/04\/estudo-aponta-risco-60-maior-de-morte-prematura-entre-pessoas-com-transtorno-bipolar-tipo-2\/\"},\"wordCount\":260,\"commentCount\":0,\"publisher\":{\"@id\":\"https:\/\/jornalpontomais.com\/site\/#organization\"},\"image\":{\"@id\":\"https:\/\/jornalpontomais.com\/site\/2026\/09\/04\/estudo-aponta-risco-60-maior-de-morte-prematura-entre-pessoas-com-transtorno-bipolar-tipo-2\/#primaryimage\"},\"thumbnailUrl\":\"https:\/\/jornalpontomais.com\/site\/wp-content\/uploads\/2024\/05\/mulher-triste.jpg\",\"articleSection\":[\"Sa\u00fade\"],\"inLanguage\":\"pt-BR\",\"potentialAction\":[{\"@type\":\"CommentAction\",\"name\":\"Comment\",\"target\":[\"https:\/\/jornalpontomais.com\/site\/2026\/09\/04\/estudo-aponta-risco-60-maior-de-morte-prematura-entre-pessoas-com-transtorno-bipolar-tipo-2\/#respond\"]}]},{\"@type\":\"WebPage\",\"@id\":\"https:\/\/jornalpontomais.com\/site\/2026\/09\/04\/estudo-aponta-risco-60-maior-de-morte-prematura-entre-pessoas-com-transtorno-bipolar-tipo-2\/\",\"url\":\"https:\/\/jornalpontomais.com\/site\/2026\/09\/04\/estudo-aponta-risco-60-maior-de-morte-prematura-entre-pessoas-com-transtorno-bipolar-tipo-2\/\",\"name\":\"Estudo aponta risco 60% maior de morte prematura entre pessoas com transtorno bipolar tipo 2 - Jornal Ponto Mais\",\"isPartOf\":{\"@id\":\"https:\/\/jornalpontomais.com\/site\/#website\"},\"primaryImageOfPage\":{\"@id\":\"https:\/\/jornalpontomais.com\/site\/2026\/09\/04\/estudo-aponta-risco-60-maior-de-morte-prematura-entre-pessoas-com-transtorno-bipolar-tipo-2\/#primaryimage\"},\"image\":{\"@id\":\"https:\/\/jornalpontomais.com\/site\/2026\/09\/04\/estudo-aponta-risco-60-maior-de-morte-prematura-entre-pessoas-com-transtorno-bipolar-tipo-2\/#primaryimage\"},\"thumbnailUrl\":\"https:\/\/jornalpontomais.com\/site\/wp-content\/uploads\/2024\/05\/mulher-triste.jpg\",\"datePublished\":\"2026-09-04T12:56:17+00:00\",\"dateModified\":\"2026-09-04T12:56:36+00:00\",\"breadcrumb\":{\"@id\":\"https:\/\/jornalpontomais.com\/site\/2026\/09\/04\/estudo-aponta-risco-60-maior-de-morte-prematura-entre-pessoas-com-transtorno-bipolar-tipo-2\/#breadcrumb\"},\"inLanguage\":\"pt-BR\",\"potentialAction\":[{\"@type\":\"ReadAction\",\"target\":[\"https:\/\/jornalpontomais.com\/site\/2026\/09\/04\/estudo-aponta-risco-60-maior-de-morte-prematura-entre-pessoas-com-transtorno-bipolar-tipo-2\/\"]}]},{\"@type\":\"ImageObject\",\"inLanguage\":\"pt-BR\",\"@id\":\"https:\/\/jornalpontomais.com\/site\/2026\/09\/04\/estudo-aponta-risco-60-maior-de-morte-prematura-entre-pessoas-com-transtorno-bipolar-tipo-2\/#primaryimage\",\"url\":\"https:\/\/jornalpontomais.com\/site\/wp-content\/uploads\/2024\/05\/mulher-triste.jpg\",\"contentUrl\":\"https:\/\/jornalpontomais.com\/site\/wp-content\/uploads\/2024\/05\/mulher-triste.jpg\",\"width\":800,\"height\":600},{\"@type\":\"BreadcrumbList\",\"@id\":\"https:\/\/jornalpontomais.com\/site\/2026\/09\/04\/estudo-aponta-risco-60-maior-de-morte-prematura-entre-pessoas-com-transtorno-bipolar-tipo-2\/#breadcrumb\",\"itemListElement\":[{\"@type\":\"ListItem\",\"position\":1,\"name\":\"In\u00edcio\",\"item\":\"https:\/\/jornalpontomais.com\/site\/\"},{\"@type\":\"ListItem\",\"position\":2,\"name\":\"Estudo aponta risco 60% maior de morte prematura entre pessoas com transtorno bipolar tipo 2\"}]},{\"@type\":\"WebSite\",\"@id\":\"https:\/\/jornalpontomais.com\/site\/#website\",\"url\":\"https:\/\/jornalpontomais.com\/site\/\",\"name\":\"Jornal Ponto Mais\",\"description\":\"As principais not\u00edcias do Brasil e do mundo. Confira!\",\"publisher\":{\"@id\":\"https:\/\/jornalpontomais.com\/site\/#organization\"},\"potentialAction\":[{\"@type\":\"SearchAction\",\"target\":{\"@type\":\"EntryPoint\",\"urlTemplate\":\"https:\/\/jornalpontomais.com\/site\/?s={search_term_string}\"},\"query-input\":{\"@type\":\"PropertyValueSpecification\",\"valueRequired\":true,\"valueName\":\"search_term_string\"}}],\"inLanguage\":\"pt-BR\"},{\"@type\":\"Organization\",\"@id\":\"https:\/\/jornalpontomais.com\/site\/#organization\",\"name\":\"Jornal Ponto+\",\"url\":\"https:\/\/jornalpontomais.com\/site\/\",\"logo\":{\"@type\":\"ImageObject\",\"inLanguage\":\"pt-BR\",\"@id\":\"https:\/\/jornalpontomais.com\/site\/#\/schema\/logo\/image\/\",\"url\":\"https:\/\/jornalpontomais.com\/site\/wp-content\/uploads\/2022\/01\/marca.png\",\"contentUrl\":\"https:\/\/jornalpontomais.com\/site\/wp-content\/uploads\/2022\/01\/marca.png\",\"width\":582,\"height\":148,\"caption\":\"Jornal Ponto+\"},\"image\":{\"@id\":\"https:\/\/jornalpontomais.com\/site\/#\/schema\/logo\/image\/\"}},{\"@type\":\"Person\",\"@id\":\"https:\/\/jornalpontomais.com\/site\/#\/schema\/person\/18323f0b0f1355f2490721c48389fe9d\",\"name\":\"Jornal Ponto Mais\",\"image\":{\"@type\":\"ImageObject\",\"inLanguage\":\"pt-BR\",\"@id\":\"https:\/\/secure.gravatar.com\/avatar\/2ee0a9b7fe10fe32bdec8bc086e871e41eb5f4f6ecbcb7b4f2fe0d92d831405f?s=96&d=mm&r=g\",\"url\":\"https:\/\/secure.gravatar.com\/avatar\/2ee0a9b7fe10fe32bdec8bc086e871e41eb5f4f6ecbcb7b4f2fe0d92d831405f?s=96&d=mm&r=g\",\"contentUrl\":\"https:\/\/secure.gravatar.com\/avatar\/2ee0a9b7fe10fe32bdec8bc086e871e41eb5f4f6ecbcb7b4f2fe0d92d831405f?s=96&d=mm&r=g\",\"caption\":\"Jornal Ponto Mais\"},\"sameAs\":[\"https:\/\/jornalpontomais.com\/site\",\"jornalpontomais\"],\"url\":\"https:\/\/jornalpontomais.com\/site\/author\/jornalpontomais\/\"}]}<\/script>\n<!-- \/ Yoast SEO plugin. -->","yoast_head_json":{"title":"Estudo aponta risco 60% maior de morte prematura entre pessoas com transtorno bipolar tipo 2 - Jornal Ponto Mais","robots":{"index":"index","follow":"follow","max-snippet":"max-snippet:-1","max-image-preview":"max-image-preview:large","max-video-preview":"max-video-preview:-1"},"canonical":"https:\/\/jornalpontomais.com\/site\/2026\/09\/04\/estudo-aponta-risco-60-maior-de-morte-prematura-entre-pessoas-com-transtorno-bipolar-tipo-2\/","og_locale":"pt_BR","og_type":"article","og_title":"Estudo aponta risco 60% maior de morte prematura entre pessoas com transtorno bipolar tipo 2 - Jornal Ponto Mais","og_description":"Pessoas com transtorno afetivo bipolar tipo 2 apresentam risco 60% maior de morte prematura em compara\u00e7\u00e3o com indiv\u00edduos da mesma idade sem a condi\u00e7\u00e3o. A conclus\u00e3o \u00e9 de um estudo com mais de 11 mil participantes, publicado no JAMA Network Open. Um dos dados mais preocupantes est\u00e1 relacionado ao suic\u00eddio. Segundo o levantamento, o risco [&hellip;]","og_url":"https:\/\/jornalpontomais.com\/site\/2026\/09\/04\/estudo-aponta-risco-60-maior-de-morte-prematura-entre-pessoas-com-transtorno-bipolar-tipo-2\/","og_site_name":"Jornal Ponto Mais","article_published_time":"2026-09-04T12:56:17+00:00","article_modified_time":"2026-09-04T12:56:36+00:00","og_image":[{"width":800,"height":600,"url":"https:\/\/jornalpontomais.com\/site\/wp-content\/uploads\/2024\/05\/mulher-triste.jpg","type":"image\/jpeg"}],"author":"Jornal Ponto Mais","twitter_card":"summary_large_image","twitter_misc":{"Escrito por":"Jornal Ponto Mais","Est. tempo de leitura":"1 minuto"},"schema":{"@context":"https:\/\/schema.org","@graph":[{"@type":"Article","@id":"https:\/\/jornalpontomais.com\/site\/2026\/09\/04\/estudo-aponta-risco-60-maior-de-morte-prematura-entre-pessoas-com-transtorno-bipolar-tipo-2\/#article","isPartOf":{"@id":"https:\/\/jornalpontomais.com\/site\/2026\/09\/04\/estudo-aponta-risco-60-maior-de-morte-prematura-entre-pessoas-com-transtorno-bipolar-tipo-2\/"},"author":{"name":"Jornal Ponto Mais","@id":"https:\/\/jornalpontomais.com\/site\/#\/schema\/person\/18323f0b0f1355f2490721c48389fe9d"},"headline":"Estudo aponta risco 60% maior de morte prematura entre pessoas com transtorno bipolar tipo 2","datePublished":"2026-09-04T12:56:17+00:00","dateModified":"2026-09-04T12:56:36+00:00","mainEntityOfPage":{"@id":"https:\/\/jornalpontomais.com\/site\/2026\/09\/04\/estudo-aponta-risco-60-maior-de-morte-prematura-entre-pessoas-com-transtorno-bipolar-tipo-2\/"},"wordCount":260,"commentCount":0,"publisher":{"@id":"https:\/\/jornalpontomais.com\/site\/#organization"},"image":{"@id":"https:\/\/jornalpontomais.com\/site\/2026\/09\/04\/estudo-aponta-risco-60-maior-de-morte-prematura-entre-pessoas-com-transtorno-bipolar-tipo-2\/#primaryimage"},"thumbnailUrl":"https:\/\/jornalpontomais.com\/site\/wp-content\/uploads\/2024\/05\/mulher-triste.jpg","articleSection":["Sa\u00fade"],"inLanguage":"pt-BR","potentialAction":[{"@type":"CommentAction","name":"Comment","target":["https:\/\/jornalpontomais.com\/site\/2026\/09\/04\/estudo-aponta-risco-60-maior-de-morte-prematura-entre-pessoas-com-transtorno-bipolar-tipo-2\/#respond"]}]},{"@type":"WebPage","@id":"https:\/\/jornalpontomais.com\/site\/2026\/09\/04\/estudo-aponta-risco-60-maior-de-morte-prematura-entre-pessoas-com-transtorno-bipolar-tipo-2\/","url":"https:\/\/jornalpontomais.com\/site\/2026\/09\/04\/estudo-aponta-risco-60-maior-de-morte-prematura-entre-pessoas-com-transtorno-bipolar-tipo-2\/","name":"Estudo aponta risco 60% maior de morte prematura entre pessoas com transtorno bipolar tipo 2 - Jornal Ponto Mais","isPartOf":{"@id":"https:\/\/jornalpontomais.com\/site\/#website"},"primaryImageOfPage":{"@id":"https:\/\/jornalpontomais.com\/site\/2026\/09\/04\/estudo-aponta-risco-60-maior-de-morte-prematura-entre-pessoas-com-transtorno-bipolar-tipo-2\/#primaryimage"},"image":{"@id":"https:\/\/jornalpontomais.com\/site\/2026\/09\/04\/estudo-aponta-risco-60-maior-de-morte-prematura-entre-pessoas-com-transtorno-bipolar-tipo-2\/#primaryimage"},"thumbnailUrl":"https:\/\/jornalpontomais.com\/site\/wp-content\/uploads\/2024\/05\/mulher-triste.jpg","datePublished":"2026-09-04T12:56:17+00:00","dateModified":"2026-09-04T12:56:36+00:00","breadcrumb":{"@id":"https:\/\/jornalpontomais.com\/site\/2026\/09\/04\/estudo-aponta-risco-60-maior-de-morte-prematura-entre-pessoas-com-transtorno-bipolar-tipo-2\/#breadcrumb"},"inLanguage":"pt-BR","potentialAction":[{"@type":"ReadAction","target":["https:\/\/jornalpontomais.com\/site\/2026\/09\/04\/estudo-aponta-risco-60-maior-de-morte-prematura-entre-pessoas-com-transtorno-bipolar-tipo-2\/"]}]},{"@type":"ImageObject","inLanguage":"pt-BR","@id":"https:\/\/jornalpontomais.com\/site\/2026\/09\/04\/estudo-aponta-risco-60-maior-de-morte-prematura-entre-pessoas-com-transtorno-bipolar-tipo-2\/#primaryimage","url":"https:\/\/jornalpontomais.com\/site\/wp-content\/uploads\/2024\/05\/mulher-triste.jpg","contentUrl":"https:\/\/jornalpontomais.com\/site\/wp-content\/uploads\/2024\/05\/mulher-triste.jpg","width":800,"height":600},{"@type":"BreadcrumbList","@id":"https:\/\/jornalpontomais.com\/site\/2026\/09\/04\/estudo-aponta-risco-60-maior-de-morte-prematura-entre-pessoas-com-transtorno-bipolar-tipo-2\/#breadcrumb","itemListElement":[{"@type":"ListItem","position":1,"name":"In\u00edcio","item":"https:\/\/jornalpontomais.com\/site\/"},{"@type":"ListItem","position":2,"name":"Estudo aponta risco 60% maior de morte prematura entre pessoas com transtorno bipolar tipo 2"}]},{"@type":"WebSite","@id":"https:\/\/jornalpontomais.com\/site\/#website","url":"https:\/\/jornalpontomais.com\/site\/","name":"Jornal Ponto Mais","description":"As principais not\u00edcias do Brasil e do mundo. Confira!","publisher":{"@id":"https:\/\/jornalpontomais.com\/site\/#organization"},"potentialAction":[{"@type":"SearchAction","target":{"@type":"EntryPoint","urlTemplate":"https:\/\/jornalpontomais.com\/site\/?s={search_term_string}"},"query-input":{"@type":"PropertyValueSpecification","valueRequired":true,"valueName":"search_term_string"}}],"inLanguage":"pt-BR"},{"@type":"Organization","@id":"https:\/\/jornalpontomais.com\/site\/#organization","name":"Jornal Ponto+","url":"https:\/\/jornalpontomais.com\/site\/","logo":{"@type":"ImageObject","inLanguage":"pt-BR","@id":"https:\/\/jornalpontomais.com\/site\/#\/schema\/logo\/image\/","url":"https:\/\/jornalpontomais.com\/site\/wp-content\/uploads\/2022\/01\/marca.png","contentUrl":"https:\/\/jornalpontomais.com\/site\/wp-content\/uploads\/2022\/01\/marca.png","width":582,"height":148,"caption":"Jornal Ponto+"},"image":{"@id":"https:\/\/jornalpontomais.com\/site\/#\/schema\/logo\/image\/"}},{"@type":"Person","@id":"https:\/\/jornalpontomais.com\/site\/#\/schema\/person\/18323f0b0f1355f2490721c48389fe9d","name":"Jornal Ponto Mais","image":{"@type":"ImageObject","inLanguage":"pt-BR","@id":"https:\/\/secure.gravatar.com\/avatar\/2ee0a9b7fe10fe32bdec8bc086e871e41eb5f4f6ecbcb7b4f2fe0d92d831405f?s=96&d=mm&r=g","url":"https:\/\/secure.gravatar.com\/avatar\/2ee0a9b7fe10fe32bdec8bc086e871e41eb5f4f6ecbcb7b4f2fe0d92d831405f?s=96&d=mm&r=g","contentUrl":"https:\/\/secure.gravatar.com\/avatar\/2ee0a9b7fe10fe32bdec8bc086e871e41eb5f4f6ecbcb7b4f2fe0d92d831405f?s=96&d=mm&r=g","caption":"Jornal Ponto Mais"},"sameAs":["https:\/\/jornalpontomais.com\/site","jornalpontomais"],"url":"https:\/\/jornalpontomais.com\/site\/author\/jornalpontomais\/"}]}},"_links":{"self":[{"href":"https:\/\/jornalpontomais.com\/site\/wp-json\/wp\/v2\/posts\/25261","targetHints":{"allow":["GET"]}}],"collection":[{"href":"https:\/\/jornalpontomais.com\/site\/wp-json\/wp\/v2\/posts"}],"about":[{"href":"https:\/\/jornalpontomais.com\/site\/wp-json\/wp\/v2\/types\/post"}],"author":[{"embeddable":true,"href":"https:\/\/jornalpontomais.com\/site\/wp-json\/wp\/v2\/users\/2"}],"replies":[{"embeddable":true,"href":"https:\/\/jornalpontomais.com\/site\/wp-json\/wp\/v2\/comments?post=25261"}],"version-history":[{"count":2,"href":"https:\/\/jornalpontomais.com\/site\/wp-json\/wp\/v2\/posts\/25261\/revisions"}],"predecessor-version":[{"id":25263,"href":"https:\/\/jornalpontomais.com\/site\/wp-json\/wp\/v2\/posts\/25261\/revisions\/25263"}],"wp:featuredmedia":[{"embeddable":true,"href":"https:\/\/jornalpontomais.com\/site\/wp-json\/wp\/v2\/media\/13436"}],"wp:attachment":[{"href":"https:\/\/jornalpontomais.com\/site\/wp-json\/wp\/v2\/media?parent=25261"}],"wp:term":[{"taxonomy":"category","embeddable":true,"href":"https:\/\/jornalpontomais.com\/site\/wp-json\/wp\/v2\/categories?post=25261"},{"taxonomy":"post_tag","embeddable":true,"href":"https:\/\/jornalpontomais.com\/site\/wp-json\/wp\/v2\/tags?post=25261"}],"curies":[{"name":"wp","href":"https:\/\/api.w.org\/{rel}","templated":true}]}}