{"id":25249,"date":"2026-09-03T18:00:07","date_gmt":"2026-09-03T21:00:07","guid":{"rendered":"https:\/\/jornalpontomais.com\/site\/?p=25249"},"modified":"2026-09-03T18:01:32","modified_gmt":"2026-09-03T21:01:32","slug":"kitao-aparece-entre-os-tres-nomes-mais-citados-em-chapa-do-mobiliza-que-ja-atinge-a-marca-de-46-das-intencoes-de-voto","status":"publish","type":"post","link":"https:\/\/jornalpontomais.com\/site\/2026\/09\/03\/kitao-aparece-entre-os-tres-nomes-mais-citados-em-chapa-do-mobiliza-que-ja-atinge-a-marca-de-46-das-intencoes-de-voto\/","title":{"rendered":"Kit\u00e3o aparece entre os tr\u00eas nomes mais citados em chapa do Mobiliza, que j\u00e1 atinge a marca de 4,6% das inten\u00e7\u00f5es de voto"},"content":{"rendered":"\n<p class=\"wp-block-paragraph\"><em>Levantamento divulgado pelo Instituto Igape cita 11 nomes do partido na disputa por vagas na Alego e o vereador da Capital aparece na lista dos mais citados<\/em><br><br><\/p>\n\n\n\n<p class=\"wp-block-paragraph\">A mais recente pesquisa eleitoral divulgada pelo Instituto Gazeta de Pesquisas (Igape) segue confirmando a chapa do Mobiliza com fortes condi\u00e7\u00f5es de eleger mais de tr\u00eas deputados estaduais na corrida para as vagas em disputa na Assembleia Legislativa de Goi\u00e1s (Alego).<br><br><\/p>\n\n\n\n<p class=\"wp-block-paragraph\">O partido conta com 11 candidatos citados na pesquisa espont\u00e2nea divulgada pelo Instituto e o vereador e candidato a deputado estadual, vereador Lucas Kit\u00e3o (Goi\u00e2nia), aparece entre os tr\u00eas mais citados, com 0,5% das men\u00e7\u00f5es dos eleitores de todo o Estado.<br><br><\/p>\n\n\n\n<p class=\"wp-block-paragraph\">Os outros 10 candidatos citados na pesquisa que est\u00e3o filiados ao Mobiliza variam entre 0,2% e 0,7%.<br><br><\/p>\n\n\n\n<p class=\"wp-block-paragraph\"><strong>CONFIRA:<\/strong><\/p>\n\n\n\n<p class=\"wp-block-paragraph\">Fred Vidigal &#8211; 0,7%;<br>Felipe Cortez &#8211; 0,6%;<br>Lucas Kit\u00e3o &#8211; 0,5%;<br>Major Eudecirio &#8211; 0,5%;<br>Daniel Messac &#8211; 0,4%;<br>Bessa &#8211; 0,4%;<br>Z\u00e9 Diniz &#8211; 0,4%;<br>Ana Paula Rezende &#8211; 0,3%;<br>Carpegiane Silvestre &#8211; 0,3%;<br>S\u00e9rgio Bravo &#8211; 0,3%;<br>Cabo Senna &#8211; 0,2%.<br><br><\/p>\n\n\n\n<p class=\"wp-block-paragraph\">Juntos, todos os candidatos marcam 4,6% que representam 235 mil dos 5.081.043 eleitores que Goi\u00e1s t\u00eam registrado nos dados mais recentes divulgados pelo Tribunal Superior Eleitoral (TSE).<br><br><\/p>\n\n\n\n<p class=\"wp-block-paragraph\">As proje\u00e7\u00f5es dos pr\u00e9-candidatos apontam que \u00e9 poss\u00edvel atingir, pelo menos, tr\u00eas cadeiras na Assembleia Legislativa com o potencial de votos. A t\u00edtulo de compara\u00e7\u00e3o, em 2022, as chapas da Federa\u00e7\u00e3o Brasil da Esperan\u00e7a (PT, PCdoB e PV), PL e do Progressistas elegeram tr\u00eas parlamentares ao somar entre 209 e 251 mil votos.<br><br><\/p>\n\n\n\n<p class=\"wp-block-paragraph\"><strong>Hist\u00f3rico do Mobiliza<\/strong><\/p>\n\n\n\n<p class=\"wp-block-paragraph\">A legenda tem hist\u00f3rico de eleger deputados estaduais e de estar em chapas vencedoras desde 2006, quando ainda podiam realizar coliga\u00e7\u00f5es partid\u00e1rias para as elei\u00e7\u00f5es proporcionais. Naquele pleito, coligado como o antigo PTdoB (hoje Avante) as legendas fizeram duas cadeiras, Ti\u00e3ozinho Costa e Valim (ambos do PTdoB).<br><br><\/p>\n\n\n\n<p class=\"wp-block-paragraph\">Em 2010, junto com PTN, PAN, PV e PTdoB, o partido elegeu o ex-deputado Elias J\u00fanior. No pleito seguinte, coligados com o PHS, a ex-deputada Eliane Pinheiro foi eleita pela legenda. Em 2018, com o PRTB, foram os peerretebistas que fizeram duas vagas na Alego, em chapa que contou com o antigo PMN.<br><br><\/p>\n\n\n\n<p class=\"wp-block-paragraph\">Em 2022, sem a possibilidade de coliga\u00e7\u00f5es partid\u00e1rias, o partido somou apenas 31.554 votos e n\u00e3o fez nenhuma cadeira.<br><br><\/p>\n\n\n\n<p class=\"wp-block-paragraph\"><strong>Nova realidade<\/strong><\/p>\n\n\n\n<p class=\"wp-block-paragraph\">Neste pleito, a realidade \u00e9 outra. Os vereadores goianienses Kit\u00e3o, Bessa e Senna se filiaram ao Mobiliza no in\u00edcio de abril para disputar uma vaga na Alego e Kit\u00e3o v\u00ea todos com as mesmas condi\u00e7\u00f5es de disputa por uma vaga e plenas condi\u00e7\u00f5es de representar Goi\u00e2nia e a Regi\u00e3o Metropolitana no parlamento estadual.<br><br><\/p>\n\n\n\n<p class=\"wp-block-paragraph\">\u201cEstamos no meio desta corrida com nomes importantes que fortalecem a nossa chapa. Todos est\u00e3o em p\u00e9 de igualdade e a expectativa do nosso grupo \u00e9 muito boa, de que \u00e9 poss\u00edvel estarmos entre os eleitos, e com todos em plenas condi\u00e7\u00f5es de disputa e uma base coesa e que est\u00e1 disposta a representar a base do governador Daniel Vilela e a cidade de Goi\u00e2nia na Alego. Temos plenas condi\u00e7\u00f5es de brigar pela quarta cadeira e os n\u00fameros mostram isso\u201d, diz o candidato.<br><br><\/p>\n\n\n\n<p class=\"wp-block-paragraph\">Kit\u00e3o reitera que todos os tr\u00eas goianienses est\u00e3o no mesmo patamar de votos. Ele e os 2 vereadores da Capital somaram 20.235 votos nas elei\u00e7\u00f5es municipais de Goi\u00e2nia em 2024. Kit\u00e3o somou 7806 votos, Senna 6.306 e Bessa obteve 6.123. O potencial eleitoral, contudo, ainda \u00e9 maior. Kit\u00e3o e Senna t\u00eam hist\u00f3rico nas elei\u00e7\u00f5es gerais de 2022. Juntos, os dois tiveram 24.468 votos na corrida para C\u00e2mara dos Deputados e para Assembleia Legislativa de Goi\u00e1s, respectivamente.<br><br><\/p>\n\n\n\n<p class=\"wp-block-paragraph\"><strong>Pesquisa Igape<\/strong><\/p>\n\n\n\n<p class=\"wp-block-paragraph\">A pesquisa Igape foi divulgada pelo Instituto no in\u00edcio de julho, pela TV Atual \u2013 afiliada \u00e0 Record News, com o c\u00f3digo GO-09302\/2026. Ao todo, o instituto realizou 3 mil entrevistas entre os dias 26 de junho e 2 de julho. A margem de erro registrada pelo Igape foi de 1,8 ponto percentual (pp) para mais ou para menos.<\/p>\n","protected":false},"excerpt":{"rendered":"<p>Levantamento divulgado pelo Instituto Igape cita 11 nomes do partido na disputa por vagas na Alego e o vereador da Capital aparece na lista dos mais citados A mais recente pesquisa eleitoral divulgada pelo Instituto Gazeta de Pesquisas (Igape) segue confirmando a chapa do Mobiliza com fortes condi\u00e7\u00f5es de eleger mais de tr\u00eas deputados estaduais [&hellip;]<\/p>\n","protected":false},"author":2,"featured_media":25250,"comment_status":"open","ping_status":"open","sticky":false,"template":"","format":"standard","meta":{"om_disable_all_campaigns":false,"_monsterinsights_skip_tracking":false,"_monsterinsights_sitenote_active":false,"_monsterinsights_sitenote_note":"","_monsterinsights_sitenote_category":0,"footnotes":""},"categories":[1],"tags":[],"class_list":["post-25249","post","type-post","status-publish","format-standard","has-post-thumbnail","hentry","category-politica"],"yoast_head":"<!-- This site is optimized with the Yoast SEO plugin v27.2 - https:\/\/yoast.com\/product\/yoast-seo-wordpress\/ -->\n<title>Kit\u00e3o aparece entre os tr\u00eas nomes mais citados em chapa do Mobiliza, que j\u00e1 atinge a marca de 4,6% das inten\u00e7\u00f5es de voto - Jornal Ponto Mais<\/title>\n<meta name=\"robots\" content=\"index, follow, max-snippet:-1, max-image-preview:large, max-video-preview:-1\" \/>\n<link rel=\"canonical\" href=\"https:\/\/jornalpontomais.com\/site\/2026\/09\/03\/kitao-aparece-entre-os-tres-nomes-mais-citados-em-chapa-do-mobiliza-que-ja-atinge-a-marca-de-46-das-intencoes-de-voto\/\" \/>\n<meta property=\"og:locale\" content=\"pt_BR\" \/>\n<meta property=\"og:type\" content=\"article\" \/>\n<meta property=\"og:title\" content=\"Kit\u00e3o aparece entre os tr\u00eas nomes mais citados em chapa do Mobiliza, que j\u00e1 atinge a marca de 4,6% das inten\u00e7\u00f5es de voto - Jornal Ponto Mais\" \/>\n<meta property=\"og:description\" content=\"Levantamento divulgado pelo Instituto Igape cita 11 nomes do partido na disputa por vagas na Alego e o vereador da Capital aparece na lista dos mais citados A mais recente pesquisa eleitoral divulgada pelo Instituto Gazeta de Pesquisas (Igape) segue confirmando a chapa do Mobiliza com fortes condi\u00e7\u00f5es de eleger mais de tr\u00eas deputados estaduais [&hellip;]\" \/>\n<meta property=\"og:url\" content=\"https:\/\/jornalpontomais.com\/site\/2026\/09\/03\/kitao-aparece-entre-os-tres-nomes-mais-citados-em-chapa-do-mobiliza-que-ja-atinge-a-marca-de-46-das-intencoes-de-voto\/\" \/>\n<meta property=\"og:site_name\" content=\"Jornal Ponto Mais\" \/>\n<meta property=\"article:published_time\" content=\"2026-09-03T21:00:07+00:00\" \/>\n<meta property=\"article:modified_time\" content=\"2026-09-03T21:01:32+00:00\" \/>\n<meta property=\"og:image\" content=\"https:\/\/jornalpontomais.com\/site\/wp-content\/uploads\/2026\/09\/Kitao.jpeg\" \/>\n\t<meta property=\"og:image:width\" content=\"1280\" \/>\n\t<meta property=\"og:image:height\" content=\"959\" \/>\n\t<meta property=\"og:image:type\" content=\"image\/jpeg\" \/>\n<meta name=\"author\" content=\"Jornal Ponto Mais\" \/>\n<meta name=\"twitter:card\" content=\"summary_large_image\" \/>\n<meta name=\"twitter:label1\" content=\"Escrito por\" \/>\n\t<meta name=\"twitter:data1\" content=\"Jornal Ponto Mais\" \/>\n\t<meta name=\"twitter:label2\" content=\"Est. tempo de leitura\" \/>\n\t<meta name=\"twitter:data2\" content=\"3 minutos\" \/>\n<script type=\"application\/ld+json\" class=\"yoast-schema-graph\">{\"@context\":\"https:\/\/schema.org\",\"@graph\":[{\"@type\":\"Article\",\"@id\":\"https:\/\/jornalpontomais.com\/site\/2026\/09\/03\/kitao-aparece-entre-os-tres-nomes-mais-citados-em-chapa-do-mobiliza-que-ja-atinge-a-marca-de-46-das-intencoes-de-voto\/#article\",\"isPartOf\":{\"@id\":\"https:\/\/jornalpontomais.com\/site\/2026\/09\/03\/kitao-aparece-entre-os-tres-nomes-mais-citados-em-chapa-do-mobiliza-que-ja-atinge-a-marca-de-46-das-intencoes-de-voto\/\"},\"author\":{\"name\":\"Jornal Ponto Mais\",\"@id\":\"https:\/\/jornalpontomais.com\/site\/#\/schema\/person\/18323f0b0f1355f2490721c48389fe9d\"},\"headline\":\"Kit\u00e3o aparece entre os tr\u00eas nomes mais citados em chapa do Mobiliza, que j\u00e1 atinge a marca de 4,6% das inten\u00e7\u00f5es de voto\",\"datePublished\":\"2026-09-03T21:00:07+00:00\",\"dateModified\":\"2026-09-03T21:01:32+00:00\",\"mainEntityOfPage\":{\"@id\":\"https:\/\/jornalpontomais.com\/site\/2026\/09\/03\/kitao-aparece-entre-os-tres-nomes-mais-citados-em-chapa-do-mobiliza-que-ja-atinge-a-marca-de-46-das-intencoes-de-voto\/\"},\"wordCount\":685,\"commentCount\":0,\"publisher\":{\"@id\":\"https:\/\/jornalpontomais.com\/site\/#organization\"},\"image\":{\"@id\":\"https:\/\/jornalpontomais.com\/site\/2026\/09\/03\/kitao-aparece-entre-os-tres-nomes-mais-citados-em-chapa-do-mobiliza-que-ja-atinge-a-marca-de-46-das-intencoes-de-voto\/#primaryimage\"},\"thumbnailUrl\":\"https:\/\/jornalpontomais.com\/site\/wp-content\/uploads\/2026\/09\/Kitao.jpeg\",\"articleSection\":[\"Pol\u00edtica\"],\"inLanguage\":\"pt-BR\",\"potentialAction\":[{\"@type\":\"CommentAction\",\"name\":\"Comment\",\"target\":[\"https:\/\/jornalpontomais.com\/site\/2026\/09\/03\/kitao-aparece-entre-os-tres-nomes-mais-citados-em-chapa-do-mobiliza-que-ja-atinge-a-marca-de-46-das-intencoes-de-voto\/#respond\"]}]},{\"@type\":\"WebPage\",\"@id\":\"https:\/\/jornalpontomais.com\/site\/2026\/09\/03\/kitao-aparece-entre-os-tres-nomes-mais-citados-em-chapa-do-mobiliza-que-ja-atinge-a-marca-de-46-das-intencoes-de-voto\/\",\"url\":\"https:\/\/jornalpontomais.com\/site\/2026\/09\/03\/kitao-aparece-entre-os-tres-nomes-mais-citados-em-chapa-do-mobiliza-que-ja-atinge-a-marca-de-46-das-intencoes-de-voto\/\",\"name\":\"Kit\u00e3o aparece entre os tr\u00eas nomes mais citados em chapa do Mobiliza, que j\u00e1 atinge a marca de 4,6% das inten\u00e7\u00f5es de voto - Jornal Ponto Mais\",\"isPartOf\":{\"@id\":\"https:\/\/jornalpontomais.com\/site\/#website\"},\"primaryImageOfPage\":{\"@id\":\"https:\/\/jornalpontomais.com\/site\/2026\/09\/03\/kitao-aparece-entre-os-tres-nomes-mais-citados-em-chapa-do-mobiliza-que-ja-atinge-a-marca-de-46-das-intencoes-de-voto\/#primaryimage\"},\"image\":{\"@id\":\"https:\/\/jornalpontomais.com\/site\/2026\/09\/03\/kitao-aparece-entre-os-tres-nomes-mais-citados-em-chapa-do-mobiliza-que-ja-atinge-a-marca-de-46-das-intencoes-de-voto\/#primaryimage\"},\"thumbnailUrl\":\"https:\/\/jornalpontomais.com\/site\/wp-content\/uploads\/2026\/09\/Kitao.jpeg\",\"datePublished\":\"2026-09-03T21:00:07+00:00\",\"dateModified\":\"2026-09-03T21:01:32+00:00\",\"breadcrumb\":{\"@id\":\"https:\/\/jornalpontomais.com\/site\/2026\/09\/03\/kitao-aparece-entre-os-tres-nomes-mais-citados-em-chapa-do-mobiliza-que-ja-atinge-a-marca-de-46-das-intencoes-de-voto\/#breadcrumb\"},\"inLanguage\":\"pt-BR\",\"potentialAction\":[{\"@type\":\"ReadAction\",\"target\":[\"https:\/\/jornalpontomais.com\/site\/2026\/09\/03\/kitao-aparece-entre-os-tres-nomes-mais-citados-em-chapa-do-mobiliza-que-ja-atinge-a-marca-de-46-das-intencoes-de-voto\/\"]}]},{\"@type\":\"ImageObject\",\"inLanguage\":\"pt-BR\",\"@id\":\"https:\/\/jornalpontomais.com\/site\/2026\/09\/03\/kitao-aparece-entre-os-tres-nomes-mais-citados-em-chapa-do-mobiliza-que-ja-atinge-a-marca-de-46-das-intencoes-de-voto\/#primaryimage\",\"url\":\"https:\/\/jornalpontomais.com\/site\/wp-content\/uploads\/2026\/09\/Kitao.jpeg\",\"contentUrl\":\"https:\/\/jornalpontomais.com\/site\/wp-content\/uploads\/2026\/09\/Kitao.jpeg\",\"width\":1280,\"height\":959},{\"@type\":\"BreadcrumbList\",\"@id\":\"https:\/\/jornalpontomais.com\/site\/2026\/09\/03\/kitao-aparece-entre-os-tres-nomes-mais-citados-em-chapa-do-mobiliza-que-ja-atinge-a-marca-de-46-das-intencoes-de-voto\/#breadcrumb\",\"itemListElement\":[{\"@type\":\"ListItem\",\"position\":1,\"name\":\"In\u00edcio\",\"item\":\"https:\/\/jornalpontomais.com\/site\/\"},{\"@type\":\"ListItem\",\"position\":2,\"name\":\"Kit\u00e3o aparece entre os tr\u00eas nomes mais citados em chapa do Mobiliza, que j\u00e1 atinge a marca de 4,6% das inten\u00e7\u00f5es de voto\"}]},{\"@type\":\"WebSite\",\"@id\":\"https:\/\/jornalpontomais.com\/site\/#website\",\"url\":\"https:\/\/jornalpontomais.com\/site\/\",\"name\":\"Jornal Ponto Mais\",\"description\":\"As principais not\u00edcias do Brasil e do mundo. Confira!\",\"publisher\":{\"@id\":\"https:\/\/jornalpontomais.com\/site\/#organization\"},\"potentialAction\":[{\"@type\":\"SearchAction\",\"target\":{\"@type\":\"EntryPoint\",\"urlTemplate\":\"https:\/\/jornalpontomais.com\/site\/?s={search_term_string}\"},\"query-input\":{\"@type\":\"PropertyValueSpecification\",\"valueRequired\":true,\"valueName\":\"search_term_string\"}}],\"inLanguage\":\"pt-BR\"},{\"@type\":\"Organization\",\"@id\":\"https:\/\/jornalpontomais.com\/site\/#organization\",\"name\":\"Jornal Ponto+\",\"url\":\"https:\/\/jornalpontomais.com\/site\/\",\"logo\":{\"@type\":\"ImageObject\",\"inLanguage\":\"pt-BR\",\"@id\":\"https:\/\/jornalpontomais.com\/site\/#\/schema\/logo\/image\/\",\"url\":\"https:\/\/jornalpontomais.com\/site\/wp-content\/uploads\/2022\/01\/marca.png\",\"contentUrl\":\"https:\/\/jornalpontomais.com\/site\/wp-content\/uploads\/2022\/01\/marca.png\",\"width\":582,\"height\":148,\"caption\":\"Jornal Ponto+\"},\"image\":{\"@id\":\"https:\/\/jornalpontomais.com\/site\/#\/schema\/logo\/image\/\"}},{\"@type\":\"Person\",\"@id\":\"https:\/\/jornalpontomais.com\/site\/#\/schema\/person\/18323f0b0f1355f2490721c48389fe9d\",\"name\":\"Jornal Ponto Mais\",\"image\":{\"@type\":\"ImageObject\",\"inLanguage\":\"pt-BR\",\"@id\":\"https:\/\/secure.gravatar.com\/avatar\/2ee0a9b7fe10fe32bdec8bc086e871e41eb5f4f6ecbcb7b4f2fe0d92d831405f?s=96&d=mm&r=g\",\"url\":\"https:\/\/secure.gravatar.com\/avatar\/2ee0a9b7fe10fe32bdec8bc086e871e41eb5f4f6ecbcb7b4f2fe0d92d831405f?s=96&d=mm&r=g\",\"contentUrl\":\"https:\/\/secure.gravatar.com\/avatar\/2ee0a9b7fe10fe32bdec8bc086e871e41eb5f4f6ecbcb7b4f2fe0d92d831405f?s=96&d=mm&r=g\",\"caption\":\"Jornal Ponto Mais\"},\"sameAs\":[\"https:\/\/jornalpontomais.com\/site\",\"jornalpontomais\"],\"url\":\"https:\/\/jornalpontomais.com\/site\/author\/jornalpontomais\/\"}]}<\/script>\n<!-- \/ Yoast SEO plugin. -->","yoast_head_json":{"title":"Kit\u00e3o aparece entre os tr\u00eas nomes mais citados em chapa do Mobiliza, que j\u00e1 atinge a marca de 4,6% das inten\u00e7\u00f5es de voto - Jornal Ponto Mais","robots":{"index":"index","follow":"follow","max-snippet":"max-snippet:-1","max-image-preview":"max-image-preview:large","max-video-preview":"max-video-preview:-1"},"canonical":"https:\/\/jornalpontomais.com\/site\/2026\/09\/03\/kitao-aparece-entre-os-tres-nomes-mais-citados-em-chapa-do-mobiliza-que-ja-atinge-a-marca-de-46-das-intencoes-de-voto\/","og_locale":"pt_BR","og_type":"article","og_title":"Kit\u00e3o aparece entre os tr\u00eas nomes mais citados em chapa do Mobiliza, que j\u00e1 atinge a marca de 4,6% das inten\u00e7\u00f5es de voto - Jornal Ponto Mais","og_description":"Levantamento divulgado pelo Instituto Igape cita 11 nomes do partido na disputa por vagas na Alego e o vereador da Capital aparece na lista dos mais citados A mais recente pesquisa eleitoral divulgada pelo Instituto Gazeta de Pesquisas (Igape) segue confirmando a chapa do Mobiliza com fortes condi\u00e7\u00f5es de eleger mais de tr\u00eas deputados estaduais [&hellip;]","og_url":"https:\/\/jornalpontomais.com\/site\/2026\/09\/03\/kitao-aparece-entre-os-tres-nomes-mais-citados-em-chapa-do-mobiliza-que-ja-atinge-a-marca-de-46-das-intencoes-de-voto\/","og_site_name":"Jornal Ponto Mais","article_published_time":"2026-09-03T21:00:07+00:00","article_modified_time":"2026-09-03T21:01:32+00:00","og_image":[{"width":1280,"height":959,"url":"https:\/\/jornalpontomais.com\/site\/wp-content\/uploads\/2026\/09\/Kitao.jpeg","type":"image\/jpeg"}],"author":"Jornal Ponto Mais","twitter_card":"summary_large_image","twitter_misc":{"Escrito por":"Jornal Ponto Mais","Est. tempo de leitura":"3 minutos"},"schema":{"@context":"https:\/\/schema.org","@graph":[{"@type":"Article","@id":"https:\/\/jornalpontomais.com\/site\/2026\/09\/03\/kitao-aparece-entre-os-tres-nomes-mais-citados-em-chapa-do-mobiliza-que-ja-atinge-a-marca-de-46-das-intencoes-de-voto\/#article","isPartOf":{"@id":"https:\/\/jornalpontomais.com\/site\/2026\/09\/03\/kitao-aparece-entre-os-tres-nomes-mais-citados-em-chapa-do-mobiliza-que-ja-atinge-a-marca-de-46-das-intencoes-de-voto\/"},"author":{"name":"Jornal Ponto Mais","@id":"https:\/\/jornalpontomais.com\/site\/#\/schema\/person\/18323f0b0f1355f2490721c48389fe9d"},"headline":"Kit\u00e3o aparece entre os tr\u00eas nomes mais citados em chapa do Mobiliza, que j\u00e1 atinge a marca de 4,6% das inten\u00e7\u00f5es de voto","datePublished":"2026-09-03T21:00:07+00:00","dateModified":"2026-09-03T21:01:32+00:00","mainEntityOfPage":{"@id":"https:\/\/jornalpontomais.com\/site\/2026\/09\/03\/kitao-aparece-entre-os-tres-nomes-mais-citados-em-chapa-do-mobiliza-que-ja-atinge-a-marca-de-46-das-intencoes-de-voto\/"},"wordCount":685,"commentCount":0,"publisher":{"@id":"https:\/\/jornalpontomais.com\/site\/#organization"},"image":{"@id":"https:\/\/jornalpontomais.com\/site\/2026\/09\/03\/kitao-aparece-entre-os-tres-nomes-mais-citados-em-chapa-do-mobiliza-que-ja-atinge-a-marca-de-46-das-intencoes-de-voto\/#primaryimage"},"thumbnailUrl":"https:\/\/jornalpontomais.com\/site\/wp-content\/uploads\/2026\/09\/Kitao.jpeg","articleSection":["Pol\u00edtica"],"inLanguage":"pt-BR","potentialAction":[{"@type":"CommentAction","name":"Comment","target":["https:\/\/jornalpontomais.com\/site\/2026\/09\/03\/kitao-aparece-entre-os-tres-nomes-mais-citados-em-chapa-do-mobiliza-que-ja-atinge-a-marca-de-46-das-intencoes-de-voto\/#respond"]}]},{"@type":"WebPage","@id":"https:\/\/jornalpontomais.com\/site\/2026\/09\/03\/kitao-aparece-entre-os-tres-nomes-mais-citados-em-chapa-do-mobiliza-que-ja-atinge-a-marca-de-46-das-intencoes-de-voto\/","url":"https:\/\/jornalpontomais.com\/site\/2026\/09\/03\/kitao-aparece-entre-os-tres-nomes-mais-citados-em-chapa-do-mobiliza-que-ja-atinge-a-marca-de-46-das-intencoes-de-voto\/","name":"Kit\u00e3o aparece entre os tr\u00eas nomes mais citados em chapa do Mobiliza, que j\u00e1 atinge a marca de 4,6% das inten\u00e7\u00f5es de voto - Jornal Ponto Mais","isPartOf":{"@id":"https:\/\/jornalpontomais.com\/site\/#website"},"primaryImageOfPage":{"@id":"https:\/\/jornalpontomais.com\/site\/2026\/09\/03\/kitao-aparece-entre-os-tres-nomes-mais-citados-em-chapa-do-mobiliza-que-ja-atinge-a-marca-de-46-das-intencoes-de-voto\/#primaryimage"},"image":{"@id":"https:\/\/jornalpontomais.com\/site\/2026\/09\/03\/kitao-aparece-entre-os-tres-nomes-mais-citados-em-chapa-do-mobiliza-que-ja-atinge-a-marca-de-46-das-intencoes-de-voto\/#primaryimage"},"thumbnailUrl":"https:\/\/jornalpontomais.com\/site\/wp-content\/uploads\/2026\/09\/Kitao.jpeg","datePublished":"2026-09-03T21:00:07+00:00","dateModified":"2026-09-03T21:01:32+00:00","breadcrumb":{"@id":"https:\/\/jornalpontomais.com\/site\/2026\/09\/03\/kitao-aparece-entre-os-tres-nomes-mais-citados-em-chapa-do-mobiliza-que-ja-atinge-a-marca-de-46-das-intencoes-de-voto\/#breadcrumb"},"inLanguage":"pt-BR","potentialAction":[{"@type":"ReadAction","target":["https:\/\/jornalpontomais.com\/site\/2026\/09\/03\/kitao-aparece-entre-os-tres-nomes-mais-citados-em-chapa-do-mobiliza-que-ja-atinge-a-marca-de-46-das-intencoes-de-voto\/"]}]},{"@type":"ImageObject","inLanguage":"pt-BR","@id":"https:\/\/jornalpontomais.com\/site\/2026\/09\/03\/kitao-aparece-entre-os-tres-nomes-mais-citados-em-chapa-do-mobiliza-que-ja-atinge-a-marca-de-46-das-intencoes-de-voto\/#primaryimage","url":"https:\/\/jornalpontomais.com\/site\/wp-content\/uploads\/2026\/09\/Kitao.jpeg","contentUrl":"https:\/\/jornalpontomais.com\/site\/wp-content\/uploads\/2026\/09\/Kitao.jpeg","width":1280,"height":959},{"@type":"BreadcrumbList","@id":"https:\/\/jornalpontomais.com\/site\/2026\/09\/03\/kitao-aparece-entre-os-tres-nomes-mais-citados-em-chapa-do-mobiliza-que-ja-atinge-a-marca-de-46-das-intencoes-de-voto\/#breadcrumb","itemListElement":[{"@type":"ListItem","position":1,"name":"In\u00edcio","item":"https:\/\/jornalpontomais.com\/site\/"},{"@type":"ListItem","position":2,"name":"Kit\u00e3o aparece entre os tr\u00eas nomes mais citados em chapa do Mobiliza, que j\u00e1 atinge a marca de 4,6% das inten\u00e7\u00f5es de voto"}]},{"@type":"WebSite","@id":"https:\/\/jornalpontomais.com\/site\/#website","url":"https:\/\/jornalpontomais.com\/site\/","name":"Jornal Ponto Mais","description":"As principais not\u00edcias do Brasil e do mundo. Confira!","publisher":{"@id":"https:\/\/jornalpontomais.com\/site\/#organization"},"potentialAction":[{"@type":"SearchAction","target":{"@type":"EntryPoint","urlTemplate":"https:\/\/jornalpontomais.com\/site\/?s={search_term_string}"},"query-input":{"@type":"PropertyValueSpecification","valueRequired":true,"valueName":"search_term_string"}}],"inLanguage":"pt-BR"},{"@type":"Organization","@id":"https:\/\/jornalpontomais.com\/site\/#organization","name":"Jornal Ponto+","url":"https:\/\/jornalpontomais.com\/site\/","logo":{"@type":"ImageObject","inLanguage":"pt-BR","@id":"https:\/\/jornalpontomais.com\/site\/#\/schema\/logo\/image\/","url":"https:\/\/jornalpontomais.com\/site\/wp-content\/uploads\/2022\/01\/marca.png","contentUrl":"https:\/\/jornalpontomais.com\/site\/wp-content\/uploads\/2022\/01\/marca.png","width":582,"height":148,"caption":"Jornal Ponto+"},"image":{"@id":"https:\/\/jornalpontomais.com\/site\/#\/schema\/logo\/image\/"}},{"@type":"Person","@id":"https:\/\/jornalpontomais.com\/site\/#\/schema\/person\/18323f0b0f1355f2490721c48389fe9d","name":"Jornal Ponto Mais","image":{"@type":"ImageObject","inLanguage":"pt-BR","@id":"https:\/\/secure.gravatar.com\/avatar\/2ee0a9b7fe10fe32bdec8bc086e871e41eb5f4f6ecbcb7b4f2fe0d92d831405f?s=96&d=mm&r=g","url":"https:\/\/secure.gravatar.com\/avatar\/2ee0a9b7fe10fe32bdec8bc086e871e41eb5f4f6ecbcb7b4f2fe0d92d831405f?s=96&d=mm&r=g","contentUrl":"https:\/\/secure.gravatar.com\/avatar\/2ee0a9b7fe10fe32bdec8bc086e871e41eb5f4f6ecbcb7b4f2fe0d92d831405f?s=96&d=mm&r=g","caption":"Jornal Ponto Mais"},"sameAs":["https:\/\/jornalpontomais.com\/site","jornalpontomais"],"url":"https:\/\/jornalpontomais.com\/site\/author\/jornalpontomais\/"}]}},"_links":{"self":[{"href":"https:\/\/jornalpontomais.com\/site\/wp-json\/wp\/v2\/posts\/25249","targetHints":{"allow":["GET"]}}],"collection":[{"href":"https:\/\/jornalpontomais.com\/site\/wp-json\/wp\/v2\/posts"}],"about":[{"href":"https:\/\/jornalpontomais.com\/site\/wp-json\/wp\/v2\/types\/post"}],"author":[{"embeddable":true,"href":"https:\/\/jornalpontomais.com\/site\/wp-json\/wp\/v2\/users\/2"}],"replies":[{"embeddable":true,"href":"https:\/\/jornalpontomais.com\/site\/wp-json\/wp\/v2\/comments?post=25249"}],"version-history":[{"count":1,"href":"https:\/\/jornalpontomais.com\/site\/wp-json\/wp\/v2\/posts\/25249\/revisions"}],"predecessor-version":[{"id":25251,"href":"https:\/\/jornalpontomais.com\/site\/wp-json\/wp\/v2\/posts\/25249\/revisions\/25251"}],"wp:featuredmedia":[{"embeddable":true,"href":"https:\/\/jornalpontomais.com\/site\/wp-json\/wp\/v2\/media\/25250"}],"wp:attachment":[{"href":"https:\/\/jornalpontomais.com\/site\/wp-json\/wp\/v2\/media?parent=25249"}],"wp:term":[{"taxonomy":"category","embeddable":true,"href":"https:\/\/jornalpontomais.com\/site\/wp-json\/wp\/v2\/categories?post=25249"},{"taxonomy":"post_tag","embeddable":true,"href":"https:\/\/jornalpontomais.com\/site\/wp-json\/wp\/v2\/tags?post=25249"}],"curies":[{"name":"wp","href":"https:\/\/api.w.org\/{rel}","templated":true}]}}