{"id":25245,"date":"2026-09-03T17:56:39","date_gmt":"2026-09-03T20:56:39","guid":{"rendered":"https:\/\/jornalpontomais.com\/site\/?p=25245"},"modified":"2026-09-03T17:56:39","modified_gmt":"2026-09-03T20:56:39","slug":"arquitetura-e-a-memoria-de-goiania-o-legado-de-anamaria-diniz-por-garibaldi-rizzo","status":"publish","type":"post","link":"https:\/\/jornalpontomais.com\/site\/2026\/09\/03\/arquitetura-e-a-memoria-de-goiania-o-legado-de-anamaria-diniz-por-garibaldi-rizzo\/","title":{"rendered":"Arquitetura e a mem\u00f3ria de Goi\u00e2nia: o legado de Anamaria Diniz &#8211; Por Garibaldi Rizzo"},"content":{"rendered":"\n<p class=\"wp-block-paragraph\">A arquiteta e urbanista Anamaria Diniz \u00e9 uma das maiores especialistas na hist\u00f3ria do planejamento de Goi\u00e2nia, destacando-se por resgatar e reinterpretar o papel do urbanista Attilio Corr\u00eaa Lima na cria\u00e7\u00e3o da capital goiana.<br><br><\/p>\n\n\n\n<p class=\"wp-block-paragraph\">Al\u00e9m de arquiteta, urbanista, historiadora e pesquisadora brasileira \u00e9 reconhecida por seus estudos aprofundados sobre a hist\u00f3ria urbana de Goi\u00e2nia.<br><br><\/p>\n\n\n\n<p class=\"wp-block-paragraph\">Sua pesquisa de doutorado na UnB, transformada no livro Goi\u00e2nia de Attilio Corr\u00eaa Lima destgaca o ideal est\u00e9tico e realidade pol\u00edtica, revisa mitos da funda\u00e7\u00e3o da cidade.<br><br><\/p>\n\n\n\n<p class=\"wp-block-paragraph\">Ela analisou cartas e documentos trocados por Corr\u00eaa Lima durante seus estudos no Instituto de Urbanismo da Universidade de Paris.<br><br><\/p>\n\n\n\n<p class=\"wp-block-paragraph\">O estudo mostra como o projeto entre 1932 e 1935 traduzia os anseios de modernidade do interventor Pedro Ludovico Teixeira.<br><br><\/p>\n\n\n\n<p class=\"wp-block-paragraph\">Attilio Corr\u00eaa Lima idealizou o tra\u00e7ado inicial da nova capital com forte influ\u00eancia europeia e conceitos de cidade-jardim.<br><br><\/p>\n\n\n\n<p class=\"wp-block-paragraph\">obra de Anamaria Diniz detalha os atritos entre o projeto est\u00e9tico do urbanista e a realidade pol\u00edtica da \u00e9poca.<br><br><\/p>\n\n\n\n<p class=\"wp-block-paragraph\">Graduada em Arquitetura e Urbanismo pela Universidade Santa \u00darsula (RJ), com mestrado e doutorado em Arquitetura e Urbanismo pela Universidade de Bras\u00edlia (UnB).<br><br><\/p>\n\n\n\n<p class=\"wp-block-paragraph\">Realizou p\u00f3s-doutorado em Hist\u00f3ria pela Universidade Federal de Goi\u00e1s (UFG) e atuou como pesquisadora em institui\u00e7\u00f5es internacionais, como o instituto franc\u00eas de urbanismo em Paris.<br><br><\/p>\n\n\n\n<p class=\"wp-block-paragraph\">Ela coordena o N\u00facleo Interdisciplinar de Pesquisas e Estudos da Cidade.<br><br><\/p>\n\n\n\n<p class=\"wp-block-paragraph\">Atua na \u00e1rea desde 1986, coordenando projetos e pesquisas voltados para o planejamento e a mem\u00f3ria das cidades.<br><br><\/p>\n\n\n\n<p class=\"wp-block-paragraph\">Tamb\u00e9m atua em projetos focados na humaniza\u00e7\u00e3o de espa\u00e7os hospitalares e reabilita\u00e7\u00e3o urbana.<br><br><\/p>\n\n\n\n<p class=\"wp-block-paragraph\"><em><strong>Arquiteto Garibaldi Rizzo<\/strong><br><strong>Membro da Academia Goianiense de Letras<\/strong><\/em><\/p>\n","protected":false},"excerpt":{"rendered":"<p>A arquiteta e urbanista Anamaria Diniz \u00e9 uma das maiores especialistas na hist\u00f3ria do planejamento de Goi\u00e2nia, destacando-se por resgatar e reinterpretar o papel do urbanista Attilio Corr\u00eaa Lima na cria\u00e7\u00e3o da capital goiana. Al\u00e9m de arquiteta, urbanista, historiadora e pesquisadora brasileira \u00e9 reconhecida por seus estudos aprofundados sobre a hist\u00f3ria urbana de Goi\u00e2nia. Sua [&hellip;]<\/p>\n","protected":false},"author":2,"featured_media":25246,"comment_status":"open","ping_status":"open","sticky":false,"template":"","format":"standard","meta":{"om_disable_all_campaigns":false,"_monsterinsights_skip_tracking":false,"_monsterinsights_sitenote_active":false,"_monsterinsights_sitenote_note":"","_monsterinsights_sitenote_category":0,"footnotes":""},"categories":[6],"tags":[],"class_list":["post-25245","post","type-post","status-publish","format-standard","has-post-thumbnail","hentry","category-opiniao"],"yoast_head":"<!-- This site is optimized with the Yoast SEO plugin v27.2 - https:\/\/yoast.com\/product\/yoast-seo-wordpress\/ -->\n<title>Arquitetura e a mem\u00f3ria de Goi\u00e2nia: o legado de Anamaria Diniz - Por Garibaldi Rizzo - Jornal Ponto Mais<\/title>\n<meta name=\"robots\" content=\"index, follow, max-snippet:-1, max-image-preview:large, max-video-preview:-1\" \/>\n<link rel=\"canonical\" href=\"https:\/\/jornalpontomais.com\/site\/2026\/09\/03\/arquitetura-e-a-memoria-de-goiania-o-legado-de-anamaria-diniz-por-garibaldi-rizzo\/\" \/>\n<meta property=\"og:locale\" content=\"pt_BR\" \/>\n<meta property=\"og:type\" content=\"article\" \/>\n<meta property=\"og:title\" content=\"Arquitetura e a mem\u00f3ria de Goi\u00e2nia: o legado de Anamaria Diniz - Por Garibaldi Rizzo - Jornal Ponto Mais\" \/>\n<meta property=\"og:description\" content=\"A arquiteta e urbanista Anamaria Diniz \u00e9 uma das maiores especialistas na hist\u00f3ria do planejamento de Goi\u00e2nia, destacando-se por resgatar e reinterpretar o papel do urbanista Attilio Corr\u00eaa Lima na cria\u00e7\u00e3o da capital goiana. Al\u00e9m de arquiteta, urbanista, historiadora e pesquisadora brasileira \u00e9 reconhecida por seus estudos aprofundados sobre a hist\u00f3ria urbana de Goi\u00e2nia. Sua [&hellip;]\" \/>\n<meta property=\"og:url\" content=\"https:\/\/jornalpontomais.com\/site\/2026\/09\/03\/arquitetura-e-a-memoria-de-goiania-o-legado-de-anamaria-diniz-por-garibaldi-rizzo\/\" \/>\n<meta property=\"og:site_name\" content=\"Jornal Ponto Mais\" \/>\n<meta property=\"article:published_time\" content=\"2026-09-03T20:56:39+00:00\" \/>\n<meta property=\"og:image\" content=\"https:\/\/jornalpontomais.com\/site\/wp-content\/uploads\/2026\/09\/Ana-Maria.jpg\" \/>\n\t<meta property=\"og:image:width\" content=\"668\" \/>\n\t<meta property=\"og:image:height\" content=\"651\" \/>\n\t<meta property=\"og:image:type\" content=\"image\/jpeg\" \/>\n<meta name=\"author\" content=\"Jornal Ponto Mais\" \/>\n<meta name=\"twitter:card\" content=\"summary_large_image\" \/>\n<meta name=\"twitter:label1\" content=\"Escrito por\" \/>\n\t<meta name=\"twitter:data1\" content=\"Jornal Ponto Mais\" \/>\n\t<meta name=\"twitter:label2\" content=\"Est. tempo de leitura\" \/>\n\t<meta name=\"twitter:data2\" content=\"1 minuto\" \/>\n<script type=\"application\/ld+json\" class=\"yoast-schema-graph\">{\"@context\":\"https:\/\/schema.org\",\"@graph\":[{\"@type\":\"Article\",\"@id\":\"https:\/\/jornalpontomais.com\/site\/2026\/09\/03\/arquitetura-e-a-memoria-de-goiania-o-legado-de-anamaria-diniz-por-garibaldi-rizzo\/#article\",\"isPartOf\":{\"@id\":\"https:\/\/jornalpontomais.com\/site\/2026\/09\/03\/arquitetura-e-a-memoria-de-goiania-o-legado-de-anamaria-diniz-por-garibaldi-rizzo\/\"},\"author\":{\"name\":\"Jornal Ponto Mais\",\"@id\":\"https:\/\/jornalpontomais.com\/site\/#\/schema\/person\/18323f0b0f1355f2490721c48389fe9d\"},\"headline\":\"Arquitetura e a mem\u00f3ria de Goi\u00e2nia: o legado de Anamaria Diniz &#8211; Por Garibaldi Rizzo\",\"datePublished\":\"2026-09-03T20:56:39+00:00\",\"mainEntityOfPage\":{\"@id\":\"https:\/\/jornalpontomais.com\/site\/2026\/09\/03\/arquitetura-e-a-memoria-de-goiania-o-legado-de-anamaria-diniz-por-garibaldi-rizzo\/\"},\"wordCount\":299,\"commentCount\":0,\"publisher\":{\"@id\":\"https:\/\/jornalpontomais.com\/site\/#organization\"},\"image\":{\"@id\":\"https:\/\/jornalpontomais.com\/site\/2026\/09\/03\/arquitetura-e-a-memoria-de-goiania-o-legado-de-anamaria-diniz-por-garibaldi-rizzo\/#primaryimage\"},\"thumbnailUrl\":\"https:\/\/jornalpontomais.com\/site\/wp-content\/uploads\/2026\/09\/Ana-Maria.jpg\",\"articleSection\":[\"Opini\u00e3o\"],\"inLanguage\":\"pt-BR\",\"potentialAction\":[{\"@type\":\"CommentAction\",\"name\":\"Comment\",\"target\":[\"https:\/\/jornalpontomais.com\/site\/2026\/09\/03\/arquitetura-e-a-memoria-de-goiania-o-legado-de-anamaria-diniz-por-garibaldi-rizzo\/#respond\"]}]},{\"@type\":\"WebPage\",\"@id\":\"https:\/\/jornalpontomais.com\/site\/2026\/09\/03\/arquitetura-e-a-memoria-de-goiania-o-legado-de-anamaria-diniz-por-garibaldi-rizzo\/\",\"url\":\"https:\/\/jornalpontomais.com\/site\/2026\/09\/03\/arquitetura-e-a-memoria-de-goiania-o-legado-de-anamaria-diniz-por-garibaldi-rizzo\/\",\"name\":\"Arquitetura e a mem\u00f3ria de Goi\u00e2nia: o legado de Anamaria Diniz - Por Garibaldi Rizzo - Jornal Ponto Mais\",\"isPartOf\":{\"@id\":\"https:\/\/jornalpontomais.com\/site\/#website\"},\"primaryImageOfPage\":{\"@id\":\"https:\/\/jornalpontomais.com\/site\/2026\/09\/03\/arquitetura-e-a-memoria-de-goiania-o-legado-de-anamaria-diniz-por-garibaldi-rizzo\/#primaryimage\"},\"image\":{\"@id\":\"https:\/\/jornalpontomais.com\/site\/2026\/09\/03\/arquitetura-e-a-memoria-de-goiania-o-legado-de-anamaria-diniz-por-garibaldi-rizzo\/#primaryimage\"},\"thumbnailUrl\":\"https:\/\/jornalpontomais.com\/site\/wp-content\/uploads\/2026\/09\/Ana-Maria.jpg\",\"datePublished\":\"2026-09-03T20:56:39+00:00\",\"breadcrumb\":{\"@id\":\"https:\/\/jornalpontomais.com\/site\/2026\/09\/03\/arquitetura-e-a-memoria-de-goiania-o-legado-de-anamaria-diniz-por-garibaldi-rizzo\/#breadcrumb\"},\"inLanguage\":\"pt-BR\",\"potentialAction\":[{\"@type\":\"ReadAction\",\"target\":[\"https:\/\/jornalpontomais.com\/site\/2026\/09\/03\/arquitetura-e-a-memoria-de-goiania-o-legado-de-anamaria-diniz-por-garibaldi-rizzo\/\"]}]},{\"@type\":\"ImageObject\",\"inLanguage\":\"pt-BR\",\"@id\":\"https:\/\/jornalpontomais.com\/site\/2026\/09\/03\/arquitetura-e-a-memoria-de-goiania-o-legado-de-anamaria-diniz-por-garibaldi-rizzo\/#primaryimage\",\"url\":\"https:\/\/jornalpontomais.com\/site\/wp-content\/uploads\/2026\/09\/Ana-Maria.jpg\",\"contentUrl\":\"https:\/\/jornalpontomais.com\/site\/wp-content\/uploads\/2026\/09\/Ana-Maria.jpg\",\"width\":668,\"height\":651},{\"@type\":\"BreadcrumbList\",\"@id\":\"https:\/\/jornalpontomais.com\/site\/2026\/09\/03\/arquitetura-e-a-memoria-de-goiania-o-legado-de-anamaria-diniz-por-garibaldi-rizzo\/#breadcrumb\",\"itemListElement\":[{\"@type\":\"ListItem\",\"position\":1,\"name\":\"In\u00edcio\",\"item\":\"https:\/\/jornalpontomais.com\/site\/\"},{\"@type\":\"ListItem\",\"position\":2,\"name\":\"Arquitetura e a mem\u00f3ria de Goi\u00e2nia: o legado de Anamaria Diniz &#8211; Por Garibaldi Rizzo\"}]},{\"@type\":\"WebSite\",\"@id\":\"https:\/\/jornalpontomais.com\/site\/#website\",\"url\":\"https:\/\/jornalpontomais.com\/site\/\",\"name\":\"Jornal Ponto Mais\",\"description\":\"As principais not\u00edcias do Brasil e do mundo. Confira!\",\"publisher\":{\"@id\":\"https:\/\/jornalpontomais.com\/site\/#organization\"},\"potentialAction\":[{\"@type\":\"SearchAction\",\"target\":{\"@type\":\"EntryPoint\",\"urlTemplate\":\"https:\/\/jornalpontomais.com\/site\/?s={search_term_string}\"},\"query-input\":{\"@type\":\"PropertyValueSpecification\",\"valueRequired\":true,\"valueName\":\"search_term_string\"}}],\"inLanguage\":\"pt-BR\"},{\"@type\":\"Organization\",\"@id\":\"https:\/\/jornalpontomais.com\/site\/#organization\",\"name\":\"Jornal Ponto+\",\"url\":\"https:\/\/jornalpontomais.com\/site\/\",\"logo\":{\"@type\":\"ImageObject\",\"inLanguage\":\"pt-BR\",\"@id\":\"https:\/\/jornalpontomais.com\/site\/#\/schema\/logo\/image\/\",\"url\":\"https:\/\/jornalpontomais.com\/site\/wp-content\/uploads\/2022\/01\/marca.png\",\"contentUrl\":\"https:\/\/jornalpontomais.com\/site\/wp-content\/uploads\/2022\/01\/marca.png\",\"width\":582,\"height\":148,\"caption\":\"Jornal Ponto+\"},\"image\":{\"@id\":\"https:\/\/jornalpontomais.com\/site\/#\/schema\/logo\/image\/\"}},{\"@type\":\"Person\",\"@id\":\"https:\/\/jornalpontomais.com\/site\/#\/schema\/person\/18323f0b0f1355f2490721c48389fe9d\",\"name\":\"Jornal Ponto Mais\",\"image\":{\"@type\":\"ImageObject\",\"inLanguage\":\"pt-BR\",\"@id\":\"https:\/\/secure.gravatar.com\/avatar\/2ee0a9b7fe10fe32bdec8bc086e871e41eb5f4f6ecbcb7b4f2fe0d92d831405f?s=96&d=mm&r=g\",\"url\":\"https:\/\/secure.gravatar.com\/avatar\/2ee0a9b7fe10fe32bdec8bc086e871e41eb5f4f6ecbcb7b4f2fe0d92d831405f?s=96&d=mm&r=g\",\"contentUrl\":\"https:\/\/secure.gravatar.com\/avatar\/2ee0a9b7fe10fe32bdec8bc086e871e41eb5f4f6ecbcb7b4f2fe0d92d831405f?s=96&d=mm&r=g\",\"caption\":\"Jornal Ponto Mais\"},\"sameAs\":[\"https:\/\/jornalpontomais.com\/site\",\"jornalpontomais\"],\"url\":\"https:\/\/jornalpontomais.com\/site\/author\/jornalpontomais\/\"}]}<\/script>\n<!-- \/ Yoast SEO plugin. -->","yoast_head_json":{"title":"Arquitetura e a mem\u00f3ria de Goi\u00e2nia: o legado de Anamaria Diniz - Por Garibaldi Rizzo - Jornal Ponto Mais","robots":{"index":"index","follow":"follow","max-snippet":"max-snippet:-1","max-image-preview":"max-image-preview:large","max-video-preview":"max-video-preview:-1"},"canonical":"https:\/\/jornalpontomais.com\/site\/2026\/09\/03\/arquitetura-e-a-memoria-de-goiania-o-legado-de-anamaria-diniz-por-garibaldi-rizzo\/","og_locale":"pt_BR","og_type":"article","og_title":"Arquitetura e a mem\u00f3ria de Goi\u00e2nia: o legado de Anamaria Diniz - Por Garibaldi Rizzo - Jornal Ponto Mais","og_description":"A arquiteta e urbanista Anamaria Diniz \u00e9 uma das maiores especialistas na hist\u00f3ria do planejamento de Goi\u00e2nia, destacando-se por resgatar e reinterpretar o papel do urbanista Attilio Corr\u00eaa Lima na cria\u00e7\u00e3o da capital goiana. Al\u00e9m de arquiteta, urbanista, historiadora e pesquisadora brasileira \u00e9 reconhecida por seus estudos aprofundados sobre a hist\u00f3ria urbana de Goi\u00e2nia. Sua [&hellip;]","og_url":"https:\/\/jornalpontomais.com\/site\/2026\/09\/03\/arquitetura-e-a-memoria-de-goiania-o-legado-de-anamaria-diniz-por-garibaldi-rizzo\/","og_site_name":"Jornal Ponto Mais","article_published_time":"2026-09-03T20:56:39+00:00","og_image":[{"width":668,"height":651,"url":"https:\/\/jornalpontomais.com\/site\/wp-content\/uploads\/2026\/09\/Ana-Maria.jpg","type":"image\/jpeg"}],"author":"Jornal Ponto Mais","twitter_card":"summary_large_image","twitter_misc":{"Escrito por":"Jornal Ponto Mais","Est. tempo de leitura":"1 minuto"},"schema":{"@context":"https:\/\/schema.org","@graph":[{"@type":"Article","@id":"https:\/\/jornalpontomais.com\/site\/2026\/09\/03\/arquitetura-e-a-memoria-de-goiania-o-legado-de-anamaria-diniz-por-garibaldi-rizzo\/#article","isPartOf":{"@id":"https:\/\/jornalpontomais.com\/site\/2026\/09\/03\/arquitetura-e-a-memoria-de-goiania-o-legado-de-anamaria-diniz-por-garibaldi-rizzo\/"},"author":{"name":"Jornal Ponto Mais","@id":"https:\/\/jornalpontomais.com\/site\/#\/schema\/person\/18323f0b0f1355f2490721c48389fe9d"},"headline":"Arquitetura e a mem\u00f3ria de Goi\u00e2nia: o legado de Anamaria Diniz &#8211; Por Garibaldi Rizzo","datePublished":"2026-09-03T20:56:39+00:00","mainEntityOfPage":{"@id":"https:\/\/jornalpontomais.com\/site\/2026\/09\/03\/arquitetura-e-a-memoria-de-goiania-o-legado-de-anamaria-diniz-por-garibaldi-rizzo\/"},"wordCount":299,"commentCount":0,"publisher":{"@id":"https:\/\/jornalpontomais.com\/site\/#organization"},"image":{"@id":"https:\/\/jornalpontomais.com\/site\/2026\/09\/03\/arquitetura-e-a-memoria-de-goiania-o-legado-de-anamaria-diniz-por-garibaldi-rizzo\/#primaryimage"},"thumbnailUrl":"https:\/\/jornalpontomais.com\/site\/wp-content\/uploads\/2026\/09\/Ana-Maria.jpg","articleSection":["Opini\u00e3o"],"inLanguage":"pt-BR","potentialAction":[{"@type":"CommentAction","name":"Comment","target":["https:\/\/jornalpontomais.com\/site\/2026\/09\/03\/arquitetura-e-a-memoria-de-goiania-o-legado-de-anamaria-diniz-por-garibaldi-rizzo\/#respond"]}]},{"@type":"WebPage","@id":"https:\/\/jornalpontomais.com\/site\/2026\/09\/03\/arquitetura-e-a-memoria-de-goiania-o-legado-de-anamaria-diniz-por-garibaldi-rizzo\/","url":"https:\/\/jornalpontomais.com\/site\/2026\/09\/03\/arquitetura-e-a-memoria-de-goiania-o-legado-de-anamaria-diniz-por-garibaldi-rizzo\/","name":"Arquitetura e a mem\u00f3ria de Goi\u00e2nia: o legado de Anamaria Diniz - Por Garibaldi Rizzo - Jornal Ponto Mais","isPartOf":{"@id":"https:\/\/jornalpontomais.com\/site\/#website"},"primaryImageOfPage":{"@id":"https:\/\/jornalpontomais.com\/site\/2026\/09\/03\/arquitetura-e-a-memoria-de-goiania-o-legado-de-anamaria-diniz-por-garibaldi-rizzo\/#primaryimage"},"image":{"@id":"https:\/\/jornalpontomais.com\/site\/2026\/09\/03\/arquitetura-e-a-memoria-de-goiania-o-legado-de-anamaria-diniz-por-garibaldi-rizzo\/#primaryimage"},"thumbnailUrl":"https:\/\/jornalpontomais.com\/site\/wp-content\/uploads\/2026\/09\/Ana-Maria.jpg","datePublished":"2026-09-03T20:56:39+00:00","breadcrumb":{"@id":"https:\/\/jornalpontomais.com\/site\/2026\/09\/03\/arquitetura-e-a-memoria-de-goiania-o-legado-de-anamaria-diniz-por-garibaldi-rizzo\/#breadcrumb"},"inLanguage":"pt-BR","potentialAction":[{"@type":"ReadAction","target":["https:\/\/jornalpontomais.com\/site\/2026\/09\/03\/arquitetura-e-a-memoria-de-goiania-o-legado-de-anamaria-diniz-por-garibaldi-rizzo\/"]}]},{"@type":"ImageObject","inLanguage":"pt-BR","@id":"https:\/\/jornalpontomais.com\/site\/2026\/09\/03\/arquitetura-e-a-memoria-de-goiania-o-legado-de-anamaria-diniz-por-garibaldi-rizzo\/#primaryimage","url":"https:\/\/jornalpontomais.com\/site\/wp-content\/uploads\/2026\/09\/Ana-Maria.jpg","contentUrl":"https:\/\/jornalpontomais.com\/site\/wp-content\/uploads\/2026\/09\/Ana-Maria.jpg","width":668,"height":651},{"@type":"BreadcrumbList","@id":"https:\/\/jornalpontomais.com\/site\/2026\/09\/03\/arquitetura-e-a-memoria-de-goiania-o-legado-de-anamaria-diniz-por-garibaldi-rizzo\/#breadcrumb","itemListElement":[{"@type":"ListItem","position":1,"name":"In\u00edcio","item":"https:\/\/jornalpontomais.com\/site\/"},{"@type":"ListItem","position":2,"name":"Arquitetura e a mem\u00f3ria de Goi\u00e2nia: o legado de Anamaria Diniz &#8211; Por Garibaldi Rizzo"}]},{"@type":"WebSite","@id":"https:\/\/jornalpontomais.com\/site\/#website","url":"https:\/\/jornalpontomais.com\/site\/","name":"Jornal Ponto Mais","description":"As principais not\u00edcias do Brasil e do mundo. Confira!","publisher":{"@id":"https:\/\/jornalpontomais.com\/site\/#organization"},"potentialAction":[{"@type":"SearchAction","target":{"@type":"EntryPoint","urlTemplate":"https:\/\/jornalpontomais.com\/site\/?s={search_term_string}"},"query-input":{"@type":"PropertyValueSpecification","valueRequired":true,"valueName":"search_term_string"}}],"inLanguage":"pt-BR"},{"@type":"Organization","@id":"https:\/\/jornalpontomais.com\/site\/#organization","name":"Jornal Ponto+","url":"https:\/\/jornalpontomais.com\/site\/","logo":{"@type":"ImageObject","inLanguage":"pt-BR","@id":"https:\/\/jornalpontomais.com\/site\/#\/schema\/logo\/image\/","url":"https:\/\/jornalpontomais.com\/site\/wp-content\/uploads\/2022\/01\/marca.png","contentUrl":"https:\/\/jornalpontomais.com\/site\/wp-content\/uploads\/2022\/01\/marca.png","width":582,"height":148,"caption":"Jornal Ponto+"},"image":{"@id":"https:\/\/jornalpontomais.com\/site\/#\/schema\/logo\/image\/"}},{"@type":"Person","@id":"https:\/\/jornalpontomais.com\/site\/#\/schema\/person\/18323f0b0f1355f2490721c48389fe9d","name":"Jornal Ponto Mais","image":{"@type":"ImageObject","inLanguage":"pt-BR","@id":"https:\/\/secure.gravatar.com\/avatar\/2ee0a9b7fe10fe32bdec8bc086e871e41eb5f4f6ecbcb7b4f2fe0d92d831405f?s=96&d=mm&r=g","url":"https:\/\/secure.gravatar.com\/avatar\/2ee0a9b7fe10fe32bdec8bc086e871e41eb5f4f6ecbcb7b4f2fe0d92d831405f?s=96&d=mm&r=g","contentUrl":"https:\/\/secure.gravatar.com\/avatar\/2ee0a9b7fe10fe32bdec8bc086e871e41eb5f4f6ecbcb7b4f2fe0d92d831405f?s=96&d=mm&r=g","caption":"Jornal Ponto Mais"},"sameAs":["https:\/\/jornalpontomais.com\/site","jornalpontomais"],"url":"https:\/\/jornalpontomais.com\/site\/author\/jornalpontomais\/"}]}},"_links":{"self":[{"href":"https:\/\/jornalpontomais.com\/site\/wp-json\/wp\/v2\/posts\/25245","targetHints":{"allow":["GET"]}}],"collection":[{"href":"https:\/\/jornalpontomais.com\/site\/wp-json\/wp\/v2\/posts"}],"about":[{"href":"https:\/\/jornalpontomais.com\/site\/wp-json\/wp\/v2\/types\/post"}],"author":[{"embeddable":true,"href":"https:\/\/jornalpontomais.com\/site\/wp-json\/wp\/v2\/users\/2"}],"replies":[{"embeddable":true,"href":"https:\/\/jornalpontomais.com\/site\/wp-json\/wp\/v2\/comments?post=25245"}],"version-history":[{"count":2,"href":"https:\/\/jornalpontomais.com\/site\/wp-json\/wp\/v2\/posts\/25245\/revisions"}],"predecessor-version":[{"id":25248,"href":"https:\/\/jornalpontomais.com\/site\/wp-json\/wp\/v2\/posts\/25245\/revisions\/25248"}],"wp:featuredmedia":[{"embeddable":true,"href":"https:\/\/jornalpontomais.com\/site\/wp-json\/wp\/v2\/media\/25246"}],"wp:attachment":[{"href":"https:\/\/jornalpontomais.com\/site\/wp-json\/wp\/v2\/media?parent=25245"}],"wp:term":[{"taxonomy":"category","embeddable":true,"href":"https:\/\/jornalpontomais.com\/site\/wp-json\/wp\/v2\/categories?post=25245"},{"taxonomy":"post_tag","embeddable":true,"href":"https:\/\/jornalpontomais.com\/site\/wp-json\/wp\/v2\/tags?post=25245"}],"curies":[{"name":"wp","href":"https:\/\/api.w.org\/{rel}","templated":true}]}}