{"id":25230,"date":"2026-09-03T10:07:34","date_gmt":"2026-09-03T13:07:34","guid":{"rendered":"https:\/\/jornalpontomais.com\/site\/?p=25230"},"modified":"2026-09-03T15:20:37","modified_gmt":"2026-09-03T18:20:37","slug":"senado-aprova-marco-legal-para-exploracao-de-terras-raras-e-minerais-criticos-no-brasil","status":"publish","type":"post","link":"https:\/\/jornalpontomais.com\/site\/2026\/09\/03\/senado-aprova-marco-legal-para-exploracao-de-terras-raras-e-minerais-criticos-no-brasil\/","title":{"rendered":"Senado aprova marco legal para explora\u00e7\u00e3o de terras raras e minerais cr\u00edticos no Brasil"},"content":{"rendered":"\n<p class=\"wp-block-paragraph\">O Senado Federal aprovou, nesta quarta-feira (2), o projeto que estabelece um marco legal para a explora\u00e7\u00e3o de minerais cr\u00edticos e terras raras no Brasil. A proposta prev\u00ea R$ 5 bilh\u00f5es em incentivos fiscais, a cria\u00e7\u00e3o de um fundo garantidor e de um conselho respons\u00e1vel pela regula\u00e7\u00e3o do setor. Como o texto sofreu poucas altera\u00e7\u00f5es em rela\u00e7\u00e3o ao aprovado pela C\u00e2mara, segue agora para san\u00e7\u00e3o presidencial.<br><br><\/p>\n\n\n\n<p class=\"wp-block-paragraph\">O projeto cria o Conselho Nacional para Industrializa\u00e7\u00e3o de Minerais Cr\u00edticos e Estrat\u00e9gicos, que ter\u00e1, entre suas atribui\u00e7\u00f5es, a an\u00e1lise de mudan\u00e7as no controle de empresas, cess\u00e3o de ativos da Uni\u00e3o e concess\u00e3o de t\u00edtulos miner\u00e1rios. O \u00f3rg\u00e3o tamb\u00e9m poder\u00e1 avaliar situa\u00e7\u00f5es que envolvam influ\u00eancia ou interesse estrangeiro no setor.<br><br><\/p>\n\n\n\n<p class=\"wp-block-paragraph\">A proposta tem como principais objetivos fortalecer a soberania nacional, estimular o beneficiamento e o refino dos minerais dentro do Brasil e fomentar a transi\u00e7\u00e3o energ\u00e9tica. As terras raras s\u00e3o um grupo de 17 elementos qu\u00edmicos utilizados em setores estrat\u00e9gicos, como produ\u00e7\u00e3o de ve\u00edculos el\u00e9tricos, energia renov\u00e1vel, tecnologia e sistemas de defesa.<br><br><\/p>\n\n\n\n<p class=\"wp-block-paragraph\"><strong>Incentivos de R$ 5 bilh\u00f5es<\/strong><\/p>\n\n\n\n<p class=\"wp-block-paragraph\">O texto estabelece R$ 5 bilh\u00f5es em cr\u00e9ditos de CSLL, que ser\u00e3o distribu\u00eddos entre 2030 e 2034 para estimular o desenvolvimento da cadeia produtiva. Empresas que utilizarem m\u00e3o de obra local, produtos nacionais e agregarem valor aos minerais ter\u00e3o prioridade no acesso aos benef\u00edcios.<br><br><\/p>\n\n\n\n<p class=\"wp-block-paragraph\">Tamb\u00e9m est\u00e1 prevista a cria\u00e7\u00e3o de um Fundo Garantidor, com participa\u00e7\u00e3o da Uni\u00e3o limitada a R$ 2 bilh\u00f5es. Empresas do setor dever\u00e3o ainda destinar parte da receita bruta para pesquisas ou para o pr\u00f3prio fundo.<br><br><\/p>\n\n\n\n<p class=\"wp-block-paragraph\">A Ag\u00eancia Nacional de Minera\u00e7\u00e3o (ANM) poder\u00e1 realizar leil\u00f5es de \u00e1reas com potencial de explora\u00e7\u00e3o. A proposta tamb\u00e9m permite a utiliza\u00e7\u00e3o de recursos do Fundo Nacional sobre Mudan\u00e7a do Clima para financiar projetos de beneficiamento mineral relacionados \u00e0 transi\u00e7\u00e3o energ\u00e9tica e \u00e0 redu\u00e7\u00e3o dos impactos das mudan\u00e7as clim\u00e1ticas.<\/p>\n","protected":false},"excerpt":{"rendered":"<p>O Senado Federal aprovou, nesta quarta-feira (2), o projeto que estabelece um marco legal para a explora\u00e7\u00e3o de minerais cr\u00edticos e terras raras no Brasil. A proposta prev\u00ea R$ 5 bilh\u00f5es em incentivos fiscais, a cria\u00e7\u00e3o de um fundo garantidor e de um conselho respons\u00e1vel pela regula\u00e7\u00e3o do setor. Como o texto sofreu poucas altera\u00e7\u00f5es [&hellip;]<\/p>\n","protected":false},"author":2,"featured_media":25231,"comment_status":"open","ping_status":"open","sticky":true,"template":"","format":"standard","meta":{"om_disable_all_campaigns":false,"_monsterinsights_skip_tracking":false,"_monsterinsights_sitenote_active":false,"_monsterinsights_sitenote_note":"","_monsterinsights_sitenote_category":0,"footnotes":""},"categories":[1],"tags":[],"class_list":["post-25230","post","type-post","status-publish","format-standard","has-post-thumbnail","hentry","category-politica"],"yoast_head":"<!-- This site is optimized with the Yoast SEO plugin v27.2 - https:\/\/yoast.com\/product\/yoast-seo-wordpress\/ -->\n<title>Senado aprova marco legal para explora\u00e7\u00e3o de terras raras e minerais cr\u00edticos no Brasil - Jornal Ponto Mais<\/title>\n<meta name=\"robots\" content=\"index, follow, max-snippet:-1, max-image-preview:large, max-video-preview:-1\" \/>\n<link rel=\"canonical\" href=\"https:\/\/jornalpontomais.com\/site\/2026\/09\/03\/senado-aprova-marco-legal-para-exploracao-de-terras-raras-e-minerais-criticos-no-brasil\/\" \/>\n<meta property=\"og:locale\" content=\"pt_BR\" \/>\n<meta property=\"og:type\" content=\"article\" \/>\n<meta property=\"og:title\" content=\"Senado aprova marco legal para explora\u00e7\u00e3o de terras raras e minerais cr\u00edticos no Brasil - Jornal Ponto Mais\" \/>\n<meta property=\"og:description\" content=\"O Senado Federal aprovou, nesta quarta-feira (2), o projeto que estabelece um marco legal para a explora\u00e7\u00e3o de minerais cr\u00edticos e terras raras no Brasil. A proposta prev\u00ea R$ 5 bilh\u00f5es em incentivos fiscais, a cria\u00e7\u00e3o de um fundo garantidor e de um conselho respons\u00e1vel pela regula\u00e7\u00e3o do setor. Como o texto sofreu poucas altera\u00e7\u00f5es [&hellip;]\" \/>\n<meta property=\"og:url\" content=\"https:\/\/jornalpontomais.com\/site\/2026\/09\/03\/senado-aprova-marco-legal-para-exploracao-de-terras-raras-e-minerais-criticos-no-brasil\/\" \/>\n<meta property=\"og:site_name\" content=\"Jornal Ponto Mais\" \/>\n<meta property=\"article:published_time\" content=\"2026-09-03T13:07:34+00:00\" \/>\n<meta property=\"article:modified_time\" content=\"2026-09-03T18:20:37+00:00\" \/>\n<meta property=\"og:image\" content=\"https:\/\/jornalpontomais.com\/site\/wp-content\/uploads\/2026\/09\/foto-33-1788385708.webp\" \/>\n\t<meta property=\"og:image:width\" content=\"1200\" \/>\n\t<meta property=\"og:image:height\" content=\"675\" \/>\n\t<meta property=\"og:image:type\" content=\"image\/webp\" \/>\n<meta name=\"author\" content=\"Jornal Ponto Mais\" \/>\n<meta name=\"twitter:card\" content=\"summary_large_image\" \/>\n<meta name=\"twitter:label1\" content=\"Escrito por\" \/>\n\t<meta name=\"twitter:data1\" content=\"Jornal Ponto Mais\" \/>\n\t<meta name=\"twitter:label2\" content=\"Est. tempo de leitura\" \/>\n\t<meta name=\"twitter:data2\" content=\"2 minutos\" \/>\n<script type=\"application\/ld+json\" class=\"yoast-schema-graph\">{\"@context\":\"https:\/\/schema.org\",\"@graph\":[{\"@type\":\"Article\",\"@id\":\"https:\/\/jornalpontomais.com\/site\/2026\/09\/03\/senado-aprova-marco-legal-para-exploracao-de-terras-raras-e-minerais-criticos-no-brasil\/#article\",\"isPartOf\":{\"@id\":\"https:\/\/jornalpontomais.com\/site\/2026\/09\/03\/senado-aprova-marco-legal-para-exploracao-de-terras-raras-e-minerais-criticos-no-brasil\/\"},\"author\":{\"name\":\"Jornal Ponto Mais\",\"@id\":\"https:\/\/jornalpontomais.com\/site\/#\/schema\/person\/18323f0b0f1355f2490721c48389fe9d\"},\"headline\":\"Senado aprova marco legal para explora\u00e7\u00e3o de terras raras e minerais cr\u00edticos no Brasil\",\"datePublished\":\"2026-09-03T13:07:34+00:00\",\"dateModified\":\"2026-09-03T18:20:37+00:00\",\"mainEntityOfPage\":{\"@id\":\"https:\/\/jornalpontomais.com\/site\/2026\/09\/03\/senado-aprova-marco-legal-para-exploracao-de-terras-raras-e-minerais-criticos-no-brasil\/\"},\"wordCount\":367,\"commentCount\":0,\"publisher\":{\"@id\":\"https:\/\/jornalpontomais.com\/site\/#organization\"},\"image\":{\"@id\":\"https:\/\/jornalpontomais.com\/site\/2026\/09\/03\/senado-aprova-marco-legal-para-exploracao-de-terras-raras-e-minerais-criticos-no-brasil\/#primaryimage\"},\"thumbnailUrl\":\"https:\/\/jornalpontomais.com\/site\/wp-content\/uploads\/2026\/09\/foto-33-1788385708.webp\",\"articleSection\":[\"Pol\u00edtica\"],\"inLanguage\":\"pt-BR\",\"potentialAction\":[{\"@type\":\"CommentAction\",\"name\":\"Comment\",\"target\":[\"https:\/\/jornalpontomais.com\/site\/2026\/09\/03\/senado-aprova-marco-legal-para-exploracao-de-terras-raras-e-minerais-criticos-no-brasil\/#respond\"]}]},{\"@type\":\"WebPage\",\"@id\":\"https:\/\/jornalpontomais.com\/site\/2026\/09\/03\/senado-aprova-marco-legal-para-exploracao-de-terras-raras-e-minerais-criticos-no-brasil\/\",\"url\":\"https:\/\/jornalpontomais.com\/site\/2026\/09\/03\/senado-aprova-marco-legal-para-exploracao-de-terras-raras-e-minerais-criticos-no-brasil\/\",\"name\":\"Senado aprova marco legal para explora\u00e7\u00e3o de terras raras e minerais cr\u00edticos no Brasil - Jornal Ponto Mais\",\"isPartOf\":{\"@id\":\"https:\/\/jornalpontomais.com\/site\/#website\"},\"primaryImageOfPage\":{\"@id\":\"https:\/\/jornalpontomais.com\/site\/2026\/09\/03\/senado-aprova-marco-legal-para-exploracao-de-terras-raras-e-minerais-criticos-no-brasil\/#primaryimage\"},\"image\":{\"@id\":\"https:\/\/jornalpontomais.com\/site\/2026\/09\/03\/senado-aprova-marco-legal-para-exploracao-de-terras-raras-e-minerais-criticos-no-brasil\/#primaryimage\"},\"thumbnailUrl\":\"https:\/\/jornalpontomais.com\/site\/wp-content\/uploads\/2026\/09\/foto-33-1788385708.webp\",\"datePublished\":\"2026-09-03T13:07:34+00:00\",\"dateModified\":\"2026-09-03T18:20:37+00:00\",\"breadcrumb\":{\"@id\":\"https:\/\/jornalpontomais.com\/site\/2026\/09\/03\/senado-aprova-marco-legal-para-exploracao-de-terras-raras-e-minerais-criticos-no-brasil\/#breadcrumb\"},\"inLanguage\":\"pt-BR\",\"potentialAction\":[{\"@type\":\"ReadAction\",\"target\":[\"https:\/\/jornalpontomais.com\/site\/2026\/09\/03\/senado-aprova-marco-legal-para-exploracao-de-terras-raras-e-minerais-criticos-no-brasil\/\"]}]},{\"@type\":\"ImageObject\",\"inLanguage\":\"pt-BR\",\"@id\":\"https:\/\/jornalpontomais.com\/site\/2026\/09\/03\/senado-aprova-marco-legal-para-exploracao-de-terras-raras-e-minerais-criticos-no-brasil\/#primaryimage\",\"url\":\"https:\/\/jornalpontomais.com\/site\/wp-content\/uploads\/2026\/09\/foto-33-1788385708.webp\",\"contentUrl\":\"https:\/\/jornalpontomais.com\/site\/wp-content\/uploads\/2026\/09\/foto-33-1788385708.webp\",\"width\":1200,\"height\":675},{\"@type\":\"BreadcrumbList\",\"@id\":\"https:\/\/jornalpontomais.com\/site\/2026\/09\/03\/senado-aprova-marco-legal-para-exploracao-de-terras-raras-e-minerais-criticos-no-brasil\/#breadcrumb\",\"itemListElement\":[{\"@type\":\"ListItem\",\"position\":1,\"name\":\"In\u00edcio\",\"item\":\"https:\/\/jornalpontomais.com\/site\/\"},{\"@type\":\"ListItem\",\"position\":2,\"name\":\"Senado aprova marco legal para explora\u00e7\u00e3o de terras raras e minerais cr\u00edticos no Brasil\"}]},{\"@type\":\"WebSite\",\"@id\":\"https:\/\/jornalpontomais.com\/site\/#website\",\"url\":\"https:\/\/jornalpontomais.com\/site\/\",\"name\":\"Jornal Ponto Mais\",\"description\":\"As principais not\u00edcias do Brasil e do mundo. Confira!\",\"publisher\":{\"@id\":\"https:\/\/jornalpontomais.com\/site\/#organization\"},\"potentialAction\":[{\"@type\":\"SearchAction\",\"target\":{\"@type\":\"EntryPoint\",\"urlTemplate\":\"https:\/\/jornalpontomais.com\/site\/?s={search_term_string}\"},\"query-input\":{\"@type\":\"PropertyValueSpecification\",\"valueRequired\":true,\"valueName\":\"search_term_string\"}}],\"inLanguage\":\"pt-BR\"},{\"@type\":\"Organization\",\"@id\":\"https:\/\/jornalpontomais.com\/site\/#organization\",\"name\":\"Jornal Ponto+\",\"url\":\"https:\/\/jornalpontomais.com\/site\/\",\"logo\":{\"@type\":\"ImageObject\",\"inLanguage\":\"pt-BR\",\"@id\":\"https:\/\/jornalpontomais.com\/site\/#\/schema\/logo\/image\/\",\"url\":\"https:\/\/jornalpontomais.com\/site\/wp-content\/uploads\/2022\/01\/marca.png\",\"contentUrl\":\"https:\/\/jornalpontomais.com\/site\/wp-content\/uploads\/2022\/01\/marca.png\",\"width\":582,\"height\":148,\"caption\":\"Jornal Ponto+\"},\"image\":{\"@id\":\"https:\/\/jornalpontomais.com\/site\/#\/schema\/logo\/image\/\"}},{\"@type\":\"Person\",\"@id\":\"https:\/\/jornalpontomais.com\/site\/#\/schema\/person\/18323f0b0f1355f2490721c48389fe9d\",\"name\":\"Jornal Ponto Mais\",\"image\":{\"@type\":\"ImageObject\",\"inLanguage\":\"pt-BR\",\"@id\":\"https:\/\/secure.gravatar.com\/avatar\/2ee0a9b7fe10fe32bdec8bc086e871e41eb5f4f6ecbcb7b4f2fe0d92d831405f?s=96&d=mm&r=g\",\"url\":\"https:\/\/secure.gravatar.com\/avatar\/2ee0a9b7fe10fe32bdec8bc086e871e41eb5f4f6ecbcb7b4f2fe0d92d831405f?s=96&d=mm&r=g\",\"contentUrl\":\"https:\/\/secure.gravatar.com\/avatar\/2ee0a9b7fe10fe32bdec8bc086e871e41eb5f4f6ecbcb7b4f2fe0d92d831405f?s=96&d=mm&r=g\",\"caption\":\"Jornal Ponto Mais\"},\"sameAs\":[\"https:\/\/jornalpontomais.com\/site\",\"jornalpontomais\"],\"url\":\"https:\/\/jornalpontomais.com\/site\/author\/jornalpontomais\/\"}]}<\/script>\n<!-- \/ Yoast SEO plugin. -->","yoast_head_json":{"title":"Senado aprova marco legal para explora\u00e7\u00e3o de terras raras e minerais cr\u00edticos no Brasil - Jornal Ponto Mais","robots":{"index":"index","follow":"follow","max-snippet":"max-snippet:-1","max-image-preview":"max-image-preview:large","max-video-preview":"max-video-preview:-1"},"canonical":"https:\/\/jornalpontomais.com\/site\/2026\/09\/03\/senado-aprova-marco-legal-para-exploracao-de-terras-raras-e-minerais-criticos-no-brasil\/","og_locale":"pt_BR","og_type":"article","og_title":"Senado aprova marco legal para explora\u00e7\u00e3o de terras raras e minerais cr\u00edticos no Brasil - Jornal Ponto Mais","og_description":"O Senado Federal aprovou, nesta quarta-feira (2), o projeto que estabelece um marco legal para a explora\u00e7\u00e3o de minerais cr\u00edticos e terras raras no Brasil. A proposta prev\u00ea R$ 5 bilh\u00f5es em incentivos fiscais, a cria\u00e7\u00e3o de um fundo garantidor e de um conselho respons\u00e1vel pela regula\u00e7\u00e3o do setor. Como o texto sofreu poucas altera\u00e7\u00f5es [&hellip;]","og_url":"https:\/\/jornalpontomais.com\/site\/2026\/09\/03\/senado-aprova-marco-legal-para-exploracao-de-terras-raras-e-minerais-criticos-no-brasil\/","og_site_name":"Jornal Ponto Mais","article_published_time":"2026-09-03T13:07:34+00:00","article_modified_time":"2026-09-03T18:20:37+00:00","og_image":[{"width":1200,"height":675,"url":"https:\/\/jornalpontomais.com\/site\/wp-content\/uploads\/2026\/09\/foto-33-1788385708.webp","type":"image\/webp"}],"author":"Jornal Ponto Mais","twitter_card":"summary_large_image","twitter_misc":{"Escrito por":"Jornal Ponto Mais","Est. tempo de leitura":"2 minutos"},"schema":{"@context":"https:\/\/schema.org","@graph":[{"@type":"Article","@id":"https:\/\/jornalpontomais.com\/site\/2026\/09\/03\/senado-aprova-marco-legal-para-exploracao-de-terras-raras-e-minerais-criticos-no-brasil\/#article","isPartOf":{"@id":"https:\/\/jornalpontomais.com\/site\/2026\/09\/03\/senado-aprova-marco-legal-para-exploracao-de-terras-raras-e-minerais-criticos-no-brasil\/"},"author":{"name":"Jornal Ponto Mais","@id":"https:\/\/jornalpontomais.com\/site\/#\/schema\/person\/18323f0b0f1355f2490721c48389fe9d"},"headline":"Senado aprova marco legal para explora\u00e7\u00e3o de terras raras e minerais cr\u00edticos no Brasil","datePublished":"2026-09-03T13:07:34+00:00","dateModified":"2026-09-03T18:20:37+00:00","mainEntityOfPage":{"@id":"https:\/\/jornalpontomais.com\/site\/2026\/09\/03\/senado-aprova-marco-legal-para-exploracao-de-terras-raras-e-minerais-criticos-no-brasil\/"},"wordCount":367,"commentCount":0,"publisher":{"@id":"https:\/\/jornalpontomais.com\/site\/#organization"},"image":{"@id":"https:\/\/jornalpontomais.com\/site\/2026\/09\/03\/senado-aprova-marco-legal-para-exploracao-de-terras-raras-e-minerais-criticos-no-brasil\/#primaryimage"},"thumbnailUrl":"https:\/\/jornalpontomais.com\/site\/wp-content\/uploads\/2026\/09\/foto-33-1788385708.webp","articleSection":["Pol\u00edtica"],"inLanguage":"pt-BR","potentialAction":[{"@type":"CommentAction","name":"Comment","target":["https:\/\/jornalpontomais.com\/site\/2026\/09\/03\/senado-aprova-marco-legal-para-exploracao-de-terras-raras-e-minerais-criticos-no-brasil\/#respond"]}]},{"@type":"WebPage","@id":"https:\/\/jornalpontomais.com\/site\/2026\/09\/03\/senado-aprova-marco-legal-para-exploracao-de-terras-raras-e-minerais-criticos-no-brasil\/","url":"https:\/\/jornalpontomais.com\/site\/2026\/09\/03\/senado-aprova-marco-legal-para-exploracao-de-terras-raras-e-minerais-criticos-no-brasil\/","name":"Senado aprova marco legal para explora\u00e7\u00e3o de terras raras e minerais cr\u00edticos no Brasil - Jornal Ponto Mais","isPartOf":{"@id":"https:\/\/jornalpontomais.com\/site\/#website"},"primaryImageOfPage":{"@id":"https:\/\/jornalpontomais.com\/site\/2026\/09\/03\/senado-aprova-marco-legal-para-exploracao-de-terras-raras-e-minerais-criticos-no-brasil\/#primaryimage"},"image":{"@id":"https:\/\/jornalpontomais.com\/site\/2026\/09\/03\/senado-aprova-marco-legal-para-exploracao-de-terras-raras-e-minerais-criticos-no-brasil\/#primaryimage"},"thumbnailUrl":"https:\/\/jornalpontomais.com\/site\/wp-content\/uploads\/2026\/09\/foto-33-1788385708.webp","datePublished":"2026-09-03T13:07:34+00:00","dateModified":"2026-09-03T18:20:37+00:00","breadcrumb":{"@id":"https:\/\/jornalpontomais.com\/site\/2026\/09\/03\/senado-aprova-marco-legal-para-exploracao-de-terras-raras-e-minerais-criticos-no-brasil\/#breadcrumb"},"inLanguage":"pt-BR","potentialAction":[{"@type":"ReadAction","target":["https:\/\/jornalpontomais.com\/site\/2026\/09\/03\/senado-aprova-marco-legal-para-exploracao-de-terras-raras-e-minerais-criticos-no-brasil\/"]}]},{"@type":"ImageObject","inLanguage":"pt-BR","@id":"https:\/\/jornalpontomais.com\/site\/2026\/09\/03\/senado-aprova-marco-legal-para-exploracao-de-terras-raras-e-minerais-criticos-no-brasil\/#primaryimage","url":"https:\/\/jornalpontomais.com\/site\/wp-content\/uploads\/2026\/09\/foto-33-1788385708.webp","contentUrl":"https:\/\/jornalpontomais.com\/site\/wp-content\/uploads\/2026\/09\/foto-33-1788385708.webp","width":1200,"height":675},{"@type":"BreadcrumbList","@id":"https:\/\/jornalpontomais.com\/site\/2026\/09\/03\/senado-aprova-marco-legal-para-exploracao-de-terras-raras-e-minerais-criticos-no-brasil\/#breadcrumb","itemListElement":[{"@type":"ListItem","position":1,"name":"In\u00edcio","item":"https:\/\/jornalpontomais.com\/site\/"},{"@type":"ListItem","position":2,"name":"Senado aprova marco legal para explora\u00e7\u00e3o de terras raras e minerais cr\u00edticos no Brasil"}]},{"@type":"WebSite","@id":"https:\/\/jornalpontomais.com\/site\/#website","url":"https:\/\/jornalpontomais.com\/site\/","name":"Jornal Ponto Mais","description":"As principais not\u00edcias do Brasil e do mundo. Confira!","publisher":{"@id":"https:\/\/jornalpontomais.com\/site\/#organization"},"potentialAction":[{"@type":"SearchAction","target":{"@type":"EntryPoint","urlTemplate":"https:\/\/jornalpontomais.com\/site\/?s={search_term_string}"},"query-input":{"@type":"PropertyValueSpecification","valueRequired":true,"valueName":"search_term_string"}}],"inLanguage":"pt-BR"},{"@type":"Organization","@id":"https:\/\/jornalpontomais.com\/site\/#organization","name":"Jornal Ponto+","url":"https:\/\/jornalpontomais.com\/site\/","logo":{"@type":"ImageObject","inLanguage":"pt-BR","@id":"https:\/\/jornalpontomais.com\/site\/#\/schema\/logo\/image\/","url":"https:\/\/jornalpontomais.com\/site\/wp-content\/uploads\/2022\/01\/marca.png","contentUrl":"https:\/\/jornalpontomais.com\/site\/wp-content\/uploads\/2022\/01\/marca.png","width":582,"height":148,"caption":"Jornal Ponto+"},"image":{"@id":"https:\/\/jornalpontomais.com\/site\/#\/schema\/logo\/image\/"}},{"@type":"Person","@id":"https:\/\/jornalpontomais.com\/site\/#\/schema\/person\/18323f0b0f1355f2490721c48389fe9d","name":"Jornal Ponto Mais","image":{"@type":"ImageObject","inLanguage":"pt-BR","@id":"https:\/\/secure.gravatar.com\/avatar\/2ee0a9b7fe10fe32bdec8bc086e871e41eb5f4f6ecbcb7b4f2fe0d92d831405f?s=96&d=mm&r=g","url":"https:\/\/secure.gravatar.com\/avatar\/2ee0a9b7fe10fe32bdec8bc086e871e41eb5f4f6ecbcb7b4f2fe0d92d831405f?s=96&d=mm&r=g","contentUrl":"https:\/\/secure.gravatar.com\/avatar\/2ee0a9b7fe10fe32bdec8bc086e871e41eb5f4f6ecbcb7b4f2fe0d92d831405f?s=96&d=mm&r=g","caption":"Jornal Ponto Mais"},"sameAs":["https:\/\/jornalpontomais.com\/site","jornalpontomais"],"url":"https:\/\/jornalpontomais.com\/site\/author\/jornalpontomais\/"}]}},"_links":{"self":[{"href":"https:\/\/jornalpontomais.com\/site\/wp-json\/wp\/v2\/posts\/25230","targetHints":{"allow":["GET"]}}],"collection":[{"href":"https:\/\/jornalpontomais.com\/site\/wp-json\/wp\/v2\/posts"}],"about":[{"href":"https:\/\/jornalpontomais.com\/site\/wp-json\/wp\/v2\/types\/post"}],"author":[{"embeddable":true,"href":"https:\/\/jornalpontomais.com\/site\/wp-json\/wp\/v2\/users\/2"}],"replies":[{"embeddable":true,"href":"https:\/\/jornalpontomais.com\/site\/wp-json\/wp\/v2\/comments?post=25230"}],"version-history":[{"count":1,"href":"https:\/\/jornalpontomais.com\/site\/wp-json\/wp\/v2\/posts\/25230\/revisions"}],"predecessor-version":[{"id":25232,"href":"https:\/\/jornalpontomais.com\/site\/wp-json\/wp\/v2\/posts\/25230\/revisions\/25232"}],"wp:featuredmedia":[{"embeddable":true,"href":"https:\/\/jornalpontomais.com\/site\/wp-json\/wp\/v2\/media\/25231"}],"wp:attachment":[{"href":"https:\/\/jornalpontomais.com\/site\/wp-json\/wp\/v2\/media?parent=25230"}],"wp:term":[{"taxonomy":"category","embeddable":true,"href":"https:\/\/jornalpontomais.com\/site\/wp-json\/wp\/v2\/categories?post=25230"},{"taxonomy":"post_tag","embeddable":true,"href":"https:\/\/jornalpontomais.com\/site\/wp-json\/wp\/v2\/tags?post=25230"}],"curies":[{"name":"wp","href":"https:\/\/api.w.org\/{rel}","templated":true}]}}