{"id":25222,"date":"2026-09-03T10:03:19","date_gmt":"2026-09-03T13:03:19","guid":{"rendered":"https:\/\/jornalpontomais.com\/site\/?p=25222"},"modified":"2026-09-03T10:03:20","modified_gmt":"2026-09-03T13:03:20","slug":"saiba-o-que-abre-e-o-que-fecha-no-feriado-de-7-de-setembro-em-goiania","status":"publish","type":"post","link":"https:\/\/jornalpontomais.com\/site\/2026\/09\/03\/saiba-o-que-abre-e-o-que-fecha-no-feriado-de-7-de-setembro-em-goiania\/","title":{"rendered":"Saiba o que abre e o que fecha no feriado de 7 de setembro em Goi\u00e2nia"},"content":{"rendered":"\n<p class=\"wp-block-paragraph\">A Prefeitura de Goi\u00e2nia divulgou nesta quinta-feira (3\/9) o funcionamento das institui\u00e7\u00f5es municipais durante o feriado nacional da Independ\u00eancia do Brasil, celebrado em 07 de setembro. Os servi\u00e7os essenciais \u2013 como atendimento de urg\u00eancia e emerg\u00eancia em sa\u00fade, servi\u00e7os de seguran\u00e7a e limpeza p\u00fablica \u2013 ser\u00e3o mantidos em regime de plant\u00e3o. J\u00e1 nos demais \u00f3rg\u00e3os municipais, o expediente ser\u00e1 retomado na ter\u00e7a-feira (8\/9).<br><br><\/p>\n\n\n\n<p class=\"wp-block-paragraph\"><strong>Confira o que abre e o que fecha:<\/strong><\/p>\n\n\n\n<p class=\"wp-block-paragraph\"><strong>Sa\u00fade<\/strong><\/p>\n\n\n\n<p class=\"wp-block-paragraph\">A rede de urg\u00eancia e emerg\u00eancia funcionar\u00e1 24h durante o final de semana e o feriado. A popula\u00e7\u00e3o pode buscar atendimento nos Cais de Campinas, Vila Nova, Finsocial, Bairro Goi\u00e1 e C\u00e2ndida de Morais; nas UPAs Noroeste, Itaipu, Jardim Am\u00e9rica, Novo Mundo e Ch\u00e1cara do Governador; e no Ciams Urias Magalh\u00e3es.<br><br><\/p>\n\n\n\n<p class=\"wp-block-paragraph\">A vacina\u00e7\u00e3o estar\u00e1 dispon\u00edvel das 8h \u00e0s 18h no CMV Pedro Ludovico; nos Cais C\u00e2ndida de Morais, Bairro Goi\u00e1 e Vila Nova; no Ciams Urias Magalh\u00e3es; nas UPAs Jardim Am\u00e9rica e Novo Mundo. A Vigil\u00e2ncia em Zoonoses atuar\u00e1 no recolhimento de animais mortos que possam transmitir doen\u00e7as aos humanos (como macacos e morcegos). O servi\u00e7o pode ser acionado pelos telefones (62) 99152-2545 \/ 62 3030-4056 \/ 62 3030-4121.<br><br><\/p>\n\n\n\n<p class=\"wp-block-paragraph\"><strong>Atende F\u00e1cil<\/strong><\/p>\n\n\n\n<p class=\"wp-block-paragraph\">As unidades do Atende F\u00e1cil estar\u00e3o fechadas no dia 7 de setembro. O atendimento ser\u00e1 retomado normalmente na ter\u00e7a-feira (10\/6), a partir das 8h.<br><br><\/p>\n\n\n\n<p class=\"wp-block-paragraph\"><strong>Fiscaliza\u00e7\u00e3o Ambiental<\/strong><\/p>\n\n\n\n<p class=\"wp-block-paragraph\">O atendimento segue por meio do plant\u00e3o fiscal, que atender\u00e1 den\u00fancias recebidas no portal da Secretaria Municipal de Efici\u00eancia.<br><br><\/p>\n\n\n\n<p class=\"wp-block-paragraph\"><strong>Tr\u00e2nsito<\/strong><\/p>\n\n\n\n<p class=\"wp-block-paragraph\">Durante o feriado, o Centro Operacional de Tr\u00e2nsito (COT) manter\u00e1 o atendimento nos tr\u00eas turnos pelo WhatsApp (62) 3524-0101. O canal recebe solicita\u00e7\u00f5es, den\u00fancias e informa\u00e7\u00f5es sobre ocorr\u00eancias de tr\u00e2nsito, como acidentes, bloqueios de vias, sem\u00e1foros com defeito e problemas de sinaliza\u00e7\u00e3o.<br><br><\/p>\n\n\n\n<p class=\"wp-block-paragraph\"><strong>Assist\u00eancia Social<\/strong><\/p>\n\n\n\n<p class=\"wp-block-paragraph\">O Servi\u00e7o Especializado em Abordagem Social (Seas) realizar\u00e1 busca ativa 24h por todas as regi\u00f5es da cidade. As Casas de Acolhida Cidad\u00e3 (CACs) mant\u00eam os servi\u00e7os de acolhimento para homens em situa\u00e7\u00e3o de rua e mulheres e fam\u00edlias em situa\u00e7\u00e3o de vulnerabilidade social. O acolhimento a v\u00edtimas de viol\u00eancia dom\u00e9stica e a crian\u00e7as e adolescentes tamb\u00e9m segue sem interrup\u00e7\u00e3o na Casa Abrigo Sempre Viva e no Complexo 24h, respectivamente.<br><br><\/p>\n\n\n\n<p class=\"wp-block-paragraph\"><strong>Guarda Civil Metropolitana<\/strong><\/p>\n\n\n\n<p class=\"wp-block-paragraph\">Durante o feriado, a Guarda Civil Metropolitana (GCM) de Goi\u00e2nia mant\u00e9m opera\u00e7\u00e3o 24 horas para garantir a seguran\u00e7a dos pr\u00e9dios e logradouros p\u00fablicos do munic\u00edpio, como escolas, parques e unidades de sa\u00fade. Para den\u00fancias ou emerg\u00eancias, a popula\u00e7\u00e3o pode acionar a GCM pelo telefone 153.<br><br><\/p>\n\n\n\n<p class=\"wp-block-paragraph\"><strong>Lazer<\/strong><\/p>\n\n\n\n<p class=\"wp-block-paragraph\">O Parque Zool\u00f3gico de Goi\u00e2nia e o Parque Mutirama estar\u00e3o fechados no dia 7 de setembro. Os parques funcionam normalmente durante o s\u00e1bado e o domingo (5 e 6 de setembro). No final de semana, o Parque Zool\u00f3gico estar\u00e1 aberto das 8h30 \u00e0s 17h, com venda de ingressos at\u00e9 \u00e0s 16h. O Parque Mutirama estar\u00e1 aberto das 11h \u00e0s 17h.<br><br><\/p>\n\n\n\n<p class=\"wp-block-paragraph\">O Mercado Central estar\u00e1 aberto das 7h \u00e0s 12h na segunda-feira de feriado. Estar\u00e3o fechados os mercados de Campinas, Pedro Ludovico, Centro Comercial Popular, Centro Oeste, Vila Nova, Mercado Popular da 74 e Mercado Aberto da Parana\u00edba.<br><br><\/p>\n\n\n\n<p class=\"wp-block-paragraph\"><strong>Comurg<\/strong><\/p>\n\n\n\n<p class=\"wp-block-paragraph\">A Companhia de Urbaniza\u00e7\u00e3o de Goi\u00e2nia (Comurg) intensifica os servi\u00e7os de zeladoria na Regi\u00e3o Central da capital para preparar a cidade para o tradicional Desfile C\u00edvico-Militar em comemora\u00e7\u00e3o \u00e0 Independ\u00eancia do Brasil, que ser\u00e1 realizado nesta segunda-feira.<br><br><\/p>\n\n\n\n<p class=\"wp-block-paragraph\"><strong>Limpa Gyn<\/strong><\/p>\n\n\n\n<p class=\"wp-block-paragraph\">As coletas domiciliar e seletiva, a remo\u00e7\u00e3o de entulho e o cata-treco funcionam normalmente durante o feriado, mantendo o atendimento \u00e0 popula\u00e7\u00e3o e a execu\u00e7\u00e3o das atividades de limpeza urbana em Goi\u00e2nia. As solicita\u00e7\u00f5es podem ser feitas pelo site consorciolimpagyn.com.br, na aba \u201cSolicita\u00e7\u00f5es\u201d ou pelo WhatsApp (62) 3093-9223.<\/p>\n","protected":false},"excerpt":{"rendered":"<p>A Prefeitura de Goi\u00e2nia divulgou nesta quinta-feira (3\/9) o funcionamento das institui\u00e7\u00f5es municipais durante o feriado nacional da Independ\u00eancia do Brasil, celebrado em 07 de setembro. Os servi\u00e7os essenciais \u2013 como atendimento de urg\u00eancia e emerg\u00eancia em sa\u00fade, servi\u00e7os de seguran\u00e7a e limpeza p\u00fablica \u2013 ser\u00e3o mantidos em regime de plant\u00e3o. J\u00e1 nos demais \u00f3rg\u00e3os [&hellip;]<\/p>\n","protected":false},"author":2,"featured_media":25223,"comment_status":"open","ping_status":"open","sticky":false,"template":"","format":"standard","meta":{"om_disable_all_campaigns":false,"_monsterinsights_skip_tracking":false,"_monsterinsights_sitenote_active":false,"_monsterinsights_sitenote_note":"","_monsterinsights_sitenote_category":0,"footnotes":""},"categories":[5],"tags":[],"class_list":["post-25222","post","type-post","status-publish","format-standard","has-post-thumbnail","hentry","category-curiosidades"],"yoast_head":"<!-- This site is optimized with the Yoast SEO plugin v27.2 - https:\/\/yoast.com\/product\/yoast-seo-wordpress\/ -->\n<title>Saiba o que abre e o que fecha no feriado de 7 de setembro em Goi\u00e2nia - Jornal Ponto Mais<\/title>\n<meta name=\"robots\" content=\"index, follow, max-snippet:-1, max-image-preview:large, max-video-preview:-1\" \/>\n<link rel=\"canonical\" href=\"https:\/\/jornalpontomais.com\/site\/2026\/09\/03\/saiba-o-que-abre-e-o-que-fecha-no-feriado-de-7-de-setembro-em-goiania\/\" \/>\n<meta property=\"og:locale\" content=\"pt_BR\" \/>\n<meta property=\"og:type\" content=\"article\" \/>\n<meta property=\"og:title\" content=\"Saiba o que abre e o que fecha no feriado de 7 de setembro em Goi\u00e2nia - Jornal Ponto Mais\" \/>\n<meta property=\"og:description\" content=\"A Prefeitura de Goi\u00e2nia divulgou nesta quinta-feira (3\/9) o funcionamento das institui\u00e7\u00f5es municipais durante o feriado nacional da Independ\u00eancia do Brasil, celebrado em 07 de setembro. Os servi\u00e7os essenciais \u2013 como atendimento de urg\u00eancia e emerg\u00eancia em sa\u00fade, servi\u00e7os de seguran\u00e7a e limpeza p\u00fablica \u2013 ser\u00e3o mantidos em regime de plant\u00e3o. J\u00e1 nos demais \u00f3rg\u00e3os [&hellip;]\" \/>\n<meta property=\"og:url\" content=\"https:\/\/jornalpontomais.com\/site\/2026\/09\/03\/saiba-o-que-abre-e-o-que-fecha-no-feriado-de-7-de-setembro-em-goiania\/\" \/>\n<meta property=\"og:site_name\" content=\"Jornal Ponto Mais\" \/>\n<meta property=\"article:published_time\" content=\"2026-09-03T13:03:19+00:00\" \/>\n<meta property=\"article:modified_time\" content=\"2026-09-03T13:03:20+00:00\" \/>\n<meta property=\"og:image\" content=\"https:\/\/jornalpontomais.com\/site\/wp-content\/uploads\/2026\/09\/7-de-setembro.jpeg\" \/>\n\t<meta property=\"og:image:width\" content=\"1024\" \/>\n\t<meta property=\"og:image:height\" content=\"646\" \/>\n\t<meta property=\"og:image:type\" content=\"image\/jpeg\" \/>\n<meta name=\"author\" content=\"Jornal Ponto Mais\" \/>\n<meta name=\"twitter:card\" content=\"summary_large_image\" \/>\n<meta name=\"twitter:label1\" content=\"Escrito por\" \/>\n\t<meta name=\"twitter:data1\" content=\"Jornal Ponto Mais\" \/>\n\t<meta name=\"twitter:label2\" content=\"Est. tempo de leitura\" \/>\n\t<meta name=\"twitter:data2\" content=\"3 minutos\" \/>\n<script type=\"application\/ld+json\" class=\"yoast-schema-graph\">{\"@context\":\"https:\/\/schema.org\",\"@graph\":[{\"@type\":\"Article\",\"@id\":\"https:\/\/jornalpontomais.com\/site\/2026\/09\/03\/saiba-o-que-abre-e-o-que-fecha-no-feriado-de-7-de-setembro-em-goiania\/#article\",\"isPartOf\":{\"@id\":\"https:\/\/jornalpontomais.com\/site\/2026\/09\/03\/saiba-o-que-abre-e-o-que-fecha-no-feriado-de-7-de-setembro-em-goiania\/\"},\"author\":{\"name\":\"Jornal Ponto Mais\",\"@id\":\"https:\/\/jornalpontomais.com\/site\/#\/schema\/person\/18323f0b0f1355f2490721c48389fe9d\"},\"headline\":\"Saiba o que abre e o que fecha no feriado de 7 de setembro em Goi\u00e2nia\",\"datePublished\":\"2026-09-03T13:03:19+00:00\",\"dateModified\":\"2026-09-03T13:03:20+00:00\",\"mainEntityOfPage\":{\"@id\":\"https:\/\/jornalpontomais.com\/site\/2026\/09\/03\/saiba-o-que-abre-e-o-que-fecha-no-feriado-de-7-de-setembro-em-goiania\/\"},\"wordCount\":675,\"commentCount\":0,\"publisher\":{\"@id\":\"https:\/\/jornalpontomais.com\/site\/#organization\"},\"image\":{\"@id\":\"https:\/\/jornalpontomais.com\/site\/2026\/09\/03\/saiba-o-que-abre-e-o-que-fecha-no-feriado-de-7-de-setembro-em-goiania\/#primaryimage\"},\"thumbnailUrl\":\"https:\/\/jornalpontomais.com\/site\/wp-content\/uploads\/2026\/09\/7-de-setembro.jpeg\",\"articleSection\":[\"Curiosidades\"],\"inLanguage\":\"pt-BR\",\"potentialAction\":[{\"@type\":\"CommentAction\",\"name\":\"Comment\",\"target\":[\"https:\/\/jornalpontomais.com\/site\/2026\/09\/03\/saiba-o-que-abre-e-o-que-fecha-no-feriado-de-7-de-setembro-em-goiania\/#respond\"]}]},{\"@type\":\"WebPage\",\"@id\":\"https:\/\/jornalpontomais.com\/site\/2026\/09\/03\/saiba-o-que-abre-e-o-que-fecha-no-feriado-de-7-de-setembro-em-goiania\/\",\"url\":\"https:\/\/jornalpontomais.com\/site\/2026\/09\/03\/saiba-o-que-abre-e-o-que-fecha-no-feriado-de-7-de-setembro-em-goiania\/\",\"name\":\"Saiba o que abre e o que fecha no feriado de 7 de setembro em Goi\u00e2nia - Jornal Ponto Mais\",\"isPartOf\":{\"@id\":\"https:\/\/jornalpontomais.com\/site\/#website\"},\"primaryImageOfPage\":{\"@id\":\"https:\/\/jornalpontomais.com\/site\/2026\/09\/03\/saiba-o-que-abre-e-o-que-fecha-no-feriado-de-7-de-setembro-em-goiania\/#primaryimage\"},\"image\":{\"@id\":\"https:\/\/jornalpontomais.com\/site\/2026\/09\/03\/saiba-o-que-abre-e-o-que-fecha-no-feriado-de-7-de-setembro-em-goiania\/#primaryimage\"},\"thumbnailUrl\":\"https:\/\/jornalpontomais.com\/site\/wp-content\/uploads\/2026\/09\/7-de-setembro.jpeg\",\"datePublished\":\"2026-09-03T13:03:19+00:00\",\"dateModified\":\"2026-09-03T13:03:20+00:00\",\"breadcrumb\":{\"@id\":\"https:\/\/jornalpontomais.com\/site\/2026\/09\/03\/saiba-o-que-abre-e-o-que-fecha-no-feriado-de-7-de-setembro-em-goiania\/#breadcrumb\"},\"inLanguage\":\"pt-BR\",\"potentialAction\":[{\"@type\":\"ReadAction\",\"target\":[\"https:\/\/jornalpontomais.com\/site\/2026\/09\/03\/saiba-o-que-abre-e-o-que-fecha-no-feriado-de-7-de-setembro-em-goiania\/\"]}]},{\"@type\":\"ImageObject\",\"inLanguage\":\"pt-BR\",\"@id\":\"https:\/\/jornalpontomais.com\/site\/2026\/09\/03\/saiba-o-que-abre-e-o-que-fecha-no-feriado-de-7-de-setembro-em-goiania\/#primaryimage\",\"url\":\"https:\/\/jornalpontomais.com\/site\/wp-content\/uploads\/2026\/09\/7-de-setembro.jpeg\",\"contentUrl\":\"https:\/\/jornalpontomais.com\/site\/wp-content\/uploads\/2026\/09\/7-de-setembro.jpeg\",\"width\":1024,\"height\":646},{\"@type\":\"BreadcrumbList\",\"@id\":\"https:\/\/jornalpontomais.com\/site\/2026\/09\/03\/saiba-o-que-abre-e-o-que-fecha-no-feriado-de-7-de-setembro-em-goiania\/#breadcrumb\",\"itemListElement\":[{\"@type\":\"ListItem\",\"position\":1,\"name\":\"In\u00edcio\",\"item\":\"https:\/\/jornalpontomais.com\/site\/\"},{\"@type\":\"ListItem\",\"position\":2,\"name\":\"Saiba o que abre e o que fecha no feriado de 7 de setembro em Goi\u00e2nia\"}]},{\"@type\":\"WebSite\",\"@id\":\"https:\/\/jornalpontomais.com\/site\/#website\",\"url\":\"https:\/\/jornalpontomais.com\/site\/\",\"name\":\"Jornal Ponto Mais\",\"description\":\"As principais not\u00edcias do Brasil e do mundo. Confira!\",\"publisher\":{\"@id\":\"https:\/\/jornalpontomais.com\/site\/#organization\"},\"potentialAction\":[{\"@type\":\"SearchAction\",\"target\":{\"@type\":\"EntryPoint\",\"urlTemplate\":\"https:\/\/jornalpontomais.com\/site\/?s={search_term_string}\"},\"query-input\":{\"@type\":\"PropertyValueSpecification\",\"valueRequired\":true,\"valueName\":\"search_term_string\"}}],\"inLanguage\":\"pt-BR\"},{\"@type\":\"Organization\",\"@id\":\"https:\/\/jornalpontomais.com\/site\/#organization\",\"name\":\"Jornal Ponto+\",\"url\":\"https:\/\/jornalpontomais.com\/site\/\",\"logo\":{\"@type\":\"ImageObject\",\"inLanguage\":\"pt-BR\",\"@id\":\"https:\/\/jornalpontomais.com\/site\/#\/schema\/logo\/image\/\",\"url\":\"https:\/\/jornalpontomais.com\/site\/wp-content\/uploads\/2022\/01\/marca.png\",\"contentUrl\":\"https:\/\/jornalpontomais.com\/site\/wp-content\/uploads\/2022\/01\/marca.png\",\"width\":582,\"height\":148,\"caption\":\"Jornal Ponto+\"},\"image\":{\"@id\":\"https:\/\/jornalpontomais.com\/site\/#\/schema\/logo\/image\/\"}},{\"@type\":\"Person\",\"@id\":\"https:\/\/jornalpontomais.com\/site\/#\/schema\/person\/18323f0b0f1355f2490721c48389fe9d\",\"name\":\"Jornal Ponto Mais\",\"image\":{\"@type\":\"ImageObject\",\"inLanguage\":\"pt-BR\",\"@id\":\"https:\/\/secure.gravatar.com\/avatar\/2ee0a9b7fe10fe32bdec8bc086e871e41eb5f4f6ecbcb7b4f2fe0d92d831405f?s=96&d=mm&r=g\",\"url\":\"https:\/\/secure.gravatar.com\/avatar\/2ee0a9b7fe10fe32bdec8bc086e871e41eb5f4f6ecbcb7b4f2fe0d92d831405f?s=96&d=mm&r=g\",\"contentUrl\":\"https:\/\/secure.gravatar.com\/avatar\/2ee0a9b7fe10fe32bdec8bc086e871e41eb5f4f6ecbcb7b4f2fe0d92d831405f?s=96&d=mm&r=g\",\"caption\":\"Jornal Ponto Mais\"},\"sameAs\":[\"https:\/\/jornalpontomais.com\/site\",\"jornalpontomais\"],\"url\":\"https:\/\/jornalpontomais.com\/site\/author\/jornalpontomais\/\"}]}<\/script>\n<!-- \/ Yoast SEO plugin. -->","yoast_head_json":{"title":"Saiba o que abre e o que fecha no feriado de 7 de setembro em Goi\u00e2nia - Jornal Ponto Mais","robots":{"index":"index","follow":"follow","max-snippet":"max-snippet:-1","max-image-preview":"max-image-preview:large","max-video-preview":"max-video-preview:-1"},"canonical":"https:\/\/jornalpontomais.com\/site\/2026\/09\/03\/saiba-o-que-abre-e-o-que-fecha-no-feriado-de-7-de-setembro-em-goiania\/","og_locale":"pt_BR","og_type":"article","og_title":"Saiba o que abre e o que fecha no feriado de 7 de setembro em Goi\u00e2nia - Jornal Ponto Mais","og_description":"A Prefeitura de Goi\u00e2nia divulgou nesta quinta-feira (3\/9) o funcionamento das institui\u00e7\u00f5es municipais durante o feriado nacional da Independ\u00eancia do Brasil, celebrado em 07 de setembro. Os servi\u00e7os essenciais \u2013 como atendimento de urg\u00eancia e emerg\u00eancia em sa\u00fade, servi\u00e7os de seguran\u00e7a e limpeza p\u00fablica \u2013 ser\u00e3o mantidos em regime de plant\u00e3o. J\u00e1 nos demais \u00f3rg\u00e3os [&hellip;]","og_url":"https:\/\/jornalpontomais.com\/site\/2026\/09\/03\/saiba-o-que-abre-e-o-que-fecha-no-feriado-de-7-de-setembro-em-goiania\/","og_site_name":"Jornal Ponto Mais","article_published_time":"2026-09-03T13:03:19+00:00","article_modified_time":"2026-09-03T13:03:20+00:00","og_image":[{"width":1024,"height":646,"url":"https:\/\/jornalpontomais.com\/site\/wp-content\/uploads\/2026\/09\/7-de-setembro.jpeg","type":"image\/jpeg"}],"author":"Jornal Ponto Mais","twitter_card":"summary_large_image","twitter_misc":{"Escrito por":"Jornal Ponto Mais","Est. tempo de leitura":"3 minutos"},"schema":{"@context":"https:\/\/schema.org","@graph":[{"@type":"Article","@id":"https:\/\/jornalpontomais.com\/site\/2026\/09\/03\/saiba-o-que-abre-e-o-que-fecha-no-feriado-de-7-de-setembro-em-goiania\/#article","isPartOf":{"@id":"https:\/\/jornalpontomais.com\/site\/2026\/09\/03\/saiba-o-que-abre-e-o-que-fecha-no-feriado-de-7-de-setembro-em-goiania\/"},"author":{"name":"Jornal Ponto Mais","@id":"https:\/\/jornalpontomais.com\/site\/#\/schema\/person\/18323f0b0f1355f2490721c48389fe9d"},"headline":"Saiba o que abre e o que fecha no feriado de 7 de setembro em Goi\u00e2nia","datePublished":"2026-09-03T13:03:19+00:00","dateModified":"2026-09-03T13:03:20+00:00","mainEntityOfPage":{"@id":"https:\/\/jornalpontomais.com\/site\/2026\/09\/03\/saiba-o-que-abre-e-o-que-fecha-no-feriado-de-7-de-setembro-em-goiania\/"},"wordCount":675,"commentCount":0,"publisher":{"@id":"https:\/\/jornalpontomais.com\/site\/#organization"},"image":{"@id":"https:\/\/jornalpontomais.com\/site\/2026\/09\/03\/saiba-o-que-abre-e-o-que-fecha-no-feriado-de-7-de-setembro-em-goiania\/#primaryimage"},"thumbnailUrl":"https:\/\/jornalpontomais.com\/site\/wp-content\/uploads\/2026\/09\/7-de-setembro.jpeg","articleSection":["Curiosidades"],"inLanguage":"pt-BR","potentialAction":[{"@type":"CommentAction","name":"Comment","target":["https:\/\/jornalpontomais.com\/site\/2026\/09\/03\/saiba-o-que-abre-e-o-que-fecha-no-feriado-de-7-de-setembro-em-goiania\/#respond"]}]},{"@type":"WebPage","@id":"https:\/\/jornalpontomais.com\/site\/2026\/09\/03\/saiba-o-que-abre-e-o-que-fecha-no-feriado-de-7-de-setembro-em-goiania\/","url":"https:\/\/jornalpontomais.com\/site\/2026\/09\/03\/saiba-o-que-abre-e-o-que-fecha-no-feriado-de-7-de-setembro-em-goiania\/","name":"Saiba o que abre e o que fecha no feriado de 7 de setembro em Goi\u00e2nia - Jornal Ponto Mais","isPartOf":{"@id":"https:\/\/jornalpontomais.com\/site\/#website"},"primaryImageOfPage":{"@id":"https:\/\/jornalpontomais.com\/site\/2026\/09\/03\/saiba-o-que-abre-e-o-que-fecha-no-feriado-de-7-de-setembro-em-goiania\/#primaryimage"},"image":{"@id":"https:\/\/jornalpontomais.com\/site\/2026\/09\/03\/saiba-o-que-abre-e-o-que-fecha-no-feriado-de-7-de-setembro-em-goiania\/#primaryimage"},"thumbnailUrl":"https:\/\/jornalpontomais.com\/site\/wp-content\/uploads\/2026\/09\/7-de-setembro.jpeg","datePublished":"2026-09-03T13:03:19+00:00","dateModified":"2026-09-03T13:03:20+00:00","breadcrumb":{"@id":"https:\/\/jornalpontomais.com\/site\/2026\/09\/03\/saiba-o-que-abre-e-o-que-fecha-no-feriado-de-7-de-setembro-em-goiania\/#breadcrumb"},"inLanguage":"pt-BR","potentialAction":[{"@type":"ReadAction","target":["https:\/\/jornalpontomais.com\/site\/2026\/09\/03\/saiba-o-que-abre-e-o-que-fecha-no-feriado-de-7-de-setembro-em-goiania\/"]}]},{"@type":"ImageObject","inLanguage":"pt-BR","@id":"https:\/\/jornalpontomais.com\/site\/2026\/09\/03\/saiba-o-que-abre-e-o-que-fecha-no-feriado-de-7-de-setembro-em-goiania\/#primaryimage","url":"https:\/\/jornalpontomais.com\/site\/wp-content\/uploads\/2026\/09\/7-de-setembro.jpeg","contentUrl":"https:\/\/jornalpontomais.com\/site\/wp-content\/uploads\/2026\/09\/7-de-setembro.jpeg","width":1024,"height":646},{"@type":"BreadcrumbList","@id":"https:\/\/jornalpontomais.com\/site\/2026\/09\/03\/saiba-o-que-abre-e-o-que-fecha-no-feriado-de-7-de-setembro-em-goiania\/#breadcrumb","itemListElement":[{"@type":"ListItem","position":1,"name":"In\u00edcio","item":"https:\/\/jornalpontomais.com\/site\/"},{"@type":"ListItem","position":2,"name":"Saiba o que abre e o que fecha no feriado de 7 de setembro em Goi\u00e2nia"}]},{"@type":"WebSite","@id":"https:\/\/jornalpontomais.com\/site\/#website","url":"https:\/\/jornalpontomais.com\/site\/","name":"Jornal Ponto Mais","description":"As principais not\u00edcias do Brasil e do mundo. Confira!","publisher":{"@id":"https:\/\/jornalpontomais.com\/site\/#organization"},"potentialAction":[{"@type":"SearchAction","target":{"@type":"EntryPoint","urlTemplate":"https:\/\/jornalpontomais.com\/site\/?s={search_term_string}"},"query-input":{"@type":"PropertyValueSpecification","valueRequired":true,"valueName":"search_term_string"}}],"inLanguage":"pt-BR"},{"@type":"Organization","@id":"https:\/\/jornalpontomais.com\/site\/#organization","name":"Jornal Ponto+","url":"https:\/\/jornalpontomais.com\/site\/","logo":{"@type":"ImageObject","inLanguage":"pt-BR","@id":"https:\/\/jornalpontomais.com\/site\/#\/schema\/logo\/image\/","url":"https:\/\/jornalpontomais.com\/site\/wp-content\/uploads\/2022\/01\/marca.png","contentUrl":"https:\/\/jornalpontomais.com\/site\/wp-content\/uploads\/2022\/01\/marca.png","width":582,"height":148,"caption":"Jornal Ponto+"},"image":{"@id":"https:\/\/jornalpontomais.com\/site\/#\/schema\/logo\/image\/"}},{"@type":"Person","@id":"https:\/\/jornalpontomais.com\/site\/#\/schema\/person\/18323f0b0f1355f2490721c48389fe9d","name":"Jornal Ponto Mais","image":{"@type":"ImageObject","inLanguage":"pt-BR","@id":"https:\/\/secure.gravatar.com\/avatar\/2ee0a9b7fe10fe32bdec8bc086e871e41eb5f4f6ecbcb7b4f2fe0d92d831405f?s=96&d=mm&r=g","url":"https:\/\/secure.gravatar.com\/avatar\/2ee0a9b7fe10fe32bdec8bc086e871e41eb5f4f6ecbcb7b4f2fe0d92d831405f?s=96&d=mm&r=g","contentUrl":"https:\/\/secure.gravatar.com\/avatar\/2ee0a9b7fe10fe32bdec8bc086e871e41eb5f4f6ecbcb7b4f2fe0d92d831405f?s=96&d=mm&r=g","caption":"Jornal Ponto Mais"},"sameAs":["https:\/\/jornalpontomais.com\/site","jornalpontomais"],"url":"https:\/\/jornalpontomais.com\/site\/author\/jornalpontomais\/"}]}},"_links":{"self":[{"href":"https:\/\/jornalpontomais.com\/site\/wp-json\/wp\/v2\/posts\/25222","targetHints":{"allow":["GET"]}}],"collection":[{"href":"https:\/\/jornalpontomais.com\/site\/wp-json\/wp\/v2\/posts"}],"about":[{"href":"https:\/\/jornalpontomais.com\/site\/wp-json\/wp\/v2\/types\/post"}],"author":[{"embeddable":true,"href":"https:\/\/jornalpontomais.com\/site\/wp-json\/wp\/v2\/users\/2"}],"replies":[{"embeddable":true,"href":"https:\/\/jornalpontomais.com\/site\/wp-json\/wp\/v2\/comments?post=25222"}],"version-history":[{"count":1,"href":"https:\/\/jornalpontomais.com\/site\/wp-json\/wp\/v2\/posts\/25222\/revisions"}],"predecessor-version":[{"id":25224,"href":"https:\/\/jornalpontomais.com\/site\/wp-json\/wp\/v2\/posts\/25222\/revisions\/25224"}],"wp:featuredmedia":[{"embeddable":true,"href":"https:\/\/jornalpontomais.com\/site\/wp-json\/wp\/v2\/media\/25223"}],"wp:attachment":[{"href":"https:\/\/jornalpontomais.com\/site\/wp-json\/wp\/v2\/media?parent=25222"}],"wp:term":[{"taxonomy":"category","embeddable":true,"href":"https:\/\/jornalpontomais.com\/site\/wp-json\/wp\/v2\/categories?post=25222"},{"taxonomy":"post_tag","embeddable":true,"href":"https:\/\/jornalpontomais.com\/site\/wp-json\/wp\/v2\/tags?post=25222"}],"curies":[{"name":"wp","href":"https:\/\/api.w.org\/{rel}","templated":true}]}}