{"id":25219,"date":"2026-09-02T10:33:36","date_gmt":"2026-09-02T13:33:36","guid":{"rendered":"https:\/\/jornalpontomais.com\/site\/?p=25219"},"modified":"2026-09-02T10:33:48","modified_gmt":"2026-09-02T13:33:48","slug":"ferrari-prepara-homenagem-a-michael-schumacher-pelos-30-anos-de-primeira-vitoria-em-monza","status":"publish","type":"post","link":"https:\/\/jornalpontomais.com\/site\/2026\/09\/02\/ferrari-prepara-homenagem-a-michael-schumacher-pelos-30-anos-de-primeira-vitoria-em-monza\/","title":{"rendered":"Ferrari prepara homenagem a Michael Schumacher pelos 30 anos de primeira vit\u00f3ria em Monza"},"content":{"rendered":"\n<p class=\"wp-block-paragraph\">A Ferrari ter\u00e1 uma programa\u00e7\u00e3o especial no Grande Pr\u00eamio da It\u00e1lia de F\u00f3rmula 1, em Monza, neste fim de semana, para celebrar os 30 anos da primeira vit\u00f3ria de Michael Schumacher no circuito pela escuderia. A homenagem tamb\u00e9m marca tr\u00eas d\u00e9cadas desde a chegada do alem\u00e3o \u00e0 equipe italiana, em 1996.<br><br><\/p>\n\n\n\n<p class=\"wp-block-paragraph\">Os carros SF-26, pilotados por Charles Leclerc e Lewis Hamilton, ter\u00e3o uma pintura especial inspirada na Ferrari 310 utilizada por Schumacher em sua primeira temporada pela equipe. O visual ser\u00e1 predominantemente vermelho, com detalhes brancos e pretos, al\u00e9m de sete estrelas e das iniciais do heptacampe\u00e3o.<br><br><\/p>\n\n\n\n<p class=\"wp-block-paragraph\">A Ferrari tamb\u00e9m exibir\u00e1 tr\u00eas carros que marcaram a trajet\u00f3ria do piloto na equipe: o F310, o 248 de 2006 e o F2002. Este \u00faltimo voltar\u00e1 \u00e0 pista com Rubens Barrichello no s\u00e1bado (5) e Sebastian Vettel no domingo (6).<br><br><\/p>\n\n\n\n<p class=\"wp-block-paragraph\">A vit\u00f3ria de Schumacher em Monza, em 1996, teve significado especial para a Ferrari, que n\u00e3o triunfava em casa desde 1988. A chegada do alem\u00e3o abriu caminho para um dos per\u00edodos mais vitoriosos da hist\u00f3ria da equipe. Schumacher conquistou cinco t\u00edtulos mundiais consecutivos pela escuderia, enquanto a Ferrari alcan\u00e7ou seis campeonatos seguidos de construtores.<br><br><\/p>\n\n\n\n<p class=\"wp-block-paragraph\">Atualmente com 57 anos, Schumacher permanece afastado da vida p\u00fablica desde o grave acidente de esqui sofrido nos Alpes franceses, em dezembro de 2013.<br><br><\/p>\n\n\n\n<p class=\"wp-block-paragraph\">A Ferrari chega \u00e0 edi\u00e7\u00e3o deste ano de Monza na segunda coloca\u00e7\u00e3o do campeonato de construtores. Leclerc e Hamilton j\u00e1 conquistaram uma vit\u00f3ria cada na temporada. A \u00faltima vit\u00f3ria da equipe no circuito italiano ocorreu em 2024, com Leclerc.<\/p>\n","protected":false},"excerpt":{"rendered":"<p>A Ferrari ter\u00e1 uma programa\u00e7\u00e3o especial no Grande Pr\u00eamio da It\u00e1lia de F\u00f3rmula 1, em Monza, neste fim de semana, para celebrar os 30 anos da primeira vit\u00f3ria de Michael Schumacher no circuito pela escuderia. A homenagem tamb\u00e9m marca tr\u00eas d\u00e9cadas desde a chegada do alem\u00e3o \u00e0 equipe italiana, em 1996. Os carros SF-26, pilotados [&hellip;]<\/p>\n","protected":false},"author":2,"featured_media":25220,"comment_status":"open","ping_status":"open","sticky":true,"template":"","format":"standard","meta":{"om_disable_all_campaigns":false,"_monsterinsights_skip_tracking":false,"_monsterinsights_sitenote_active":false,"_monsterinsights_sitenote_note":"","_monsterinsights_sitenote_category":0,"footnotes":""},"categories":[4],"tags":[],"class_list":["post-25219","post","type-post","status-publish","format-standard","has-post-thumbnail","hentry","category-esporte"],"yoast_head":"<!-- This site is optimized with the Yoast SEO plugin v27.2 - https:\/\/yoast.com\/product\/yoast-seo-wordpress\/ -->\n<title>Ferrari prepara homenagem a Michael Schumacher pelos 30 anos de primeira vit\u00f3ria em Monza - Jornal Ponto Mais<\/title>\n<meta name=\"robots\" content=\"index, follow, max-snippet:-1, max-image-preview:large, max-video-preview:-1\" \/>\n<link rel=\"canonical\" href=\"https:\/\/jornalpontomais.com\/site\/2026\/09\/02\/ferrari-prepara-homenagem-a-michael-schumacher-pelos-30-anos-de-primeira-vitoria-em-monza\/\" \/>\n<meta property=\"og:locale\" content=\"pt_BR\" \/>\n<meta property=\"og:type\" content=\"article\" \/>\n<meta property=\"og:title\" content=\"Ferrari prepara homenagem a Michael Schumacher pelos 30 anos de primeira vit\u00f3ria em Monza - Jornal Ponto Mais\" \/>\n<meta property=\"og:description\" content=\"A Ferrari ter\u00e1 uma programa\u00e7\u00e3o especial no Grande Pr\u00eamio da It\u00e1lia de F\u00f3rmula 1, em Monza, neste fim de semana, para celebrar os 30 anos da primeira vit\u00f3ria de Michael Schumacher no circuito pela escuderia. A homenagem tamb\u00e9m marca tr\u00eas d\u00e9cadas desde a chegada do alem\u00e3o \u00e0 equipe italiana, em 1996. Os carros SF-26, pilotados [&hellip;]\" \/>\n<meta property=\"og:url\" content=\"https:\/\/jornalpontomais.com\/site\/2026\/09\/02\/ferrari-prepara-homenagem-a-michael-schumacher-pelos-30-anos-de-primeira-vitoria-em-monza\/\" \/>\n<meta property=\"og:site_name\" content=\"Jornal Ponto Mais\" \/>\n<meta property=\"article:published_time\" content=\"2026-09-02T13:33:36+00:00\" \/>\n<meta property=\"article:modified_time\" content=\"2026-09-02T13:33:48+00:00\" \/>\n<meta property=\"og:image\" content=\"https:\/\/jornalpontomais.com\/site\/wp-content\/uploads\/2026\/09\/ferrari_homenagem_shumaker_2026.webp\" \/>\n\t<meta property=\"og:image:width\" content=\"1170\" \/>\n\t<meta property=\"og:image:height\" content=\"700\" \/>\n\t<meta property=\"og:image:type\" content=\"image\/webp\" \/>\n<meta name=\"author\" content=\"Jornal Ponto Mais\" \/>\n<meta name=\"twitter:card\" content=\"summary_large_image\" \/>\n<meta name=\"twitter:label1\" content=\"Escrito por\" \/>\n\t<meta name=\"twitter:data1\" content=\"Jornal Ponto Mais\" \/>\n\t<meta name=\"twitter:label2\" content=\"Est. tempo de leitura\" \/>\n\t<meta name=\"twitter:data2\" content=\"1 minuto\" \/>\n<script type=\"application\/ld+json\" class=\"yoast-schema-graph\">{\"@context\":\"https:\/\/schema.org\",\"@graph\":[{\"@type\":\"Article\",\"@id\":\"https:\/\/jornalpontomais.com\/site\/2026\/09\/02\/ferrari-prepara-homenagem-a-michael-schumacher-pelos-30-anos-de-primeira-vitoria-em-monza\/#article\",\"isPartOf\":{\"@id\":\"https:\/\/jornalpontomais.com\/site\/2026\/09\/02\/ferrari-prepara-homenagem-a-michael-schumacher-pelos-30-anos-de-primeira-vitoria-em-monza\/\"},\"author\":{\"name\":\"Jornal Ponto Mais\",\"@id\":\"https:\/\/jornalpontomais.com\/site\/#\/schema\/person\/18323f0b0f1355f2490721c48389fe9d\"},\"headline\":\"Ferrari prepara homenagem a Michael Schumacher pelos 30 anos de primeira vit\u00f3ria em Monza\",\"datePublished\":\"2026-09-02T13:33:36+00:00\",\"dateModified\":\"2026-09-02T13:33:48+00:00\",\"mainEntityOfPage\":{\"@id\":\"https:\/\/jornalpontomais.com\/site\/2026\/09\/02\/ferrari-prepara-homenagem-a-michael-schumacher-pelos-30-anos-de-primeira-vitoria-em-monza\/\"},\"wordCount\":280,\"commentCount\":0,\"publisher\":{\"@id\":\"https:\/\/jornalpontomais.com\/site\/#organization\"},\"image\":{\"@id\":\"https:\/\/jornalpontomais.com\/site\/2026\/09\/02\/ferrari-prepara-homenagem-a-michael-schumacher-pelos-30-anos-de-primeira-vitoria-em-monza\/#primaryimage\"},\"thumbnailUrl\":\"https:\/\/jornalpontomais.com\/site\/wp-content\/uploads\/2026\/09\/ferrari_homenagem_shumaker_2026.webp\",\"articleSection\":[\"Esporte\"],\"inLanguage\":\"pt-BR\",\"potentialAction\":[{\"@type\":\"CommentAction\",\"name\":\"Comment\",\"target\":[\"https:\/\/jornalpontomais.com\/site\/2026\/09\/02\/ferrari-prepara-homenagem-a-michael-schumacher-pelos-30-anos-de-primeira-vitoria-em-monza\/#respond\"]}]},{\"@type\":\"WebPage\",\"@id\":\"https:\/\/jornalpontomais.com\/site\/2026\/09\/02\/ferrari-prepara-homenagem-a-michael-schumacher-pelos-30-anos-de-primeira-vitoria-em-monza\/\",\"url\":\"https:\/\/jornalpontomais.com\/site\/2026\/09\/02\/ferrari-prepara-homenagem-a-michael-schumacher-pelos-30-anos-de-primeira-vitoria-em-monza\/\",\"name\":\"Ferrari prepara homenagem a Michael Schumacher pelos 30 anos de primeira vit\u00f3ria em Monza - Jornal Ponto Mais\",\"isPartOf\":{\"@id\":\"https:\/\/jornalpontomais.com\/site\/#website\"},\"primaryImageOfPage\":{\"@id\":\"https:\/\/jornalpontomais.com\/site\/2026\/09\/02\/ferrari-prepara-homenagem-a-michael-schumacher-pelos-30-anos-de-primeira-vitoria-em-monza\/#primaryimage\"},\"image\":{\"@id\":\"https:\/\/jornalpontomais.com\/site\/2026\/09\/02\/ferrari-prepara-homenagem-a-michael-schumacher-pelos-30-anos-de-primeira-vitoria-em-monza\/#primaryimage\"},\"thumbnailUrl\":\"https:\/\/jornalpontomais.com\/site\/wp-content\/uploads\/2026\/09\/ferrari_homenagem_shumaker_2026.webp\",\"datePublished\":\"2026-09-02T13:33:36+00:00\",\"dateModified\":\"2026-09-02T13:33:48+00:00\",\"breadcrumb\":{\"@id\":\"https:\/\/jornalpontomais.com\/site\/2026\/09\/02\/ferrari-prepara-homenagem-a-michael-schumacher-pelos-30-anos-de-primeira-vitoria-em-monza\/#breadcrumb\"},\"inLanguage\":\"pt-BR\",\"potentialAction\":[{\"@type\":\"ReadAction\",\"target\":[\"https:\/\/jornalpontomais.com\/site\/2026\/09\/02\/ferrari-prepara-homenagem-a-michael-schumacher-pelos-30-anos-de-primeira-vitoria-em-monza\/\"]}]},{\"@type\":\"ImageObject\",\"inLanguage\":\"pt-BR\",\"@id\":\"https:\/\/jornalpontomais.com\/site\/2026\/09\/02\/ferrari-prepara-homenagem-a-michael-schumacher-pelos-30-anos-de-primeira-vitoria-em-monza\/#primaryimage\",\"url\":\"https:\/\/jornalpontomais.com\/site\/wp-content\/uploads\/2026\/09\/ferrari_homenagem_shumaker_2026.webp\",\"contentUrl\":\"https:\/\/jornalpontomais.com\/site\/wp-content\/uploads\/2026\/09\/ferrari_homenagem_shumaker_2026.webp\",\"width\":1170,\"height\":700},{\"@type\":\"BreadcrumbList\",\"@id\":\"https:\/\/jornalpontomais.com\/site\/2026\/09\/02\/ferrari-prepara-homenagem-a-michael-schumacher-pelos-30-anos-de-primeira-vitoria-em-monza\/#breadcrumb\",\"itemListElement\":[{\"@type\":\"ListItem\",\"position\":1,\"name\":\"In\u00edcio\",\"item\":\"https:\/\/jornalpontomais.com\/site\/\"},{\"@type\":\"ListItem\",\"position\":2,\"name\":\"Ferrari prepara homenagem a Michael Schumacher pelos 30 anos de primeira vit\u00f3ria em Monza\"}]},{\"@type\":\"WebSite\",\"@id\":\"https:\/\/jornalpontomais.com\/site\/#website\",\"url\":\"https:\/\/jornalpontomais.com\/site\/\",\"name\":\"Jornal Ponto Mais\",\"description\":\"As principais not\u00edcias do Brasil e do mundo. Confira!\",\"publisher\":{\"@id\":\"https:\/\/jornalpontomais.com\/site\/#organization\"},\"potentialAction\":[{\"@type\":\"SearchAction\",\"target\":{\"@type\":\"EntryPoint\",\"urlTemplate\":\"https:\/\/jornalpontomais.com\/site\/?s={search_term_string}\"},\"query-input\":{\"@type\":\"PropertyValueSpecification\",\"valueRequired\":true,\"valueName\":\"search_term_string\"}}],\"inLanguage\":\"pt-BR\"},{\"@type\":\"Organization\",\"@id\":\"https:\/\/jornalpontomais.com\/site\/#organization\",\"name\":\"Jornal Ponto+\",\"url\":\"https:\/\/jornalpontomais.com\/site\/\",\"logo\":{\"@type\":\"ImageObject\",\"inLanguage\":\"pt-BR\",\"@id\":\"https:\/\/jornalpontomais.com\/site\/#\/schema\/logo\/image\/\",\"url\":\"https:\/\/jornalpontomais.com\/site\/wp-content\/uploads\/2022\/01\/marca.png\",\"contentUrl\":\"https:\/\/jornalpontomais.com\/site\/wp-content\/uploads\/2022\/01\/marca.png\",\"width\":582,\"height\":148,\"caption\":\"Jornal Ponto+\"},\"image\":{\"@id\":\"https:\/\/jornalpontomais.com\/site\/#\/schema\/logo\/image\/\"}},{\"@type\":\"Person\",\"@id\":\"https:\/\/jornalpontomais.com\/site\/#\/schema\/person\/18323f0b0f1355f2490721c48389fe9d\",\"name\":\"Jornal Ponto Mais\",\"image\":{\"@type\":\"ImageObject\",\"inLanguage\":\"pt-BR\",\"@id\":\"https:\/\/secure.gravatar.com\/avatar\/2ee0a9b7fe10fe32bdec8bc086e871e41eb5f4f6ecbcb7b4f2fe0d92d831405f?s=96&d=mm&r=g\",\"url\":\"https:\/\/secure.gravatar.com\/avatar\/2ee0a9b7fe10fe32bdec8bc086e871e41eb5f4f6ecbcb7b4f2fe0d92d831405f?s=96&d=mm&r=g\",\"contentUrl\":\"https:\/\/secure.gravatar.com\/avatar\/2ee0a9b7fe10fe32bdec8bc086e871e41eb5f4f6ecbcb7b4f2fe0d92d831405f?s=96&d=mm&r=g\",\"caption\":\"Jornal Ponto Mais\"},\"sameAs\":[\"https:\/\/jornalpontomais.com\/site\",\"jornalpontomais\"],\"url\":\"https:\/\/jornalpontomais.com\/site\/author\/jornalpontomais\/\"}]}<\/script>\n<!-- \/ Yoast SEO plugin. -->","yoast_head_json":{"title":"Ferrari prepara homenagem a Michael Schumacher pelos 30 anos de primeira vit\u00f3ria em Monza - Jornal Ponto Mais","robots":{"index":"index","follow":"follow","max-snippet":"max-snippet:-1","max-image-preview":"max-image-preview:large","max-video-preview":"max-video-preview:-1"},"canonical":"https:\/\/jornalpontomais.com\/site\/2026\/09\/02\/ferrari-prepara-homenagem-a-michael-schumacher-pelos-30-anos-de-primeira-vitoria-em-monza\/","og_locale":"pt_BR","og_type":"article","og_title":"Ferrari prepara homenagem a Michael Schumacher pelos 30 anos de primeira vit\u00f3ria em Monza - Jornal Ponto Mais","og_description":"A Ferrari ter\u00e1 uma programa\u00e7\u00e3o especial no Grande Pr\u00eamio da It\u00e1lia de F\u00f3rmula 1, em Monza, neste fim de semana, para celebrar os 30 anos da primeira vit\u00f3ria de Michael Schumacher no circuito pela escuderia. A homenagem tamb\u00e9m marca tr\u00eas d\u00e9cadas desde a chegada do alem\u00e3o \u00e0 equipe italiana, em 1996. Os carros SF-26, pilotados [&hellip;]","og_url":"https:\/\/jornalpontomais.com\/site\/2026\/09\/02\/ferrari-prepara-homenagem-a-michael-schumacher-pelos-30-anos-de-primeira-vitoria-em-monza\/","og_site_name":"Jornal Ponto Mais","article_published_time":"2026-09-02T13:33:36+00:00","article_modified_time":"2026-09-02T13:33:48+00:00","og_image":[{"width":1170,"height":700,"url":"https:\/\/jornalpontomais.com\/site\/wp-content\/uploads\/2026\/09\/ferrari_homenagem_shumaker_2026.webp","type":"image\/webp"}],"author":"Jornal Ponto Mais","twitter_card":"summary_large_image","twitter_misc":{"Escrito por":"Jornal Ponto Mais","Est. tempo de leitura":"1 minuto"},"schema":{"@context":"https:\/\/schema.org","@graph":[{"@type":"Article","@id":"https:\/\/jornalpontomais.com\/site\/2026\/09\/02\/ferrari-prepara-homenagem-a-michael-schumacher-pelos-30-anos-de-primeira-vitoria-em-monza\/#article","isPartOf":{"@id":"https:\/\/jornalpontomais.com\/site\/2026\/09\/02\/ferrari-prepara-homenagem-a-michael-schumacher-pelos-30-anos-de-primeira-vitoria-em-monza\/"},"author":{"name":"Jornal Ponto Mais","@id":"https:\/\/jornalpontomais.com\/site\/#\/schema\/person\/18323f0b0f1355f2490721c48389fe9d"},"headline":"Ferrari prepara homenagem a Michael Schumacher pelos 30 anos de primeira vit\u00f3ria em Monza","datePublished":"2026-09-02T13:33:36+00:00","dateModified":"2026-09-02T13:33:48+00:00","mainEntityOfPage":{"@id":"https:\/\/jornalpontomais.com\/site\/2026\/09\/02\/ferrari-prepara-homenagem-a-michael-schumacher-pelos-30-anos-de-primeira-vitoria-em-monza\/"},"wordCount":280,"commentCount":0,"publisher":{"@id":"https:\/\/jornalpontomais.com\/site\/#organization"},"image":{"@id":"https:\/\/jornalpontomais.com\/site\/2026\/09\/02\/ferrari-prepara-homenagem-a-michael-schumacher-pelos-30-anos-de-primeira-vitoria-em-monza\/#primaryimage"},"thumbnailUrl":"https:\/\/jornalpontomais.com\/site\/wp-content\/uploads\/2026\/09\/ferrari_homenagem_shumaker_2026.webp","articleSection":["Esporte"],"inLanguage":"pt-BR","potentialAction":[{"@type":"CommentAction","name":"Comment","target":["https:\/\/jornalpontomais.com\/site\/2026\/09\/02\/ferrari-prepara-homenagem-a-michael-schumacher-pelos-30-anos-de-primeira-vitoria-em-monza\/#respond"]}]},{"@type":"WebPage","@id":"https:\/\/jornalpontomais.com\/site\/2026\/09\/02\/ferrari-prepara-homenagem-a-michael-schumacher-pelos-30-anos-de-primeira-vitoria-em-monza\/","url":"https:\/\/jornalpontomais.com\/site\/2026\/09\/02\/ferrari-prepara-homenagem-a-michael-schumacher-pelos-30-anos-de-primeira-vitoria-em-monza\/","name":"Ferrari prepara homenagem a Michael Schumacher pelos 30 anos de primeira vit\u00f3ria em Monza - Jornal Ponto Mais","isPartOf":{"@id":"https:\/\/jornalpontomais.com\/site\/#website"},"primaryImageOfPage":{"@id":"https:\/\/jornalpontomais.com\/site\/2026\/09\/02\/ferrari-prepara-homenagem-a-michael-schumacher-pelos-30-anos-de-primeira-vitoria-em-monza\/#primaryimage"},"image":{"@id":"https:\/\/jornalpontomais.com\/site\/2026\/09\/02\/ferrari-prepara-homenagem-a-michael-schumacher-pelos-30-anos-de-primeira-vitoria-em-monza\/#primaryimage"},"thumbnailUrl":"https:\/\/jornalpontomais.com\/site\/wp-content\/uploads\/2026\/09\/ferrari_homenagem_shumaker_2026.webp","datePublished":"2026-09-02T13:33:36+00:00","dateModified":"2026-09-02T13:33:48+00:00","breadcrumb":{"@id":"https:\/\/jornalpontomais.com\/site\/2026\/09\/02\/ferrari-prepara-homenagem-a-michael-schumacher-pelos-30-anos-de-primeira-vitoria-em-monza\/#breadcrumb"},"inLanguage":"pt-BR","potentialAction":[{"@type":"ReadAction","target":["https:\/\/jornalpontomais.com\/site\/2026\/09\/02\/ferrari-prepara-homenagem-a-michael-schumacher-pelos-30-anos-de-primeira-vitoria-em-monza\/"]}]},{"@type":"ImageObject","inLanguage":"pt-BR","@id":"https:\/\/jornalpontomais.com\/site\/2026\/09\/02\/ferrari-prepara-homenagem-a-michael-schumacher-pelos-30-anos-de-primeira-vitoria-em-monza\/#primaryimage","url":"https:\/\/jornalpontomais.com\/site\/wp-content\/uploads\/2026\/09\/ferrari_homenagem_shumaker_2026.webp","contentUrl":"https:\/\/jornalpontomais.com\/site\/wp-content\/uploads\/2026\/09\/ferrari_homenagem_shumaker_2026.webp","width":1170,"height":700},{"@type":"BreadcrumbList","@id":"https:\/\/jornalpontomais.com\/site\/2026\/09\/02\/ferrari-prepara-homenagem-a-michael-schumacher-pelos-30-anos-de-primeira-vitoria-em-monza\/#breadcrumb","itemListElement":[{"@type":"ListItem","position":1,"name":"In\u00edcio","item":"https:\/\/jornalpontomais.com\/site\/"},{"@type":"ListItem","position":2,"name":"Ferrari prepara homenagem a Michael Schumacher pelos 30 anos de primeira vit\u00f3ria em Monza"}]},{"@type":"WebSite","@id":"https:\/\/jornalpontomais.com\/site\/#website","url":"https:\/\/jornalpontomais.com\/site\/","name":"Jornal Ponto Mais","description":"As principais not\u00edcias do Brasil e do mundo. Confira!","publisher":{"@id":"https:\/\/jornalpontomais.com\/site\/#organization"},"potentialAction":[{"@type":"SearchAction","target":{"@type":"EntryPoint","urlTemplate":"https:\/\/jornalpontomais.com\/site\/?s={search_term_string}"},"query-input":{"@type":"PropertyValueSpecification","valueRequired":true,"valueName":"search_term_string"}}],"inLanguage":"pt-BR"},{"@type":"Organization","@id":"https:\/\/jornalpontomais.com\/site\/#organization","name":"Jornal Ponto+","url":"https:\/\/jornalpontomais.com\/site\/","logo":{"@type":"ImageObject","inLanguage":"pt-BR","@id":"https:\/\/jornalpontomais.com\/site\/#\/schema\/logo\/image\/","url":"https:\/\/jornalpontomais.com\/site\/wp-content\/uploads\/2022\/01\/marca.png","contentUrl":"https:\/\/jornalpontomais.com\/site\/wp-content\/uploads\/2022\/01\/marca.png","width":582,"height":148,"caption":"Jornal Ponto+"},"image":{"@id":"https:\/\/jornalpontomais.com\/site\/#\/schema\/logo\/image\/"}},{"@type":"Person","@id":"https:\/\/jornalpontomais.com\/site\/#\/schema\/person\/18323f0b0f1355f2490721c48389fe9d","name":"Jornal Ponto Mais","image":{"@type":"ImageObject","inLanguage":"pt-BR","@id":"https:\/\/secure.gravatar.com\/avatar\/2ee0a9b7fe10fe32bdec8bc086e871e41eb5f4f6ecbcb7b4f2fe0d92d831405f?s=96&d=mm&r=g","url":"https:\/\/secure.gravatar.com\/avatar\/2ee0a9b7fe10fe32bdec8bc086e871e41eb5f4f6ecbcb7b4f2fe0d92d831405f?s=96&d=mm&r=g","contentUrl":"https:\/\/secure.gravatar.com\/avatar\/2ee0a9b7fe10fe32bdec8bc086e871e41eb5f4f6ecbcb7b4f2fe0d92d831405f?s=96&d=mm&r=g","caption":"Jornal Ponto Mais"},"sameAs":["https:\/\/jornalpontomais.com\/site","jornalpontomais"],"url":"https:\/\/jornalpontomais.com\/site\/author\/jornalpontomais\/"}]}},"_links":{"self":[{"href":"https:\/\/jornalpontomais.com\/site\/wp-json\/wp\/v2\/posts\/25219","targetHints":{"allow":["GET"]}}],"collection":[{"href":"https:\/\/jornalpontomais.com\/site\/wp-json\/wp\/v2\/posts"}],"about":[{"href":"https:\/\/jornalpontomais.com\/site\/wp-json\/wp\/v2\/types\/post"}],"author":[{"embeddable":true,"href":"https:\/\/jornalpontomais.com\/site\/wp-json\/wp\/v2\/users\/2"}],"replies":[{"embeddable":true,"href":"https:\/\/jornalpontomais.com\/site\/wp-json\/wp\/v2\/comments?post=25219"}],"version-history":[{"count":1,"href":"https:\/\/jornalpontomais.com\/site\/wp-json\/wp\/v2\/posts\/25219\/revisions"}],"predecessor-version":[{"id":25221,"href":"https:\/\/jornalpontomais.com\/site\/wp-json\/wp\/v2\/posts\/25219\/revisions\/25221"}],"wp:featuredmedia":[{"embeddable":true,"href":"https:\/\/jornalpontomais.com\/site\/wp-json\/wp\/v2\/media\/25220"}],"wp:attachment":[{"href":"https:\/\/jornalpontomais.com\/site\/wp-json\/wp\/v2\/media?parent=25219"}],"wp:term":[{"taxonomy":"category","embeddable":true,"href":"https:\/\/jornalpontomais.com\/site\/wp-json\/wp\/v2\/categories?post=25219"},{"taxonomy":"post_tag","embeddable":true,"href":"https:\/\/jornalpontomais.com\/site\/wp-json\/wp\/v2\/tags?post=25219"}],"curies":[{"name":"wp","href":"https:\/\/api.w.org\/{rel}","templated":true}]}}