{"id":25215,"date":"2026-09-02T10:31:03","date_gmt":"2026-09-02T13:31:03","guid":{"rendered":"https:\/\/jornalpontomais.com\/site\/?p=25215"},"modified":"2026-09-02T10:33:52","modified_gmt":"2026-09-02T13:33:52","slug":"producao-industrial-interrompe-2-meses-de-queda-e-sobe-02-em-julho","status":"publish","type":"post","link":"https:\/\/jornalpontomais.com\/site\/2026\/09\/02\/producao-industrial-interrompe-2-meses-de-queda-e-sobe-02-em-julho\/","title":{"rendered":"Produ\u00e7\u00e3o industrial interrompe 2 meses de queda e sobe 0,2% em julho"},"content":{"rendered":"\n<p class=\"wp-block-paragraph\">A produ\u00e7\u00e3o da ind\u00fastria brasileira cresceu 0,2% na passagem de junho para julho. O resultado interrompe dois meses seguidos de queda. Dessa forma, o setor acumula alta de 1,1% ao longo de 2026 e soma expans\u00e3o de 0,6% nos \u00faltimos 12 meses.<img decoding=\"async\" src=\"https:\/\/agenciabrasil.ebc.com.br\/ebc.png?id=1701322&amp;o=node\"><img decoding=\"async\" src=\"https:\/\/agenciabrasil.ebc.com.br\/ebc.gif?id=1701322&amp;o=node\"><br><br><\/p>\n\n\n\n<p class=\"wp-block-paragraph\">Na compara\u00e7\u00e3o com julho de 2025, a ind\u00fastria recuou 0,5%. A m\u00e9dia m\u00f3vel trimestral, que ajuda a identificar a trajet\u00f3ria recente do setor, encolheu 0,8%.<br><br><\/p>\n\n\n\n<p class=\"wp-block-paragraph\">Os dados fazem parte da\u00a0<a href=\"https:\/\/biblioteca.ibge.gov.br\/visualizacao\/periodicos\/228\/pim_pfbr_2026_jul.pdf\" target=\"_blank\" rel=\"noreferrer noopener\">Pesquisa Industrial Mensal<\/a>\u00a0(PIM), divulgada nesta quarta-feira (2) pelo Instituto Brasileiro de Geografia e Estat\u00edstica (IBGE).<br><br><\/p>\n\n\n\n<p class=\"wp-block-paragraph\">De acordo com o IBGE, a varia\u00e7\u00e3o positiva acumulada em 12 meses (0,6%) representa \u201cligeira perda de ritmo\u201d em compara\u00e7\u00e3o ao acumulado at\u00e9 junho de 2026 (0,7%).<br><br><\/p>\n\n\n\n<p class=\"wp-block-paragraph\">Veja o comportamento da ind\u00fastria brasileira ao longo do ano, na compara\u00e7\u00e3o entre meses imediatamente seguidos:<\/p>\n\n\n\n<p class=\"wp-block-paragraph\">Janeiro: 2,1%<\/p>\n\n\n\n<p class=\"wp-block-paragraph\">Fevereiro: 1,0%<\/p>\n\n\n\n<p class=\"wp-block-paragraph\">Mar\u00e7o: 0,1%<\/p>\n\n\n\n<p class=\"wp-block-paragraph\">Abril: 1,2%<\/p>\n\n\n\n<p class=\"wp-block-paragraph\">Maio: -1,0%<\/p>\n\n\n\n<p class=\"wp-block-paragraph\">Junho: -1,6%<\/p>\n\n\n\n<p class=\"wp-block-paragraph\">Julho: 0,2%<br><br><\/p>\n\n\n\n<p class=\"wp-block-paragraph\">O desempenho de julho deixa a ind\u00fastria 2,1% acima do patamar pr\u00e9-pandemia de covid-19 (fevereiro de 2020) e 15% abaixo do n\u00edvel mais alto j\u00e1 registrado, alcan\u00e7ado em maio de 2001.<br><br><\/p>\n\n\n\n<p class=\"wp-block-paragraph\"><strong>Influ\u00eancias<\/strong><\/p>\n\n\n\n<p class=\"wp-block-paragraph\">A pesquisa revela que tr\u00eas das quatro grandes categorias econ\u00f4micas apresentaram avan\u00e7o de junho para julho:<\/p>\n\n\n\n<ul class=\"wp-block-list\">\n<li>bens de consumo dur\u00e1veis: 3,2%<\/li>\n<\/ul>\n\n\n\n<ul class=\"wp-block-list\">\n<li>bens de capital: 2,4%<\/li>\n<\/ul>\n\n\n\n<ul class=\"wp-block-list\">\n<li>bens de consumo semi e n\u00e3o dur\u00e1veis: 0,5%<\/li>\n<\/ul>\n\n\n\n<ul class=\"wp-block-list\">\n<li>bens intermedi\u00e1rios: -0,2%<br><br><\/li>\n<\/ul>\n\n\n\n<p class=\"wp-block-paragraph\">Das atividades monitoradas pelo IBGE, 13 das 25 tiveram alta entre os meses:<\/p>\n\n\n\n<ul class=\"wp-block-list\">\n<li>equipamentos de inform\u00e1tica, produtos eletr\u00f4nicos e \u00f3pticos: 12,2%<\/li>\n<\/ul>\n\n\n\n<ul class=\"wp-block-list\">\n<li>produtos aliment\u00edcios: 1%<\/li>\n<\/ul>\n\n\n\n<ul class=\"wp-block-list\">\n<li>coque, produtos derivados do petr\u00f3leo e biocombust\u00edveis: 1,1%<\/li>\n<\/ul>\n\n\n\n<ul class=\"wp-block-list\">\n<li>outros equipamentos de transporte: 11,2%<\/li>\n<\/ul>\n\n\n\n<ul class=\"wp-block-list\">\n<li>produtos do fumo: 11,1%<\/li>\n<\/ul>\n\n\n\n<ul class=\"wp-block-list\">\n<li>m\u00e1quinas, aparelhos e materiais el\u00e9tricos: 2,3%<\/li>\n<\/ul>\n\n\n\n<ul class=\"wp-block-list\">\n<li>confec\u00e7\u00e3o de artigos do vestu\u00e1rio e acess\u00f3rios: 2,6%<br><br><\/li>\n<\/ul>\n\n\n\n<p class=\"wp-block-paragraph\">Pelo lado negativo, a maior press\u00e3o de baixa veio da ind\u00fastria extrativa, que recuou 1%.<br><br><\/p>\n\n\n\n<p class=\"wp-block-paragraph\">O IBGE acrescenta que outras contribui\u00e7\u00f5es negativas relevantes ficaram como impress\u00e3o e reprodu\u00e7\u00e3o de grava\u00e7\u00f5es (-17,2%), produtos diversos (-9,0%), metalurgia (-1,4%), produtos qu\u00edmicos (-0,8%) e celulose, papel e produtos de papel (-1,3%).<br><br><\/p>\n\n\n\n<p class=\"wp-block-paragraph\">O \u00edndice de difus\u00e3o mostrou que 69,6% dos 789 produtos pesquisados pelo IBGE apresentaram desempenho positivo na passagem de junho para julho. Esse \u00e9 o segundo maior indicador do ano, perdendo apenas para mar\u00e7o (80,6%).\u00a0<\/p>\n","protected":false},"excerpt":{"rendered":"<p>A produ\u00e7\u00e3o da ind\u00fastria brasileira cresceu 0,2% na passagem de junho para julho. O resultado interrompe dois meses seguidos de queda. Dessa forma, o setor acumula alta de 1,1% ao longo de 2026 e soma expans\u00e3o de 0,6% nos \u00faltimos 12 meses. Na compara\u00e7\u00e3o com julho de 2025, a ind\u00fastria recuou 0,5%. A m\u00e9dia m\u00f3vel [&hellip;]<\/p>\n","protected":false},"author":2,"featured_media":25216,"comment_status":"open","ping_status":"open","sticky":true,"template":"","format":"standard","meta":{"om_disable_all_campaigns":false,"_monsterinsights_skip_tracking":false,"_monsterinsights_sitenote_active":false,"_monsterinsights_sitenote_note":"","_monsterinsights_sitenote_category":0,"footnotes":""},"categories":[37],"tags":[],"class_list":["post-25215","post","type-post","status-publish","format-standard","has-post-thumbnail","hentry","category-economia"],"yoast_head":"<!-- This site is optimized with the Yoast SEO plugin v27.2 - https:\/\/yoast.com\/product\/yoast-seo-wordpress\/ -->\n<title>Produ\u00e7\u00e3o industrial interrompe 2 meses de queda e sobe 0,2% em julho - Jornal Ponto Mais<\/title>\n<meta name=\"robots\" content=\"index, follow, max-snippet:-1, max-image-preview:large, max-video-preview:-1\" \/>\n<link rel=\"canonical\" href=\"https:\/\/jornalpontomais.com\/site\/2026\/09\/02\/producao-industrial-interrompe-2-meses-de-queda-e-sobe-02-em-julho\/\" \/>\n<meta property=\"og:locale\" content=\"pt_BR\" \/>\n<meta property=\"og:type\" content=\"article\" \/>\n<meta property=\"og:title\" content=\"Produ\u00e7\u00e3o industrial interrompe 2 meses de queda e sobe 0,2% em julho - Jornal Ponto Mais\" \/>\n<meta property=\"og:description\" content=\"A produ\u00e7\u00e3o da ind\u00fastria brasileira cresceu 0,2% na passagem de junho para julho. O resultado interrompe dois meses seguidos de queda. Dessa forma, o setor acumula alta de 1,1% ao longo de 2026 e soma expans\u00e3o de 0,6% nos \u00faltimos 12 meses. Na compara\u00e7\u00e3o com julho de 2025, a ind\u00fastria recuou 0,5%. A m\u00e9dia m\u00f3vel [&hellip;]\" \/>\n<meta property=\"og:url\" content=\"https:\/\/jornalpontomais.com\/site\/2026\/09\/02\/producao-industrial-interrompe-2-meses-de-queda-e-sobe-02-em-julho\/\" \/>\n<meta property=\"og:site_name\" content=\"Jornal Ponto Mais\" \/>\n<meta property=\"article:published_time\" content=\"2026-09-02T13:31:03+00:00\" \/>\n<meta property=\"article:modified_time\" content=\"2026-09-02T13:33:52+00:00\" \/>\n<meta property=\"og:image\" content=\"https:\/\/jornalpontomais.com\/site\/wp-content\/uploads\/2026\/09\/17342982670_5b50629bb5_o.webp\" \/>\n\t<meta property=\"og:image:width\" content=\"1170\" \/>\n\t<meta property=\"og:image:height\" content=\"700\" \/>\n\t<meta property=\"og:image:type\" content=\"image\/webp\" \/>\n<meta name=\"author\" content=\"Jornal Ponto Mais\" \/>\n<meta name=\"twitter:card\" content=\"summary_large_image\" \/>\n<meta name=\"twitter:label1\" content=\"Escrito por\" \/>\n\t<meta name=\"twitter:data1\" content=\"Jornal Ponto Mais\" \/>\n\t<meta name=\"twitter:label2\" content=\"Est. tempo de leitura\" \/>\n\t<meta name=\"twitter:data2\" content=\"2 minutos\" \/>\n<script type=\"application\/ld+json\" class=\"yoast-schema-graph\">{\"@context\":\"https:\/\/schema.org\",\"@graph\":[{\"@type\":\"Article\",\"@id\":\"https:\/\/jornalpontomais.com\/site\/2026\/09\/02\/producao-industrial-interrompe-2-meses-de-queda-e-sobe-02-em-julho\/#article\",\"isPartOf\":{\"@id\":\"https:\/\/jornalpontomais.com\/site\/2026\/09\/02\/producao-industrial-interrompe-2-meses-de-queda-e-sobe-02-em-julho\/\"},\"author\":{\"name\":\"Jornal Ponto Mais\",\"@id\":\"https:\/\/jornalpontomais.com\/site\/#\/schema\/person\/18323f0b0f1355f2490721c48389fe9d\"},\"headline\":\"Produ\u00e7\u00e3o industrial interrompe 2 meses de queda e sobe 0,2% em julho\",\"datePublished\":\"2026-09-02T13:31:03+00:00\",\"dateModified\":\"2026-09-02T13:33:52+00:00\",\"mainEntityOfPage\":{\"@id\":\"https:\/\/jornalpontomais.com\/site\/2026\/09\/02\/producao-industrial-interrompe-2-meses-de-queda-e-sobe-02-em-julho\/\"},\"wordCount\":367,\"commentCount\":0,\"publisher\":{\"@id\":\"https:\/\/jornalpontomais.com\/site\/#organization\"},\"image\":{\"@id\":\"https:\/\/jornalpontomais.com\/site\/2026\/09\/02\/producao-industrial-interrompe-2-meses-de-queda-e-sobe-02-em-julho\/#primaryimage\"},\"thumbnailUrl\":\"https:\/\/jornalpontomais.com\/site\/wp-content\/uploads\/2026\/09\/17342982670_5b50629bb5_o.webp\",\"articleSection\":[\"Economia\"],\"inLanguage\":\"pt-BR\",\"potentialAction\":[{\"@type\":\"CommentAction\",\"name\":\"Comment\",\"target\":[\"https:\/\/jornalpontomais.com\/site\/2026\/09\/02\/producao-industrial-interrompe-2-meses-de-queda-e-sobe-02-em-julho\/#respond\"]}]},{\"@type\":\"WebPage\",\"@id\":\"https:\/\/jornalpontomais.com\/site\/2026\/09\/02\/producao-industrial-interrompe-2-meses-de-queda-e-sobe-02-em-julho\/\",\"url\":\"https:\/\/jornalpontomais.com\/site\/2026\/09\/02\/producao-industrial-interrompe-2-meses-de-queda-e-sobe-02-em-julho\/\",\"name\":\"Produ\u00e7\u00e3o industrial interrompe 2 meses de queda e sobe 0,2% em julho - Jornal Ponto Mais\",\"isPartOf\":{\"@id\":\"https:\/\/jornalpontomais.com\/site\/#website\"},\"primaryImageOfPage\":{\"@id\":\"https:\/\/jornalpontomais.com\/site\/2026\/09\/02\/producao-industrial-interrompe-2-meses-de-queda-e-sobe-02-em-julho\/#primaryimage\"},\"image\":{\"@id\":\"https:\/\/jornalpontomais.com\/site\/2026\/09\/02\/producao-industrial-interrompe-2-meses-de-queda-e-sobe-02-em-julho\/#primaryimage\"},\"thumbnailUrl\":\"https:\/\/jornalpontomais.com\/site\/wp-content\/uploads\/2026\/09\/17342982670_5b50629bb5_o.webp\",\"datePublished\":\"2026-09-02T13:31:03+00:00\",\"dateModified\":\"2026-09-02T13:33:52+00:00\",\"breadcrumb\":{\"@id\":\"https:\/\/jornalpontomais.com\/site\/2026\/09\/02\/producao-industrial-interrompe-2-meses-de-queda-e-sobe-02-em-julho\/#breadcrumb\"},\"inLanguage\":\"pt-BR\",\"potentialAction\":[{\"@type\":\"ReadAction\",\"target\":[\"https:\/\/jornalpontomais.com\/site\/2026\/09\/02\/producao-industrial-interrompe-2-meses-de-queda-e-sobe-02-em-julho\/\"]}]},{\"@type\":\"ImageObject\",\"inLanguage\":\"pt-BR\",\"@id\":\"https:\/\/jornalpontomais.com\/site\/2026\/09\/02\/producao-industrial-interrompe-2-meses-de-queda-e-sobe-02-em-julho\/#primaryimage\",\"url\":\"https:\/\/jornalpontomais.com\/site\/wp-content\/uploads\/2026\/09\/17342982670_5b50629bb5_o.webp\",\"contentUrl\":\"https:\/\/jornalpontomais.com\/site\/wp-content\/uploads\/2026\/09\/17342982670_5b50629bb5_o.webp\",\"width\":1170,\"height\":700},{\"@type\":\"BreadcrumbList\",\"@id\":\"https:\/\/jornalpontomais.com\/site\/2026\/09\/02\/producao-industrial-interrompe-2-meses-de-queda-e-sobe-02-em-julho\/#breadcrumb\",\"itemListElement\":[{\"@type\":\"ListItem\",\"position\":1,\"name\":\"In\u00edcio\",\"item\":\"https:\/\/jornalpontomais.com\/site\/\"},{\"@type\":\"ListItem\",\"position\":2,\"name\":\"Produ\u00e7\u00e3o industrial interrompe 2 meses de queda e sobe 0,2% em julho\"}]},{\"@type\":\"WebSite\",\"@id\":\"https:\/\/jornalpontomais.com\/site\/#website\",\"url\":\"https:\/\/jornalpontomais.com\/site\/\",\"name\":\"Jornal Ponto Mais\",\"description\":\"As principais not\u00edcias do Brasil e do mundo. Confira!\",\"publisher\":{\"@id\":\"https:\/\/jornalpontomais.com\/site\/#organization\"},\"potentialAction\":[{\"@type\":\"SearchAction\",\"target\":{\"@type\":\"EntryPoint\",\"urlTemplate\":\"https:\/\/jornalpontomais.com\/site\/?s={search_term_string}\"},\"query-input\":{\"@type\":\"PropertyValueSpecification\",\"valueRequired\":true,\"valueName\":\"search_term_string\"}}],\"inLanguage\":\"pt-BR\"},{\"@type\":\"Organization\",\"@id\":\"https:\/\/jornalpontomais.com\/site\/#organization\",\"name\":\"Jornal Ponto+\",\"url\":\"https:\/\/jornalpontomais.com\/site\/\",\"logo\":{\"@type\":\"ImageObject\",\"inLanguage\":\"pt-BR\",\"@id\":\"https:\/\/jornalpontomais.com\/site\/#\/schema\/logo\/image\/\",\"url\":\"https:\/\/jornalpontomais.com\/site\/wp-content\/uploads\/2022\/01\/marca.png\",\"contentUrl\":\"https:\/\/jornalpontomais.com\/site\/wp-content\/uploads\/2022\/01\/marca.png\",\"width\":582,\"height\":148,\"caption\":\"Jornal Ponto+\"},\"image\":{\"@id\":\"https:\/\/jornalpontomais.com\/site\/#\/schema\/logo\/image\/\"}},{\"@type\":\"Person\",\"@id\":\"https:\/\/jornalpontomais.com\/site\/#\/schema\/person\/18323f0b0f1355f2490721c48389fe9d\",\"name\":\"Jornal Ponto Mais\",\"image\":{\"@type\":\"ImageObject\",\"inLanguage\":\"pt-BR\",\"@id\":\"https:\/\/secure.gravatar.com\/avatar\/2ee0a9b7fe10fe32bdec8bc086e871e41eb5f4f6ecbcb7b4f2fe0d92d831405f?s=96&d=mm&r=g\",\"url\":\"https:\/\/secure.gravatar.com\/avatar\/2ee0a9b7fe10fe32bdec8bc086e871e41eb5f4f6ecbcb7b4f2fe0d92d831405f?s=96&d=mm&r=g\",\"contentUrl\":\"https:\/\/secure.gravatar.com\/avatar\/2ee0a9b7fe10fe32bdec8bc086e871e41eb5f4f6ecbcb7b4f2fe0d92d831405f?s=96&d=mm&r=g\",\"caption\":\"Jornal Ponto Mais\"},\"sameAs\":[\"https:\/\/jornalpontomais.com\/site\",\"jornalpontomais\"],\"url\":\"https:\/\/jornalpontomais.com\/site\/author\/jornalpontomais\/\"}]}<\/script>\n<!-- \/ Yoast SEO plugin. -->","yoast_head_json":{"title":"Produ\u00e7\u00e3o industrial interrompe 2 meses de queda e sobe 0,2% em julho - Jornal Ponto Mais","robots":{"index":"index","follow":"follow","max-snippet":"max-snippet:-1","max-image-preview":"max-image-preview:large","max-video-preview":"max-video-preview:-1"},"canonical":"https:\/\/jornalpontomais.com\/site\/2026\/09\/02\/producao-industrial-interrompe-2-meses-de-queda-e-sobe-02-em-julho\/","og_locale":"pt_BR","og_type":"article","og_title":"Produ\u00e7\u00e3o industrial interrompe 2 meses de queda e sobe 0,2% em julho - Jornal Ponto Mais","og_description":"A produ\u00e7\u00e3o da ind\u00fastria brasileira cresceu 0,2% na passagem de junho para julho. O resultado interrompe dois meses seguidos de queda. Dessa forma, o setor acumula alta de 1,1% ao longo de 2026 e soma expans\u00e3o de 0,6% nos \u00faltimos 12 meses. Na compara\u00e7\u00e3o com julho de 2025, a ind\u00fastria recuou 0,5%. A m\u00e9dia m\u00f3vel [&hellip;]","og_url":"https:\/\/jornalpontomais.com\/site\/2026\/09\/02\/producao-industrial-interrompe-2-meses-de-queda-e-sobe-02-em-julho\/","og_site_name":"Jornal Ponto Mais","article_published_time":"2026-09-02T13:31:03+00:00","article_modified_time":"2026-09-02T13:33:52+00:00","og_image":[{"width":1170,"height":700,"url":"https:\/\/jornalpontomais.com\/site\/wp-content\/uploads\/2026\/09\/17342982670_5b50629bb5_o.webp","type":"image\/webp"}],"author":"Jornal Ponto Mais","twitter_card":"summary_large_image","twitter_misc":{"Escrito por":"Jornal Ponto Mais","Est. tempo de leitura":"2 minutos"},"schema":{"@context":"https:\/\/schema.org","@graph":[{"@type":"Article","@id":"https:\/\/jornalpontomais.com\/site\/2026\/09\/02\/producao-industrial-interrompe-2-meses-de-queda-e-sobe-02-em-julho\/#article","isPartOf":{"@id":"https:\/\/jornalpontomais.com\/site\/2026\/09\/02\/producao-industrial-interrompe-2-meses-de-queda-e-sobe-02-em-julho\/"},"author":{"name":"Jornal Ponto Mais","@id":"https:\/\/jornalpontomais.com\/site\/#\/schema\/person\/18323f0b0f1355f2490721c48389fe9d"},"headline":"Produ\u00e7\u00e3o industrial interrompe 2 meses de queda e sobe 0,2% em julho","datePublished":"2026-09-02T13:31:03+00:00","dateModified":"2026-09-02T13:33:52+00:00","mainEntityOfPage":{"@id":"https:\/\/jornalpontomais.com\/site\/2026\/09\/02\/producao-industrial-interrompe-2-meses-de-queda-e-sobe-02-em-julho\/"},"wordCount":367,"commentCount":0,"publisher":{"@id":"https:\/\/jornalpontomais.com\/site\/#organization"},"image":{"@id":"https:\/\/jornalpontomais.com\/site\/2026\/09\/02\/producao-industrial-interrompe-2-meses-de-queda-e-sobe-02-em-julho\/#primaryimage"},"thumbnailUrl":"https:\/\/jornalpontomais.com\/site\/wp-content\/uploads\/2026\/09\/17342982670_5b50629bb5_o.webp","articleSection":["Economia"],"inLanguage":"pt-BR","potentialAction":[{"@type":"CommentAction","name":"Comment","target":["https:\/\/jornalpontomais.com\/site\/2026\/09\/02\/producao-industrial-interrompe-2-meses-de-queda-e-sobe-02-em-julho\/#respond"]}]},{"@type":"WebPage","@id":"https:\/\/jornalpontomais.com\/site\/2026\/09\/02\/producao-industrial-interrompe-2-meses-de-queda-e-sobe-02-em-julho\/","url":"https:\/\/jornalpontomais.com\/site\/2026\/09\/02\/producao-industrial-interrompe-2-meses-de-queda-e-sobe-02-em-julho\/","name":"Produ\u00e7\u00e3o industrial interrompe 2 meses de queda e sobe 0,2% em julho - Jornal Ponto Mais","isPartOf":{"@id":"https:\/\/jornalpontomais.com\/site\/#website"},"primaryImageOfPage":{"@id":"https:\/\/jornalpontomais.com\/site\/2026\/09\/02\/producao-industrial-interrompe-2-meses-de-queda-e-sobe-02-em-julho\/#primaryimage"},"image":{"@id":"https:\/\/jornalpontomais.com\/site\/2026\/09\/02\/producao-industrial-interrompe-2-meses-de-queda-e-sobe-02-em-julho\/#primaryimage"},"thumbnailUrl":"https:\/\/jornalpontomais.com\/site\/wp-content\/uploads\/2026\/09\/17342982670_5b50629bb5_o.webp","datePublished":"2026-09-02T13:31:03+00:00","dateModified":"2026-09-02T13:33:52+00:00","breadcrumb":{"@id":"https:\/\/jornalpontomais.com\/site\/2026\/09\/02\/producao-industrial-interrompe-2-meses-de-queda-e-sobe-02-em-julho\/#breadcrumb"},"inLanguage":"pt-BR","potentialAction":[{"@type":"ReadAction","target":["https:\/\/jornalpontomais.com\/site\/2026\/09\/02\/producao-industrial-interrompe-2-meses-de-queda-e-sobe-02-em-julho\/"]}]},{"@type":"ImageObject","inLanguage":"pt-BR","@id":"https:\/\/jornalpontomais.com\/site\/2026\/09\/02\/producao-industrial-interrompe-2-meses-de-queda-e-sobe-02-em-julho\/#primaryimage","url":"https:\/\/jornalpontomais.com\/site\/wp-content\/uploads\/2026\/09\/17342982670_5b50629bb5_o.webp","contentUrl":"https:\/\/jornalpontomais.com\/site\/wp-content\/uploads\/2026\/09\/17342982670_5b50629bb5_o.webp","width":1170,"height":700},{"@type":"BreadcrumbList","@id":"https:\/\/jornalpontomais.com\/site\/2026\/09\/02\/producao-industrial-interrompe-2-meses-de-queda-e-sobe-02-em-julho\/#breadcrumb","itemListElement":[{"@type":"ListItem","position":1,"name":"In\u00edcio","item":"https:\/\/jornalpontomais.com\/site\/"},{"@type":"ListItem","position":2,"name":"Produ\u00e7\u00e3o industrial interrompe 2 meses de queda e sobe 0,2% em julho"}]},{"@type":"WebSite","@id":"https:\/\/jornalpontomais.com\/site\/#website","url":"https:\/\/jornalpontomais.com\/site\/","name":"Jornal Ponto Mais","description":"As principais not\u00edcias do Brasil e do mundo. Confira!","publisher":{"@id":"https:\/\/jornalpontomais.com\/site\/#organization"},"potentialAction":[{"@type":"SearchAction","target":{"@type":"EntryPoint","urlTemplate":"https:\/\/jornalpontomais.com\/site\/?s={search_term_string}"},"query-input":{"@type":"PropertyValueSpecification","valueRequired":true,"valueName":"search_term_string"}}],"inLanguage":"pt-BR"},{"@type":"Organization","@id":"https:\/\/jornalpontomais.com\/site\/#organization","name":"Jornal Ponto+","url":"https:\/\/jornalpontomais.com\/site\/","logo":{"@type":"ImageObject","inLanguage":"pt-BR","@id":"https:\/\/jornalpontomais.com\/site\/#\/schema\/logo\/image\/","url":"https:\/\/jornalpontomais.com\/site\/wp-content\/uploads\/2022\/01\/marca.png","contentUrl":"https:\/\/jornalpontomais.com\/site\/wp-content\/uploads\/2022\/01\/marca.png","width":582,"height":148,"caption":"Jornal Ponto+"},"image":{"@id":"https:\/\/jornalpontomais.com\/site\/#\/schema\/logo\/image\/"}},{"@type":"Person","@id":"https:\/\/jornalpontomais.com\/site\/#\/schema\/person\/18323f0b0f1355f2490721c48389fe9d","name":"Jornal Ponto Mais","image":{"@type":"ImageObject","inLanguage":"pt-BR","@id":"https:\/\/secure.gravatar.com\/avatar\/2ee0a9b7fe10fe32bdec8bc086e871e41eb5f4f6ecbcb7b4f2fe0d92d831405f?s=96&d=mm&r=g","url":"https:\/\/secure.gravatar.com\/avatar\/2ee0a9b7fe10fe32bdec8bc086e871e41eb5f4f6ecbcb7b4f2fe0d92d831405f?s=96&d=mm&r=g","contentUrl":"https:\/\/secure.gravatar.com\/avatar\/2ee0a9b7fe10fe32bdec8bc086e871e41eb5f4f6ecbcb7b4f2fe0d92d831405f?s=96&d=mm&r=g","caption":"Jornal Ponto Mais"},"sameAs":["https:\/\/jornalpontomais.com\/site","jornalpontomais"],"url":"https:\/\/jornalpontomais.com\/site\/author\/jornalpontomais\/"}]}},"_links":{"self":[{"href":"https:\/\/jornalpontomais.com\/site\/wp-json\/wp\/v2\/posts\/25215","targetHints":{"allow":["GET"]}}],"collection":[{"href":"https:\/\/jornalpontomais.com\/site\/wp-json\/wp\/v2\/posts"}],"about":[{"href":"https:\/\/jornalpontomais.com\/site\/wp-json\/wp\/v2\/types\/post"}],"author":[{"embeddable":true,"href":"https:\/\/jornalpontomais.com\/site\/wp-json\/wp\/v2\/users\/2"}],"replies":[{"embeddable":true,"href":"https:\/\/jornalpontomais.com\/site\/wp-json\/wp\/v2\/comments?post=25215"}],"version-history":[{"count":1,"href":"https:\/\/jornalpontomais.com\/site\/wp-json\/wp\/v2\/posts\/25215\/revisions"}],"predecessor-version":[{"id":25217,"href":"https:\/\/jornalpontomais.com\/site\/wp-json\/wp\/v2\/posts\/25215\/revisions\/25217"}],"wp:featuredmedia":[{"embeddable":true,"href":"https:\/\/jornalpontomais.com\/site\/wp-json\/wp\/v2\/media\/25216"}],"wp:attachment":[{"href":"https:\/\/jornalpontomais.com\/site\/wp-json\/wp\/v2\/media?parent=25215"}],"wp:term":[{"taxonomy":"category","embeddable":true,"href":"https:\/\/jornalpontomais.com\/site\/wp-json\/wp\/v2\/categories?post=25215"},{"taxonomy":"post_tag","embeddable":true,"href":"https:\/\/jornalpontomais.com\/site\/wp-json\/wp\/v2\/tags?post=25215"}],"curies":[{"name":"wp","href":"https:\/\/api.w.org\/{rel}","templated":true}]}}