{"id":25194,"date":"2026-09-01T14:08:00","date_gmt":"2026-09-01T17:08:00","guid":{"rendered":"https:\/\/jornalpontomais.com\/site\/?p=25194"},"modified":"2026-09-01T18:12:39","modified_gmt":"2026-09-01T21:12:39","slug":"meteorologia-preve-ciclone-extratropical-com-chuvas-em-setembro","status":"publish","type":"post","link":"https:\/\/jornalpontomais.com\/site\/2026\/09\/01\/meteorologia-preve-ciclone-extratropical-com-chuvas-em-setembro\/","title":{"rendered":"Meteorologia prev\u00ea ciclone extratropical com chuvas em setembro"},"content":{"rendered":"\n<p class=\"wp-block-paragraph\">O Instituto Nacional de Meteorologia (Inmet) prev\u00ea para o m\u00eas de setembro, que come\u00e7a nesta ter\u00e7a-feira (1\u00ba),\u00a0 a forma\u00e7\u00e3o de um ciclone extratropical na costa da Regi\u00e3o Sul, com\u00a0 \u00e1reas de instabilidade que favorecem chuva e trovoadas no Sul, Sudeste e Centro-Oeste.\u00a0No Sul, o avan\u00e7o de uma massa de ar frio e seco provoca queda acentuada das temperaturas, enquanto o calor intenso persiste no Norte e Nordeste, com m\u00e1ximas que podem chegar a 41\u00b0C no Piau\u00ed.\u00a0<img decoding=\"async\" src=\"https:\/\/agenciabrasil.ebc.com.br\/ebc.png?id=1701206&amp;o=node\"><img decoding=\"async\" src=\"https:\/\/agenciabrasil.ebc.com.br\/ebc.gif?id=1701206&amp;o=node\"><br><br><\/p>\n\n\n\n<p class=\"wp-block-paragraph\"><strong>Regi\u00e3o Norte<\/strong><\/p>\n\n\n\n<p class=\"wp-block-paragraph\">Setembro come\u00e7a\u00a0com tempo seco e quente em grande parte da Regi\u00e3o Norte.\u00a0Nesta ter\u00e7a-feira (1), a previs\u00e3o \u00e9 de\u00a0muitas nuvens entre Roraima, Amazonas, Acre e sul de Rond\u00f4nia. As pancadas de chuva ficam apenas no centro-oeste e norte do Amazonas, e h\u00e1 possibilidade de chuva isolada no sul de Rond\u00f4nia.<br><br><\/p>\n\n\n\n<p class=\"wp-block-paragraph\">Na quarta-feira (2), as \u00e1reas de instabilidade se intensificam na Regi\u00e3o Norte. Haver\u00e1 chuva com trovoadas no norte de Roraima, oeste e norte do Amazonas e oeste do Acre. Possibilidade de chuva isolada nas demais \u00e1reas de Roraima, do Amazonas e Acre, em Rond\u00f4nia, no Amap\u00e1, na faixa litor\u00e2nea e no oeste do Par\u00e1. O tempo segue firme, com poucas nuvens, no sudeste do Par\u00e1 e no Tocantins.<br><br><\/p>\n\n\n\n<p class=\"wp-block-paragraph\">Em rela\u00e7\u00e3o \u00e0s temperaturas na regi\u00e3o, o calor ser\u00e1 intenso no sul da Amaz\u00f4nia. A m\u00ednima ser\u00e1 de 22\u00b0C em Rio Branco, mas a m\u00e1xima alcan\u00e7a 39\u00b0C em Palmas\u00a0e Porto Velho.<br><br><\/p>\n\n\n\n<p class=\"wp-block-paragraph\"><strong>Nordeste<\/strong><\/p>\n\n\n\n<p class=\"wp-block-paragraph\">A regi\u00e3o\u00a0come\u00e7a tamb\u00e9m com tempo firme. Nesta ter\u00e7a-feira, muitas nuvens na faixa leste, com possibilidade de chuva isolada de\u00a0manh\u00e3 entre o litoral norte da Bahia, litoral de Sergipe, Alagoas, Pernambuco e Para\u00edba, e litoral leste do Rio Grande do Norte. Nas demais \u00e1reas, c\u00e9u com poucas nuvens.<br><br><\/p>\n\n\n\n<p class=\"wp-block-paragraph\">Para quarta-feira (2), a instabilidade aumenta no Nordeste, com muitas nuvens em grande parte da regi\u00e3o.\u00a0Pancadas de chuva isoladas ocorrem no litoral do Rio Grande do Norte, Para\u00edba, Pernambuco e Alagoas. H\u00e1 possibilidade de chuva isolada na regi\u00e3o central do Maranh\u00e3o, Piau\u00ed, no litoral do Cear\u00e1, incluindo as capitais S\u00e3o Lu\u00eds, Teresina e Fortaleza, bem como no oeste de Pernambuco, sudoeste do Cear\u00e1 e na Bahia.<br><br><\/p>\n\n\n\n<p class=\"wp-block-paragraph\">O calor ser\u00e1 intenso, principalmente no estado do Piau\u00ed. Entre as capitais, a m\u00ednima ser\u00e1 de 21\u00b0C em Salvador e Macei\u00f3,\u00a0enquanto a m\u00e1xima chega aos 41\u00b0C em Teresina.<br><br><\/p>\n\n\n\n<p class=\"wp-block-paragraph\"><strong>Centro-Oeste<\/strong><\/p>\n\n\n\n<p class=\"wp-block-paragraph\">A ter\u00e7a-feira (1) deve ter pancadas de chuva isolada no centro-sul de Mato Grosso e de Goi\u00e1s, chegando ao Distrito Federal e ao centro-norte de Goi\u00e1s no per\u00edodo da noite. Para quarta-feira (2), permanece a instabilidade sobre a regi\u00e3o. Apenas no extremo norte de Goi\u00e1s e no extremo nordeste de Mato Grosso n\u00e3o h\u00e1 previs\u00e3o de chuva.<br><br><\/p>\n\n\n\n<p class=\"wp-block-paragraph\">Entre as capitais, a temperatura m\u00ednima ser\u00e1 de 16\u00b0C em Campo Grande\u00a0e a m\u00e1xima de 36\u00b0C em Goi\u00e2nia. No Distrito Federal, a temperatura varia entre a m\u00ednima de 20\u00b0C e a m\u00e1xima de 33\u00b0C nesta\u00a0ter\u00e7a-feira.<br><br><\/p>\n\n\n\n<p class=\"wp-block-paragraph\"><strong>Sudeste<\/strong><\/p>\n\n\n\n<p class=\"wp-block-paragraph\">A regi\u00e3o tem\u00a0hoje\u00a0(1\u00ba) previs\u00e3o de pancadas de chuva e trovoadas isoladas para o estado de S\u00e3o Paulo e sul do Rio de Janeiro. Chuvas isoladas tamb\u00e9m ocorrem no centro-sul de Minas Gerais, nas demais \u00e1reas do Rio de Janeiro, e tamb\u00e9m no sul do Esp\u00edrito Santo. Durante a tarde e a noite, as instabilidades se intensificam. As pancadas de chuva com trovoadas isoladas ocorrem em S\u00e3o Paulo, no centro-sul de Minas Gerais, no Rio de Janeiro e no sul do Esp\u00edrito Santo.<br><br><\/p>\n\n\n\n<p class=\"wp-block-paragraph\">Para a quarta-feira, a instabilidade continua sobre a regi\u00e3o. As pancadas de chuva com trovoadas isoladas se concentram entre o sudeste de Minas Gerais, Rio de Janeiro, nordeste de S\u00e3o Paulo e sul do Esp\u00edrito Santo. S\u00f3\u00a0n\u00e3o chove no extremo norte de Minas Gerais. Nas demais \u00e1reas, h\u00e1 possibilidade de chuva isolada.<br><br><\/p>\n\n\n\n<p class=\"wp-block-paragraph\">Entre as capitais, S\u00e3o Paulo\u00a0segue com temperaturas mais baixas, com m\u00ednima de 12\u00b0C e m\u00e1xima de 22\u00b0C nesta\u00a0ter\u00e7a-feira. Belo Horizonte\u00a0deve registrar a m\u00e1xima entre as capitais da regi\u00e3o, chegando a 34\u00b0C, mas com tend\u00eancia de queda amanh\u00e3\u00a0na temperatura m\u00e1xima, que deve ficar\u00a0em torno de 29\u00b0C.<br><br><\/p>\n\n\n\n<p class=\"wp-block-paragraph\"><strong>Sul<\/strong><\/p>\n\n\n\n<p class=\"wp-block-paragraph\">A Regi\u00e3o Sul come\u00e7a com muita instabilidade. Nesta ter\u00e7a-feira (1), pela manh\u00e3, pancadas de chuva com trovoadas isoladas ocorrem no Paran\u00e1, em Santa Catarina e no leste do Rio Grande do Sul. Durante a tarde, as \u00e1reas de maior instabilidade gradualmente se deslocam para o Sudeste do Brasil e pancadas de chuva, com trovoadas isoladas, ocorrem no leste do Paran\u00e1 e de Santa Catarina. Nas demais \u00e1reas do Paran\u00e1, de Santa Catarina e no nordeste do Rio Grande do Sul\u00a0h\u00e1\u00a0tamb\u00e9m\u00a0previs\u00e3o de\u00a0pancadas de chuva isoladas. No centro-oeste e sul do Rio Grande do Sul, a nebulosidade come\u00e7a a diminuir, mas ainda h\u00e1 possibilidade de chuva isolada.<br><br><\/p>\n\n\n\n<p class=\"wp-block-paragraph\">No per\u00edodo da noite, pancadas de chuva isoladas ocorrem no nordeste e leste do Paran\u00e1 e de Santa Catarina. No sul e oeste do Rio Grande do Sul, o tempo come\u00e7a a abrir \u00e0 medida que a massa de ar frio e seco avan\u00e7a sobre a regi\u00e3o.<br><br><\/p>\n\n\n\n<p class=\"wp-block-paragraph\">Para quarta-feira (2), as instabilidades diminuem, mas ainda h\u00e1 possibilidade de chuva isolada no centro-norte e leste do Paran\u00e1, centro-leste de Santa Catarina e do Rio Grande do Sul.<br><br><\/p>\n\n\n\n<p class=\"wp-block-paragraph\">A temperatura m\u00ednima ser\u00e1 de 6\u00b0C em Curitiba e 8\u00b0C em Porto Alegre. A m\u00e1xima no per\u00edodo n\u00e3o passa dos 22\u00b0C em Florian\u00f3polis nesta\u00a0ter\u00e7a-feira. Amanh\u00e3, a m\u00e1xima n\u00e3o passa dos 19\u00b0C em Curitiba e dos 18\u00b0C em Florian\u00f3polis\u00a0e Porto Alegre.<\/p>\n","protected":false},"excerpt":{"rendered":"<p>O Instituto Nacional de Meteorologia (Inmet) prev\u00ea para o m\u00eas de setembro, que come\u00e7a nesta ter\u00e7a-feira (1\u00ba),\u00a0 a forma\u00e7\u00e3o de um ciclone extratropical na costa da Regi\u00e3o Sul, com\u00a0 \u00e1reas de instabilidade que favorecem chuva e trovoadas no Sul, Sudeste e Centro-Oeste.\u00a0No Sul, o avan\u00e7o de uma massa de ar frio e seco provoca queda [&hellip;]<\/p>\n","protected":false},"author":2,"featured_media":25200,"comment_status":"open","ping_status":"open","sticky":false,"template":"","format":"standard","meta":{"om_disable_all_campaigns":false,"_monsterinsights_skip_tracking":false,"_monsterinsights_sitenote_active":false,"_monsterinsights_sitenote_note":"","_monsterinsights_sitenote_category":0,"footnotes":""},"categories":[5],"tags":[],"class_list":["post-25194","post","type-post","status-publish","format-standard","has-post-thumbnail","hentry","category-curiosidades"],"yoast_head":"<!-- This site is optimized with the Yoast SEO plugin v27.2 - https:\/\/yoast.com\/product\/yoast-seo-wordpress\/ -->\n<title>Meteorologia prev\u00ea ciclone extratropical com chuvas em setembro - Jornal Ponto Mais<\/title>\n<meta name=\"robots\" content=\"index, follow, max-snippet:-1, max-image-preview:large, max-video-preview:-1\" \/>\n<link rel=\"canonical\" href=\"https:\/\/jornalpontomais.com\/site\/2026\/09\/01\/meteorologia-preve-ciclone-extratropical-com-chuvas-em-setembro\/\" \/>\n<meta property=\"og:locale\" content=\"pt_BR\" \/>\n<meta property=\"og:type\" content=\"article\" \/>\n<meta property=\"og:title\" content=\"Meteorologia prev\u00ea ciclone extratropical com chuvas em setembro - Jornal Ponto Mais\" \/>\n<meta property=\"og:description\" content=\"O Instituto Nacional de Meteorologia (Inmet) prev\u00ea para o m\u00eas de setembro, que come\u00e7a nesta ter\u00e7a-feira (1\u00ba),\u00a0 a forma\u00e7\u00e3o de um ciclone extratropical na costa da Regi\u00e3o Sul, com\u00a0 \u00e1reas de instabilidade que favorecem chuva e trovoadas no Sul, Sudeste e Centro-Oeste.\u00a0No Sul, o avan\u00e7o de uma massa de ar frio e seco provoca queda [&hellip;]\" \/>\n<meta property=\"og:url\" content=\"https:\/\/jornalpontomais.com\/site\/2026\/09\/01\/meteorologia-preve-ciclone-extratropical-com-chuvas-em-setembro\/\" \/>\n<meta property=\"og:site_name\" content=\"Jornal Ponto Mais\" \/>\n<meta property=\"article:published_time\" content=\"2026-09-01T17:08:00+00:00\" \/>\n<meta property=\"article:modified_time\" content=\"2026-09-01T21:12:39+00:00\" \/>\n<meta property=\"og:image\" content=\"https:\/\/jornalpontomais.com\/site\/wp-content\/uploads\/2026\/09\/chuva.webp\" \/>\n\t<meta property=\"og:image:width\" content=\"1170\" \/>\n\t<meta property=\"og:image:height\" content=\"700\" \/>\n\t<meta property=\"og:image:type\" content=\"image\/webp\" \/>\n<meta name=\"author\" content=\"Jornal Ponto Mais\" \/>\n<meta name=\"twitter:card\" content=\"summary_large_image\" \/>\n<meta name=\"twitter:label1\" content=\"Escrito por\" \/>\n\t<meta name=\"twitter:data1\" content=\"Jornal Ponto Mais\" \/>\n\t<meta name=\"twitter:label2\" content=\"Est. tempo de leitura\" \/>\n\t<meta name=\"twitter:data2\" content=\"5 minutos\" \/>\n<script type=\"application\/ld+json\" class=\"yoast-schema-graph\">{\"@context\":\"https:\/\/schema.org\",\"@graph\":[{\"@type\":\"Article\",\"@id\":\"https:\/\/jornalpontomais.com\/site\/2026\/09\/01\/meteorologia-preve-ciclone-extratropical-com-chuvas-em-setembro\/#article\",\"isPartOf\":{\"@id\":\"https:\/\/jornalpontomais.com\/site\/2026\/09\/01\/meteorologia-preve-ciclone-extratropical-com-chuvas-em-setembro\/\"},\"author\":{\"name\":\"Jornal Ponto Mais\",\"@id\":\"https:\/\/jornalpontomais.com\/site\/#\/schema\/person\/18323f0b0f1355f2490721c48389fe9d\"},\"headline\":\"Meteorologia prev\u00ea ciclone extratropical com chuvas em setembro\",\"datePublished\":\"2026-09-01T17:08:00+00:00\",\"dateModified\":\"2026-09-01T21:12:39+00:00\",\"mainEntityOfPage\":{\"@id\":\"https:\/\/jornalpontomais.com\/site\/2026\/09\/01\/meteorologia-preve-ciclone-extratropical-com-chuvas-em-setembro\/\"},\"wordCount\":975,\"commentCount\":0,\"publisher\":{\"@id\":\"https:\/\/jornalpontomais.com\/site\/#organization\"},\"image\":{\"@id\":\"https:\/\/jornalpontomais.com\/site\/2026\/09\/01\/meteorologia-preve-ciclone-extratropical-com-chuvas-em-setembro\/#primaryimage\"},\"thumbnailUrl\":\"https:\/\/jornalpontomais.com\/site\/wp-content\/uploads\/2026\/09\/chuva.webp\",\"articleSection\":[\"Curiosidades\"],\"inLanguage\":\"pt-BR\",\"potentialAction\":[{\"@type\":\"CommentAction\",\"name\":\"Comment\",\"target\":[\"https:\/\/jornalpontomais.com\/site\/2026\/09\/01\/meteorologia-preve-ciclone-extratropical-com-chuvas-em-setembro\/#respond\"]}]},{\"@type\":\"WebPage\",\"@id\":\"https:\/\/jornalpontomais.com\/site\/2026\/09\/01\/meteorologia-preve-ciclone-extratropical-com-chuvas-em-setembro\/\",\"url\":\"https:\/\/jornalpontomais.com\/site\/2026\/09\/01\/meteorologia-preve-ciclone-extratropical-com-chuvas-em-setembro\/\",\"name\":\"Meteorologia prev\u00ea ciclone extratropical com chuvas em setembro - Jornal Ponto Mais\",\"isPartOf\":{\"@id\":\"https:\/\/jornalpontomais.com\/site\/#website\"},\"primaryImageOfPage\":{\"@id\":\"https:\/\/jornalpontomais.com\/site\/2026\/09\/01\/meteorologia-preve-ciclone-extratropical-com-chuvas-em-setembro\/#primaryimage\"},\"image\":{\"@id\":\"https:\/\/jornalpontomais.com\/site\/2026\/09\/01\/meteorologia-preve-ciclone-extratropical-com-chuvas-em-setembro\/#primaryimage\"},\"thumbnailUrl\":\"https:\/\/jornalpontomais.com\/site\/wp-content\/uploads\/2026\/09\/chuva.webp\",\"datePublished\":\"2026-09-01T17:08:00+00:00\",\"dateModified\":\"2026-09-01T21:12:39+00:00\",\"breadcrumb\":{\"@id\":\"https:\/\/jornalpontomais.com\/site\/2026\/09\/01\/meteorologia-preve-ciclone-extratropical-com-chuvas-em-setembro\/#breadcrumb\"},\"inLanguage\":\"pt-BR\",\"potentialAction\":[{\"@type\":\"ReadAction\",\"target\":[\"https:\/\/jornalpontomais.com\/site\/2026\/09\/01\/meteorologia-preve-ciclone-extratropical-com-chuvas-em-setembro\/\"]}]},{\"@type\":\"ImageObject\",\"inLanguage\":\"pt-BR\",\"@id\":\"https:\/\/jornalpontomais.com\/site\/2026\/09\/01\/meteorologia-preve-ciclone-extratropical-com-chuvas-em-setembro\/#primaryimage\",\"url\":\"https:\/\/jornalpontomais.com\/site\/wp-content\/uploads\/2026\/09\/chuva.webp\",\"contentUrl\":\"https:\/\/jornalpontomais.com\/site\/wp-content\/uploads\/2026\/09\/chuva.webp\",\"width\":1170,\"height\":700},{\"@type\":\"BreadcrumbList\",\"@id\":\"https:\/\/jornalpontomais.com\/site\/2026\/09\/01\/meteorologia-preve-ciclone-extratropical-com-chuvas-em-setembro\/#breadcrumb\",\"itemListElement\":[{\"@type\":\"ListItem\",\"position\":1,\"name\":\"In\u00edcio\",\"item\":\"https:\/\/jornalpontomais.com\/site\/\"},{\"@type\":\"ListItem\",\"position\":2,\"name\":\"Meteorologia prev\u00ea ciclone extratropical com chuvas em setembro\"}]},{\"@type\":\"WebSite\",\"@id\":\"https:\/\/jornalpontomais.com\/site\/#website\",\"url\":\"https:\/\/jornalpontomais.com\/site\/\",\"name\":\"Jornal Ponto Mais\",\"description\":\"As principais not\u00edcias do Brasil e do mundo. Confira!\",\"publisher\":{\"@id\":\"https:\/\/jornalpontomais.com\/site\/#organization\"},\"potentialAction\":[{\"@type\":\"SearchAction\",\"target\":{\"@type\":\"EntryPoint\",\"urlTemplate\":\"https:\/\/jornalpontomais.com\/site\/?s={search_term_string}\"},\"query-input\":{\"@type\":\"PropertyValueSpecification\",\"valueRequired\":true,\"valueName\":\"search_term_string\"}}],\"inLanguage\":\"pt-BR\"},{\"@type\":\"Organization\",\"@id\":\"https:\/\/jornalpontomais.com\/site\/#organization\",\"name\":\"Jornal Ponto+\",\"url\":\"https:\/\/jornalpontomais.com\/site\/\",\"logo\":{\"@type\":\"ImageObject\",\"inLanguage\":\"pt-BR\",\"@id\":\"https:\/\/jornalpontomais.com\/site\/#\/schema\/logo\/image\/\",\"url\":\"https:\/\/jornalpontomais.com\/site\/wp-content\/uploads\/2022\/01\/marca.png\",\"contentUrl\":\"https:\/\/jornalpontomais.com\/site\/wp-content\/uploads\/2022\/01\/marca.png\",\"width\":582,\"height\":148,\"caption\":\"Jornal Ponto+\"},\"image\":{\"@id\":\"https:\/\/jornalpontomais.com\/site\/#\/schema\/logo\/image\/\"}},{\"@type\":\"Person\",\"@id\":\"https:\/\/jornalpontomais.com\/site\/#\/schema\/person\/18323f0b0f1355f2490721c48389fe9d\",\"name\":\"Jornal Ponto Mais\",\"image\":{\"@type\":\"ImageObject\",\"inLanguage\":\"pt-BR\",\"@id\":\"https:\/\/secure.gravatar.com\/avatar\/2ee0a9b7fe10fe32bdec8bc086e871e41eb5f4f6ecbcb7b4f2fe0d92d831405f?s=96&d=mm&r=g\",\"url\":\"https:\/\/secure.gravatar.com\/avatar\/2ee0a9b7fe10fe32bdec8bc086e871e41eb5f4f6ecbcb7b4f2fe0d92d831405f?s=96&d=mm&r=g\",\"contentUrl\":\"https:\/\/secure.gravatar.com\/avatar\/2ee0a9b7fe10fe32bdec8bc086e871e41eb5f4f6ecbcb7b4f2fe0d92d831405f?s=96&d=mm&r=g\",\"caption\":\"Jornal Ponto Mais\"},\"sameAs\":[\"https:\/\/jornalpontomais.com\/site\",\"jornalpontomais\"],\"url\":\"https:\/\/jornalpontomais.com\/site\/author\/jornalpontomais\/\"}]}<\/script>\n<!-- \/ Yoast SEO plugin. -->","yoast_head_json":{"title":"Meteorologia prev\u00ea ciclone extratropical com chuvas em setembro - Jornal Ponto Mais","robots":{"index":"index","follow":"follow","max-snippet":"max-snippet:-1","max-image-preview":"max-image-preview:large","max-video-preview":"max-video-preview:-1"},"canonical":"https:\/\/jornalpontomais.com\/site\/2026\/09\/01\/meteorologia-preve-ciclone-extratropical-com-chuvas-em-setembro\/","og_locale":"pt_BR","og_type":"article","og_title":"Meteorologia prev\u00ea ciclone extratropical com chuvas em setembro - Jornal Ponto Mais","og_description":"O Instituto Nacional de Meteorologia (Inmet) prev\u00ea para o m\u00eas de setembro, que come\u00e7a nesta ter\u00e7a-feira (1\u00ba),\u00a0 a forma\u00e7\u00e3o de um ciclone extratropical na costa da Regi\u00e3o Sul, com\u00a0 \u00e1reas de instabilidade que favorecem chuva e trovoadas no Sul, Sudeste e Centro-Oeste.\u00a0No Sul, o avan\u00e7o de uma massa de ar frio e seco provoca queda [&hellip;]","og_url":"https:\/\/jornalpontomais.com\/site\/2026\/09\/01\/meteorologia-preve-ciclone-extratropical-com-chuvas-em-setembro\/","og_site_name":"Jornal Ponto Mais","article_published_time":"2026-09-01T17:08:00+00:00","article_modified_time":"2026-09-01T21:12:39+00:00","og_image":[{"width":1170,"height":700,"url":"https:\/\/jornalpontomais.com\/site\/wp-content\/uploads\/2026\/09\/chuva.webp","type":"image\/webp"}],"author":"Jornal Ponto Mais","twitter_card":"summary_large_image","twitter_misc":{"Escrito por":"Jornal Ponto Mais","Est. tempo de leitura":"5 minutos"},"schema":{"@context":"https:\/\/schema.org","@graph":[{"@type":"Article","@id":"https:\/\/jornalpontomais.com\/site\/2026\/09\/01\/meteorologia-preve-ciclone-extratropical-com-chuvas-em-setembro\/#article","isPartOf":{"@id":"https:\/\/jornalpontomais.com\/site\/2026\/09\/01\/meteorologia-preve-ciclone-extratropical-com-chuvas-em-setembro\/"},"author":{"name":"Jornal Ponto Mais","@id":"https:\/\/jornalpontomais.com\/site\/#\/schema\/person\/18323f0b0f1355f2490721c48389fe9d"},"headline":"Meteorologia prev\u00ea ciclone extratropical com chuvas em setembro","datePublished":"2026-09-01T17:08:00+00:00","dateModified":"2026-09-01T21:12:39+00:00","mainEntityOfPage":{"@id":"https:\/\/jornalpontomais.com\/site\/2026\/09\/01\/meteorologia-preve-ciclone-extratropical-com-chuvas-em-setembro\/"},"wordCount":975,"commentCount":0,"publisher":{"@id":"https:\/\/jornalpontomais.com\/site\/#organization"},"image":{"@id":"https:\/\/jornalpontomais.com\/site\/2026\/09\/01\/meteorologia-preve-ciclone-extratropical-com-chuvas-em-setembro\/#primaryimage"},"thumbnailUrl":"https:\/\/jornalpontomais.com\/site\/wp-content\/uploads\/2026\/09\/chuva.webp","articleSection":["Curiosidades"],"inLanguage":"pt-BR","potentialAction":[{"@type":"CommentAction","name":"Comment","target":["https:\/\/jornalpontomais.com\/site\/2026\/09\/01\/meteorologia-preve-ciclone-extratropical-com-chuvas-em-setembro\/#respond"]}]},{"@type":"WebPage","@id":"https:\/\/jornalpontomais.com\/site\/2026\/09\/01\/meteorologia-preve-ciclone-extratropical-com-chuvas-em-setembro\/","url":"https:\/\/jornalpontomais.com\/site\/2026\/09\/01\/meteorologia-preve-ciclone-extratropical-com-chuvas-em-setembro\/","name":"Meteorologia prev\u00ea ciclone extratropical com chuvas em setembro - Jornal Ponto Mais","isPartOf":{"@id":"https:\/\/jornalpontomais.com\/site\/#website"},"primaryImageOfPage":{"@id":"https:\/\/jornalpontomais.com\/site\/2026\/09\/01\/meteorologia-preve-ciclone-extratropical-com-chuvas-em-setembro\/#primaryimage"},"image":{"@id":"https:\/\/jornalpontomais.com\/site\/2026\/09\/01\/meteorologia-preve-ciclone-extratropical-com-chuvas-em-setembro\/#primaryimage"},"thumbnailUrl":"https:\/\/jornalpontomais.com\/site\/wp-content\/uploads\/2026\/09\/chuva.webp","datePublished":"2026-09-01T17:08:00+00:00","dateModified":"2026-09-01T21:12:39+00:00","breadcrumb":{"@id":"https:\/\/jornalpontomais.com\/site\/2026\/09\/01\/meteorologia-preve-ciclone-extratropical-com-chuvas-em-setembro\/#breadcrumb"},"inLanguage":"pt-BR","potentialAction":[{"@type":"ReadAction","target":["https:\/\/jornalpontomais.com\/site\/2026\/09\/01\/meteorologia-preve-ciclone-extratropical-com-chuvas-em-setembro\/"]}]},{"@type":"ImageObject","inLanguage":"pt-BR","@id":"https:\/\/jornalpontomais.com\/site\/2026\/09\/01\/meteorologia-preve-ciclone-extratropical-com-chuvas-em-setembro\/#primaryimage","url":"https:\/\/jornalpontomais.com\/site\/wp-content\/uploads\/2026\/09\/chuva.webp","contentUrl":"https:\/\/jornalpontomais.com\/site\/wp-content\/uploads\/2026\/09\/chuva.webp","width":1170,"height":700},{"@type":"BreadcrumbList","@id":"https:\/\/jornalpontomais.com\/site\/2026\/09\/01\/meteorologia-preve-ciclone-extratropical-com-chuvas-em-setembro\/#breadcrumb","itemListElement":[{"@type":"ListItem","position":1,"name":"In\u00edcio","item":"https:\/\/jornalpontomais.com\/site\/"},{"@type":"ListItem","position":2,"name":"Meteorologia prev\u00ea ciclone extratropical com chuvas em setembro"}]},{"@type":"WebSite","@id":"https:\/\/jornalpontomais.com\/site\/#website","url":"https:\/\/jornalpontomais.com\/site\/","name":"Jornal Ponto Mais","description":"As principais not\u00edcias do Brasil e do mundo. Confira!","publisher":{"@id":"https:\/\/jornalpontomais.com\/site\/#organization"},"potentialAction":[{"@type":"SearchAction","target":{"@type":"EntryPoint","urlTemplate":"https:\/\/jornalpontomais.com\/site\/?s={search_term_string}"},"query-input":{"@type":"PropertyValueSpecification","valueRequired":true,"valueName":"search_term_string"}}],"inLanguage":"pt-BR"},{"@type":"Organization","@id":"https:\/\/jornalpontomais.com\/site\/#organization","name":"Jornal Ponto+","url":"https:\/\/jornalpontomais.com\/site\/","logo":{"@type":"ImageObject","inLanguage":"pt-BR","@id":"https:\/\/jornalpontomais.com\/site\/#\/schema\/logo\/image\/","url":"https:\/\/jornalpontomais.com\/site\/wp-content\/uploads\/2022\/01\/marca.png","contentUrl":"https:\/\/jornalpontomais.com\/site\/wp-content\/uploads\/2022\/01\/marca.png","width":582,"height":148,"caption":"Jornal Ponto+"},"image":{"@id":"https:\/\/jornalpontomais.com\/site\/#\/schema\/logo\/image\/"}},{"@type":"Person","@id":"https:\/\/jornalpontomais.com\/site\/#\/schema\/person\/18323f0b0f1355f2490721c48389fe9d","name":"Jornal Ponto Mais","image":{"@type":"ImageObject","inLanguage":"pt-BR","@id":"https:\/\/secure.gravatar.com\/avatar\/2ee0a9b7fe10fe32bdec8bc086e871e41eb5f4f6ecbcb7b4f2fe0d92d831405f?s=96&d=mm&r=g","url":"https:\/\/secure.gravatar.com\/avatar\/2ee0a9b7fe10fe32bdec8bc086e871e41eb5f4f6ecbcb7b4f2fe0d92d831405f?s=96&d=mm&r=g","contentUrl":"https:\/\/secure.gravatar.com\/avatar\/2ee0a9b7fe10fe32bdec8bc086e871e41eb5f4f6ecbcb7b4f2fe0d92d831405f?s=96&d=mm&r=g","caption":"Jornal Ponto Mais"},"sameAs":["https:\/\/jornalpontomais.com\/site","jornalpontomais"],"url":"https:\/\/jornalpontomais.com\/site\/author\/jornalpontomais\/"}]}},"_links":{"self":[{"href":"https:\/\/jornalpontomais.com\/site\/wp-json\/wp\/v2\/posts\/25194","targetHints":{"allow":["GET"]}}],"collection":[{"href":"https:\/\/jornalpontomais.com\/site\/wp-json\/wp\/v2\/posts"}],"about":[{"href":"https:\/\/jornalpontomais.com\/site\/wp-json\/wp\/v2\/types\/post"}],"author":[{"embeddable":true,"href":"https:\/\/jornalpontomais.com\/site\/wp-json\/wp\/v2\/users\/2"}],"replies":[{"embeddable":true,"href":"https:\/\/jornalpontomais.com\/site\/wp-json\/wp\/v2\/comments?post=25194"}],"version-history":[{"count":2,"href":"https:\/\/jornalpontomais.com\/site\/wp-json\/wp\/v2\/posts\/25194\/revisions"}],"predecessor-version":[{"id":25201,"href":"https:\/\/jornalpontomais.com\/site\/wp-json\/wp\/v2\/posts\/25194\/revisions\/25201"}],"wp:featuredmedia":[{"embeddable":true,"href":"https:\/\/jornalpontomais.com\/site\/wp-json\/wp\/v2\/media\/25200"}],"wp:attachment":[{"href":"https:\/\/jornalpontomais.com\/site\/wp-json\/wp\/v2\/media?parent=25194"}],"wp:term":[{"taxonomy":"category","embeddable":true,"href":"https:\/\/jornalpontomais.com\/site\/wp-json\/wp\/v2\/categories?post=25194"},{"taxonomy":"post_tag","embeddable":true,"href":"https:\/\/jornalpontomais.com\/site\/wp-json\/wp\/v2\/tags?post=25194"}],"curies":[{"name":"wp","href":"https:\/\/api.w.org\/{rel}","templated":true}]}}