{"id":25190,"date":"2026-09-01T13:07:00","date_gmt":"2026-09-01T16:07:00","guid":{"rendered":"https:\/\/jornalpontomais.com\/site\/?p=25190"},"modified":"2026-09-01T18:12:19","modified_gmt":"2026-09-01T21:12:19","slug":"barcelona-acerta-contratacao-de-gabriel-jesus-por-tres-temporadas","status":"publish","type":"post","link":"https:\/\/jornalpontomais.com\/site\/2026\/09\/01\/barcelona-acerta-contratacao-de-gabriel-jesus-por-tres-temporadas\/","title":{"rendered":"Barcelona acerta contrata\u00e7\u00e3o de Gabriel Jesus por tr\u00eas temporadas"},"content":{"rendered":"\n<p class=\"wp-block-paragraph\">O Barcelona anunciou nesta ter\u00e7a-feira (1\u00ba) a contrata\u00e7\u00e3o do atacante brasileiro Gabriel Jesus, de 29 anos. O jogador deixa o Arsenal e assinou contrato por tr\u00eas temporadas com o atual campe\u00e3o espanhol.<br><br><\/p>\n\n\n\n<p class=\"wp-block-paragraph\">Os clubes n\u00e3o revelaram oficialmente os valores da negocia\u00e7\u00e3o. Segundo informa\u00e7\u00f5es da imprensa brit\u00e2nica citadas pela Ag\u00eancia Brasil, o Barcelona teria desembolsado cerca de 8,6 milh\u00f5es de libras, aproximadamente R$ 59,8 milh\u00f5es, para fechar a transfer\u00eancia.<br><br><\/p>\n\n\n\n<p class=\"wp-block-paragraph\">Gabriel Jesus \u00e9 o sexto refor\u00e7o contratado pelo clube catal\u00e3o nesta janela de transfer\u00eancias. Antes dele, chegaram Anthony Gordon, Karim Adeyemi, Rodri, Jo\u00e3o Cancelo e o goleiro Dominik Livakovic.<br><br><\/p>\n\n\n\n<p class=\"wp-block-paragraph\">O atacante encerra uma passagem de quatro temporadas pelo Arsenal, clube que defendia desde 2022, quando deixou o Manchester City. Pela equipe londrina, disputou 123 partidas e marcou 32 gols em todas as competi\u00e7\u00f5es. Na \u00faltima temporada, entrou em campo 27 vezes durante a campanha que terminou com o t\u00edtulo da Premier League.<br><br><\/p>\n\n\n\n<p class=\"wp-block-paragraph\">Antes do Arsenal, o brasileiro passou seis temporadas pelo Manchester City, onde conquistou quatro t\u00edtulos da Premier League e anotou 95 gols em 236 jogos. Ao todo, Gabriel Jesus j\u00e1 disputou mais de 200 partidas no Campeonato Ingl\u00eas e marcou mais de 70 gols na competi\u00e7\u00e3o.<br><br><\/p>\n\n\n\n<p class=\"wp-block-paragraph\">A chegada do brasileiro ocorre enquanto o Barcelona tamb\u00e9m era apontado como interessado em Juli\u00e1n \u00c1lvarez, do Atl\u00e9tico de Madrid. Segundo a publica\u00e7\u00e3o, o clube madrilenho demonstrou resist\u00eancia em negociar o argentino com um rival direto na Espanha.<\/p>\n","protected":false},"excerpt":{"rendered":"<p>O Barcelona anunciou nesta ter\u00e7a-feira (1\u00ba) a contrata\u00e7\u00e3o do atacante brasileiro Gabriel Jesus, de 29 anos. O jogador deixa o Arsenal e assinou contrato por tr\u00eas temporadas com o atual campe\u00e3o espanhol. Os clubes n\u00e3o revelaram oficialmente os valores da negocia\u00e7\u00e3o. Segundo informa\u00e7\u00f5es da imprensa brit\u00e2nica citadas pela Ag\u00eancia Brasil, o Barcelona teria desembolsado cerca [&hellip;]<\/p>\n","protected":false},"author":2,"featured_media":25191,"comment_status":"open","ping_status":"open","sticky":true,"template":"","format":"standard","meta":{"om_disable_all_campaigns":false,"_monsterinsights_skip_tracking":false,"_monsterinsights_sitenote_active":false,"_monsterinsights_sitenote_note":"","_monsterinsights_sitenote_category":0,"footnotes":""},"categories":[4],"tags":[],"class_list":["post-25190","post","type-post","status-publish","format-standard","has-post-thumbnail","hentry","category-esporte"],"yoast_head":"<!-- This site is optimized with the Yoast SEO plugin v27.2 - https:\/\/yoast.com\/product\/yoast-seo-wordpress\/ -->\n<title>Barcelona acerta contrata\u00e7\u00e3o de Gabriel Jesus por tr\u00eas temporadas - Jornal Ponto Mais<\/title>\n<meta name=\"robots\" content=\"index, follow, max-snippet:-1, max-image-preview:large, max-video-preview:-1\" \/>\n<link rel=\"canonical\" href=\"https:\/\/jornalpontomais.com\/site\/2026\/09\/01\/barcelona-acerta-contratacao-de-gabriel-jesus-por-tres-temporadas\/\" \/>\n<meta property=\"og:locale\" content=\"pt_BR\" \/>\n<meta property=\"og:type\" content=\"article\" \/>\n<meta property=\"og:title\" content=\"Barcelona acerta contrata\u00e7\u00e3o de Gabriel Jesus por tr\u00eas temporadas - Jornal Ponto Mais\" \/>\n<meta property=\"og:description\" content=\"O Barcelona anunciou nesta ter\u00e7a-feira (1\u00ba) a contrata\u00e7\u00e3o do atacante brasileiro Gabriel Jesus, de 29 anos. O jogador deixa o Arsenal e assinou contrato por tr\u00eas temporadas com o atual campe\u00e3o espanhol. Os clubes n\u00e3o revelaram oficialmente os valores da negocia\u00e7\u00e3o. Segundo informa\u00e7\u00f5es da imprensa brit\u00e2nica citadas pela Ag\u00eancia Brasil, o Barcelona teria desembolsado cerca [&hellip;]\" \/>\n<meta property=\"og:url\" content=\"https:\/\/jornalpontomais.com\/site\/2026\/09\/01\/barcelona-acerta-contratacao-de-gabriel-jesus-por-tres-temporadas\/\" \/>\n<meta property=\"og:site_name\" content=\"Jornal Ponto Mais\" \/>\n<meta property=\"article:published_time\" content=\"2026-09-01T16:07:00+00:00\" \/>\n<meta property=\"article:modified_time\" content=\"2026-09-01T21:12:19+00:00\" \/>\n<meta property=\"og:image\" content=\"https:\/\/jornalpontomais.com\/site\/wp-content\/uploads\/2026\/09\/gabriel_jesus_barcelona_2026.jpg.webp\" \/>\n\t<meta property=\"og:image:width\" content=\"1170\" \/>\n\t<meta property=\"og:image:height\" content=\"700\" \/>\n\t<meta property=\"og:image:type\" content=\"image\/webp\" \/>\n<meta name=\"author\" content=\"Jornal Ponto Mais\" \/>\n<meta name=\"twitter:card\" content=\"summary_large_image\" \/>\n<meta name=\"twitter:label1\" content=\"Escrito por\" \/>\n\t<meta name=\"twitter:data1\" content=\"Jornal Ponto Mais\" \/>\n\t<meta name=\"twitter:label2\" content=\"Est. tempo de leitura\" \/>\n\t<meta name=\"twitter:data2\" content=\"1 minuto\" \/>\n<script type=\"application\/ld+json\" class=\"yoast-schema-graph\">{\"@context\":\"https:\/\/schema.org\",\"@graph\":[{\"@type\":\"Article\",\"@id\":\"https:\/\/jornalpontomais.com\/site\/2026\/09\/01\/barcelona-acerta-contratacao-de-gabriel-jesus-por-tres-temporadas\/#article\",\"isPartOf\":{\"@id\":\"https:\/\/jornalpontomais.com\/site\/2026\/09\/01\/barcelona-acerta-contratacao-de-gabriel-jesus-por-tres-temporadas\/\"},\"author\":{\"name\":\"Jornal Ponto Mais\",\"@id\":\"https:\/\/jornalpontomais.com\/site\/#\/schema\/person\/18323f0b0f1355f2490721c48389fe9d\"},\"headline\":\"Barcelona acerta contrata\u00e7\u00e3o de Gabriel Jesus por tr\u00eas temporadas\",\"datePublished\":\"2026-09-01T16:07:00+00:00\",\"dateModified\":\"2026-09-01T21:12:19+00:00\",\"mainEntityOfPage\":{\"@id\":\"https:\/\/jornalpontomais.com\/site\/2026\/09\/01\/barcelona-acerta-contratacao-de-gabriel-jesus-por-tres-temporadas\/\"},\"wordCount\":258,\"commentCount\":0,\"publisher\":{\"@id\":\"https:\/\/jornalpontomais.com\/site\/#organization\"},\"image\":{\"@id\":\"https:\/\/jornalpontomais.com\/site\/2026\/09\/01\/barcelona-acerta-contratacao-de-gabriel-jesus-por-tres-temporadas\/#primaryimage\"},\"thumbnailUrl\":\"https:\/\/jornalpontomais.com\/site\/wp-content\/uploads\/2026\/09\/gabriel_jesus_barcelona_2026.jpg.webp\",\"articleSection\":[\"Esporte\"],\"inLanguage\":\"pt-BR\",\"potentialAction\":[{\"@type\":\"CommentAction\",\"name\":\"Comment\",\"target\":[\"https:\/\/jornalpontomais.com\/site\/2026\/09\/01\/barcelona-acerta-contratacao-de-gabriel-jesus-por-tres-temporadas\/#respond\"]}]},{\"@type\":\"WebPage\",\"@id\":\"https:\/\/jornalpontomais.com\/site\/2026\/09\/01\/barcelona-acerta-contratacao-de-gabriel-jesus-por-tres-temporadas\/\",\"url\":\"https:\/\/jornalpontomais.com\/site\/2026\/09\/01\/barcelona-acerta-contratacao-de-gabriel-jesus-por-tres-temporadas\/\",\"name\":\"Barcelona acerta contrata\u00e7\u00e3o de Gabriel Jesus por tr\u00eas temporadas - Jornal Ponto Mais\",\"isPartOf\":{\"@id\":\"https:\/\/jornalpontomais.com\/site\/#website\"},\"primaryImageOfPage\":{\"@id\":\"https:\/\/jornalpontomais.com\/site\/2026\/09\/01\/barcelona-acerta-contratacao-de-gabriel-jesus-por-tres-temporadas\/#primaryimage\"},\"image\":{\"@id\":\"https:\/\/jornalpontomais.com\/site\/2026\/09\/01\/barcelona-acerta-contratacao-de-gabriel-jesus-por-tres-temporadas\/#primaryimage\"},\"thumbnailUrl\":\"https:\/\/jornalpontomais.com\/site\/wp-content\/uploads\/2026\/09\/gabriel_jesus_barcelona_2026.jpg.webp\",\"datePublished\":\"2026-09-01T16:07:00+00:00\",\"dateModified\":\"2026-09-01T21:12:19+00:00\",\"breadcrumb\":{\"@id\":\"https:\/\/jornalpontomais.com\/site\/2026\/09\/01\/barcelona-acerta-contratacao-de-gabriel-jesus-por-tres-temporadas\/#breadcrumb\"},\"inLanguage\":\"pt-BR\",\"potentialAction\":[{\"@type\":\"ReadAction\",\"target\":[\"https:\/\/jornalpontomais.com\/site\/2026\/09\/01\/barcelona-acerta-contratacao-de-gabriel-jesus-por-tres-temporadas\/\"]}]},{\"@type\":\"ImageObject\",\"inLanguage\":\"pt-BR\",\"@id\":\"https:\/\/jornalpontomais.com\/site\/2026\/09\/01\/barcelona-acerta-contratacao-de-gabriel-jesus-por-tres-temporadas\/#primaryimage\",\"url\":\"https:\/\/jornalpontomais.com\/site\/wp-content\/uploads\/2026\/09\/gabriel_jesus_barcelona_2026.jpg.webp\",\"contentUrl\":\"https:\/\/jornalpontomais.com\/site\/wp-content\/uploads\/2026\/09\/gabriel_jesus_barcelona_2026.jpg.webp\",\"width\":1170,\"height\":700},{\"@type\":\"BreadcrumbList\",\"@id\":\"https:\/\/jornalpontomais.com\/site\/2026\/09\/01\/barcelona-acerta-contratacao-de-gabriel-jesus-por-tres-temporadas\/#breadcrumb\",\"itemListElement\":[{\"@type\":\"ListItem\",\"position\":1,\"name\":\"In\u00edcio\",\"item\":\"https:\/\/jornalpontomais.com\/site\/\"},{\"@type\":\"ListItem\",\"position\":2,\"name\":\"Barcelona acerta contrata\u00e7\u00e3o de Gabriel Jesus por tr\u00eas temporadas\"}]},{\"@type\":\"WebSite\",\"@id\":\"https:\/\/jornalpontomais.com\/site\/#website\",\"url\":\"https:\/\/jornalpontomais.com\/site\/\",\"name\":\"Jornal Ponto Mais\",\"description\":\"As principais not\u00edcias do Brasil e do mundo. Confira!\",\"publisher\":{\"@id\":\"https:\/\/jornalpontomais.com\/site\/#organization\"},\"potentialAction\":[{\"@type\":\"SearchAction\",\"target\":{\"@type\":\"EntryPoint\",\"urlTemplate\":\"https:\/\/jornalpontomais.com\/site\/?s={search_term_string}\"},\"query-input\":{\"@type\":\"PropertyValueSpecification\",\"valueRequired\":true,\"valueName\":\"search_term_string\"}}],\"inLanguage\":\"pt-BR\"},{\"@type\":\"Organization\",\"@id\":\"https:\/\/jornalpontomais.com\/site\/#organization\",\"name\":\"Jornal Ponto+\",\"url\":\"https:\/\/jornalpontomais.com\/site\/\",\"logo\":{\"@type\":\"ImageObject\",\"inLanguage\":\"pt-BR\",\"@id\":\"https:\/\/jornalpontomais.com\/site\/#\/schema\/logo\/image\/\",\"url\":\"https:\/\/jornalpontomais.com\/site\/wp-content\/uploads\/2022\/01\/marca.png\",\"contentUrl\":\"https:\/\/jornalpontomais.com\/site\/wp-content\/uploads\/2022\/01\/marca.png\",\"width\":582,\"height\":148,\"caption\":\"Jornal Ponto+\"},\"image\":{\"@id\":\"https:\/\/jornalpontomais.com\/site\/#\/schema\/logo\/image\/\"}},{\"@type\":\"Person\",\"@id\":\"https:\/\/jornalpontomais.com\/site\/#\/schema\/person\/18323f0b0f1355f2490721c48389fe9d\",\"name\":\"Jornal Ponto Mais\",\"image\":{\"@type\":\"ImageObject\",\"inLanguage\":\"pt-BR\",\"@id\":\"https:\/\/secure.gravatar.com\/avatar\/2ee0a9b7fe10fe32bdec8bc086e871e41eb5f4f6ecbcb7b4f2fe0d92d831405f?s=96&d=mm&r=g\",\"url\":\"https:\/\/secure.gravatar.com\/avatar\/2ee0a9b7fe10fe32bdec8bc086e871e41eb5f4f6ecbcb7b4f2fe0d92d831405f?s=96&d=mm&r=g\",\"contentUrl\":\"https:\/\/secure.gravatar.com\/avatar\/2ee0a9b7fe10fe32bdec8bc086e871e41eb5f4f6ecbcb7b4f2fe0d92d831405f?s=96&d=mm&r=g\",\"caption\":\"Jornal Ponto Mais\"},\"sameAs\":[\"https:\/\/jornalpontomais.com\/site\",\"jornalpontomais\"],\"url\":\"https:\/\/jornalpontomais.com\/site\/author\/jornalpontomais\/\"}]}<\/script>\n<!-- \/ Yoast SEO plugin. -->","yoast_head_json":{"title":"Barcelona acerta contrata\u00e7\u00e3o de Gabriel Jesus por tr\u00eas temporadas - Jornal Ponto Mais","robots":{"index":"index","follow":"follow","max-snippet":"max-snippet:-1","max-image-preview":"max-image-preview:large","max-video-preview":"max-video-preview:-1"},"canonical":"https:\/\/jornalpontomais.com\/site\/2026\/09\/01\/barcelona-acerta-contratacao-de-gabriel-jesus-por-tres-temporadas\/","og_locale":"pt_BR","og_type":"article","og_title":"Barcelona acerta contrata\u00e7\u00e3o de Gabriel Jesus por tr\u00eas temporadas - Jornal Ponto Mais","og_description":"O Barcelona anunciou nesta ter\u00e7a-feira (1\u00ba) a contrata\u00e7\u00e3o do atacante brasileiro Gabriel Jesus, de 29 anos. O jogador deixa o Arsenal e assinou contrato por tr\u00eas temporadas com o atual campe\u00e3o espanhol. Os clubes n\u00e3o revelaram oficialmente os valores da negocia\u00e7\u00e3o. Segundo informa\u00e7\u00f5es da imprensa brit\u00e2nica citadas pela Ag\u00eancia Brasil, o Barcelona teria desembolsado cerca [&hellip;]","og_url":"https:\/\/jornalpontomais.com\/site\/2026\/09\/01\/barcelona-acerta-contratacao-de-gabriel-jesus-por-tres-temporadas\/","og_site_name":"Jornal Ponto Mais","article_published_time":"2026-09-01T16:07:00+00:00","article_modified_time":"2026-09-01T21:12:19+00:00","og_image":[{"width":1170,"height":700,"url":"https:\/\/jornalpontomais.com\/site\/wp-content\/uploads\/2026\/09\/gabriel_jesus_barcelona_2026.jpg.webp","type":"image\/webp"}],"author":"Jornal Ponto Mais","twitter_card":"summary_large_image","twitter_misc":{"Escrito por":"Jornal Ponto Mais","Est. tempo de leitura":"1 minuto"},"schema":{"@context":"https:\/\/schema.org","@graph":[{"@type":"Article","@id":"https:\/\/jornalpontomais.com\/site\/2026\/09\/01\/barcelona-acerta-contratacao-de-gabriel-jesus-por-tres-temporadas\/#article","isPartOf":{"@id":"https:\/\/jornalpontomais.com\/site\/2026\/09\/01\/barcelona-acerta-contratacao-de-gabriel-jesus-por-tres-temporadas\/"},"author":{"name":"Jornal Ponto Mais","@id":"https:\/\/jornalpontomais.com\/site\/#\/schema\/person\/18323f0b0f1355f2490721c48389fe9d"},"headline":"Barcelona acerta contrata\u00e7\u00e3o de Gabriel Jesus por tr\u00eas temporadas","datePublished":"2026-09-01T16:07:00+00:00","dateModified":"2026-09-01T21:12:19+00:00","mainEntityOfPage":{"@id":"https:\/\/jornalpontomais.com\/site\/2026\/09\/01\/barcelona-acerta-contratacao-de-gabriel-jesus-por-tres-temporadas\/"},"wordCount":258,"commentCount":0,"publisher":{"@id":"https:\/\/jornalpontomais.com\/site\/#organization"},"image":{"@id":"https:\/\/jornalpontomais.com\/site\/2026\/09\/01\/barcelona-acerta-contratacao-de-gabriel-jesus-por-tres-temporadas\/#primaryimage"},"thumbnailUrl":"https:\/\/jornalpontomais.com\/site\/wp-content\/uploads\/2026\/09\/gabriel_jesus_barcelona_2026.jpg.webp","articleSection":["Esporte"],"inLanguage":"pt-BR","potentialAction":[{"@type":"CommentAction","name":"Comment","target":["https:\/\/jornalpontomais.com\/site\/2026\/09\/01\/barcelona-acerta-contratacao-de-gabriel-jesus-por-tres-temporadas\/#respond"]}]},{"@type":"WebPage","@id":"https:\/\/jornalpontomais.com\/site\/2026\/09\/01\/barcelona-acerta-contratacao-de-gabriel-jesus-por-tres-temporadas\/","url":"https:\/\/jornalpontomais.com\/site\/2026\/09\/01\/barcelona-acerta-contratacao-de-gabriel-jesus-por-tres-temporadas\/","name":"Barcelona acerta contrata\u00e7\u00e3o de Gabriel Jesus por tr\u00eas temporadas - Jornal Ponto Mais","isPartOf":{"@id":"https:\/\/jornalpontomais.com\/site\/#website"},"primaryImageOfPage":{"@id":"https:\/\/jornalpontomais.com\/site\/2026\/09\/01\/barcelona-acerta-contratacao-de-gabriel-jesus-por-tres-temporadas\/#primaryimage"},"image":{"@id":"https:\/\/jornalpontomais.com\/site\/2026\/09\/01\/barcelona-acerta-contratacao-de-gabriel-jesus-por-tres-temporadas\/#primaryimage"},"thumbnailUrl":"https:\/\/jornalpontomais.com\/site\/wp-content\/uploads\/2026\/09\/gabriel_jesus_barcelona_2026.jpg.webp","datePublished":"2026-09-01T16:07:00+00:00","dateModified":"2026-09-01T21:12:19+00:00","breadcrumb":{"@id":"https:\/\/jornalpontomais.com\/site\/2026\/09\/01\/barcelona-acerta-contratacao-de-gabriel-jesus-por-tres-temporadas\/#breadcrumb"},"inLanguage":"pt-BR","potentialAction":[{"@type":"ReadAction","target":["https:\/\/jornalpontomais.com\/site\/2026\/09\/01\/barcelona-acerta-contratacao-de-gabriel-jesus-por-tres-temporadas\/"]}]},{"@type":"ImageObject","inLanguage":"pt-BR","@id":"https:\/\/jornalpontomais.com\/site\/2026\/09\/01\/barcelona-acerta-contratacao-de-gabriel-jesus-por-tres-temporadas\/#primaryimage","url":"https:\/\/jornalpontomais.com\/site\/wp-content\/uploads\/2026\/09\/gabriel_jesus_barcelona_2026.jpg.webp","contentUrl":"https:\/\/jornalpontomais.com\/site\/wp-content\/uploads\/2026\/09\/gabriel_jesus_barcelona_2026.jpg.webp","width":1170,"height":700},{"@type":"BreadcrumbList","@id":"https:\/\/jornalpontomais.com\/site\/2026\/09\/01\/barcelona-acerta-contratacao-de-gabriel-jesus-por-tres-temporadas\/#breadcrumb","itemListElement":[{"@type":"ListItem","position":1,"name":"In\u00edcio","item":"https:\/\/jornalpontomais.com\/site\/"},{"@type":"ListItem","position":2,"name":"Barcelona acerta contrata\u00e7\u00e3o de Gabriel Jesus por tr\u00eas temporadas"}]},{"@type":"WebSite","@id":"https:\/\/jornalpontomais.com\/site\/#website","url":"https:\/\/jornalpontomais.com\/site\/","name":"Jornal Ponto Mais","description":"As principais not\u00edcias do Brasil e do mundo. Confira!","publisher":{"@id":"https:\/\/jornalpontomais.com\/site\/#organization"},"potentialAction":[{"@type":"SearchAction","target":{"@type":"EntryPoint","urlTemplate":"https:\/\/jornalpontomais.com\/site\/?s={search_term_string}"},"query-input":{"@type":"PropertyValueSpecification","valueRequired":true,"valueName":"search_term_string"}}],"inLanguage":"pt-BR"},{"@type":"Organization","@id":"https:\/\/jornalpontomais.com\/site\/#organization","name":"Jornal Ponto+","url":"https:\/\/jornalpontomais.com\/site\/","logo":{"@type":"ImageObject","inLanguage":"pt-BR","@id":"https:\/\/jornalpontomais.com\/site\/#\/schema\/logo\/image\/","url":"https:\/\/jornalpontomais.com\/site\/wp-content\/uploads\/2022\/01\/marca.png","contentUrl":"https:\/\/jornalpontomais.com\/site\/wp-content\/uploads\/2022\/01\/marca.png","width":582,"height":148,"caption":"Jornal Ponto+"},"image":{"@id":"https:\/\/jornalpontomais.com\/site\/#\/schema\/logo\/image\/"}},{"@type":"Person","@id":"https:\/\/jornalpontomais.com\/site\/#\/schema\/person\/18323f0b0f1355f2490721c48389fe9d","name":"Jornal Ponto Mais","image":{"@type":"ImageObject","inLanguage":"pt-BR","@id":"https:\/\/secure.gravatar.com\/avatar\/2ee0a9b7fe10fe32bdec8bc086e871e41eb5f4f6ecbcb7b4f2fe0d92d831405f?s=96&d=mm&r=g","url":"https:\/\/secure.gravatar.com\/avatar\/2ee0a9b7fe10fe32bdec8bc086e871e41eb5f4f6ecbcb7b4f2fe0d92d831405f?s=96&d=mm&r=g","contentUrl":"https:\/\/secure.gravatar.com\/avatar\/2ee0a9b7fe10fe32bdec8bc086e871e41eb5f4f6ecbcb7b4f2fe0d92d831405f?s=96&d=mm&r=g","caption":"Jornal Ponto Mais"},"sameAs":["https:\/\/jornalpontomais.com\/site","jornalpontomais"],"url":"https:\/\/jornalpontomais.com\/site\/author\/jornalpontomais\/"}]}},"_links":{"self":[{"href":"https:\/\/jornalpontomais.com\/site\/wp-json\/wp\/v2\/posts\/25190","targetHints":{"allow":["GET"]}}],"collection":[{"href":"https:\/\/jornalpontomais.com\/site\/wp-json\/wp\/v2\/posts"}],"about":[{"href":"https:\/\/jornalpontomais.com\/site\/wp-json\/wp\/v2\/types\/post"}],"author":[{"embeddable":true,"href":"https:\/\/jornalpontomais.com\/site\/wp-json\/wp\/v2\/users\/2"}],"replies":[{"embeddable":true,"href":"https:\/\/jornalpontomais.com\/site\/wp-json\/wp\/v2\/comments?post=25190"}],"version-history":[{"count":1,"href":"https:\/\/jornalpontomais.com\/site\/wp-json\/wp\/v2\/posts\/25190\/revisions"}],"predecessor-version":[{"id":25192,"href":"https:\/\/jornalpontomais.com\/site\/wp-json\/wp\/v2\/posts\/25190\/revisions\/25192"}],"wp:featuredmedia":[{"embeddable":true,"href":"https:\/\/jornalpontomais.com\/site\/wp-json\/wp\/v2\/media\/25191"}],"wp:attachment":[{"href":"https:\/\/jornalpontomais.com\/site\/wp-json\/wp\/v2\/media?parent=25190"}],"wp:term":[{"taxonomy":"category","embeddable":true,"href":"https:\/\/jornalpontomais.com\/site\/wp-json\/wp\/v2\/categories?post=25190"},{"taxonomy":"post_tag","embeddable":true,"href":"https:\/\/jornalpontomais.com\/site\/wp-json\/wp\/v2\/tags?post=25190"}],"curies":[{"name":"wp","href":"https:\/\/api.w.org\/{rel}","templated":true}]}}