{"id":25167,"date":"2026-08-31T10:56:23","date_gmt":"2026-08-31T13:56:23","guid":{"rendered":"https:\/\/jornalpontomais.com\/site\/?p=25167"},"modified":"2026-08-31T10:56:37","modified_gmt":"2026-08-31T13:56:37","slug":"receita-paga-nesta-segunda-ultimo-lote-de-restituicao-do-ir-2026","status":"publish","type":"post","link":"https:\/\/jornalpontomais.com\/site\/2026\/08\/31\/receita-paga-nesta-segunda-ultimo-lote-de-restituicao-do-ir-2026\/","title":{"rendered":"Receita paga nesta segunda \u00faltimo lote de restitui\u00e7\u00e3o do IR 2026"},"content":{"rendered":"\n<p class=\"wp-block-paragraph\">Cerca de 500 mil contribuintes recebem, nesta segunda-feira (31), o quarto e \u00faltimo lote de restitui\u00e7\u00e3o do Imposto de Renda 2026.\u00a0Ao longo do dia, a Receita Federal liberar\u00e1 R$ 1,24 bilh\u00e3o a 521.935 pessoas. O pagamento tamb\u00e9m contempla restitui\u00e7\u00f5es residuais de anos anteriores.<img decoding=\"async\" src=\"https:\/\/agenciabrasil.ebc.com.br\/ebc.png?id=1700817&amp;o=node\"><img decoding=\"async\" src=\"https:\/\/agenciabrasil.ebc.com.br\/ebc.gif?id=1700817&amp;o=node\"><br><br><\/p>\n\n\n\n<p class=\"wp-block-paragraph\">A consulta est\u00e1 dispon\u00edvel desde o \u00faltimo dia 24,\u00a0<a href=\"https:\/\/www.gov.br\/receitafederal\/pt-br\" target=\"_blank\" rel=\"noreferrer noopener\">na p\u00e1gina da Receita Federal na internet<\/a>.\u00a0Basta o contribuinte clicar em \u201cMeu Imposto de Renda\u201d e, em seguida, no bot\u00e3o \u201cConsultar a Restitui\u00e7\u00e3o\u201d. Tamb\u00e9m \u00e9 poss\u00edvel fazer a consulta no aplicativo da Receita Federal para tablets e smartphones.<br><br><\/p>\n\n\n\n<p class=\"wp-block-paragraph\">Do R$ 1,24 bilh\u00e3o desse lote, R$ 704,12 milh\u00f5es ir\u00e3o para contribuintes com prioridade legal no reembolso.<br><br><\/p>\n\n\n\n<p class=\"wp-block-paragraph\">As restitui\u00e7\u00f5es est\u00e3o distribu\u00eddas da seguinte forma:<\/p>\n\n\n\n<ul class=\"wp-block-list\">\n<li>338.912 contribuintes que usaram a declara\u00e7\u00e3o pr\u00e9-preenchida e\/ou optaram simultaneamente por receber a restitui\u00e7\u00e3o via Pix (prioridade n\u00e3o determinada por lei);<\/li>\n\n\n\n<li>86.873 contribuintes de 60 a 79 anos (prioridade legal);<\/li>\n\n\n\n<li>43.502 contribuintes n\u00e3o priorit\u00e1rios;<\/li>\n\n\n\n<li>26.769 contribuintes cuja maior fonte de renda seja o magist\u00e9rio (prioridade legal);<\/li>\n\n\n\n<li>16.850 contribuintes acima de 80 anos (prioridade legal);<\/li>\n\n\n\n<li>9.029 contribuintes com defici\u00eancia f\u00edsica ou mental ou doen\u00e7a grave (prioridade legal).<br><br><\/li>\n<\/ul>\n\n\n\n<p class=\"wp-block-paragraph\"><strong>Menos lotes<\/strong><\/p>\n\n\n\n<p class=\"wp-block-paragraph\">Neste ano, a Receita reduziu de cinco para quatro o n\u00famero de lotes regulares de restitui\u00e7\u00f5es da declara\u00e7\u00e3o, com pagamentos no fim de maio, de junho, de julho e de agosto.<br><br><\/p>\n\n\n\n<p class=\"wp-block-paragraph\">Os dois primeiros lotes de 2026, de maio e de junho, representaram 80% das restitui\u00e7\u00f5es previstas para serem pagas este ano, tanto em valores quanto em n\u00famero de contribuintes. Segundo o Fisco,\u00a0a agilidade no processamento das declara\u00e7\u00f5es e no avan\u00e7o das ferramentas de moderniza\u00e7\u00e3o e automa\u00e7\u00e3o permitiram a concentra\u00e7\u00e3o dos pagamentos nos dois primeiros lotes.<br><br><\/p>\n\n\n\n<p class=\"wp-block-paragraph\"><strong>Pagamento<\/strong><\/p>\n\n\n\n<p class=\"wp-block-paragraph\">O pagamento ser\u00e1 feito na conta ou na chave Pix do tipo CPF informada na declara\u00e7\u00e3o do Imposto de Renda. Caso o contribuinte n\u00e3o esteja na lista, dever\u00e1 entrar no\u00a0<a href=\"https:\/\/cav.receita.fazenda.gov.br\/\" target=\"_blank\" rel=\"noreferrer noopener\">Centro Virtual de Atendimento ao Contribuinte (e-CAC)<\/a>\u00a0e tirar o extrato da declara\u00e7\u00e3o. Se verificar uma pend\u00eancia, pode enviar uma declara\u00e7\u00e3o retificadora e esperar os pr\u00f3ximos lotes.<br><br><\/p>\n\n\n\n<p class=\"wp-block-paragraph\">Se, por algum motivo, a restitui\u00e7\u00e3o n\u00e3o for depositada na conta informada na declara\u00e7\u00e3o, como no caso de conta desativada, os valores ficar\u00e3o dispon\u00edveis para resgate por at\u00e9 um ano no Banco do Brasil.<br><br><\/p>\n\n\n\n<p class=\"wp-block-paragraph\">Nesse caso, o cidad\u00e3o poder\u00e1 agendar o cr\u00e9dito em qualquer conta banc\u00e1ria em seu nome, por meio do&nbsp;<a href=\"https:\/\/www.bb.com.br\/irpf\" target=\"_blank\" rel=\"noreferrer noopener\">Portal BB<\/a>&nbsp;ou ligando para a Central de Relacionamento do banco, nos telefones 4004-0001 (capitais), 0800-729-0001 (demais localidades) e 0800-729-0088 (telefone especial exclusivo para deficientes auditivos).<\/p>\n\n\n\n<p class=\"wp-block-paragraph\">Caso o contribuinte n\u00e3o resgate o valor de sua restitui\u00e7\u00e3o depois de um ano, dever\u00e1 requerer o valor no Portal e-CAC. Ao entrar na p\u00e1gina, o cidad\u00e3o deve acessando o menu \u201cDeclara\u00e7\u00f5es e Demonstrativos\u201d, clicar em \u201cMeu Imposto de Renda\u201d e, em seguida, no campo &#8220;Solicitar restitui\u00e7\u00e3o n\u00e3o resgatada na rede banc\u00e1ria&#8221;.<\/p>\n","protected":false},"excerpt":{"rendered":"<p>Cerca de 500 mil contribuintes recebem, nesta segunda-feira (31), o quarto e \u00faltimo lote de restitui\u00e7\u00e3o do Imposto de Renda 2026.\u00a0Ao longo do dia, a Receita Federal liberar\u00e1 R$ 1,24 bilh\u00e3o a 521.935 pessoas. O pagamento tamb\u00e9m contempla restitui\u00e7\u00f5es residuais de anos anteriores. A consulta est\u00e1 dispon\u00edvel desde o \u00faltimo dia 24,\u00a0na p\u00e1gina da Receita [&hellip;]<\/p>\n","protected":false},"author":2,"featured_media":25168,"comment_status":"open","ping_status":"open","sticky":true,"template":"","format":"standard","meta":{"om_disable_all_campaigns":false,"_monsterinsights_skip_tracking":false,"_monsterinsights_sitenote_active":false,"_monsterinsights_sitenote_note":"","_monsterinsights_sitenote_category":0,"footnotes":""},"categories":[37],"tags":[],"class_list":["post-25167","post","type-post","status-publish","format-standard","has-post-thumbnail","hentry","category-economia"],"yoast_head":"<!-- This site is optimized with the Yoast SEO plugin v27.2 - https:\/\/yoast.com\/product\/yoast-seo-wordpress\/ -->\n<title>Receita paga nesta segunda \u00faltimo lote de restitui\u00e7\u00e3o do IR 2026 - Jornal Ponto Mais<\/title>\n<meta name=\"robots\" content=\"index, follow, max-snippet:-1, max-image-preview:large, max-video-preview:-1\" \/>\n<link rel=\"canonical\" href=\"https:\/\/jornalpontomais.com\/site\/2026\/08\/31\/receita-paga-nesta-segunda-ultimo-lote-de-restituicao-do-ir-2026\/\" \/>\n<meta property=\"og:locale\" content=\"pt_BR\" \/>\n<meta property=\"og:type\" content=\"article\" \/>\n<meta property=\"og:title\" content=\"Receita paga nesta segunda \u00faltimo lote de restitui\u00e7\u00e3o do IR 2026 - Jornal Ponto Mais\" \/>\n<meta property=\"og:description\" content=\"Cerca de 500 mil contribuintes recebem, nesta segunda-feira (31), o quarto e \u00faltimo lote de restitui\u00e7\u00e3o do Imposto de Renda 2026.\u00a0Ao longo do dia, a Receita Federal liberar\u00e1 R$ 1,24 bilh\u00e3o a 521.935 pessoas. O pagamento tamb\u00e9m contempla restitui\u00e7\u00f5es residuais de anos anteriores. A consulta est\u00e1 dispon\u00edvel desde o \u00faltimo dia 24,\u00a0na p\u00e1gina da Receita [&hellip;]\" \/>\n<meta property=\"og:url\" content=\"https:\/\/jornalpontomais.com\/site\/2026\/08\/31\/receita-paga-nesta-segunda-ultimo-lote-de-restituicao-do-ir-2026\/\" \/>\n<meta property=\"og:site_name\" content=\"Jornal Ponto Mais\" \/>\n<meta property=\"article:published_time\" content=\"2026-08-31T13:56:23+00:00\" \/>\n<meta property=\"article:modified_time\" content=\"2026-08-31T13:56:37+00:00\" \/>\n<meta property=\"og:image\" content=\"https:\/\/jornalpontomais.com\/site\/wp-content\/uploads\/2026\/08\/mcam20022020.webp\" \/>\n\t<meta property=\"og:image:width\" content=\"1170\" \/>\n\t<meta property=\"og:image:height\" content=\"700\" \/>\n\t<meta property=\"og:image:type\" content=\"image\/webp\" \/>\n<meta name=\"author\" content=\"Jornal Ponto Mais\" \/>\n<meta name=\"twitter:card\" content=\"summary_large_image\" \/>\n<meta name=\"twitter:label1\" content=\"Escrito por\" \/>\n\t<meta name=\"twitter:data1\" content=\"Jornal Ponto Mais\" \/>\n\t<meta name=\"twitter:label2\" content=\"Est. tempo de leitura\" \/>\n\t<meta name=\"twitter:data2\" content=\"3 minutos\" \/>\n<script type=\"application\/ld+json\" class=\"yoast-schema-graph\">{\"@context\":\"https:\/\/schema.org\",\"@graph\":[{\"@type\":\"Article\",\"@id\":\"https:\/\/jornalpontomais.com\/site\/2026\/08\/31\/receita-paga-nesta-segunda-ultimo-lote-de-restituicao-do-ir-2026\/#article\",\"isPartOf\":{\"@id\":\"https:\/\/jornalpontomais.com\/site\/2026\/08\/31\/receita-paga-nesta-segunda-ultimo-lote-de-restituicao-do-ir-2026\/\"},\"author\":{\"name\":\"Jornal Ponto Mais\",\"@id\":\"https:\/\/jornalpontomais.com\/site\/#\/schema\/person\/18323f0b0f1355f2490721c48389fe9d\"},\"headline\":\"Receita paga nesta segunda \u00faltimo lote de restitui\u00e7\u00e3o do IR 2026\",\"datePublished\":\"2026-08-31T13:56:23+00:00\",\"dateModified\":\"2026-08-31T13:56:37+00:00\",\"mainEntityOfPage\":{\"@id\":\"https:\/\/jornalpontomais.com\/site\/2026\/08\/31\/receita-paga-nesta-segunda-ultimo-lote-de-restituicao-do-ir-2026\/\"},\"wordCount\":513,\"commentCount\":0,\"publisher\":{\"@id\":\"https:\/\/jornalpontomais.com\/site\/#organization\"},\"image\":{\"@id\":\"https:\/\/jornalpontomais.com\/site\/2026\/08\/31\/receita-paga-nesta-segunda-ultimo-lote-de-restituicao-do-ir-2026\/#primaryimage\"},\"thumbnailUrl\":\"https:\/\/jornalpontomais.com\/site\/wp-content\/uploads\/2026\/08\/mcam20022020.webp\",\"articleSection\":[\"Economia\"],\"inLanguage\":\"pt-BR\",\"potentialAction\":[{\"@type\":\"CommentAction\",\"name\":\"Comment\",\"target\":[\"https:\/\/jornalpontomais.com\/site\/2026\/08\/31\/receita-paga-nesta-segunda-ultimo-lote-de-restituicao-do-ir-2026\/#respond\"]}]},{\"@type\":\"WebPage\",\"@id\":\"https:\/\/jornalpontomais.com\/site\/2026\/08\/31\/receita-paga-nesta-segunda-ultimo-lote-de-restituicao-do-ir-2026\/\",\"url\":\"https:\/\/jornalpontomais.com\/site\/2026\/08\/31\/receita-paga-nesta-segunda-ultimo-lote-de-restituicao-do-ir-2026\/\",\"name\":\"Receita paga nesta segunda \u00faltimo lote de restitui\u00e7\u00e3o do IR 2026 - Jornal Ponto Mais\",\"isPartOf\":{\"@id\":\"https:\/\/jornalpontomais.com\/site\/#website\"},\"primaryImageOfPage\":{\"@id\":\"https:\/\/jornalpontomais.com\/site\/2026\/08\/31\/receita-paga-nesta-segunda-ultimo-lote-de-restituicao-do-ir-2026\/#primaryimage\"},\"image\":{\"@id\":\"https:\/\/jornalpontomais.com\/site\/2026\/08\/31\/receita-paga-nesta-segunda-ultimo-lote-de-restituicao-do-ir-2026\/#primaryimage\"},\"thumbnailUrl\":\"https:\/\/jornalpontomais.com\/site\/wp-content\/uploads\/2026\/08\/mcam20022020.webp\",\"datePublished\":\"2026-08-31T13:56:23+00:00\",\"dateModified\":\"2026-08-31T13:56:37+00:00\",\"breadcrumb\":{\"@id\":\"https:\/\/jornalpontomais.com\/site\/2026\/08\/31\/receita-paga-nesta-segunda-ultimo-lote-de-restituicao-do-ir-2026\/#breadcrumb\"},\"inLanguage\":\"pt-BR\",\"potentialAction\":[{\"@type\":\"ReadAction\",\"target\":[\"https:\/\/jornalpontomais.com\/site\/2026\/08\/31\/receita-paga-nesta-segunda-ultimo-lote-de-restituicao-do-ir-2026\/\"]}]},{\"@type\":\"ImageObject\",\"inLanguage\":\"pt-BR\",\"@id\":\"https:\/\/jornalpontomais.com\/site\/2026\/08\/31\/receita-paga-nesta-segunda-ultimo-lote-de-restituicao-do-ir-2026\/#primaryimage\",\"url\":\"https:\/\/jornalpontomais.com\/site\/wp-content\/uploads\/2026\/08\/mcam20022020.webp\",\"contentUrl\":\"https:\/\/jornalpontomais.com\/site\/wp-content\/uploads\/2026\/08\/mcam20022020.webp\",\"width\":1170,\"height\":700},{\"@type\":\"BreadcrumbList\",\"@id\":\"https:\/\/jornalpontomais.com\/site\/2026\/08\/31\/receita-paga-nesta-segunda-ultimo-lote-de-restituicao-do-ir-2026\/#breadcrumb\",\"itemListElement\":[{\"@type\":\"ListItem\",\"position\":1,\"name\":\"In\u00edcio\",\"item\":\"https:\/\/jornalpontomais.com\/site\/\"},{\"@type\":\"ListItem\",\"position\":2,\"name\":\"Receita paga nesta segunda \u00faltimo lote de restitui\u00e7\u00e3o do IR 2026\"}]},{\"@type\":\"WebSite\",\"@id\":\"https:\/\/jornalpontomais.com\/site\/#website\",\"url\":\"https:\/\/jornalpontomais.com\/site\/\",\"name\":\"Jornal Ponto Mais\",\"description\":\"As principais not\u00edcias do Brasil e do mundo. Confira!\",\"publisher\":{\"@id\":\"https:\/\/jornalpontomais.com\/site\/#organization\"},\"potentialAction\":[{\"@type\":\"SearchAction\",\"target\":{\"@type\":\"EntryPoint\",\"urlTemplate\":\"https:\/\/jornalpontomais.com\/site\/?s={search_term_string}\"},\"query-input\":{\"@type\":\"PropertyValueSpecification\",\"valueRequired\":true,\"valueName\":\"search_term_string\"}}],\"inLanguage\":\"pt-BR\"},{\"@type\":\"Organization\",\"@id\":\"https:\/\/jornalpontomais.com\/site\/#organization\",\"name\":\"Jornal Ponto+\",\"url\":\"https:\/\/jornalpontomais.com\/site\/\",\"logo\":{\"@type\":\"ImageObject\",\"inLanguage\":\"pt-BR\",\"@id\":\"https:\/\/jornalpontomais.com\/site\/#\/schema\/logo\/image\/\",\"url\":\"https:\/\/jornalpontomais.com\/site\/wp-content\/uploads\/2022\/01\/marca.png\",\"contentUrl\":\"https:\/\/jornalpontomais.com\/site\/wp-content\/uploads\/2022\/01\/marca.png\",\"width\":582,\"height\":148,\"caption\":\"Jornal Ponto+\"},\"image\":{\"@id\":\"https:\/\/jornalpontomais.com\/site\/#\/schema\/logo\/image\/\"}},{\"@type\":\"Person\",\"@id\":\"https:\/\/jornalpontomais.com\/site\/#\/schema\/person\/18323f0b0f1355f2490721c48389fe9d\",\"name\":\"Jornal Ponto Mais\",\"image\":{\"@type\":\"ImageObject\",\"inLanguage\":\"pt-BR\",\"@id\":\"https:\/\/secure.gravatar.com\/avatar\/2ee0a9b7fe10fe32bdec8bc086e871e41eb5f4f6ecbcb7b4f2fe0d92d831405f?s=96&d=mm&r=g\",\"url\":\"https:\/\/secure.gravatar.com\/avatar\/2ee0a9b7fe10fe32bdec8bc086e871e41eb5f4f6ecbcb7b4f2fe0d92d831405f?s=96&d=mm&r=g\",\"contentUrl\":\"https:\/\/secure.gravatar.com\/avatar\/2ee0a9b7fe10fe32bdec8bc086e871e41eb5f4f6ecbcb7b4f2fe0d92d831405f?s=96&d=mm&r=g\",\"caption\":\"Jornal Ponto Mais\"},\"sameAs\":[\"https:\/\/jornalpontomais.com\/site\",\"jornalpontomais\"],\"url\":\"https:\/\/jornalpontomais.com\/site\/author\/jornalpontomais\/\"}]}<\/script>\n<!-- \/ Yoast SEO plugin. -->","yoast_head_json":{"title":"Receita paga nesta segunda \u00faltimo lote de restitui\u00e7\u00e3o do IR 2026 - Jornal Ponto Mais","robots":{"index":"index","follow":"follow","max-snippet":"max-snippet:-1","max-image-preview":"max-image-preview:large","max-video-preview":"max-video-preview:-1"},"canonical":"https:\/\/jornalpontomais.com\/site\/2026\/08\/31\/receita-paga-nesta-segunda-ultimo-lote-de-restituicao-do-ir-2026\/","og_locale":"pt_BR","og_type":"article","og_title":"Receita paga nesta segunda \u00faltimo lote de restitui\u00e7\u00e3o do IR 2026 - Jornal Ponto Mais","og_description":"Cerca de 500 mil contribuintes recebem, nesta segunda-feira (31), o quarto e \u00faltimo lote de restitui\u00e7\u00e3o do Imposto de Renda 2026.\u00a0Ao longo do dia, a Receita Federal liberar\u00e1 R$ 1,24 bilh\u00e3o a 521.935 pessoas. O pagamento tamb\u00e9m contempla restitui\u00e7\u00f5es residuais de anos anteriores. A consulta est\u00e1 dispon\u00edvel desde o \u00faltimo dia 24,\u00a0na p\u00e1gina da Receita [&hellip;]","og_url":"https:\/\/jornalpontomais.com\/site\/2026\/08\/31\/receita-paga-nesta-segunda-ultimo-lote-de-restituicao-do-ir-2026\/","og_site_name":"Jornal Ponto Mais","article_published_time":"2026-08-31T13:56:23+00:00","article_modified_time":"2026-08-31T13:56:37+00:00","og_image":[{"width":1170,"height":700,"url":"https:\/\/jornalpontomais.com\/site\/wp-content\/uploads\/2026\/08\/mcam20022020.webp","type":"image\/webp"}],"author":"Jornal Ponto Mais","twitter_card":"summary_large_image","twitter_misc":{"Escrito por":"Jornal Ponto Mais","Est. tempo de leitura":"3 minutos"},"schema":{"@context":"https:\/\/schema.org","@graph":[{"@type":"Article","@id":"https:\/\/jornalpontomais.com\/site\/2026\/08\/31\/receita-paga-nesta-segunda-ultimo-lote-de-restituicao-do-ir-2026\/#article","isPartOf":{"@id":"https:\/\/jornalpontomais.com\/site\/2026\/08\/31\/receita-paga-nesta-segunda-ultimo-lote-de-restituicao-do-ir-2026\/"},"author":{"name":"Jornal Ponto Mais","@id":"https:\/\/jornalpontomais.com\/site\/#\/schema\/person\/18323f0b0f1355f2490721c48389fe9d"},"headline":"Receita paga nesta segunda \u00faltimo lote de restitui\u00e7\u00e3o do IR 2026","datePublished":"2026-08-31T13:56:23+00:00","dateModified":"2026-08-31T13:56:37+00:00","mainEntityOfPage":{"@id":"https:\/\/jornalpontomais.com\/site\/2026\/08\/31\/receita-paga-nesta-segunda-ultimo-lote-de-restituicao-do-ir-2026\/"},"wordCount":513,"commentCount":0,"publisher":{"@id":"https:\/\/jornalpontomais.com\/site\/#organization"},"image":{"@id":"https:\/\/jornalpontomais.com\/site\/2026\/08\/31\/receita-paga-nesta-segunda-ultimo-lote-de-restituicao-do-ir-2026\/#primaryimage"},"thumbnailUrl":"https:\/\/jornalpontomais.com\/site\/wp-content\/uploads\/2026\/08\/mcam20022020.webp","articleSection":["Economia"],"inLanguage":"pt-BR","potentialAction":[{"@type":"CommentAction","name":"Comment","target":["https:\/\/jornalpontomais.com\/site\/2026\/08\/31\/receita-paga-nesta-segunda-ultimo-lote-de-restituicao-do-ir-2026\/#respond"]}]},{"@type":"WebPage","@id":"https:\/\/jornalpontomais.com\/site\/2026\/08\/31\/receita-paga-nesta-segunda-ultimo-lote-de-restituicao-do-ir-2026\/","url":"https:\/\/jornalpontomais.com\/site\/2026\/08\/31\/receita-paga-nesta-segunda-ultimo-lote-de-restituicao-do-ir-2026\/","name":"Receita paga nesta segunda \u00faltimo lote de restitui\u00e7\u00e3o do IR 2026 - Jornal Ponto Mais","isPartOf":{"@id":"https:\/\/jornalpontomais.com\/site\/#website"},"primaryImageOfPage":{"@id":"https:\/\/jornalpontomais.com\/site\/2026\/08\/31\/receita-paga-nesta-segunda-ultimo-lote-de-restituicao-do-ir-2026\/#primaryimage"},"image":{"@id":"https:\/\/jornalpontomais.com\/site\/2026\/08\/31\/receita-paga-nesta-segunda-ultimo-lote-de-restituicao-do-ir-2026\/#primaryimage"},"thumbnailUrl":"https:\/\/jornalpontomais.com\/site\/wp-content\/uploads\/2026\/08\/mcam20022020.webp","datePublished":"2026-08-31T13:56:23+00:00","dateModified":"2026-08-31T13:56:37+00:00","breadcrumb":{"@id":"https:\/\/jornalpontomais.com\/site\/2026\/08\/31\/receita-paga-nesta-segunda-ultimo-lote-de-restituicao-do-ir-2026\/#breadcrumb"},"inLanguage":"pt-BR","potentialAction":[{"@type":"ReadAction","target":["https:\/\/jornalpontomais.com\/site\/2026\/08\/31\/receita-paga-nesta-segunda-ultimo-lote-de-restituicao-do-ir-2026\/"]}]},{"@type":"ImageObject","inLanguage":"pt-BR","@id":"https:\/\/jornalpontomais.com\/site\/2026\/08\/31\/receita-paga-nesta-segunda-ultimo-lote-de-restituicao-do-ir-2026\/#primaryimage","url":"https:\/\/jornalpontomais.com\/site\/wp-content\/uploads\/2026\/08\/mcam20022020.webp","contentUrl":"https:\/\/jornalpontomais.com\/site\/wp-content\/uploads\/2026\/08\/mcam20022020.webp","width":1170,"height":700},{"@type":"BreadcrumbList","@id":"https:\/\/jornalpontomais.com\/site\/2026\/08\/31\/receita-paga-nesta-segunda-ultimo-lote-de-restituicao-do-ir-2026\/#breadcrumb","itemListElement":[{"@type":"ListItem","position":1,"name":"In\u00edcio","item":"https:\/\/jornalpontomais.com\/site\/"},{"@type":"ListItem","position":2,"name":"Receita paga nesta segunda \u00faltimo lote de restitui\u00e7\u00e3o do IR 2026"}]},{"@type":"WebSite","@id":"https:\/\/jornalpontomais.com\/site\/#website","url":"https:\/\/jornalpontomais.com\/site\/","name":"Jornal Ponto Mais","description":"As principais not\u00edcias do Brasil e do mundo. Confira!","publisher":{"@id":"https:\/\/jornalpontomais.com\/site\/#organization"},"potentialAction":[{"@type":"SearchAction","target":{"@type":"EntryPoint","urlTemplate":"https:\/\/jornalpontomais.com\/site\/?s={search_term_string}"},"query-input":{"@type":"PropertyValueSpecification","valueRequired":true,"valueName":"search_term_string"}}],"inLanguage":"pt-BR"},{"@type":"Organization","@id":"https:\/\/jornalpontomais.com\/site\/#organization","name":"Jornal Ponto+","url":"https:\/\/jornalpontomais.com\/site\/","logo":{"@type":"ImageObject","inLanguage":"pt-BR","@id":"https:\/\/jornalpontomais.com\/site\/#\/schema\/logo\/image\/","url":"https:\/\/jornalpontomais.com\/site\/wp-content\/uploads\/2022\/01\/marca.png","contentUrl":"https:\/\/jornalpontomais.com\/site\/wp-content\/uploads\/2022\/01\/marca.png","width":582,"height":148,"caption":"Jornal Ponto+"},"image":{"@id":"https:\/\/jornalpontomais.com\/site\/#\/schema\/logo\/image\/"}},{"@type":"Person","@id":"https:\/\/jornalpontomais.com\/site\/#\/schema\/person\/18323f0b0f1355f2490721c48389fe9d","name":"Jornal Ponto Mais","image":{"@type":"ImageObject","inLanguage":"pt-BR","@id":"https:\/\/secure.gravatar.com\/avatar\/2ee0a9b7fe10fe32bdec8bc086e871e41eb5f4f6ecbcb7b4f2fe0d92d831405f?s=96&d=mm&r=g","url":"https:\/\/secure.gravatar.com\/avatar\/2ee0a9b7fe10fe32bdec8bc086e871e41eb5f4f6ecbcb7b4f2fe0d92d831405f?s=96&d=mm&r=g","contentUrl":"https:\/\/secure.gravatar.com\/avatar\/2ee0a9b7fe10fe32bdec8bc086e871e41eb5f4f6ecbcb7b4f2fe0d92d831405f?s=96&d=mm&r=g","caption":"Jornal Ponto Mais"},"sameAs":["https:\/\/jornalpontomais.com\/site","jornalpontomais"],"url":"https:\/\/jornalpontomais.com\/site\/author\/jornalpontomais\/"}]}},"_links":{"self":[{"href":"https:\/\/jornalpontomais.com\/site\/wp-json\/wp\/v2\/posts\/25167","targetHints":{"allow":["GET"]}}],"collection":[{"href":"https:\/\/jornalpontomais.com\/site\/wp-json\/wp\/v2\/posts"}],"about":[{"href":"https:\/\/jornalpontomais.com\/site\/wp-json\/wp\/v2\/types\/post"}],"author":[{"embeddable":true,"href":"https:\/\/jornalpontomais.com\/site\/wp-json\/wp\/v2\/users\/2"}],"replies":[{"embeddable":true,"href":"https:\/\/jornalpontomais.com\/site\/wp-json\/wp\/v2\/comments?post=25167"}],"version-history":[{"count":1,"href":"https:\/\/jornalpontomais.com\/site\/wp-json\/wp\/v2\/posts\/25167\/revisions"}],"predecessor-version":[{"id":25169,"href":"https:\/\/jornalpontomais.com\/site\/wp-json\/wp\/v2\/posts\/25167\/revisions\/25169"}],"wp:featuredmedia":[{"embeddable":true,"href":"https:\/\/jornalpontomais.com\/site\/wp-json\/wp\/v2\/media\/25168"}],"wp:attachment":[{"href":"https:\/\/jornalpontomais.com\/site\/wp-json\/wp\/v2\/media?parent=25167"}],"wp:term":[{"taxonomy":"category","embeddable":true,"href":"https:\/\/jornalpontomais.com\/site\/wp-json\/wp\/v2\/categories?post=25167"},{"taxonomy":"post_tag","embeddable":true,"href":"https:\/\/jornalpontomais.com\/site\/wp-json\/wp\/v2\/tags?post=25167"}],"curies":[{"name":"wp","href":"https:\/\/api.w.org\/{rel}","templated":true}]}}