{"id":25164,"date":"2026-09-01T08:54:14","date_gmt":"2026-09-01T11:54:14","guid":{"rendered":"https:\/\/jornalpontomais.com\/site\/?p=25164"},"modified":"2026-08-31T10:57:16","modified_gmt":"2026-08-31T13:57:16","slug":"quedas-e-queimaduras-lideram-internacoes-de-criancas-e-adolescentes-por-acidentes-no-brasil","status":"publish","type":"post","link":"https:\/\/jornalpontomais.com\/site\/2026\/09\/01\/quedas-e-queimaduras-lideram-internacoes-de-criancas-e-adolescentes-por-acidentes-no-brasil\/","title":{"rendered":"Quedas e queimaduras lideram interna\u00e7\u00f5es de crian\u00e7as e adolescentes por acidentes no Brasil"},"content":{"rendered":"\n<p class=\"wp-block-paragraph\">Quedas e queimaduras foram as principais causas de hospitaliza\u00e7\u00e3o por acidentes entre crian\u00e7as e adolescentes de at\u00e9 14 anos no Brasil em 2025. Mais de 55 mil interna\u00e7\u00f5es foram provocadas por quedas, o equivalente a 43,4% dos casos mapeados, enquanto as queimaduras levaram mais de 25 mil crian\u00e7as e adolescentes aos hospitais, representando 19,6%.<br><br><\/p>\n\n\n\n<p class=\"wp-block-paragraph\">Os dados fazem parte de levantamento do Projeto Crian\u00e7a Segura, da ONG Aldeias Infantis SOS, elaborado a partir de informa\u00e7\u00f5es dispon\u00edveis no DataSUS.<br><br><\/p>\n\n\n\n<p class=\"wp-block-paragraph\">Ao longo de 2025, o Brasil registrou mais de 1,6 milh\u00e3o de hospitaliza\u00e7\u00f5es por acidentes, considerando todas as idades. Desse total, 162 mil envolveram pessoas de at\u00e9 14 anos. O Projeto Crian\u00e7a Segura mapeou 128,5 mil dessas ocorr\u00eancias.<br><br><\/p>\n\n\n\n<p class=\"wp-block-paragraph\">A m\u00e9dia foi de aproximadamente 10,7 mil crian\u00e7as e adolescentes hospitalizados por m\u00eas em raz\u00e3o de acidentes. Em n\u00fameros absolutos, S\u00e3o Paulo liderou os registros, com 19.837 interna\u00e7\u00f5es, seguido por Minas Gerais, com 12.183, e Paran\u00e1, com 10.708.<br><br><\/p>\n\n\n\n<p class=\"wp-block-paragraph\"><strong>Tocantins tem segunda maior taxa de interna\u00e7\u00f5es<\/strong><\/p>\n\n\n\n<p class=\"wp-block-paragraph\">Quando os n\u00fameros s\u00e3o analisados proporcionalmente \u00e0 popula\u00e7\u00e3o, o cen\u00e1rio muda. O Par\u00e1 apresentou a maior taxa do pa\u00eds, com 120 hospitaliza\u00e7\u00f5es para cada 100 mil habitantes. O Tocantins aparece em segundo lugar, com 113 interna\u00e7\u00f5es por 100 mil habitantes, seguido pelo Maranh\u00e3o, com 102.<br><br><\/p>\n\n\n\n<p class=\"wp-block-paragraph\">Na outra ponta est\u00e3o Rio de Janeiro, com taxa de 43; Rio Grande do Norte, com 39; e Sergipe, com 13 hospitaliza\u00e7\u00f5es para cada 100 mil habitantes.<br><br><\/p>\n\n\n\n<p class=\"wp-block-paragraph\">O relat\u00f3rio alerta que quedas, queimaduras, acidentes de tr\u00e2nsito, intoxica\u00e7\u00f5es, sufoca\u00e7\u00f5es e afogamentos permanecem entre as principais causas de hospitaliza\u00e7\u00e3o infantil e destaca a necessidade de ampliar a\u00e7\u00f5es de preven\u00e7\u00e3o, educa\u00e7\u00e3o e seguran\u00e7a.<br><br><\/p>\n\n\n\n<p class=\"wp-block-paragraph\"><strong>Acidentes de tr\u00e2nsito aparecem em terceiro lugar<\/strong><\/p>\n\n\n\n<p class=\"wp-block-paragraph\">Depois das quedas e queimaduras, os acidentes de tr\u00e2nsito foram a terceira principal causa, com 12,6 mil interna\u00e7\u00f5es, ou 9,9% dos registros. Metade dessas ocorr\u00eancias envolveu crian\u00e7as e adolescentes entre 10 e 14 anos.<br><br><\/p>\n\n\n\n<p class=\"wp-block-paragraph\">Tamb\u00e9m foram contabilizadas 4,2 mil interna\u00e7\u00f5es por intoxica\u00e7\u00e3o, al\u00e9m de 644 casos de sufoca\u00e7\u00e3o, 261 por afogamentos e 70 relacionados a armas de fogo.<br><br><\/p>\n\n\n\n<p class=\"wp-block-paragraph\">O levantamento mostra ainda uma tend\u00eancia de crescimento das interna\u00e7\u00f5es por acidentes. Houve aumento de 2,2% em 2024 na compara\u00e7\u00e3o com 2023 e de 5,4% em 2025 em rela\u00e7\u00e3o a 2024. No acumulado dos tr\u00eas anos, o crescimento foi de 7,7%, representando 9.221 hospitaliza\u00e7\u00f5es a mais.<br><br><\/p>\n\n\n\n<p class=\"wp-block-paragraph\">Entre 2024 e 2025, as maiores altas ocorreram nas interna\u00e7\u00f5es por intoxica\u00e7\u00f5es, que cresceram 19,7%; sufoca\u00e7\u00f5es, 10,8%; e queimaduras, 7,4%. Os acidentes envolvendo armas de fogo foram a \u00fanica categoria a apresentar redu\u00e7\u00e3o, de 13,6%.<br><br><\/p>\n\n\n\n<p class=\"wp-block-paragraph\"><strong>Preven\u00e7\u00e3o pode evitar maioria dos acidentes<\/strong><\/p>\n\n\n\n<p class=\"wp-block-paragraph\">O relat\u00f3rio refor\u00e7a a import\u00e2ncia das campanhas educativas e da aten\u00e7\u00e3o dos respons\u00e1veis para reduzir as ocorr\u00eancias. A estimativa apresentada \u00e9 de que mais de 90% dos acidentes envolvendo crian\u00e7as e adolescentes podem ser evitados.<br><br><\/p>\n\n\n\n<p class=\"wp-block-paragraph\">A desaten\u00e7\u00e3o dos cuidadores aparece entre os fatores relacionados ao crescimento recente dos casos, com destaque para o uso de celulares como um elemento que pode contribuir para distra\u00e7\u00f5es durante a supervis\u00e3o das crian\u00e7as.<\/p>\n","protected":false},"excerpt":{"rendered":"<p>Quedas e queimaduras foram as principais causas de hospitaliza\u00e7\u00e3o por acidentes entre crian\u00e7as e adolescentes de at\u00e9 14 anos no Brasil em 2025. Mais de 55 mil interna\u00e7\u00f5es foram provocadas por quedas, o equivalente a 43,4% dos casos mapeados, enquanto as queimaduras levaram mais de 25 mil crian\u00e7as e adolescentes aos hospitais, representando 19,6%. Os [&hellip;]<\/p>\n","protected":false},"author":2,"featured_media":25165,"comment_status":"open","ping_status":"open","sticky":true,"template":"","format":"standard","meta":{"om_disable_all_campaigns":false,"_monsterinsights_skip_tracking":false,"_monsterinsights_sitenote_active":false,"_monsterinsights_sitenote_note":"","_monsterinsights_sitenote_category":0,"footnotes":""},"categories":[3],"tags":[],"class_list":["post-25164","post","type-post","status-publish","format-standard","has-post-thumbnail","hentry","category-saude"],"yoast_head":"<!-- This site is optimized with the Yoast SEO plugin v27.2 - https:\/\/yoast.com\/product\/yoast-seo-wordpress\/ -->\n<title>Quedas e queimaduras lideram interna\u00e7\u00f5es de crian\u00e7as e adolescentes por acidentes no Brasil - Jornal Ponto Mais<\/title>\n<meta name=\"robots\" content=\"index, follow, max-snippet:-1, max-image-preview:large, max-video-preview:-1\" \/>\n<link rel=\"canonical\" href=\"https:\/\/jornalpontomais.com\/site\/2026\/09\/01\/quedas-e-queimaduras-lideram-internacoes-de-criancas-e-adolescentes-por-acidentes-no-brasil\/\" \/>\n<meta property=\"og:locale\" content=\"pt_BR\" \/>\n<meta property=\"og:type\" content=\"article\" \/>\n<meta property=\"og:title\" content=\"Quedas e queimaduras lideram interna\u00e7\u00f5es de crian\u00e7as e adolescentes por acidentes no Brasil - Jornal Ponto Mais\" \/>\n<meta property=\"og:description\" content=\"Quedas e queimaduras foram as principais causas de hospitaliza\u00e7\u00e3o por acidentes entre crian\u00e7as e adolescentes de at\u00e9 14 anos no Brasil em 2025. Mais de 55 mil interna\u00e7\u00f5es foram provocadas por quedas, o equivalente a 43,4% dos casos mapeados, enquanto as queimaduras levaram mais de 25 mil crian\u00e7as e adolescentes aos hospitais, representando 19,6%. Os [&hellip;]\" \/>\n<meta property=\"og:url\" content=\"https:\/\/jornalpontomais.com\/site\/2026\/09\/01\/quedas-e-queimaduras-lideram-internacoes-de-criancas-e-adolescentes-por-acidentes-no-brasil\/\" \/>\n<meta property=\"og:site_name\" content=\"Jornal Ponto Mais\" \/>\n<meta property=\"article:published_time\" content=\"2026-09-01T11:54:14+00:00\" \/>\n<meta property=\"og:image\" content=\"https:\/\/jornalpontomais.com\/site\/wp-content\/uploads\/2026\/08\/mutirao-hospitais-mc_abr_05072025-18.webp\" \/>\n\t<meta property=\"og:image:width\" content=\"1170\" \/>\n\t<meta property=\"og:image:height\" content=\"700\" \/>\n\t<meta property=\"og:image:type\" content=\"image\/webp\" \/>\n<meta name=\"author\" content=\"Jornal Ponto Mais\" \/>\n<meta name=\"twitter:card\" content=\"summary_large_image\" \/>\n<meta name=\"twitter:label1\" content=\"Escrito por\" \/>\n\t<meta name=\"twitter:data1\" content=\"Jornal Ponto Mais\" \/>\n\t<meta name=\"twitter:label2\" content=\"Est. tempo de leitura\" \/>\n\t<meta name=\"twitter:data2\" content=\"3 minutos\" \/>\n<script type=\"application\/ld+json\" class=\"yoast-schema-graph\">{\"@context\":\"https:\/\/schema.org\",\"@graph\":[{\"@type\":\"Article\",\"@id\":\"https:\/\/jornalpontomais.com\/site\/2026\/09\/01\/quedas-e-queimaduras-lideram-internacoes-de-criancas-e-adolescentes-por-acidentes-no-brasil\/#article\",\"isPartOf\":{\"@id\":\"https:\/\/jornalpontomais.com\/site\/2026\/09\/01\/quedas-e-queimaduras-lideram-internacoes-de-criancas-e-adolescentes-por-acidentes-no-brasil\/\"},\"author\":{\"name\":\"Jornal Ponto Mais\",\"@id\":\"https:\/\/jornalpontomais.com\/site\/#\/schema\/person\/18323f0b0f1355f2490721c48389fe9d\"},\"headline\":\"Quedas e queimaduras lideram interna\u00e7\u00f5es de crian\u00e7as e adolescentes por acidentes no Brasil\",\"datePublished\":\"2026-09-01T11:54:14+00:00\",\"mainEntityOfPage\":{\"@id\":\"https:\/\/jornalpontomais.com\/site\/2026\/09\/01\/quedas-e-queimaduras-lideram-internacoes-de-criancas-e-adolescentes-por-acidentes-no-brasil\/\"},\"wordCount\":522,\"commentCount\":0,\"publisher\":{\"@id\":\"https:\/\/jornalpontomais.com\/site\/#organization\"},\"image\":{\"@id\":\"https:\/\/jornalpontomais.com\/site\/2026\/09\/01\/quedas-e-queimaduras-lideram-internacoes-de-criancas-e-adolescentes-por-acidentes-no-brasil\/#primaryimage\"},\"thumbnailUrl\":\"https:\/\/jornalpontomais.com\/site\/wp-content\/uploads\/2026\/08\/mutirao-hospitais-mc_abr_05072025-18.webp\",\"articleSection\":[\"Sa\u00fade\"],\"inLanguage\":\"pt-BR\",\"potentialAction\":[{\"@type\":\"CommentAction\",\"name\":\"Comment\",\"target\":[\"https:\/\/jornalpontomais.com\/site\/2026\/09\/01\/quedas-e-queimaduras-lideram-internacoes-de-criancas-e-adolescentes-por-acidentes-no-brasil\/#respond\"]}]},{\"@type\":\"WebPage\",\"@id\":\"https:\/\/jornalpontomais.com\/site\/2026\/09\/01\/quedas-e-queimaduras-lideram-internacoes-de-criancas-e-adolescentes-por-acidentes-no-brasil\/\",\"url\":\"https:\/\/jornalpontomais.com\/site\/2026\/09\/01\/quedas-e-queimaduras-lideram-internacoes-de-criancas-e-adolescentes-por-acidentes-no-brasil\/\",\"name\":\"Quedas e queimaduras lideram interna\u00e7\u00f5es de crian\u00e7as e adolescentes por acidentes no Brasil - Jornal Ponto Mais\",\"isPartOf\":{\"@id\":\"https:\/\/jornalpontomais.com\/site\/#website\"},\"primaryImageOfPage\":{\"@id\":\"https:\/\/jornalpontomais.com\/site\/2026\/09\/01\/quedas-e-queimaduras-lideram-internacoes-de-criancas-e-adolescentes-por-acidentes-no-brasil\/#primaryimage\"},\"image\":{\"@id\":\"https:\/\/jornalpontomais.com\/site\/2026\/09\/01\/quedas-e-queimaduras-lideram-internacoes-de-criancas-e-adolescentes-por-acidentes-no-brasil\/#primaryimage\"},\"thumbnailUrl\":\"https:\/\/jornalpontomais.com\/site\/wp-content\/uploads\/2026\/08\/mutirao-hospitais-mc_abr_05072025-18.webp\",\"datePublished\":\"2026-09-01T11:54:14+00:00\",\"breadcrumb\":{\"@id\":\"https:\/\/jornalpontomais.com\/site\/2026\/09\/01\/quedas-e-queimaduras-lideram-internacoes-de-criancas-e-adolescentes-por-acidentes-no-brasil\/#breadcrumb\"},\"inLanguage\":\"pt-BR\",\"potentialAction\":[{\"@type\":\"ReadAction\",\"target\":[\"https:\/\/jornalpontomais.com\/site\/2026\/09\/01\/quedas-e-queimaduras-lideram-internacoes-de-criancas-e-adolescentes-por-acidentes-no-brasil\/\"]}]},{\"@type\":\"ImageObject\",\"inLanguage\":\"pt-BR\",\"@id\":\"https:\/\/jornalpontomais.com\/site\/2026\/09\/01\/quedas-e-queimaduras-lideram-internacoes-de-criancas-e-adolescentes-por-acidentes-no-brasil\/#primaryimage\",\"url\":\"https:\/\/jornalpontomais.com\/site\/wp-content\/uploads\/2026\/08\/mutirao-hospitais-mc_abr_05072025-18.webp\",\"contentUrl\":\"https:\/\/jornalpontomais.com\/site\/wp-content\/uploads\/2026\/08\/mutirao-hospitais-mc_abr_05072025-18.webp\",\"width\":1170,\"height\":700},{\"@type\":\"BreadcrumbList\",\"@id\":\"https:\/\/jornalpontomais.com\/site\/2026\/09\/01\/quedas-e-queimaduras-lideram-internacoes-de-criancas-e-adolescentes-por-acidentes-no-brasil\/#breadcrumb\",\"itemListElement\":[{\"@type\":\"ListItem\",\"position\":1,\"name\":\"In\u00edcio\",\"item\":\"https:\/\/jornalpontomais.com\/site\/\"},{\"@type\":\"ListItem\",\"position\":2,\"name\":\"Quedas e queimaduras lideram interna\u00e7\u00f5es de crian\u00e7as e adolescentes por acidentes no Brasil\"}]},{\"@type\":\"WebSite\",\"@id\":\"https:\/\/jornalpontomais.com\/site\/#website\",\"url\":\"https:\/\/jornalpontomais.com\/site\/\",\"name\":\"Jornal Ponto Mais\",\"description\":\"As principais not\u00edcias do Brasil e do mundo. Confira!\",\"publisher\":{\"@id\":\"https:\/\/jornalpontomais.com\/site\/#organization\"},\"potentialAction\":[{\"@type\":\"SearchAction\",\"target\":{\"@type\":\"EntryPoint\",\"urlTemplate\":\"https:\/\/jornalpontomais.com\/site\/?s={search_term_string}\"},\"query-input\":{\"@type\":\"PropertyValueSpecification\",\"valueRequired\":true,\"valueName\":\"search_term_string\"}}],\"inLanguage\":\"pt-BR\"},{\"@type\":\"Organization\",\"@id\":\"https:\/\/jornalpontomais.com\/site\/#organization\",\"name\":\"Jornal Ponto+\",\"url\":\"https:\/\/jornalpontomais.com\/site\/\",\"logo\":{\"@type\":\"ImageObject\",\"inLanguage\":\"pt-BR\",\"@id\":\"https:\/\/jornalpontomais.com\/site\/#\/schema\/logo\/image\/\",\"url\":\"https:\/\/jornalpontomais.com\/site\/wp-content\/uploads\/2022\/01\/marca.png\",\"contentUrl\":\"https:\/\/jornalpontomais.com\/site\/wp-content\/uploads\/2022\/01\/marca.png\",\"width\":582,\"height\":148,\"caption\":\"Jornal Ponto+\"},\"image\":{\"@id\":\"https:\/\/jornalpontomais.com\/site\/#\/schema\/logo\/image\/\"}},{\"@type\":\"Person\",\"@id\":\"https:\/\/jornalpontomais.com\/site\/#\/schema\/person\/18323f0b0f1355f2490721c48389fe9d\",\"name\":\"Jornal Ponto Mais\",\"image\":{\"@type\":\"ImageObject\",\"inLanguage\":\"pt-BR\",\"@id\":\"https:\/\/secure.gravatar.com\/avatar\/2ee0a9b7fe10fe32bdec8bc086e871e41eb5f4f6ecbcb7b4f2fe0d92d831405f?s=96&d=mm&r=g\",\"url\":\"https:\/\/secure.gravatar.com\/avatar\/2ee0a9b7fe10fe32bdec8bc086e871e41eb5f4f6ecbcb7b4f2fe0d92d831405f?s=96&d=mm&r=g\",\"contentUrl\":\"https:\/\/secure.gravatar.com\/avatar\/2ee0a9b7fe10fe32bdec8bc086e871e41eb5f4f6ecbcb7b4f2fe0d92d831405f?s=96&d=mm&r=g\",\"caption\":\"Jornal Ponto Mais\"},\"sameAs\":[\"https:\/\/jornalpontomais.com\/site\",\"jornalpontomais\"],\"url\":\"https:\/\/jornalpontomais.com\/site\/author\/jornalpontomais\/\"}]}<\/script>\n<!-- \/ Yoast SEO plugin. -->","yoast_head_json":{"title":"Quedas e queimaduras lideram interna\u00e7\u00f5es de crian\u00e7as e adolescentes por acidentes no Brasil - Jornal Ponto Mais","robots":{"index":"index","follow":"follow","max-snippet":"max-snippet:-1","max-image-preview":"max-image-preview:large","max-video-preview":"max-video-preview:-1"},"canonical":"https:\/\/jornalpontomais.com\/site\/2026\/09\/01\/quedas-e-queimaduras-lideram-internacoes-de-criancas-e-adolescentes-por-acidentes-no-brasil\/","og_locale":"pt_BR","og_type":"article","og_title":"Quedas e queimaduras lideram interna\u00e7\u00f5es de crian\u00e7as e adolescentes por acidentes no Brasil - Jornal Ponto Mais","og_description":"Quedas e queimaduras foram as principais causas de hospitaliza\u00e7\u00e3o por acidentes entre crian\u00e7as e adolescentes de at\u00e9 14 anos no Brasil em 2025. Mais de 55 mil interna\u00e7\u00f5es foram provocadas por quedas, o equivalente a 43,4% dos casos mapeados, enquanto as queimaduras levaram mais de 25 mil crian\u00e7as e adolescentes aos hospitais, representando 19,6%. Os [&hellip;]","og_url":"https:\/\/jornalpontomais.com\/site\/2026\/09\/01\/quedas-e-queimaduras-lideram-internacoes-de-criancas-e-adolescentes-por-acidentes-no-brasil\/","og_site_name":"Jornal Ponto Mais","article_published_time":"2026-09-01T11:54:14+00:00","og_image":[{"width":1170,"height":700,"url":"https:\/\/jornalpontomais.com\/site\/wp-content\/uploads\/2026\/08\/mutirao-hospitais-mc_abr_05072025-18.webp","type":"image\/webp"}],"author":"Jornal Ponto Mais","twitter_card":"summary_large_image","twitter_misc":{"Escrito por":"Jornal Ponto Mais","Est. tempo de leitura":"3 minutos"},"schema":{"@context":"https:\/\/schema.org","@graph":[{"@type":"Article","@id":"https:\/\/jornalpontomais.com\/site\/2026\/09\/01\/quedas-e-queimaduras-lideram-internacoes-de-criancas-e-adolescentes-por-acidentes-no-brasil\/#article","isPartOf":{"@id":"https:\/\/jornalpontomais.com\/site\/2026\/09\/01\/quedas-e-queimaduras-lideram-internacoes-de-criancas-e-adolescentes-por-acidentes-no-brasil\/"},"author":{"name":"Jornal Ponto Mais","@id":"https:\/\/jornalpontomais.com\/site\/#\/schema\/person\/18323f0b0f1355f2490721c48389fe9d"},"headline":"Quedas e queimaduras lideram interna\u00e7\u00f5es de crian\u00e7as e adolescentes por acidentes no Brasil","datePublished":"2026-09-01T11:54:14+00:00","mainEntityOfPage":{"@id":"https:\/\/jornalpontomais.com\/site\/2026\/09\/01\/quedas-e-queimaduras-lideram-internacoes-de-criancas-e-adolescentes-por-acidentes-no-brasil\/"},"wordCount":522,"commentCount":0,"publisher":{"@id":"https:\/\/jornalpontomais.com\/site\/#organization"},"image":{"@id":"https:\/\/jornalpontomais.com\/site\/2026\/09\/01\/quedas-e-queimaduras-lideram-internacoes-de-criancas-e-adolescentes-por-acidentes-no-brasil\/#primaryimage"},"thumbnailUrl":"https:\/\/jornalpontomais.com\/site\/wp-content\/uploads\/2026\/08\/mutirao-hospitais-mc_abr_05072025-18.webp","articleSection":["Sa\u00fade"],"inLanguage":"pt-BR","potentialAction":[{"@type":"CommentAction","name":"Comment","target":["https:\/\/jornalpontomais.com\/site\/2026\/09\/01\/quedas-e-queimaduras-lideram-internacoes-de-criancas-e-adolescentes-por-acidentes-no-brasil\/#respond"]}]},{"@type":"WebPage","@id":"https:\/\/jornalpontomais.com\/site\/2026\/09\/01\/quedas-e-queimaduras-lideram-internacoes-de-criancas-e-adolescentes-por-acidentes-no-brasil\/","url":"https:\/\/jornalpontomais.com\/site\/2026\/09\/01\/quedas-e-queimaduras-lideram-internacoes-de-criancas-e-adolescentes-por-acidentes-no-brasil\/","name":"Quedas e queimaduras lideram interna\u00e7\u00f5es de crian\u00e7as e adolescentes por acidentes no Brasil - Jornal Ponto Mais","isPartOf":{"@id":"https:\/\/jornalpontomais.com\/site\/#website"},"primaryImageOfPage":{"@id":"https:\/\/jornalpontomais.com\/site\/2026\/09\/01\/quedas-e-queimaduras-lideram-internacoes-de-criancas-e-adolescentes-por-acidentes-no-brasil\/#primaryimage"},"image":{"@id":"https:\/\/jornalpontomais.com\/site\/2026\/09\/01\/quedas-e-queimaduras-lideram-internacoes-de-criancas-e-adolescentes-por-acidentes-no-brasil\/#primaryimage"},"thumbnailUrl":"https:\/\/jornalpontomais.com\/site\/wp-content\/uploads\/2026\/08\/mutirao-hospitais-mc_abr_05072025-18.webp","datePublished":"2026-09-01T11:54:14+00:00","breadcrumb":{"@id":"https:\/\/jornalpontomais.com\/site\/2026\/09\/01\/quedas-e-queimaduras-lideram-internacoes-de-criancas-e-adolescentes-por-acidentes-no-brasil\/#breadcrumb"},"inLanguage":"pt-BR","potentialAction":[{"@type":"ReadAction","target":["https:\/\/jornalpontomais.com\/site\/2026\/09\/01\/quedas-e-queimaduras-lideram-internacoes-de-criancas-e-adolescentes-por-acidentes-no-brasil\/"]}]},{"@type":"ImageObject","inLanguage":"pt-BR","@id":"https:\/\/jornalpontomais.com\/site\/2026\/09\/01\/quedas-e-queimaduras-lideram-internacoes-de-criancas-e-adolescentes-por-acidentes-no-brasil\/#primaryimage","url":"https:\/\/jornalpontomais.com\/site\/wp-content\/uploads\/2026\/08\/mutirao-hospitais-mc_abr_05072025-18.webp","contentUrl":"https:\/\/jornalpontomais.com\/site\/wp-content\/uploads\/2026\/08\/mutirao-hospitais-mc_abr_05072025-18.webp","width":1170,"height":700},{"@type":"BreadcrumbList","@id":"https:\/\/jornalpontomais.com\/site\/2026\/09\/01\/quedas-e-queimaduras-lideram-internacoes-de-criancas-e-adolescentes-por-acidentes-no-brasil\/#breadcrumb","itemListElement":[{"@type":"ListItem","position":1,"name":"In\u00edcio","item":"https:\/\/jornalpontomais.com\/site\/"},{"@type":"ListItem","position":2,"name":"Quedas e queimaduras lideram interna\u00e7\u00f5es de crian\u00e7as e adolescentes por acidentes no Brasil"}]},{"@type":"WebSite","@id":"https:\/\/jornalpontomais.com\/site\/#website","url":"https:\/\/jornalpontomais.com\/site\/","name":"Jornal Ponto Mais","description":"As principais not\u00edcias do Brasil e do mundo. Confira!","publisher":{"@id":"https:\/\/jornalpontomais.com\/site\/#organization"},"potentialAction":[{"@type":"SearchAction","target":{"@type":"EntryPoint","urlTemplate":"https:\/\/jornalpontomais.com\/site\/?s={search_term_string}"},"query-input":{"@type":"PropertyValueSpecification","valueRequired":true,"valueName":"search_term_string"}}],"inLanguage":"pt-BR"},{"@type":"Organization","@id":"https:\/\/jornalpontomais.com\/site\/#organization","name":"Jornal Ponto+","url":"https:\/\/jornalpontomais.com\/site\/","logo":{"@type":"ImageObject","inLanguage":"pt-BR","@id":"https:\/\/jornalpontomais.com\/site\/#\/schema\/logo\/image\/","url":"https:\/\/jornalpontomais.com\/site\/wp-content\/uploads\/2022\/01\/marca.png","contentUrl":"https:\/\/jornalpontomais.com\/site\/wp-content\/uploads\/2022\/01\/marca.png","width":582,"height":148,"caption":"Jornal Ponto+"},"image":{"@id":"https:\/\/jornalpontomais.com\/site\/#\/schema\/logo\/image\/"}},{"@type":"Person","@id":"https:\/\/jornalpontomais.com\/site\/#\/schema\/person\/18323f0b0f1355f2490721c48389fe9d","name":"Jornal Ponto Mais","image":{"@type":"ImageObject","inLanguage":"pt-BR","@id":"https:\/\/secure.gravatar.com\/avatar\/2ee0a9b7fe10fe32bdec8bc086e871e41eb5f4f6ecbcb7b4f2fe0d92d831405f?s=96&d=mm&r=g","url":"https:\/\/secure.gravatar.com\/avatar\/2ee0a9b7fe10fe32bdec8bc086e871e41eb5f4f6ecbcb7b4f2fe0d92d831405f?s=96&d=mm&r=g","contentUrl":"https:\/\/secure.gravatar.com\/avatar\/2ee0a9b7fe10fe32bdec8bc086e871e41eb5f4f6ecbcb7b4f2fe0d92d831405f?s=96&d=mm&r=g","caption":"Jornal Ponto Mais"},"sameAs":["https:\/\/jornalpontomais.com\/site","jornalpontomais"],"url":"https:\/\/jornalpontomais.com\/site\/author\/jornalpontomais\/"}]}},"_links":{"self":[{"href":"https:\/\/jornalpontomais.com\/site\/wp-json\/wp\/v2\/posts\/25164","targetHints":{"allow":["GET"]}}],"collection":[{"href":"https:\/\/jornalpontomais.com\/site\/wp-json\/wp\/v2\/posts"}],"about":[{"href":"https:\/\/jornalpontomais.com\/site\/wp-json\/wp\/v2\/types\/post"}],"author":[{"embeddable":true,"href":"https:\/\/jornalpontomais.com\/site\/wp-json\/wp\/v2\/users\/2"}],"replies":[{"embeddable":true,"href":"https:\/\/jornalpontomais.com\/site\/wp-json\/wp\/v2\/comments?post=25164"}],"version-history":[{"count":1,"href":"https:\/\/jornalpontomais.com\/site\/wp-json\/wp\/v2\/posts\/25164\/revisions"}],"predecessor-version":[{"id":25166,"href":"https:\/\/jornalpontomais.com\/site\/wp-json\/wp\/v2\/posts\/25164\/revisions\/25166"}],"wp:featuredmedia":[{"embeddable":true,"href":"https:\/\/jornalpontomais.com\/site\/wp-json\/wp\/v2\/media\/25165"}],"wp:attachment":[{"href":"https:\/\/jornalpontomais.com\/site\/wp-json\/wp\/v2\/media?parent=25164"}],"wp:term":[{"taxonomy":"category","embeddable":true,"href":"https:\/\/jornalpontomais.com\/site\/wp-json\/wp\/v2\/categories?post=25164"},{"taxonomy":"post_tag","embeddable":true,"href":"https:\/\/jornalpontomais.com\/site\/wp-json\/wp\/v2\/tags?post=25164"}],"curies":[{"name":"wp","href":"https:\/\/api.w.org\/{rel}","templated":true}]}}