{"id":25148,"date":"2026-08-31T10:29:37","date_gmt":"2026-08-31T13:29:37","guid":{"rendered":"https:\/\/jornalpontomais.com\/site\/?p=25148"},"modified":"2026-08-31T10:29:37","modified_gmt":"2026-08-31T13:29:37","slug":"agosto-termina-com-contrastes-extremos-e-calor-de-ate-41oc","status":"publish","type":"post","link":"https:\/\/jornalpontomais.com\/site\/2026\/08\/31\/agosto-termina-com-contrastes-extremos-e-calor-de-ate-41oc\/","title":{"rendered":"Agosto termina com contrastes extremos e calor de at\u00e9 41\u00baC"},"content":{"rendered":"\n<p class=\"wp-block-paragraph\">O \u00faltimo dia de agosto \u00e9 marcado por contrastes extremos no pa\u00eds, com previs\u00e3o de temporais e alerta de perigo na Regi\u00e3o Sul \u2014 onde Curitiba pode alcan\u00e7ar 35\u00b0C e Porto Alegre n\u00e3o passa dos 19\u00b0C \u2014, enquanto o\u00a0Centro-Oeste e o Norte enfrentam calor intenso de at\u00e9 41\u00b0C em capitais como Cuiab\u00e1 e Porto Velho, combinados com tempo seco e chuvas isoladas em outras regi\u00f5es.<img decoding=\"async\" src=\"https:\/\/agenciabrasil.ebc.com.br\/ebc.png?id=1701080&amp;o=node\"><img decoding=\"async\" src=\"https:\/\/agenciabrasil.ebc.com.br\/ebc.gif?id=1701080&amp;o=node\"><br><br><\/p>\n\n\n\n<p class=\"wp-block-paragraph\">Saiba mais detalhes de acordo com o boletim meteorol\u00f3gico do Instituto Nacional de Meteorologia (Inmet) para esta segunda-feira (31) em cada regi\u00e3o do pa\u00eds:<br><br><\/p>\n\n\n\n<p class=\"wp-block-paragraph\"><strong>Regi\u00e3o Sul:\u00a0<\/strong>As chuvas n\u00e3o d\u00e3o tr\u00e9gua e espera-se grandes contrastes de temperatura entre os estados da regi\u00e3o. Ocorrem chuvas com trovoadas desde o centro-sul e oeste do Paran\u00e1 at\u00e9 o sul do Rio Grande do Sul. H\u00e1 c\u00e9u encoberto com temporais no sul do Paran\u00e1, em todo o estado de Santa Catarina e no centro-norte do Rio Grande do Sul, incluindo Porto Alegre.\u00a0O Inmet mant\u00e9m para esta segunda-feira o aviso laranja de perigo para tempestades em todo o estado de Santa Catarina, norte e oeste do Rio Grande do Sul e tamb\u00e9m para o leste e o centro do Paran\u00e1. Curitiba pode atingir 35\u00b0C, enquanto Porto Alegre n\u00e3o passa dos 19\u00b0C.<br><br><\/p>\n\n\n\n<p class=\"wp-block-paragraph\"><strong>Regi\u00e3o Norte:<\/strong> Aumento da instabilidade com pancadas de chuva e trovoadas isoladas no oeste e norte do Amazonas.\u00a0Chuvas isoladas tamb\u00e9m no Acre, nas demais \u00e1reas do Amazonas, e no centro-oeste e norte de Rond\u00f4nia e Roraima. Sol e poucas nuvens no Tocantins e centro-sul do Par\u00e1.\u00a0Forte calor \u00e0 tarde, com m\u00e1ximas de at\u00e9 37\u00b0C em Manaus, 39\u00b0C em Palmas e 41\u00b0C em Porto Velho. A m\u00ednima prevista entre as capitais da regi\u00e3o dever\u00e1 ocorrer em Rio Branco (AC), onde a temperatura pode atingir os 22\u00baC.<br><br><\/p>\n\n\n\n<p class=\"wp-block-paragraph\"><strong>Regi\u00e3o Nordeste:<\/strong>\u00a0Ocorrem pancadas de chuva isoladas no litoral leste (pegando do litoral norte da Bahia at\u00e9 o Rio Grande do Norte, incluindo Sergipe, Alagoas, Pernambuco e Para\u00edba) e no agreste desses estados.\u00a0O centro-norte do Cear\u00e1, norte do Piau\u00ed e Maranh\u00e3o, e o litoral sul da Bahia ficam com muitas nuvens, mas sem chuva. C\u00e9u com poucas nuvens em grande parte da Bahia, oeste de Pernambuco e da Para\u00edba, sul do Cear\u00e1 e centro-sul do Piau\u00ed e Maranh\u00e3o. Temperaturas em eleva\u00e7\u00e3o no interior do Nordeste.\u00a0A m\u00e1xima pode chegar a 39\u00ba C em Teresina, enquanto a m\u00ednima prevista (21\u00baC) entre as capitais nordestinas podem ocorrer em Salvador e Macei\u00f3.<br><br><\/p>\n\n\n\n<p class=\"wp-block-paragraph\"><strong>Regi\u00e3o Centro-Oeste:<\/strong>\u00a0As pancadas de chuva se espalham por Mato Grosso do Sul (apenas o nordeste do estado fica sem chuva, com muitas nuvens). Muitas nuvens tamb\u00e9m no noroeste, oeste e sul de Mato Grosso e no sul de Goi\u00e1s. Sol e poucas nuvens nas demais \u00e1reas.\u00a0Nas \u00e1reas onde predomina o tempo seco, como o Distrito Federal, a tend\u00eancia \u00e9 forte eleva\u00e7\u00e3o das temperaturas, com possibilidade de a temperatura m\u00e1xima chegar a 41\u00baC em Cuiab\u00e1<br><br><\/p>\n\n\n\n<p class=\"wp-block-paragraph\"><strong>Regi\u00e3o Sudeste:<\/strong>\u00a0Muitas nuvens no sul e oeste de Minas Gerais e em S\u00e3o Paulo, com possibilidade de chuvas isoladas no oeste, centro e sul paulista. C\u00e9u com poucas nuvens nas demais \u00e1reas.\u00a0O calor continua intenso na capital paulista, com m\u00e1xima de 36\u00b0C.<\/p>\n","protected":false},"excerpt":{"rendered":"<p>O \u00faltimo dia de agosto \u00e9 marcado por contrastes extremos no pa\u00eds, com previs\u00e3o de temporais e alerta de perigo na Regi\u00e3o Sul \u2014 onde Curitiba pode alcan\u00e7ar 35\u00b0C e Porto Alegre n\u00e3o passa dos 19\u00b0C \u2014, enquanto o\u00a0Centro-Oeste e o Norte enfrentam calor intenso de at\u00e9 41\u00b0C em capitais como Cuiab\u00e1 e Porto Velho, [&hellip;]<\/p>\n","protected":false},"author":2,"featured_media":25149,"comment_status":"open","ping_status":"open","sticky":false,"template":"","format":"standard","meta":{"om_disable_all_campaigns":false,"_monsterinsights_skip_tracking":false,"_monsterinsights_sitenote_active":false,"_monsterinsights_sitenote_note":"","_monsterinsights_sitenote_category":0,"footnotes":""},"categories":[5],"tags":[],"class_list":["post-25148","post","type-post","status-publish","format-standard","has-post-thumbnail","hentry","category-curiosidades"],"yoast_head":"<!-- This site is optimized with the Yoast SEO plugin v27.2 - https:\/\/yoast.com\/product\/yoast-seo-wordpress\/ -->\n<title>Agosto termina com contrastes extremos e calor de at\u00e9 41\u00baC - Jornal Ponto Mais<\/title>\n<meta name=\"robots\" content=\"index, follow, max-snippet:-1, max-image-preview:large, max-video-preview:-1\" \/>\n<link rel=\"canonical\" href=\"https:\/\/jornalpontomais.com\/site\/2026\/08\/31\/agosto-termina-com-contrastes-extremos-e-calor-de-ate-41oc\/\" \/>\n<meta property=\"og:locale\" content=\"pt_BR\" \/>\n<meta property=\"og:type\" content=\"article\" \/>\n<meta property=\"og:title\" content=\"Agosto termina com contrastes extremos e calor de at\u00e9 41\u00baC - Jornal Ponto Mais\" \/>\n<meta property=\"og:description\" content=\"O \u00faltimo dia de agosto \u00e9 marcado por contrastes extremos no pa\u00eds, com previs\u00e3o de temporais e alerta de perigo na Regi\u00e3o Sul \u2014 onde Curitiba pode alcan\u00e7ar 35\u00b0C e Porto Alegre n\u00e3o passa dos 19\u00b0C \u2014, enquanto o\u00a0Centro-Oeste e o Norte enfrentam calor intenso de at\u00e9 41\u00b0C em capitais como Cuiab\u00e1 e Porto Velho, [&hellip;]\" \/>\n<meta property=\"og:url\" content=\"https:\/\/jornalpontomais.com\/site\/2026\/08\/31\/agosto-termina-com-contrastes-extremos-e-calor-de-ate-41oc\/\" \/>\n<meta property=\"og:site_name\" content=\"Jornal Ponto Mais\" \/>\n<meta property=\"article:published_time\" content=\"2026-08-31T13:29:37+00:00\" \/>\n<meta property=\"og:image\" content=\"https:\/\/jornalpontomais.com\/site\/wp-content\/uploads\/2026\/08\/pint1123.webp\" \/>\n\t<meta property=\"og:image:width\" content=\"1170\" \/>\n\t<meta property=\"og:image:height\" content=\"700\" \/>\n\t<meta property=\"og:image:type\" content=\"image\/webp\" \/>\n<meta name=\"author\" content=\"Jornal Ponto Mais\" \/>\n<meta name=\"twitter:card\" content=\"summary_large_image\" \/>\n<meta name=\"twitter:label1\" content=\"Escrito por\" \/>\n\t<meta name=\"twitter:data1\" content=\"Jornal Ponto Mais\" \/>\n\t<meta name=\"twitter:label2\" content=\"Est. tempo de leitura\" \/>\n\t<meta name=\"twitter:data2\" content=\"3 minutos\" \/>\n<script type=\"application\/ld+json\" class=\"yoast-schema-graph\">{\"@context\":\"https:\/\/schema.org\",\"@graph\":[{\"@type\":\"Article\",\"@id\":\"https:\/\/jornalpontomais.com\/site\/2026\/08\/31\/agosto-termina-com-contrastes-extremos-e-calor-de-ate-41oc\/#article\",\"isPartOf\":{\"@id\":\"https:\/\/jornalpontomais.com\/site\/2026\/08\/31\/agosto-termina-com-contrastes-extremos-e-calor-de-ate-41oc\/\"},\"author\":{\"name\":\"Jornal Ponto Mais\",\"@id\":\"https:\/\/jornalpontomais.com\/site\/#\/schema\/person\/18323f0b0f1355f2490721c48389fe9d\"},\"headline\":\"Agosto termina com contrastes extremos e calor de at\u00e9 41\u00baC\",\"datePublished\":\"2026-08-31T13:29:37+00:00\",\"mainEntityOfPage\":{\"@id\":\"https:\/\/jornalpontomais.com\/site\/2026\/08\/31\/agosto-termina-com-contrastes-extremos-e-calor-de-ate-41oc\/\"},\"wordCount\":566,\"commentCount\":0,\"publisher\":{\"@id\":\"https:\/\/jornalpontomais.com\/site\/#organization\"},\"image\":{\"@id\":\"https:\/\/jornalpontomais.com\/site\/2026\/08\/31\/agosto-termina-com-contrastes-extremos-e-calor-de-ate-41oc\/#primaryimage\"},\"thumbnailUrl\":\"https:\/\/jornalpontomais.com\/site\/wp-content\/uploads\/2026\/08\/pint1123.webp\",\"articleSection\":[\"Curiosidades\"],\"inLanguage\":\"pt-BR\",\"potentialAction\":[{\"@type\":\"CommentAction\",\"name\":\"Comment\",\"target\":[\"https:\/\/jornalpontomais.com\/site\/2026\/08\/31\/agosto-termina-com-contrastes-extremos-e-calor-de-ate-41oc\/#respond\"]}]},{\"@type\":\"WebPage\",\"@id\":\"https:\/\/jornalpontomais.com\/site\/2026\/08\/31\/agosto-termina-com-contrastes-extremos-e-calor-de-ate-41oc\/\",\"url\":\"https:\/\/jornalpontomais.com\/site\/2026\/08\/31\/agosto-termina-com-contrastes-extremos-e-calor-de-ate-41oc\/\",\"name\":\"Agosto termina com contrastes extremos e calor de at\u00e9 41\u00baC - Jornal Ponto Mais\",\"isPartOf\":{\"@id\":\"https:\/\/jornalpontomais.com\/site\/#website\"},\"primaryImageOfPage\":{\"@id\":\"https:\/\/jornalpontomais.com\/site\/2026\/08\/31\/agosto-termina-com-contrastes-extremos-e-calor-de-ate-41oc\/#primaryimage\"},\"image\":{\"@id\":\"https:\/\/jornalpontomais.com\/site\/2026\/08\/31\/agosto-termina-com-contrastes-extremos-e-calor-de-ate-41oc\/#primaryimage\"},\"thumbnailUrl\":\"https:\/\/jornalpontomais.com\/site\/wp-content\/uploads\/2026\/08\/pint1123.webp\",\"datePublished\":\"2026-08-31T13:29:37+00:00\",\"breadcrumb\":{\"@id\":\"https:\/\/jornalpontomais.com\/site\/2026\/08\/31\/agosto-termina-com-contrastes-extremos-e-calor-de-ate-41oc\/#breadcrumb\"},\"inLanguage\":\"pt-BR\",\"potentialAction\":[{\"@type\":\"ReadAction\",\"target\":[\"https:\/\/jornalpontomais.com\/site\/2026\/08\/31\/agosto-termina-com-contrastes-extremos-e-calor-de-ate-41oc\/\"]}]},{\"@type\":\"ImageObject\",\"inLanguage\":\"pt-BR\",\"@id\":\"https:\/\/jornalpontomais.com\/site\/2026\/08\/31\/agosto-termina-com-contrastes-extremos-e-calor-de-ate-41oc\/#primaryimage\",\"url\":\"https:\/\/jornalpontomais.com\/site\/wp-content\/uploads\/2026\/08\/pint1123.webp\",\"contentUrl\":\"https:\/\/jornalpontomais.com\/site\/wp-content\/uploads\/2026\/08\/pint1123.webp\",\"width\":1170,\"height\":700},{\"@type\":\"BreadcrumbList\",\"@id\":\"https:\/\/jornalpontomais.com\/site\/2026\/08\/31\/agosto-termina-com-contrastes-extremos-e-calor-de-ate-41oc\/#breadcrumb\",\"itemListElement\":[{\"@type\":\"ListItem\",\"position\":1,\"name\":\"In\u00edcio\",\"item\":\"https:\/\/jornalpontomais.com\/site\/\"},{\"@type\":\"ListItem\",\"position\":2,\"name\":\"Agosto termina com contrastes extremos e calor de at\u00e9 41\u00baC\"}]},{\"@type\":\"WebSite\",\"@id\":\"https:\/\/jornalpontomais.com\/site\/#website\",\"url\":\"https:\/\/jornalpontomais.com\/site\/\",\"name\":\"Jornal Ponto Mais\",\"description\":\"As principais not\u00edcias do Brasil e do mundo. Confira!\",\"publisher\":{\"@id\":\"https:\/\/jornalpontomais.com\/site\/#organization\"},\"potentialAction\":[{\"@type\":\"SearchAction\",\"target\":{\"@type\":\"EntryPoint\",\"urlTemplate\":\"https:\/\/jornalpontomais.com\/site\/?s={search_term_string}\"},\"query-input\":{\"@type\":\"PropertyValueSpecification\",\"valueRequired\":true,\"valueName\":\"search_term_string\"}}],\"inLanguage\":\"pt-BR\"},{\"@type\":\"Organization\",\"@id\":\"https:\/\/jornalpontomais.com\/site\/#organization\",\"name\":\"Jornal Ponto+\",\"url\":\"https:\/\/jornalpontomais.com\/site\/\",\"logo\":{\"@type\":\"ImageObject\",\"inLanguage\":\"pt-BR\",\"@id\":\"https:\/\/jornalpontomais.com\/site\/#\/schema\/logo\/image\/\",\"url\":\"https:\/\/jornalpontomais.com\/site\/wp-content\/uploads\/2022\/01\/marca.png\",\"contentUrl\":\"https:\/\/jornalpontomais.com\/site\/wp-content\/uploads\/2022\/01\/marca.png\",\"width\":582,\"height\":148,\"caption\":\"Jornal Ponto+\"},\"image\":{\"@id\":\"https:\/\/jornalpontomais.com\/site\/#\/schema\/logo\/image\/\"}},{\"@type\":\"Person\",\"@id\":\"https:\/\/jornalpontomais.com\/site\/#\/schema\/person\/18323f0b0f1355f2490721c48389fe9d\",\"name\":\"Jornal Ponto Mais\",\"image\":{\"@type\":\"ImageObject\",\"inLanguage\":\"pt-BR\",\"@id\":\"https:\/\/secure.gravatar.com\/avatar\/2ee0a9b7fe10fe32bdec8bc086e871e41eb5f4f6ecbcb7b4f2fe0d92d831405f?s=96&d=mm&r=g\",\"url\":\"https:\/\/secure.gravatar.com\/avatar\/2ee0a9b7fe10fe32bdec8bc086e871e41eb5f4f6ecbcb7b4f2fe0d92d831405f?s=96&d=mm&r=g\",\"contentUrl\":\"https:\/\/secure.gravatar.com\/avatar\/2ee0a9b7fe10fe32bdec8bc086e871e41eb5f4f6ecbcb7b4f2fe0d92d831405f?s=96&d=mm&r=g\",\"caption\":\"Jornal Ponto Mais\"},\"sameAs\":[\"https:\/\/jornalpontomais.com\/site\",\"jornalpontomais\"],\"url\":\"https:\/\/jornalpontomais.com\/site\/author\/jornalpontomais\/\"}]}<\/script>\n<!-- \/ Yoast SEO plugin. -->","yoast_head_json":{"title":"Agosto termina com contrastes extremos e calor de at\u00e9 41\u00baC - Jornal Ponto Mais","robots":{"index":"index","follow":"follow","max-snippet":"max-snippet:-1","max-image-preview":"max-image-preview:large","max-video-preview":"max-video-preview:-1"},"canonical":"https:\/\/jornalpontomais.com\/site\/2026\/08\/31\/agosto-termina-com-contrastes-extremos-e-calor-de-ate-41oc\/","og_locale":"pt_BR","og_type":"article","og_title":"Agosto termina com contrastes extremos e calor de at\u00e9 41\u00baC - Jornal Ponto Mais","og_description":"O \u00faltimo dia de agosto \u00e9 marcado por contrastes extremos no pa\u00eds, com previs\u00e3o de temporais e alerta de perigo na Regi\u00e3o Sul \u2014 onde Curitiba pode alcan\u00e7ar 35\u00b0C e Porto Alegre n\u00e3o passa dos 19\u00b0C \u2014, enquanto o\u00a0Centro-Oeste e o Norte enfrentam calor intenso de at\u00e9 41\u00b0C em capitais como Cuiab\u00e1 e Porto Velho, [&hellip;]","og_url":"https:\/\/jornalpontomais.com\/site\/2026\/08\/31\/agosto-termina-com-contrastes-extremos-e-calor-de-ate-41oc\/","og_site_name":"Jornal Ponto Mais","article_published_time":"2026-08-31T13:29:37+00:00","og_image":[{"width":1170,"height":700,"url":"https:\/\/jornalpontomais.com\/site\/wp-content\/uploads\/2026\/08\/pint1123.webp","type":"image\/webp"}],"author":"Jornal Ponto Mais","twitter_card":"summary_large_image","twitter_misc":{"Escrito por":"Jornal Ponto Mais","Est. tempo de leitura":"3 minutos"},"schema":{"@context":"https:\/\/schema.org","@graph":[{"@type":"Article","@id":"https:\/\/jornalpontomais.com\/site\/2026\/08\/31\/agosto-termina-com-contrastes-extremos-e-calor-de-ate-41oc\/#article","isPartOf":{"@id":"https:\/\/jornalpontomais.com\/site\/2026\/08\/31\/agosto-termina-com-contrastes-extremos-e-calor-de-ate-41oc\/"},"author":{"name":"Jornal Ponto Mais","@id":"https:\/\/jornalpontomais.com\/site\/#\/schema\/person\/18323f0b0f1355f2490721c48389fe9d"},"headline":"Agosto termina com contrastes extremos e calor de at\u00e9 41\u00baC","datePublished":"2026-08-31T13:29:37+00:00","mainEntityOfPage":{"@id":"https:\/\/jornalpontomais.com\/site\/2026\/08\/31\/agosto-termina-com-contrastes-extremos-e-calor-de-ate-41oc\/"},"wordCount":566,"commentCount":0,"publisher":{"@id":"https:\/\/jornalpontomais.com\/site\/#organization"},"image":{"@id":"https:\/\/jornalpontomais.com\/site\/2026\/08\/31\/agosto-termina-com-contrastes-extremos-e-calor-de-ate-41oc\/#primaryimage"},"thumbnailUrl":"https:\/\/jornalpontomais.com\/site\/wp-content\/uploads\/2026\/08\/pint1123.webp","articleSection":["Curiosidades"],"inLanguage":"pt-BR","potentialAction":[{"@type":"CommentAction","name":"Comment","target":["https:\/\/jornalpontomais.com\/site\/2026\/08\/31\/agosto-termina-com-contrastes-extremos-e-calor-de-ate-41oc\/#respond"]}]},{"@type":"WebPage","@id":"https:\/\/jornalpontomais.com\/site\/2026\/08\/31\/agosto-termina-com-contrastes-extremos-e-calor-de-ate-41oc\/","url":"https:\/\/jornalpontomais.com\/site\/2026\/08\/31\/agosto-termina-com-contrastes-extremos-e-calor-de-ate-41oc\/","name":"Agosto termina com contrastes extremos e calor de at\u00e9 41\u00baC - Jornal Ponto Mais","isPartOf":{"@id":"https:\/\/jornalpontomais.com\/site\/#website"},"primaryImageOfPage":{"@id":"https:\/\/jornalpontomais.com\/site\/2026\/08\/31\/agosto-termina-com-contrastes-extremos-e-calor-de-ate-41oc\/#primaryimage"},"image":{"@id":"https:\/\/jornalpontomais.com\/site\/2026\/08\/31\/agosto-termina-com-contrastes-extremos-e-calor-de-ate-41oc\/#primaryimage"},"thumbnailUrl":"https:\/\/jornalpontomais.com\/site\/wp-content\/uploads\/2026\/08\/pint1123.webp","datePublished":"2026-08-31T13:29:37+00:00","breadcrumb":{"@id":"https:\/\/jornalpontomais.com\/site\/2026\/08\/31\/agosto-termina-com-contrastes-extremos-e-calor-de-ate-41oc\/#breadcrumb"},"inLanguage":"pt-BR","potentialAction":[{"@type":"ReadAction","target":["https:\/\/jornalpontomais.com\/site\/2026\/08\/31\/agosto-termina-com-contrastes-extremos-e-calor-de-ate-41oc\/"]}]},{"@type":"ImageObject","inLanguage":"pt-BR","@id":"https:\/\/jornalpontomais.com\/site\/2026\/08\/31\/agosto-termina-com-contrastes-extremos-e-calor-de-ate-41oc\/#primaryimage","url":"https:\/\/jornalpontomais.com\/site\/wp-content\/uploads\/2026\/08\/pint1123.webp","contentUrl":"https:\/\/jornalpontomais.com\/site\/wp-content\/uploads\/2026\/08\/pint1123.webp","width":1170,"height":700},{"@type":"BreadcrumbList","@id":"https:\/\/jornalpontomais.com\/site\/2026\/08\/31\/agosto-termina-com-contrastes-extremos-e-calor-de-ate-41oc\/#breadcrumb","itemListElement":[{"@type":"ListItem","position":1,"name":"In\u00edcio","item":"https:\/\/jornalpontomais.com\/site\/"},{"@type":"ListItem","position":2,"name":"Agosto termina com contrastes extremos e calor de at\u00e9 41\u00baC"}]},{"@type":"WebSite","@id":"https:\/\/jornalpontomais.com\/site\/#website","url":"https:\/\/jornalpontomais.com\/site\/","name":"Jornal Ponto Mais","description":"As principais not\u00edcias do Brasil e do mundo. Confira!","publisher":{"@id":"https:\/\/jornalpontomais.com\/site\/#organization"},"potentialAction":[{"@type":"SearchAction","target":{"@type":"EntryPoint","urlTemplate":"https:\/\/jornalpontomais.com\/site\/?s={search_term_string}"},"query-input":{"@type":"PropertyValueSpecification","valueRequired":true,"valueName":"search_term_string"}}],"inLanguage":"pt-BR"},{"@type":"Organization","@id":"https:\/\/jornalpontomais.com\/site\/#organization","name":"Jornal Ponto+","url":"https:\/\/jornalpontomais.com\/site\/","logo":{"@type":"ImageObject","inLanguage":"pt-BR","@id":"https:\/\/jornalpontomais.com\/site\/#\/schema\/logo\/image\/","url":"https:\/\/jornalpontomais.com\/site\/wp-content\/uploads\/2022\/01\/marca.png","contentUrl":"https:\/\/jornalpontomais.com\/site\/wp-content\/uploads\/2022\/01\/marca.png","width":582,"height":148,"caption":"Jornal Ponto+"},"image":{"@id":"https:\/\/jornalpontomais.com\/site\/#\/schema\/logo\/image\/"}},{"@type":"Person","@id":"https:\/\/jornalpontomais.com\/site\/#\/schema\/person\/18323f0b0f1355f2490721c48389fe9d","name":"Jornal Ponto Mais","image":{"@type":"ImageObject","inLanguage":"pt-BR","@id":"https:\/\/secure.gravatar.com\/avatar\/2ee0a9b7fe10fe32bdec8bc086e871e41eb5f4f6ecbcb7b4f2fe0d92d831405f?s=96&d=mm&r=g","url":"https:\/\/secure.gravatar.com\/avatar\/2ee0a9b7fe10fe32bdec8bc086e871e41eb5f4f6ecbcb7b4f2fe0d92d831405f?s=96&d=mm&r=g","contentUrl":"https:\/\/secure.gravatar.com\/avatar\/2ee0a9b7fe10fe32bdec8bc086e871e41eb5f4f6ecbcb7b4f2fe0d92d831405f?s=96&d=mm&r=g","caption":"Jornal Ponto Mais"},"sameAs":["https:\/\/jornalpontomais.com\/site","jornalpontomais"],"url":"https:\/\/jornalpontomais.com\/site\/author\/jornalpontomais\/"}]}},"_links":{"self":[{"href":"https:\/\/jornalpontomais.com\/site\/wp-json\/wp\/v2\/posts\/25148","targetHints":{"allow":["GET"]}}],"collection":[{"href":"https:\/\/jornalpontomais.com\/site\/wp-json\/wp\/v2\/posts"}],"about":[{"href":"https:\/\/jornalpontomais.com\/site\/wp-json\/wp\/v2\/types\/post"}],"author":[{"embeddable":true,"href":"https:\/\/jornalpontomais.com\/site\/wp-json\/wp\/v2\/users\/2"}],"replies":[{"embeddable":true,"href":"https:\/\/jornalpontomais.com\/site\/wp-json\/wp\/v2\/comments?post=25148"}],"version-history":[{"count":1,"href":"https:\/\/jornalpontomais.com\/site\/wp-json\/wp\/v2\/posts\/25148\/revisions"}],"predecessor-version":[{"id":25150,"href":"https:\/\/jornalpontomais.com\/site\/wp-json\/wp\/v2\/posts\/25148\/revisions\/25150"}],"wp:featuredmedia":[{"embeddable":true,"href":"https:\/\/jornalpontomais.com\/site\/wp-json\/wp\/v2\/media\/25149"}],"wp:attachment":[{"href":"https:\/\/jornalpontomais.com\/site\/wp-json\/wp\/v2\/media?parent=25148"}],"wp:term":[{"taxonomy":"category","embeddable":true,"href":"https:\/\/jornalpontomais.com\/site\/wp-json\/wp\/v2\/categories?post=25148"},{"taxonomy":"post_tag","embeddable":true,"href":"https:\/\/jornalpontomais.com\/site\/wp-json\/wp\/v2\/tags?post=25148"}],"curies":[{"name":"wp","href":"https:\/\/api.w.org\/{rel}","templated":true}]}}