{"id":23905,"date":"2026-06-03T09:37:57","date_gmt":"2026-06-03T12:37:57","guid":{"rendered":"https:\/\/jornalpontomais.com\/site\/?p=23905"},"modified":"2026-06-03T09:37:58","modified_gmt":"2026-06-03T12:37:58","slug":"cine-cultura-reune-estreias-que-vao-da-palma-de-ouro-ao-suspense-nacional","status":"publish","type":"post","link":"https:\/\/jornalpontomais.com\/site\/2026\/06\/03\/cine-cultura-reune-estreias-que-vao-da-palma-de-ouro-ao-suspense-nacional\/","title":{"rendered":"Cine Cultura re\u00fane estreias que v\u00e3o da Palma de Ouro ao suspense nacional"},"content":{"rendered":"\n<p class=\"wp-block-paragraph\">O Cine Cultura traz uma programa\u00e7\u00e3o diversificada para os amantes da s\u00e9tima arte nesta semana, com duas estreias aguardadas pelo p\u00fablico e mais uma edi\u00e7\u00e3o de sua tradicional sess\u00e3o gratuita de cl\u00e1ssicos.<br><br><\/p>\n\n\n\n<p class=\"wp-block-paragraph\">Entram em cartaz os filmes\u00a0<em>Alpha<\/em>, da cineasta francesa Julia Ducournau, e\u00a0<em>Labirinto dos Garotos Perdidos<\/em>, do diretor brasileiro Matheus Marchetti, ambos com classifica\u00e7\u00e3o indicativa de 18 anos. No s\u00e1bado, o espa\u00e7o tamb\u00e9m exibe gratuitamente o cl\u00e1ssico\u00a0<em>O Segundo Rosto<\/em>\u00a0(<em>Seconds<\/em>, 1966), dirigido por John Frankenheimer.<br><br><\/p>\n\n\n\n<p class=\"wp-block-paragraph\">O principal destaque da grade \u00e9\u00a0<em>Alpha<\/em>, terceiro longa-metragem de Julia Ducournau, diretora dos aclamados\u00a0<em>Raw<\/em>\u00a0e\u00a0<em>Titane<\/em>, vencedor da Palma de Ouro no Festival de Cannes em 2021.<br><br><\/p>\n\n\n\n<p class=\"wp-block-paragraph\">Exibido na edi\u00e7\u00e3o mais recente do festival franc\u00eas, a obra acompanha a trajet\u00f3ria de uma menina de 13 anos cuja vida se transforma em um pesadelo ap\u00f3s o surgimento de uma nova doen\u00e7a contagiosa.<br><br><\/p>\n\n\n\n<p class=\"wp-block-paragraph\">Misturando drama, horror e elementos de fic\u00e7\u00e3o especulativa, a produ\u00e7\u00e3o chega ao Brasil em parceria com a distribuidora Mubi e j\u00e1 vem sendo apontada pela cr\u00edtica especializada como um potencial cl\u00e1ssico cult contempor\u00e2neo.<\/p>\n\n\n\n<figure class=\"wp-block-image\"><img decoding=\"async\" src=\"https:\/\/agencia.go.gov.br\/wp-content\/uploads\/2026\/06\/SECULT_CINE_CULTURA_LABIRINTO_DOS_GAROTOS_PERDIDOS-1024x577.jpeg\" alt=\"Cine Cultura re\u00fane estreias que v\u00e3o da Palma de Ouro ao suspense nacional - cena de Labirinto dos Garotos Perdidos\" class=\"wp-image-195550\"\/><figcaption class=\"wp-element-caption\">Sala tamb\u00e9m exibe&nbsp;<em>Labirinto dos Garotos Perdidos<\/em>, dirigido por Matheus Marchetti, um dos nomes em ascens\u00e3o do cinema nacional de g\u00eanero (Foto: Divulga\u00e7\u00e3o)<\/figcaption><\/figure>\n\n\n\n<p class=\"wp-block-paragraph\">Tamb\u00e9m chega ao Cine Cultura o cl\u00e1ssico\u00a0<em>Labirinto dos Garotos Perdidos<\/em>, dirigido por Matheus Marchetti, um dos nomes em ascens\u00e3o do cinema nacional de g\u00eanero.<br><br><\/p>\n\n\n\n<p class=\"wp-block-paragraph\">Na trama, uma narrativa de suspense marcada por atmosferas inquietantes e elementos on\u00edricos, sendo comparado por cr\u00edticos a obras como\u00a0<em>Depois de Horas<\/em>, de Martin Scorsese, e\u00a0<em>Suspiria<\/em>, de Dario Argento.<br><br><\/p>\n\n\n\n<p class=\"wp-block-paragraph\">Entre as op\u00e7\u00f5es da sala est\u00e3o ainda mais uma edi\u00e7\u00e3o da sess\u00e3o gratuita de cl\u00e1ssicos neste s\u00e1bado (06\/06).<br><br><\/p>\n\n\n\n<p class=\"wp-block-paragraph\">Desta vez, o p\u00fablico poder\u00e1 assistir a&nbsp;<em>O Segundo Rosto<\/em>&nbsp;(<em>Seconds<\/em>), obra-prima lan\u00e7ada em 1966 e dirigida por John Frankenheimer.<\/p>\n\n\n\n<figure class=\"wp-block-image\"><img decoding=\"async\" src=\"https:\/\/agencia.go.gov.br\/wp-content\/uploads\/2026\/06\/SECULT_CINE_CULTURA_O_SEGUNDO_ROSTO-1024x576.jpeg\" alt=\"Cine Cultura re\u00fane estreias que v\u00e3o da Palma de Ouro ao suspense nacional\" class=\"wp-image-195549\"\/><figcaption class=\"wp-element-caption\">Roteiro de&nbsp;<em>O Segundo Rosto<\/em>&nbsp;(<em>Seconds<\/em>) aborda temas como identidade, aliena\u00e7\u00e3o e desejo de recome\u00e7ar a vida. Longa de 1966 ser\u00e1 exibido na sess\u00e3o gratuita de cl\u00e1ssicos do Cine Cultura (Foto: Divulga\u00e7\u00e3o)<\/figcaption><\/figure>\n\n\n\n<p class=\"wp-block-paragraph\">Considerado um dos filmes mais influentes da fic\u00e7\u00e3o psicol\u00f3gica norte-americana, o roteiro aborda temas como identidade, aliena\u00e7\u00e3o e o desejo de recome\u00e7ar a vida, permanecendo atual e relevante quase seis d\u00e9cadas ap\u00f3s seu lan\u00e7amento.<br><br><\/p>\n\n\n\n<p class=\"wp-block-paragraph\">O Cine Cultura funciona no Centro Cultural Marietta Telles Machado, na Pra\u00e7a C\u00edvica. Os ingressos custam R$ 20 a inteira e R$ 10 a meia-entrada, com valor promocional de meia para todos \u00e0s segundas-feiras.<br><br><\/p>\n\n\n\n<p class=\"wp-block-paragraph\">A&nbsp;<a href=\"https:\/\/goias.gov.br\/cultura\/cinemas\/cine-cultura\/\" target=\"_blank\" rel=\"noreferrer noopener\">programa\u00e7\u00e3o completa<\/a>, hor\u00e1rios e sinopses est\u00e3o dispon\u00edveis nos canais oficiais da unidade.<\/p>\n","protected":false},"excerpt":{"rendered":"<p>O Cine Cultura traz uma programa\u00e7\u00e3o diversificada para os amantes da s\u00e9tima arte nesta semana, com duas estreias aguardadas pelo p\u00fablico e mais uma edi\u00e7\u00e3o de sua tradicional sess\u00e3o gratuita de cl\u00e1ssicos. Entram em cartaz os filmes\u00a0Alpha, da cineasta francesa Julia Ducournau, e\u00a0Labirinto dos Garotos Perdidos, do diretor brasileiro Matheus Marchetti, ambos com classifica\u00e7\u00e3o indicativa [&hellip;]<\/p>\n","protected":false},"author":2,"featured_media":23906,"comment_status":"open","ping_status":"open","sticky":false,"template":"","format":"standard","meta":{"om_disable_all_campaigns":false,"_monsterinsights_skip_tracking":false,"_monsterinsights_sitenote_active":false,"_monsterinsights_sitenote_note":"","_monsterinsights_sitenote_category":0,"footnotes":""},"categories":[2],"tags":[],"class_list":["post-23905","post","type-post","status-publish","format-standard","has-post-thumbnail","hentry","category-entretenimento"],"yoast_head":"<!-- This site is optimized with the Yoast SEO plugin v27.2 - https:\/\/yoast.com\/product\/yoast-seo-wordpress\/ -->\n<title>Cine Cultura re\u00fane estreias que v\u00e3o da Palma de Ouro ao suspense nacional - Jornal Ponto Mais<\/title>\n<meta name=\"robots\" content=\"index, follow, max-snippet:-1, max-image-preview:large, max-video-preview:-1\" \/>\n<link rel=\"canonical\" href=\"https:\/\/jornalpontomais.com\/site\/2026\/06\/03\/cine-cultura-reune-estreias-que-vao-da-palma-de-ouro-ao-suspense-nacional\/\" \/>\n<meta property=\"og:locale\" content=\"pt_BR\" \/>\n<meta property=\"og:type\" content=\"article\" \/>\n<meta property=\"og:title\" content=\"Cine Cultura re\u00fane estreias que v\u00e3o da Palma de Ouro ao suspense nacional - Jornal Ponto Mais\" \/>\n<meta property=\"og:description\" content=\"O Cine Cultura traz uma programa\u00e7\u00e3o diversificada para os amantes da s\u00e9tima arte nesta semana, com duas estreias aguardadas pelo p\u00fablico e mais uma edi\u00e7\u00e3o de sua tradicional sess\u00e3o gratuita de cl\u00e1ssicos. Entram em cartaz os filmes\u00a0Alpha, da cineasta francesa Julia Ducournau, e\u00a0Labirinto dos Garotos Perdidos, do diretor brasileiro Matheus Marchetti, ambos com classifica\u00e7\u00e3o indicativa [&hellip;]\" \/>\n<meta property=\"og:url\" content=\"https:\/\/jornalpontomais.com\/site\/2026\/06\/03\/cine-cultura-reune-estreias-que-vao-da-palma-de-ouro-ao-suspense-nacional\/\" \/>\n<meta property=\"og:site_name\" content=\"Jornal Ponto Mais\" \/>\n<meta property=\"article:published_time\" content=\"2026-06-03T12:37:57+00:00\" \/>\n<meta property=\"article:modified_time\" content=\"2026-06-03T12:37:58+00:00\" \/>\n<meta property=\"og:image\" content=\"https:\/\/jornalpontomais.com\/site\/wp-content\/uploads\/2026\/06\/SECULT_CINE_CULTURA_ALPHA.jpg\" \/>\n\t<meta property=\"og:image:width\" content=\"1000\" \/>\n\t<meta property=\"og:image:height\" content=\"563\" \/>\n\t<meta property=\"og:image:type\" content=\"image\/jpeg\" \/>\n<meta name=\"author\" content=\"Jornal Ponto Mais\" \/>\n<meta name=\"twitter:card\" content=\"summary_large_image\" \/>\n<meta name=\"twitter:label1\" content=\"Escrito por\" \/>\n\t<meta name=\"twitter:data1\" content=\"Jornal Ponto Mais\" \/>\n\t<meta name=\"twitter:label2\" content=\"Est. tempo de leitura\" \/>\n\t<meta name=\"twitter:data2\" content=\"2 minutos\" \/>\n<script type=\"application\/ld+json\" class=\"yoast-schema-graph\">{\"@context\":\"https:\/\/schema.org\",\"@graph\":[{\"@type\":\"Article\",\"@id\":\"https:\/\/jornalpontomais.com\/site\/2026\/06\/03\/cine-cultura-reune-estreias-que-vao-da-palma-de-ouro-ao-suspense-nacional\/#article\",\"isPartOf\":{\"@id\":\"https:\/\/jornalpontomais.com\/site\/2026\/06\/03\/cine-cultura-reune-estreias-que-vao-da-palma-de-ouro-ao-suspense-nacional\/\"},\"author\":{\"name\":\"Jornal Ponto Mais\",\"@id\":\"https:\/\/jornalpontomais.com\/site\/#\/schema\/person\/18323f0b0f1355f2490721c48389fe9d\"},\"headline\":\"Cine Cultura re\u00fane estreias que v\u00e3o da Palma de Ouro ao suspense nacional\",\"datePublished\":\"2026-06-03T12:37:57+00:00\",\"dateModified\":\"2026-06-03T12:37:58+00:00\",\"mainEntityOfPage\":{\"@id\":\"https:\/\/jornalpontomais.com\/site\/2026\/06\/03\/cine-cultura-reune-estreias-que-vao-da-palma-de-ouro-ao-suspense-nacional\/\"},\"wordCount\":472,\"commentCount\":0,\"publisher\":{\"@id\":\"https:\/\/jornalpontomais.com\/site\/#organization\"},\"image\":{\"@id\":\"https:\/\/jornalpontomais.com\/site\/2026\/06\/03\/cine-cultura-reune-estreias-que-vao-da-palma-de-ouro-ao-suspense-nacional\/#primaryimage\"},\"thumbnailUrl\":\"https:\/\/jornalpontomais.com\/site\/wp-content\/uploads\/2026\/06\/SECULT_CINE_CULTURA_ALPHA.jpg\",\"articleSection\":[\"Entretenimento\"],\"inLanguage\":\"pt-BR\",\"potentialAction\":[{\"@type\":\"CommentAction\",\"name\":\"Comment\",\"target\":[\"https:\/\/jornalpontomais.com\/site\/2026\/06\/03\/cine-cultura-reune-estreias-que-vao-da-palma-de-ouro-ao-suspense-nacional\/#respond\"]}]},{\"@type\":\"WebPage\",\"@id\":\"https:\/\/jornalpontomais.com\/site\/2026\/06\/03\/cine-cultura-reune-estreias-que-vao-da-palma-de-ouro-ao-suspense-nacional\/\",\"url\":\"https:\/\/jornalpontomais.com\/site\/2026\/06\/03\/cine-cultura-reune-estreias-que-vao-da-palma-de-ouro-ao-suspense-nacional\/\",\"name\":\"Cine Cultura re\u00fane estreias que v\u00e3o da Palma de Ouro ao suspense nacional - Jornal Ponto Mais\",\"isPartOf\":{\"@id\":\"https:\/\/jornalpontomais.com\/site\/#website\"},\"primaryImageOfPage\":{\"@id\":\"https:\/\/jornalpontomais.com\/site\/2026\/06\/03\/cine-cultura-reune-estreias-que-vao-da-palma-de-ouro-ao-suspense-nacional\/#primaryimage\"},\"image\":{\"@id\":\"https:\/\/jornalpontomais.com\/site\/2026\/06\/03\/cine-cultura-reune-estreias-que-vao-da-palma-de-ouro-ao-suspense-nacional\/#primaryimage\"},\"thumbnailUrl\":\"https:\/\/jornalpontomais.com\/site\/wp-content\/uploads\/2026\/06\/SECULT_CINE_CULTURA_ALPHA.jpg\",\"datePublished\":\"2026-06-03T12:37:57+00:00\",\"dateModified\":\"2026-06-03T12:37:58+00:00\",\"breadcrumb\":{\"@id\":\"https:\/\/jornalpontomais.com\/site\/2026\/06\/03\/cine-cultura-reune-estreias-que-vao-da-palma-de-ouro-ao-suspense-nacional\/#breadcrumb\"},\"inLanguage\":\"pt-BR\",\"potentialAction\":[{\"@type\":\"ReadAction\",\"target\":[\"https:\/\/jornalpontomais.com\/site\/2026\/06\/03\/cine-cultura-reune-estreias-que-vao-da-palma-de-ouro-ao-suspense-nacional\/\"]}]},{\"@type\":\"ImageObject\",\"inLanguage\":\"pt-BR\",\"@id\":\"https:\/\/jornalpontomais.com\/site\/2026\/06\/03\/cine-cultura-reune-estreias-que-vao-da-palma-de-ouro-ao-suspense-nacional\/#primaryimage\",\"url\":\"https:\/\/jornalpontomais.com\/site\/wp-content\/uploads\/2026\/06\/SECULT_CINE_CULTURA_ALPHA.jpg\",\"contentUrl\":\"https:\/\/jornalpontomais.com\/site\/wp-content\/uploads\/2026\/06\/SECULT_CINE_CULTURA_ALPHA.jpg\",\"width\":1000,\"height\":563},{\"@type\":\"BreadcrumbList\",\"@id\":\"https:\/\/jornalpontomais.com\/site\/2026\/06\/03\/cine-cultura-reune-estreias-que-vao-da-palma-de-ouro-ao-suspense-nacional\/#breadcrumb\",\"itemListElement\":[{\"@type\":\"ListItem\",\"position\":1,\"name\":\"In\u00edcio\",\"item\":\"https:\/\/jornalpontomais.com\/site\/\"},{\"@type\":\"ListItem\",\"position\":2,\"name\":\"Cine Cultura re\u00fane estreias que v\u00e3o da Palma de Ouro ao suspense nacional\"}]},{\"@type\":\"WebSite\",\"@id\":\"https:\/\/jornalpontomais.com\/site\/#website\",\"url\":\"https:\/\/jornalpontomais.com\/site\/\",\"name\":\"Jornal Ponto Mais\",\"description\":\"As principais not\u00edcias do Brasil e do mundo. Confira!\",\"publisher\":{\"@id\":\"https:\/\/jornalpontomais.com\/site\/#organization\"},\"potentialAction\":[{\"@type\":\"SearchAction\",\"target\":{\"@type\":\"EntryPoint\",\"urlTemplate\":\"https:\/\/jornalpontomais.com\/site\/?s={search_term_string}\"},\"query-input\":{\"@type\":\"PropertyValueSpecification\",\"valueRequired\":true,\"valueName\":\"search_term_string\"}}],\"inLanguage\":\"pt-BR\"},{\"@type\":\"Organization\",\"@id\":\"https:\/\/jornalpontomais.com\/site\/#organization\",\"name\":\"Jornal Ponto+\",\"url\":\"https:\/\/jornalpontomais.com\/site\/\",\"logo\":{\"@type\":\"ImageObject\",\"inLanguage\":\"pt-BR\",\"@id\":\"https:\/\/jornalpontomais.com\/site\/#\/schema\/logo\/image\/\",\"url\":\"https:\/\/jornalpontomais.com\/site\/wp-content\/uploads\/2022\/01\/marca.png\",\"contentUrl\":\"https:\/\/jornalpontomais.com\/site\/wp-content\/uploads\/2022\/01\/marca.png\",\"width\":582,\"height\":148,\"caption\":\"Jornal Ponto+\"},\"image\":{\"@id\":\"https:\/\/jornalpontomais.com\/site\/#\/schema\/logo\/image\/\"}},{\"@type\":\"Person\",\"@id\":\"https:\/\/jornalpontomais.com\/site\/#\/schema\/person\/18323f0b0f1355f2490721c48389fe9d\",\"name\":\"Jornal Ponto Mais\",\"image\":{\"@type\":\"ImageObject\",\"inLanguage\":\"pt-BR\",\"@id\":\"https:\/\/secure.gravatar.com\/avatar\/2ee0a9b7fe10fe32bdec8bc086e871e41eb5f4f6ecbcb7b4f2fe0d92d831405f?s=96&d=mm&r=g\",\"url\":\"https:\/\/secure.gravatar.com\/avatar\/2ee0a9b7fe10fe32bdec8bc086e871e41eb5f4f6ecbcb7b4f2fe0d92d831405f?s=96&d=mm&r=g\",\"contentUrl\":\"https:\/\/secure.gravatar.com\/avatar\/2ee0a9b7fe10fe32bdec8bc086e871e41eb5f4f6ecbcb7b4f2fe0d92d831405f?s=96&d=mm&r=g\",\"caption\":\"Jornal Ponto Mais\"},\"sameAs\":[\"https:\/\/jornalpontomais.com\/site\",\"jornalpontomais\"],\"url\":\"https:\/\/jornalpontomais.com\/site\/author\/jornalpontomais\/\"}]}<\/script>\n<!-- \/ Yoast SEO plugin. -->","yoast_head_json":{"title":"Cine Cultura re\u00fane estreias que v\u00e3o da Palma de Ouro ao suspense nacional - Jornal Ponto Mais","robots":{"index":"index","follow":"follow","max-snippet":"max-snippet:-1","max-image-preview":"max-image-preview:large","max-video-preview":"max-video-preview:-1"},"canonical":"https:\/\/jornalpontomais.com\/site\/2026\/06\/03\/cine-cultura-reune-estreias-que-vao-da-palma-de-ouro-ao-suspense-nacional\/","og_locale":"pt_BR","og_type":"article","og_title":"Cine Cultura re\u00fane estreias que v\u00e3o da Palma de Ouro ao suspense nacional - Jornal Ponto Mais","og_description":"O Cine Cultura traz uma programa\u00e7\u00e3o diversificada para os amantes da s\u00e9tima arte nesta semana, com duas estreias aguardadas pelo p\u00fablico e mais uma edi\u00e7\u00e3o de sua tradicional sess\u00e3o gratuita de cl\u00e1ssicos. Entram em cartaz os filmes\u00a0Alpha, da cineasta francesa Julia Ducournau, e\u00a0Labirinto dos Garotos Perdidos, do diretor brasileiro Matheus Marchetti, ambos com classifica\u00e7\u00e3o indicativa [&hellip;]","og_url":"https:\/\/jornalpontomais.com\/site\/2026\/06\/03\/cine-cultura-reune-estreias-que-vao-da-palma-de-ouro-ao-suspense-nacional\/","og_site_name":"Jornal Ponto Mais","article_published_time":"2026-06-03T12:37:57+00:00","article_modified_time":"2026-06-03T12:37:58+00:00","og_image":[{"width":1000,"height":563,"url":"https:\/\/jornalpontomais.com\/site\/wp-content\/uploads\/2026\/06\/SECULT_CINE_CULTURA_ALPHA.jpg","type":"image\/jpeg"}],"author":"Jornal Ponto Mais","twitter_card":"summary_large_image","twitter_misc":{"Escrito por":"Jornal Ponto Mais","Est. tempo de leitura":"2 minutos"},"schema":{"@context":"https:\/\/schema.org","@graph":[{"@type":"Article","@id":"https:\/\/jornalpontomais.com\/site\/2026\/06\/03\/cine-cultura-reune-estreias-que-vao-da-palma-de-ouro-ao-suspense-nacional\/#article","isPartOf":{"@id":"https:\/\/jornalpontomais.com\/site\/2026\/06\/03\/cine-cultura-reune-estreias-que-vao-da-palma-de-ouro-ao-suspense-nacional\/"},"author":{"name":"Jornal Ponto Mais","@id":"https:\/\/jornalpontomais.com\/site\/#\/schema\/person\/18323f0b0f1355f2490721c48389fe9d"},"headline":"Cine Cultura re\u00fane estreias que v\u00e3o da Palma de Ouro ao suspense nacional","datePublished":"2026-06-03T12:37:57+00:00","dateModified":"2026-06-03T12:37:58+00:00","mainEntityOfPage":{"@id":"https:\/\/jornalpontomais.com\/site\/2026\/06\/03\/cine-cultura-reune-estreias-que-vao-da-palma-de-ouro-ao-suspense-nacional\/"},"wordCount":472,"commentCount":0,"publisher":{"@id":"https:\/\/jornalpontomais.com\/site\/#organization"},"image":{"@id":"https:\/\/jornalpontomais.com\/site\/2026\/06\/03\/cine-cultura-reune-estreias-que-vao-da-palma-de-ouro-ao-suspense-nacional\/#primaryimage"},"thumbnailUrl":"https:\/\/jornalpontomais.com\/site\/wp-content\/uploads\/2026\/06\/SECULT_CINE_CULTURA_ALPHA.jpg","articleSection":["Entretenimento"],"inLanguage":"pt-BR","potentialAction":[{"@type":"CommentAction","name":"Comment","target":["https:\/\/jornalpontomais.com\/site\/2026\/06\/03\/cine-cultura-reune-estreias-que-vao-da-palma-de-ouro-ao-suspense-nacional\/#respond"]}]},{"@type":"WebPage","@id":"https:\/\/jornalpontomais.com\/site\/2026\/06\/03\/cine-cultura-reune-estreias-que-vao-da-palma-de-ouro-ao-suspense-nacional\/","url":"https:\/\/jornalpontomais.com\/site\/2026\/06\/03\/cine-cultura-reune-estreias-que-vao-da-palma-de-ouro-ao-suspense-nacional\/","name":"Cine Cultura re\u00fane estreias que v\u00e3o da Palma de Ouro ao suspense nacional - Jornal Ponto Mais","isPartOf":{"@id":"https:\/\/jornalpontomais.com\/site\/#website"},"primaryImageOfPage":{"@id":"https:\/\/jornalpontomais.com\/site\/2026\/06\/03\/cine-cultura-reune-estreias-que-vao-da-palma-de-ouro-ao-suspense-nacional\/#primaryimage"},"image":{"@id":"https:\/\/jornalpontomais.com\/site\/2026\/06\/03\/cine-cultura-reune-estreias-que-vao-da-palma-de-ouro-ao-suspense-nacional\/#primaryimage"},"thumbnailUrl":"https:\/\/jornalpontomais.com\/site\/wp-content\/uploads\/2026\/06\/SECULT_CINE_CULTURA_ALPHA.jpg","datePublished":"2026-06-03T12:37:57+00:00","dateModified":"2026-06-03T12:37:58+00:00","breadcrumb":{"@id":"https:\/\/jornalpontomais.com\/site\/2026\/06\/03\/cine-cultura-reune-estreias-que-vao-da-palma-de-ouro-ao-suspense-nacional\/#breadcrumb"},"inLanguage":"pt-BR","potentialAction":[{"@type":"ReadAction","target":["https:\/\/jornalpontomais.com\/site\/2026\/06\/03\/cine-cultura-reune-estreias-que-vao-da-palma-de-ouro-ao-suspense-nacional\/"]}]},{"@type":"ImageObject","inLanguage":"pt-BR","@id":"https:\/\/jornalpontomais.com\/site\/2026\/06\/03\/cine-cultura-reune-estreias-que-vao-da-palma-de-ouro-ao-suspense-nacional\/#primaryimage","url":"https:\/\/jornalpontomais.com\/site\/wp-content\/uploads\/2026\/06\/SECULT_CINE_CULTURA_ALPHA.jpg","contentUrl":"https:\/\/jornalpontomais.com\/site\/wp-content\/uploads\/2026\/06\/SECULT_CINE_CULTURA_ALPHA.jpg","width":1000,"height":563},{"@type":"BreadcrumbList","@id":"https:\/\/jornalpontomais.com\/site\/2026\/06\/03\/cine-cultura-reune-estreias-que-vao-da-palma-de-ouro-ao-suspense-nacional\/#breadcrumb","itemListElement":[{"@type":"ListItem","position":1,"name":"In\u00edcio","item":"https:\/\/jornalpontomais.com\/site\/"},{"@type":"ListItem","position":2,"name":"Cine Cultura re\u00fane estreias que v\u00e3o da Palma de Ouro ao suspense nacional"}]},{"@type":"WebSite","@id":"https:\/\/jornalpontomais.com\/site\/#website","url":"https:\/\/jornalpontomais.com\/site\/","name":"Jornal Ponto Mais","description":"As principais not\u00edcias do Brasil e do mundo. Confira!","publisher":{"@id":"https:\/\/jornalpontomais.com\/site\/#organization"},"potentialAction":[{"@type":"SearchAction","target":{"@type":"EntryPoint","urlTemplate":"https:\/\/jornalpontomais.com\/site\/?s={search_term_string}"},"query-input":{"@type":"PropertyValueSpecification","valueRequired":true,"valueName":"search_term_string"}}],"inLanguage":"pt-BR"},{"@type":"Organization","@id":"https:\/\/jornalpontomais.com\/site\/#organization","name":"Jornal Ponto+","url":"https:\/\/jornalpontomais.com\/site\/","logo":{"@type":"ImageObject","inLanguage":"pt-BR","@id":"https:\/\/jornalpontomais.com\/site\/#\/schema\/logo\/image\/","url":"https:\/\/jornalpontomais.com\/site\/wp-content\/uploads\/2022\/01\/marca.png","contentUrl":"https:\/\/jornalpontomais.com\/site\/wp-content\/uploads\/2022\/01\/marca.png","width":582,"height":148,"caption":"Jornal Ponto+"},"image":{"@id":"https:\/\/jornalpontomais.com\/site\/#\/schema\/logo\/image\/"}},{"@type":"Person","@id":"https:\/\/jornalpontomais.com\/site\/#\/schema\/person\/18323f0b0f1355f2490721c48389fe9d","name":"Jornal Ponto Mais","image":{"@type":"ImageObject","inLanguage":"pt-BR","@id":"https:\/\/secure.gravatar.com\/avatar\/2ee0a9b7fe10fe32bdec8bc086e871e41eb5f4f6ecbcb7b4f2fe0d92d831405f?s=96&d=mm&r=g","url":"https:\/\/secure.gravatar.com\/avatar\/2ee0a9b7fe10fe32bdec8bc086e871e41eb5f4f6ecbcb7b4f2fe0d92d831405f?s=96&d=mm&r=g","contentUrl":"https:\/\/secure.gravatar.com\/avatar\/2ee0a9b7fe10fe32bdec8bc086e871e41eb5f4f6ecbcb7b4f2fe0d92d831405f?s=96&d=mm&r=g","caption":"Jornal Ponto Mais"},"sameAs":["https:\/\/jornalpontomais.com\/site","jornalpontomais"],"url":"https:\/\/jornalpontomais.com\/site\/author\/jornalpontomais\/"}]}},"_links":{"self":[{"href":"https:\/\/jornalpontomais.com\/site\/wp-json\/wp\/v2\/posts\/23905","targetHints":{"allow":["GET"]}}],"collection":[{"href":"https:\/\/jornalpontomais.com\/site\/wp-json\/wp\/v2\/posts"}],"about":[{"href":"https:\/\/jornalpontomais.com\/site\/wp-json\/wp\/v2\/types\/post"}],"author":[{"embeddable":true,"href":"https:\/\/jornalpontomais.com\/site\/wp-json\/wp\/v2\/users\/2"}],"replies":[{"embeddable":true,"href":"https:\/\/jornalpontomais.com\/site\/wp-json\/wp\/v2\/comments?post=23905"}],"version-history":[{"count":1,"href":"https:\/\/jornalpontomais.com\/site\/wp-json\/wp\/v2\/posts\/23905\/revisions"}],"predecessor-version":[{"id":23907,"href":"https:\/\/jornalpontomais.com\/site\/wp-json\/wp\/v2\/posts\/23905\/revisions\/23907"}],"wp:featuredmedia":[{"embeddable":true,"href":"https:\/\/jornalpontomais.com\/site\/wp-json\/wp\/v2\/media\/23906"}],"wp:attachment":[{"href":"https:\/\/jornalpontomais.com\/site\/wp-json\/wp\/v2\/media?parent=23905"}],"wp:term":[{"taxonomy":"category","embeddable":true,"href":"https:\/\/jornalpontomais.com\/site\/wp-json\/wp\/v2\/categories?post=23905"},{"taxonomy":"post_tag","embeddable":true,"href":"https:\/\/jornalpontomais.com\/site\/wp-json\/wp\/v2\/tags?post=23905"}],"curies":[{"name":"wp","href":"https:\/\/api.w.org\/{rel}","templated":true}]}}