{"id":23473,"date":"2026-04-30T10:25:00","date_gmt":"2026-04-30T13:25:00","guid":{"rendered":"https:\/\/jornalpontomais.com\/site\/?p=23473"},"modified":"2026-04-30T15:28:04","modified_gmt":"2026-04-30T18:28:04","slug":"salario-medio-do-trabalhador-amplia-recorde-e-chega-a-r-3-722","status":"publish","type":"post","link":"https:\/\/jornalpontomais.com\/site\/2026\/04\/30\/salario-medio-do-trabalhador-amplia-recorde-e-chega-a-r-3-722\/","title":{"rendered":"Sal\u00e1rio m\u00e9dio do trabalhador amplia recorde e chega a R$ 3.722"},"content":{"rendered":"\n<p>O rendimento m\u00e9dio mensal do trabalhador brasileiro alcan\u00e7ou R$ 3.722 no primeiro trimestre de 2026.\u00a0Esse valor representa acr\u00e9scimo real \u2013 j\u00e1 descontada a infla\u00e7\u00e3o \u2013 de 5,5% em rela\u00e7\u00e3o ao registrado no mesmo per\u00edodo de 2025.\u00a0\u00c9 o maior registrado em toda s\u00e9rie hist\u00f3rica da\u00a0<a href=\"https:\/\/agenciadenoticias.ibge.gov.br\/media\/com_mediaibge\/arquivos\/69f95a225b42486551a85a6e04e990ac.pdf\" target=\"_blank\" rel=\"noreferrer noopener\">Pesquisa Nacional por Amostra de Domic\u00edlios (Pnad) Cont\u00ednua<\/a>, iniciada em 2012.<img decoding=\"async\" src=\"https:\/\/agenciabrasil.ebc.com.br\/ebc.png?id=1687799&amp;o=node\"><img decoding=\"async\" src=\"https:\/\/agenciabrasil.ebc.com.br\/ebc.gif?id=1687799&amp;o=node\"><br><br><\/p>\n\n\n\n<p>O trimestre encerrado em mar\u00e7o \u00e9 o segundo consecutivo em que o sal\u00e1rio m\u00e9dio supera a casa dos R$ 3,7 mil.\u00a0No per\u00edodo de tr\u00eas meses terminado em fevereiro, o rendimento foi de R$ 3.702. Na compara\u00e7\u00e3o com o quarto trimestre de 2025, quando o valor era de R$ 3.662, houve expans\u00e3o de 1,6%.<br><br><\/p>\n\n\n\n<p>Os dados foram divulgados nesta quinta-feira (30) pelo\u00a0Instituto Brasileiro de Geografia e Estat\u00edstica (IBGE), no Rio de Janeiro.<br><br><\/p>\n\n\n\n<p>A pesquisa do IBGE coleta informa\u00e7\u00f5es de dez grupos de atividades. Em oito deles, o rendimento m\u00e9dio ficou est\u00e1vel (sem varia\u00e7\u00e3o significativa). Em dois, houve aumento m\u00e9dio de sal\u00e1rios: no com\u00e9rcio, alta de 3% (mais R$ 86); na administra\u00e7\u00e3o p\u00fablica, 2,5% (mais R$ 127).<br><br><\/p>\n\n\n\n<p><strong>Causas<\/strong><\/p>\n\n\n\n<p>A coordenadora de pesquisas domiciliares do IBGE, Adriana Beringuy, considera que parte desse rendimento recorde pode ser atribu\u00edda\u00a0ao aumento do\u00a0sal\u00e1rio m\u00ednimo, no come\u00e7o de janeiro, fixado em R$ 1.621. \u201cPode ter uma participa\u00e7\u00e3o j\u00e1 dessa quest\u00e3o do reajuste do sal\u00e1rio m\u00ednimo, que \u00e9 uma recomposi\u00e7\u00e3o e at\u00e9 ganhos reais [acima da infla\u00e7\u00e3o].\u201d<br><br><\/p>\n\n\n\n<p>No entanto, a analista destaca outro fator: no primeiro trimestre de 2026 houve redu\u00e7\u00e3o de 1 milh\u00e3o de pessoas na quantidade de trabalhadores ocupados em compara\u00e7\u00e3o com o quarto trimestre de 2025.<br><br><\/p>\n\n\n\n<p>A diminui\u00e7\u00e3o do contingente foi mais concentrada em trabalhadores informais, que ganham menos.<br><br><\/p>\n\n\n\n<p>\u201cEnt\u00e3o, a m\u00e9dia de rendimento dos que est\u00e3o ocupados nesse primeiro trimestre de 2026, comparativamente, \u00e9 maior que a m\u00e9dia de rendimento do quarto trimestre\u201d, completa.<br><br><\/p>\n\n\n\n<p><strong>Rendimentos<\/strong><\/p>\n\n\n\n<p>A pesquisa do IBGE mostrou ainda que a massa de rendimento dos trabalhadores ficou em R$ 374,8 bilh\u00f5es, tamb\u00e9m a maior j\u00e1 apurada na s\u00e9rie hist\u00f3rica.<br><br><\/p>\n\n\n\n<p>Esse montante \u00e9 o somat\u00f3rio dos sal\u00e1rios de todos os trabalhadores, dinheiro que acaba sendo usado para consumo, pagamento de d\u00edvidas, investimentos e poupan\u00e7a.<br><br><\/p>\n\n\n\n<p>Em rela\u00e7\u00e3o ao primeiro trimestre do ano passado, a massa salarial cresceu 7,1% acima da infla\u00e7\u00e3o. Isso representa, no total, R$ 24,8 bilh\u00f5es a mais na m\u00e3o dos trabalhadores no intervalo de um ano.<br><br><\/p>\n\n\n\n<p><strong>Previd\u00eancia<\/strong><\/p>\n\n\n\n<p>O IBGE identificou que a parcela de pessoas contribuintes para fins de previd\u00eancia no primeiro trimestre de 2026 ficou em 66,9% dos trabalhadores ocupados.<br><br><\/p>\n\n\n\n<p>Esse \u00e9 a maior propor\u00e7\u00e3o j\u00e1 registrada pela pesquisa e representa 68.174 milh\u00f5es de trabalhadores protegidos socialmente.<br><br><\/p>\n\n\n\n<p>Ao contribuir para institutos de previd\u00eancia, o trabalhador adquire garantias, como aposentadoria, benef\u00edcio por incapacidade e pens\u00e3o por morte.<br><br><\/p>\n\n\n\n<p>O IBGE considera contribuintes os empregados, empregadores, trabalhadores dom\u00e9sticos e por conta pr\u00f3pria que tenham contribu\u00eddo para institutos de previd\u00eancia oficial federal (INSS ou Plano de Seguridade Social da Uni\u00e3o), estadual ou municipal.<br><br><\/p>\n\n\n\n<p>De acordo com Adriana Beringuy, a explica\u00e7\u00e3o para o recorde de participa\u00e7\u00e3o est\u00e1 na queda da informalidade. \u201cOs informais contribuem menos para a previd\u00eancia.\u201d<br><br><\/p>\n\n\n\n<p>No trimestre encerrado em mar\u00e7o, a taxa de informalidade foi de 37,3% da popula\u00e7\u00e3o ocupada, o que equivale a 38,1 milh\u00f5es de trabalhadores informais, ou seja, sem direitos trabalhistas garantidos.<br><br><\/p>\n\n\n\n<p>No fim de 2025, a taxa era de 37,6%, enquanto no primeiro trimestre de 2025 era 38%.<br><br><\/p>\n\n\n\n<p>O IBGE esclarece que um trabalhador informal (por exemplo, um conta pr\u00f3pria sem CNPJ) pode ser contribuinte individual do INSS.<br><br><\/p>\n\n\n\n<p><strong>Desemprego menor<\/strong><\/p>\n\n\n\n<p>A Pnad \u00e9 o principal retrato do emprego no pa\u00eds e apura o comportamento no mercado de trabalho para pessoas com 14 anos ou mais e leva em conta todas as formas de ocupa\u00e7\u00e3o, seja com ou sem carteira assinada, tempor\u00e1rio e por conta pr\u00f3pria, por exemplo.<br><br><\/p>\n\n\n\n<p>No primeiro trimestre do ano,\u00a0a taxa de desemprego ficou em 6,1%, a menor j\u00e1 registrada para o per\u00edodo.<br><br><\/p>\n\n\n\n<p>Pelos crit\u00e9rios do instituto, s\u00f3 \u00e9 considerada desocupada a pessoa que efetivamente procurou uma vaga 30 dias antes da pesquisa. S\u00e3o visitados 211 mil domic\u00edlios em todos os estados e no Distrito Federal.<\/p>\n","protected":false},"excerpt":{"rendered":"<p>O rendimento m\u00e9dio mensal do trabalhador brasileiro alcan\u00e7ou R$ 3.722 no primeiro trimestre de 2026.\u00a0Esse valor representa acr\u00e9scimo real \u2013 j\u00e1 descontada a infla\u00e7\u00e3o \u2013 de 5,5% em rela\u00e7\u00e3o ao registrado no mesmo per\u00edodo de 2025.\u00a0\u00c9 o maior registrado em toda s\u00e9rie hist\u00f3rica da\u00a0Pesquisa Nacional por Amostra de Domic\u00edlios (Pnad) Cont\u00ednua, iniciada em 2012. O [&hellip;]<\/p>\n","protected":false},"author":2,"featured_media":22609,"comment_status":"open","ping_status":"open","sticky":true,"template":"","format":"standard","meta":{"om_disable_all_campaigns":false,"_monsterinsights_skip_tracking":false,"_monsterinsights_sitenote_active":false,"_monsterinsights_sitenote_note":"","_monsterinsights_sitenote_category":0,"footnotes":""},"categories":[37],"tags":[],"class_list":["post-23473","post","type-post","status-publish","format-standard","has-post-thumbnail","hentry","category-economia"],"yoast_head":"<!-- This site is optimized with the Yoast SEO plugin v27.2 - https:\/\/yoast.com\/product\/yoast-seo-wordpress\/ -->\n<title>Sal\u00e1rio m\u00e9dio do trabalhador amplia recorde e chega a R$ 3.722 - Jornal Ponto Mais<\/title>\n<meta name=\"robots\" content=\"index, follow, max-snippet:-1, max-image-preview:large, max-video-preview:-1\" \/>\n<link rel=\"canonical\" href=\"https:\/\/jornalpontomais.com\/site\/2026\/04\/30\/salario-medio-do-trabalhador-amplia-recorde-e-chega-a-r-3-722\/\" \/>\n<meta property=\"og:locale\" content=\"pt_BR\" \/>\n<meta property=\"og:type\" content=\"article\" \/>\n<meta property=\"og:title\" content=\"Sal\u00e1rio m\u00e9dio do trabalhador amplia recorde e chega a R$ 3.722 - Jornal Ponto Mais\" \/>\n<meta property=\"og:description\" content=\"O rendimento m\u00e9dio mensal do trabalhador brasileiro alcan\u00e7ou R$ 3.722 no primeiro trimestre de 2026.\u00a0Esse valor representa acr\u00e9scimo real \u2013 j\u00e1 descontada a infla\u00e7\u00e3o \u2013 de 5,5% em rela\u00e7\u00e3o ao registrado no mesmo per\u00edodo de 2025.\u00a0\u00c9 o maior registrado em toda s\u00e9rie hist\u00f3rica da\u00a0Pesquisa Nacional por Amostra de Domic\u00edlios (Pnad) Cont\u00ednua, iniciada em 2012. O [&hellip;]\" \/>\n<meta property=\"og:url\" content=\"https:\/\/jornalpontomais.com\/site\/2026\/04\/30\/salario-medio-do-trabalhador-amplia-recorde-e-chega-a-r-3-722\/\" \/>\n<meta property=\"og:site_name\" content=\"Jornal Ponto Mais\" \/>\n<meta property=\"article:published_time\" content=\"2026-04-30T13:25:00+00:00\" \/>\n<meta property=\"article:modified_time\" content=\"2026-04-30T18:28:04+00:00\" \/>\n<meta property=\"og:image\" content=\"https:\/\/jornalpontomais.com\/site\/wp-content\/uploads\/2026\/02\/real_moedadinheiro_jfcrz_abr_1701220048_1.webp\" \/>\n\t<meta property=\"og:image:width\" content=\"1170\" \/>\n\t<meta property=\"og:image:height\" content=\"700\" \/>\n\t<meta property=\"og:image:type\" content=\"image\/webp\" \/>\n<meta name=\"author\" content=\"Jornal Ponto Mais\" \/>\n<meta name=\"twitter:card\" content=\"summary_large_image\" \/>\n<meta name=\"twitter:label1\" content=\"Escrito por\" \/>\n\t<meta name=\"twitter:data1\" content=\"Jornal Ponto Mais\" \/>\n\t<meta name=\"twitter:label2\" content=\"Est. tempo de leitura\" \/>\n\t<meta name=\"twitter:data2\" content=\"4 minutos\" \/>\n<script type=\"application\/ld+json\" class=\"yoast-schema-graph\">{\"@context\":\"https:\/\/schema.org\",\"@graph\":[{\"@type\":\"Article\",\"@id\":\"https:\/\/jornalpontomais.com\/site\/2026\/04\/30\/salario-medio-do-trabalhador-amplia-recorde-e-chega-a-r-3-722\/#article\",\"isPartOf\":{\"@id\":\"https:\/\/jornalpontomais.com\/site\/2026\/04\/30\/salario-medio-do-trabalhador-amplia-recorde-e-chega-a-r-3-722\/\"},\"author\":{\"name\":\"Jornal Ponto Mais\",\"@id\":\"https:\/\/jornalpontomais.com\/site\/#\/schema\/person\/18323f0b0f1355f2490721c48389fe9d\"},\"headline\":\"Sal\u00e1rio m\u00e9dio do trabalhador amplia recorde e chega a R$ 3.722\",\"datePublished\":\"2026-04-30T13:25:00+00:00\",\"dateModified\":\"2026-04-30T18:28:04+00:00\",\"mainEntityOfPage\":{\"@id\":\"https:\/\/jornalpontomais.com\/site\/2026\/04\/30\/salario-medio-do-trabalhador-amplia-recorde-e-chega-a-r-3-722\/\"},\"wordCount\":721,\"commentCount\":0,\"publisher\":{\"@id\":\"https:\/\/jornalpontomais.com\/site\/#organization\"},\"image\":{\"@id\":\"https:\/\/jornalpontomais.com\/site\/2026\/04\/30\/salario-medio-do-trabalhador-amplia-recorde-e-chega-a-r-3-722\/#primaryimage\"},\"thumbnailUrl\":\"https:\/\/jornalpontomais.com\/site\/wp-content\/uploads\/2026\/02\/real_moedadinheiro_jfcrz_abr_1701220048_1.webp\",\"articleSection\":[\"Economia\"],\"inLanguage\":\"pt-BR\",\"potentialAction\":[{\"@type\":\"CommentAction\",\"name\":\"Comment\",\"target\":[\"https:\/\/jornalpontomais.com\/site\/2026\/04\/30\/salario-medio-do-trabalhador-amplia-recorde-e-chega-a-r-3-722\/#respond\"]}]},{\"@type\":\"WebPage\",\"@id\":\"https:\/\/jornalpontomais.com\/site\/2026\/04\/30\/salario-medio-do-trabalhador-amplia-recorde-e-chega-a-r-3-722\/\",\"url\":\"https:\/\/jornalpontomais.com\/site\/2026\/04\/30\/salario-medio-do-trabalhador-amplia-recorde-e-chega-a-r-3-722\/\",\"name\":\"Sal\u00e1rio m\u00e9dio do trabalhador amplia recorde e chega a R$ 3.722 - Jornal Ponto Mais\",\"isPartOf\":{\"@id\":\"https:\/\/jornalpontomais.com\/site\/#website\"},\"primaryImageOfPage\":{\"@id\":\"https:\/\/jornalpontomais.com\/site\/2026\/04\/30\/salario-medio-do-trabalhador-amplia-recorde-e-chega-a-r-3-722\/#primaryimage\"},\"image\":{\"@id\":\"https:\/\/jornalpontomais.com\/site\/2026\/04\/30\/salario-medio-do-trabalhador-amplia-recorde-e-chega-a-r-3-722\/#primaryimage\"},\"thumbnailUrl\":\"https:\/\/jornalpontomais.com\/site\/wp-content\/uploads\/2026\/02\/real_moedadinheiro_jfcrz_abr_1701220048_1.webp\",\"datePublished\":\"2026-04-30T13:25:00+00:00\",\"dateModified\":\"2026-04-30T18:28:04+00:00\",\"breadcrumb\":{\"@id\":\"https:\/\/jornalpontomais.com\/site\/2026\/04\/30\/salario-medio-do-trabalhador-amplia-recorde-e-chega-a-r-3-722\/#breadcrumb\"},\"inLanguage\":\"pt-BR\",\"potentialAction\":[{\"@type\":\"ReadAction\",\"target\":[\"https:\/\/jornalpontomais.com\/site\/2026\/04\/30\/salario-medio-do-trabalhador-amplia-recorde-e-chega-a-r-3-722\/\"]}]},{\"@type\":\"ImageObject\",\"inLanguage\":\"pt-BR\",\"@id\":\"https:\/\/jornalpontomais.com\/site\/2026\/04\/30\/salario-medio-do-trabalhador-amplia-recorde-e-chega-a-r-3-722\/#primaryimage\",\"url\":\"https:\/\/jornalpontomais.com\/site\/wp-content\/uploads\/2026\/02\/real_moedadinheiro_jfcrz_abr_1701220048_1.webp\",\"contentUrl\":\"https:\/\/jornalpontomais.com\/site\/wp-content\/uploads\/2026\/02\/real_moedadinheiro_jfcrz_abr_1701220048_1.webp\",\"width\":1170,\"height\":700},{\"@type\":\"BreadcrumbList\",\"@id\":\"https:\/\/jornalpontomais.com\/site\/2026\/04\/30\/salario-medio-do-trabalhador-amplia-recorde-e-chega-a-r-3-722\/#breadcrumb\",\"itemListElement\":[{\"@type\":\"ListItem\",\"position\":1,\"name\":\"In\u00edcio\",\"item\":\"https:\/\/jornalpontomais.com\/site\/\"},{\"@type\":\"ListItem\",\"position\":2,\"name\":\"Sal\u00e1rio m\u00e9dio do trabalhador amplia recorde e chega a R$ 3.722\"}]},{\"@type\":\"WebSite\",\"@id\":\"https:\/\/jornalpontomais.com\/site\/#website\",\"url\":\"https:\/\/jornalpontomais.com\/site\/\",\"name\":\"Jornal Ponto Mais\",\"description\":\"As principais not\u00edcias do Brasil e do mundo. Confira!\",\"publisher\":{\"@id\":\"https:\/\/jornalpontomais.com\/site\/#organization\"},\"potentialAction\":[{\"@type\":\"SearchAction\",\"target\":{\"@type\":\"EntryPoint\",\"urlTemplate\":\"https:\/\/jornalpontomais.com\/site\/?s={search_term_string}\"},\"query-input\":{\"@type\":\"PropertyValueSpecification\",\"valueRequired\":true,\"valueName\":\"search_term_string\"}}],\"inLanguage\":\"pt-BR\"},{\"@type\":\"Organization\",\"@id\":\"https:\/\/jornalpontomais.com\/site\/#organization\",\"name\":\"Jornal Ponto+\",\"url\":\"https:\/\/jornalpontomais.com\/site\/\",\"logo\":{\"@type\":\"ImageObject\",\"inLanguage\":\"pt-BR\",\"@id\":\"https:\/\/jornalpontomais.com\/site\/#\/schema\/logo\/image\/\",\"url\":\"https:\/\/jornalpontomais.com\/site\/wp-content\/uploads\/2022\/01\/marca.png\",\"contentUrl\":\"https:\/\/jornalpontomais.com\/site\/wp-content\/uploads\/2022\/01\/marca.png\",\"width\":582,\"height\":148,\"caption\":\"Jornal Ponto+\"},\"image\":{\"@id\":\"https:\/\/jornalpontomais.com\/site\/#\/schema\/logo\/image\/\"}},{\"@type\":\"Person\",\"@id\":\"https:\/\/jornalpontomais.com\/site\/#\/schema\/person\/18323f0b0f1355f2490721c48389fe9d\",\"name\":\"Jornal Ponto Mais\",\"image\":{\"@type\":\"ImageObject\",\"inLanguage\":\"pt-BR\",\"@id\":\"https:\/\/secure.gravatar.com\/avatar\/2ee0a9b7fe10fe32bdec8bc086e871e41eb5f4f6ecbcb7b4f2fe0d92d831405f?s=96&d=mm&r=g\",\"url\":\"https:\/\/secure.gravatar.com\/avatar\/2ee0a9b7fe10fe32bdec8bc086e871e41eb5f4f6ecbcb7b4f2fe0d92d831405f?s=96&d=mm&r=g\",\"contentUrl\":\"https:\/\/secure.gravatar.com\/avatar\/2ee0a9b7fe10fe32bdec8bc086e871e41eb5f4f6ecbcb7b4f2fe0d92d831405f?s=96&d=mm&r=g\",\"caption\":\"Jornal Ponto Mais\"},\"sameAs\":[\"https:\/\/jornalpontomais.com\/site\",\"jornalpontomais\"],\"url\":\"https:\/\/jornalpontomais.com\/site\/author\/jornalpontomais\/\"}]}<\/script>\n<!-- \/ Yoast SEO plugin. -->","yoast_head_json":{"title":"Sal\u00e1rio m\u00e9dio do trabalhador amplia recorde e chega a R$ 3.722 - Jornal Ponto Mais","robots":{"index":"index","follow":"follow","max-snippet":"max-snippet:-1","max-image-preview":"max-image-preview:large","max-video-preview":"max-video-preview:-1"},"canonical":"https:\/\/jornalpontomais.com\/site\/2026\/04\/30\/salario-medio-do-trabalhador-amplia-recorde-e-chega-a-r-3-722\/","og_locale":"pt_BR","og_type":"article","og_title":"Sal\u00e1rio m\u00e9dio do trabalhador amplia recorde e chega a R$ 3.722 - Jornal Ponto Mais","og_description":"O rendimento m\u00e9dio mensal do trabalhador brasileiro alcan\u00e7ou R$ 3.722 no primeiro trimestre de 2026.\u00a0Esse valor representa acr\u00e9scimo real \u2013 j\u00e1 descontada a infla\u00e7\u00e3o \u2013 de 5,5% em rela\u00e7\u00e3o ao registrado no mesmo per\u00edodo de 2025.\u00a0\u00c9 o maior registrado em toda s\u00e9rie hist\u00f3rica da\u00a0Pesquisa Nacional por Amostra de Domic\u00edlios (Pnad) Cont\u00ednua, iniciada em 2012. O [&hellip;]","og_url":"https:\/\/jornalpontomais.com\/site\/2026\/04\/30\/salario-medio-do-trabalhador-amplia-recorde-e-chega-a-r-3-722\/","og_site_name":"Jornal Ponto Mais","article_published_time":"2026-04-30T13:25:00+00:00","article_modified_time":"2026-04-30T18:28:04+00:00","og_image":[{"width":1170,"height":700,"url":"https:\/\/jornalpontomais.com\/site\/wp-content\/uploads\/2026\/02\/real_moedadinheiro_jfcrz_abr_1701220048_1.webp","type":"image\/webp"}],"author":"Jornal Ponto Mais","twitter_card":"summary_large_image","twitter_misc":{"Escrito por":"Jornal Ponto Mais","Est. tempo de leitura":"4 minutos"},"schema":{"@context":"https:\/\/schema.org","@graph":[{"@type":"Article","@id":"https:\/\/jornalpontomais.com\/site\/2026\/04\/30\/salario-medio-do-trabalhador-amplia-recorde-e-chega-a-r-3-722\/#article","isPartOf":{"@id":"https:\/\/jornalpontomais.com\/site\/2026\/04\/30\/salario-medio-do-trabalhador-amplia-recorde-e-chega-a-r-3-722\/"},"author":{"name":"Jornal Ponto Mais","@id":"https:\/\/jornalpontomais.com\/site\/#\/schema\/person\/18323f0b0f1355f2490721c48389fe9d"},"headline":"Sal\u00e1rio m\u00e9dio do trabalhador amplia recorde e chega a R$ 3.722","datePublished":"2026-04-30T13:25:00+00:00","dateModified":"2026-04-30T18:28:04+00:00","mainEntityOfPage":{"@id":"https:\/\/jornalpontomais.com\/site\/2026\/04\/30\/salario-medio-do-trabalhador-amplia-recorde-e-chega-a-r-3-722\/"},"wordCount":721,"commentCount":0,"publisher":{"@id":"https:\/\/jornalpontomais.com\/site\/#organization"},"image":{"@id":"https:\/\/jornalpontomais.com\/site\/2026\/04\/30\/salario-medio-do-trabalhador-amplia-recorde-e-chega-a-r-3-722\/#primaryimage"},"thumbnailUrl":"https:\/\/jornalpontomais.com\/site\/wp-content\/uploads\/2026\/02\/real_moedadinheiro_jfcrz_abr_1701220048_1.webp","articleSection":["Economia"],"inLanguage":"pt-BR","potentialAction":[{"@type":"CommentAction","name":"Comment","target":["https:\/\/jornalpontomais.com\/site\/2026\/04\/30\/salario-medio-do-trabalhador-amplia-recorde-e-chega-a-r-3-722\/#respond"]}]},{"@type":"WebPage","@id":"https:\/\/jornalpontomais.com\/site\/2026\/04\/30\/salario-medio-do-trabalhador-amplia-recorde-e-chega-a-r-3-722\/","url":"https:\/\/jornalpontomais.com\/site\/2026\/04\/30\/salario-medio-do-trabalhador-amplia-recorde-e-chega-a-r-3-722\/","name":"Sal\u00e1rio m\u00e9dio do trabalhador amplia recorde e chega a R$ 3.722 - Jornal Ponto Mais","isPartOf":{"@id":"https:\/\/jornalpontomais.com\/site\/#website"},"primaryImageOfPage":{"@id":"https:\/\/jornalpontomais.com\/site\/2026\/04\/30\/salario-medio-do-trabalhador-amplia-recorde-e-chega-a-r-3-722\/#primaryimage"},"image":{"@id":"https:\/\/jornalpontomais.com\/site\/2026\/04\/30\/salario-medio-do-trabalhador-amplia-recorde-e-chega-a-r-3-722\/#primaryimage"},"thumbnailUrl":"https:\/\/jornalpontomais.com\/site\/wp-content\/uploads\/2026\/02\/real_moedadinheiro_jfcrz_abr_1701220048_1.webp","datePublished":"2026-04-30T13:25:00+00:00","dateModified":"2026-04-30T18:28:04+00:00","breadcrumb":{"@id":"https:\/\/jornalpontomais.com\/site\/2026\/04\/30\/salario-medio-do-trabalhador-amplia-recorde-e-chega-a-r-3-722\/#breadcrumb"},"inLanguage":"pt-BR","potentialAction":[{"@type":"ReadAction","target":["https:\/\/jornalpontomais.com\/site\/2026\/04\/30\/salario-medio-do-trabalhador-amplia-recorde-e-chega-a-r-3-722\/"]}]},{"@type":"ImageObject","inLanguage":"pt-BR","@id":"https:\/\/jornalpontomais.com\/site\/2026\/04\/30\/salario-medio-do-trabalhador-amplia-recorde-e-chega-a-r-3-722\/#primaryimage","url":"https:\/\/jornalpontomais.com\/site\/wp-content\/uploads\/2026\/02\/real_moedadinheiro_jfcrz_abr_1701220048_1.webp","contentUrl":"https:\/\/jornalpontomais.com\/site\/wp-content\/uploads\/2026\/02\/real_moedadinheiro_jfcrz_abr_1701220048_1.webp","width":1170,"height":700},{"@type":"BreadcrumbList","@id":"https:\/\/jornalpontomais.com\/site\/2026\/04\/30\/salario-medio-do-trabalhador-amplia-recorde-e-chega-a-r-3-722\/#breadcrumb","itemListElement":[{"@type":"ListItem","position":1,"name":"In\u00edcio","item":"https:\/\/jornalpontomais.com\/site\/"},{"@type":"ListItem","position":2,"name":"Sal\u00e1rio m\u00e9dio do trabalhador amplia recorde e chega a R$ 3.722"}]},{"@type":"WebSite","@id":"https:\/\/jornalpontomais.com\/site\/#website","url":"https:\/\/jornalpontomais.com\/site\/","name":"Jornal Ponto Mais","description":"As principais not\u00edcias do Brasil e do mundo. Confira!","publisher":{"@id":"https:\/\/jornalpontomais.com\/site\/#organization"},"potentialAction":[{"@type":"SearchAction","target":{"@type":"EntryPoint","urlTemplate":"https:\/\/jornalpontomais.com\/site\/?s={search_term_string}"},"query-input":{"@type":"PropertyValueSpecification","valueRequired":true,"valueName":"search_term_string"}}],"inLanguage":"pt-BR"},{"@type":"Organization","@id":"https:\/\/jornalpontomais.com\/site\/#organization","name":"Jornal Ponto+","url":"https:\/\/jornalpontomais.com\/site\/","logo":{"@type":"ImageObject","inLanguage":"pt-BR","@id":"https:\/\/jornalpontomais.com\/site\/#\/schema\/logo\/image\/","url":"https:\/\/jornalpontomais.com\/site\/wp-content\/uploads\/2022\/01\/marca.png","contentUrl":"https:\/\/jornalpontomais.com\/site\/wp-content\/uploads\/2022\/01\/marca.png","width":582,"height":148,"caption":"Jornal Ponto+"},"image":{"@id":"https:\/\/jornalpontomais.com\/site\/#\/schema\/logo\/image\/"}},{"@type":"Person","@id":"https:\/\/jornalpontomais.com\/site\/#\/schema\/person\/18323f0b0f1355f2490721c48389fe9d","name":"Jornal Ponto Mais","image":{"@type":"ImageObject","inLanguage":"pt-BR","@id":"https:\/\/secure.gravatar.com\/avatar\/2ee0a9b7fe10fe32bdec8bc086e871e41eb5f4f6ecbcb7b4f2fe0d92d831405f?s=96&d=mm&r=g","url":"https:\/\/secure.gravatar.com\/avatar\/2ee0a9b7fe10fe32bdec8bc086e871e41eb5f4f6ecbcb7b4f2fe0d92d831405f?s=96&d=mm&r=g","contentUrl":"https:\/\/secure.gravatar.com\/avatar\/2ee0a9b7fe10fe32bdec8bc086e871e41eb5f4f6ecbcb7b4f2fe0d92d831405f?s=96&d=mm&r=g","caption":"Jornal Ponto Mais"},"sameAs":["https:\/\/jornalpontomais.com\/site","jornalpontomais"],"url":"https:\/\/jornalpontomais.com\/site\/author\/jornalpontomais\/"}]}},"_links":{"self":[{"href":"https:\/\/jornalpontomais.com\/site\/wp-json\/wp\/v2\/posts\/23473","targetHints":{"allow":["GET"]}}],"collection":[{"href":"https:\/\/jornalpontomais.com\/site\/wp-json\/wp\/v2\/posts"}],"about":[{"href":"https:\/\/jornalpontomais.com\/site\/wp-json\/wp\/v2\/types\/post"}],"author":[{"embeddable":true,"href":"https:\/\/jornalpontomais.com\/site\/wp-json\/wp\/v2\/users\/2"}],"replies":[{"embeddable":true,"href":"https:\/\/jornalpontomais.com\/site\/wp-json\/wp\/v2\/comments?post=23473"}],"version-history":[{"count":1,"href":"https:\/\/jornalpontomais.com\/site\/wp-json\/wp\/v2\/posts\/23473\/revisions"}],"predecessor-version":[{"id":23474,"href":"https:\/\/jornalpontomais.com\/site\/wp-json\/wp\/v2\/posts\/23473\/revisions\/23474"}],"wp:featuredmedia":[{"embeddable":true,"href":"https:\/\/jornalpontomais.com\/site\/wp-json\/wp\/v2\/media\/22609"}],"wp:attachment":[{"href":"https:\/\/jornalpontomais.com\/site\/wp-json\/wp\/v2\/media?parent=23473"}],"wp:term":[{"taxonomy":"category","embeddable":true,"href":"https:\/\/jornalpontomais.com\/site\/wp-json\/wp\/v2\/categories?post=23473"},{"taxonomy":"post_tag","embeddable":true,"href":"https:\/\/jornalpontomais.com\/site\/wp-json\/wp\/v2\/tags?post=23473"}],"curies":[{"name":"wp","href":"https:\/\/api.w.org\/{rel}","templated":true}]}}