{"id":23466,"date":"2026-04-30T10:22:00","date_gmt":"2026-04-30T13:22:00","guid":{"rendered":"https:\/\/jornalpontomais.com\/site\/?p=23466"},"modified":"2026-04-30T15:23:57","modified_gmt":"2026-04-30T18:23:57","slug":"unidades-culturais-tem-horarios-especiais-no-dia-do-trabalhador","status":"publish","type":"post","link":"https:\/\/jornalpontomais.com\/site\/2026\/04\/30\/unidades-culturais-tem-horarios-especiais-no-dia-do-trabalhador\/","title":{"rendered":"Unidades culturais t\u00eam hor\u00e1rios especiais no Dia do Trabalhador"},"content":{"rendered":"\n<p>A Secretaria da Cultura de Goi\u00e1s (Secult) divulga o funcionamento das unidades durante o feriado do Dia do Trabalhador, celebrado nesta sexta-feira (1\u00ba\/5). O Centro Cultural Octo Marques e o Teatro Goi\u00e2nia abrir\u00e3o normalmente, assim como o Pal\u00e1cio Conde dos Arcos, na cidade de Goi\u00e1s.<br><br><\/p>\n\n\n\n<p>O Centro Cultural Martim Cerer\u00ea, o Cine Cultura e o Museu da Imagem e do Som de Goi\u00e1s (MIS-GO) abrem durante parte do fim de semana prolongado, enquanto os demais equipamentos culturais da pasta estar\u00e3o fechados de 1\u00ba a 3 de maio.<br><br><\/p>\n\n\n\n<p><strong>Dia do Trabalhador<\/strong><\/p>\n\n\n\n<p>No Centro Cultural Octo Marques (CCOM), as galerias seguem com exposi\u00e7\u00f5es todos os dias, das 9h \u00e0s 16h, inclusive durante o feriado. O p\u00fablico poder\u00e1 visitar a individual \u201cAinda Assim Por Isso Mesmo\u201d, do artista goiano Marcelo Sol\u00e1; e a coletiva \u201cHidrolands Grafisch Atelier\u201d, que re\u00fane obras de artistas ligados \u00e0 editora fundada pelo mesmo artista, ambas em cartaz at\u00e9 o dia 6 de maio com visita\u00e7\u00e3o gratuita.<br><br><\/p>\n\n\n\n<p>O Teatro Goi\u00e2nia tamb\u00e9m ter\u00e1 programa\u00e7\u00e3o normal, com sess\u00f5es da pe\u00e7a Subvers\u00e3o Kafka na sexta-feira (1\u00ba\/5), \u00e0s 20h, no s\u00e1bado (2\/5), \u00e0s 19h, e no domingo (3\/5), \u00e0s 18h. O espet\u00e1culo \u00e9 protagonizado pelos atores Caio Blat e Ricardo Blat, e os ingressos est\u00e3o \u00e0 venda na plataforma Ingresso Digital.<br><br><\/p>\n\n\n\n<p>Na cidade de Goi\u00e1s, o Pal\u00e1cio Conde dos Arcos recebe visita\u00e7\u00e3o em hor\u00e1rio normal: das 7h \u00e0s 17h na sexta-feira (1\u00ba\/5), no s\u00e1bado (2\/5) e domingo (3\/5), das 8h \u00e0s 13h.<br><br><\/p>\n\n\n\n<p><strong>Atendimento parcial<\/strong><\/p>\n\n\n\n<p>O Martim Cerer\u00ea n\u00e3o abre na sexta-feira (1\u00ba\/5) e no s\u00e1bado (2\/5) e retoma as atividades no domingo (3\/5) com mais uma edi\u00e7\u00e3o da Feira Raiz Feminina, que acontece a partir das 15h30. A programa\u00e7\u00e3o inclui roda de samba, feijoada, bingo, oficina de macram\u00ea e roda de conversa, al\u00e9m da venda de produtos de mulheres empreendedoras. A entrada \u00e9 solid\u00e1ria, gratuita mediante a doa\u00e7\u00e3o de 1 kg de alimento n\u00e3o perec\u00edvel.<br><br><\/p>\n\n\n\n<p>O Cine Cultura e o MIS ter\u00e3o a programa\u00e7\u00e3o suspensa na sexta-feira (1\u00ba\/5), em raz\u00e3o do fechamento do Centro Cultural Marieta Telles Machado, devido \u00e0 realiza\u00e7\u00e3o de um evento de grande porte na Pra\u00e7a C\u00edvica. A medida considera quest\u00f5es operacionais e de seguran\u00e7a, bem como o controle de acesso e circula\u00e7\u00e3o no entorno do espa\u00e7o durante o per\u00edodo.<br><br><\/p>\n\n\n\n<p>As duas unidades retomam o funcionamento normal ao longo do fim de semana: o museu com visita\u00e7\u00e3o gratuita no s\u00e1bado (2\/5), das 8h \u00e0s 13h; e o cinema com sess\u00f5es no s\u00e1bado e no domingo (3\/5), conforme programa\u00e7\u00e3o dispon\u00edvel no perfil oficial no Instagram (@cineculturagoias). Os ingressos custam R$ 20 (inteira) e R$ 10 (meia), com pagamento em dinheiro ou via PIX.<br><br><\/p>\n\n\n\n<p><strong>Fechados<\/strong><\/p>\n\n\n\n<p>Permanecer\u00e3o sem atendimento, de 1\u00ba a 3 de maio: Arquivo Hist\u00f3rico Estadual, as bibliotecas Braille e Pio Vargas, a Gibiteca Jorge Braga, o Museu Pedro Ludovico, o Museu Goiano Zoroastro Artiaga (Muza) e a Vila Cultural Cora Coralina que est\u00e1 com montagem das pr\u00f3ximas exposi\u00e7\u00f5es que ser\u00e3o inauguradas na ter\u00e7a-feira (5\/5).<br><br><\/p>\n\n\n\n<p>No interior, o Museu Ferrovi\u00e1rio, em Pires do Rio, tamb\u00e9m ter\u00e1 o funcionamento suspenso. As atividades nesses locais ser\u00e3o retomadas normalmente a partir de segunda-feira (4\/5).<\/p>\n","protected":false},"excerpt":{"rendered":"<p>A Secretaria da Cultura de Goi\u00e1s (Secult) divulga o funcionamento das unidades durante o feriado do Dia do Trabalhador, celebrado nesta sexta-feira (1\u00ba\/5). O Centro Cultural Octo Marques e o Teatro Goi\u00e2nia abrir\u00e3o normalmente, assim como o Pal\u00e1cio Conde dos Arcos, na cidade de Goi\u00e1s. O Centro Cultural Martim Cerer\u00ea, o Cine Cultura e o [&hellip;]<\/p>\n","protected":false},"author":2,"featured_media":23467,"comment_status":"open","ping_status":"open","sticky":false,"template":"","format":"standard","meta":{"om_disable_all_campaigns":false,"_monsterinsights_skip_tracking":false,"_monsterinsights_sitenote_active":false,"_monsterinsights_sitenote_note":"","_monsterinsights_sitenote_category":0,"footnotes":""},"categories":[5],"tags":[],"class_list":["post-23466","post","type-post","status-publish","format-standard","has-post-thumbnail","hentry","category-curiosidades"],"yoast_head":"<!-- This site is optimized with the Yoast SEO plugin v27.2 - https:\/\/yoast.com\/product\/yoast-seo-wordpress\/ -->\n<title>Unidades culturais t\u00eam hor\u00e1rios especiais no Dia do Trabalhador - Jornal Ponto Mais<\/title>\n<meta name=\"robots\" content=\"index, follow, max-snippet:-1, max-image-preview:large, max-video-preview:-1\" \/>\n<link rel=\"canonical\" href=\"https:\/\/jornalpontomais.com\/site\/2026\/04\/30\/unidades-culturais-tem-horarios-especiais-no-dia-do-trabalhador\/\" \/>\n<meta property=\"og:locale\" content=\"pt_BR\" \/>\n<meta property=\"og:type\" content=\"article\" \/>\n<meta property=\"og:title\" content=\"Unidades culturais t\u00eam hor\u00e1rios especiais no Dia do Trabalhador - Jornal Ponto Mais\" \/>\n<meta property=\"og:description\" content=\"A Secretaria da Cultura de Goi\u00e1s (Secult) divulga o funcionamento das unidades durante o feriado do Dia do Trabalhador, celebrado nesta sexta-feira (1\u00ba\/5). O Centro Cultural Octo Marques e o Teatro Goi\u00e2nia abrir\u00e3o normalmente, assim como o Pal\u00e1cio Conde dos Arcos, na cidade de Goi\u00e1s. O Centro Cultural Martim Cerer\u00ea, o Cine Cultura e o [&hellip;]\" \/>\n<meta property=\"og:url\" content=\"https:\/\/jornalpontomais.com\/site\/2026\/04\/30\/unidades-culturais-tem-horarios-especiais-no-dia-do-trabalhador\/\" \/>\n<meta property=\"og:site_name\" content=\"Jornal Ponto Mais\" \/>\n<meta property=\"article:published_time\" content=\"2026-04-30T13:22:00+00:00\" \/>\n<meta property=\"article:modified_time\" content=\"2026-04-30T18:23:57+00:00\" \/>\n<meta property=\"og:image\" content=\"https:\/\/jornalpontomais.com\/site\/wp-content\/uploads\/2026\/04\/Unidades-culturais-tem-horarios-especiais-no-Dia-do-Trabalhador_Seduc.jpg\" \/>\n\t<meta property=\"og:image:width\" content=\"1280\" \/>\n\t<meta property=\"og:image:height\" content=\"849\" \/>\n\t<meta property=\"og:image:type\" content=\"image\/jpeg\" \/>\n<meta name=\"author\" content=\"Jornal Ponto Mais\" \/>\n<meta name=\"twitter:card\" content=\"summary_large_image\" \/>\n<meta name=\"twitter:label1\" content=\"Escrito por\" \/>\n\t<meta name=\"twitter:data1\" content=\"Jornal Ponto Mais\" \/>\n\t<meta name=\"twitter:label2\" content=\"Est. tempo de leitura\" \/>\n\t<meta name=\"twitter:data2\" content=\"3 minutos\" \/>\n<script type=\"application\/ld+json\" class=\"yoast-schema-graph\">{\"@context\":\"https:\/\/schema.org\",\"@graph\":[{\"@type\":\"Article\",\"@id\":\"https:\/\/jornalpontomais.com\/site\/2026\/04\/30\/unidades-culturais-tem-horarios-especiais-no-dia-do-trabalhador\/#article\",\"isPartOf\":{\"@id\":\"https:\/\/jornalpontomais.com\/site\/2026\/04\/30\/unidades-culturais-tem-horarios-especiais-no-dia-do-trabalhador\/\"},\"author\":{\"name\":\"Jornal Ponto Mais\",\"@id\":\"https:\/\/jornalpontomais.com\/site\/#\/schema\/person\/18323f0b0f1355f2490721c48389fe9d\"},\"headline\":\"Unidades culturais t\u00eam hor\u00e1rios especiais no Dia do Trabalhador\",\"datePublished\":\"2026-04-30T13:22:00+00:00\",\"dateModified\":\"2026-04-30T18:23:57+00:00\",\"mainEntityOfPage\":{\"@id\":\"https:\/\/jornalpontomais.com\/site\/2026\/04\/30\/unidades-culturais-tem-horarios-especiais-no-dia-do-trabalhador\/\"},\"wordCount\":553,\"commentCount\":0,\"publisher\":{\"@id\":\"https:\/\/jornalpontomais.com\/site\/#organization\"},\"image\":{\"@id\":\"https:\/\/jornalpontomais.com\/site\/2026\/04\/30\/unidades-culturais-tem-horarios-especiais-no-dia-do-trabalhador\/#primaryimage\"},\"thumbnailUrl\":\"https:\/\/jornalpontomais.com\/site\/wp-content\/uploads\/2026\/04\/Unidades-culturais-tem-horarios-especiais-no-Dia-do-Trabalhador_Seduc.jpg\",\"articleSection\":[\"Curiosidades\"],\"inLanguage\":\"pt-BR\",\"potentialAction\":[{\"@type\":\"CommentAction\",\"name\":\"Comment\",\"target\":[\"https:\/\/jornalpontomais.com\/site\/2026\/04\/30\/unidades-culturais-tem-horarios-especiais-no-dia-do-trabalhador\/#respond\"]}]},{\"@type\":\"WebPage\",\"@id\":\"https:\/\/jornalpontomais.com\/site\/2026\/04\/30\/unidades-culturais-tem-horarios-especiais-no-dia-do-trabalhador\/\",\"url\":\"https:\/\/jornalpontomais.com\/site\/2026\/04\/30\/unidades-culturais-tem-horarios-especiais-no-dia-do-trabalhador\/\",\"name\":\"Unidades culturais t\u00eam hor\u00e1rios especiais no Dia do Trabalhador - Jornal Ponto Mais\",\"isPartOf\":{\"@id\":\"https:\/\/jornalpontomais.com\/site\/#website\"},\"primaryImageOfPage\":{\"@id\":\"https:\/\/jornalpontomais.com\/site\/2026\/04\/30\/unidades-culturais-tem-horarios-especiais-no-dia-do-trabalhador\/#primaryimage\"},\"image\":{\"@id\":\"https:\/\/jornalpontomais.com\/site\/2026\/04\/30\/unidades-culturais-tem-horarios-especiais-no-dia-do-trabalhador\/#primaryimage\"},\"thumbnailUrl\":\"https:\/\/jornalpontomais.com\/site\/wp-content\/uploads\/2026\/04\/Unidades-culturais-tem-horarios-especiais-no-Dia-do-Trabalhador_Seduc.jpg\",\"datePublished\":\"2026-04-30T13:22:00+00:00\",\"dateModified\":\"2026-04-30T18:23:57+00:00\",\"breadcrumb\":{\"@id\":\"https:\/\/jornalpontomais.com\/site\/2026\/04\/30\/unidades-culturais-tem-horarios-especiais-no-dia-do-trabalhador\/#breadcrumb\"},\"inLanguage\":\"pt-BR\",\"potentialAction\":[{\"@type\":\"ReadAction\",\"target\":[\"https:\/\/jornalpontomais.com\/site\/2026\/04\/30\/unidades-culturais-tem-horarios-especiais-no-dia-do-trabalhador\/\"]}]},{\"@type\":\"ImageObject\",\"inLanguage\":\"pt-BR\",\"@id\":\"https:\/\/jornalpontomais.com\/site\/2026\/04\/30\/unidades-culturais-tem-horarios-especiais-no-dia-do-trabalhador\/#primaryimage\",\"url\":\"https:\/\/jornalpontomais.com\/site\/wp-content\/uploads\/2026\/04\/Unidades-culturais-tem-horarios-especiais-no-Dia-do-Trabalhador_Seduc.jpg\",\"contentUrl\":\"https:\/\/jornalpontomais.com\/site\/wp-content\/uploads\/2026\/04\/Unidades-culturais-tem-horarios-especiais-no-Dia-do-Trabalhador_Seduc.jpg\",\"width\":1280,\"height\":849},{\"@type\":\"BreadcrumbList\",\"@id\":\"https:\/\/jornalpontomais.com\/site\/2026\/04\/30\/unidades-culturais-tem-horarios-especiais-no-dia-do-trabalhador\/#breadcrumb\",\"itemListElement\":[{\"@type\":\"ListItem\",\"position\":1,\"name\":\"In\u00edcio\",\"item\":\"https:\/\/jornalpontomais.com\/site\/\"},{\"@type\":\"ListItem\",\"position\":2,\"name\":\"Unidades culturais t\u00eam hor\u00e1rios especiais no Dia do Trabalhador\"}]},{\"@type\":\"WebSite\",\"@id\":\"https:\/\/jornalpontomais.com\/site\/#website\",\"url\":\"https:\/\/jornalpontomais.com\/site\/\",\"name\":\"Jornal Ponto Mais\",\"description\":\"As principais not\u00edcias do Brasil e do mundo. Confira!\",\"publisher\":{\"@id\":\"https:\/\/jornalpontomais.com\/site\/#organization\"},\"potentialAction\":[{\"@type\":\"SearchAction\",\"target\":{\"@type\":\"EntryPoint\",\"urlTemplate\":\"https:\/\/jornalpontomais.com\/site\/?s={search_term_string}\"},\"query-input\":{\"@type\":\"PropertyValueSpecification\",\"valueRequired\":true,\"valueName\":\"search_term_string\"}}],\"inLanguage\":\"pt-BR\"},{\"@type\":\"Organization\",\"@id\":\"https:\/\/jornalpontomais.com\/site\/#organization\",\"name\":\"Jornal Ponto+\",\"url\":\"https:\/\/jornalpontomais.com\/site\/\",\"logo\":{\"@type\":\"ImageObject\",\"inLanguage\":\"pt-BR\",\"@id\":\"https:\/\/jornalpontomais.com\/site\/#\/schema\/logo\/image\/\",\"url\":\"https:\/\/jornalpontomais.com\/site\/wp-content\/uploads\/2022\/01\/marca.png\",\"contentUrl\":\"https:\/\/jornalpontomais.com\/site\/wp-content\/uploads\/2022\/01\/marca.png\",\"width\":582,\"height\":148,\"caption\":\"Jornal Ponto+\"},\"image\":{\"@id\":\"https:\/\/jornalpontomais.com\/site\/#\/schema\/logo\/image\/\"}},{\"@type\":\"Person\",\"@id\":\"https:\/\/jornalpontomais.com\/site\/#\/schema\/person\/18323f0b0f1355f2490721c48389fe9d\",\"name\":\"Jornal Ponto Mais\",\"image\":{\"@type\":\"ImageObject\",\"inLanguage\":\"pt-BR\",\"@id\":\"https:\/\/secure.gravatar.com\/avatar\/2ee0a9b7fe10fe32bdec8bc086e871e41eb5f4f6ecbcb7b4f2fe0d92d831405f?s=96&d=mm&r=g\",\"url\":\"https:\/\/secure.gravatar.com\/avatar\/2ee0a9b7fe10fe32bdec8bc086e871e41eb5f4f6ecbcb7b4f2fe0d92d831405f?s=96&d=mm&r=g\",\"contentUrl\":\"https:\/\/secure.gravatar.com\/avatar\/2ee0a9b7fe10fe32bdec8bc086e871e41eb5f4f6ecbcb7b4f2fe0d92d831405f?s=96&d=mm&r=g\",\"caption\":\"Jornal Ponto Mais\"},\"sameAs\":[\"https:\/\/jornalpontomais.com\/site\",\"jornalpontomais\"],\"url\":\"https:\/\/jornalpontomais.com\/site\/author\/jornalpontomais\/\"}]}<\/script>\n<!-- \/ Yoast SEO plugin. -->","yoast_head_json":{"title":"Unidades culturais t\u00eam hor\u00e1rios especiais no Dia do Trabalhador - Jornal Ponto Mais","robots":{"index":"index","follow":"follow","max-snippet":"max-snippet:-1","max-image-preview":"max-image-preview:large","max-video-preview":"max-video-preview:-1"},"canonical":"https:\/\/jornalpontomais.com\/site\/2026\/04\/30\/unidades-culturais-tem-horarios-especiais-no-dia-do-trabalhador\/","og_locale":"pt_BR","og_type":"article","og_title":"Unidades culturais t\u00eam hor\u00e1rios especiais no Dia do Trabalhador - Jornal Ponto Mais","og_description":"A Secretaria da Cultura de Goi\u00e1s (Secult) divulga o funcionamento das unidades durante o feriado do Dia do Trabalhador, celebrado nesta sexta-feira (1\u00ba\/5). O Centro Cultural Octo Marques e o Teatro Goi\u00e2nia abrir\u00e3o normalmente, assim como o Pal\u00e1cio Conde dos Arcos, na cidade de Goi\u00e1s. O Centro Cultural Martim Cerer\u00ea, o Cine Cultura e o [&hellip;]","og_url":"https:\/\/jornalpontomais.com\/site\/2026\/04\/30\/unidades-culturais-tem-horarios-especiais-no-dia-do-trabalhador\/","og_site_name":"Jornal Ponto Mais","article_published_time":"2026-04-30T13:22:00+00:00","article_modified_time":"2026-04-30T18:23:57+00:00","og_image":[{"width":1280,"height":849,"url":"https:\/\/jornalpontomais.com\/site\/wp-content\/uploads\/2026\/04\/Unidades-culturais-tem-horarios-especiais-no-Dia-do-Trabalhador_Seduc.jpg","type":"image\/jpeg"}],"author":"Jornal Ponto Mais","twitter_card":"summary_large_image","twitter_misc":{"Escrito por":"Jornal Ponto Mais","Est. tempo de leitura":"3 minutos"},"schema":{"@context":"https:\/\/schema.org","@graph":[{"@type":"Article","@id":"https:\/\/jornalpontomais.com\/site\/2026\/04\/30\/unidades-culturais-tem-horarios-especiais-no-dia-do-trabalhador\/#article","isPartOf":{"@id":"https:\/\/jornalpontomais.com\/site\/2026\/04\/30\/unidades-culturais-tem-horarios-especiais-no-dia-do-trabalhador\/"},"author":{"name":"Jornal Ponto Mais","@id":"https:\/\/jornalpontomais.com\/site\/#\/schema\/person\/18323f0b0f1355f2490721c48389fe9d"},"headline":"Unidades culturais t\u00eam hor\u00e1rios especiais no Dia do Trabalhador","datePublished":"2026-04-30T13:22:00+00:00","dateModified":"2026-04-30T18:23:57+00:00","mainEntityOfPage":{"@id":"https:\/\/jornalpontomais.com\/site\/2026\/04\/30\/unidades-culturais-tem-horarios-especiais-no-dia-do-trabalhador\/"},"wordCount":553,"commentCount":0,"publisher":{"@id":"https:\/\/jornalpontomais.com\/site\/#organization"},"image":{"@id":"https:\/\/jornalpontomais.com\/site\/2026\/04\/30\/unidades-culturais-tem-horarios-especiais-no-dia-do-trabalhador\/#primaryimage"},"thumbnailUrl":"https:\/\/jornalpontomais.com\/site\/wp-content\/uploads\/2026\/04\/Unidades-culturais-tem-horarios-especiais-no-Dia-do-Trabalhador_Seduc.jpg","articleSection":["Curiosidades"],"inLanguage":"pt-BR","potentialAction":[{"@type":"CommentAction","name":"Comment","target":["https:\/\/jornalpontomais.com\/site\/2026\/04\/30\/unidades-culturais-tem-horarios-especiais-no-dia-do-trabalhador\/#respond"]}]},{"@type":"WebPage","@id":"https:\/\/jornalpontomais.com\/site\/2026\/04\/30\/unidades-culturais-tem-horarios-especiais-no-dia-do-trabalhador\/","url":"https:\/\/jornalpontomais.com\/site\/2026\/04\/30\/unidades-culturais-tem-horarios-especiais-no-dia-do-trabalhador\/","name":"Unidades culturais t\u00eam hor\u00e1rios especiais no Dia do Trabalhador - Jornal Ponto Mais","isPartOf":{"@id":"https:\/\/jornalpontomais.com\/site\/#website"},"primaryImageOfPage":{"@id":"https:\/\/jornalpontomais.com\/site\/2026\/04\/30\/unidades-culturais-tem-horarios-especiais-no-dia-do-trabalhador\/#primaryimage"},"image":{"@id":"https:\/\/jornalpontomais.com\/site\/2026\/04\/30\/unidades-culturais-tem-horarios-especiais-no-dia-do-trabalhador\/#primaryimage"},"thumbnailUrl":"https:\/\/jornalpontomais.com\/site\/wp-content\/uploads\/2026\/04\/Unidades-culturais-tem-horarios-especiais-no-Dia-do-Trabalhador_Seduc.jpg","datePublished":"2026-04-30T13:22:00+00:00","dateModified":"2026-04-30T18:23:57+00:00","breadcrumb":{"@id":"https:\/\/jornalpontomais.com\/site\/2026\/04\/30\/unidades-culturais-tem-horarios-especiais-no-dia-do-trabalhador\/#breadcrumb"},"inLanguage":"pt-BR","potentialAction":[{"@type":"ReadAction","target":["https:\/\/jornalpontomais.com\/site\/2026\/04\/30\/unidades-culturais-tem-horarios-especiais-no-dia-do-trabalhador\/"]}]},{"@type":"ImageObject","inLanguage":"pt-BR","@id":"https:\/\/jornalpontomais.com\/site\/2026\/04\/30\/unidades-culturais-tem-horarios-especiais-no-dia-do-trabalhador\/#primaryimage","url":"https:\/\/jornalpontomais.com\/site\/wp-content\/uploads\/2026\/04\/Unidades-culturais-tem-horarios-especiais-no-Dia-do-Trabalhador_Seduc.jpg","contentUrl":"https:\/\/jornalpontomais.com\/site\/wp-content\/uploads\/2026\/04\/Unidades-culturais-tem-horarios-especiais-no-Dia-do-Trabalhador_Seduc.jpg","width":1280,"height":849},{"@type":"BreadcrumbList","@id":"https:\/\/jornalpontomais.com\/site\/2026\/04\/30\/unidades-culturais-tem-horarios-especiais-no-dia-do-trabalhador\/#breadcrumb","itemListElement":[{"@type":"ListItem","position":1,"name":"In\u00edcio","item":"https:\/\/jornalpontomais.com\/site\/"},{"@type":"ListItem","position":2,"name":"Unidades culturais t\u00eam hor\u00e1rios especiais no Dia do Trabalhador"}]},{"@type":"WebSite","@id":"https:\/\/jornalpontomais.com\/site\/#website","url":"https:\/\/jornalpontomais.com\/site\/","name":"Jornal Ponto Mais","description":"As principais not\u00edcias do Brasil e do mundo. Confira!","publisher":{"@id":"https:\/\/jornalpontomais.com\/site\/#organization"},"potentialAction":[{"@type":"SearchAction","target":{"@type":"EntryPoint","urlTemplate":"https:\/\/jornalpontomais.com\/site\/?s={search_term_string}"},"query-input":{"@type":"PropertyValueSpecification","valueRequired":true,"valueName":"search_term_string"}}],"inLanguage":"pt-BR"},{"@type":"Organization","@id":"https:\/\/jornalpontomais.com\/site\/#organization","name":"Jornal Ponto+","url":"https:\/\/jornalpontomais.com\/site\/","logo":{"@type":"ImageObject","inLanguage":"pt-BR","@id":"https:\/\/jornalpontomais.com\/site\/#\/schema\/logo\/image\/","url":"https:\/\/jornalpontomais.com\/site\/wp-content\/uploads\/2022\/01\/marca.png","contentUrl":"https:\/\/jornalpontomais.com\/site\/wp-content\/uploads\/2022\/01\/marca.png","width":582,"height":148,"caption":"Jornal Ponto+"},"image":{"@id":"https:\/\/jornalpontomais.com\/site\/#\/schema\/logo\/image\/"}},{"@type":"Person","@id":"https:\/\/jornalpontomais.com\/site\/#\/schema\/person\/18323f0b0f1355f2490721c48389fe9d","name":"Jornal Ponto Mais","image":{"@type":"ImageObject","inLanguage":"pt-BR","@id":"https:\/\/secure.gravatar.com\/avatar\/2ee0a9b7fe10fe32bdec8bc086e871e41eb5f4f6ecbcb7b4f2fe0d92d831405f?s=96&d=mm&r=g","url":"https:\/\/secure.gravatar.com\/avatar\/2ee0a9b7fe10fe32bdec8bc086e871e41eb5f4f6ecbcb7b4f2fe0d92d831405f?s=96&d=mm&r=g","contentUrl":"https:\/\/secure.gravatar.com\/avatar\/2ee0a9b7fe10fe32bdec8bc086e871e41eb5f4f6ecbcb7b4f2fe0d92d831405f?s=96&d=mm&r=g","caption":"Jornal Ponto Mais"},"sameAs":["https:\/\/jornalpontomais.com\/site","jornalpontomais"],"url":"https:\/\/jornalpontomais.com\/site\/author\/jornalpontomais\/"}]}},"_links":{"self":[{"href":"https:\/\/jornalpontomais.com\/site\/wp-json\/wp\/v2\/posts\/23466","targetHints":{"allow":["GET"]}}],"collection":[{"href":"https:\/\/jornalpontomais.com\/site\/wp-json\/wp\/v2\/posts"}],"about":[{"href":"https:\/\/jornalpontomais.com\/site\/wp-json\/wp\/v2\/types\/post"}],"author":[{"embeddable":true,"href":"https:\/\/jornalpontomais.com\/site\/wp-json\/wp\/v2\/users\/2"}],"replies":[{"embeddable":true,"href":"https:\/\/jornalpontomais.com\/site\/wp-json\/wp\/v2\/comments?post=23466"}],"version-history":[{"count":1,"href":"https:\/\/jornalpontomais.com\/site\/wp-json\/wp\/v2\/posts\/23466\/revisions"}],"predecessor-version":[{"id":23468,"href":"https:\/\/jornalpontomais.com\/site\/wp-json\/wp\/v2\/posts\/23466\/revisions\/23468"}],"wp:featuredmedia":[{"embeddable":true,"href":"https:\/\/jornalpontomais.com\/site\/wp-json\/wp\/v2\/media\/23467"}],"wp:attachment":[{"href":"https:\/\/jornalpontomais.com\/site\/wp-json\/wp\/v2\/media?parent=23466"}],"wp:term":[{"taxonomy":"category","embeddable":true,"href":"https:\/\/jornalpontomais.com\/site\/wp-json\/wp\/v2\/categories?post=23466"},{"taxonomy":"post_tag","embeddable":true,"href":"https:\/\/jornalpontomais.com\/site\/wp-json\/wp\/v2\/tags?post=23466"}],"curies":[{"name":"wp","href":"https:\/\/api.w.org\/{rel}","templated":true}]}}