{"id":23460,"date":"2026-04-30T10:46:32","date_gmt":"2026-04-30T13:46:32","guid":{"rendered":"https:\/\/jornalpontomais.com\/site\/?p=23460"},"modified":"2026-04-30T10:46:32","modified_gmt":"2026-04-30T13:46:32","slug":"big-band-basileu-franca-celebra-em-concerto-o-jazz-e-o-choro","status":"publish","type":"post","link":"https:\/\/jornalpontomais.com\/site\/2026\/04\/30\/big-band-basileu-franca-celebra-em-concerto-o-jazz-e-o-choro\/","title":{"rendered":"Big Band Basileu Fran\u00e7a celebra em concerto o Jazz e o Choro"},"content":{"rendered":"\n<p>O Teatro Escola Basileu Fran\u00e7a se tornar\u00e1 palco de uma grande festa nesta quinta-feira (30\/4), em celebra\u00e7\u00e3o ao Jazz e ao Choro, em um concerto da Big Band Basileu Fran\u00e7a com os m\u00fasicos do Regional Taioba, que integra o N\u00facleo de Choro da Universidade Federal de Goi\u00e1s (UFG), e o maestro Everton Luiz, que ir\u00e1 reger o encontro.<br><br><\/p>\n\n\n\n<p>A apresenta\u00e7\u00e3o ser\u00e1 \u00e0s 20h e reunir\u00e1 elementos dos dois estilos em uma interpreta\u00e7\u00e3o \u00fanica de m\u00fasicas que est\u00e3o na mem\u00f3ria afetiva de v\u00e1rias gera\u00e7\u00f5es. A entrada \u00e9 gratuita. O concerto \u201cConex\u00e3o Brasil: do Choro ao Jazz\u201d surge como uma proposta de di\u00e1logo e aproxima\u00e7\u00e3o entre os dois estilos para se criar uma atmosfera musical em que a riqueza de cada um ser\u00e1 exaltada.<br><br><\/p>\n\n\n\n<h2 class=\"wp-block-heading\">Big Band Basileu Fran\u00e7a<\/h2>\n\n\n\n<p>O programa escolhido para a noite promete emocionar o p\u00fablico com uma interpreta\u00e7\u00e3o livre de obras que s\u00e3o s\u00edmbolos do Jazz, e que ter\u00e3o uma roupagem mel\u00f3dica a partir do ritmo brasileiro como \u201cSupertition\u2019, de Stevie Wonder, e \u201cTentation\u201d, de Diana Krall.<br><br><\/p>\n\n\n\n<p>\u201cPrograma surge da conex\u00e3o entre duas datas muito significativas para o universo musical, o Dia Nacional do Choro e o Dia Internacional do Jazz, que s\u00e3o comemorados neste m\u00eas, em 23 e 30, respectivamente. Para marcarmos essas duas datas, decidimos construir um concerto a partir das converg\u00eancias entre os dois estilos musicais. A ideia \u00e9 respeitar as caracter\u00edsticas de cada um, mas tamb\u00e9m abrir espa\u00e7o para que os m\u00fasicos se expressem e construam algo vivo no palco. O espet\u00e1culo vai celebrar a riqueza que marca tanto o ritmo estadunidense, quanto o brasileir\u00edssimo choro\u201d, explica o maestro e regente titular da Big Band, Marcos Lincoln.<br><br><\/p>\n\n\n\n<p>A Big Band Basileu Fran\u00e7a receber\u00e1 os m\u00fasicos Raul Bites, Luiz Felipe Morais, Jo\u00e3o Pedro da Silva Lima e Roberto Negr\u00e3o. Os quatros m\u00fasicos s\u00e3o estudantes de M\u00fasica da Universidade Federal de Goi\u00e1s e integram o grupo Regional Taioba.<br><br><\/p>\n\n\n\n<p>Desde a forma\u00e7\u00e3o em mar\u00e7o do ano passado dentro do N\u00facleo de Choro da UFG, o grupo vem se destacando na cena musical goianiense e conquistado f\u00e3s por onde tem passado. Al\u00e9m da participa\u00e7\u00e3o do Regional Taioba, a Big Band receber\u00e1 ainda o musicista e maestro Everton Luiz, que comandar\u00e1 o concerto.<br><br><\/p>\n\n\n\n<p>\u201cPara esta edi\u00e7\u00e3o, a Big Band convidou o Regional Taioba e o maestro Everton Luiz, que assumir\u00e1 a reg\u00eancia nesta noite especial. \u00c9 uma alegria imensa receb\u00ea-los em nossa casa, porque, al\u00e9m de podermos presenciar o talento de cada um, este concerto permitir\u00e1 o interc\u00e2mbio art\u00edstico e a conex\u00e3o entre diferentes forma\u00e7\u00f5es e gera\u00e7\u00f5es de m\u00fasicos de nosso estado. O p\u00fablico que for nos prestigiar ser\u00e1 surpreendido com o que preparamos para este concerto. O programa est\u00e1 incr\u00edvel\u201d, convida Marcos Lincoln.<br><br><\/p>\n\n\n\n<p>A Big Band Basileu Fran\u00e7a, criada com o objetivo de fomentar o estudo da m\u00fasica popular brasileira, \u00e9 um laborat\u00f3rio em que os estudantes t\u00eam a oportunidade de conhecer as especificidades da m\u00fasica e desenvolver habilidades a partir do trabalho exclusivo para este tipo de forma\u00e7\u00e3o.<br><br><\/p>\n\n\n\n<p>A Big Band faz parte da Escola do Futuro em Artes Basileu Fran\u00e7a, unidade de ensino t\u00e9cnico ligada \u00e0 Secretaria de Ci\u00eancia, Tecnologia e Inova\u00e7\u00e3o (Secti), que \u00e9 gerida, sob conv\u00eanio, pela Universidade Federal de Goi\u00e1s, por meio do Centro de Educa\u00e7\u00e3o, Trabalho e Tecnologia. (CETT\/UFG).<br><br><\/p>\n\n\n\n<p><strong>Servi\u00e7o:<\/strong><br>Assunto: Concerto Conex\u00e3o Brasil: do Choro ao Jazz<br>Quando: Quinta-feira (30\/4), \u00e0s 20h<br>Onde: Teatro Escola Basileu Fran\u00e7a \u2013 Av. Universit\u00e1ria, n\u00ba 1750, Setor Universit\u00e1rio, Goi\u00e2nia (GO), com entrada franca<\/p>\n","protected":false},"excerpt":{"rendered":"<p>O Teatro Escola Basileu Fran\u00e7a se tornar\u00e1 palco de uma grande festa nesta quinta-feira (30\/4), em celebra\u00e7\u00e3o ao Jazz e ao Choro, em um concerto da Big Band Basileu Fran\u00e7a com os m\u00fasicos do Regional Taioba, que integra o N\u00facleo de Choro da Universidade Federal de Goi\u00e1s (UFG), e o maestro Everton Luiz, que ir\u00e1 [&hellip;]<\/p>\n","protected":false},"author":2,"featured_media":23461,"comment_status":"open","ping_status":"open","sticky":false,"template":"","format":"standard","meta":{"om_disable_all_campaigns":false,"_monsterinsights_skip_tracking":false,"_monsterinsights_sitenote_active":false,"_monsterinsights_sitenote_note":"","_monsterinsights_sitenote_category":0,"footnotes":""},"categories":[2],"tags":[],"class_list":["post-23460","post","type-post","status-publish","format-standard","has-post-thumbnail","hentry","category-entretenimento"],"yoast_head":"<!-- This site is optimized with the Yoast SEO plugin v27.2 - https:\/\/yoast.com\/product\/yoast-seo-wordpress\/ -->\n<title>Big Band Basileu Fran\u00e7a celebra em concerto o Jazz e o Choro - Jornal Ponto Mais<\/title>\n<meta name=\"robots\" content=\"index, follow, max-snippet:-1, max-image-preview:large, max-video-preview:-1\" \/>\n<link rel=\"canonical\" href=\"https:\/\/jornalpontomais.com\/site\/2026\/04\/30\/big-band-basileu-franca-celebra-em-concerto-o-jazz-e-o-choro\/\" \/>\n<meta property=\"og:locale\" content=\"pt_BR\" \/>\n<meta property=\"og:type\" content=\"article\" \/>\n<meta property=\"og:title\" content=\"Big Band Basileu Fran\u00e7a celebra em concerto o Jazz e o Choro - Jornal Ponto Mais\" \/>\n<meta property=\"og:description\" content=\"O Teatro Escola Basileu Fran\u00e7a se tornar\u00e1 palco de uma grande festa nesta quinta-feira (30\/4), em celebra\u00e7\u00e3o ao Jazz e ao Choro, em um concerto da Big Band Basileu Fran\u00e7a com os m\u00fasicos do Regional Taioba, que integra o N\u00facleo de Choro da Universidade Federal de Goi\u00e1s (UFG), e o maestro Everton Luiz, que ir\u00e1 [&hellip;]\" \/>\n<meta property=\"og:url\" content=\"https:\/\/jornalpontomais.com\/site\/2026\/04\/30\/big-band-basileu-franca-celebra-em-concerto-o-jazz-e-o-choro\/\" \/>\n<meta property=\"og:site_name\" content=\"Jornal Ponto Mais\" \/>\n<meta property=\"article:published_time\" content=\"2026-04-30T13:46:32+00:00\" \/>\n<meta property=\"og:image\" content=\"https:\/\/jornalpontomais.com\/site\/wp-content\/uploads\/2026\/04\/Big-Band-Basileu-Franca-celebra-Jazz-e-Choro_Secti-2048x912-1.jpg\" \/>\n\t<meta property=\"og:image:width\" content=\"2048\" \/>\n\t<meta property=\"og:image:height\" content=\"912\" \/>\n\t<meta property=\"og:image:type\" content=\"image\/jpeg\" \/>\n<meta name=\"author\" content=\"Jornal Ponto Mais\" \/>\n<meta name=\"twitter:card\" content=\"summary_large_image\" \/>\n<meta name=\"twitter:label1\" content=\"Escrito por\" \/>\n\t<meta name=\"twitter:data1\" content=\"Jornal Ponto Mais\" \/>\n\t<meta name=\"twitter:label2\" content=\"Est. tempo de leitura\" \/>\n\t<meta name=\"twitter:data2\" content=\"3 minutos\" \/>\n<script type=\"application\/ld+json\" class=\"yoast-schema-graph\">{\"@context\":\"https:\/\/schema.org\",\"@graph\":[{\"@type\":\"Article\",\"@id\":\"https:\/\/jornalpontomais.com\/site\/2026\/04\/30\/big-band-basileu-franca-celebra-em-concerto-o-jazz-e-o-choro\/#article\",\"isPartOf\":{\"@id\":\"https:\/\/jornalpontomais.com\/site\/2026\/04\/30\/big-band-basileu-franca-celebra-em-concerto-o-jazz-e-o-choro\/\"},\"author\":{\"name\":\"Jornal Ponto Mais\",\"@id\":\"https:\/\/jornalpontomais.com\/site\/#\/schema\/person\/18323f0b0f1355f2490721c48389fe9d\"},\"headline\":\"Big Band Basileu Fran\u00e7a celebra em concerto o Jazz e o Choro\",\"datePublished\":\"2026-04-30T13:46:32+00:00\",\"mainEntityOfPage\":{\"@id\":\"https:\/\/jornalpontomais.com\/site\/2026\/04\/30\/big-band-basileu-franca-celebra-em-concerto-o-jazz-e-o-choro\/\"},\"wordCount\":645,\"commentCount\":0,\"publisher\":{\"@id\":\"https:\/\/jornalpontomais.com\/site\/#organization\"},\"image\":{\"@id\":\"https:\/\/jornalpontomais.com\/site\/2026\/04\/30\/big-band-basileu-franca-celebra-em-concerto-o-jazz-e-o-choro\/#primaryimage\"},\"thumbnailUrl\":\"https:\/\/jornalpontomais.com\/site\/wp-content\/uploads\/2026\/04\/Big-Band-Basileu-Franca-celebra-Jazz-e-Choro_Secti-2048x912-1.jpg\",\"articleSection\":[\"Entretenimento\"],\"inLanguage\":\"pt-BR\",\"potentialAction\":[{\"@type\":\"CommentAction\",\"name\":\"Comment\",\"target\":[\"https:\/\/jornalpontomais.com\/site\/2026\/04\/30\/big-band-basileu-franca-celebra-em-concerto-o-jazz-e-o-choro\/#respond\"]}]},{\"@type\":\"WebPage\",\"@id\":\"https:\/\/jornalpontomais.com\/site\/2026\/04\/30\/big-band-basileu-franca-celebra-em-concerto-o-jazz-e-o-choro\/\",\"url\":\"https:\/\/jornalpontomais.com\/site\/2026\/04\/30\/big-band-basileu-franca-celebra-em-concerto-o-jazz-e-o-choro\/\",\"name\":\"Big Band Basileu Fran\u00e7a celebra em concerto o Jazz e o Choro - Jornal Ponto Mais\",\"isPartOf\":{\"@id\":\"https:\/\/jornalpontomais.com\/site\/#website\"},\"primaryImageOfPage\":{\"@id\":\"https:\/\/jornalpontomais.com\/site\/2026\/04\/30\/big-band-basileu-franca-celebra-em-concerto-o-jazz-e-o-choro\/#primaryimage\"},\"image\":{\"@id\":\"https:\/\/jornalpontomais.com\/site\/2026\/04\/30\/big-band-basileu-franca-celebra-em-concerto-o-jazz-e-o-choro\/#primaryimage\"},\"thumbnailUrl\":\"https:\/\/jornalpontomais.com\/site\/wp-content\/uploads\/2026\/04\/Big-Band-Basileu-Franca-celebra-Jazz-e-Choro_Secti-2048x912-1.jpg\",\"datePublished\":\"2026-04-30T13:46:32+00:00\",\"breadcrumb\":{\"@id\":\"https:\/\/jornalpontomais.com\/site\/2026\/04\/30\/big-band-basileu-franca-celebra-em-concerto-o-jazz-e-o-choro\/#breadcrumb\"},\"inLanguage\":\"pt-BR\",\"potentialAction\":[{\"@type\":\"ReadAction\",\"target\":[\"https:\/\/jornalpontomais.com\/site\/2026\/04\/30\/big-band-basileu-franca-celebra-em-concerto-o-jazz-e-o-choro\/\"]}]},{\"@type\":\"ImageObject\",\"inLanguage\":\"pt-BR\",\"@id\":\"https:\/\/jornalpontomais.com\/site\/2026\/04\/30\/big-band-basileu-franca-celebra-em-concerto-o-jazz-e-o-choro\/#primaryimage\",\"url\":\"https:\/\/jornalpontomais.com\/site\/wp-content\/uploads\/2026\/04\/Big-Band-Basileu-Franca-celebra-Jazz-e-Choro_Secti-2048x912-1.jpg\",\"contentUrl\":\"https:\/\/jornalpontomais.com\/site\/wp-content\/uploads\/2026\/04\/Big-Band-Basileu-Franca-celebra-Jazz-e-Choro_Secti-2048x912-1.jpg\",\"width\":2048,\"height\":912},{\"@type\":\"BreadcrumbList\",\"@id\":\"https:\/\/jornalpontomais.com\/site\/2026\/04\/30\/big-band-basileu-franca-celebra-em-concerto-o-jazz-e-o-choro\/#breadcrumb\",\"itemListElement\":[{\"@type\":\"ListItem\",\"position\":1,\"name\":\"In\u00edcio\",\"item\":\"https:\/\/jornalpontomais.com\/site\/\"},{\"@type\":\"ListItem\",\"position\":2,\"name\":\"Big Band Basileu Fran\u00e7a celebra em concerto o Jazz e o Choro\"}]},{\"@type\":\"WebSite\",\"@id\":\"https:\/\/jornalpontomais.com\/site\/#website\",\"url\":\"https:\/\/jornalpontomais.com\/site\/\",\"name\":\"Jornal Ponto Mais\",\"description\":\"As principais not\u00edcias do Brasil e do mundo. Confira!\",\"publisher\":{\"@id\":\"https:\/\/jornalpontomais.com\/site\/#organization\"},\"potentialAction\":[{\"@type\":\"SearchAction\",\"target\":{\"@type\":\"EntryPoint\",\"urlTemplate\":\"https:\/\/jornalpontomais.com\/site\/?s={search_term_string}\"},\"query-input\":{\"@type\":\"PropertyValueSpecification\",\"valueRequired\":true,\"valueName\":\"search_term_string\"}}],\"inLanguage\":\"pt-BR\"},{\"@type\":\"Organization\",\"@id\":\"https:\/\/jornalpontomais.com\/site\/#organization\",\"name\":\"Jornal Ponto+\",\"url\":\"https:\/\/jornalpontomais.com\/site\/\",\"logo\":{\"@type\":\"ImageObject\",\"inLanguage\":\"pt-BR\",\"@id\":\"https:\/\/jornalpontomais.com\/site\/#\/schema\/logo\/image\/\",\"url\":\"https:\/\/jornalpontomais.com\/site\/wp-content\/uploads\/2022\/01\/marca.png\",\"contentUrl\":\"https:\/\/jornalpontomais.com\/site\/wp-content\/uploads\/2022\/01\/marca.png\",\"width\":582,\"height\":148,\"caption\":\"Jornal Ponto+\"},\"image\":{\"@id\":\"https:\/\/jornalpontomais.com\/site\/#\/schema\/logo\/image\/\"}},{\"@type\":\"Person\",\"@id\":\"https:\/\/jornalpontomais.com\/site\/#\/schema\/person\/18323f0b0f1355f2490721c48389fe9d\",\"name\":\"Jornal Ponto Mais\",\"image\":{\"@type\":\"ImageObject\",\"inLanguage\":\"pt-BR\",\"@id\":\"https:\/\/secure.gravatar.com\/avatar\/2ee0a9b7fe10fe32bdec8bc086e871e41eb5f4f6ecbcb7b4f2fe0d92d831405f?s=96&d=mm&r=g\",\"url\":\"https:\/\/secure.gravatar.com\/avatar\/2ee0a9b7fe10fe32bdec8bc086e871e41eb5f4f6ecbcb7b4f2fe0d92d831405f?s=96&d=mm&r=g\",\"contentUrl\":\"https:\/\/secure.gravatar.com\/avatar\/2ee0a9b7fe10fe32bdec8bc086e871e41eb5f4f6ecbcb7b4f2fe0d92d831405f?s=96&d=mm&r=g\",\"caption\":\"Jornal Ponto Mais\"},\"sameAs\":[\"https:\/\/jornalpontomais.com\/site\",\"jornalpontomais\"],\"url\":\"https:\/\/jornalpontomais.com\/site\/author\/jornalpontomais\/\"}]}<\/script>\n<!-- \/ Yoast SEO plugin. -->","yoast_head_json":{"title":"Big Band Basileu Fran\u00e7a celebra em concerto o Jazz e o Choro - Jornal Ponto Mais","robots":{"index":"index","follow":"follow","max-snippet":"max-snippet:-1","max-image-preview":"max-image-preview:large","max-video-preview":"max-video-preview:-1"},"canonical":"https:\/\/jornalpontomais.com\/site\/2026\/04\/30\/big-band-basileu-franca-celebra-em-concerto-o-jazz-e-o-choro\/","og_locale":"pt_BR","og_type":"article","og_title":"Big Band Basileu Fran\u00e7a celebra em concerto o Jazz e o Choro - Jornal Ponto Mais","og_description":"O Teatro Escola Basileu Fran\u00e7a se tornar\u00e1 palco de uma grande festa nesta quinta-feira (30\/4), em celebra\u00e7\u00e3o ao Jazz e ao Choro, em um concerto da Big Band Basileu Fran\u00e7a com os m\u00fasicos do Regional Taioba, que integra o N\u00facleo de Choro da Universidade Federal de Goi\u00e1s (UFG), e o maestro Everton Luiz, que ir\u00e1 [&hellip;]","og_url":"https:\/\/jornalpontomais.com\/site\/2026\/04\/30\/big-band-basileu-franca-celebra-em-concerto-o-jazz-e-o-choro\/","og_site_name":"Jornal Ponto Mais","article_published_time":"2026-04-30T13:46:32+00:00","og_image":[{"width":2048,"height":912,"url":"https:\/\/jornalpontomais.com\/site\/wp-content\/uploads\/2026\/04\/Big-Band-Basileu-Franca-celebra-Jazz-e-Choro_Secti-2048x912-1.jpg","type":"image\/jpeg"}],"author":"Jornal Ponto Mais","twitter_card":"summary_large_image","twitter_misc":{"Escrito por":"Jornal Ponto Mais","Est. tempo de leitura":"3 minutos"},"schema":{"@context":"https:\/\/schema.org","@graph":[{"@type":"Article","@id":"https:\/\/jornalpontomais.com\/site\/2026\/04\/30\/big-band-basileu-franca-celebra-em-concerto-o-jazz-e-o-choro\/#article","isPartOf":{"@id":"https:\/\/jornalpontomais.com\/site\/2026\/04\/30\/big-band-basileu-franca-celebra-em-concerto-o-jazz-e-o-choro\/"},"author":{"name":"Jornal Ponto Mais","@id":"https:\/\/jornalpontomais.com\/site\/#\/schema\/person\/18323f0b0f1355f2490721c48389fe9d"},"headline":"Big Band Basileu Fran\u00e7a celebra em concerto o Jazz e o Choro","datePublished":"2026-04-30T13:46:32+00:00","mainEntityOfPage":{"@id":"https:\/\/jornalpontomais.com\/site\/2026\/04\/30\/big-band-basileu-franca-celebra-em-concerto-o-jazz-e-o-choro\/"},"wordCount":645,"commentCount":0,"publisher":{"@id":"https:\/\/jornalpontomais.com\/site\/#organization"},"image":{"@id":"https:\/\/jornalpontomais.com\/site\/2026\/04\/30\/big-band-basileu-franca-celebra-em-concerto-o-jazz-e-o-choro\/#primaryimage"},"thumbnailUrl":"https:\/\/jornalpontomais.com\/site\/wp-content\/uploads\/2026\/04\/Big-Band-Basileu-Franca-celebra-Jazz-e-Choro_Secti-2048x912-1.jpg","articleSection":["Entretenimento"],"inLanguage":"pt-BR","potentialAction":[{"@type":"CommentAction","name":"Comment","target":["https:\/\/jornalpontomais.com\/site\/2026\/04\/30\/big-band-basileu-franca-celebra-em-concerto-o-jazz-e-o-choro\/#respond"]}]},{"@type":"WebPage","@id":"https:\/\/jornalpontomais.com\/site\/2026\/04\/30\/big-band-basileu-franca-celebra-em-concerto-o-jazz-e-o-choro\/","url":"https:\/\/jornalpontomais.com\/site\/2026\/04\/30\/big-band-basileu-franca-celebra-em-concerto-o-jazz-e-o-choro\/","name":"Big Band Basileu Fran\u00e7a celebra em concerto o Jazz e o Choro - Jornal Ponto Mais","isPartOf":{"@id":"https:\/\/jornalpontomais.com\/site\/#website"},"primaryImageOfPage":{"@id":"https:\/\/jornalpontomais.com\/site\/2026\/04\/30\/big-band-basileu-franca-celebra-em-concerto-o-jazz-e-o-choro\/#primaryimage"},"image":{"@id":"https:\/\/jornalpontomais.com\/site\/2026\/04\/30\/big-band-basileu-franca-celebra-em-concerto-o-jazz-e-o-choro\/#primaryimage"},"thumbnailUrl":"https:\/\/jornalpontomais.com\/site\/wp-content\/uploads\/2026\/04\/Big-Band-Basileu-Franca-celebra-Jazz-e-Choro_Secti-2048x912-1.jpg","datePublished":"2026-04-30T13:46:32+00:00","breadcrumb":{"@id":"https:\/\/jornalpontomais.com\/site\/2026\/04\/30\/big-band-basileu-franca-celebra-em-concerto-o-jazz-e-o-choro\/#breadcrumb"},"inLanguage":"pt-BR","potentialAction":[{"@type":"ReadAction","target":["https:\/\/jornalpontomais.com\/site\/2026\/04\/30\/big-band-basileu-franca-celebra-em-concerto-o-jazz-e-o-choro\/"]}]},{"@type":"ImageObject","inLanguage":"pt-BR","@id":"https:\/\/jornalpontomais.com\/site\/2026\/04\/30\/big-band-basileu-franca-celebra-em-concerto-o-jazz-e-o-choro\/#primaryimage","url":"https:\/\/jornalpontomais.com\/site\/wp-content\/uploads\/2026\/04\/Big-Band-Basileu-Franca-celebra-Jazz-e-Choro_Secti-2048x912-1.jpg","contentUrl":"https:\/\/jornalpontomais.com\/site\/wp-content\/uploads\/2026\/04\/Big-Band-Basileu-Franca-celebra-Jazz-e-Choro_Secti-2048x912-1.jpg","width":2048,"height":912},{"@type":"BreadcrumbList","@id":"https:\/\/jornalpontomais.com\/site\/2026\/04\/30\/big-band-basileu-franca-celebra-em-concerto-o-jazz-e-o-choro\/#breadcrumb","itemListElement":[{"@type":"ListItem","position":1,"name":"In\u00edcio","item":"https:\/\/jornalpontomais.com\/site\/"},{"@type":"ListItem","position":2,"name":"Big Band Basileu Fran\u00e7a celebra em concerto o Jazz e o Choro"}]},{"@type":"WebSite","@id":"https:\/\/jornalpontomais.com\/site\/#website","url":"https:\/\/jornalpontomais.com\/site\/","name":"Jornal Ponto Mais","description":"As principais not\u00edcias do Brasil e do mundo. Confira!","publisher":{"@id":"https:\/\/jornalpontomais.com\/site\/#organization"},"potentialAction":[{"@type":"SearchAction","target":{"@type":"EntryPoint","urlTemplate":"https:\/\/jornalpontomais.com\/site\/?s={search_term_string}"},"query-input":{"@type":"PropertyValueSpecification","valueRequired":true,"valueName":"search_term_string"}}],"inLanguage":"pt-BR"},{"@type":"Organization","@id":"https:\/\/jornalpontomais.com\/site\/#organization","name":"Jornal Ponto+","url":"https:\/\/jornalpontomais.com\/site\/","logo":{"@type":"ImageObject","inLanguage":"pt-BR","@id":"https:\/\/jornalpontomais.com\/site\/#\/schema\/logo\/image\/","url":"https:\/\/jornalpontomais.com\/site\/wp-content\/uploads\/2022\/01\/marca.png","contentUrl":"https:\/\/jornalpontomais.com\/site\/wp-content\/uploads\/2022\/01\/marca.png","width":582,"height":148,"caption":"Jornal Ponto+"},"image":{"@id":"https:\/\/jornalpontomais.com\/site\/#\/schema\/logo\/image\/"}},{"@type":"Person","@id":"https:\/\/jornalpontomais.com\/site\/#\/schema\/person\/18323f0b0f1355f2490721c48389fe9d","name":"Jornal Ponto Mais","image":{"@type":"ImageObject","inLanguage":"pt-BR","@id":"https:\/\/secure.gravatar.com\/avatar\/2ee0a9b7fe10fe32bdec8bc086e871e41eb5f4f6ecbcb7b4f2fe0d92d831405f?s=96&d=mm&r=g","url":"https:\/\/secure.gravatar.com\/avatar\/2ee0a9b7fe10fe32bdec8bc086e871e41eb5f4f6ecbcb7b4f2fe0d92d831405f?s=96&d=mm&r=g","contentUrl":"https:\/\/secure.gravatar.com\/avatar\/2ee0a9b7fe10fe32bdec8bc086e871e41eb5f4f6ecbcb7b4f2fe0d92d831405f?s=96&d=mm&r=g","caption":"Jornal Ponto Mais"},"sameAs":["https:\/\/jornalpontomais.com\/site","jornalpontomais"],"url":"https:\/\/jornalpontomais.com\/site\/author\/jornalpontomais\/"}]}},"_links":{"self":[{"href":"https:\/\/jornalpontomais.com\/site\/wp-json\/wp\/v2\/posts\/23460","targetHints":{"allow":["GET"]}}],"collection":[{"href":"https:\/\/jornalpontomais.com\/site\/wp-json\/wp\/v2\/posts"}],"about":[{"href":"https:\/\/jornalpontomais.com\/site\/wp-json\/wp\/v2\/types\/post"}],"author":[{"embeddable":true,"href":"https:\/\/jornalpontomais.com\/site\/wp-json\/wp\/v2\/users\/2"}],"replies":[{"embeddable":true,"href":"https:\/\/jornalpontomais.com\/site\/wp-json\/wp\/v2\/comments?post=23460"}],"version-history":[{"count":1,"href":"https:\/\/jornalpontomais.com\/site\/wp-json\/wp\/v2\/posts\/23460\/revisions"}],"predecessor-version":[{"id":23462,"href":"https:\/\/jornalpontomais.com\/site\/wp-json\/wp\/v2\/posts\/23460\/revisions\/23462"}],"wp:featuredmedia":[{"embeddable":true,"href":"https:\/\/jornalpontomais.com\/site\/wp-json\/wp\/v2\/media\/23461"}],"wp:attachment":[{"href":"https:\/\/jornalpontomais.com\/site\/wp-json\/wp\/v2\/media?parent=23460"}],"wp:term":[{"taxonomy":"category","embeddable":true,"href":"https:\/\/jornalpontomais.com\/site\/wp-json\/wp\/v2\/categories?post=23460"},{"taxonomy":"post_tag","embeddable":true,"href":"https:\/\/jornalpontomais.com\/site\/wp-json\/wp\/v2\/tags?post=23460"}],"curies":[{"name":"wp","href":"https:\/\/api.w.org\/{rel}","templated":true}]}}