{"id":23437,"date":"2026-04-28T14:14:14","date_gmt":"2026-04-28T17:14:14","guid":{"rendered":"https:\/\/jornalpontomais.com\/site\/?p=23437"},"modified":"2026-04-28T14:14:14","modified_gmt":"2026-04-28T17:14:14","slug":"ex-vice-prefeita-de-luziania-e-condenada-por-difamacao-contra-o-prefeito-diego-sorgatto","status":"publish","type":"post","link":"https:\/\/jornalpontomais.com\/site\/2026\/04\/28\/ex-vice-prefeita-de-luziania-e-condenada-por-difamacao-contra-o-prefeito-diego-sorgatto\/","title":{"rendered":"Ex-vice-prefeita de Luzi\u00e2nia \u00e9 condenada por difama\u00e7\u00e3o contra o prefeito Diego Sorgatto"},"content":{"rendered":"\n<p>A ex-vice-prefeita de Luzi\u00e2nia (GO), Ana L\u00facia de Sousa e Silva, foi condenada por difama\u00e7\u00e3o ap\u00f3s publica\u00e7\u00f5es feitas nas redes sociais em que associava o prefeito Diego Vaz Sorgatto a pr\u00e1ticas criminosas. A decis\u00e3o \u00e9 da 2\u00aa Vara Criminal do munic\u00edpio, que entendeu que uma das declara\u00e7\u00f5es ultrapassou os limites da liberdade de express\u00e3o ao atingir diretamente a reputa\u00e7\u00e3o do gestor. A pena estabelecida foi de nove meses de deten\u00e7\u00e3o, em regime aberto, posteriormente convertida em presta\u00e7\u00e3o pecuni\u00e1ria.<br><br><\/p>\n\n\n\n<p>A senten\u00e7a foi proferida pela ju\u00edza Luciana Oliveira de Almeida Maia da Silveira, que fixou a penalidade substitutiva no valor equivalente a quatro sal\u00e1rios m\u00ednimos, al\u00e9m do pagamento das custas processuais. Ainda cabe recurso.<br><br><\/p>\n\n\n\n<p>O caso teve origem em uma queixa-crime apresentada pelo prefeito, ap\u00f3s uma s\u00e9rie de postagens realizadas pela ent\u00e3o vice-prefeita no Facebook, em mar\u00e7o de 2024, durante um per\u00edodo marcado por investiga\u00e7\u00f5es envolvendo agentes p\u00fablicos no munic\u00edpio. Segundo os autos, as publica\u00e7\u00f5es continham insinua\u00e7\u00f5es de envolvimento do gestor em irregularidades e at\u00e9 em organiza\u00e7\u00e3o criminosa.<br><br><\/p>\n\n\n\n<p>Entre os pontos destacados pela Justi\u00e7a, est\u00e1 uma resposta dada por Ana L\u00facia a coment\u00e1rios nas redes sociais, na qual afirmou n\u00e3o ser \u201cfarinha do mesmo saco de quadrilha\u201d. Para a magistrada, a declara\u00e7\u00e3o estabeleceu uma liga\u00e7\u00e3o indireta entre o prefeito e pr\u00e1ticas criminosas, atingindo sua honra objetiva, ou seja, sua imagem perante a sociedade. Outras manifesta\u00e7\u00f5es tamb\u00e9m inclu\u00edram termos como \u201ccorrupto\u201d e \u201cpicareta\u201d, al\u00e9m de refer\u00eancias a supostos desvios.<br><br><\/p>\n\n\n\n<p>A defesa da ex-vice-prefeita argumentou que n\u00e3o houve inten\u00e7\u00e3o de ofender, sustentando que as publica\u00e7\u00f5es tinham como objetivo resguardar sua pr\u00f3pria honra diante de cr\u00edticas e investiga\u00e7\u00f5es. Tamb\u00e9m alegou que os coment\u00e1rios se limitaram a tratar de temas de interesse p\u00fablico e a repercutir informa\u00e7\u00f5es j\u00e1 divulgadas.<br><br><\/p>\n\n\n\n<p>Ao analisar o caso, a ju\u00edza reconheceu que parte das manifesta\u00e7\u00f5es estava protegida pela liberdade de express\u00e3o, especialmente no contexto de cr\u00edticas pol\u00edticas. Nesses trechos, a acusada foi absolvida. No entanto, a magistrada destacou que h\u00e1 limites mesmo no debate pol\u00edtico, e que a imputa\u00e7\u00e3o de condutas desabonadoras pode configurar difama\u00e7\u00e3o quando prejudica a imagem p\u00fablica de terceiros.<br><br><\/p>\n\n\n\n<p>A decis\u00e3o tamb\u00e9m ressaltou que o uso das redes sociais ampliou o alcance das declara\u00e7\u00f5es, potencializando seus efeitos. Outro ponto considerado foi a viola\u00e7\u00e3o ao princ\u00edpio da presun\u00e7\u00e3o de inoc\u00eancia, j\u00e1 que houve sugest\u00e3o de envolvimento em atividade criminosa sem decis\u00e3o judicial.<br><br><\/p>\n\n\n\n<p>Com base nesses elementos, a Justi\u00e7a determinou a condena\u00e7\u00e3o por difama\u00e7\u00e3o. Ap\u00f3s o tr\u00e2nsito em julgado, a decis\u00e3o dever\u00e1 ser comunicada \u00e0 Justi\u00e7a Eleitoral, o que pode resultar em consequ\u00eancias para os direitos pol\u00edticos da ex-vice-prefeita.<br><br><\/p>\n\n\n\n<p>Apesar da condena\u00e7\u00e3o, a senten\u00e7a enfatiza que a maior parte das publica\u00e7\u00f5es foi entendida como exerc\u00edcio leg\u00edtimo de opini\u00e3o no ambiente pol\u00edtico, onde h\u00e1 maior toler\u00e2ncia a cr\u00edticas. O processo ainda pode ser revisto em inst\u00e2ncias superiores, caso a defesa apresente recurso.<\/p>\n","protected":false},"excerpt":{"rendered":"<p>A ex-vice-prefeita de Luzi\u00e2nia (GO), Ana L\u00facia de Sousa e Silva, foi condenada por difama\u00e7\u00e3o ap\u00f3s publica\u00e7\u00f5es feitas nas redes sociais em que associava o prefeito Diego Vaz Sorgatto a pr\u00e1ticas criminosas. A decis\u00e3o \u00e9 da 2\u00aa Vara Criminal do munic\u00edpio, que entendeu que uma das declara\u00e7\u00f5es ultrapassou os limites da liberdade de express\u00e3o ao [&hellip;]<\/p>\n","protected":false},"author":2,"featured_media":23438,"comment_status":"open","ping_status":"open","sticky":false,"template":"","format":"standard","meta":{"om_disable_all_campaigns":false,"_monsterinsights_skip_tracking":false,"_monsterinsights_sitenote_active":false,"_monsterinsights_sitenote_note":"","_monsterinsights_sitenote_category":0,"footnotes":""},"categories":[1],"tags":[],"class_list":["post-23437","post","type-post","status-publish","format-standard","has-post-thumbnail","hentry","category-politica"],"yoast_head":"<!-- This site is optimized with the Yoast SEO plugin v27.2 - https:\/\/yoast.com\/product\/yoast-seo-wordpress\/ -->\n<title>Ex-vice-prefeita de Luzi\u00e2nia \u00e9 condenada por difama\u00e7\u00e3o contra o prefeito Diego Sorgatto - Jornal Ponto Mais<\/title>\n<meta name=\"robots\" content=\"index, follow, max-snippet:-1, max-image-preview:large, max-video-preview:-1\" \/>\n<link rel=\"canonical\" href=\"https:\/\/jornalpontomais.com\/site\/2026\/04\/28\/ex-vice-prefeita-de-luziania-e-condenada-por-difamacao-contra-o-prefeito-diego-sorgatto\/\" \/>\n<meta property=\"og:locale\" content=\"pt_BR\" \/>\n<meta property=\"og:type\" content=\"article\" \/>\n<meta property=\"og:title\" content=\"Ex-vice-prefeita de Luzi\u00e2nia \u00e9 condenada por difama\u00e7\u00e3o contra o prefeito Diego Sorgatto - Jornal Ponto Mais\" \/>\n<meta property=\"og:description\" content=\"A ex-vice-prefeita de Luzi\u00e2nia (GO), Ana L\u00facia de Sousa e Silva, foi condenada por difama\u00e7\u00e3o ap\u00f3s publica\u00e7\u00f5es feitas nas redes sociais em que associava o prefeito Diego Vaz Sorgatto a pr\u00e1ticas criminosas. A decis\u00e3o \u00e9 da 2\u00aa Vara Criminal do munic\u00edpio, que entendeu que uma das declara\u00e7\u00f5es ultrapassou os limites da liberdade de express\u00e3o ao [&hellip;]\" \/>\n<meta property=\"og:url\" content=\"https:\/\/jornalpontomais.com\/site\/2026\/04\/28\/ex-vice-prefeita-de-luziania-e-condenada-por-difamacao-contra-o-prefeito-diego-sorgatto\/\" \/>\n<meta property=\"og:site_name\" content=\"Jornal Ponto Mais\" \/>\n<meta property=\"article:published_time\" content=\"2026-04-28T17:14:14+00:00\" \/>\n<meta property=\"og:image\" content=\"https:\/\/jornalpontomais.com\/site\/wp-content\/uploads\/2026\/04\/367082e2613dd326d42b6e82f238c5c3-g5news-com-br.jpg\" \/>\n\t<meta property=\"og:image:width\" content=\"560\" \/>\n\t<meta property=\"og:image:height\" content=\"560\" \/>\n\t<meta property=\"og:image:type\" content=\"image\/jpeg\" \/>\n<meta name=\"author\" content=\"Jornal Ponto Mais\" \/>\n<meta name=\"twitter:card\" content=\"summary_large_image\" \/>\n<meta name=\"twitter:label1\" content=\"Escrito por\" \/>\n\t<meta name=\"twitter:data1\" content=\"Jornal Ponto Mais\" \/>\n\t<meta name=\"twitter:label2\" content=\"Est. tempo de leitura\" \/>\n\t<meta name=\"twitter:data2\" content=\"3 minutos\" \/>\n<script type=\"application\/ld+json\" class=\"yoast-schema-graph\">{\"@context\":\"https:\/\/schema.org\",\"@graph\":[{\"@type\":\"Article\",\"@id\":\"https:\/\/jornalpontomais.com\/site\/2026\/04\/28\/ex-vice-prefeita-de-luziania-e-condenada-por-difamacao-contra-o-prefeito-diego-sorgatto\/#article\",\"isPartOf\":{\"@id\":\"https:\/\/jornalpontomais.com\/site\/2026\/04\/28\/ex-vice-prefeita-de-luziania-e-condenada-por-difamacao-contra-o-prefeito-diego-sorgatto\/\"},\"author\":{\"name\":\"Jornal Ponto Mais\",\"@id\":\"https:\/\/jornalpontomais.com\/site\/#\/schema\/person\/18323f0b0f1355f2490721c48389fe9d\"},\"headline\":\"Ex-vice-prefeita de Luzi\u00e2nia \u00e9 condenada por difama\u00e7\u00e3o contra o prefeito Diego Sorgatto\",\"datePublished\":\"2026-04-28T17:14:14+00:00\",\"mainEntityOfPage\":{\"@id\":\"https:\/\/jornalpontomais.com\/site\/2026\/04\/28\/ex-vice-prefeita-de-luziania-e-condenada-por-difamacao-contra-o-prefeito-diego-sorgatto\/\"},\"wordCount\":559,\"commentCount\":0,\"publisher\":{\"@id\":\"https:\/\/jornalpontomais.com\/site\/#organization\"},\"image\":{\"@id\":\"https:\/\/jornalpontomais.com\/site\/2026\/04\/28\/ex-vice-prefeita-de-luziania-e-condenada-por-difamacao-contra-o-prefeito-diego-sorgatto\/#primaryimage\"},\"thumbnailUrl\":\"https:\/\/jornalpontomais.com\/site\/wp-content\/uploads\/2026\/04\/367082e2613dd326d42b6e82f238c5c3-g5news-com-br.jpg\",\"articleSection\":[\"Pol\u00edtica\"],\"inLanguage\":\"pt-BR\",\"potentialAction\":[{\"@type\":\"CommentAction\",\"name\":\"Comment\",\"target\":[\"https:\/\/jornalpontomais.com\/site\/2026\/04\/28\/ex-vice-prefeita-de-luziania-e-condenada-por-difamacao-contra-o-prefeito-diego-sorgatto\/#respond\"]}]},{\"@type\":\"WebPage\",\"@id\":\"https:\/\/jornalpontomais.com\/site\/2026\/04\/28\/ex-vice-prefeita-de-luziania-e-condenada-por-difamacao-contra-o-prefeito-diego-sorgatto\/\",\"url\":\"https:\/\/jornalpontomais.com\/site\/2026\/04\/28\/ex-vice-prefeita-de-luziania-e-condenada-por-difamacao-contra-o-prefeito-diego-sorgatto\/\",\"name\":\"Ex-vice-prefeita de Luzi\u00e2nia \u00e9 condenada por difama\u00e7\u00e3o contra o prefeito Diego Sorgatto - Jornal Ponto Mais\",\"isPartOf\":{\"@id\":\"https:\/\/jornalpontomais.com\/site\/#website\"},\"primaryImageOfPage\":{\"@id\":\"https:\/\/jornalpontomais.com\/site\/2026\/04\/28\/ex-vice-prefeita-de-luziania-e-condenada-por-difamacao-contra-o-prefeito-diego-sorgatto\/#primaryimage\"},\"image\":{\"@id\":\"https:\/\/jornalpontomais.com\/site\/2026\/04\/28\/ex-vice-prefeita-de-luziania-e-condenada-por-difamacao-contra-o-prefeito-diego-sorgatto\/#primaryimage\"},\"thumbnailUrl\":\"https:\/\/jornalpontomais.com\/site\/wp-content\/uploads\/2026\/04\/367082e2613dd326d42b6e82f238c5c3-g5news-com-br.jpg\",\"datePublished\":\"2026-04-28T17:14:14+00:00\",\"breadcrumb\":{\"@id\":\"https:\/\/jornalpontomais.com\/site\/2026\/04\/28\/ex-vice-prefeita-de-luziania-e-condenada-por-difamacao-contra-o-prefeito-diego-sorgatto\/#breadcrumb\"},\"inLanguage\":\"pt-BR\",\"potentialAction\":[{\"@type\":\"ReadAction\",\"target\":[\"https:\/\/jornalpontomais.com\/site\/2026\/04\/28\/ex-vice-prefeita-de-luziania-e-condenada-por-difamacao-contra-o-prefeito-diego-sorgatto\/\"]}]},{\"@type\":\"ImageObject\",\"inLanguage\":\"pt-BR\",\"@id\":\"https:\/\/jornalpontomais.com\/site\/2026\/04\/28\/ex-vice-prefeita-de-luziania-e-condenada-por-difamacao-contra-o-prefeito-diego-sorgatto\/#primaryimage\",\"url\":\"https:\/\/jornalpontomais.com\/site\/wp-content\/uploads\/2026\/04\/367082e2613dd326d42b6e82f238c5c3-g5news-com-br.jpg\",\"contentUrl\":\"https:\/\/jornalpontomais.com\/site\/wp-content\/uploads\/2026\/04\/367082e2613dd326d42b6e82f238c5c3-g5news-com-br.jpg\",\"width\":560,\"height\":560},{\"@type\":\"BreadcrumbList\",\"@id\":\"https:\/\/jornalpontomais.com\/site\/2026\/04\/28\/ex-vice-prefeita-de-luziania-e-condenada-por-difamacao-contra-o-prefeito-diego-sorgatto\/#breadcrumb\",\"itemListElement\":[{\"@type\":\"ListItem\",\"position\":1,\"name\":\"In\u00edcio\",\"item\":\"https:\/\/jornalpontomais.com\/site\/\"},{\"@type\":\"ListItem\",\"position\":2,\"name\":\"Ex-vice-prefeita de Luzi\u00e2nia \u00e9 condenada por difama\u00e7\u00e3o contra o prefeito Diego Sorgatto\"}]},{\"@type\":\"WebSite\",\"@id\":\"https:\/\/jornalpontomais.com\/site\/#website\",\"url\":\"https:\/\/jornalpontomais.com\/site\/\",\"name\":\"Jornal Ponto Mais\",\"description\":\"As principais not\u00edcias do Brasil e do mundo. Confira!\",\"publisher\":{\"@id\":\"https:\/\/jornalpontomais.com\/site\/#organization\"},\"potentialAction\":[{\"@type\":\"SearchAction\",\"target\":{\"@type\":\"EntryPoint\",\"urlTemplate\":\"https:\/\/jornalpontomais.com\/site\/?s={search_term_string}\"},\"query-input\":{\"@type\":\"PropertyValueSpecification\",\"valueRequired\":true,\"valueName\":\"search_term_string\"}}],\"inLanguage\":\"pt-BR\"},{\"@type\":\"Organization\",\"@id\":\"https:\/\/jornalpontomais.com\/site\/#organization\",\"name\":\"Jornal Ponto+\",\"url\":\"https:\/\/jornalpontomais.com\/site\/\",\"logo\":{\"@type\":\"ImageObject\",\"inLanguage\":\"pt-BR\",\"@id\":\"https:\/\/jornalpontomais.com\/site\/#\/schema\/logo\/image\/\",\"url\":\"https:\/\/jornalpontomais.com\/site\/wp-content\/uploads\/2022\/01\/marca.png\",\"contentUrl\":\"https:\/\/jornalpontomais.com\/site\/wp-content\/uploads\/2022\/01\/marca.png\",\"width\":582,\"height\":148,\"caption\":\"Jornal Ponto+\"},\"image\":{\"@id\":\"https:\/\/jornalpontomais.com\/site\/#\/schema\/logo\/image\/\"}},{\"@type\":\"Person\",\"@id\":\"https:\/\/jornalpontomais.com\/site\/#\/schema\/person\/18323f0b0f1355f2490721c48389fe9d\",\"name\":\"Jornal Ponto Mais\",\"image\":{\"@type\":\"ImageObject\",\"inLanguage\":\"pt-BR\",\"@id\":\"https:\/\/secure.gravatar.com\/avatar\/2ee0a9b7fe10fe32bdec8bc086e871e41eb5f4f6ecbcb7b4f2fe0d92d831405f?s=96&d=mm&r=g\",\"url\":\"https:\/\/secure.gravatar.com\/avatar\/2ee0a9b7fe10fe32bdec8bc086e871e41eb5f4f6ecbcb7b4f2fe0d92d831405f?s=96&d=mm&r=g\",\"contentUrl\":\"https:\/\/secure.gravatar.com\/avatar\/2ee0a9b7fe10fe32bdec8bc086e871e41eb5f4f6ecbcb7b4f2fe0d92d831405f?s=96&d=mm&r=g\",\"caption\":\"Jornal Ponto Mais\"},\"sameAs\":[\"https:\/\/jornalpontomais.com\/site\",\"jornalpontomais\"],\"url\":\"https:\/\/jornalpontomais.com\/site\/author\/jornalpontomais\/\"}]}<\/script>\n<!-- \/ Yoast SEO plugin. -->","yoast_head_json":{"title":"Ex-vice-prefeita de Luzi\u00e2nia \u00e9 condenada por difama\u00e7\u00e3o contra o prefeito Diego Sorgatto - Jornal Ponto Mais","robots":{"index":"index","follow":"follow","max-snippet":"max-snippet:-1","max-image-preview":"max-image-preview:large","max-video-preview":"max-video-preview:-1"},"canonical":"https:\/\/jornalpontomais.com\/site\/2026\/04\/28\/ex-vice-prefeita-de-luziania-e-condenada-por-difamacao-contra-o-prefeito-diego-sorgatto\/","og_locale":"pt_BR","og_type":"article","og_title":"Ex-vice-prefeita de Luzi\u00e2nia \u00e9 condenada por difama\u00e7\u00e3o contra o prefeito Diego Sorgatto - Jornal Ponto Mais","og_description":"A ex-vice-prefeita de Luzi\u00e2nia (GO), Ana L\u00facia de Sousa e Silva, foi condenada por difama\u00e7\u00e3o ap\u00f3s publica\u00e7\u00f5es feitas nas redes sociais em que associava o prefeito Diego Vaz Sorgatto a pr\u00e1ticas criminosas. A decis\u00e3o \u00e9 da 2\u00aa Vara Criminal do munic\u00edpio, que entendeu que uma das declara\u00e7\u00f5es ultrapassou os limites da liberdade de express\u00e3o ao [&hellip;]","og_url":"https:\/\/jornalpontomais.com\/site\/2026\/04\/28\/ex-vice-prefeita-de-luziania-e-condenada-por-difamacao-contra-o-prefeito-diego-sorgatto\/","og_site_name":"Jornal Ponto Mais","article_published_time":"2026-04-28T17:14:14+00:00","og_image":[{"width":560,"height":560,"url":"https:\/\/jornalpontomais.com\/site\/wp-content\/uploads\/2026\/04\/367082e2613dd326d42b6e82f238c5c3-g5news-com-br.jpg","type":"image\/jpeg"}],"author":"Jornal Ponto Mais","twitter_card":"summary_large_image","twitter_misc":{"Escrito por":"Jornal Ponto Mais","Est. tempo de leitura":"3 minutos"},"schema":{"@context":"https:\/\/schema.org","@graph":[{"@type":"Article","@id":"https:\/\/jornalpontomais.com\/site\/2026\/04\/28\/ex-vice-prefeita-de-luziania-e-condenada-por-difamacao-contra-o-prefeito-diego-sorgatto\/#article","isPartOf":{"@id":"https:\/\/jornalpontomais.com\/site\/2026\/04\/28\/ex-vice-prefeita-de-luziania-e-condenada-por-difamacao-contra-o-prefeito-diego-sorgatto\/"},"author":{"name":"Jornal Ponto Mais","@id":"https:\/\/jornalpontomais.com\/site\/#\/schema\/person\/18323f0b0f1355f2490721c48389fe9d"},"headline":"Ex-vice-prefeita de Luzi\u00e2nia \u00e9 condenada por difama\u00e7\u00e3o contra o prefeito Diego Sorgatto","datePublished":"2026-04-28T17:14:14+00:00","mainEntityOfPage":{"@id":"https:\/\/jornalpontomais.com\/site\/2026\/04\/28\/ex-vice-prefeita-de-luziania-e-condenada-por-difamacao-contra-o-prefeito-diego-sorgatto\/"},"wordCount":559,"commentCount":0,"publisher":{"@id":"https:\/\/jornalpontomais.com\/site\/#organization"},"image":{"@id":"https:\/\/jornalpontomais.com\/site\/2026\/04\/28\/ex-vice-prefeita-de-luziania-e-condenada-por-difamacao-contra-o-prefeito-diego-sorgatto\/#primaryimage"},"thumbnailUrl":"https:\/\/jornalpontomais.com\/site\/wp-content\/uploads\/2026\/04\/367082e2613dd326d42b6e82f238c5c3-g5news-com-br.jpg","articleSection":["Pol\u00edtica"],"inLanguage":"pt-BR","potentialAction":[{"@type":"CommentAction","name":"Comment","target":["https:\/\/jornalpontomais.com\/site\/2026\/04\/28\/ex-vice-prefeita-de-luziania-e-condenada-por-difamacao-contra-o-prefeito-diego-sorgatto\/#respond"]}]},{"@type":"WebPage","@id":"https:\/\/jornalpontomais.com\/site\/2026\/04\/28\/ex-vice-prefeita-de-luziania-e-condenada-por-difamacao-contra-o-prefeito-diego-sorgatto\/","url":"https:\/\/jornalpontomais.com\/site\/2026\/04\/28\/ex-vice-prefeita-de-luziania-e-condenada-por-difamacao-contra-o-prefeito-diego-sorgatto\/","name":"Ex-vice-prefeita de Luzi\u00e2nia \u00e9 condenada por difama\u00e7\u00e3o contra o prefeito Diego Sorgatto - Jornal Ponto Mais","isPartOf":{"@id":"https:\/\/jornalpontomais.com\/site\/#website"},"primaryImageOfPage":{"@id":"https:\/\/jornalpontomais.com\/site\/2026\/04\/28\/ex-vice-prefeita-de-luziania-e-condenada-por-difamacao-contra-o-prefeito-diego-sorgatto\/#primaryimage"},"image":{"@id":"https:\/\/jornalpontomais.com\/site\/2026\/04\/28\/ex-vice-prefeita-de-luziania-e-condenada-por-difamacao-contra-o-prefeito-diego-sorgatto\/#primaryimage"},"thumbnailUrl":"https:\/\/jornalpontomais.com\/site\/wp-content\/uploads\/2026\/04\/367082e2613dd326d42b6e82f238c5c3-g5news-com-br.jpg","datePublished":"2026-04-28T17:14:14+00:00","breadcrumb":{"@id":"https:\/\/jornalpontomais.com\/site\/2026\/04\/28\/ex-vice-prefeita-de-luziania-e-condenada-por-difamacao-contra-o-prefeito-diego-sorgatto\/#breadcrumb"},"inLanguage":"pt-BR","potentialAction":[{"@type":"ReadAction","target":["https:\/\/jornalpontomais.com\/site\/2026\/04\/28\/ex-vice-prefeita-de-luziania-e-condenada-por-difamacao-contra-o-prefeito-diego-sorgatto\/"]}]},{"@type":"ImageObject","inLanguage":"pt-BR","@id":"https:\/\/jornalpontomais.com\/site\/2026\/04\/28\/ex-vice-prefeita-de-luziania-e-condenada-por-difamacao-contra-o-prefeito-diego-sorgatto\/#primaryimage","url":"https:\/\/jornalpontomais.com\/site\/wp-content\/uploads\/2026\/04\/367082e2613dd326d42b6e82f238c5c3-g5news-com-br.jpg","contentUrl":"https:\/\/jornalpontomais.com\/site\/wp-content\/uploads\/2026\/04\/367082e2613dd326d42b6e82f238c5c3-g5news-com-br.jpg","width":560,"height":560},{"@type":"BreadcrumbList","@id":"https:\/\/jornalpontomais.com\/site\/2026\/04\/28\/ex-vice-prefeita-de-luziania-e-condenada-por-difamacao-contra-o-prefeito-diego-sorgatto\/#breadcrumb","itemListElement":[{"@type":"ListItem","position":1,"name":"In\u00edcio","item":"https:\/\/jornalpontomais.com\/site\/"},{"@type":"ListItem","position":2,"name":"Ex-vice-prefeita de Luzi\u00e2nia \u00e9 condenada por difama\u00e7\u00e3o contra o prefeito Diego Sorgatto"}]},{"@type":"WebSite","@id":"https:\/\/jornalpontomais.com\/site\/#website","url":"https:\/\/jornalpontomais.com\/site\/","name":"Jornal Ponto Mais","description":"As principais not\u00edcias do Brasil e do mundo. Confira!","publisher":{"@id":"https:\/\/jornalpontomais.com\/site\/#organization"},"potentialAction":[{"@type":"SearchAction","target":{"@type":"EntryPoint","urlTemplate":"https:\/\/jornalpontomais.com\/site\/?s={search_term_string}"},"query-input":{"@type":"PropertyValueSpecification","valueRequired":true,"valueName":"search_term_string"}}],"inLanguage":"pt-BR"},{"@type":"Organization","@id":"https:\/\/jornalpontomais.com\/site\/#organization","name":"Jornal Ponto+","url":"https:\/\/jornalpontomais.com\/site\/","logo":{"@type":"ImageObject","inLanguage":"pt-BR","@id":"https:\/\/jornalpontomais.com\/site\/#\/schema\/logo\/image\/","url":"https:\/\/jornalpontomais.com\/site\/wp-content\/uploads\/2022\/01\/marca.png","contentUrl":"https:\/\/jornalpontomais.com\/site\/wp-content\/uploads\/2022\/01\/marca.png","width":582,"height":148,"caption":"Jornal Ponto+"},"image":{"@id":"https:\/\/jornalpontomais.com\/site\/#\/schema\/logo\/image\/"}},{"@type":"Person","@id":"https:\/\/jornalpontomais.com\/site\/#\/schema\/person\/18323f0b0f1355f2490721c48389fe9d","name":"Jornal Ponto Mais","image":{"@type":"ImageObject","inLanguage":"pt-BR","@id":"https:\/\/secure.gravatar.com\/avatar\/2ee0a9b7fe10fe32bdec8bc086e871e41eb5f4f6ecbcb7b4f2fe0d92d831405f?s=96&d=mm&r=g","url":"https:\/\/secure.gravatar.com\/avatar\/2ee0a9b7fe10fe32bdec8bc086e871e41eb5f4f6ecbcb7b4f2fe0d92d831405f?s=96&d=mm&r=g","contentUrl":"https:\/\/secure.gravatar.com\/avatar\/2ee0a9b7fe10fe32bdec8bc086e871e41eb5f4f6ecbcb7b4f2fe0d92d831405f?s=96&d=mm&r=g","caption":"Jornal Ponto Mais"},"sameAs":["https:\/\/jornalpontomais.com\/site","jornalpontomais"],"url":"https:\/\/jornalpontomais.com\/site\/author\/jornalpontomais\/"}]}},"_links":{"self":[{"href":"https:\/\/jornalpontomais.com\/site\/wp-json\/wp\/v2\/posts\/23437","targetHints":{"allow":["GET"]}}],"collection":[{"href":"https:\/\/jornalpontomais.com\/site\/wp-json\/wp\/v2\/posts"}],"about":[{"href":"https:\/\/jornalpontomais.com\/site\/wp-json\/wp\/v2\/types\/post"}],"author":[{"embeddable":true,"href":"https:\/\/jornalpontomais.com\/site\/wp-json\/wp\/v2\/users\/2"}],"replies":[{"embeddable":true,"href":"https:\/\/jornalpontomais.com\/site\/wp-json\/wp\/v2\/comments?post=23437"}],"version-history":[{"count":1,"href":"https:\/\/jornalpontomais.com\/site\/wp-json\/wp\/v2\/posts\/23437\/revisions"}],"predecessor-version":[{"id":23439,"href":"https:\/\/jornalpontomais.com\/site\/wp-json\/wp\/v2\/posts\/23437\/revisions\/23439"}],"wp:featuredmedia":[{"embeddable":true,"href":"https:\/\/jornalpontomais.com\/site\/wp-json\/wp\/v2\/media\/23438"}],"wp:attachment":[{"href":"https:\/\/jornalpontomais.com\/site\/wp-json\/wp\/v2\/media?parent=23437"}],"wp:term":[{"taxonomy":"category","embeddable":true,"href":"https:\/\/jornalpontomais.com\/site\/wp-json\/wp\/v2\/categories?post=23437"},{"taxonomy":"post_tag","embeddable":true,"href":"https:\/\/jornalpontomais.com\/site\/wp-json\/wp\/v2\/tags?post=23437"}],"curies":[{"name":"wp","href":"https:\/\/api.w.org\/{rel}","templated":true}]}}