{"id":23431,"date":"2026-04-28T10:25:59","date_gmt":"2026-04-28T13:25:59","guid":{"rendered":"https:\/\/jornalpontomais.com\/site\/?p=23431"},"modified":"2026-04-28T10:25:59","modified_gmt":"2026-04-28T13:25:59","slug":"orquestra-sinfonica-de-goiania-apresenta-concerto-internacional-sob-regencia-de-maestro-colombiano","status":"publish","type":"post","link":"https:\/\/jornalpontomais.com\/site\/2026\/04\/28\/orquestra-sinfonica-de-goiania-apresenta-concerto-internacional-sob-regencia-de-maestro-colombiano\/","title":{"rendered":"Orquestra Sinf\u00f4nica de Goi\u00e2nia apresenta Concerto Internacional sob reg\u00eancia de maestro colombiano"},"content":{"rendered":"\n<p>A Prefeitura de Goi\u00e2nia, por meio da Secretaria Municipal de Cultura (Secult), realiza nesta ter\u00e7a-feira (28\/4), \u00e0s 20h, no Teatro Basileu Fran\u00e7a, o \u201cConcerto Internacional\u201d, com apresenta\u00e7\u00e3o da Orquestra Sinf\u00f4nica de Goi\u00e2nia. O espet\u00e1culo integra a Temporada 2026 de Concertos e conta com a participa\u00e7\u00e3o especial do clarinetista Daniel Oliveira, de S\u00e3o Paulo, como solista convidado e reg\u00eancia do maestro colombiano C\u00e9sar Leal, radicado nos Estados Unidos.<br><br><\/p>\n\n\n\n<p>Com entrada gratuita e acesso por ordem de chegada a partir das 19h, o concerto apresenta um programa cuidadosamente elaborado, reunindo obras de compositores consagrados do repert\u00f3rio sinf\u00f4nico internacional: Avner Dorman, Jean Fran\u00e7aix e Johannes Brahms.<br><br><\/p>\n\n\n\n<p>A abertura da noite ser\u00e1 com Tanyaderas, de Avner Dorman, obra marcada por energia r\u00edtmica e contrastes de textura e din\u00e2mica, evidenciando a riqueza da escrita orquestral contempor\u00e2nea. Na sequ\u00eancia, o p\u00fablico poder\u00e1 apreciar o Concerto para Clarineta e Orquestra, de Jean Fran\u00e7aix, pe\u00e7a que destaca o virtuosismo do solista e o di\u00e1logo refinado entre clarineta e orquestra, com leveza formal e eleg\u00e2ncia caracter\u00edsticas do compositor.<\/p>\n\n\n\n<figure class=\"wp-block-image\"><img decoding=\"async\" src=\"https:\/\/www.goiania.go.gov.br\/wp-content\/uploads\/2026\/04\/WhatsApp-Image-2026-04-27-at-10.01.04-1024x682.jpeg\" alt=\"\" class=\"wp-image-110297\"\/><\/figure>\n\n\n\n<p>Encerrando a programa\u00e7\u00e3o, a Orquestra interpreta a monumental Sinfonia n\u00ba 4 em Mi Menor, Op. 98, de Johannes Brahms, considerada uma das obras mais importantes do repert\u00f3rio sinf\u00f4nico. Composta entre 1884 e 1885, a pe\u00e7a \u00e9 reconhecida por sua profundidade estrutural e for\u00e7a expressiva, sendo uma das culmin\u00e2ncias da produ\u00e7\u00e3o do compositor alem\u00e3o.<br><br><\/p>\n\n\n\n<p>O solista convidado Daniel Oliveira \u00e9 mestre em Performance Musical pela USP e graduado em Clarineta pela Unesp, com especializa\u00e7\u00e3o na Su\u00e9cia e atua\u00e7\u00e3o destacada em importantes institui\u00e7\u00f5es musicais do pa\u00eds e do exterior. Atualmente, \u00e9 chefe de naipe da Orquestra de \u00d3pera do Theatro S\u00e3o Pedro, em S\u00e3o Paulo, al\u00e9m de fundador da Orquestra ECO Teatro B32.<br><br><\/p>\n\n\n\n<p>J\u00e1 o maestro C\u00e9sar Leal \u00e9 reconhecido internacionalmente por sua atua\u00e7\u00e3o como regente, pesquisador e professor. Natural da Col\u00f4mbia e atualmente professor associado no Conservat\u00f3rio de M\u00fasica Sunderman, do Gettysburg College, nos Estados Unidos, Leal se destaca por unir performance, pesquisa musicol\u00f3gica e inova\u00e7\u00e3o art\u00edstica em sua trajet\u00f3ria.<\/p>\n","protected":false},"excerpt":{"rendered":"<p>A Prefeitura de Goi\u00e2nia, por meio da Secretaria Municipal de Cultura (Secult), realiza nesta ter\u00e7a-feira (28\/4), \u00e0s 20h, no Teatro Basileu Fran\u00e7a, o \u201cConcerto Internacional\u201d, com apresenta\u00e7\u00e3o da Orquestra Sinf\u00f4nica de Goi\u00e2nia. O espet\u00e1culo integra a Temporada 2026 de Concertos e conta com a participa\u00e7\u00e3o especial do clarinetista Daniel Oliveira, de S\u00e3o Paulo, como solista [&hellip;]<\/p>\n","protected":false},"author":2,"featured_media":23432,"comment_status":"open","ping_status":"open","sticky":false,"template":"","format":"standard","meta":{"om_disable_all_campaigns":false,"_monsterinsights_skip_tracking":false,"_monsterinsights_sitenote_active":false,"_monsterinsights_sitenote_note":"","_monsterinsights_sitenote_category":0,"footnotes":""},"categories":[2],"tags":[],"class_list":["post-23431","post","type-post","status-publish","format-standard","has-post-thumbnail","hentry","category-entretenimento"],"yoast_head":"<!-- This site is optimized with the Yoast SEO plugin v27.2 - https:\/\/yoast.com\/product\/yoast-seo-wordpress\/ -->\n<title>Orquestra Sinf\u00f4nica de Goi\u00e2nia apresenta Concerto Internacional sob reg\u00eancia de maestro colombiano - Jornal Ponto Mais<\/title>\n<meta name=\"robots\" content=\"index, follow, max-snippet:-1, max-image-preview:large, max-video-preview:-1\" \/>\n<link rel=\"canonical\" href=\"https:\/\/jornalpontomais.com\/site\/2026\/04\/28\/orquestra-sinfonica-de-goiania-apresenta-concerto-internacional-sob-regencia-de-maestro-colombiano\/\" \/>\n<meta property=\"og:locale\" content=\"pt_BR\" \/>\n<meta property=\"og:type\" content=\"article\" \/>\n<meta property=\"og:title\" content=\"Orquestra Sinf\u00f4nica de Goi\u00e2nia apresenta Concerto Internacional sob reg\u00eancia de maestro colombiano - Jornal Ponto Mais\" \/>\n<meta property=\"og:description\" content=\"A Prefeitura de Goi\u00e2nia, por meio da Secretaria Municipal de Cultura (Secult), realiza nesta ter\u00e7a-feira (28\/4), \u00e0s 20h, no Teatro Basileu Fran\u00e7a, o \u201cConcerto Internacional\u201d, com apresenta\u00e7\u00e3o da Orquestra Sinf\u00f4nica de Goi\u00e2nia. O espet\u00e1culo integra a Temporada 2026 de Concertos e conta com a participa\u00e7\u00e3o especial do clarinetista Daniel Oliveira, de S\u00e3o Paulo, como solista [&hellip;]\" \/>\n<meta property=\"og:url\" content=\"https:\/\/jornalpontomais.com\/site\/2026\/04\/28\/orquestra-sinfonica-de-goiania-apresenta-concerto-internacional-sob-regencia-de-maestro-colombiano\/\" \/>\n<meta property=\"og:site_name\" content=\"Jornal Ponto Mais\" \/>\n<meta property=\"article:published_time\" content=\"2026-04-28T13:25:59+00:00\" \/>\n<meta property=\"og:image\" content=\"https:\/\/jornalpontomais.com\/site\/wp-content\/uploads\/2026\/04\/orquestra.jpeg\" \/>\n\t<meta property=\"og:image:width\" content=\"1600\" \/>\n\t<meta property=\"og:image:height\" content=\"1066\" \/>\n\t<meta property=\"og:image:type\" content=\"image\/jpeg\" \/>\n<meta name=\"author\" content=\"Jornal Ponto Mais\" \/>\n<meta name=\"twitter:card\" content=\"summary_large_image\" \/>\n<meta name=\"twitter:label1\" content=\"Escrito por\" \/>\n\t<meta name=\"twitter:data1\" content=\"Jornal Ponto Mais\" \/>\n\t<meta name=\"twitter:label2\" content=\"Est. tempo de leitura\" \/>\n\t<meta name=\"twitter:data2\" content=\"2 minutos\" \/>\n<script type=\"application\/ld+json\" class=\"yoast-schema-graph\">{\"@context\":\"https:\/\/schema.org\",\"@graph\":[{\"@type\":\"Article\",\"@id\":\"https:\/\/jornalpontomais.com\/site\/2026\/04\/28\/orquestra-sinfonica-de-goiania-apresenta-concerto-internacional-sob-regencia-de-maestro-colombiano\/#article\",\"isPartOf\":{\"@id\":\"https:\/\/jornalpontomais.com\/site\/2026\/04\/28\/orquestra-sinfonica-de-goiania-apresenta-concerto-internacional-sob-regencia-de-maestro-colombiano\/\"},\"author\":{\"name\":\"Jornal Ponto Mais\",\"@id\":\"https:\/\/jornalpontomais.com\/site\/#\/schema\/person\/18323f0b0f1355f2490721c48389fe9d\"},\"headline\":\"Orquestra Sinf\u00f4nica de Goi\u00e2nia apresenta Concerto Internacional sob reg\u00eancia de maestro colombiano\",\"datePublished\":\"2026-04-28T13:25:59+00:00\",\"mainEntityOfPage\":{\"@id\":\"https:\/\/jornalpontomais.com\/site\/2026\/04\/28\/orquestra-sinfonica-de-goiania-apresenta-concerto-internacional-sob-regencia-de-maestro-colombiano\/\"},\"wordCount\":382,\"commentCount\":0,\"publisher\":{\"@id\":\"https:\/\/jornalpontomais.com\/site\/#organization\"},\"image\":{\"@id\":\"https:\/\/jornalpontomais.com\/site\/2026\/04\/28\/orquestra-sinfonica-de-goiania-apresenta-concerto-internacional-sob-regencia-de-maestro-colombiano\/#primaryimage\"},\"thumbnailUrl\":\"https:\/\/jornalpontomais.com\/site\/wp-content\/uploads\/2026\/04\/orquestra.jpeg\",\"articleSection\":[\"Entretenimento\"],\"inLanguage\":\"pt-BR\",\"potentialAction\":[{\"@type\":\"CommentAction\",\"name\":\"Comment\",\"target\":[\"https:\/\/jornalpontomais.com\/site\/2026\/04\/28\/orquestra-sinfonica-de-goiania-apresenta-concerto-internacional-sob-regencia-de-maestro-colombiano\/#respond\"]}]},{\"@type\":\"WebPage\",\"@id\":\"https:\/\/jornalpontomais.com\/site\/2026\/04\/28\/orquestra-sinfonica-de-goiania-apresenta-concerto-internacional-sob-regencia-de-maestro-colombiano\/\",\"url\":\"https:\/\/jornalpontomais.com\/site\/2026\/04\/28\/orquestra-sinfonica-de-goiania-apresenta-concerto-internacional-sob-regencia-de-maestro-colombiano\/\",\"name\":\"Orquestra Sinf\u00f4nica de Goi\u00e2nia apresenta Concerto Internacional sob reg\u00eancia de maestro colombiano - Jornal Ponto Mais\",\"isPartOf\":{\"@id\":\"https:\/\/jornalpontomais.com\/site\/#website\"},\"primaryImageOfPage\":{\"@id\":\"https:\/\/jornalpontomais.com\/site\/2026\/04\/28\/orquestra-sinfonica-de-goiania-apresenta-concerto-internacional-sob-regencia-de-maestro-colombiano\/#primaryimage\"},\"image\":{\"@id\":\"https:\/\/jornalpontomais.com\/site\/2026\/04\/28\/orquestra-sinfonica-de-goiania-apresenta-concerto-internacional-sob-regencia-de-maestro-colombiano\/#primaryimage\"},\"thumbnailUrl\":\"https:\/\/jornalpontomais.com\/site\/wp-content\/uploads\/2026\/04\/orquestra.jpeg\",\"datePublished\":\"2026-04-28T13:25:59+00:00\",\"breadcrumb\":{\"@id\":\"https:\/\/jornalpontomais.com\/site\/2026\/04\/28\/orquestra-sinfonica-de-goiania-apresenta-concerto-internacional-sob-regencia-de-maestro-colombiano\/#breadcrumb\"},\"inLanguage\":\"pt-BR\",\"potentialAction\":[{\"@type\":\"ReadAction\",\"target\":[\"https:\/\/jornalpontomais.com\/site\/2026\/04\/28\/orquestra-sinfonica-de-goiania-apresenta-concerto-internacional-sob-regencia-de-maestro-colombiano\/\"]}]},{\"@type\":\"ImageObject\",\"inLanguage\":\"pt-BR\",\"@id\":\"https:\/\/jornalpontomais.com\/site\/2026\/04\/28\/orquestra-sinfonica-de-goiania-apresenta-concerto-internacional-sob-regencia-de-maestro-colombiano\/#primaryimage\",\"url\":\"https:\/\/jornalpontomais.com\/site\/wp-content\/uploads\/2026\/04\/orquestra.jpeg\",\"contentUrl\":\"https:\/\/jornalpontomais.com\/site\/wp-content\/uploads\/2026\/04\/orquestra.jpeg\",\"width\":1600,\"height\":1066},{\"@type\":\"BreadcrumbList\",\"@id\":\"https:\/\/jornalpontomais.com\/site\/2026\/04\/28\/orquestra-sinfonica-de-goiania-apresenta-concerto-internacional-sob-regencia-de-maestro-colombiano\/#breadcrumb\",\"itemListElement\":[{\"@type\":\"ListItem\",\"position\":1,\"name\":\"In\u00edcio\",\"item\":\"https:\/\/jornalpontomais.com\/site\/\"},{\"@type\":\"ListItem\",\"position\":2,\"name\":\"Orquestra Sinf\u00f4nica de Goi\u00e2nia apresenta Concerto Internacional sob reg\u00eancia de maestro colombiano\"}]},{\"@type\":\"WebSite\",\"@id\":\"https:\/\/jornalpontomais.com\/site\/#website\",\"url\":\"https:\/\/jornalpontomais.com\/site\/\",\"name\":\"Jornal Ponto Mais\",\"description\":\"As principais not\u00edcias do Brasil e do mundo. Confira!\",\"publisher\":{\"@id\":\"https:\/\/jornalpontomais.com\/site\/#organization\"},\"potentialAction\":[{\"@type\":\"SearchAction\",\"target\":{\"@type\":\"EntryPoint\",\"urlTemplate\":\"https:\/\/jornalpontomais.com\/site\/?s={search_term_string}\"},\"query-input\":{\"@type\":\"PropertyValueSpecification\",\"valueRequired\":true,\"valueName\":\"search_term_string\"}}],\"inLanguage\":\"pt-BR\"},{\"@type\":\"Organization\",\"@id\":\"https:\/\/jornalpontomais.com\/site\/#organization\",\"name\":\"Jornal Ponto+\",\"url\":\"https:\/\/jornalpontomais.com\/site\/\",\"logo\":{\"@type\":\"ImageObject\",\"inLanguage\":\"pt-BR\",\"@id\":\"https:\/\/jornalpontomais.com\/site\/#\/schema\/logo\/image\/\",\"url\":\"https:\/\/jornalpontomais.com\/site\/wp-content\/uploads\/2022\/01\/marca.png\",\"contentUrl\":\"https:\/\/jornalpontomais.com\/site\/wp-content\/uploads\/2022\/01\/marca.png\",\"width\":582,\"height\":148,\"caption\":\"Jornal Ponto+\"},\"image\":{\"@id\":\"https:\/\/jornalpontomais.com\/site\/#\/schema\/logo\/image\/\"}},{\"@type\":\"Person\",\"@id\":\"https:\/\/jornalpontomais.com\/site\/#\/schema\/person\/18323f0b0f1355f2490721c48389fe9d\",\"name\":\"Jornal Ponto Mais\",\"image\":{\"@type\":\"ImageObject\",\"inLanguage\":\"pt-BR\",\"@id\":\"https:\/\/secure.gravatar.com\/avatar\/2ee0a9b7fe10fe32bdec8bc086e871e41eb5f4f6ecbcb7b4f2fe0d92d831405f?s=96&d=mm&r=g\",\"url\":\"https:\/\/secure.gravatar.com\/avatar\/2ee0a9b7fe10fe32bdec8bc086e871e41eb5f4f6ecbcb7b4f2fe0d92d831405f?s=96&d=mm&r=g\",\"contentUrl\":\"https:\/\/secure.gravatar.com\/avatar\/2ee0a9b7fe10fe32bdec8bc086e871e41eb5f4f6ecbcb7b4f2fe0d92d831405f?s=96&d=mm&r=g\",\"caption\":\"Jornal Ponto Mais\"},\"sameAs\":[\"https:\/\/jornalpontomais.com\/site\",\"jornalpontomais\"],\"url\":\"https:\/\/jornalpontomais.com\/site\/author\/jornalpontomais\/\"}]}<\/script>\n<!-- \/ Yoast SEO plugin. -->","yoast_head_json":{"title":"Orquestra Sinf\u00f4nica de Goi\u00e2nia apresenta Concerto Internacional sob reg\u00eancia de maestro colombiano - Jornal Ponto Mais","robots":{"index":"index","follow":"follow","max-snippet":"max-snippet:-1","max-image-preview":"max-image-preview:large","max-video-preview":"max-video-preview:-1"},"canonical":"https:\/\/jornalpontomais.com\/site\/2026\/04\/28\/orquestra-sinfonica-de-goiania-apresenta-concerto-internacional-sob-regencia-de-maestro-colombiano\/","og_locale":"pt_BR","og_type":"article","og_title":"Orquestra Sinf\u00f4nica de Goi\u00e2nia apresenta Concerto Internacional sob reg\u00eancia de maestro colombiano - Jornal Ponto Mais","og_description":"A Prefeitura de Goi\u00e2nia, por meio da Secretaria Municipal de Cultura (Secult), realiza nesta ter\u00e7a-feira (28\/4), \u00e0s 20h, no Teatro Basileu Fran\u00e7a, o \u201cConcerto Internacional\u201d, com apresenta\u00e7\u00e3o da Orquestra Sinf\u00f4nica de Goi\u00e2nia. O espet\u00e1culo integra a Temporada 2026 de Concertos e conta com a participa\u00e7\u00e3o especial do clarinetista Daniel Oliveira, de S\u00e3o Paulo, como solista [&hellip;]","og_url":"https:\/\/jornalpontomais.com\/site\/2026\/04\/28\/orquestra-sinfonica-de-goiania-apresenta-concerto-internacional-sob-regencia-de-maestro-colombiano\/","og_site_name":"Jornal Ponto Mais","article_published_time":"2026-04-28T13:25:59+00:00","og_image":[{"width":1600,"height":1066,"url":"https:\/\/jornalpontomais.com\/site\/wp-content\/uploads\/2026\/04\/orquestra.jpeg","type":"image\/jpeg"}],"author":"Jornal Ponto Mais","twitter_card":"summary_large_image","twitter_misc":{"Escrito por":"Jornal Ponto Mais","Est. tempo de leitura":"2 minutos"},"schema":{"@context":"https:\/\/schema.org","@graph":[{"@type":"Article","@id":"https:\/\/jornalpontomais.com\/site\/2026\/04\/28\/orquestra-sinfonica-de-goiania-apresenta-concerto-internacional-sob-regencia-de-maestro-colombiano\/#article","isPartOf":{"@id":"https:\/\/jornalpontomais.com\/site\/2026\/04\/28\/orquestra-sinfonica-de-goiania-apresenta-concerto-internacional-sob-regencia-de-maestro-colombiano\/"},"author":{"name":"Jornal Ponto Mais","@id":"https:\/\/jornalpontomais.com\/site\/#\/schema\/person\/18323f0b0f1355f2490721c48389fe9d"},"headline":"Orquestra Sinf\u00f4nica de Goi\u00e2nia apresenta Concerto Internacional sob reg\u00eancia de maestro colombiano","datePublished":"2026-04-28T13:25:59+00:00","mainEntityOfPage":{"@id":"https:\/\/jornalpontomais.com\/site\/2026\/04\/28\/orquestra-sinfonica-de-goiania-apresenta-concerto-internacional-sob-regencia-de-maestro-colombiano\/"},"wordCount":382,"commentCount":0,"publisher":{"@id":"https:\/\/jornalpontomais.com\/site\/#organization"},"image":{"@id":"https:\/\/jornalpontomais.com\/site\/2026\/04\/28\/orquestra-sinfonica-de-goiania-apresenta-concerto-internacional-sob-regencia-de-maestro-colombiano\/#primaryimage"},"thumbnailUrl":"https:\/\/jornalpontomais.com\/site\/wp-content\/uploads\/2026\/04\/orquestra.jpeg","articleSection":["Entretenimento"],"inLanguage":"pt-BR","potentialAction":[{"@type":"CommentAction","name":"Comment","target":["https:\/\/jornalpontomais.com\/site\/2026\/04\/28\/orquestra-sinfonica-de-goiania-apresenta-concerto-internacional-sob-regencia-de-maestro-colombiano\/#respond"]}]},{"@type":"WebPage","@id":"https:\/\/jornalpontomais.com\/site\/2026\/04\/28\/orquestra-sinfonica-de-goiania-apresenta-concerto-internacional-sob-regencia-de-maestro-colombiano\/","url":"https:\/\/jornalpontomais.com\/site\/2026\/04\/28\/orquestra-sinfonica-de-goiania-apresenta-concerto-internacional-sob-regencia-de-maestro-colombiano\/","name":"Orquestra Sinf\u00f4nica de Goi\u00e2nia apresenta Concerto Internacional sob reg\u00eancia de maestro colombiano - Jornal Ponto Mais","isPartOf":{"@id":"https:\/\/jornalpontomais.com\/site\/#website"},"primaryImageOfPage":{"@id":"https:\/\/jornalpontomais.com\/site\/2026\/04\/28\/orquestra-sinfonica-de-goiania-apresenta-concerto-internacional-sob-regencia-de-maestro-colombiano\/#primaryimage"},"image":{"@id":"https:\/\/jornalpontomais.com\/site\/2026\/04\/28\/orquestra-sinfonica-de-goiania-apresenta-concerto-internacional-sob-regencia-de-maestro-colombiano\/#primaryimage"},"thumbnailUrl":"https:\/\/jornalpontomais.com\/site\/wp-content\/uploads\/2026\/04\/orquestra.jpeg","datePublished":"2026-04-28T13:25:59+00:00","breadcrumb":{"@id":"https:\/\/jornalpontomais.com\/site\/2026\/04\/28\/orquestra-sinfonica-de-goiania-apresenta-concerto-internacional-sob-regencia-de-maestro-colombiano\/#breadcrumb"},"inLanguage":"pt-BR","potentialAction":[{"@type":"ReadAction","target":["https:\/\/jornalpontomais.com\/site\/2026\/04\/28\/orquestra-sinfonica-de-goiania-apresenta-concerto-internacional-sob-regencia-de-maestro-colombiano\/"]}]},{"@type":"ImageObject","inLanguage":"pt-BR","@id":"https:\/\/jornalpontomais.com\/site\/2026\/04\/28\/orquestra-sinfonica-de-goiania-apresenta-concerto-internacional-sob-regencia-de-maestro-colombiano\/#primaryimage","url":"https:\/\/jornalpontomais.com\/site\/wp-content\/uploads\/2026\/04\/orquestra.jpeg","contentUrl":"https:\/\/jornalpontomais.com\/site\/wp-content\/uploads\/2026\/04\/orquestra.jpeg","width":1600,"height":1066},{"@type":"BreadcrumbList","@id":"https:\/\/jornalpontomais.com\/site\/2026\/04\/28\/orquestra-sinfonica-de-goiania-apresenta-concerto-internacional-sob-regencia-de-maestro-colombiano\/#breadcrumb","itemListElement":[{"@type":"ListItem","position":1,"name":"In\u00edcio","item":"https:\/\/jornalpontomais.com\/site\/"},{"@type":"ListItem","position":2,"name":"Orquestra Sinf\u00f4nica de Goi\u00e2nia apresenta Concerto Internacional sob reg\u00eancia de maestro colombiano"}]},{"@type":"WebSite","@id":"https:\/\/jornalpontomais.com\/site\/#website","url":"https:\/\/jornalpontomais.com\/site\/","name":"Jornal Ponto Mais","description":"As principais not\u00edcias do Brasil e do mundo. Confira!","publisher":{"@id":"https:\/\/jornalpontomais.com\/site\/#organization"},"potentialAction":[{"@type":"SearchAction","target":{"@type":"EntryPoint","urlTemplate":"https:\/\/jornalpontomais.com\/site\/?s={search_term_string}"},"query-input":{"@type":"PropertyValueSpecification","valueRequired":true,"valueName":"search_term_string"}}],"inLanguage":"pt-BR"},{"@type":"Organization","@id":"https:\/\/jornalpontomais.com\/site\/#organization","name":"Jornal Ponto+","url":"https:\/\/jornalpontomais.com\/site\/","logo":{"@type":"ImageObject","inLanguage":"pt-BR","@id":"https:\/\/jornalpontomais.com\/site\/#\/schema\/logo\/image\/","url":"https:\/\/jornalpontomais.com\/site\/wp-content\/uploads\/2022\/01\/marca.png","contentUrl":"https:\/\/jornalpontomais.com\/site\/wp-content\/uploads\/2022\/01\/marca.png","width":582,"height":148,"caption":"Jornal Ponto+"},"image":{"@id":"https:\/\/jornalpontomais.com\/site\/#\/schema\/logo\/image\/"}},{"@type":"Person","@id":"https:\/\/jornalpontomais.com\/site\/#\/schema\/person\/18323f0b0f1355f2490721c48389fe9d","name":"Jornal Ponto Mais","image":{"@type":"ImageObject","inLanguage":"pt-BR","@id":"https:\/\/secure.gravatar.com\/avatar\/2ee0a9b7fe10fe32bdec8bc086e871e41eb5f4f6ecbcb7b4f2fe0d92d831405f?s=96&d=mm&r=g","url":"https:\/\/secure.gravatar.com\/avatar\/2ee0a9b7fe10fe32bdec8bc086e871e41eb5f4f6ecbcb7b4f2fe0d92d831405f?s=96&d=mm&r=g","contentUrl":"https:\/\/secure.gravatar.com\/avatar\/2ee0a9b7fe10fe32bdec8bc086e871e41eb5f4f6ecbcb7b4f2fe0d92d831405f?s=96&d=mm&r=g","caption":"Jornal Ponto Mais"},"sameAs":["https:\/\/jornalpontomais.com\/site","jornalpontomais"],"url":"https:\/\/jornalpontomais.com\/site\/author\/jornalpontomais\/"}]}},"_links":{"self":[{"href":"https:\/\/jornalpontomais.com\/site\/wp-json\/wp\/v2\/posts\/23431","targetHints":{"allow":["GET"]}}],"collection":[{"href":"https:\/\/jornalpontomais.com\/site\/wp-json\/wp\/v2\/posts"}],"about":[{"href":"https:\/\/jornalpontomais.com\/site\/wp-json\/wp\/v2\/types\/post"}],"author":[{"embeddable":true,"href":"https:\/\/jornalpontomais.com\/site\/wp-json\/wp\/v2\/users\/2"}],"replies":[{"embeddable":true,"href":"https:\/\/jornalpontomais.com\/site\/wp-json\/wp\/v2\/comments?post=23431"}],"version-history":[{"count":1,"href":"https:\/\/jornalpontomais.com\/site\/wp-json\/wp\/v2\/posts\/23431\/revisions"}],"predecessor-version":[{"id":23433,"href":"https:\/\/jornalpontomais.com\/site\/wp-json\/wp\/v2\/posts\/23431\/revisions\/23433"}],"wp:featuredmedia":[{"embeddable":true,"href":"https:\/\/jornalpontomais.com\/site\/wp-json\/wp\/v2\/media\/23432"}],"wp:attachment":[{"href":"https:\/\/jornalpontomais.com\/site\/wp-json\/wp\/v2\/media?parent=23431"}],"wp:term":[{"taxonomy":"category","embeddable":true,"href":"https:\/\/jornalpontomais.com\/site\/wp-json\/wp\/v2\/categories?post=23431"},{"taxonomy":"post_tag","embeddable":true,"href":"https:\/\/jornalpontomais.com\/site\/wp-json\/wp\/v2\/tags?post=23431"}],"curies":[{"name":"wp","href":"https:\/\/api.w.org\/{rel}","templated":true}]}}