{"id":23426,"date":"2026-04-28T09:40:12","date_gmt":"2026-04-28T12:40:12","guid":{"rendered":"https:\/\/jornalpontomais.com\/site\/?p=23426"},"modified":"2026-04-28T09:58:45","modified_gmt":"2026-04-28T12:58:45","slug":"na-semana-mundial-de-imunizacao-hcn-reforca-importancia-da-vacinacao-para-todas-as-idades","status":"publish","type":"post","link":"https:\/\/jornalpontomais.com\/site\/2026\/04\/28\/na-semana-mundial-de-imunizacao-hcn-reforca-importancia-da-vacinacao-para-todas-as-idades\/","title":{"rendered":"Na Semana Mundial de Imuniza\u00e7\u00e3o, HCN refor\u00e7a import\u00e2ncia da vacina\u00e7\u00e3o para todas as idades"},"content":{"rendered":"\n<p>O Hospital Estadual do Centro-Norte Goiano (HCN) se une \u00e0s demais institui\u00e7\u00f5es de sa\u00fade em favor da import\u00e2ncia da vacina\u00e7\u00e3o como prote\u00e7\u00e3o de pessoas de todas as idades, nesta Semana Mundial de Imuniza\u00e7\u00e3o, que tem como tema este ano\u00a0<em>Para Cada Gera\u00e7\u00e3o, as Vacinas Funcionam.<\/em><br><br><\/p>\n\n\n\n<p>A data, celebrada de 24 a 30 de abril, foi criada pela Organiza\u00e7\u00e3o Pan-Americana de Sa\u00fade (Opas), em 2002, e a campanha foi estendida pela Organiza\u00e7\u00e3o Mundial da Sa\u00fade (OMS) para todo o planeta. \u201cNa Semana de Imuniza\u00e7\u00e3o, refor\u00e7amos a import\u00e2ncia de proteger a n\u00f3s mesmos e a quem amamos\u201d, destaca a coordenadora do N\u00facleo de Vigil\u00e2ncia Epidemiol\u00f3gica do HCN, Fhadya Costa.<br><br><\/p>\n\n\n\n<p>\u201cA vacina\u00e7\u00e3o \u00e9 uma escolha pela vida e prevenir-se \u00e9 um gesto de cuidado que pode salvar muitas pessoas\u201d, ressalta a coordenadora.<br><br><\/p>\n\n\n\n<p>O HCN refor\u00e7a que vacinas salvam vidas, em todas as idades, e que manter o calend\u00e1rio em dia protege n\u00e3o s\u00f3 a pessoa vacinada, mas tamb\u00e9m a comunidade como um todo, atrav\u00e9s da diminui\u00e7\u00e3o de transmiss\u00e3o de doen\u00e7as.<br><br><\/p>\n\n\n\n<p><strong>Vacina\u00e7\u00e3o \u2013 hist\u00f3rico<\/strong><\/p>\n\n\n\n<p>A vacina\u00e7\u00e3o \u00e9, h\u00e1 muito tempo, uma das ferramentas mais poderosas da sa\u00fade p\u00fablica.<br><br><\/p>\n\n\n\n<p>Segundo a OMS, nos \u00faltimos 50 anos elas salvaram mais de 150 milh\u00f5es de vidas, protegendo a popula\u00e7\u00e3o de doen\u00e7as como:<\/p>\n\n\n\n<ul class=\"wp-block-list\">\n<li>sarampo;<\/li>\n\n\n\n<li>difteria;<\/li>\n\n\n\n<li>coqueluche;<\/li>\n\n\n\n<li>poliomielite;<\/li>\n\n\n\n<li>rotav\u00edrus.<br><br><\/li>\n<\/ul>\n\n\n\n<p>Contudo, nos \u00faltimos anos o progresso das campanhas de imuniza\u00e7\u00e3o diminuiu e, como resultado, o mundo est\u00e1 testemunhando novamente surtos repentinos de doen\u00e7as que, at\u00e9 agora, estavam praticamente sob controle, como difteria e sarampo.<br><br><\/p>\n\n\n\n<p>A vacina\u00e7\u00e3o contribuiu para uma melhoria de 40% na sobreviv\u00eancia infantil nos \u00faltimos 50 anos e protegeu dezenas de milh\u00f5es de crian\u00e7as de defici\u00eancias permanentes.<br><br><\/p>\n\n\n\n<p>Hoje em dia, mais crian\u00e7as chegam a completar um ano de idade mais do que em qualquer outro momento da hist\u00f3ria da humanidade.<br><br><\/p>\n\n\n\n<p>Novas vacinas salvam vidas e ajudam pessoas de todas as idades a viverem mais e com mais sa\u00fade, gra\u00e7as aos avan\u00e7os cient\u00edficos,exemplo disso s\u00e3 oas imuniza\u00e7\u00f5es contra:<\/p>\n\n\n\n<ul class=\"wp-block-list\">\n<li>contra mal\u00e1ria;<\/li>\n\n\n\n<li>HPV;<\/li>\n\n\n\n<li>c\u00f3lera;<\/li>\n\n\n\n<li>dengue;<\/li>\n\n\n\n<li>meningite;<\/li>\n\n\n\n<li>VSR;<\/li>\n\n\n\n<li>ebola;<\/li>\n\n\n\n<li>microbact\u00e9rias.<br><br><\/li>\n<\/ul>\n\n\n\n<p>No Brasil, a pol\u00edtica p\u00fablica de vacina\u00e7\u00e3o \u00e9 coordenada pelo Programa Nacional de Imuniza\u00e7\u00f5es (PNI), criado em 1973.<br><br><\/p>\n\n\n\n<p>De acordo com o Minist\u00e9rio da Sa\u00fade, o SUS disponibiliza gratuitamente 50 imunobiol\u00f3gicos (32 vacinas, 13 soros e 5 imunoglobulinas), incluindo vacinas de rotina do calend\u00e1rio nacional e imunobiol\u00f3gicos para condi\u00e7\u00f5es cl\u00ednicas especiais.<\/p>\n","protected":false},"excerpt":{"rendered":"<p>O Hospital Estadual do Centro-Norte Goiano (HCN) se une \u00e0s demais institui\u00e7\u00f5es de sa\u00fade em favor da import\u00e2ncia da vacina\u00e7\u00e3o como prote\u00e7\u00e3o de pessoas de todas as idades, nesta Semana Mundial de Imuniza\u00e7\u00e3o, que tem como tema este ano\u00a0Para Cada Gera\u00e7\u00e3o, as Vacinas Funcionam. A data, celebrada de 24 a 30 de abril, foi criada [&hellip;]<\/p>\n","protected":false},"author":2,"featured_media":22682,"comment_status":"open","ping_status":"open","sticky":true,"template":"","format":"standard","meta":{"om_disable_all_campaigns":false,"_monsterinsights_skip_tracking":false,"_monsterinsights_sitenote_active":false,"_monsterinsights_sitenote_note":"","_monsterinsights_sitenote_category":0,"footnotes":""},"categories":[3],"tags":[],"class_list":["post-23426","post","type-post","status-publish","format-standard","has-post-thumbnail","hentry","category-saude"],"yoast_head":"<!-- This site is optimized with the Yoast SEO plugin v27.2 - https:\/\/yoast.com\/product\/yoast-seo-wordpress\/ -->\n<title>Na Semana Mundial de Imuniza\u00e7\u00e3o, HCN refor\u00e7a import\u00e2ncia da vacina\u00e7\u00e3o para todas as idades - Jornal Ponto Mais<\/title>\n<meta name=\"robots\" content=\"index, follow, max-snippet:-1, max-image-preview:large, max-video-preview:-1\" \/>\n<link rel=\"canonical\" href=\"https:\/\/jornalpontomais.com\/site\/2026\/04\/28\/na-semana-mundial-de-imunizacao-hcn-reforca-importancia-da-vacinacao-para-todas-as-idades\/\" \/>\n<meta property=\"og:locale\" content=\"pt_BR\" \/>\n<meta property=\"og:type\" content=\"article\" \/>\n<meta property=\"og:title\" content=\"Na Semana Mundial de Imuniza\u00e7\u00e3o, HCN refor\u00e7a import\u00e2ncia da vacina\u00e7\u00e3o para todas as idades - Jornal Ponto Mais\" \/>\n<meta property=\"og:description\" content=\"O Hospital Estadual do Centro-Norte Goiano (HCN) se une \u00e0s demais institui\u00e7\u00f5es de sa\u00fade em favor da import\u00e2ncia da vacina\u00e7\u00e3o como prote\u00e7\u00e3o de pessoas de todas as idades, nesta Semana Mundial de Imuniza\u00e7\u00e3o, que tem como tema este ano\u00a0Para Cada Gera\u00e7\u00e3o, as Vacinas Funcionam. A data, celebrada de 24 a 30 de abril, foi criada [&hellip;]\" \/>\n<meta property=\"og:url\" content=\"https:\/\/jornalpontomais.com\/site\/2026\/04\/28\/na-semana-mundial-de-imunizacao-hcn-reforca-importancia-da-vacinacao-para-todas-as-idades\/\" \/>\n<meta property=\"og:site_name\" content=\"Jornal Ponto Mais\" \/>\n<meta property=\"article:published_time\" content=\"2026-04-28T12:40:12+00:00\" \/>\n<meta property=\"article:modified_time\" content=\"2026-04-28T12:58:45+00:00\" \/>\n<meta property=\"og:image\" content=\"https:\/\/jornalpontomais.com\/site\/wp-content\/uploads\/2026\/03\/SES_VACINACAO_CONTA_HPV_POR_IRON_BRAZ.jpeg\" \/>\n\t<meta property=\"og:image:width\" content=\"1600\" \/>\n\t<meta property=\"og:image:height\" content=\"1066\" \/>\n\t<meta property=\"og:image:type\" content=\"image\/jpeg\" \/>\n<meta name=\"author\" content=\"Jornal Ponto Mais\" \/>\n<meta name=\"twitter:card\" content=\"summary_large_image\" \/>\n<meta name=\"twitter:label1\" content=\"Escrito por\" \/>\n\t<meta name=\"twitter:data1\" content=\"Jornal Ponto Mais\" \/>\n\t<meta name=\"twitter:label2\" content=\"Est. tempo de leitura\" \/>\n\t<meta name=\"twitter:data2\" content=\"2 minutos\" \/>\n<script type=\"application\/ld+json\" class=\"yoast-schema-graph\">{\"@context\":\"https:\/\/schema.org\",\"@graph\":[{\"@type\":\"Article\",\"@id\":\"https:\/\/jornalpontomais.com\/site\/2026\/04\/28\/na-semana-mundial-de-imunizacao-hcn-reforca-importancia-da-vacinacao-para-todas-as-idades\/#article\",\"isPartOf\":{\"@id\":\"https:\/\/jornalpontomais.com\/site\/2026\/04\/28\/na-semana-mundial-de-imunizacao-hcn-reforca-importancia-da-vacinacao-para-todas-as-idades\/\"},\"author\":{\"name\":\"Jornal Ponto Mais\",\"@id\":\"https:\/\/jornalpontomais.com\/site\/#\/schema\/person\/18323f0b0f1355f2490721c48389fe9d\"},\"headline\":\"Na Semana Mundial de Imuniza\u00e7\u00e3o, HCN refor\u00e7a import\u00e2ncia da vacina\u00e7\u00e3o para todas as idades\",\"datePublished\":\"2026-04-28T12:40:12+00:00\",\"dateModified\":\"2026-04-28T12:58:45+00:00\",\"mainEntityOfPage\":{\"@id\":\"https:\/\/jornalpontomais.com\/site\/2026\/04\/28\/na-semana-mundial-de-imunizacao-hcn-reforca-importancia-da-vacinacao-para-todas-as-idades\/\"},\"wordCount\":445,\"commentCount\":0,\"publisher\":{\"@id\":\"https:\/\/jornalpontomais.com\/site\/#organization\"},\"image\":{\"@id\":\"https:\/\/jornalpontomais.com\/site\/2026\/04\/28\/na-semana-mundial-de-imunizacao-hcn-reforca-importancia-da-vacinacao-para-todas-as-idades\/#primaryimage\"},\"thumbnailUrl\":\"https:\/\/jornalpontomais.com\/site\/wp-content\/uploads\/2026\/03\/SES_VACINACAO_CONTA_HPV_POR_IRON_BRAZ.jpeg\",\"articleSection\":[\"Sa\u00fade\"],\"inLanguage\":\"pt-BR\",\"potentialAction\":[{\"@type\":\"CommentAction\",\"name\":\"Comment\",\"target\":[\"https:\/\/jornalpontomais.com\/site\/2026\/04\/28\/na-semana-mundial-de-imunizacao-hcn-reforca-importancia-da-vacinacao-para-todas-as-idades\/#respond\"]}]},{\"@type\":\"WebPage\",\"@id\":\"https:\/\/jornalpontomais.com\/site\/2026\/04\/28\/na-semana-mundial-de-imunizacao-hcn-reforca-importancia-da-vacinacao-para-todas-as-idades\/\",\"url\":\"https:\/\/jornalpontomais.com\/site\/2026\/04\/28\/na-semana-mundial-de-imunizacao-hcn-reforca-importancia-da-vacinacao-para-todas-as-idades\/\",\"name\":\"Na Semana Mundial de Imuniza\u00e7\u00e3o, HCN refor\u00e7a import\u00e2ncia da vacina\u00e7\u00e3o para todas as idades - Jornal Ponto Mais\",\"isPartOf\":{\"@id\":\"https:\/\/jornalpontomais.com\/site\/#website\"},\"primaryImageOfPage\":{\"@id\":\"https:\/\/jornalpontomais.com\/site\/2026\/04\/28\/na-semana-mundial-de-imunizacao-hcn-reforca-importancia-da-vacinacao-para-todas-as-idades\/#primaryimage\"},\"image\":{\"@id\":\"https:\/\/jornalpontomais.com\/site\/2026\/04\/28\/na-semana-mundial-de-imunizacao-hcn-reforca-importancia-da-vacinacao-para-todas-as-idades\/#primaryimage\"},\"thumbnailUrl\":\"https:\/\/jornalpontomais.com\/site\/wp-content\/uploads\/2026\/03\/SES_VACINACAO_CONTA_HPV_POR_IRON_BRAZ.jpeg\",\"datePublished\":\"2026-04-28T12:40:12+00:00\",\"dateModified\":\"2026-04-28T12:58:45+00:00\",\"breadcrumb\":{\"@id\":\"https:\/\/jornalpontomais.com\/site\/2026\/04\/28\/na-semana-mundial-de-imunizacao-hcn-reforca-importancia-da-vacinacao-para-todas-as-idades\/#breadcrumb\"},\"inLanguage\":\"pt-BR\",\"potentialAction\":[{\"@type\":\"ReadAction\",\"target\":[\"https:\/\/jornalpontomais.com\/site\/2026\/04\/28\/na-semana-mundial-de-imunizacao-hcn-reforca-importancia-da-vacinacao-para-todas-as-idades\/\"]}]},{\"@type\":\"ImageObject\",\"inLanguage\":\"pt-BR\",\"@id\":\"https:\/\/jornalpontomais.com\/site\/2026\/04\/28\/na-semana-mundial-de-imunizacao-hcn-reforca-importancia-da-vacinacao-para-todas-as-idades\/#primaryimage\",\"url\":\"https:\/\/jornalpontomais.com\/site\/wp-content\/uploads\/2026\/03\/SES_VACINACAO_CONTA_HPV_POR_IRON_BRAZ.jpeg\",\"contentUrl\":\"https:\/\/jornalpontomais.com\/site\/wp-content\/uploads\/2026\/03\/SES_VACINACAO_CONTA_HPV_POR_IRON_BRAZ.jpeg\",\"width\":1600,\"height\":1066},{\"@type\":\"BreadcrumbList\",\"@id\":\"https:\/\/jornalpontomais.com\/site\/2026\/04\/28\/na-semana-mundial-de-imunizacao-hcn-reforca-importancia-da-vacinacao-para-todas-as-idades\/#breadcrumb\",\"itemListElement\":[{\"@type\":\"ListItem\",\"position\":1,\"name\":\"In\u00edcio\",\"item\":\"https:\/\/jornalpontomais.com\/site\/\"},{\"@type\":\"ListItem\",\"position\":2,\"name\":\"Na Semana Mundial de Imuniza\u00e7\u00e3o, HCN refor\u00e7a import\u00e2ncia da vacina\u00e7\u00e3o para todas as idades\"}]},{\"@type\":\"WebSite\",\"@id\":\"https:\/\/jornalpontomais.com\/site\/#website\",\"url\":\"https:\/\/jornalpontomais.com\/site\/\",\"name\":\"Jornal Ponto Mais\",\"description\":\"As principais not\u00edcias do Brasil e do mundo. Confira!\",\"publisher\":{\"@id\":\"https:\/\/jornalpontomais.com\/site\/#organization\"},\"potentialAction\":[{\"@type\":\"SearchAction\",\"target\":{\"@type\":\"EntryPoint\",\"urlTemplate\":\"https:\/\/jornalpontomais.com\/site\/?s={search_term_string}\"},\"query-input\":{\"@type\":\"PropertyValueSpecification\",\"valueRequired\":true,\"valueName\":\"search_term_string\"}}],\"inLanguage\":\"pt-BR\"},{\"@type\":\"Organization\",\"@id\":\"https:\/\/jornalpontomais.com\/site\/#organization\",\"name\":\"Jornal Ponto+\",\"url\":\"https:\/\/jornalpontomais.com\/site\/\",\"logo\":{\"@type\":\"ImageObject\",\"inLanguage\":\"pt-BR\",\"@id\":\"https:\/\/jornalpontomais.com\/site\/#\/schema\/logo\/image\/\",\"url\":\"https:\/\/jornalpontomais.com\/site\/wp-content\/uploads\/2022\/01\/marca.png\",\"contentUrl\":\"https:\/\/jornalpontomais.com\/site\/wp-content\/uploads\/2022\/01\/marca.png\",\"width\":582,\"height\":148,\"caption\":\"Jornal Ponto+\"},\"image\":{\"@id\":\"https:\/\/jornalpontomais.com\/site\/#\/schema\/logo\/image\/\"}},{\"@type\":\"Person\",\"@id\":\"https:\/\/jornalpontomais.com\/site\/#\/schema\/person\/18323f0b0f1355f2490721c48389fe9d\",\"name\":\"Jornal Ponto Mais\",\"image\":{\"@type\":\"ImageObject\",\"inLanguage\":\"pt-BR\",\"@id\":\"https:\/\/secure.gravatar.com\/avatar\/2ee0a9b7fe10fe32bdec8bc086e871e41eb5f4f6ecbcb7b4f2fe0d92d831405f?s=96&d=mm&r=g\",\"url\":\"https:\/\/secure.gravatar.com\/avatar\/2ee0a9b7fe10fe32bdec8bc086e871e41eb5f4f6ecbcb7b4f2fe0d92d831405f?s=96&d=mm&r=g\",\"contentUrl\":\"https:\/\/secure.gravatar.com\/avatar\/2ee0a9b7fe10fe32bdec8bc086e871e41eb5f4f6ecbcb7b4f2fe0d92d831405f?s=96&d=mm&r=g\",\"caption\":\"Jornal Ponto Mais\"},\"sameAs\":[\"https:\/\/jornalpontomais.com\/site\",\"jornalpontomais\"],\"url\":\"https:\/\/jornalpontomais.com\/site\/author\/jornalpontomais\/\"}]}<\/script>\n<!-- \/ Yoast SEO plugin. -->","yoast_head_json":{"title":"Na Semana Mundial de Imuniza\u00e7\u00e3o, HCN refor\u00e7a import\u00e2ncia da vacina\u00e7\u00e3o para todas as idades - Jornal Ponto Mais","robots":{"index":"index","follow":"follow","max-snippet":"max-snippet:-1","max-image-preview":"max-image-preview:large","max-video-preview":"max-video-preview:-1"},"canonical":"https:\/\/jornalpontomais.com\/site\/2026\/04\/28\/na-semana-mundial-de-imunizacao-hcn-reforca-importancia-da-vacinacao-para-todas-as-idades\/","og_locale":"pt_BR","og_type":"article","og_title":"Na Semana Mundial de Imuniza\u00e7\u00e3o, HCN refor\u00e7a import\u00e2ncia da vacina\u00e7\u00e3o para todas as idades - Jornal Ponto Mais","og_description":"O Hospital Estadual do Centro-Norte Goiano (HCN) se une \u00e0s demais institui\u00e7\u00f5es de sa\u00fade em favor da import\u00e2ncia da vacina\u00e7\u00e3o como prote\u00e7\u00e3o de pessoas de todas as idades, nesta Semana Mundial de Imuniza\u00e7\u00e3o, que tem como tema este ano\u00a0Para Cada Gera\u00e7\u00e3o, as Vacinas Funcionam. A data, celebrada de 24 a 30 de abril, foi criada [&hellip;]","og_url":"https:\/\/jornalpontomais.com\/site\/2026\/04\/28\/na-semana-mundial-de-imunizacao-hcn-reforca-importancia-da-vacinacao-para-todas-as-idades\/","og_site_name":"Jornal Ponto Mais","article_published_time":"2026-04-28T12:40:12+00:00","article_modified_time":"2026-04-28T12:58:45+00:00","og_image":[{"width":1600,"height":1066,"url":"https:\/\/jornalpontomais.com\/site\/wp-content\/uploads\/2026\/03\/SES_VACINACAO_CONTA_HPV_POR_IRON_BRAZ.jpeg","type":"image\/jpeg"}],"author":"Jornal Ponto Mais","twitter_card":"summary_large_image","twitter_misc":{"Escrito por":"Jornal Ponto Mais","Est. tempo de leitura":"2 minutos"},"schema":{"@context":"https:\/\/schema.org","@graph":[{"@type":"Article","@id":"https:\/\/jornalpontomais.com\/site\/2026\/04\/28\/na-semana-mundial-de-imunizacao-hcn-reforca-importancia-da-vacinacao-para-todas-as-idades\/#article","isPartOf":{"@id":"https:\/\/jornalpontomais.com\/site\/2026\/04\/28\/na-semana-mundial-de-imunizacao-hcn-reforca-importancia-da-vacinacao-para-todas-as-idades\/"},"author":{"name":"Jornal Ponto Mais","@id":"https:\/\/jornalpontomais.com\/site\/#\/schema\/person\/18323f0b0f1355f2490721c48389fe9d"},"headline":"Na Semana Mundial de Imuniza\u00e7\u00e3o, HCN refor\u00e7a import\u00e2ncia da vacina\u00e7\u00e3o para todas as idades","datePublished":"2026-04-28T12:40:12+00:00","dateModified":"2026-04-28T12:58:45+00:00","mainEntityOfPage":{"@id":"https:\/\/jornalpontomais.com\/site\/2026\/04\/28\/na-semana-mundial-de-imunizacao-hcn-reforca-importancia-da-vacinacao-para-todas-as-idades\/"},"wordCount":445,"commentCount":0,"publisher":{"@id":"https:\/\/jornalpontomais.com\/site\/#organization"},"image":{"@id":"https:\/\/jornalpontomais.com\/site\/2026\/04\/28\/na-semana-mundial-de-imunizacao-hcn-reforca-importancia-da-vacinacao-para-todas-as-idades\/#primaryimage"},"thumbnailUrl":"https:\/\/jornalpontomais.com\/site\/wp-content\/uploads\/2026\/03\/SES_VACINACAO_CONTA_HPV_POR_IRON_BRAZ.jpeg","articleSection":["Sa\u00fade"],"inLanguage":"pt-BR","potentialAction":[{"@type":"CommentAction","name":"Comment","target":["https:\/\/jornalpontomais.com\/site\/2026\/04\/28\/na-semana-mundial-de-imunizacao-hcn-reforca-importancia-da-vacinacao-para-todas-as-idades\/#respond"]}]},{"@type":"WebPage","@id":"https:\/\/jornalpontomais.com\/site\/2026\/04\/28\/na-semana-mundial-de-imunizacao-hcn-reforca-importancia-da-vacinacao-para-todas-as-idades\/","url":"https:\/\/jornalpontomais.com\/site\/2026\/04\/28\/na-semana-mundial-de-imunizacao-hcn-reforca-importancia-da-vacinacao-para-todas-as-idades\/","name":"Na Semana Mundial de Imuniza\u00e7\u00e3o, HCN refor\u00e7a import\u00e2ncia da vacina\u00e7\u00e3o para todas as idades - Jornal Ponto Mais","isPartOf":{"@id":"https:\/\/jornalpontomais.com\/site\/#website"},"primaryImageOfPage":{"@id":"https:\/\/jornalpontomais.com\/site\/2026\/04\/28\/na-semana-mundial-de-imunizacao-hcn-reforca-importancia-da-vacinacao-para-todas-as-idades\/#primaryimage"},"image":{"@id":"https:\/\/jornalpontomais.com\/site\/2026\/04\/28\/na-semana-mundial-de-imunizacao-hcn-reforca-importancia-da-vacinacao-para-todas-as-idades\/#primaryimage"},"thumbnailUrl":"https:\/\/jornalpontomais.com\/site\/wp-content\/uploads\/2026\/03\/SES_VACINACAO_CONTA_HPV_POR_IRON_BRAZ.jpeg","datePublished":"2026-04-28T12:40:12+00:00","dateModified":"2026-04-28T12:58:45+00:00","breadcrumb":{"@id":"https:\/\/jornalpontomais.com\/site\/2026\/04\/28\/na-semana-mundial-de-imunizacao-hcn-reforca-importancia-da-vacinacao-para-todas-as-idades\/#breadcrumb"},"inLanguage":"pt-BR","potentialAction":[{"@type":"ReadAction","target":["https:\/\/jornalpontomais.com\/site\/2026\/04\/28\/na-semana-mundial-de-imunizacao-hcn-reforca-importancia-da-vacinacao-para-todas-as-idades\/"]}]},{"@type":"ImageObject","inLanguage":"pt-BR","@id":"https:\/\/jornalpontomais.com\/site\/2026\/04\/28\/na-semana-mundial-de-imunizacao-hcn-reforca-importancia-da-vacinacao-para-todas-as-idades\/#primaryimage","url":"https:\/\/jornalpontomais.com\/site\/wp-content\/uploads\/2026\/03\/SES_VACINACAO_CONTA_HPV_POR_IRON_BRAZ.jpeg","contentUrl":"https:\/\/jornalpontomais.com\/site\/wp-content\/uploads\/2026\/03\/SES_VACINACAO_CONTA_HPV_POR_IRON_BRAZ.jpeg","width":1600,"height":1066},{"@type":"BreadcrumbList","@id":"https:\/\/jornalpontomais.com\/site\/2026\/04\/28\/na-semana-mundial-de-imunizacao-hcn-reforca-importancia-da-vacinacao-para-todas-as-idades\/#breadcrumb","itemListElement":[{"@type":"ListItem","position":1,"name":"In\u00edcio","item":"https:\/\/jornalpontomais.com\/site\/"},{"@type":"ListItem","position":2,"name":"Na Semana Mundial de Imuniza\u00e7\u00e3o, HCN refor\u00e7a import\u00e2ncia da vacina\u00e7\u00e3o para todas as idades"}]},{"@type":"WebSite","@id":"https:\/\/jornalpontomais.com\/site\/#website","url":"https:\/\/jornalpontomais.com\/site\/","name":"Jornal Ponto Mais","description":"As principais not\u00edcias do Brasil e do mundo. Confira!","publisher":{"@id":"https:\/\/jornalpontomais.com\/site\/#organization"},"potentialAction":[{"@type":"SearchAction","target":{"@type":"EntryPoint","urlTemplate":"https:\/\/jornalpontomais.com\/site\/?s={search_term_string}"},"query-input":{"@type":"PropertyValueSpecification","valueRequired":true,"valueName":"search_term_string"}}],"inLanguage":"pt-BR"},{"@type":"Organization","@id":"https:\/\/jornalpontomais.com\/site\/#organization","name":"Jornal Ponto+","url":"https:\/\/jornalpontomais.com\/site\/","logo":{"@type":"ImageObject","inLanguage":"pt-BR","@id":"https:\/\/jornalpontomais.com\/site\/#\/schema\/logo\/image\/","url":"https:\/\/jornalpontomais.com\/site\/wp-content\/uploads\/2022\/01\/marca.png","contentUrl":"https:\/\/jornalpontomais.com\/site\/wp-content\/uploads\/2022\/01\/marca.png","width":582,"height":148,"caption":"Jornal Ponto+"},"image":{"@id":"https:\/\/jornalpontomais.com\/site\/#\/schema\/logo\/image\/"}},{"@type":"Person","@id":"https:\/\/jornalpontomais.com\/site\/#\/schema\/person\/18323f0b0f1355f2490721c48389fe9d","name":"Jornal Ponto Mais","image":{"@type":"ImageObject","inLanguage":"pt-BR","@id":"https:\/\/secure.gravatar.com\/avatar\/2ee0a9b7fe10fe32bdec8bc086e871e41eb5f4f6ecbcb7b4f2fe0d92d831405f?s=96&d=mm&r=g","url":"https:\/\/secure.gravatar.com\/avatar\/2ee0a9b7fe10fe32bdec8bc086e871e41eb5f4f6ecbcb7b4f2fe0d92d831405f?s=96&d=mm&r=g","contentUrl":"https:\/\/secure.gravatar.com\/avatar\/2ee0a9b7fe10fe32bdec8bc086e871e41eb5f4f6ecbcb7b4f2fe0d92d831405f?s=96&d=mm&r=g","caption":"Jornal Ponto Mais"},"sameAs":["https:\/\/jornalpontomais.com\/site","jornalpontomais"],"url":"https:\/\/jornalpontomais.com\/site\/author\/jornalpontomais\/"}]}},"_links":{"self":[{"href":"https:\/\/jornalpontomais.com\/site\/wp-json\/wp\/v2\/posts\/23426","targetHints":{"allow":["GET"]}}],"collection":[{"href":"https:\/\/jornalpontomais.com\/site\/wp-json\/wp\/v2\/posts"}],"about":[{"href":"https:\/\/jornalpontomais.com\/site\/wp-json\/wp\/v2\/types\/post"}],"author":[{"embeddable":true,"href":"https:\/\/jornalpontomais.com\/site\/wp-json\/wp\/v2\/users\/2"}],"replies":[{"embeddable":true,"href":"https:\/\/jornalpontomais.com\/site\/wp-json\/wp\/v2\/comments?post=23426"}],"version-history":[{"count":1,"href":"https:\/\/jornalpontomais.com\/site\/wp-json\/wp\/v2\/posts\/23426\/revisions"}],"predecessor-version":[{"id":23427,"href":"https:\/\/jornalpontomais.com\/site\/wp-json\/wp\/v2\/posts\/23426\/revisions\/23427"}],"wp:featuredmedia":[{"embeddable":true,"href":"https:\/\/jornalpontomais.com\/site\/wp-json\/wp\/v2\/media\/22682"}],"wp:attachment":[{"href":"https:\/\/jornalpontomais.com\/site\/wp-json\/wp\/v2\/media?parent=23426"}],"wp:term":[{"taxonomy":"category","embeddable":true,"href":"https:\/\/jornalpontomais.com\/site\/wp-json\/wp\/v2\/categories?post=23426"},{"taxonomy":"post_tag","embeddable":true,"href":"https:\/\/jornalpontomais.com\/site\/wp-json\/wp\/v2\/tags?post=23426"}],"curies":[{"name":"wp","href":"https:\/\/api.w.org\/{rel}","templated":true}]}}