{"id":23392,"date":"2026-04-25T10:40:00","date_gmt":"2026-04-25T13:40:00","guid":{"rendered":"https:\/\/jornalpontomais.com\/site\/?p=23392"},"modified":"2026-04-26T21:43:18","modified_gmt":"2026-04-27T00:43:18","slug":"governo-de-goias-atua-para-que-terras-raras-sejam-processadas-no-estado","status":"publish","type":"post","link":"https:\/\/jornalpontomais.com\/site\/2026\/04\/25\/governo-de-goias-atua-para-que-terras-raras-sejam-processadas-no-estado\/","title":{"rendered":"Governo de Goi\u00e1s atua para que terras raras sejam processadas no estado"},"content":{"rendered":"\n<p>Com reservas minerais que representam 25% da disponibilidade mundial e a presen\u00e7a da \u00fanica produtora em grande escala de terras raras pesadas cr\u00edticas fora da \u00c1sia, o Governo de Goi\u00e1s atua para o processamento da mat\u00e9ria prima no estado.<br><br><\/p>\n\n\n\n<p>O objetivo \u00e9 alavancar a economia goiana com arrecada\u00e7\u00e3o, lucratividade, benef\u00edcios econ\u00f4micos e gera\u00e7\u00e3o de emprego e renda. \u00c9 o que defende o governador Daniel Vilela, que afirma que a entrada de um novo s\u00f3cio na mina da Serra Verde \u2014 a americana USA Rare Earth Inc. (USAR) \u2014 refor\u00e7a os esfor\u00e7os do Governo de Goi\u00e1s para consolidar o estado como refer\u00eancia no setor.<br><br><\/p>\n\n\n\n<p>A empresa j\u00e1 contava com participa\u00e7\u00e3o de fundos internacionais (dois dos Estados Unidos e um do Reino Unido). \u201cNossa inten\u00e7\u00e3o \u00e9 impedir que o valor agregado dos nossos recursos, nosso min\u00e9rio e nossa riqueza, seja transferido para outros pa\u00edses para benefici\u00e1-los\u201d.<br><br><\/p>\n\n\n\n<p>\u201cBuscamos e exigiremos investimentos na agrega\u00e7\u00e3o de valor desses recursos em nosso estado. Este \u00e9 o nosso principal objetivo\u201d, garantiu Vilela.<br><br><\/p>\n\n\n\n<p>\u201cApresentamos ao CEO da Serra Verde, Ricardo Grosse, que continuar\u00e1 sendo o respons\u00e1vel pela opera\u00e7\u00e3o brasileira dessa nova empresa, o nosso desejo de que as demais etapas dessa cadeia produtiva tamb\u00e9m possam acontecer e agregar valor aqui em Goi\u00e1s\u201d, completou.<br><br><\/p>\n\n\n\n<p>Atualmente, a mina de Serra Verde, em Mina\u00e7u, no Norte do estado, \u00e9 a respons\u00e1vel pela \u00fanica extra\u00e7\u00e3o comercial em larga escala de terras raras em opera\u00e7\u00e3o no Brasil, com produ\u00e7\u00e3o de at\u00e9 5 mil toneladas por ano dos \u00f3xidos dispr\u00f3sio (Dy), t\u00e9rbio (Tb), neod\u00edmio (Nd) e praseod\u00edmio (Pr).<br><br><\/p>\n\n\n\n<p>No entanto, toda a mat\u00e9ria prima bruta \u00e9 enviada para a China, onde \u00e9 processada e, depois, enviada para o restante do mundo. A China concentra cerca de 50% das reservas mundiais dos minerais, mas domina mais de 90% da produ\u00e7\u00e3o global.<br><br><\/p>\n\n\n\n<p>O objetivo da gest\u00e3o estadual \u00e9 que toda a cadeia de processamento seja realizada no pr\u00f3prio estado, impulsionando a economia local. Para isso, o Governo de Goi\u00e1s fechou um acordo com o governo norte-americano, em mar\u00e7o de 2026, com o objetivo de fortalecer a coopera\u00e7\u00e3o em minerais cr\u00edticos e terras raras.<br><br><\/p>\n\n\n\n<p>A finalidade do acordo \u00e9 promover pesquisa, capacita\u00e7\u00e3o e um ambiente regulat\u00f3rio transparente e competitivo, apoiando o desenvolvimento do processamento e manufatura de maior valor agregado em Goi\u00e1s, al\u00e9m de estimular parcerias entre institui\u00e7\u00f5es governamentais, acad\u00eamicas e do setor privado.<br><br><\/p>\n\n\n\n<p>O objetivo \u00e9 evoluir a tecnologia e tornar Goi\u00e1s uma refer\u00eancia geoecon\u00f4mica.<br><br><\/p>\n\n\n\n<p>Com a parceria, o intuito \u00e9 promover a instala\u00e7\u00e3o, em Goi\u00e1s, de estruturas completas de processamento e fabrica\u00e7\u00e3o de valor agregado, incluindo separa\u00e7\u00e3o de terras raras, metaliza\u00e7\u00e3o, produ\u00e7\u00e3o de ligas e fabrica\u00e7\u00e3o de \u00edm\u00e3s permanentes de neod\u00edmio (NdFeb), transferindo para o territ\u00f3rio goiano etapas industriais hoje concentradas em poucos pa\u00edses.<br><br><\/p>\n\n\n\n<p>Somado a isso, o Governo de Goi\u00e1s, em 2025, aprovou uma lei que cria uma estrutura de governan\u00e7a e estabelece uma s\u00e9rie de incentivos para o desenvolvimento da ind\u00fastria de minerais estrat\u00e9gicos no estado, fortalecendo as opera\u00e7\u00f5es j\u00e1 existentes em Mina\u00e7u, Nova Roma e Ipor\u00e1.<br><br><\/p>\n\n\n\n<p><strong>Aquisi\u00e7\u00e3o e setor mineral goiano<\/strong><\/p>\n\n\n\n<p>As atividades da mineradora Serra Verde foram iniciadas h\u00e1 16 anos, quando a empresa apresentou a documenta\u00e7\u00e3o necess\u00e1ria \u00e0 Ag\u00eancia Nacional de Minera\u00e7\u00e3o (ANM), \u00f3rg\u00e3o do governo federal respons\u00e1vel pela fiscaliza\u00e7\u00e3o e libera\u00e7\u00e3o de t\u00edtulos miner\u00e1rios, que concede a autoriza\u00e7\u00e3o para pesquisa e concess\u00e3o de lavra.<br><br><\/p>\n\n\n\n<p>Em Goi\u00e1s, a empresa realiza a produ\u00e7\u00e3o comercial desde janeiro de 2024.<br><br><\/p>\n\n\n\n<p>Recentemente, a mineradora assinou um acordo com o grupo USA Rare Earth com objetivo de criar um conglomerado global capaz de cuidar de todo o processamento das terras raras leves e pesadas, desde a extra\u00e7\u00e3o at\u00e9 o produto final.<br><br><\/p>\n\n\n\n<p>Mesmo com as altera\u00e7\u00f5es, as opera\u00e7\u00f5es da mineradora em Mina\u00e7u seguem sob responsabilidade da equipe que j\u00e1 atua na produ\u00e7\u00e3o.<br><br><\/p>\n\n\n\n<p>Atualmente, a Serra Verde emprega aproximadamente 400 pessoas em Mina\u00e7u, sendo aproximadamente 70% da for\u00e7a de trabalho composta por moradores locais.<br><br><\/p>\n\n\n\n<p>O Brasil possui a segunda maior reserva mundial de \u00f3xidos de terras raras (OTR), com 22 milh\u00f5es de toneladas lavr\u00e1veis, ficando atr\u00e1s apenas da China.<br><br><\/p>\n\n\n\n<p>Goi\u00e1s concentra os projetos mais avan\u00e7ados do pa\u00eds nesse setor e \u00e9 o terceiro maior estado brasileiro em Valor da Produ\u00e7\u00e3o Mineral e tamb\u00e9m Produ\u00e7\u00e3o Beneficiada.<br><br><\/p>\n\n\n\n<p>Al\u00e9m da unidade da Serra Verde em Mina\u00e7u, est\u00e3o em fase de implanta\u00e7\u00e3o as plantas da mineradora Aclara Resources em Nova Roma e Aparecida de Goi\u00e2nia.<\/p>\n","protected":false},"excerpt":{"rendered":"<p>Com reservas minerais que representam 25% da disponibilidade mundial e a presen\u00e7a da \u00fanica produtora em grande escala de terras raras pesadas cr\u00edticas fora da \u00c1sia, o Governo de Goi\u00e1s atua para o processamento da mat\u00e9ria prima no estado. O objetivo \u00e9 alavancar a economia goiana com arrecada\u00e7\u00e3o, lucratividade, benef\u00edcios econ\u00f4micos e gera\u00e7\u00e3o de emprego [&hellip;]<\/p>\n","protected":false},"author":2,"featured_media":23393,"comment_status":"open","ping_status":"open","sticky":false,"template":"","format":"standard","meta":{"om_disable_all_campaigns":false,"_monsterinsights_skip_tracking":false,"_monsterinsights_sitenote_active":false,"_monsterinsights_sitenote_note":"","_monsterinsights_sitenote_category":0,"footnotes":""},"categories":[5],"tags":[],"class_list":["post-23392","post","type-post","status-publish","format-standard","has-post-thumbnail","hentry","category-curiosidades"],"yoast_head":"<!-- This site is optimized with the Yoast SEO plugin v27.2 - https:\/\/yoast.com\/product\/yoast-seo-wordpress\/ -->\n<title>Governo de Goi\u00e1s atua para que terras raras sejam processadas no estado - Jornal Ponto Mais<\/title>\n<meta name=\"robots\" content=\"index, follow, max-snippet:-1, max-image-preview:large, max-video-preview:-1\" \/>\n<link rel=\"canonical\" href=\"https:\/\/jornalpontomais.com\/site\/2026\/04\/25\/governo-de-goias-atua-para-que-terras-raras-sejam-processadas-no-estado\/\" \/>\n<meta property=\"og:locale\" content=\"pt_BR\" \/>\n<meta property=\"og:type\" content=\"article\" \/>\n<meta property=\"og:title\" content=\"Governo de Goi\u00e1s atua para que terras raras sejam processadas no estado - Jornal Ponto Mais\" \/>\n<meta property=\"og:description\" content=\"Com reservas minerais que representam 25% da disponibilidade mundial e a presen\u00e7a da \u00fanica produtora em grande escala de terras raras pesadas cr\u00edticas fora da \u00c1sia, o Governo de Goi\u00e1s atua para o processamento da mat\u00e9ria prima no estado. O objetivo \u00e9 alavancar a economia goiana com arrecada\u00e7\u00e3o, lucratividade, benef\u00edcios econ\u00f4micos e gera\u00e7\u00e3o de emprego [&hellip;]\" \/>\n<meta property=\"og:url\" content=\"https:\/\/jornalpontomais.com\/site\/2026\/04\/25\/governo-de-goias-atua-para-que-terras-raras-sejam-processadas-no-estado\/\" \/>\n<meta property=\"og:site_name\" content=\"Jornal Ponto Mais\" \/>\n<meta property=\"article:published_time\" content=\"2026-04-25T13:40:00+00:00\" \/>\n<meta property=\"article:modified_time\" content=\"2026-04-27T00:43:18+00:00\" \/>\n<meta property=\"og:image\" content=\"https:\/\/jornalpontomais.com\/site\/wp-content\/uploads\/2026\/04\/SECOM_GOVERNO_DE_GOIAS_ATUA_PARA_QUE_TERRAS_RARAS_SEJA_PROCESSADAS_NO-ESTADO_FOTO_SERRA_VERDE.jpeg\" \/>\n\t<meta property=\"og:image:width\" content=\"1440\" \/>\n\t<meta property=\"og:image:height\" content=\"960\" \/>\n\t<meta property=\"og:image:type\" content=\"image\/jpeg\" \/>\n<meta name=\"author\" content=\"Jornal Ponto Mais\" \/>\n<meta name=\"twitter:card\" content=\"summary_large_image\" \/>\n<meta name=\"twitter:label1\" content=\"Escrito por\" \/>\n\t<meta name=\"twitter:data1\" content=\"Jornal Ponto Mais\" \/>\n\t<meta name=\"twitter:label2\" content=\"Est. tempo de leitura\" \/>\n\t<meta name=\"twitter:data2\" content=\"4 minutos\" \/>\n<script type=\"application\/ld+json\" class=\"yoast-schema-graph\">{\"@context\":\"https:\/\/schema.org\",\"@graph\":[{\"@type\":\"Article\",\"@id\":\"https:\/\/jornalpontomais.com\/site\/2026\/04\/25\/governo-de-goias-atua-para-que-terras-raras-sejam-processadas-no-estado\/#article\",\"isPartOf\":{\"@id\":\"https:\/\/jornalpontomais.com\/site\/2026\/04\/25\/governo-de-goias-atua-para-que-terras-raras-sejam-processadas-no-estado\/\"},\"author\":{\"name\":\"Jornal Ponto Mais\",\"@id\":\"https:\/\/jornalpontomais.com\/site\/#\/schema\/person\/18323f0b0f1355f2490721c48389fe9d\"},\"headline\":\"Governo de Goi\u00e1s atua para que terras raras sejam processadas no estado\",\"datePublished\":\"2026-04-25T13:40:00+00:00\",\"dateModified\":\"2026-04-27T00:43:18+00:00\",\"mainEntityOfPage\":{\"@id\":\"https:\/\/jornalpontomais.com\/site\/2026\/04\/25\/governo-de-goias-atua-para-que-terras-raras-sejam-processadas-no-estado\/\"},\"wordCount\":804,\"commentCount\":0,\"publisher\":{\"@id\":\"https:\/\/jornalpontomais.com\/site\/#organization\"},\"image\":{\"@id\":\"https:\/\/jornalpontomais.com\/site\/2026\/04\/25\/governo-de-goias-atua-para-que-terras-raras-sejam-processadas-no-estado\/#primaryimage\"},\"thumbnailUrl\":\"https:\/\/jornalpontomais.com\/site\/wp-content\/uploads\/2026\/04\/SECOM_GOVERNO_DE_GOIAS_ATUA_PARA_QUE_TERRAS_RARAS_SEJA_PROCESSADAS_NO-ESTADO_FOTO_SERRA_VERDE.jpeg\",\"articleSection\":[\"Curiosidades\"],\"inLanguage\":\"pt-BR\",\"potentialAction\":[{\"@type\":\"CommentAction\",\"name\":\"Comment\",\"target\":[\"https:\/\/jornalpontomais.com\/site\/2026\/04\/25\/governo-de-goias-atua-para-que-terras-raras-sejam-processadas-no-estado\/#respond\"]}]},{\"@type\":\"WebPage\",\"@id\":\"https:\/\/jornalpontomais.com\/site\/2026\/04\/25\/governo-de-goias-atua-para-que-terras-raras-sejam-processadas-no-estado\/\",\"url\":\"https:\/\/jornalpontomais.com\/site\/2026\/04\/25\/governo-de-goias-atua-para-que-terras-raras-sejam-processadas-no-estado\/\",\"name\":\"Governo de Goi\u00e1s atua para que terras raras sejam processadas no estado - Jornal Ponto Mais\",\"isPartOf\":{\"@id\":\"https:\/\/jornalpontomais.com\/site\/#website\"},\"primaryImageOfPage\":{\"@id\":\"https:\/\/jornalpontomais.com\/site\/2026\/04\/25\/governo-de-goias-atua-para-que-terras-raras-sejam-processadas-no-estado\/#primaryimage\"},\"image\":{\"@id\":\"https:\/\/jornalpontomais.com\/site\/2026\/04\/25\/governo-de-goias-atua-para-que-terras-raras-sejam-processadas-no-estado\/#primaryimage\"},\"thumbnailUrl\":\"https:\/\/jornalpontomais.com\/site\/wp-content\/uploads\/2026\/04\/SECOM_GOVERNO_DE_GOIAS_ATUA_PARA_QUE_TERRAS_RARAS_SEJA_PROCESSADAS_NO-ESTADO_FOTO_SERRA_VERDE.jpeg\",\"datePublished\":\"2026-04-25T13:40:00+00:00\",\"dateModified\":\"2026-04-27T00:43:18+00:00\",\"breadcrumb\":{\"@id\":\"https:\/\/jornalpontomais.com\/site\/2026\/04\/25\/governo-de-goias-atua-para-que-terras-raras-sejam-processadas-no-estado\/#breadcrumb\"},\"inLanguage\":\"pt-BR\",\"potentialAction\":[{\"@type\":\"ReadAction\",\"target\":[\"https:\/\/jornalpontomais.com\/site\/2026\/04\/25\/governo-de-goias-atua-para-que-terras-raras-sejam-processadas-no-estado\/\"]}]},{\"@type\":\"ImageObject\",\"inLanguage\":\"pt-BR\",\"@id\":\"https:\/\/jornalpontomais.com\/site\/2026\/04\/25\/governo-de-goias-atua-para-que-terras-raras-sejam-processadas-no-estado\/#primaryimage\",\"url\":\"https:\/\/jornalpontomais.com\/site\/wp-content\/uploads\/2026\/04\/SECOM_GOVERNO_DE_GOIAS_ATUA_PARA_QUE_TERRAS_RARAS_SEJA_PROCESSADAS_NO-ESTADO_FOTO_SERRA_VERDE.jpeg\",\"contentUrl\":\"https:\/\/jornalpontomais.com\/site\/wp-content\/uploads\/2026\/04\/SECOM_GOVERNO_DE_GOIAS_ATUA_PARA_QUE_TERRAS_RARAS_SEJA_PROCESSADAS_NO-ESTADO_FOTO_SERRA_VERDE.jpeg\",\"width\":1440,\"height\":960},{\"@type\":\"BreadcrumbList\",\"@id\":\"https:\/\/jornalpontomais.com\/site\/2026\/04\/25\/governo-de-goias-atua-para-que-terras-raras-sejam-processadas-no-estado\/#breadcrumb\",\"itemListElement\":[{\"@type\":\"ListItem\",\"position\":1,\"name\":\"In\u00edcio\",\"item\":\"https:\/\/jornalpontomais.com\/site\/\"},{\"@type\":\"ListItem\",\"position\":2,\"name\":\"Governo de Goi\u00e1s atua para que terras raras sejam processadas no estado\"}]},{\"@type\":\"WebSite\",\"@id\":\"https:\/\/jornalpontomais.com\/site\/#website\",\"url\":\"https:\/\/jornalpontomais.com\/site\/\",\"name\":\"Jornal Ponto Mais\",\"description\":\"As principais not\u00edcias do Brasil e do mundo. Confira!\",\"publisher\":{\"@id\":\"https:\/\/jornalpontomais.com\/site\/#organization\"},\"potentialAction\":[{\"@type\":\"SearchAction\",\"target\":{\"@type\":\"EntryPoint\",\"urlTemplate\":\"https:\/\/jornalpontomais.com\/site\/?s={search_term_string}\"},\"query-input\":{\"@type\":\"PropertyValueSpecification\",\"valueRequired\":true,\"valueName\":\"search_term_string\"}}],\"inLanguage\":\"pt-BR\"},{\"@type\":\"Organization\",\"@id\":\"https:\/\/jornalpontomais.com\/site\/#organization\",\"name\":\"Jornal Ponto+\",\"url\":\"https:\/\/jornalpontomais.com\/site\/\",\"logo\":{\"@type\":\"ImageObject\",\"inLanguage\":\"pt-BR\",\"@id\":\"https:\/\/jornalpontomais.com\/site\/#\/schema\/logo\/image\/\",\"url\":\"https:\/\/jornalpontomais.com\/site\/wp-content\/uploads\/2022\/01\/marca.png\",\"contentUrl\":\"https:\/\/jornalpontomais.com\/site\/wp-content\/uploads\/2022\/01\/marca.png\",\"width\":582,\"height\":148,\"caption\":\"Jornal Ponto+\"},\"image\":{\"@id\":\"https:\/\/jornalpontomais.com\/site\/#\/schema\/logo\/image\/\"}},{\"@type\":\"Person\",\"@id\":\"https:\/\/jornalpontomais.com\/site\/#\/schema\/person\/18323f0b0f1355f2490721c48389fe9d\",\"name\":\"Jornal Ponto Mais\",\"image\":{\"@type\":\"ImageObject\",\"inLanguage\":\"pt-BR\",\"@id\":\"https:\/\/secure.gravatar.com\/avatar\/2ee0a9b7fe10fe32bdec8bc086e871e41eb5f4f6ecbcb7b4f2fe0d92d831405f?s=96&d=mm&r=g\",\"url\":\"https:\/\/secure.gravatar.com\/avatar\/2ee0a9b7fe10fe32bdec8bc086e871e41eb5f4f6ecbcb7b4f2fe0d92d831405f?s=96&d=mm&r=g\",\"contentUrl\":\"https:\/\/secure.gravatar.com\/avatar\/2ee0a9b7fe10fe32bdec8bc086e871e41eb5f4f6ecbcb7b4f2fe0d92d831405f?s=96&d=mm&r=g\",\"caption\":\"Jornal Ponto Mais\"},\"sameAs\":[\"https:\/\/jornalpontomais.com\/site\",\"jornalpontomais\"],\"url\":\"https:\/\/jornalpontomais.com\/site\/author\/jornalpontomais\/\"}]}<\/script>\n<!-- \/ Yoast SEO plugin. -->","yoast_head_json":{"title":"Governo de Goi\u00e1s atua para que terras raras sejam processadas no estado - Jornal Ponto Mais","robots":{"index":"index","follow":"follow","max-snippet":"max-snippet:-1","max-image-preview":"max-image-preview:large","max-video-preview":"max-video-preview:-1"},"canonical":"https:\/\/jornalpontomais.com\/site\/2026\/04\/25\/governo-de-goias-atua-para-que-terras-raras-sejam-processadas-no-estado\/","og_locale":"pt_BR","og_type":"article","og_title":"Governo de Goi\u00e1s atua para que terras raras sejam processadas no estado - Jornal Ponto Mais","og_description":"Com reservas minerais que representam 25% da disponibilidade mundial e a presen\u00e7a da \u00fanica produtora em grande escala de terras raras pesadas cr\u00edticas fora da \u00c1sia, o Governo de Goi\u00e1s atua para o processamento da mat\u00e9ria prima no estado. O objetivo \u00e9 alavancar a economia goiana com arrecada\u00e7\u00e3o, lucratividade, benef\u00edcios econ\u00f4micos e gera\u00e7\u00e3o de emprego [&hellip;]","og_url":"https:\/\/jornalpontomais.com\/site\/2026\/04\/25\/governo-de-goias-atua-para-que-terras-raras-sejam-processadas-no-estado\/","og_site_name":"Jornal Ponto Mais","article_published_time":"2026-04-25T13:40:00+00:00","article_modified_time":"2026-04-27T00:43:18+00:00","og_image":[{"width":1440,"height":960,"url":"https:\/\/jornalpontomais.com\/site\/wp-content\/uploads\/2026\/04\/SECOM_GOVERNO_DE_GOIAS_ATUA_PARA_QUE_TERRAS_RARAS_SEJA_PROCESSADAS_NO-ESTADO_FOTO_SERRA_VERDE.jpeg","type":"image\/jpeg"}],"author":"Jornal Ponto Mais","twitter_card":"summary_large_image","twitter_misc":{"Escrito por":"Jornal Ponto Mais","Est. tempo de leitura":"4 minutos"},"schema":{"@context":"https:\/\/schema.org","@graph":[{"@type":"Article","@id":"https:\/\/jornalpontomais.com\/site\/2026\/04\/25\/governo-de-goias-atua-para-que-terras-raras-sejam-processadas-no-estado\/#article","isPartOf":{"@id":"https:\/\/jornalpontomais.com\/site\/2026\/04\/25\/governo-de-goias-atua-para-que-terras-raras-sejam-processadas-no-estado\/"},"author":{"name":"Jornal Ponto Mais","@id":"https:\/\/jornalpontomais.com\/site\/#\/schema\/person\/18323f0b0f1355f2490721c48389fe9d"},"headline":"Governo de Goi\u00e1s atua para que terras raras sejam processadas no estado","datePublished":"2026-04-25T13:40:00+00:00","dateModified":"2026-04-27T00:43:18+00:00","mainEntityOfPage":{"@id":"https:\/\/jornalpontomais.com\/site\/2026\/04\/25\/governo-de-goias-atua-para-que-terras-raras-sejam-processadas-no-estado\/"},"wordCount":804,"commentCount":0,"publisher":{"@id":"https:\/\/jornalpontomais.com\/site\/#organization"},"image":{"@id":"https:\/\/jornalpontomais.com\/site\/2026\/04\/25\/governo-de-goias-atua-para-que-terras-raras-sejam-processadas-no-estado\/#primaryimage"},"thumbnailUrl":"https:\/\/jornalpontomais.com\/site\/wp-content\/uploads\/2026\/04\/SECOM_GOVERNO_DE_GOIAS_ATUA_PARA_QUE_TERRAS_RARAS_SEJA_PROCESSADAS_NO-ESTADO_FOTO_SERRA_VERDE.jpeg","articleSection":["Curiosidades"],"inLanguage":"pt-BR","potentialAction":[{"@type":"CommentAction","name":"Comment","target":["https:\/\/jornalpontomais.com\/site\/2026\/04\/25\/governo-de-goias-atua-para-que-terras-raras-sejam-processadas-no-estado\/#respond"]}]},{"@type":"WebPage","@id":"https:\/\/jornalpontomais.com\/site\/2026\/04\/25\/governo-de-goias-atua-para-que-terras-raras-sejam-processadas-no-estado\/","url":"https:\/\/jornalpontomais.com\/site\/2026\/04\/25\/governo-de-goias-atua-para-que-terras-raras-sejam-processadas-no-estado\/","name":"Governo de Goi\u00e1s atua para que terras raras sejam processadas no estado - Jornal Ponto Mais","isPartOf":{"@id":"https:\/\/jornalpontomais.com\/site\/#website"},"primaryImageOfPage":{"@id":"https:\/\/jornalpontomais.com\/site\/2026\/04\/25\/governo-de-goias-atua-para-que-terras-raras-sejam-processadas-no-estado\/#primaryimage"},"image":{"@id":"https:\/\/jornalpontomais.com\/site\/2026\/04\/25\/governo-de-goias-atua-para-que-terras-raras-sejam-processadas-no-estado\/#primaryimage"},"thumbnailUrl":"https:\/\/jornalpontomais.com\/site\/wp-content\/uploads\/2026\/04\/SECOM_GOVERNO_DE_GOIAS_ATUA_PARA_QUE_TERRAS_RARAS_SEJA_PROCESSADAS_NO-ESTADO_FOTO_SERRA_VERDE.jpeg","datePublished":"2026-04-25T13:40:00+00:00","dateModified":"2026-04-27T00:43:18+00:00","breadcrumb":{"@id":"https:\/\/jornalpontomais.com\/site\/2026\/04\/25\/governo-de-goias-atua-para-que-terras-raras-sejam-processadas-no-estado\/#breadcrumb"},"inLanguage":"pt-BR","potentialAction":[{"@type":"ReadAction","target":["https:\/\/jornalpontomais.com\/site\/2026\/04\/25\/governo-de-goias-atua-para-que-terras-raras-sejam-processadas-no-estado\/"]}]},{"@type":"ImageObject","inLanguage":"pt-BR","@id":"https:\/\/jornalpontomais.com\/site\/2026\/04\/25\/governo-de-goias-atua-para-que-terras-raras-sejam-processadas-no-estado\/#primaryimage","url":"https:\/\/jornalpontomais.com\/site\/wp-content\/uploads\/2026\/04\/SECOM_GOVERNO_DE_GOIAS_ATUA_PARA_QUE_TERRAS_RARAS_SEJA_PROCESSADAS_NO-ESTADO_FOTO_SERRA_VERDE.jpeg","contentUrl":"https:\/\/jornalpontomais.com\/site\/wp-content\/uploads\/2026\/04\/SECOM_GOVERNO_DE_GOIAS_ATUA_PARA_QUE_TERRAS_RARAS_SEJA_PROCESSADAS_NO-ESTADO_FOTO_SERRA_VERDE.jpeg","width":1440,"height":960},{"@type":"BreadcrumbList","@id":"https:\/\/jornalpontomais.com\/site\/2026\/04\/25\/governo-de-goias-atua-para-que-terras-raras-sejam-processadas-no-estado\/#breadcrumb","itemListElement":[{"@type":"ListItem","position":1,"name":"In\u00edcio","item":"https:\/\/jornalpontomais.com\/site\/"},{"@type":"ListItem","position":2,"name":"Governo de Goi\u00e1s atua para que terras raras sejam processadas no estado"}]},{"@type":"WebSite","@id":"https:\/\/jornalpontomais.com\/site\/#website","url":"https:\/\/jornalpontomais.com\/site\/","name":"Jornal Ponto Mais","description":"As principais not\u00edcias do Brasil e do mundo. Confira!","publisher":{"@id":"https:\/\/jornalpontomais.com\/site\/#organization"},"potentialAction":[{"@type":"SearchAction","target":{"@type":"EntryPoint","urlTemplate":"https:\/\/jornalpontomais.com\/site\/?s={search_term_string}"},"query-input":{"@type":"PropertyValueSpecification","valueRequired":true,"valueName":"search_term_string"}}],"inLanguage":"pt-BR"},{"@type":"Organization","@id":"https:\/\/jornalpontomais.com\/site\/#organization","name":"Jornal Ponto+","url":"https:\/\/jornalpontomais.com\/site\/","logo":{"@type":"ImageObject","inLanguage":"pt-BR","@id":"https:\/\/jornalpontomais.com\/site\/#\/schema\/logo\/image\/","url":"https:\/\/jornalpontomais.com\/site\/wp-content\/uploads\/2022\/01\/marca.png","contentUrl":"https:\/\/jornalpontomais.com\/site\/wp-content\/uploads\/2022\/01\/marca.png","width":582,"height":148,"caption":"Jornal Ponto+"},"image":{"@id":"https:\/\/jornalpontomais.com\/site\/#\/schema\/logo\/image\/"}},{"@type":"Person","@id":"https:\/\/jornalpontomais.com\/site\/#\/schema\/person\/18323f0b0f1355f2490721c48389fe9d","name":"Jornal Ponto Mais","image":{"@type":"ImageObject","inLanguage":"pt-BR","@id":"https:\/\/secure.gravatar.com\/avatar\/2ee0a9b7fe10fe32bdec8bc086e871e41eb5f4f6ecbcb7b4f2fe0d92d831405f?s=96&d=mm&r=g","url":"https:\/\/secure.gravatar.com\/avatar\/2ee0a9b7fe10fe32bdec8bc086e871e41eb5f4f6ecbcb7b4f2fe0d92d831405f?s=96&d=mm&r=g","contentUrl":"https:\/\/secure.gravatar.com\/avatar\/2ee0a9b7fe10fe32bdec8bc086e871e41eb5f4f6ecbcb7b4f2fe0d92d831405f?s=96&d=mm&r=g","caption":"Jornal Ponto Mais"},"sameAs":["https:\/\/jornalpontomais.com\/site","jornalpontomais"],"url":"https:\/\/jornalpontomais.com\/site\/author\/jornalpontomais\/"}]}},"_links":{"self":[{"href":"https:\/\/jornalpontomais.com\/site\/wp-json\/wp\/v2\/posts\/23392","targetHints":{"allow":["GET"]}}],"collection":[{"href":"https:\/\/jornalpontomais.com\/site\/wp-json\/wp\/v2\/posts"}],"about":[{"href":"https:\/\/jornalpontomais.com\/site\/wp-json\/wp\/v2\/types\/post"}],"author":[{"embeddable":true,"href":"https:\/\/jornalpontomais.com\/site\/wp-json\/wp\/v2\/users\/2"}],"replies":[{"embeddable":true,"href":"https:\/\/jornalpontomais.com\/site\/wp-json\/wp\/v2\/comments?post=23392"}],"version-history":[{"count":1,"href":"https:\/\/jornalpontomais.com\/site\/wp-json\/wp\/v2\/posts\/23392\/revisions"}],"predecessor-version":[{"id":23394,"href":"https:\/\/jornalpontomais.com\/site\/wp-json\/wp\/v2\/posts\/23392\/revisions\/23394"}],"wp:featuredmedia":[{"embeddable":true,"href":"https:\/\/jornalpontomais.com\/site\/wp-json\/wp\/v2\/media\/23393"}],"wp:attachment":[{"href":"https:\/\/jornalpontomais.com\/site\/wp-json\/wp\/v2\/media?parent=23392"}],"wp:term":[{"taxonomy":"category","embeddable":true,"href":"https:\/\/jornalpontomais.com\/site\/wp-json\/wp\/v2\/categories?post=23392"},{"taxonomy":"post_tag","embeddable":true,"href":"https:\/\/jornalpontomais.com\/site\/wp-json\/wp\/v2\/tags?post=23392"}],"curies":[{"name":"wp","href":"https:\/\/api.w.org\/{rel}","templated":true}]}}