{"id":15462,"date":"2024-10-04T12:01:23","date_gmt":"2024-10-04T15:01:23","guid":{"rendered":"https:\/\/jornalpontomais.com\/site\/?p=15462"},"modified":"2024-10-04T12:01:24","modified_gmt":"2024-10-04T15:01:24","slug":"justica-eleitoral-vai-investigar-coligacao-de-george-morais-por-fake-news","status":"publish","type":"post","link":"https:\/\/jornalpontomais.com\/site\/2024\/10\/04\/justica-eleitoral-vai-investigar-coligacao-de-george-morais-por-fake-news\/","title":{"rendered":"Justi\u00e7a eleitoral vai investigar coliga\u00e7\u00e3o de George Morais por fake news"},"content":{"rendered":"\n<p><\/p>\n\n\n\n<p>A Coliga\u00e7\u00e3o Rumo \u00e0 Vit\u00f3ria, liderada pelo candidato a prefeito de Trindade, George Morais (PDT), ser\u00e1 investigada por propaganda irregular com veicula\u00e7\u00e3o de fake News (informa\u00e7\u00f5es falsas) na campanha. A den\u00fancia foi registrada na 49\u00aa Zona Eleitoral de Trindade, pela Coliga\u00e7\u00e3o Trindade no Caminho Certo (Uni\u00e3o Brasil, MDB, PP, NOVO, PODEMOS, PSD, PRD, PSB, DC e Solidariedade.<br><br><\/p>\n\n\n\n<p>A acusa\u00e7\u00e3o destaca a distribui\u00e7\u00e3o de 2.000 exemplares de um panfleto que afirma, de forma inver\u00eddica, que o prefeito e candidato \u00e0 reelei\u00e7\u00e3o Marden (Uni\u00e3o Brasil) e sua esposa teriam desviado recursos da Associa\u00e7\u00e3o Filhos do Pai Eterno (AFIPE), com o objetivo de prejudicar a imagem do candidato nas elei\u00e7\u00f5es. O boletim confirma que o material apreendido estava ligado \u00e0 campanha da Coliga\u00e7\u00e3o Rumo \u00e0 Vit\u00f3ria.<br><br><\/p>\n\n\n\n<p>\u201cA pol\u00edcia j\u00e1 est\u00e1 buscando os respons\u00e1veis e acionamos a Justi\u00e7a. Mas isto s\u00f3 comprova que a campanha deles acabou. Foi para a lama. \u00c9 o ato final de desespero&#8221;, declarou Marden. \u201cS\u00e3o cal\u00fanias e mentiras de quem acha que fazer pol\u00edtica \u00e9 s\u00f3 mentir e caluniar. De um condenado pela justi\u00e7a que s\u00f3 sabe trabalhar na tese do quanto pior, melhor\u201d, acrescentou.<br><br><\/p>\n\n\n\n<p>A Pol\u00edcia Militar de Goi\u00e1s foi acionada para investigar a den\u00fancia sobre a distribui\u00e7\u00e3o desses materiais. De acordo com o Boletim de Ocorr\u00eancia n\u00ba 38137131, registrado nesta sexta-feira (4\/10), um ve\u00edculo Fiat Strada de cor prata foi flagrado no Setor Palmares nesta madrugada, transportando o material. Os ocupantes fugiram antes de serem abordados pela PM.<br><br><\/p>\n\n\n\n<p>Diante da gravidade da situa\u00e7\u00e3o, a representa\u00e7\u00e3o eleitoral pede \u00e0 Justi\u00e7a Eleitoral a suspens\u00e3o imediata da distribui\u00e7\u00e3o dos panfletos e a busca e apreens\u00e3o do material nos endere\u00e7os envolvidos. Al\u00e9m da aplica\u00e7\u00e3o de uma multa no valor de R$ 30 mil por infringir as normas eleitorais. A Justi\u00e7a Eleitoral dever\u00e1 avaliar as provas e determinar as penalidades cab\u00edveis.<br><br><\/p>\n\n\n\n<p>&#8220;Eles n\u00e3o entenderam que os tempos s\u00e3o outros. As eleitoras e os eleitores de bem n\u00e3o aceitam mais esse tipo de campanha suja. Hoje \u00e9 muito f\u00e1cil ver quem \u00e9 o corrupto condenado pela justi\u00e7a: basta pesquisar no Google\u201d, disse Marden. \u201cVamos vencer essa elei\u00e7\u00e3o porque fazemos uma campanha do bem e temos um projeto de gest\u00e3o. Temos, sobretudo, respeito pela nossa gente querida de Trindade\u201d, enfatizou.<\/p>\n","protected":false},"excerpt":{"rendered":"<p>A Coliga\u00e7\u00e3o Rumo \u00e0 Vit\u00f3ria, liderada pelo candidato a prefeito de Trindade, George Morais (PDT), ser\u00e1 investigada por propaganda irregular com veicula\u00e7\u00e3o de fake News (informa\u00e7\u00f5es falsas) na campanha. A den\u00fancia foi registrada na 49\u00aa Zona Eleitoral de Trindade, pela Coliga\u00e7\u00e3o Trindade no Caminho Certo (Uni\u00e3o Brasil, MDB, PP, NOVO, PODEMOS, PSD, PRD, PSB, DC [&hellip;]<\/p>\n","protected":false},"author":2,"featured_media":15463,"comment_status":"open","ping_status":"open","sticky":true,"template":"","format":"standard","meta":{"om_disable_all_campaigns":false,"_monsterinsights_skip_tracking":false,"_monsterinsights_sitenote_active":false,"_monsterinsights_sitenote_note":"","_monsterinsights_sitenote_category":0,"footnotes":""},"categories":[1],"tags":[],"class_list":["post-15462","post","type-post","status-publish","format-standard","has-post-thumbnail","hentry","category-politica"],"yoast_head":"<!-- This site is optimized with the Yoast SEO plugin v27.2 - https:\/\/yoast.com\/product\/yoast-seo-wordpress\/ -->\n<title>Justi\u00e7a eleitoral vai investigar coliga\u00e7\u00e3o de George Morais por fake news - Jornal Ponto Mais<\/title>\n<meta name=\"robots\" content=\"index, follow, max-snippet:-1, max-image-preview:large, max-video-preview:-1\" \/>\n<link rel=\"canonical\" href=\"https:\/\/jornalpontomais.com\/site\/2024\/10\/04\/justica-eleitoral-vai-investigar-coligacao-de-george-morais-por-fake-news\/\" \/>\n<meta property=\"og:locale\" content=\"pt_BR\" \/>\n<meta property=\"og:type\" content=\"article\" \/>\n<meta property=\"og:title\" content=\"Justi\u00e7a eleitoral vai investigar coliga\u00e7\u00e3o de George Morais por fake news - Jornal Ponto Mais\" \/>\n<meta property=\"og:description\" content=\"A Coliga\u00e7\u00e3o Rumo \u00e0 Vit\u00f3ria, liderada pelo candidato a prefeito de Trindade, George Morais (PDT), ser\u00e1 investigada por propaganda irregular com veicula\u00e7\u00e3o de fake News (informa\u00e7\u00f5es falsas) na campanha. A den\u00fancia foi registrada na 49\u00aa Zona Eleitoral de Trindade, pela Coliga\u00e7\u00e3o Trindade no Caminho Certo (Uni\u00e3o Brasil, MDB, PP, NOVO, PODEMOS, PSD, PRD, PSB, DC [&hellip;]\" \/>\n<meta property=\"og:url\" content=\"https:\/\/jornalpontomais.com\/site\/2024\/10\/04\/justica-eleitoral-vai-investigar-coligacao-de-george-morais-por-fake-news\/\" \/>\n<meta property=\"og:site_name\" content=\"Jornal Ponto Mais\" \/>\n<meta property=\"article:published_time\" content=\"2024-10-04T15:01:23+00:00\" \/>\n<meta property=\"article:modified_time\" content=\"2024-10-04T15:01:24+00:00\" \/>\n<meta property=\"og:image\" content=\"https:\/\/jornalpontomais.com\/site\/wp-content\/uploads\/2024\/10\/faf74c80-c62c-432d-8198-e0a58b1ed2fe.jpeg\" \/>\n\t<meta property=\"og:image:width\" content=\"933\" \/>\n\t<meta property=\"og:image:height\" content=\"806\" \/>\n\t<meta property=\"og:image:type\" content=\"image\/jpeg\" \/>\n<meta name=\"author\" content=\"Jornal Ponto Mais\" \/>\n<meta name=\"twitter:card\" content=\"summary_large_image\" \/>\n<meta name=\"twitter:label1\" content=\"Escrito por\" \/>\n\t<meta name=\"twitter:data1\" content=\"Jornal Ponto Mais\" \/>\n\t<meta name=\"twitter:label2\" content=\"Est. tempo de leitura\" \/>\n\t<meta name=\"twitter:data2\" content=\"2 minutos\" \/>\n<script type=\"application\/ld+json\" class=\"yoast-schema-graph\">{\"@context\":\"https:\/\/schema.org\",\"@graph\":[{\"@type\":\"Article\",\"@id\":\"https:\/\/jornalpontomais.com\/site\/2024\/10\/04\/justica-eleitoral-vai-investigar-coligacao-de-george-morais-por-fake-news\/#article\",\"isPartOf\":{\"@id\":\"https:\/\/jornalpontomais.com\/site\/2024\/10\/04\/justica-eleitoral-vai-investigar-coligacao-de-george-morais-por-fake-news\/\"},\"author\":{\"name\":\"Jornal Ponto Mais\",\"@id\":\"https:\/\/jornalpontomais.com\/site\/#\/schema\/person\/18323f0b0f1355f2490721c48389fe9d\"},\"headline\":\"Justi\u00e7a eleitoral vai investigar coliga\u00e7\u00e3o de George Morais por fake news\",\"datePublished\":\"2024-10-04T15:01:23+00:00\",\"dateModified\":\"2024-10-04T15:01:24+00:00\",\"mainEntityOfPage\":{\"@id\":\"https:\/\/jornalpontomais.com\/site\/2024\/10\/04\/justica-eleitoral-vai-investigar-coligacao-de-george-morais-por-fake-news\/\"},\"wordCount\":412,\"commentCount\":0,\"publisher\":{\"@id\":\"https:\/\/jornalpontomais.com\/site\/#organization\"},\"image\":{\"@id\":\"https:\/\/jornalpontomais.com\/site\/2024\/10\/04\/justica-eleitoral-vai-investigar-coligacao-de-george-morais-por-fake-news\/#primaryimage\"},\"thumbnailUrl\":\"https:\/\/jornalpontomais.com\/site\/wp-content\/uploads\/2024\/10\/faf74c80-c62c-432d-8198-e0a58b1ed2fe.jpeg\",\"articleSection\":[\"Pol\u00edtica\"],\"inLanguage\":\"pt-BR\",\"potentialAction\":[{\"@type\":\"CommentAction\",\"name\":\"Comment\",\"target\":[\"https:\/\/jornalpontomais.com\/site\/2024\/10\/04\/justica-eleitoral-vai-investigar-coligacao-de-george-morais-por-fake-news\/#respond\"]}]},{\"@type\":\"WebPage\",\"@id\":\"https:\/\/jornalpontomais.com\/site\/2024\/10\/04\/justica-eleitoral-vai-investigar-coligacao-de-george-morais-por-fake-news\/\",\"url\":\"https:\/\/jornalpontomais.com\/site\/2024\/10\/04\/justica-eleitoral-vai-investigar-coligacao-de-george-morais-por-fake-news\/\",\"name\":\"Justi\u00e7a eleitoral vai investigar coliga\u00e7\u00e3o de George Morais por fake news - Jornal Ponto Mais\",\"isPartOf\":{\"@id\":\"https:\/\/jornalpontomais.com\/site\/#website\"},\"primaryImageOfPage\":{\"@id\":\"https:\/\/jornalpontomais.com\/site\/2024\/10\/04\/justica-eleitoral-vai-investigar-coligacao-de-george-morais-por-fake-news\/#primaryimage\"},\"image\":{\"@id\":\"https:\/\/jornalpontomais.com\/site\/2024\/10\/04\/justica-eleitoral-vai-investigar-coligacao-de-george-morais-por-fake-news\/#primaryimage\"},\"thumbnailUrl\":\"https:\/\/jornalpontomais.com\/site\/wp-content\/uploads\/2024\/10\/faf74c80-c62c-432d-8198-e0a58b1ed2fe.jpeg\",\"datePublished\":\"2024-10-04T15:01:23+00:00\",\"dateModified\":\"2024-10-04T15:01:24+00:00\",\"breadcrumb\":{\"@id\":\"https:\/\/jornalpontomais.com\/site\/2024\/10\/04\/justica-eleitoral-vai-investigar-coligacao-de-george-morais-por-fake-news\/#breadcrumb\"},\"inLanguage\":\"pt-BR\",\"potentialAction\":[{\"@type\":\"ReadAction\",\"target\":[\"https:\/\/jornalpontomais.com\/site\/2024\/10\/04\/justica-eleitoral-vai-investigar-coligacao-de-george-morais-por-fake-news\/\"]}]},{\"@type\":\"ImageObject\",\"inLanguage\":\"pt-BR\",\"@id\":\"https:\/\/jornalpontomais.com\/site\/2024\/10\/04\/justica-eleitoral-vai-investigar-coligacao-de-george-morais-por-fake-news\/#primaryimage\",\"url\":\"https:\/\/jornalpontomais.com\/site\/wp-content\/uploads\/2024\/10\/faf74c80-c62c-432d-8198-e0a58b1ed2fe.jpeg\",\"contentUrl\":\"https:\/\/jornalpontomais.com\/site\/wp-content\/uploads\/2024\/10\/faf74c80-c62c-432d-8198-e0a58b1ed2fe.jpeg\",\"width\":933,\"height\":806},{\"@type\":\"BreadcrumbList\",\"@id\":\"https:\/\/jornalpontomais.com\/site\/2024\/10\/04\/justica-eleitoral-vai-investigar-coligacao-de-george-morais-por-fake-news\/#breadcrumb\",\"itemListElement\":[{\"@type\":\"ListItem\",\"position\":1,\"name\":\"In\u00edcio\",\"item\":\"https:\/\/jornalpontomais.com\/site\/\"},{\"@type\":\"ListItem\",\"position\":2,\"name\":\"Justi\u00e7a eleitoral vai investigar coliga\u00e7\u00e3o de George Morais por fake news\"}]},{\"@type\":\"WebSite\",\"@id\":\"https:\/\/jornalpontomais.com\/site\/#website\",\"url\":\"https:\/\/jornalpontomais.com\/site\/\",\"name\":\"Jornal Ponto Mais\",\"description\":\"As principais not\u00edcias do Brasil e do mundo. Confira!\",\"publisher\":{\"@id\":\"https:\/\/jornalpontomais.com\/site\/#organization\"},\"potentialAction\":[{\"@type\":\"SearchAction\",\"target\":{\"@type\":\"EntryPoint\",\"urlTemplate\":\"https:\/\/jornalpontomais.com\/site\/?s={search_term_string}\"},\"query-input\":{\"@type\":\"PropertyValueSpecification\",\"valueRequired\":true,\"valueName\":\"search_term_string\"}}],\"inLanguage\":\"pt-BR\"},{\"@type\":\"Organization\",\"@id\":\"https:\/\/jornalpontomais.com\/site\/#organization\",\"name\":\"Jornal Ponto+\",\"url\":\"https:\/\/jornalpontomais.com\/site\/\",\"logo\":{\"@type\":\"ImageObject\",\"inLanguage\":\"pt-BR\",\"@id\":\"https:\/\/jornalpontomais.com\/site\/#\/schema\/logo\/image\/\",\"url\":\"https:\/\/jornalpontomais.com\/site\/wp-content\/uploads\/2022\/01\/marca.png\",\"contentUrl\":\"https:\/\/jornalpontomais.com\/site\/wp-content\/uploads\/2022\/01\/marca.png\",\"width\":582,\"height\":148,\"caption\":\"Jornal Ponto+\"},\"image\":{\"@id\":\"https:\/\/jornalpontomais.com\/site\/#\/schema\/logo\/image\/\"}},{\"@type\":\"Person\",\"@id\":\"https:\/\/jornalpontomais.com\/site\/#\/schema\/person\/18323f0b0f1355f2490721c48389fe9d\",\"name\":\"Jornal Ponto Mais\",\"image\":{\"@type\":\"ImageObject\",\"inLanguage\":\"pt-BR\",\"@id\":\"https:\/\/secure.gravatar.com\/avatar\/2ee0a9b7fe10fe32bdec8bc086e871e41eb5f4f6ecbcb7b4f2fe0d92d831405f?s=96&d=mm&r=g\",\"url\":\"https:\/\/secure.gravatar.com\/avatar\/2ee0a9b7fe10fe32bdec8bc086e871e41eb5f4f6ecbcb7b4f2fe0d92d831405f?s=96&d=mm&r=g\",\"contentUrl\":\"https:\/\/secure.gravatar.com\/avatar\/2ee0a9b7fe10fe32bdec8bc086e871e41eb5f4f6ecbcb7b4f2fe0d92d831405f?s=96&d=mm&r=g\",\"caption\":\"Jornal Ponto Mais\"},\"sameAs\":[\"https:\/\/jornalpontomais.com\/site\",\"jornalpontomais\"],\"url\":\"https:\/\/jornalpontomais.com\/site\/author\/jornalpontomais\/\"}]}<\/script>\n<!-- \/ Yoast SEO plugin. -->","yoast_head_json":{"title":"Justi\u00e7a eleitoral vai investigar coliga\u00e7\u00e3o de George Morais por fake news - Jornal Ponto Mais","robots":{"index":"index","follow":"follow","max-snippet":"max-snippet:-1","max-image-preview":"max-image-preview:large","max-video-preview":"max-video-preview:-1"},"canonical":"https:\/\/jornalpontomais.com\/site\/2024\/10\/04\/justica-eleitoral-vai-investigar-coligacao-de-george-morais-por-fake-news\/","og_locale":"pt_BR","og_type":"article","og_title":"Justi\u00e7a eleitoral vai investigar coliga\u00e7\u00e3o de George Morais por fake news - Jornal Ponto Mais","og_description":"A Coliga\u00e7\u00e3o Rumo \u00e0 Vit\u00f3ria, liderada pelo candidato a prefeito de Trindade, George Morais (PDT), ser\u00e1 investigada por propaganda irregular com veicula\u00e7\u00e3o de fake News (informa\u00e7\u00f5es falsas) na campanha. A den\u00fancia foi registrada na 49\u00aa Zona Eleitoral de Trindade, pela Coliga\u00e7\u00e3o Trindade no Caminho Certo (Uni\u00e3o Brasil, MDB, PP, NOVO, PODEMOS, PSD, PRD, PSB, DC [&hellip;]","og_url":"https:\/\/jornalpontomais.com\/site\/2024\/10\/04\/justica-eleitoral-vai-investigar-coligacao-de-george-morais-por-fake-news\/","og_site_name":"Jornal Ponto Mais","article_published_time":"2024-10-04T15:01:23+00:00","article_modified_time":"2024-10-04T15:01:24+00:00","og_image":[{"width":933,"height":806,"url":"https:\/\/jornalpontomais.com\/site\/wp-content\/uploads\/2024\/10\/faf74c80-c62c-432d-8198-e0a58b1ed2fe.jpeg","type":"image\/jpeg"}],"author":"Jornal Ponto Mais","twitter_card":"summary_large_image","twitter_misc":{"Escrito por":"Jornal Ponto Mais","Est. tempo de leitura":"2 minutos"},"schema":{"@context":"https:\/\/schema.org","@graph":[{"@type":"Article","@id":"https:\/\/jornalpontomais.com\/site\/2024\/10\/04\/justica-eleitoral-vai-investigar-coligacao-de-george-morais-por-fake-news\/#article","isPartOf":{"@id":"https:\/\/jornalpontomais.com\/site\/2024\/10\/04\/justica-eleitoral-vai-investigar-coligacao-de-george-morais-por-fake-news\/"},"author":{"name":"Jornal Ponto Mais","@id":"https:\/\/jornalpontomais.com\/site\/#\/schema\/person\/18323f0b0f1355f2490721c48389fe9d"},"headline":"Justi\u00e7a eleitoral vai investigar coliga\u00e7\u00e3o de George Morais por fake news","datePublished":"2024-10-04T15:01:23+00:00","dateModified":"2024-10-04T15:01:24+00:00","mainEntityOfPage":{"@id":"https:\/\/jornalpontomais.com\/site\/2024\/10\/04\/justica-eleitoral-vai-investigar-coligacao-de-george-morais-por-fake-news\/"},"wordCount":412,"commentCount":0,"publisher":{"@id":"https:\/\/jornalpontomais.com\/site\/#organization"},"image":{"@id":"https:\/\/jornalpontomais.com\/site\/2024\/10\/04\/justica-eleitoral-vai-investigar-coligacao-de-george-morais-por-fake-news\/#primaryimage"},"thumbnailUrl":"https:\/\/jornalpontomais.com\/site\/wp-content\/uploads\/2024\/10\/faf74c80-c62c-432d-8198-e0a58b1ed2fe.jpeg","articleSection":["Pol\u00edtica"],"inLanguage":"pt-BR","potentialAction":[{"@type":"CommentAction","name":"Comment","target":["https:\/\/jornalpontomais.com\/site\/2024\/10\/04\/justica-eleitoral-vai-investigar-coligacao-de-george-morais-por-fake-news\/#respond"]}]},{"@type":"WebPage","@id":"https:\/\/jornalpontomais.com\/site\/2024\/10\/04\/justica-eleitoral-vai-investigar-coligacao-de-george-morais-por-fake-news\/","url":"https:\/\/jornalpontomais.com\/site\/2024\/10\/04\/justica-eleitoral-vai-investigar-coligacao-de-george-morais-por-fake-news\/","name":"Justi\u00e7a eleitoral vai investigar coliga\u00e7\u00e3o de George Morais por fake news - Jornal Ponto Mais","isPartOf":{"@id":"https:\/\/jornalpontomais.com\/site\/#website"},"primaryImageOfPage":{"@id":"https:\/\/jornalpontomais.com\/site\/2024\/10\/04\/justica-eleitoral-vai-investigar-coligacao-de-george-morais-por-fake-news\/#primaryimage"},"image":{"@id":"https:\/\/jornalpontomais.com\/site\/2024\/10\/04\/justica-eleitoral-vai-investigar-coligacao-de-george-morais-por-fake-news\/#primaryimage"},"thumbnailUrl":"https:\/\/jornalpontomais.com\/site\/wp-content\/uploads\/2024\/10\/faf74c80-c62c-432d-8198-e0a58b1ed2fe.jpeg","datePublished":"2024-10-04T15:01:23+00:00","dateModified":"2024-10-04T15:01:24+00:00","breadcrumb":{"@id":"https:\/\/jornalpontomais.com\/site\/2024\/10\/04\/justica-eleitoral-vai-investigar-coligacao-de-george-morais-por-fake-news\/#breadcrumb"},"inLanguage":"pt-BR","potentialAction":[{"@type":"ReadAction","target":["https:\/\/jornalpontomais.com\/site\/2024\/10\/04\/justica-eleitoral-vai-investigar-coligacao-de-george-morais-por-fake-news\/"]}]},{"@type":"ImageObject","inLanguage":"pt-BR","@id":"https:\/\/jornalpontomais.com\/site\/2024\/10\/04\/justica-eleitoral-vai-investigar-coligacao-de-george-morais-por-fake-news\/#primaryimage","url":"https:\/\/jornalpontomais.com\/site\/wp-content\/uploads\/2024\/10\/faf74c80-c62c-432d-8198-e0a58b1ed2fe.jpeg","contentUrl":"https:\/\/jornalpontomais.com\/site\/wp-content\/uploads\/2024\/10\/faf74c80-c62c-432d-8198-e0a58b1ed2fe.jpeg","width":933,"height":806},{"@type":"BreadcrumbList","@id":"https:\/\/jornalpontomais.com\/site\/2024\/10\/04\/justica-eleitoral-vai-investigar-coligacao-de-george-morais-por-fake-news\/#breadcrumb","itemListElement":[{"@type":"ListItem","position":1,"name":"In\u00edcio","item":"https:\/\/jornalpontomais.com\/site\/"},{"@type":"ListItem","position":2,"name":"Justi\u00e7a eleitoral vai investigar coliga\u00e7\u00e3o de George Morais por fake news"}]},{"@type":"WebSite","@id":"https:\/\/jornalpontomais.com\/site\/#website","url":"https:\/\/jornalpontomais.com\/site\/","name":"Jornal Ponto Mais","description":"As principais not\u00edcias do Brasil e do mundo. Confira!","publisher":{"@id":"https:\/\/jornalpontomais.com\/site\/#organization"},"potentialAction":[{"@type":"SearchAction","target":{"@type":"EntryPoint","urlTemplate":"https:\/\/jornalpontomais.com\/site\/?s={search_term_string}"},"query-input":{"@type":"PropertyValueSpecification","valueRequired":true,"valueName":"search_term_string"}}],"inLanguage":"pt-BR"},{"@type":"Organization","@id":"https:\/\/jornalpontomais.com\/site\/#organization","name":"Jornal Ponto+","url":"https:\/\/jornalpontomais.com\/site\/","logo":{"@type":"ImageObject","inLanguage":"pt-BR","@id":"https:\/\/jornalpontomais.com\/site\/#\/schema\/logo\/image\/","url":"https:\/\/jornalpontomais.com\/site\/wp-content\/uploads\/2022\/01\/marca.png","contentUrl":"https:\/\/jornalpontomais.com\/site\/wp-content\/uploads\/2022\/01\/marca.png","width":582,"height":148,"caption":"Jornal Ponto+"},"image":{"@id":"https:\/\/jornalpontomais.com\/site\/#\/schema\/logo\/image\/"}},{"@type":"Person","@id":"https:\/\/jornalpontomais.com\/site\/#\/schema\/person\/18323f0b0f1355f2490721c48389fe9d","name":"Jornal Ponto Mais","image":{"@type":"ImageObject","inLanguage":"pt-BR","@id":"https:\/\/secure.gravatar.com\/avatar\/2ee0a9b7fe10fe32bdec8bc086e871e41eb5f4f6ecbcb7b4f2fe0d92d831405f?s=96&d=mm&r=g","url":"https:\/\/secure.gravatar.com\/avatar\/2ee0a9b7fe10fe32bdec8bc086e871e41eb5f4f6ecbcb7b4f2fe0d92d831405f?s=96&d=mm&r=g","contentUrl":"https:\/\/secure.gravatar.com\/avatar\/2ee0a9b7fe10fe32bdec8bc086e871e41eb5f4f6ecbcb7b4f2fe0d92d831405f?s=96&d=mm&r=g","caption":"Jornal Ponto Mais"},"sameAs":["https:\/\/jornalpontomais.com\/site","jornalpontomais"],"url":"https:\/\/jornalpontomais.com\/site\/author\/jornalpontomais\/"}]}},"_links":{"self":[{"href":"https:\/\/jornalpontomais.com\/site\/wp-json\/wp\/v2\/posts\/15462","targetHints":{"allow":["GET"]}}],"collection":[{"href":"https:\/\/jornalpontomais.com\/site\/wp-json\/wp\/v2\/posts"}],"about":[{"href":"https:\/\/jornalpontomais.com\/site\/wp-json\/wp\/v2\/types\/post"}],"author":[{"embeddable":true,"href":"https:\/\/jornalpontomais.com\/site\/wp-json\/wp\/v2\/users\/2"}],"replies":[{"embeddable":true,"href":"https:\/\/jornalpontomais.com\/site\/wp-json\/wp\/v2\/comments?post=15462"}],"version-history":[{"count":1,"href":"https:\/\/jornalpontomais.com\/site\/wp-json\/wp\/v2\/posts\/15462\/revisions"}],"predecessor-version":[{"id":15464,"href":"https:\/\/jornalpontomais.com\/site\/wp-json\/wp\/v2\/posts\/15462\/revisions\/15464"}],"wp:featuredmedia":[{"embeddable":true,"href":"https:\/\/jornalpontomais.com\/site\/wp-json\/wp\/v2\/media\/15463"}],"wp:attachment":[{"href":"https:\/\/jornalpontomais.com\/site\/wp-json\/wp\/v2\/media?parent=15462"}],"wp:term":[{"taxonomy":"category","embeddable":true,"href":"https:\/\/jornalpontomais.com\/site\/wp-json\/wp\/v2\/categories?post=15462"},{"taxonomy":"post_tag","embeddable":true,"href":"https:\/\/jornalpontomais.com\/site\/wp-json\/wp\/v2\/tags?post=15462"}],"curies":[{"name":"wp","href":"https:\/\/api.w.org\/{rel}","templated":true}]}}