{"id":15387,"date":"2024-09-30T10:32:50","date_gmt":"2024-09-30T13:32:50","guid":{"rendered":"https:\/\/jornalpontomais.com\/site\/?p=15387"},"modified":"2024-09-30T10:32:51","modified_gmt":"2024-09-30T13:32:51","slug":"pf-mira-acusados-de-desvio-de-verbas-da-lei-de-incentivo-ao-esporte-durante-o-governo-bolsonaro","status":"publish","type":"post","link":"https:\/\/jornalpontomais.com\/site\/2024\/09\/30\/pf-mira-acusados-de-desvio-de-verbas-da-lei-de-incentivo-ao-esporte-durante-o-governo-bolsonaro\/","title":{"rendered":"PF mira acusados de desvio de verbas da Lei de Incentivo ao Esporte durante o governo Bolsonaro"},"content":{"rendered":"\n<p>Uma opera\u00e7\u00e3o conjunta da Pol\u00edcia Federal (PF) e da Controladoria-Geral da Uni\u00e3o (CGU) foi deflagrada nesta segunda-feira, 30, com o objetivo de desmontar um grupo suspeito de desviar recursos de projetos<br>amparados pela Lei de Incentivo ao Esporte entre 2019 e 2022, per\u00edodo que Jair Bolsonaro (PL) esteve \u00e0 frente da presid\u00eancia.<br><br><\/p>\n\n\n\n<p>Segundo a CGU, j\u00e1 foram identificados mais de 10 milh\u00f5es de reais em pagamentos indevidos, mas<br>o montante pode ser maior, j\u00e1 que ainda h\u00e1 projetos que n\u00e3o passaram por auditoria. O grupo seria liderado por um ex-agente p\u00fablico do Minist\u00e9rio do Esporte, que ainda n\u00e3o teve o nome revelado.<br><br><\/p>\n\n\n\n<p>A Lei de Incentivo ao Esporte, alvo das a\u00e7\u00f5es do grupo, permite que pessoas f\u00edsicas e jur\u00eddicas repassem parte do Imposto de Renda para apoiar projetos esportivos e paradesportivos. O grupo, segundo a PF, desviava parte dos recursos por meio dos agentes p\u00fablicos envolvidos e intermedi\u00e1rios.<br><br><\/p>\n\n\n\n<p>O esquema envolvia desvio dos valores por meio de contratos fraudulentos envolvendo cinco entidades: quatro de Belo Horizonte e uma de S\u00e3o Paulo. Elas passaram a ser impedidas de realizar projetos esportivos.<br><br><\/p>\n\n\n\n<p>Os agentes da PF e da CGU que v\u00e3o \u00e0s ruas nesta segunda cumprem 13mandados de busca e apreens\u00e3o. Foi determinado bloqueio de ativos financeiros de pessoas investigadas em valores que chegam a 180 milh\u00f5es de reais.<\/p>\n","protected":false},"excerpt":{"rendered":"<p>Uma opera\u00e7\u00e3o conjunta da Pol\u00edcia Federal (PF) e da Controladoria-Geral da Uni\u00e3o (CGU) foi deflagrada nesta segunda-feira, 30, com o objetivo de desmontar um grupo suspeito de desviar recursos de projetosamparados pela Lei de Incentivo ao Esporte entre 2019 e 2022, per\u00edodo que Jair Bolsonaro (PL) esteve \u00e0 frente da presid\u00eancia. Segundo a CGU, j\u00e1 [&hellip;]<\/p>\n","protected":false},"author":2,"featured_media":15388,"comment_status":"open","ping_status":"open","sticky":true,"template":"","format":"standard","meta":{"om_disable_all_campaigns":false,"_monsterinsights_skip_tracking":false,"_monsterinsights_sitenote_active":false,"_monsterinsights_sitenote_note":"","_monsterinsights_sitenote_category":0,"footnotes":""},"categories":[1],"tags":[],"class_list":["post-15387","post","type-post","status-publish","format-standard","has-post-thumbnail","hentry","category-politica"],"yoast_head":"<!-- This site is optimized with the Yoast SEO plugin v27.2 - https:\/\/yoast.com\/product\/yoast-seo-wordpress\/ -->\n<title>PF mira acusados de desvio de verbas da Lei de Incentivo ao Esporte durante o governo Bolsonaro - Jornal Ponto Mais<\/title>\n<meta name=\"robots\" content=\"index, follow, max-snippet:-1, max-image-preview:large, max-video-preview:-1\" \/>\n<link rel=\"canonical\" href=\"https:\/\/jornalpontomais.com\/site\/2024\/09\/30\/pf-mira-acusados-de-desvio-de-verbas-da-lei-de-incentivo-ao-esporte-durante-o-governo-bolsonaro\/\" \/>\n<meta property=\"og:locale\" content=\"pt_BR\" \/>\n<meta property=\"og:type\" content=\"article\" \/>\n<meta property=\"og:title\" content=\"PF mira acusados de desvio de verbas da Lei de Incentivo ao Esporte durante o governo Bolsonaro - Jornal Ponto Mais\" \/>\n<meta property=\"og:description\" content=\"Uma opera\u00e7\u00e3o conjunta da Pol\u00edcia Federal (PF) e da Controladoria-Geral da Uni\u00e3o (CGU) foi deflagrada nesta segunda-feira, 30, com o objetivo de desmontar um grupo suspeito de desviar recursos de projetosamparados pela Lei de Incentivo ao Esporte entre 2019 e 2022, per\u00edodo que Jair Bolsonaro (PL) esteve \u00e0 frente da presid\u00eancia. Segundo a CGU, j\u00e1 [&hellip;]\" \/>\n<meta property=\"og:url\" content=\"https:\/\/jornalpontomais.com\/site\/2024\/09\/30\/pf-mira-acusados-de-desvio-de-verbas-da-lei-de-incentivo-ao-esporte-durante-o-governo-bolsonaro\/\" \/>\n<meta property=\"og:site_name\" content=\"Jornal Ponto Mais\" \/>\n<meta property=\"article:published_time\" content=\"2024-09-30T13:32:50+00:00\" \/>\n<meta property=\"article:modified_time\" content=\"2024-09-30T13:32:51+00:00\" \/>\n<meta property=\"og:image\" content=\"https:\/\/jornalpontomais.com\/site\/wp-content\/uploads\/2024\/09\/fachada-ministerio_mcamgo_abr_100420231818-35.webp\" \/>\n\t<meta property=\"og:image:width\" content=\"1024\" \/>\n\t<meta property=\"og:image:height\" content=\"659\" \/>\n\t<meta property=\"og:image:type\" content=\"image\/webp\" \/>\n<meta name=\"author\" content=\"Jornal Ponto Mais\" \/>\n<meta name=\"twitter:card\" content=\"summary_large_image\" \/>\n<meta name=\"twitter:label1\" content=\"Escrito por\" \/>\n\t<meta name=\"twitter:data1\" content=\"Jornal Ponto Mais\" \/>\n\t<meta name=\"twitter:label2\" content=\"Est. tempo de leitura\" \/>\n\t<meta name=\"twitter:data2\" content=\"1 minuto\" \/>\n<script type=\"application\/ld+json\" class=\"yoast-schema-graph\">{\"@context\":\"https:\/\/schema.org\",\"@graph\":[{\"@type\":\"Article\",\"@id\":\"https:\/\/jornalpontomais.com\/site\/2024\/09\/30\/pf-mira-acusados-de-desvio-de-verbas-da-lei-de-incentivo-ao-esporte-durante-o-governo-bolsonaro\/#article\",\"isPartOf\":{\"@id\":\"https:\/\/jornalpontomais.com\/site\/2024\/09\/30\/pf-mira-acusados-de-desvio-de-verbas-da-lei-de-incentivo-ao-esporte-durante-o-governo-bolsonaro\/\"},\"author\":{\"name\":\"Jornal Ponto Mais\",\"@id\":\"https:\/\/jornalpontomais.com\/site\/#\/schema\/person\/18323f0b0f1355f2490721c48389fe9d\"},\"headline\":\"PF mira acusados de desvio de verbas da Lei de Incentivo ao Esporte durante o governo Bolsonaro\",\"datePublished\":\"2024-09-30T13:32:50+00:00\",\"dateModified\":\"2024-09-30T13:32:51+00:00\",\"mainEntityOfPage\":{\"@id\":\"https:\/\/jornalpontomais.com\/site\/2024\/09\/30\/pf-mira-acusados-de-desvio-de-verbas-da-lei-de-incentivo-ao-esporte-durante-o-governo-bolsonaro\/\"},\"wordCount\":245,\"commentCount\":0,\"publisher\":{\"@id\":\"https:\/\/jornalpontomais.com\/site\/#organization\"},\"image\":{\"@id\":\"https:\/\/jornalpontomais.com\/site\/2024\/09\/30\/pf-mira-acusados-de-desvio-de-verbas-da-lei-de-incentivo-ao-esporte-durante-o-governo-bolsonaro\/#primaryimage\"},\"thumbnailUrl\":\"https:\/\/jornalpontomais.com\/site\/wp-content\/uploads\/2024\/09\/fachada-ministerio_mcamgo_abr_100420231818-35.webp\",\"articleSection\":[\"Pol\u00edtica\"],\"inLanguage\":\"pt-BR\",\"potentialAction\":[{\"@type\":\"CommentAction\",\"name\":\"Comment\",\"target\":[\"https:\/\/jornalpontomais.com\/site\/2024\/09\/30\/pf-mira-acusados-de-desvio-de-verbas-da-lei-de-incentivo-ao-esporte-durante-o-governo-bolsonaro\/#respond\"]}]},{\"@type\":\"WebPage\",\"@id\":\"https:\/\/jornalpontomais.com\/site\/2024\/09\/30\/pf-mira-acusados-de-desvio-de-verbas-da-lei-de-incentivo-ao-esporte-durante-o-governo-bolsonaro\/\",\"url\":\"https:\/\/jornalpontomais.com\/site\/2024\/09\/30\/pf-mira-acusados-de-desvio-de-verbas-da-lei-de-incentivo-ao-esporte-durante-o-governo-bolsonaro\/\",\"name\":\"PF mira acusados de desvio de verbas da Lei de Incentivo ao Esporte durante o governo Bolsonaro - Jornal Ponto Mais\",\"isPartOf\":{\"@id\":\"https:\/\/jornalpontomais.com\/site\/#website\"},\"primaryImageOfPage\":{\"@id\":\"https:\/\/jornalpontomais.com\/site\/2024\/09\/30\/pf-mira-acusados-de-desvio-de-verbas-da-lei-de-incentivo-ao-esporte-durante-o-governo-bolsonaro\/#primaryimage\"},\"image\":{\"@id\":\"https:\/\/jornalpontomais.com\/site\/2024\/09\/30\/pf-mira-acusados-de-desvio-de-verbas-da-lei-de-incentivo-ao-esporte-durante-o-governo-bolsonaro\/#primaryimage\"},\"thumbnailUrl\":\"https:\/\/jornalpontomais.com\/site\/wp-content\/uploads\/2024\/09\/fachada-ministerio_mcamgo_abr_100420231818-35.webp\",\"datePublished\":\"2024-09-30T13:32:50+00:00\",\"dateModified\":\"2024-09-30T13:32:51+00:00\",\"breadcrumb\":{\"@id\":\"https:\/\/jornalpontomais.com\/site\/2024\/09\/30\/pf-mira-acusados-de-desvio-de-verbas-da-lei-de-incentivo-ao-esporte-durante-o-governo-bolsonaro\/#breadcrumb\"},\"inLanguage\":\"pt-BR\",\"potentialAction\":[{\"@type\":\"ReadAction\",\"target\":[\"https:\/\/jornalpontomais.com\/site\/2024\/09\/30\/pf-mira-acusados-de-desvio-de-verbas-da-lei-de-incentivo-ao-esporte-durante-o-governo-bolsonaro\/\"]}]},{\"@type\":\"ImageObject\",\"inLanguage\":\"pt-BR\",\"@id\":\"https:\/\/jornalpontomais.com\/site\/2024\/09\/30\/pf-mira-acusados-de-desvio-de-verbas-da-lei-de-incentivo-ao-esporte-durante-o-governo-bolsonaro\/#primaryimage\",\"url\":\"https:\/\/jornalpontomais.com\/site\/wp-content\/uploads\/2024\/09\/fachada-ministerio_mcamgo_abr_100420231818-35.webp\",\"contentUrl\":\"https:\/\/jornalpontomais.com\/site\/wp-content\/uploads\/2024\/09\/fachada-ministerio_mcamgo_abr_100420231818-35.webp\",\"width\":1024,\"height\":659},{\"@type\":\"BreadcrumbList\",\"@id\":\"https:\/\/jornalpontomais.com\/site\/2024\/09\/30\/pf-mira-acusados-de-desvio-de-verbas-da-lei-de-incentivo-ao-esporte-durante-o-governo-bolsonaro\/#breadcrumb\",\"itemListElement\":[{\"@type\":\"ListItem\",\"position\":1,\"name\":\"In\u00edcio\",\"item\":\"https:\/\/jornalpontomais.com\/site\/\"},{\"@type\":\"ListItem\",\"position\":2,\"name\":\"PF mira acusados de desvio de verbas da Lei de Incentivo ao Esporte durante o governo Bolsonaro\"}]},{\"@type\":\"WebSite\",\"@id\":\"https:\/\/jornalpontomais.com\/site\/#website\",\"url\":\"https:\/\/jornalpontomais.com\/site\/\",\"name\":\"Jornal Ponto Mais\",\"description\":\"As principais not\u00edcias do Brasil e do mundo. Confira!\",\"publisher\":{\"@id\":\"https:\/\/jornalpontomais.com\/site\/#organization\"},\"potentialAction\":[{\"@type\":\"SearchAction\",\"target\":{\"@type\":\"EntryPoint\",\"urlTemplate\":\"https:\/\/jornalpontomais.com\/site\/?s={search_term_string}\"},\"query-input\":{\"@type\":\"PropertyValueSpecification\",\"valueRequired\":true,\"valueName\":\"search_term_string\"}}],\"inLanguage\":\"pt-BR\"},{\"@type\":\"Organization\",\"@id\":\"https:\/\/jornalpontomais.com\/site\/#organization\",\"name\":\"Jornal Ponto+\",\"url\":\"https:\/\/jornalpontomais.com\/site\/\",\"logo\":{\"@type\":\"ImageObject\",\"inLanguage\":\"pt-BR\",\"@id\":\"https:\/\/jornalpontomais.com\/site\/#\/schema\/logo\/image\/\",\"url\":\"https:\/\/jornalpontomais.com\/site\/wp-content\/uploads\/2022\/01\/marca.png\",\"contentUrl\":\"https:\/\/jornalpontomais.com\/site\/wp-content\/uploads\/2022\/01\/marca.png\",\"width\":582,\"height\":148,\"caption\":\"Jornal Ponto+\"},\"image\":{\"@id\":\"https:\/\/jornalpontomais.com\/site\/#\/schema\/logo\/image\/\"}},{\"@type\":\"Person\",\"@id\":\"https:\/\/jornalpontomais.com\/site\/#\/schema\/person\/18323f0b0f1355f2490721c48389fe9d\",\"name\":\"Jornal Ponto Mais\",\"image\":{\"@type\":\"ImageObject\",\"inLanguage\":\"pt-BR\",\"@id\":\"https:\/\/secure.gravatar.com\/avatar\/2ee0a9b7fe10fe32bdec8bc086e871e41eb5f4f6ecbcb7b4f2fe0d92d831405f?s=96&d=mm&r=g\",\"url\":\"https:\/\/secure.gravatar.com\/avatar\/2ee0a9b7fe10fe32bdec8bc086e871e41eb5f4f6ecbcb7b4f2fe0d92d831405f?s=96&d=mm&r=g\",\"contentUrl\":\"https:\/\/secure.gravatar.com\/avatar\/2ee0a9b7fe10fe32bdec8bc086e871e41eb5f4f6ecbcb7b4f2fe0d92d831405f?s=96&d=mm&r=g\",\"caption\":\"Jornal Ponto Mais\"},\"sameAs\":[\"https:\/\/jornalpontomais.com\/site\",\"jornalpontomais\"],\"url\":\"https:\/\/jornalpontomais.com\/site\/author\/jornalpontomais\/\"}]}<\/script>\n<!-- \/ Yoast SEO plugin. -->","yoast_head_json":{"title":"PF mira acusados de desvio de verbas da Lei de Incentivo ao Esporte durante o governo Bolsonaro - Jornal Ponto Mais","robots":{"index":"index","follow":"follow","max-snippet":"max-snippet:-1","max-image-preview":"max-image-preview:large","max-video-preview":"max-video-preview:-1"},"canonical":"https:\/\/jornalpontomais.com\/site\/2024\/09\/30\/pf-mira-acusados-de-desvio-de-verbas-da-lei-de-incentivo-ao-esporte-durante-o-governo-bolsonaro\/","og_locale":"pt_BR","og_type":"article","og_title":"PF mira acusados de desvio de verbas da Lei de Incentivo ao Esporte durante o governo Bolsonaro - Jornal Ponto Mais","og_description":"Uma opera\u00e7\u00e3o conjunta da Pol\u00edcia Federal (PF) e da Controladoria-Geral da Uni\u00e3o (CGU) foi deflagrada nesta segunda-feira, 30, com o objetivo de desmontar um grupo suspeito de desviar recursos de projetosamparados pela Lei de Incentivo ao Esporte entre 2019 e 2022, per\u00edodo que Jair Bolsonaro (PL) esteve \u00e0 frente da presid\u00eancia. Segundo a CGU, j\u00e1 [&hellip;]","og_url":"https:\/\/jornalpontomais.com\/site\/2024\/09\/30\/pf-mira-acusados-de-desvio-de-verbas-da-lei-de-incentivo-ao-esporte-durante-o-governo-bolsonaro\/","og_site_name":"Jornal Ponto Mais","article_published_time":"2024-09-30T13:32:50+00:00","article_modified_time":"2024-09-30T13:32:51+00:00","og_image":[{"width":1024,"height":659,"url":"https:\/\/jornalpontomais.com\/site\/wp-content\/uploads\/2024\/09\/fachada-ministerio_mcamgo_abr_100420231818-35.webp","type":"image\/webp"}],"author":"Jornal Ponto Mais","twitter_card":"summary_large_image","twitter_misc":{"Escrito por":"Jornal Ponto Mais","Est. tempo de leitura":"1 minuto"},"schema":{"@context":"https:\/\/schema.org","@graph":[{"@type":"Article","@id":"https:\/\/jornalpontomais.com\/site\/2024\/09\/30\/pf-mira-acusados-de-desvio-de-verbas-da-lei-de-incentivo-ao-esporte-durante-o-governo-bolsonaro\/#article","isPartOf":{"@id":"https:\/\/jornalpontomais.com\/site\/2024\/09\/30\/pf-mira-acusados-de-desvio-de-verbas-da-lei-de-incentivo-ao-esporte-durante-o-governo-bolsonaro\/"},"author":{"name":"Jornal Ponto Mais","@id":"https:\/\/jornalpontomais.com\/site\/#\/schema\/person\/18323f0b0f1355f2490721c48389fe9d"},"headline":"PF mira acusados de desvio de verbas da Lei de Incentivo ao Esporte durante o governo Bolsonaro","datePublished":"2024-09-30T13:32:50+00:00","dateModified":"2024-09-30T13:32:51+00:00","mainEntityOfPage":{"@id":"https:\/\/jornalpontomais.com\/site\/2024\/09\/30\/pf-mira-acusados-de-desvio-de-verbas-da-lei-de-incentivo-ao-esporte-durante-o-governo-bolsonaro\/"},"wordCount":245,"commentCount":0,"publisher":{"@id":"https:\/\/jornalpontomais.com\/site\/#organization"},"image":{"@id":"https:\/\/jornalpontomais.com\/site\/2024\/09\/30\/pf-mira-acusados-de-desvio-de-verbas-da-lei-de-incentivo-ao-esporte-durante-o-governo-bolsonaro\/#primaryimage"},"thumbnailUrl":"https:\/\/jornalpontomais.com\/site\/wp-content\/uploads\/2024\/09\/fachada-ministerio_mcamgo_abr_100420231818-35.webp","articleSection":["Pol\u00edtica"],"inLanguage":"pt-BR","potentialAction":[{"@type":"CommentAction","name":"Comment","target":["https:\/\/jornalpontomais.com\/site\/2024\/09\/30\/pf-mira-acusados-de-desvio-de-verbas-da-lei-de-incentivo-ao-esporte-durante-o-governo-bolsonaro\/#respond"]}]},{"@type":"WebPage","@id":"https:\/\/jornalpontomais.com\/site\/2024\/09\/30\/pf-mira-acusados-de-desvio-de-verbas-da-lei-de-incentivo-ao-esporte-durante-o-governo-bolsonaro\/","url":"https:\/\/jornalpontomais.com\/site\/2024\/09\/30\/pf-mira-acusados-de-desvio-de-verbas-da-lei-de-incentivo-ao-esporte-durante-o-governo-bolsonaro\/","name":"PF mira acusados de desvio de verbas da Lei de Incentivo ao Esporte durante o governo Bolsonaro - Jornal Ponto Mais","isPartOf":{"@id":"https:\/\/jornalpontomais.com\/site\/#website"},"primaryImageOfPage":{"@id":"https:\/\/jornalpontomais.com\/site\/2024\/09\/30\/pf-mira-acusados-de-desvio-de-verbas-da-lei-de-incentivo-ao-esporte-durante-o-governo-bolsonaro\/#primaryimage"},"image":{"@id":"https:\/\/jornalpontomais.com\/site\/2024\/09\/30\/pf-mira-acusados-de-desvio-de-verbas-da-lei-de-incentivo-ao-esporte-durante-o-governo-bolsonaro\/#primaryimage"},"thumbnailUrl":"https:\/\/jornalpontomais.com\/site\/wp-content\/uploads\/2024\/09\/fachada-ministerio_mcamgo_abr_100420231818-35.webp","datePublished":"2024-09-30T13:32:50+00:00","dateModified":"2024-09-30T13:32:51+00:00","breadcrumb":{"@id":"https:\/\/jornalpontomais.com\/site\/2024\/09\/30\/pf-mira-acusados-de-desvio-de-verbas-da-lei-de-incentivo-ao-esporte-durante-o-governo-bolsonaro\/#breadcrumb"},"inLanguage":"pt-BR","potentialAction":[{"@type":"ReadAction","target":["https:\/\/jornalpontomais.com\/site\/2024\/09\/30\/pf-mira-acusados-de-desvio-de-verbas-da-lei-de-incentivo-ao-esporte-durante-o-governo-bolsonaro\/"]}]},{"@type":"ImageObject","inLanguage":"pt-BR","@id":"https:\/\/jornalpontomais.com\/site\/2024\/09\/30\/pf-mira-acusados-de-desvio-de-verbas-da-lei-de-incentivo-ao-esporte-durante-o-governo-bolsonaro\/#primaryimage","url":"https:\/\/jornalpontomais.com\/site\/wp-content\/uploads\/2024\/09\/fachada-ministerio_mcamgo_abr_100420231818-35.webp","contentUrl":"https:\/\/jornalpontomais.com\/site\/wp-content\/uploads\/2024\/09\/fachada-ministerio_mcamgo_abr_100420231818-35.webp","width":1024,"height":659},{"@type":"BreadcrumbList","@id":"https:\/\/jornalpontomais.com\/site\/2024\/09\/30\/pf-mira-acusados-de-desvio-de-verbas-da-lei-de-incentivo-ao-esporte-durante-o-governo-bolsonaro\/#breadcrumb","itemListElement":[{"@type":"ListItem","position":1,"name":"In\u00edcio","item":"https:\/\/jornalpontomais.com\/site\/"},{"@type":"ListItem","position":2,"name":"PF mira acusados de desvio de verbas da Lei de Incentivo ao Esporte durante o governo Bolsonaro"}]},{"@type":"WebSite","@id":"https:\/\/jornalpontomais.com\/site\/#website","url":"https:\/\/jornalpontomais.com\/site\/","name":"Jornal Ponto Mais","description":"As principais not\u00edcias do Brasil e do mundo. Confira!","publisher":{"@id":"https:\/\/jornalpontomais.com\/site\/#organization"},"potentialAction":[{"@type":"SearchAction","target":{"@type":"EntryPoint","urlTemplate":"https:\/\/jornalpontomais.com\/site\/?s={search_term_string}"},"query-input":{"@type":"PropertyValueSpecification","valueRequired":true,"valueName":"search_term_string"}}],"inLanguage":"pt-BR"},{"@type":"Organization","@id":"https:\/\/jornalpontomais.com\/site\/#organization","name":"Jornal Ponto+","url":"https:\/\/jornalpontomais.com\/site\/","logo":{"@type":"ImageObject","inLanguage":"pt-BR","@id":"https:\/\/jornalpontomais.com\/site\/#\/schema\/logo\/image\/","url":"https:\/\/jornalpontomais.com\/site\/wp-content\/uploads\/2022\/01\/marca.png","contentUrl":"https:\/\/jornalpontomais.com\/site\/wp-content\/uploads\/2022\/01\/marca.png","width":582,"height":148,"caption":"Jornal Ponto+"},"image":{"@id":"https:\/\/jornalpontomais.com\/site\/#\/schema\/logo\/image\/"}},{"@type":"Person","@id":"https:\/\/jornalpontomais.com\/site\/#\/schema\/person\/18323f0b0f1355f2490721c48389fe9d","name":"Jornal Ponto Mais","image":{"@type":"ImageObject","inLanguage":"pt-BR","@id":"https:\/\/secure.gravatar.com\/avatar\/2ee0a9b7fe10fe32bdec8bc086e871e41eb5f4f6ecbcb7b4f2fe0d92d831405f?s=96&d=mm&r=g","url":"https:\/\/secure.gravatar.com\/avatar\/2ee0a9b7fe10fe32bdec8bc086e871e41eb5f4f6ecbcb7b4f2fe0d92d831405f?s=96&d=mm&r=g","contentUrl":"https:\/\/secure.gravatar.com\/avatar\/2ee0a9b7fe10fe32bdec8bc086e871e41eb5f4f6ecbcb7b4f2fe0d92d831405f?s=96&d=mm&r=g","caption":"Jornal Ponto Mais"},"sameAs":["https:\/\/jornalpontomais.com\/site","jornalpontomais"],"url":"https:\/\/jornalpontomais.com\/site\/author\/jornalpontomais\/"}]}},"_links":{"self":[{"href":"https:\/\/jornalpontomais.com\/site\/wp-json\/wp\/v2\/posts\/15387","targetHints":{"allow":["GET"]}}],"collection":[{"href":"https:\/\/jornalpontomais.com\/site\/wp-json\/wp\/v2\/posts"}],"about":[{"href":"https:\/\/jornalpontomais.com\/site\/wp-json\/wp\/v2\/types\/post"}],"author":[{"embeddable":true,"href":"https:\/\/jornalpontomais.com\/site\/wp-json\/wp\/v2\/users\/2"}],"replies":[{"embeddable":true,"href":"https:\/\/jornalpontomais.com\/site\/wp-json\/wp\/v2\/comments?post=15387"}],"version-history":[{"count":1,"href":"https:\/\/jornalpontomais.com\/site\/wp-json\/wp\/v2\/posts\/15387\/revisions"}],"predecessor-version":[{"id":15389,"href":"https:\/\/jornalpontomais.com\/site\/wp-json\/wp\/v2\/posts\/15387\/revisions\/15389"}],"wp:featuredmedia":[{"embeddable":true,"href":"https:\/\/jornalpontomais.com\/site\/wp-json\/wp\/v2\/media\/15388"}],"wp:attachment":[{"href":"https:\/\/jornalpontomais.com\/site\/wp-json\/wp\/v2\/media?parent=15387"}],"wp:term":[{"taxonomy":"category","embeddable":true,"href":"https:\/\/jornalpontomais.com\/site\/wp-json\/wp\/v2\/categories?post=15387"},{"taxonomy":"post_tag","embeddable":true,"href":"https:\/\/jornalpontomais.com\/site\/wp-json\/wp\/v2\/tags?post=15387"}],"curies":[{"name":"wp","href":"https:\/\/api.w.org\/{rel}","templated":true}]}}