{"id":15277,"date":"2024-09-21T11:23:35","date_gmt":"2024-09-21T14:23:35","guid":{"rendered":"https:\/\/jornalpontomais.com\/site\/?p=15277"},"modified":"2024-09-21T11:26:25","modified_gmt":"2024-09-21T14:26:25","slug":"leandro-vilela-vira-eleicao-em-aparecida-de-goiania","status":"publish","type":"post","link":"https:\/\/jornalpontomais.com\/site\/2024\/09\/21\/leandro-vilela-vira-eleicao-em-aparecida-de-goiania\/","title":{"rendered":"Pesquisa indica virada de Leandro Vilela em Aparecida"},"content":{"rendered":"\n<p>A pesquisa contratada pelo portal de not\u00edcias Portal 6 e realizada pelo Atlas Intel revela que Leandro Vilela (MDB) cresceu e deve assumir a lideran\u00e7a na disputa pela Prefeitura de Aparecida de Goi\u00e2nia nos pr\u00f3ximos dias.\u00a0<\/p>\n\n\n\n<p><br><\/p>\n\n\n\n<p>Os dados da pesquisa mostram um cen\u00e1rio invertido em rela\u00e7\u00e3o ao in\u00edcio da campanha, quando havia uma margem grande do candidato Professor Alcides (PL) em rela\u00e7\u00e3o a Vilela. Agora, os n\u00fameros apontam Leandro com tend\u00eancia de vit\u00f3ria.\u00a0<\/p>\n\n\n\n<p><br><\/p>\n\n\n\n<p>O cen\u00e1rio estimulado \u2013 quando os nomes s\u00e3o apresentados aos eleitores \u2013 mostra Leandro Vilela, inclusive, apresenta numericamente \u00e0 frente de Alcides \u2013 com 36,7% e 36,3%, respectivamente. Para se ter ideia da proje\u00e7\u00e3o, na primeira rodada de pesquisas os percentuais de ambos eram: 37,5% e 42,8%, na ordem. J\u00e1 William Panda (PSB) foi escolhido por 15,1% dos entrevistados, ante 11,1% da primeira rodada.<\/p>\n\n\n\n<p><br><\/p>\n\n\n\n<p>Os que n\u00e3o souberam ou n\u00e3o quiseram responder somam 10,6%, enquanto 3,3% afirmaram que votar\u00e3o em branco ou em nenhum dos tr\u00eas candidatos.<\/p>\n\n\n\n<p><br><\/p>\n\n\n\n<p>A pesquisa Atlas Intel\/Portal 6 entrevistou 1.199 eleitores de Aparecida de Goi\u00e2nia, entre os dias 15 e 20 de setembro. A margem de erro \u00e9 de 3 pontos percentuais para mais ou para menos e o grau de confian\u00e7a \u00e9 de 95%. O levantamento est\u00e1 registrado no Tribunal Superior Eleitoral (TSE) sob o n.\u00ba GO-01943\/2024<\/p>\n","protected":false},"excerpt":{"rendered":"<p>A pesquisa contratada pelo portal de not\u00edcias Portal 6 e realizada pelo Atlas Intel revela que Leandro Vilela (MDB) cresceu e deve assumir a lideran\u00e7a na disputa pela Prefeitura de Aparecida de Goi\u00e2nia nos pr\u00f3ximos dias.\u00a0 Os dados da pesquisa mostram um cen\u00e1rio invertido em rela\u00e7\u00e3o ao in\u00edcio da campanha, quando havia uma margem grande [&hellip;]<\/p>\n","protected":false},"author":2,"featured_media":15278,"comment_status":"open","ping_status":"open","sticky":true,"template":"","format":"standard","meta":{"om_disable_all_campaigns":false,"_monsterinsights_skip_tracking":false,"_monsterinsights_sitenote_active":false,"_monsterinsights_sitenote_note":"","_monsterinsights_sitenote_category":0,"footnotes":""},"categories":[1],"tags":[],"class_list":["post-15277","post","type-post","status-publish","format-standard","has-post-thumbnail","hentry","category-politica"],"yoast_head":"<!-- This site is optimized with the Yoast SEO plugin v27.2 - https:\/\/yoast.com\/product\/yoast-seo-wordpress\/ -->\n<title>Pesquisa indica virada de Leandro Vilela em Aparecida - Jornal Ponto Mais<\/title>\n<meta name=\"robots\" content=\"index, follow, max-snippet:-1, max-image-preview:large, max-video-preview:-1\" \/>\n<link rel=\"canonical\" href=\"https:\/\/jornalpontomais.com\/site\/2024\/09\/21\/leandro-vilela-vira-eleicao-em-aparecida-de-goiania\/\" \/>\n<meta property=\"og:locale\" content=\"pt_BR\" \/>\n<meta property=\"og:type\" content=\"article\" \/>\n<meta property=\"og:title\" content=\"Pesquisa indica virada de Leandro Vilela em Aparecida - Jornal Ponto Mais\" \/>\n<meta property=\"og:description\" content=\"A pesquisa contratada pelo portal de not\u00edcias Portal 6 e realizada pelo Atlas Intel revela que Leandro Vilela (MDB) cresceu e deve assumir a lideran\u00e7a na disputa pela Prefeitura de Aparecida de Goi\u00e2nia nos pr\u00f3ximos dias.\u00a0 Os dados da pesquisa mostram um cen\u00e1rio invertido em rela\u00e7\u00e3o ao in\u00edcio da campanha, quando havia uma margem grande [&hellip;]\" \/>\n<meta property=\"og:url\" content=\"https:\/\/jornalpontomais.com\/site\/2024\/09\/21\/leandro-vilela-vira-eleicao-em-aparecida-de-goiania\/\" \/>\n<meta property=\"og:site_name\" content=\"Jornal Ponto Mais\" \/>\n<meta property=\"article:published_time\" content=\"2024-09-21T14:23:35+00:00\" \/>\n<meta property=\"article:modified_time\" content=\"2024-09-21T14:26:25+00:00\" \/>\n<meta property=\"og:image\" content=\"https:\/\/jornalpontomais.com\/site\/wp-content\/uploads\/2024\/09\/Leandro-Vilela-4.jpeg\" \/>\n\t<meta property=\"og:image:width\" content=\"2560\" \/>\n\t<meta property=\"og:image:height\" content=\"1709\" \/>\n\t<meta property=\"og:image:type\" content=\"image\/jpeg\" \/>\n<meta name=\"author\" content=\"Jornal Ponto Mais\" \/>\n<meta name=\"twitter:card\" content=\"summary_large_image\" \/>\n<meta name=\"twitter:label1\" content=\"Escrito por\" \/>\n\t<meta name=\"twitter:data1\" content=\"Jornal Ponto Mais\" \/>\n\t<meta name=\"twitter:label2\" content=\"Est. tempo de leitura\" \/>\n\t<meta name=\"twitter:data2\" content=\"1 minuto\" \/>\n<script type=\"application\/ld+json\" class=\"yoast-schema-graph\">{\"@context\":\"https:\/\/schema.org\",\"@graph\":[{\"@type\":\"Article\",\"@id\":\"https:\/\/jornalpontomais.com\/site\/2024\/09\/21\/leandro-vilela-vira-eleicao-em-aparecida-de-goiania\/#article\",\"isPartOf\":{\"@id\":\"https:\/\/jornalpontomais.com\/site\/2024\/09\/21\/leandro-vilela-vira-eleicao-em-aparecida-de-goiania\/\"},\"author\":{\"name\":\"Jornal Ponto Mais\",\"@id\":\"https:\/\/jornalpontomais.com\/site\/#\/schema\/person\/18323f0b0f1355f2490721c48389fe9d\"},\"headline\":\"Pesquisa indica virada de Leandro Vilela em Aparecida\",\"datePublished\":\"2024-09-21T14:23:35+00:00\",\"dateModified\":\"2024-09-21T14:26:25+00:00\",\"mainEntityOfPage\":{\"@id\":\"https:\/\/jornalpontomais.com\/site\/2024\/09\/21\/leandro-vilela-vira-eleicao-em-aparecida-de-goiania\/\"},\"wordCount\":223,\"commentCount\":0,\"publisher\":{\"@id\":\"https:\/\/jornalpontomais.com\/site\/#organization\"},\"image\":{\"@id\":\"https:\/\/jornalpontomais.com\/site\/2024\/09\/21\/leandro-vilela-vira-eleicao-em-aparecida-de-goiania\/#primaryimage\"},\"thumbnailUrl\":\"https:\/\/jornalpontomais.com\/site\/wp-content\/uploads\/2024\/09\/Leandro-Vilela-4.jpeg\",\"articleSection\":[\"Pol\u00edtica\"],\"inLanguage\":\"pt-BR\",\"potentialAction\":[{\"@type\":\"CommentAction\",\"name\":\"Comment\",\"target\":[\"https:\/\/jornalpontomais.com\/site\/2024\/09\/21\/leandro-vilela-vira-eleicao-em-aparecida-de-goiania\/#respond\"]}]},{\"@type\":\"WebPage\",\"@id\":\"https:\/\/jornalpontomais.com\/site\/2024\/09\/21\/leandro-vilela-vira-eleicao-em-aparecida-de-goiania\/\",\"url\":\"https:\/\/jornalpontomais.com\/site\/2024\/09\/21\/leandro-vilela-vira-eleicao-em-aparecida-de-goiania\/\",\"name\":\"Pesquisa indica virada de Leandro Vilela em Aparecida - Jornal Ponto Mais\",\"isPartOf\":{\"@id\":\"https:\/\/jornalpontomais.com\/site\/#website\"},\"primaryImageOfPage\":{\"@id\":\"https:\/\/jornalpontomais.com\/site\/2024\/09\/21\/leandro-vilela-vira-eleicao-em-aparecida-de-goiania\/#primaryimage\"},\"image\":{\"@id\":\"https:\/\/jornalpontomais.com\/site\/2024\/09\/21\/leandro-vilela-vira-eleicao-em-aparecida-de-goiania\/#primaryimage\"},\"thumbnailUrl\":\"https:\/\/jornalpontomais.com\/site\/wp-content\/uploads\/2024\/09\/Leandro-Vilela-4.jpeg\",\"datePublished\":\"2024-09-21T14:23:35+00:00\",\"dateModified\":\"2024-09-21T14:26:25+00:00\",\"breadcrumb\":{\"@id\":\"https:\/\/jornalpontomais.com\/site\/2024\/09\/21\/leandro-vilela-vira-eleicao-em-aparecida-de-goiania\/#breadcrumb\"},\"inLanguage\":\"pt-BR\",\"potentialAction\":[{\"@type\":\"ReadAction\",\"target\":[\"https:\/\/jornalpontomais.com\/site\/2024\/09\/21\/leandro-vilela-vira-eleicao-em-aparecida-de-goiania\/\"]}]},{\"@type\":\"ImageObject\",\"inLanguage\":\"pt-BR\",\"@id\":\"https:\/\/jornalpontomais.com\/site\/2024\/09\/21\/leandro-vilela-vira-eleicao-em-aparecida-de-goiania\/#primaryimage\",\"url\":\"https:\/\/jornalpontomais.com\/site\/wp-content\/uploads\/2024\/09\/Leandro-Vilela-4.jpeg\",\"contentUrl\":\"https:\/\/jornalpontomais.com\/site\/wp-content\/uploads\/2024\/09\/Leandro-Vilela-4.jpeg\",\"width\":2560,\"height\":1709},{\"@type\":\"BreadcrumbList\",\"@id\":\"https:\/\/jornalpontomais.com\/site\/2024\/09\/21\/leandro-vilela-vira-eleicao-em-aparecida-de-goiania\/#breadcrumb\",\"itemListElement\":[{\"@type\":\"ListItem\",\"position\":1,\"name\":\"In\u00edcio\",\"item\":\"https:\/\/jornalpontomais.com\/site\/\"},{\"@type\":\"ListItem\",\"position\":2,\"name\":\"Pesquisa indica virada de Leandro Vilela em Aparecida\"}]},{\"@type\":\"WebSite\",\"@id\":\"https:\/\/jornalpontomais.com\/site\/#website\",\"url\":\"https:\/\/jornalpontomais.com\/site\/\",\"name\":\"Jornal Ponto Mais\",\"description\":\"As principais not\u00edcias do Brasil e do mundo. Confira!\",\"publisher\":{\"@id\":\"https:\/\/jornalpontomais.com\/site\/#organization\"},\"potentialAction\":[{\"@type\":\"SearchAction\",\"target\":{\"@type\":\"EntryPoint\",\"urlTemplate\":\"https:\/\/jornalpontomais.com\/site\/?s={search_term_string}\"},\"query-input\":{\"@type\":\"PropertyValueSpecification\",\"valueRequired\":true,\"valueName\":\"search_term_string\"}}],\"inLanguage\":\"pt-BR\"},{\"@type\":\"Organization\",\"@id\":\"https:\/\/jornalpontomais.com\/site\/#organization\",\"name\":\"Jornal Ponto+\",\"url\":\"https:\/\/jornalpontomais.com\/site\/\",\"logo\":{\"@type\":\"ImageObject\",\"inLanguage\":\"pt-BR\",\"@id\":\"https:\/\/jornalpontomais.com\/site\/#\/schema\/logo\/image\/\",\"url\":\"https:\/\/jornalpontomais.com\/site\/wp-content\/uploads\/2022\/01\/marca.png\",\"contentUrl\":\"https:\/\/jornalpontomais.com\/site\/wp-content\/uploads\/2022\/01\/marca.png\",\"width\":582,\"height\":148,\"caption\":\"Jornal Ponto+\"},\"image\":{\"@id\":\"https:\/\/jornalpontomais.com\/site\/#\/schema\/logo\/image\/\"}},{\"@type\":\"Person\",\"@id\":\"https:\/\/jornalpontomais.com\/site\/#\/schema\/person\/18323f0b0f1355f2490721c48389fe9d\",\"name\":\"Jornal Ponto Mais\",\"image\":{\"@type\":\"ImageObject\",\"inLanguage\":\"pt-BR\",\"@id\":\"https:\/\/secure.gravatar.com\/avatar\/2ee0a9b7fe10fe32bdec8bc086e871e41eb5f4f6ecbcb7b4f2fe0d92d831405f?s=96&d=mm&r=g\",\"url\":\"https:\/\/secure.gravatar.com\/avatar\/2ee0a9b7fe10fe32bdec8bc086e871e41eb5f4f6ecbcb7b4f2fe0d92d831405f?s=96&d=mm&r=g\",\"contentUrl\":\"https:\/\/secure.gravatar.com\/avatar\/2ee0a9b7fe10fe32bdec8bc086e871e41eb5f4f6ecbcb7b4f2fe0d92d831405f?s=96&d=mm&r=g\",\"caption\":\"Jornal Ponto Mais\"},\"sameAs\":[\"https:\/\/jornalpontomais.com\/site\",\"jornalpontomais\"],\"url\":\"https:\/\/jornalpontomais.com\/site\/author\/jornalpontomais\/\"}]}<\/script>\n<!-- \/ Yoast SEO plugin. -->","yoast_head_json":{"title":"Pesquisa indica virada de Leandro Vilela em Aparecida - Jornal Ponto Mais","robots":{"index":"index","follow":"follow","max-snippet":"max-snippet:-1","max-image-preview":"max-image-preview:large","max-video-preview":"max-video-preview:-1"},"canonical":"https:\/\/jornalpontomais.com\/site\/2024\/09\/21\/leandro-vilela-vira-eleicao-em-aparecida-de-goiania\/","og_locale":"pt_BR","og_type":"article","og_title":"Pesquisa indica virada de Leandro Vilela em Aparecida - Jornal Ponto Mais","og_description":"A pesquisa contratada pelo portal de not\u00edcias Portal 6 e realizada pelo Atlas Intel revela que Leandro Vilela (MDB) cresceu e deve assumir a lideran\u00e7a na disputa pela Prefeitura de Aparecida de Goi\u00e2nia nos pr\u00f3ximos dias.\u00a0 Os dados da pesquisa mostram um cen\u00e1rio invertido em rela\u00e7\u00e3o ao in\u00edcio da campanha, quando havia uma margem grande [&hellip;]","og_url":"https:\/\/jornalpontomais.com\/site\/2024\/09\/21\/leandro-vilela-vira-eleicao-em-aparecida-de-goiania\/","og_site_name":"Jornal Ponto Mais","article_published_time":"2024-09-21T14:23:35+00:00","article_modified_time":"2024-09-21T14:26:25+00:00","og_image":[{"width":2560,"height":1709,"url":"https:\/\/jornalpontomais.com\/site\/wp-content\/uploads\/2024\/09\/Leandro-Vilela-4.jpeg","type":"image\/jpeg"}],"author":"Jornal Ponto Mais","twitter_card":"summary_large_image","twitter_misc":{"Escrito por":"Jornal Ponto Mais","Est. tempo de leitura":"1 minuto"},"schema":{"@context":"https:\/\/schema.org","@graph":[{"@type":"Article","@id":"https:\/\/jornalpontomais.com\/site\/2024\/09\/21\/leandro-vilela-vira-eleicao-em-aparecida-de-goiania\/#article","isPartOf":{"@id":"https:\/\/jornalpontomais.com\/site\/2024\/09\/21\/leandro-vilela-vira-eleicao-em-aparecida-de-goiania\/"},"author":{"name":"Jornal Ponto Mais","@id":"https:\/\/jornalpontomais.com\/site\/#\/schema\/person\/18323f0b0f1355f2490721c48389fe9d"},"headline":"Pesquisa indica virada de Leandro Vilela em Aparecida","datePublished":"2024-09-21T14:23:35+00:00","dateModified":"2024-09-21T14:26:25+00:00","mainEntityOfPage":{"@id":"https:\/\/jornalpontomais.com\/site\/2024\/09\/21\/leandro-vilela-vira-eleicao-em-aparecida-de-goiania\/"},"wordCount":223,"commentCount":0,"publisher":{"@id":"https:\/\/jornalpontomais.com\/site\/#organization"},"image":{"@id":"https:\/\/jornalpontomais.com\/site\/2024\/09\/21\/leandro-vilela-vira-eleicao-em-aparecida-de-goiania\/#primaryimage"},"thumbnailUrl":"https:\/\/jornalpontomais.com\/site\/wp-content\/uploads\/2024\/09\/Leandro-Vilela-4.jpeg","articleSection":["Pol\u00edtica"],"inLanguage":"pt-BR","potentialAction":[{"@type":"CommentAction","name":"Comment","target":["https:\/\/jornalpontomais.com\/site\/2024\/09\/21\/leandro-vilela-vira-eleicao-em-aparecida-de-goiania\/#respond"]}]},{"@type":"WebPage","@id":"https:\/\/jornalpontomais.com\/site\/2024\/09\/21\/leandro-vilela-vira-eleicao-em-aparecida-de-goiania\/","url":"https:\/\/jornalpontomais.com\/site\/2024\/09\/21\/leandro-vilela-vira-eleicao-em-aparecida-de-goiania\/","name":"Pesquisa indica virada de Leandro Vilela em Aparecida - Jornal Ponto Mais","isPartOf":{"@id":"https:\/\/jornalpontomais.com\/site\/#website"},"primaryImageOfPage":{"@id":"https:\/\/jornalpontomais.com\/site\/2024\/09\/21\/leandro-vilela-vira-eleicao-em-aparecida-de-goiania\/#primaryimage"},"image":{"@id":"https:\/\/jornalpontomais.com\/site\/2024\/09\/21\/leandro-vilela-vira-eleicao-em-aparecida-de-goiania\/#primaryimage"},"thumbnailUrl":"https:\/\/jornalpontomais.com\/site\/wp-content\/uploads\/2024\/09\/Leandro-Vilela-4.jpeg","datePublished":"2024-09-21T14:23:35+00:00","dateModified":"2024-09-21T14:26:25+00:00","breadcrumb":{"@id":"https:\/\/jornalpontomais.com\/site\/2024\/09\/21\/leandro-vilela-vira-eleicao-em-aparecida-de-goiania\/#breadcrumb"},"inLanguage":"pt-BR","potentialAction":[{"@type":"ReadAction","target":["https:\/\/jornalpontomais.com\/site\/2024\/09\/21\/leandro-vilela-vira-eleicao-em-aparecida-de-goiania\/"]}]},{"@type":"ImageObject","inLanguage":"pt-BR","@id":"https:\/\/jornalpontomais.com\/site\/2024\/09\/21\/leandro-vilela-vira-eleicao-em-aparecida-de-goiania\/#primaryimage","url":"https:\/\/jornalpontomais.com\/site\/wp-content\/uploads\/2024\/09\/Leandro-Vilela-4.jpeg","contentUrl":"https:\/\/jornalpontomais.com\/site\/wp-content\/uploads\/2024\/09\/Leandro-Vilela-4.jpeg","width":2560,"height":1709},{"@type":"BreadcrumbList","@id":"https:\/\/jornalpontomais.com\/site\/2024\/09\/21\/leandro-vilela-vira-eleicao-em-aparecida-de-goiania\/#breadcrumb","itemListElement":[{"@type":"ListItem","position":1,"name":"In\u00edcio","item":"https:\/\/jornalpontomais.com\/site\/"},{"@type":"ListItem","position":2,"name":"Pesquisa indica virada de Leandro Vilela em Aparecida"}]},{"@type":"WebSite","@id":"https:\/\/jornalpontomais.com\/site\/#website","url":"https:\/\/jornalpontomais.com\/site\/","name":"Jornal Ponto Mais","description":"As principais not\u00edcias do Brasil e do mundo. Confira!","publisher":{"@id":"https:\/\/jornalpontomais.com\/site\/#organization"},"potentialAction":[{"@type":"SearchAction","target":{"@type":"EntryPoint","urlTemplate":"https:\/\/jornalpontomais.com\/site\/?s={search_term_string}"},"query-input":{"@type":"PropertyValueSpecification","valueRequired":true,"valueName":"search_term_string"}}],"inLanguage":"pt-BR"},{"@type":"Organization","@id":"https:\/\/jornalpontomais.com\/site\/#organization","name":"Jornal Ponto+","url":"https:\/\/jornalpontomais.com\/site\/","logo":{"@type":"ImageObject","inLanguage":"pt-BR","@id":"https:\/\/jornalpontomais.com\/site\/#\/schema\/logo\/image\/","url":"https:\/\/jornalpontomais.com\/site\/wp-content\/uploads\/2022\/01\/marca.png","contentUrl":"https:\/\/jornalpontomais.com\/site\/wp-content\/uploads\/2022\/01\/marca.png","width":582,"height":148,"caption":"Jornal Ponto+"},"image":{"@id":"https:\/\/jornalpontomais.com\/site\/#\/schema\/logo\/image\/"}},{"@type":"Person","@id":"https:\/\/jornalpontomais.com\/site\/#\/schema\/person\/18323f0b0f1355f2490721c48389fe9d","name":"Jornal Ponto Mais","image":{"@type":"ImageObject","inLanguage":"pt-BR","@id":"https:\/\/secure.gravatar.com\/avatar\/2ee0a9b7fe10fe32bdec8bc086e871e41eb5f4f6ecbcb7b4f2fe0d92d831405f?s=96&d=mm&r=g","url":"https:\/\/secure.gravatar.com\/avatar\/2ee0a9b7fe10fe32bdec8bc086e871e41eb5f4f6ecbcb7b4f2fe0d92d831405f?s=96&d=mm&r=g","contentUrl":"https:\/\/secure.gravatar.com\/avatar\/2ee0a9b7fe10fe32bdec8bc086e871e41eb5f4f6ecbcb7b4f2fe0d92d831405f?s=96&d=mm&r=g","caption":"Jornal Ponto Mais"},"sameAs":["https:\/\/jornalpontomais.com\/site","jornalpontomais"],"url":"https:\/\/jornalpontomais.com\/site\/author\/jornalpontomais\/"}]}},"_links":{"self":[{"href":"https:\/\/jornalpontomais.com\/site\/wp-json\/wp\/v2\/posts\/15277","targetHints":{"allow":["GET"]}}],"collection":[{"href":"https:\/\/jornalpontomais.com\/site\/wp-json\/wp\/v2\/posts"}],"about":[{"href":"https:\/\/jornalpontomais.com\/site\/wp-json\/wp\/v2\/types\/post"}],"author":[{"embeddable":true,"href":"https:\/\/jornalpontomais.com\/site\/wp-json\/wp\/v2\/users\/2"}],"replies":[{"embeddable":true,"href":"https:\/\/jornalpontomais.com\/site\/wp-json\/wp\/v2\/comments?post=15277"}],"version-history":[{"count":2,"href":"https:\/\/jornalpontomais.com\/site\/wp-json\/wp\/v2\/posts\/15277\/revisions"}],"predecessor-version":[{"id":15280,"href":"https:\/\/jornalpontomais.com\/site\/wp-json\/wp\/v2\/posts\/15277\/revisions\/15280"}],"wp:featuredmedia":[{"embeddable":true,"href":"https:\/\/jornalpontomais.com\/site\/wp-json\/wp\/v2\/media\/15278"}],"wp:attachment":[{"href":"https:\/\/jornalpontomais.com\/site\/wp-json\/wp\/v2\/media?parent=15277"}],"wp:term":[{"taxonomy":"category","embeddable":true,"href":"https:\/\/jornalpontomais.com\/site\/wp-json\/wp\/v2\/categories?post=15277"},{"taxonomy":"post_tag","embeddable":true,"href":"https:\/\/jornalpontomais.com\/site\/wp-json\/wp\/v2\/tags?post=15277"}],"curies":[{"name":"wp","href":"https:\/\/api.w.org\/{rel}","templated":true}]}}