{"id":15263,"date":"2024-09-21T10:05:54","date_gmt":"2024-09-21T13:05:54","guid":{"rendered":"https:\/\/jornalpontomais.com\/site\/?p=15263"},"modified":"2024-09-21T10:05:54","modified_gmt":"2024-09-21T13:05:54","slug":"stf-retoma-julgamento-que-pode-ampliar-foro-privilegiado","status":"publish","type":"post","link":"https:\/\/jornalpontomais.com\/site\/2024\/09\/21\/stf-retoma-julgamento-que-pode-ampliar-foro-privilegiado\/","title":{"rendered":"STF retoma julgamento que pode ampliar foro privilegiado"},"content":{"rendered":"\n<p>O Supremo Tribunal Federal (STF) retomou nesta sexta-feira (20) o julgamento virtual que pode ampliar o foro por prerrogativa de fun\u00e7\u00e3o, nome t\u00e9cnico do foro privilegiado para parlamentares e ministros de Estado.<img decoding=\"async\" src=\"https:\/\/agenciabrasil.ebc.com.br\/ebc.png?id=1613120&amp;o=node\"><img decoding=\"async\" src=\"https:\/\/agenciabrasil.ebc.com.br\/ebc.gif?id=1613120&amp;o=node\"><br><br><\/p>\n\n\n\n<p>O julgamento vai atingir deputados federais e senadores que respondem a processos na Corte. A an\u00e1lise do caso foi suspensa em abril por um pedido de vista do ministro Andr\u00e9 Mendon\u00e7a.<br><br><\/p>\n\n\n\n<p>At\u00e9 o momento, o STF tem\u00a0maioria\u00a0de seis votos pela amplia\u00e7\u00e3o do foro e um contr\u00e1rio. Prevalece no julgamento\u00a0voto do ministro Gilmar Mendes.<br><br><\/p>\n\n\n\n<p>Pelo entendimento, o foro privilegiado de um pol\u00edtico fica mantido no STF se o crime tiver sido cometido durante o exerc\u00edcio da fun\u00e7\u00e3o de parlamentar. Essa \u00e9 a regra v\u00e1lida atualmente. Contudo, no caso de ren\u00fancia, n\u00e3o reelei\u00e7\u00e3o ou cassa\u00e7\u00e3o, o processo ser\u00e1 mantido na Corte.<br><br><\/p>\n\n\n\n<p>Al\u00e9m de Mendes, j\u00e1 votaram no mesmo sentido os ministros Dias Toffoli, Fl\u00e1vio Dino, Cristiano Zanin, Alexandre de Moraes e Lu\u00eds Roberto Barroso. Faltam os votos de quatro\u00a0ministros.<br><br><\/p>\n\n\n\n<p>No voto proferido hoje, Mendon\u00e7a abriu diverg\u00eancia e votou contra a amplia\u00e7\u00e3o do foro. Segundo o ministro, a prerrogativa de ser julgado pela Corte termina com o fim do mandato, e o caso deve ser enviado \u00e0 primeira inst\u00e2ncia.<br><br><\/p>\n\n\n\n<p>&#8220;O alargamento do foro por prerrogativa de fun\u00e7\u00e3o para per\u00edodo posterior ao fim do exerc\u00edcio do cargo ou fun\u00e7\u00e3o do agente pol\u00edtico contraria a jurisprud\u00eancia. Cessado o exerc\u00edcio do cargo ou fun\u00e7\u00e3o, cessa tamb\u00e9m o foro por prerrogativa de fun\u00e7\u00e3o do respectivo agente pol\u00edtico&#8221;, justificou.<br><br><\/p>\n\n\n\n<p>A Corte julga um\u00a0<em>habeas corpus<\/em>\u00a0protocolado pela defesa do senador Zequinha Marinho (Podemos-PA). O parlamentar \u00e9 acusado de \u201crachadinha\u201d, por ser suspeito de exigir parte do sal\u00e1rio de funcion\u00e1rios de seu gabinete, em 2013, quando ele era deputado federal. \u00a0Ao longo do tempo, o pol\u00edtico foi eleito vice-governador do Par\u00e1 e senador, e o processo foi transferido entre as inst\u00e2ncias da Justi\u00e7a.<br><br><\/p>\n\n\n\n<p>Um recurso da ex-senadora Rose de Freitas tamb\u00e9m \u00e9 julgado.<br><br><\/p>\n\n\n\n<p>O julgamento virtual ser\u00e1 encerrado na pr\u00f3xima sexta-feira (27). Na sess\u00e3o virtual, os ministros depositam os votos no sistema eletr\u00f4nico e n\u00e3o h\u00e1 delibera\u00e7\u00e3o presencial.<\/p>\n","protected":false},"excerpt":{"rendered":"<p>O Supremo Tribunal Federal (STF) retomou nesta sexta-feira (20) o julgamento virtual que pode ampliar o foro por prerrogativa de fun\u00e7\u00e3o, nome t\u00e9cnico do foro privilegiado para parlamentares e ministros de Estado. O julgamento vai atingir deputados federais e senadores que respondem a processos na Corte. A an\u00e1lise do caso foi suspensa em abril por [&hellip;]<\/p>\n","protected":false},"author":2,"featured_media":13874,"comment_status":"open","ping_status":"open","sticky":false,"template":"","format":"standard","meta":{"om_disable_all_campaigns":false,"_monsterinsights_skip_tracking":false,"_monsterinsights_sitenote_active":false,"_monsterinsights_sitenote_note":"","_monsterinsights_sitenote_category":0,"footnotes":""},"categories":[1],"tags":[],"class_list":["post-15263","post","type-post","status-publish","format-standard","has-post-thumbnail","hentry","category-politica"],"yoast_head":"<!-- This site is optimized with the Yoast SEO plugin v27.2 - https:\/\/yoast.com\/product\/yoast-seo-wordpress\/ -->\n<title>STF retoma julgamento que pode ampliar foro privilegiado - Jornal Ponto Mais<\/title>\n<meta name=\"robots\" content=\"index, follow, max-snippet:-1, max-image-preview:large, max-video-preview:-1\" \/>\n<link rel=\"canonical\" href=\"https:\/\/jornalpontomais.com\/site\/2024\/09\/21\/stf-retoma-julgamento-que-pode-ampliar-foro-privilegiado\/\" \/>\n<meta property=\"og:locale\" content=\"pt_BR\" \/>\n<meta property=\"og:type\" content=\"article\" \/>\n<meta property=\"og:title\" content=\"STF retoma julgamento que pode ampliar foro privilegiado - Jornal Ponto Mais\" \/>\n<meta property=\"og:description\" content=\"O Supremo Tribunal Federal (STF) retomou nesta sexta-feira (20) o julgamento virtual que pode ampliar o foro por prerrogativa de fun\u00e7\u00e3o, nome t\u00e9cnico do foro privilegiado para parlamentares e ministros de Estado. O julgamento vai atingir deputados federais e senadores que respondem a processos na Corte. A an\u00e1lise do caso foi suspensa em abril por [&hellip;]\" \/>\n<meta property=\"og:url\" content=\"https:\/\/jornalpontomais.com\/site\/2024\/09\/21\/stf-retoma-julgamento-que-pode-ampliar-foro-privilegiado\/\" \/>\n<meta property=\"og:site_name\" content=\"Jornal Ponto Mais\" \/>\n<meta property=\"article:published_time\" content=\"2024-09-21T13:05:54+00:00\" \/>\n<meta property=\"og:image\" content=\"https:\/\/jornalpontomais.com\/site\/wp-content\/uploads\/2024\/06\/supremo_tribunal_federal_stf_08.webp\" \/>\n\t<meta property=\"og:image:width\" content=\"1024\" \/>\n\t<meta property=\"og:image:height\" content=\"682\" \/>\n\t<meta property=\"og:image:type\" content=\"image\/webp\" \/>\n<meta name=\"author\" content=\"Jornal Ponto Mais\" \/>\n<meta name=\"twitter:card\" content=\"summary_large_image\" \/>\n<meta name=\"twitter:label1\" content=\"Escrito por\" \/>\n\t<meta name=\"twitter:data1\" content=\"Jornal Ponto Mais\" \/>\n\t<meta name=\"twitter:label2\" content=\"Est. tempo de leitura\" \/>\n\t<meta name=\"twitter:data2\" content=\"2 minutos\" \/>\n<script type=\"application\/ld+json\" class=\"yoast-schema-graph\">{\"@context\":\"https:\/\/schema.org\",\"@graph\":[{\"@type\":\"Article\",\"@id\":\"https:\/\/jornalpontomais.com\/site\/2024\/09\/21\/stf-retoma-julgamento-que-pode-ampliar-foro-privilegiado\/#article\",\"isPartOf\":{\"@id\":\"https:\/\/jornalpontomais.com\/site\/2024\/09\/21\/stf-retoma-julgamento-que-pode-ampliar-foro-privilegiado\/\"},\"author\":{\"name\":\"Jornal Ponto Mais\",\"@id\":\"https:\/\/jornalpontomais.com\/site\/#\/schema\/person\/18323f0b0f1355f2490721c48389fe9d\"},\"headline\":\"STF retoma julgamento que pode ampliar foro privilegiado\",\"datePublished\":\"2024-09-21T13:05:54+00:00\",\"mainEntityOfPage\":{\"@id\":\"https:\/\/jornalpontomais.com\/site\/2024\/09\/21\/stf-retoma-julgamento-que-pode-ampliar-foro-privilegiado\/\"},\"wordCount\":389,\"commentCount\":0,\"publisher\":{\"@id\":\"https:\/\/jornalpontomais.com\/site\/#organization\"},\"image\":{\"@id\":\"https:\/\/jornalpontomais.com\/site\/2024\/09\/21\/stf-retoma-julgamento-que-pode-ampliar-foro-privilegiado\/#primaryimage\"},\"thumbnailUrl\":\"https:\/\/jornalpontomais.com\/site\/wp-content\/uploads\/2024\/06\/supremo_tribunal_federal_stf_08.webp\",\"articleSection\":[\"Pol\u00edtica\"],\"inLanguage\":\"pt-BR\",\"potentialAction\":[{\"@type\":\"CommentAction\",\"name\":\"Comment\",\"target\":[\"https:\/\/jornalpontomais.com\/site\/2024\/09\/21\/stf-retoma-julgamento-que-pode-ampliar-foro-privilegiado\/#respond\"]}]},{\"@type\":\"WebPage\",\"@id\":\"https:\/\/jornalpontomais.com\/site\/2024\/09\/21\/stf-retoma-julgamento-que-pode-ampliar-foro-privilegiado\/\",\"url\":\"https:\/\/jornalpontomais.com\/site\/2024\/09\/21\/stf-retoma-julgamento-que-pode-ampliar-foro-privilegiado\/\",\"name\":\"STF retoma julgamento que pode ampliar foro privilegiado - Jornal Ponto Mais\",\"isPartOf\":{\"@id\":\"https:\/\/jornalpontomais.com\/site\/#website\"},\"primaryImageOfPage\":{\"@id\":\"https:\/\/jornalpontomais.com\/site\/2024\/09\/21\/stf-retoma-julgamento-que-pode-ampliar-foro-privilegiado\/#primaryimage\"},\"image\":{\"@id\":\"https:\/\/jornalpontomais.com\/site\/2024\/09\/21\/stf-retoma-julgamento-que-pode-ampliar-foro-privilegiado\/#primaryimage\"},\"thumbnailUrl\":\"https:\/\/jornalpontomais.com\/site\/wp-content\/uploads\/2024\/06\/supremo_tribunal_federal_stf_08.webp\",\"datePublished\":\"2024-09-21T13:05:54+00:00\",\"breadcrumb\":{\"@id\":\"https:\/\/jornalpontomais.com\/site\/2024\/09\/21\/stf-retoma-julgamento-que-pode-ampliar-foro-privilegiado\/#breadcrumb\"},\"inLanguage\":\"pt-BR\",\"potentialAction\":[{\"@type\":\"ReadAction\",\"target\":[\"https:\/\/jornalpontomais.com\/site\/2024\/09\/21\/stf-retoma-julgamento-que-pode-ampliar-foro-privilegiado\/\"]}]},{\"@type\":\"ImageObject\",\"inLanguage\":\"pt-BR\",\"@id\":\"https:\/\/jornalpontomais.com\/site\/2024\/09\/21\/stf-retoma-julgamento-que-pode-ampliar-foro-privilegiado\/#primaryimage\",\"url\":\"https:\/\/jornalpontomais.com\/site\/wp-content\/uploads\/2024\/06\/supremo_tribunal_federal_stf_08.webp\",\"contentUrl\":\"https:\/\/jornalpontomais.com\/site\/wp-content\/uploads\/2024\/06\/supremo_tribunal_federal_stf_08.webp\",\"width\":1024,\"height\":682},{\"@type\":\"BreadcrumbList\",\"@id\":\"https:\/\/jornalpontomais.com\/site\/2024\/09\/21\/stf-retoma-julgamento-que-pode-ampliar-foro-privilegiado\/#breadcrumb\",\"itemListElement\":[{\"@type\":\"ListItem\",\"position\":1,\"name\":\"In\u00edcio\",\"item\":\"https:\/\/jornalpontomais.com\/site\/\"},{\"@type\":\"ListItem\",\"position\":2,\"name\":\"STF retoma julgamento que pode ampliar foro privilegiado\"}]},{\"@type\":\"WebSite\",\"@id\":\"https:\/\/jornalpontomais.com\/site\/#website\",\"url\":\"https:\/\/jornalpontomais.com\/site\/\",\"name\":\"Jornal Ponto Mais\",\"description\":\"As principais not\u00edcias do Brasil e do mundo. Confira!\",\"publisher\":{\"@id\":\"https:\/\/jornalpontomais.com\/site\/#organization\"},\"potentialAction\":[{\"@type\":\"SearchAction\",\"target\":{\"@type\":\"EntryPoint\",\"urlTemplate\":\"https:\/\/jornalpontomais.com\/site\/?s={search_term_string}\"},\"query-input\":{\"@type\":\"PropertyValueSpecification\",\"valueRequired\":true,\"valueName\":\"search_term_string\"}}],\"inLanguage\":\"pt-BR\"},{\"@type\":\"Organization\",\"@id\":\"https:\/\/jornalpontomais.com\/site\/#organization\",\"name\":\"Jornal Ponto+\",\"url\":\"https:\/\/jornalpontomais.com\/site\/\",\"logo\":{\"@type\":\"ImageObject\",\"inLanguage\":\"pt-BR\",\"@id\":\"https:\/\/jornalpontomais.com\/site\/#\/schema\/logo\/image\/\",\"url\":\"https:\/\/jornalpontomais.com\/site\/wp-content\/uploads\/2022\/01\/marca.png\",\"contentUrl\":\"https:\/\/jornalpontomais.com\/site\/wp-content\/uploads\/2022\/01\/marca.png\",\"width\":582,\"height\":148,\"caption\":\"Jornal Ponto+\"},\"image\":{\"@id\":\"https:\/\/jornalpontomais.com\/site\/#\/schema\/logo\/image\/\"}},{\"@type\":\"Person\",\"@id\":\"https:\/\/jornalpontomais.com\/site\/#\/schema\/person\/18323f0b0f1355f2490721c48389fe9d\",\"name\":\"Jornal Ponto Mais\",\"image\":{\"@type\":\"ImageObject\",\"inLanguage\":\"pt-BR\",\"@id\":\"https:\/\/secure.gravatar.com\/avatar\/2ee0a9b7fe10fe32bdec8bc086e871e41eb5f4f6ecbcb7b4f2fe0d92d831405f?s=96&d=mm&r=g\",\"url\":\"https:\/\/secure.gravatar.com\/avatar\/2ee0a9b7fe10fe32bdec8bc086e871e41eb5f4f6ecbcb7b4f2fe0d92d831405f?s=96&d=mm&r=g\",\"contentUrl\":\"https:\/\/secure.gravatar.com\/avatar\/2ee0a9b7fe10fe32bdec8bc086e871e41eb5f4f6ecbcb7b4f2fe0d92d831405f?s=96&d=mm&r=g\",\"caption\":\"Jornal Ponto Mais\"},\"sameAs\":[\"https:\/\/jornalpontomais.com\/site\",\"jornalpontomais\"],\"url\":\"https:\/\/jornalpontomais.com\/site\/author\/jornalpontomais\/\"}]}<\/script>\n<!-- \/ Yoast SEO plugin. -->","yoast_head_json":{"title":"STF retoma julgamento que pode ampliar foro privilegiado - Jornal Ponto Mais","robots":{"index":"index","follow":"follow","max-snippet":"max-snippet:-1","max-image-preview":"max-image-preview:large","max-video-preview":"max-video-preview:-1"},"canonical":"https:\/\/jornalpontomais.com\/site\/2024\/09\/21\/stf-retoma-julgamento-que-pode-ampliar-foro-privilegiado\/","og_locale":"pt_BR","og_type":"article","og_title":"STF retoma julgamento que pode ampliar foro privilegiado - Jornal Ponto Mais","og_description":"O Supremo Tribunal Federal (STF) retomou nesta sexta-feira (20) o julgamento virtual que pode ampliar o foro por prerrogativa de fun\u00e7\u00e3o, nome t\u00e9cnico do foro privilegiado para parlamentares e ministros de Estado. O julgamento vai atingir deputados federais e senadores que respondem a processos na Corte. A an\u00e1lise do caso foi suspensa em abril por [&hellip;]","og_url":"https:\/\/jornalpontomais.com\/site\/2024\/09\/21\/stf-retoma-julgamento-que-pode-ampliar-foro-privilegiado\/","og_site_name":"Jornal Ponto Mais","article_published_time":"2024-09-21T13:05:54+00:00","og_image":[{"width":1024,"height":682,"url":"https:\/\/jornalpontomais.com\/site\/wp-content\/uploads\/2024\/06\/supremo_tribunal_federal_stf_08.webp","type":"image\/webp"}],"author":"Jornal Ponto Mais","twitter_card":"summary_large_image","twitter_misc":{"Escrito por":"Jornal Ponto Mais","Est. tempo de leitura":"2 minutos"},"schema":{"@context":"https:\/\/schema.org","@graph":[{"@type":"Article","@id":"https:\/\/jornalpontomais.com\/site\/2024\/09\/21\/stf-retoma-julgamento-que-pode-ampliar-foro-privilegiado\/#article","isPartOf":{"@id":"https:\/\/jornalpontomais.com\/site\/2024\/09\/21\/stf-retoma-julgamento-que-pode-ampliar-foro-privilegiado\/"},"author":{"name":"Jornal Ponto Mais","@id":"https:\/\/jornalpontomais.com\/site\/#\/schema\/person\/18323f0b0f1355f2490721c48389fe9d"},"headline":"STF retoma julgamento que pode ampliar foro privilegiado","datePublished":"2024-09-21T13:05:54+00:00","mainEntityOfPage":{"@id":"https:\/\/jornalpontomais.com\/site\/2024\/09\/21\/stf-retoma-julgamento-que-pode-ampliar-foro-privilegiado\/"},"wordCount":389,"commentCount":0,"publisher":{"@id":"https:\/\/jornalpontomais.com\/site\/#organization"},"image":{"@id":"https:\/\/jornalpontomais.com\/site\/2024\/09\/21\/stf-retoma-julgamento-que-pode-ampliar-foro-privilegiado\/#primaryimage"},"thumbnailUrl":"https:\/\/jornalpontomais.com\/site\/wp-content\/uploads\/2024\/06\/supremo_tribunal_federal_stf_08.webp","articleSection":["Pol\u00edtica"],"inLanguage":"pt-BR","potentialAction":[{"@type":"CommentAction","name":"Comment","target":["https:\/\/jornalpontomais.com\/site\/2024\/09\/21\/stf-retoma-julgamento-que-pode-ampliar-foro-privilegiado\/#respond"]}]},{"@type":"WebPage","@id":"https:\/\/jornalpontomais.com\/site\/2024\/09\/21\/stf-retoma-julgamento-que-pode-ampliar-foro-privilegiado\/","url":"https:\/\/jornalpontomais.com\/site\/2024\/09\/21\/stf-retoma-julgamento-que-pode-ampliar-foro-privilegiado\/","name":"STF retoma julgamento que pode ampliar foro privilegiado - Jornal Ponto Mais","isPartOf":{"@id":"https:\/\/jornalpontomais.com\/site\/#website"},"primaryImageOfPage":{"@id":"https:\/\/jornalpontomais.com\/site\/2024\/09\/21\/stf-retoma-julgamento-que-pode-ampliar-foro-privilegiado\/#primaryimage"},"image":{"@id":"https:\/\/jornalpontomais.com\/site\/2024\/09\/21\/stf-retoma-julgamento-que-pode-ampliar-foro-privilegiado\/#primaryimage"},"thumbnailUrl":"https:\/\/jornalpontomais.com\/site\/wp-content\/uploads\/2024\/06\/supremo_tribunal_federal_stf_08.webp","datePublished":"2024-09-21T13:05:54+00:00","breadcrumb":{"@id":"https:\/\/jornalpontomais.com\/site\/2024\/09\/21\/stf-retoma-julgamento-que-pode-ampliar-foro-privilegiado\/#breadcrumb"},"inLanguage":"pt-BR","potentialAction":[{"@type":"ReadAction","target":["https:\/\/jornalpontomais.com\/site\/2024\/09\/21\/stf-retoma-julgamento-que-pode-ampliar-foro-privilegiado\/"]}]},{"@type":"ImageObject","inLanguage":"pt-BR","@id":"https:\/\/jornalpontomais.com\/site\/2024\/09\/21\/stf-retoma-julgamento-que-pode-ampliar-foro-privilegiado\/#primaryimage","url":"https:\/\/jornalpontomais.com\/site\/wp-content\/uploads\/2024\/06\/supremo_tribunal_federal_stf_08.webp","contentUrl":"https:\/\/jornalpontomais.com\/site\/wp-content\/uploads\/2024\/06\/supremo_tribunal_federal_stf_08.webp","width":1024,"height":682},{"@type":"BreadcrumbList","@id":"https:\/\/jornalpontomais.com\/site\/2024\/09\/21\/stf-retoma-julgamento-que-pode-ampliar-foro-privilegiado\/#breadcrumb","itemListElement":[{"@type":"ListItem","position":1,"name":"In\u00edcio","item":"https:\/\/jornalpontomais.com\/site\/"},{"@type":"ListItem","position":2,"name":"STF retoma julgamento que pode ampliar foro privilegiado"}]},{"@type":"WebSite","@id":"https:\/\/jornalpontomais.com\/site\/#website","url":"https:\/\/jornalpontomais.com\/site\/","name":"Jornal Ponto Mais","description":"As principais not\u00edcias do Brasil e do mundo. Confira!","publisher":{"@id":"https:\/\/jornalpontomais.com\/site\/#organization"},"potentialAction":[{"@type":"SearchAction","target":{"@type":"EntryPoint","urlTemplate":"https:\/\/jornalpontomais.com\/site\/?s={search_term_string}"},"query-input":{"@type":"PropertyValueSpecification","valueRequired":true,"valueName":"search_term_string"}}],"inLanguage":"pt-BR"},{"@type":"Organization","@id":"https:\/\/jornalpontomais.com\/site\/#organization","name":"Jornal Ponto+","url":"https:\/\/jornalpontomais.com\/site\/","logo":{"@type":"ImageObject","inLanguage":"pt-BR","@id":"https:\/\/jornalpontomais.com\/site\/#\/schema\/logo\/image\/","url":"https:\/\/jornalpontomais.com\/site\/wp-content\/uploads\/2022\/01\/marca.png","contentUrl":"https:\/\/jornalpontomais.com\/site\/wp-content\/uploads\/2022\/01\/marca.png","width":582,"height":148,"caption":"Jornal Ponto+"},"image":{"@id":"https:\/\/jornalpontomais.com\/site\/#\/schema\/logo\/image\/"}},{"@type":"Person","@id":"https:\/\/jornalpontomais.com\/site\/#\/schema\/person\/18323f0b0f1355f2490721c48389fe9d","name":"Jornal Ponto Mais","image":{"@type":"ImageObject","inLanguage":"pt-BR","@id":"https:\/\/secure.gravatar.com\/avatar\/2ee0a9b7fe10fe32bdec8bc086e871e41eb5f4f6ecbcb7b4f2fe0d92d831405f?s=96&d=mm&r=g","url":"https:\/\/secure.gravatar.com\/avatar\/2ee0a9b7fe10fe32bdec8bc086e871e41eb5f4f6ecbcb7b4f2fe0d92d831405f?s=96&d=mm&r=g","contentUrl":"https:\/\/secure.gravatar.com\/avatar\/2ee0a9b7fe10fe32bdec8bc086e871e41eb5f4f6ecbcb7b4f2fe0d92d831405f?s=96&d=mm&r=g","caption":"Jornal Ponto Mais"},"sameAs":["https:\/\/jornalpontomais.com\/site","jornalpontomais"],"url":"https:\/\/jornalpontomais.com\/site\/author\/jornalpontomais\/"}]}},"_links":{"self":[{"href":"https:\/\/jornalpontomais.com\/site\/wp-json\/wp\/v2\/posts\/15263","targetHints":{"allow":["GET"]}}],"collection":[{"href":"https:\/\/jornalpontomais.com\/site\/wp-json\/wp\/v2\/posts"}],"about":[{"href":"https:\/\/jornalpontomais.com\/site\/wp-json\/wp\/v2\/types\/post"}],"author":[{"embeddable":true,"href":"https:\/\/jornalpontomais.com\/site\/wp-json\/wp\/v2\/users\/2"}],"replies":[{"embeddable":true,"href":"https:\/\/jornalpontomais.com\/site\/wp-json\/wp\/v2\/comments?post=15263"}],"version-history":[{"count":1,"href":"https:\/\/jornalpontomais.com\/site\/wp-json\/wp\/v2\/posts\/15263\/revisions"}],"predecessor-version":[{"id":15264,"href":"https:\/\/jornalpontomais.com\/site\/wp-json\/wp\/v2\/posts\/15263\/revisions\/15264"}],"wp:featuredmedia":[{"embeddable":true,"href":"https:\/\/jornalpontomais.com\/site\/wp-json\/wp\/v2\/media\/13874"}],"wp:attachment":[{"href":"https:\/\/jornalpontomais.com\/site\/wp-json\/wp\/v2\/media?parent=15263"}],"wp:term":[{"taxonomy":"category","embeddable":true,"href":"https:\/\/jornalpontomais.com\/site\/wp-json\/wp\/v2\/categories?post=15263"},{"taxonomy":"post_tag","embeddable":true,"href":"https:\/\/jornalpontomais.com\/site\/wp-json\/wp\/v2\/tags?post=15263"}],"curies":[{"name":"wp","href":"https:\/\/api.w.org\/{rel}","templated":true}]}}