{"id":15238,"date":"2024-09-20T10:32:37","date_gmt":"2024-09-20T13:32:37","guid":{"rendered":"https:\/\/jornalpontomais.com\/site\/?p=15238"},"modified":"2024-09-20T10:32:38","modified_gmt":"2024-09-20T13:32:38","slug":"caiado-cobra-acoes-efetivas-do-governo-federal-no-combate-as-queimadas-no-pais","status":"publish","type":"post","link":"https:\/\/jornalpontomais.com\/site\/2024\/09\/20\/caiado-cobra-acoes-efetivas-do-governo-federal-no-combate-as-queimadas-no-pais\/","title":{"rendered":"Caiado cobra a\u00e7\u00f5es efetivas do governo federal no combate \u00e0s queimadas no pa\u00eds"},"content":{"rendered":"\n<p>O governador Ronaldo Caiado cobrou a\u00e7\u00f5es mais efetivas no combate \u00e0s queimadas no pa\u00eds durante encontro com ministros do governo federal, na tarde desta quinta-feira (19\/09), no Pal\u00e1cio do Planalto, em Bras\u00edlia.\u00a0<br><br><\/p>\n\n\n\n<p>Durante coletiva de imprensa, o governador destacou a atua\u00e7\u00e3o proativa de Goi\u00e1s com a\u00e7\u00f5es descentralizadas e coordenadas no combate \u00e0s queimadas, mas lamentou as limita\u00e7\u00f5es impostas pela atual legisla\u00e7\u00e3o e a insufici\u00eancia de recursos destinados a Goi\u00e1s. Tamb\u00e9m criticou o valor destinado pelo governo federal ao estado para combater as queimadas.<br><br><\/p>\n\n\n\n<p>Participaram do encontro 11 governadores e quatro ministros para discuss\u00e3o de um plano de conting\u00eancia para o problema dos inc\u00eandios florestais. Na oportunidade o governo federal detalhou a libera\u00e7\u00e3o de R$ 514 milh\u00f5es para combate a inc\u00eandios e seca na Amaz\u00f4nia Legal.<br><br><\/p>\n\n\n\n<p>Segundo Ronaldo Caiado, a verba destinada a Goi\u00e1s \u00e9 insuficiente para lidar com a situa\u00e7\u00e3o, diante do tamanho dos preju\u00edzos.\u00a0<br><br><\/p>\n\n\n\n<p>\u201cQual \u00e9 o significado de quinhentos e poucos milh\u00f5es de reais numa situa\u00e7\u00e3o como essa? Soube que a cota de Goi\u00e1s \u00e9 R$ 13 milh\u00f5es\u201d, disse. \u201cN\u00f3s apresentamos um documento, com base em estudo, com dados oficiais. N\u00e3o \u00e9 no achismo. J\u00e1 chega a R$ 1,5 bilh\u00e3o. S\u00e3o mais de 102 mil hectares de \u00e1reas produtivas que foram destru\u00eddas nessas queimadas.\u201d<br><br><\/p>\n\n\n\n<p>A situa\u00e7\u00e3o do estado, contudo, j\u00e1 n\u00e3o \u00e9 t\u00e3o cr\u00edtica como a de outras unidades da federa\u00e7\u00e3o.\u00a0\u201cA reuni\u00e3o foi convocada pelo ministro Rui Costa, que realmente fez um cen\u00e1rio dos estados com maior incid\u00eancia. Eu fui convidado, mas Goi\u00e1s realmente n\u00e3o constava ali\u201d, disse o governador.\u00a0<br><br><\/p>\n\n\n\n<p>Caiado ressaltou que, enquanto houve aumento de 41% nos inc\u00eandios em \u00e1reas produtivas, nas \u00e1reas n\u00e3o produtivas houve redu\u00e7\u00e3o de 12%. \u201cJustamente para desmentir toda e qualquer tese que estaria sendo ali colocado fogo intencional por parte de produtores rurais\u201d, afirmou.<br><br><\/p>\n\n\n\n<p>O governador enfatizou que a situa\u00e7\u00e3o das queimadas em Goi\u00e1s est\u00e1 mais controlada, apesar das adversidades clim\u00e1ticas, gra\u00e7as a a\u00e7\u00f5es como o monitoramento em tempo real e pronta resposta da Defesa Civil e dos sindicatos rurais.\u00a0\u201cNo nosso estado, estou fazendo, n\u00e3o me omito de nenhum problema. Em Goi\u00e1s, temos um monitor de queimadas. Goi\u00e1s tem um contrato com sat\u00e9lite, onde n\u00f3s nos primeiros tr\u00eas metros quadrados de queimada n\u00f3s j\u00e1 somos acionados, tanto na Secretaria do Meio Ambiente, como tamb\u00e9m na Defesa Civil de Goi\u00e1s e dos munic\u00edpios, dos sindicatos rurais e uma grande parceria\u201d, destacou.<\/p>\n\n\n\n<blockquote class=\"wp-block-quote is-layout-flow wp-block-quote-is-layout-flow\">\n<figure class=\"wp-block-image\"><img decoding=\"async\" src=\"https:\/\/agenciacoradenoticias.go.gov.br\/wp-content\/smush-webp\/2024\/09\/Reuniao-em-Brasilia-sobre-combate-a-queimadas_Secom.jpeg.webp\" alt=\"Reuni\u00e3o sobre combate a queimadas em Bras\u00edlia\" class=\"wp-image-131410\"\/><figcaption class=\"wp-element-caption\">Participaram do encontro 11 governadores e quatro ministros para discuss\u00e3o de um plano de conting\u00eancia para o problema dos inc\u00eandios florestais (Foto: Lucas Diener)<\/figcaption><\/figure>\n\n\n\n<h2 class=\"wp-block-heading\"><\/h2>\n\n\n\n<p><\/p>\n<\/blockquote>\n\n\n\n<blockquote class=\"wp-block-quote is-layout-flow wp-block-quote-is-layout-flow\">\n<p><\/p>\n<\/blockquote>\n\n\n\n<p><\/p>\n\n\n\n<blockquote class=\"wp-block-quote is-layout-flow wp-block-quote-is-layout-flow\">\n<p><\/p>\n<\/blockquote>\n\n\n\n<p><\/p>\n\n\n\n<blockquote class=\"wp-block-quote is-layout-flow wp-block-quote-is-layout-flow\">\n<p><\/p>\n<\/blockquote>\n","protected":false},"excerpt":{"rendered":"<p>O governador Ronaldo Caiado cobrou a\u00e7\u00f5es mais efetivas no combate \u00e0s queimadas no pa\u00eds durante encontro com ministros do governo federal, na tarde desta quinta-feira (19\/09), no Pal\u00e1cio do Planalto, em Bras\u00edlia.\u00a0 Durante coletiva de imprensa, o governador destacou a atua\u00e7\u00e3o proativa de Goi\u00e1s com a\u00e7\u00f5es descentralizadas e coordenadas no combate \u00e0s queimadas, mas lamentou [&hellip;]<\/p>\n","protected":false},"author":2,"featured_media":15239,"comment_status":"open","ping_status":"open","sticky":true,"template":"","format":"standard","meta":{"om_disable_all_campaigns":false,"_monsterinsights_skip_tracking":false,"_monsterinsights_sitenote_active":false,"_monsterinsights_sitenote_note":"","_monsterinsights_sitenote_category":0,"footnotes":""},"categories":[1],"tags":[],"class_list":["post-15238","post","type-post","status-publish","format-standard","has-post-thumbnail","hentry","category-politica"],"yoast_head":"<!-- This site is optimized with the Yoast SEO plugin v27.2 - https:\/\/yoast.com\/product\/yoast-seo-wordpress\/ -->\n<title>Caiado cobra a\u00e7\u00f5es efetivas do governo federal no combate \u00e0s queimadas no pa\u00eds - Jornal Ponto Mais<\/title>\n<meta name=\"robots\" content=\"index, follow, max-snippet:-1, max-image-preview:large, max-video-preview:-1\" \/>\n<link rel=\"canonical\" href=\"https:\/\/jornalpontomais.com\/site\/2024\/09\/20\/caiado-cobra-acoes-efetivas-do-governo-federal-no-combate-as-queimadas-no-pais\/\" \/>\n<meta property=\"og:locale\" content=\"pt_BR\" \/>\n<meta property=\"og:type\" content=\"article\" \/>\n<meta property=\"og:title\" content=\"Caiado cobra a\u00e7\u00f5es efetivas do governo federal no combate \u00e0s queimadas no pa\u00eds - Jornal Ponto Mais\" \/>\n<meta property=\"og:description\" content=\"O governador Ronaldo Caiado cobrou a\u00e7\u00f5es mais efetivas no combate \u00e0s queimadas no pa\u00eds durante encontro com ministros do governo federal, na tarde desta quinta-feira (19\/09), no Pal\u00e1cio do Planalto, em Bras\u00edlia.\u00a0 Durante coletiva de imprensa, o governador destacou a atua\u00e7\u00e3o proativa de Goi\u00e1s com a\u00e7\u00f5es descentralizadas e coordenadas no combate \u00e0s queimadas, mas lamentou [&hellip;]\" \/>\n<meta property=\"og:url\" content=\"https:\/\/jornalpontomais.com\/site\/2024\/09\/20\/caiado-cobra-acoes-efetivas-do-governo-federal-no-combate-as-queimadas-no-pais\/\" \/>\n<meta property=\"og:site_name\" content=\"Jornal Ponto Mais\" \/>\n<meta property=\"article:published_time\" content=\"2024-09-20T13:32:37+00:00\" \/>\n<meta property=\"article:modified_time\" content=\"2024-09-20T13:32:38+00:00\" \/>\n<meta property=\"og:image\" content=\"https:\/\/jornalpontomais.com\/site\/wp-content\/uploads\/2024\/09\/IMG_9321.webp\" \/>\n\t<meta property=\"og:image:width\" content=\"1536\" \/>\n\t<meta property=\"og:image:height\" content=\"1024\" \/>\n\t<meta property=\"og:image:type\" content=\"image\/webp\" \/>\n<meta name=\"author\" content=\"Jornal Ponto Mais\" \/>\n<meta name=\"twitter:card\" content=\"summary_large_image\" \/>\n<meta name=\"twitter:label1\" content=\"Escrito por\" \/>\n\t<meta name=\"twitter:data1\" content=\"Jornal Ponto Mais\" \/>\n\t<meta name=\"twitter:label2\" content=\"Est. tempo de leitura\" \/>\n\t<meta name=\"twitter:data2\" content=\"2 minutos\" \/>\n<script type=\"application\/ld+json\" class=\"yoast-schema-graph\">{\"@context\":\"https:\/\/schema.org\",\"@graph\":[{\"@type\":\"Article\",\"@id\":\"https:\/\/jornalpontomais.com\/site\/2024\/09\/20\/caiado-cobra-acoes-efetivas-do-governo-federal-no-combate-as-queimadas-no-pais\/#article\",\"isPartOf\":{\"@id\":\"https:\/\/jornalpontomais.com\/site\/2024\/09\/20\/caiado-cobra-acoes-efetivas-do-governo-federal-no-combate-as-queimadas-no-pais\/\"},\"author\":{\"name\":\"Jornal Ponto Mais\",\"@id\":\"https:\/\/jornalpontomais.com\/site\/#\/schema\/person\/18323f0b0f1355f2490721c48389fe9d\"},\"headline\":\"Caiado cobra a\u00e7\u00f5es efetivas do governo federal no combate \u00e0s queimadas no pa\u00eds\",\"datePublished\":\"2024-09-20T13:32:37+00:00\",\"dateModified\":\"2024-09-20T13:32:38+00:00\",\"mainEntityOfPage\":{\"@id\":\"https:\/\/jornalpontomais.com\/site\/2024\/09\/20\/caiado-cobra-acoes-efetivas-do-governo-federal-no-combate-as-queimadas-no-pais\/\"},\"wordCount\":478,\"commentCount\":0,\"publisher\":{\"@id\":\"https:\/\/jornalpontomais.com\/site\/#organization\"},\"image\":{\"@id\":\"https:\/\/jornalpontomais.com\/site\/2024\/09\/20\/caiado-cobra-acoes-efetivas-do-governo-federal-no-combate-as-queimadas-no-pais\/#primaryimage\"},\"thumbnailUrl\":\"https:\/\/jornalpontomais.com\/site\/wp-content\/uploads\/2024\/09\/IMG_9321.webp\",\"articleSection\":[\"Pol\u00edtica\"],\"inLanguage\":\"pt-BR\",\"potentialAction\":[{\"@type\":\"CommentAction\",\"name\":\"Comment\",\"target\":[\"https:\/\/jornalpontomais.com\/site\/2024\/09\/20\/caiado-cobra-acoes-efetivas-do-governo-federal-no-combate-as-queimadas-no-pais\/#respond\"]}]},{\"@type\":\"WebPage\",\"@id\":\"https:\/\/jornalpontomais.com\/site\/2024\/09\/20\/caiado-cobra-acoes-efetivas-do-governo-federal-no-combate-as-queimadas-no-pais\/\",\"url\":\"https:\/\/jornalpontomais.com\/site\/2024\/09\/20\/caiado-cobra-acoes-efetivas-do-governo-federal-no-combate-as-queimadas-no-pais\/\",\"name\":\"Caiado cobra a\u00e7\u00f5es efetivas do governo federal no combate \u00e0s queimadas no pa\u00eds - Jornal Ponto Mais\",\"isPartOf\":{\"@id\":\"https:\/\/jornalpontomais.com\/site\/#website\"},\"primaryImageOfPage\":{\"@id\":\"https:\/\/jornalpontomais.com\/site\/2024\/09\/20\/caiado-cobra-acoes-efetivas-do-governo-federal-no-combate-as-queimadas-no-pais\/#primaryimage\"},\"image\":{\"@id\":\"https:\/\/jornalpontomais.com\/site\/2024\/09\/20\/caiado-cobra-acoes-efetivas-do-governo-federal-no-combate-as-queimadas-no-pais\/#primaryimage\"},\"thumbnailUrl\":\"https:\/\/jornalpontomais.com\/site\/wp-content\/uploads\/2024\/09\/IMG_9321.webp\",\"datePublished\":\"2024-09-20T13:32:37+00:00\",\"dateModified\":\"2024-09-20T13:32:38+00:00\",\"breadcrumb\":{\"@id\":\"https:\/\/jornalpontomais.com\/site\/2024\/09\/20\/caiado-cobra-acoes-efetivas-do-governo-federal-no-combate-as-queimadas-no-pais\/#breadcrumb\"},\"inLanguage\":\"pt-BR\",\"potentialAction\":[{\"@type\":\"ReadAction\",\"target\":[\"https:\/\/jornalpontomais.com\/site\/2024\/09\/20\/caiado-cobra-acoes-efetivas-do-governo-federal-no-combate-as-queimadas-no-pais\/\"]}]},{\"@type\":\"ImageObject\",\"inLanguage\":\"pt-BR\",\"@id\":\"https:\/\/jornalpontomais.com\/site\/2024\/09\/20\/caiado-cobra-acoes-efetivas-do-governo-federal-no-combate-as-queimadas-no-pais\/#primaryimage\",\"url\":\"https:\/\/jornalpontomais.com\/site\/wp-content\/uploads\/2024\/09\/IMG_9321.webp\",\"contentUrl\":\"https:\/\/jornalpontomais.com\/site\/wp-content\/uploads\/2024\/09\/IMG_9321.webp\",\"width\":1536,\"height\":1024},{\"@type\":\"BreadcrumbList\",\"@id\":\"https:\/\/jornalpontomais.com\/site\/2024\/09\/20\/caiado-cobra-acoes-efetivas-do-governo-federal-no-combate-as-queimadas-no-pais\/#breadcrumb\",\"itemListElement\":[{\"@type\":\"ListItem\",\"position\":1,\"name\":\"In\u00edcio\",\"item\":\"https:\/\/jornalpontomais.com\/site\/\"},{\"@type\":\"ListItem\",\"position\":2,\"name\":\"Caiado cobra a\u00e7\u00f5es efetivas do governo federal no combate \u00e0s queimadas no pa\u00eds\"}]},{\"@type\":\"WebSite\",\"@id\":\"https:\/\/jornalpontomais.com\/site\/#website\",\"url\":\"https:\/\/jornalpontomais.com\/site\/\",\"name\":\"Jornal Ponto Mais\",\"description\":\"As principais not\u00edcias do Brasil e do mundo. Confira!\",\"publisher\":{\"@id\":\"https:\/\/jornalpontomais.com\/site\/#organization\"},\"potentialAction\":[{\"@type\":\"SearchAction\",\"target\":{\"@type\":\"EntryPoint\",\"urlTemplate\":\"https:\/\/jornalpontomais.com\/site\/?s={search_term_string}\"},\"query-input\":{\"@type\":\"PropertyValueSpecification\",\"valueRequired\":true,\"valueName\":\"search_term_string\"}}],\"inLanguage\":\"pt-BR\"},{\"@type\":\"Organization\",\"@id\":\"https:\/\/jornalpontomais.com\/site\/#organization\",\"name\":\"Jornal Ponto+\",\"url\":\"https:\/\/jornalpontomais.com\/site\/\",\"logo\":{\"@type\":\"ImageObject\",\"inLanguage\":\"pt-BR\",\"@id\":\"https:\/\/jornalpontomais.com\/site\/#\/schema\/logo\/image\/\",\"url\":\"https:\/\/jornalpontomais.com\/site\/wp-content\/uploads\/2022\/01\/marca.png\",\"contentUrl\":\"https:\/\/jornalpontomais.com\/site\/wp-content\/uploads\/2022\/01\/marca.png\",\"width\":582,\"height\":148,\"caption\":\"Jornal Ponto+\"},\"image\":{\"@id\":\"https:\/\/jornalpontomais.com\/site\/#\/schema\/logo\/image\/\"}},{\"@type\":\"Person\",\"@id\":\"https:\/\/jornalpontomais.com\/site\/#\/schema\/person\/18323f0b0f1355f2490721c48389fe9d\",\"name\":\"Jornal Ponto Mais\",\"image\":{\"@type\":\"ImageObject\",\"inLanguage\":\"pt-BR\",\"@id\":\"https:\/\/secure.gravatar.com\/avatar\/2ee0a9b7fe10fe32bdec8bc086e871e41eb5f4f6ecbcb7b4f2fe0d92d831405f?s=96&d=mm&r=g\",\"url\":\"https:\/\/secure.gravatar.com\/avatar\/2ee0a9b7fe10fe32bdec8bc086e871e41eb5f4f6ecbcb7b4f2fe0d92d831405f?s=96&d=mm&r=g\",\"contentUrl\":\"https:\/\/secure.gravatar.com\/avatar\/2ee0a9b7fe10fe32bdec8bc086e871e41eb5f4f6ecbcb7b4f2fe0d92d831405f?s=96&d=mm&r=g\",\"caption\":\"Jornal Ponto Mais\"},\"sameAs\":[\"https:\/\/jornalpontomais.com\/site\",\"jornalpontomais\"],\"url\":\"https:\/\/jornalpontomais.com\/site\/author\/jornalpontomais\/\"}]}<\/script>\n<!-- \/ Yoast SEO plugin. -->","yoast_head_json":{"title":"Caiado cobra a\u00e7\u00f5es efetivas do governo federal no combate \u00e0s queimadas no pa\u00eds - Jornal Ponto Mais","robots":{"index":"index","follow":"follow","max-snippet":"max-snippet:-1","max-image-preview":"max-image-preview:large","max-video-preview":"max-video-preview:-1"},"canonical":"https:\/\/jornalpontomais.com\/site\/2024\/09\/20\/caiado-cobra-acoes-efetivas-do-governo-federal-no-combate-as-queimadas-no-pais\/","og_locale":"pt_BR","og_type":"article","og_title":"Caiado cobra a\u00e7\u00f5es efetivas do governo federal no combate \u00e0s queimadas no pa\u00eds - Jornal Ponto Mais","og_description":"O governador Ronaldo Caiado cobrou a\u00e7\u00f5es mais efetivas no combate \u00e0s queimadas no pa\u00eds durante encontro com ministros do governo federal, na tarde desta quinta-feira (19\/09), no Pal\u00e1cio do Planalto, em Bras\u00edlia.\u00a0 Durante coletiva de imprensa, o governador destacou a atua\u00e7\u00e3o proativa de Goi\u00e1s com a\u00e7\u00f5es descentralizadas e coordenadas no combate \u00e0s queimadas, mas lamentou [&hellip;]","og_url":"https:\/\/jornalpontomais.com\/site\/2024\/09\/20\/caiado-cobra-acoes-efetivas-do-governo-federal-no-combate-as-queimadas-no-pais\/","og_site_name":"Jornal Ponto Mais","article_published_time":"2024-09-20T13:32:37+00:00","article_modified_time":"2024-09-20T13:32:38+00:00","og_image":[{"width":1536,"height":1024,"url":"https:\/\/jornalpontomais.com\/site\/wp-content\/uploads\/2024\/09\/IMG_9321.webp","type":"image\/webp"}],"author":"Jornal Ponto Mais","twitter_card":"summary_large_image","twitter_misc":{"Escrito por":"Jornal Ponto Mais","Est. tempo de leitura":"2 minutos"},"schema":{"@context":"https:\/\/schema.org","@graph":[{"@type":"Article","@id":"https:\/\/jornalpontomais.com\/site\/2024\/09\/20\/caiado-cobra-acoes-efetivas-do-governo-federal-no-combate-as-queimadas-no-pais\/#article","isPartOf":{"@id":"https:\/\/jornalpontomais.com\/site\/2024\/09\/20\/caiado-cobra-acoes-efetivas-do-governo-federal-no-combate-as-queimadas-no-pais\/"},"author":{"name":"Jornal Ponto Mais","@id":"https:\/\/jornalpontomais.com\/site\/#\/schema\/person\/18323f0b0f1355f2490721c48389fe9d"},"headline":"Caiado cobra a\u00e7\u00f5es efetivas do governo federal no combate \u00e0s queimadas no pa\u00eds","datePublished":"2024-09-20T13:32:37+00:00","dateModified":"2024-09-20T13:32:38+00:00","mainEntityOfPage":{"@id":"https:\/\/jornalpontomais.com\/site\/2024\/09\/20\/caiado-cobra-acoes-efetivas-do-governo-federal-no-combate-as-queimadas-no-pais\/"},"wordCount":478,"commentCount":0,"publisher":{"@id":"https:\/\/jornalpontomais.com\/site\/#organization"},"image":{"@id":"https:\/\/jornalpontomais.com\/site\/2024\/09\/20\/caiado-cobra-acoes-efetivas-do-governo-federal-no-combate-as-queimadas-no-pais\/#primaryimage"},"thumbnailUrl":"https:\/\/jornalpontomais.com\/site\/wp-content\/uploads\/2024\/09\/IMG_9321.webp","articleSection":["Pol\u00edtica"],"inLanguage":"pt-BR","potentialAction":[{"@type":"CommentAction","name":"Comment","target":["https:\/\/jornalpontomais.com\/site\/2024\/09\/20\/caiado-cobra-acoes-efetivas-do-governo-federal-no-combate-as-queimadas-no-pais\/#respond"]}]},{"@type":"WebPage","@id":"https:\/\/jornalpontomais.com\/site\/2024\/09\/20\/caiado-cobra-acoes-efetivas-do-governo-federal-no-combate-as-queimadas-no-pais\/","url":"https:\/\/jornalpontomais.com\/site\/2024\/09\/20\/caiado-cobra-acoes-efetivas-do-governo-federal-no-combate-as-queimadas-no-pais\/","name":"Caiado cobra a\u00e7\u00f5es efetivas do governo federal no combate \u00e0s queimadas no pa\u00eds - Jornal Ponto Mais","isPartOf":{"@id":"https:\/\/jornalpontomais.com\/site\/#website"},"primaryImageOfPage":{"@id":"https:\/\/jornalpontomais.com\/site\/2024\/09\/20\/caiado-cobra-acoes-efetivas-do-governo-federal-no-combate-as-queimadas-no-pais\/#primaryimage"},"image":{"@id":"https:\/\/jornalpontomais.com\/site\/2024\/09\/20\/caiado-cobra-acoes-efetivas-do-governo-federal-no-combate-as-queimadas-no-pais\/#primaryimage"},"thumbnailUrl":"https:\/\/jornalpontomais.com\/site\/wp-content\/uploads\/2024\/09\/IMG_9321.webp","datePublished":"2024-09-20T13:32:37+00:00","dateModified":"2024-09-20T13:32:38+00:00","breadcrumb":{"@id":"https:\/\/jornalpontomais.com\/site\/2024\/09\/20\/caiado-cobra-acoes-efetivas-do-governo-federal-no-combate-as-queimadas-no-pais\/#breadcrumb"},"inLanguage":"pt-BR","potentialAction":[{"@type":"ReadAction","target":["https:\/\/jornalpontomais.com\/site\/2024\/09\/20\/caiado-cobra-acoes-efetivas-do-governo-federal-no-combate-as-queimadas-no-pais\/"]}]},{"@type":"ImageObject","inLanguage":"pt-BR","@id":"https:\/\/jornalpontomais.com\/site\/2024\/09\/20\/caiado-cobra-acoes-efetivas-do-governo-federal-no-combate-as-queimadas-no-pais\/#primaryimage","url":"https:\/\/jornalpontomais.com\/site\/wp-content\/uploads\/2024\/09\/IMG_9321.webp","contentUrl":"https:\/\/jornalpontomais.com\/site\/wp-content\/uploads\/2024\/09\/IMG_9321.webp","width":1536,"height":1024},{"@type":"BreadcrumbList","@id":"https:\/\/jornalpontomais.com\/site\/2024\/09\/20\/caiado-cobra-acoes-efetivas-do-governo-federal-no-combate-as-queimadas-no-pais\/#breadcrumb","itemListElement":[{"@type":"ListItem","position":1,"name":"In\u00edcio","item":"https:\/\/jornalpontomais.com\/site\/"},{"@type":"ListItem","position":2,"name":"Caiado cobra a\u00e7\u00f5es efetivas do governo federal no combate \u00e0s queimadas no pa\u00eds"}]},{"@type":"WebSite","@id":"https:\/\/jornalpontomais.com\/site\/#website","url":"https:\/\/jornalpontomais.com\/site\/","name":"Jornal Ponto Mais","description":"As principais not\u00edcias do Brasil e do mundo. Confira!","publisher":{"@id":"https:\/\/jornalpontomais.com\/site\/#organization"},"potentialAction":[{"@type":"SearchAction","target":{"@type":"EntryPoint","urlTemplate":"https:\/\/jornalpontomais.com\/site\/?s={search_term_string}"},"query-input":{"@type":"PropertyValueSpecification","valueRequired":true,"valueName":"search_term_string"}}],"inLanguage":"pt-BR"},{"@type":"Organization","@id":"https:\/\/jornalpontomais.com\/site\/#organization","name":"Jornal Ponto+","url":"https:\/\/jornalpontomais.com\/site\/","logo":{"@type":"ImageObject","inLanguage":"pt-BR","@id":"https:\/\/jornalpontomais.com\/site\/#\/schema\/logo\/image\/","url":"https:\/\/jornalpontomais.com\/site\/wp-content\/uploads\/2022\/01\/marca.png","contentUrl":"https:\/\/jornalpontomais.com\/site\/wp-content\/uploads\/2022\/01\/marca.png","width":582,"height":148,"caption":"Jornal Ponto+"},"image":{"@id":"https:\/\/jornalpontomais.com\/site\/#\/schema\/logo\/image\/"}},{"@type":"Person","@id":"https:\/\/jornalpontomais.com\/site\/#\/schema\/person\/18323f0b0f1355f2490721c48389fe9d","name":"Jornal Ponto Mais","image":{"@type":"ImageObject","inLanguage":"pt-BR","@id":"https:\/\/secure.gravatar.com\/avatar\/2ee0a9b7fe10fe32bdec8bc086e871e41eb5f4f6ecbcb7b4f2fe0d92d831405f?s=96&d=mm&r=g","url":"https:\/\/secure.gravatar.com\/avatar\/2ee0a9b7fe10fe32bdec8bc086e871e41eb5f4f6ecbcb7b4f2fe0d92d831405f?s=96&d=mm&r=g","contentUrl":"https:\/\/secure.gravatar.com\/avatar\/2ee0a9b7fe10fe32bdec8bc086e871e41eb5f4f6ecbcb7b4f2fe0d92d831405f?s=96&d=mm&r=g","caption":"Jornal Ponto Mais"},"sameAs":["https:\/\/jornalpontomais.com\/site","jornalpontomais"],"url":"https:\/\/jornalpontomais.com\/site\/author\/jornalpontomais\/"}]}},"_links":{"self":[{"href":"https:\/\/jornalpontomais.com\/site\/wp-json\/wp\/v2\/posts\/15238","targetHints":{"allow":["GET"]}}],"collection":[{"href":"https:\/\/jornalpontomais.com\/site\/wp-json\/wp\/v2\/posts"}],"about":[{"href":"https:\/\/jornalpontomais.com\/site\/wp-json\/wp\/v2\/types\/post"}],"author":[{"embeddable":true,"href":"https:\/\/jornalpontomais.com\/site\/wp-json\/wp\/v2\/users\/2"}],"replies":[{"embeddable":true,"href":"https:\/\/jornalpontomais.com\/site\/wp-json\/wp\/v2\/comments?post=15238"}],"version-history":[{"count":1,"href":"https:\/\/jornalpontomais.com\/site\/wp-json\/wp\/v2\/posts\/15238\/revisions"}],"predecessor-version":[{"id":15240,"href":"https:\/\/jornalpontomais.com\/site\/wp-json\/wp\/v2\/posts\/15238\/revisions\/15240"}],"wp:featuredmedia":[{"embeddable":true,"href":"https:\/\/jornalpontomais.com\/site\/wp-json\/wp\/v2\/media\/15239"}],"wp:attachment":[{"href":"https:\/\/jornalpontomais.com\/site\/wp-json\/wp\/v2\/media?parent=15238"}],"wp:term":[{"taxonomy":"category","embeddable":true,"href":"https:\/\/jornalpontomais.com\/site\/wp-json\/wp\/v2\/categories?post=15238"},{"taxonomy":"post_tag","embeddable":true,"href":"https:\/\/jornalpontomais.com\/site\/wp-json\/wp\/v2\/tags?post=15238"}],"curies":[{"name":"wp","href":"https:\/\/api.w.org\/{rel}","templated":true}]}}