{"id":15203,"date":"2024-09-18T09:04:00","date_gmt":"2024-09-18T12:04:00","guid":{"rendered":"https:\/\/jornalpontomais.com\/site\/?p=15203"},"modified":"2024-09-18T08:10:10","modified_gmt":"2024-09-18T11:10:10","slug":"governo-lula-move-acao-de-r-635-milhoes-contra-fazendeiros-por-danos-climaticos","status":"publish","type":"post","link":"https:\/\/jornalpontomais.com\/site\/2024\/09\/18\/governo-lula-move-acao-de-r-635-milhoes-contra-fazendeiros-por-danos-climaticos\/","title":{"rendered":"Governo Lula move a\u00e7\u00e3o de R$ 635 milh\u00f5es contra fazendeiros por danos clim\u00e1ticos"},"content":{"rendered":"\n<p>O ministro da Advocacia-Geral da Uni\u00e3o (AGU), Jorge Messias, anunciou nesta segunda-feira, 16, a primeira a\u00e7\u00e3o judicial por danos clim\u00e1ticos em nome do Instituto Chico Mendes de Conserva\u00e7\u00e3o da Biodiversidade (ICMBio), referente a danos no Parque Nacional do Jamanxim, no Par\u00e1. A a\u00e7\u00e3o \u00e9 contra cinco fazendeiros que, segundo Messias, teriam cometido v\u00e1rias infra\u00e7\u00f5es ambientais na \u00e1rea.<br><br><\/p>\n\n\n\n<p>&#8220;Hoje anunciamos uma a\u00e7\u00e3o significativa, a primeira grande a\u00e7\u00e3o de dano clim\u00e1tico representando o ICMBio, protocolada na Justi\u00e7a Federal contra diversos infratores no Parque Nacional Jamanxim, no valor de R$ 635 milh\u00f5es&#8221;, declarou o ministro em evento na sede da AGU, em Bras\u00edlia.<br><br><\/p>\n\n\n\n<p>A a\u00e7\u00e3o j\u00e1 foi protocolada, mas os nomes dos r\u00e9us e os detalhes do processo n\u00e3o foram divulgados para evitar rea\u00e7\u00f5es antes do despacho do juiz respons\u00e1vel.<br><br><\/p>\n\n\n\n<p>A procuradora-chefe da Procuradoria Nacional de Defesa do Clima e do Meio Ambiente da AGU, Mariana Cirne, ressaltou a import\u00e2ncia de integrar quest\u00f5es clim\u00e1ticas nas pol\u00edticas p\u00fablicas. &#8220;Estamos iniciando uma nova fase que considera as unidades de conserva\u00e7\u00e3o&#8221;, afirmou.<br><br><\/p>\n\n\n\n<p>A a\u00e7\u00e3o visa o ressarcimento por todos os danos causados, incluindo a devasta\u00e7\u00e3o do bioma e a emiss\u00e3o de gases de efeito estufa. Essa \u00e9 a primeira iniciativa do tipo movida pela AGU em nome do ICMBio, que gerencia mais de 600 \u00e1reas de conserva\u00e7\u00e3o no Brasil.<br><br><\/p>\n\n\n\n<p>A iniciativa ocorre em um contexto em que o presidente Luiz In\u00e1cio Lula da Silva enfrenta press\u00e3o para responder aos inc\u00eandios florestais, que aumentaram nas \u00faltimas semanas. Em Bras\u00edlia, a fuma\u00e7a dos inc\u00eandios no Parque Nacional de Bras\u00edlia foi motivo de preocupa\u00e7\u00e3o. A Pol\u00edcia Federal est\u00e1 investigando o caso.<br><br><\/p>\n\n\n\n<p>O Minist\u00e9rio do Meio Ambiente afirmou que, embora o governo tenha se antecipado, ningu\u00e9m esperava a magnitude da situa\u00e7\u00e3o atual. Destacou que n\u00e3o \u00e9 poss\u00edvel controlar os inc\u00eandios se a popula\u00e7\u00e3o continuar provocando-os.<br><br><\/p>\n\n\n\n<p>Jorge Messias enfatizou que o governo tem &#8220;toler\u00e2ncia zero&#8221; contra infratores ambientais. &#8220;Com esta a\u00e7\u00e3o, queremos deixar claro que o governo federal n\u00e3o aceitar\u00e1 qualquer viola\u00e7\u00e3o ambiental&#8221;, afirmou.<br><br><\/p>\n\n\n\n<p>O ministro tamb\u00e9m destacou a responsabilidade dos indiv\u00edduos na degrada\u00e7\u00e3o ambiental, afirmando que a a\u00e7\u00e3o serve para deixar a sociedade ciente da posi\u00e7\u00e3o do governo em responsabilizar todos os infratores.<\/p>\n","protected":false},"excerpt":{"rendered":"<p>O ministro da Advocacia-Geral da Uni\u00e3o (AGU), Jorge Messias, anunciou nesta segunda-feira, 16, a primeira a\u00e7\u00e3o judicial por danos clim\u00e1ticos em nome do Instituto Chico Mendes de Conserva\u00e7\u00e3o da Biodiversidade (ICMBio), referente a danos no Parque Nacional do Jamanxim, no Par\u00e1. A a\u00e7\u00e3o \u00e9 contra cinco fazendeiros que, segundo Messias, teriam cometido v\u00e1rias infra\u00e7\u00f5es ambientais [&hellip;]<\/p>\n","protected":false},"author":2,"featured_media":15204,"comment_status":"open","ping_status":"open","sticky":true,"template":"","format":"standard","meta":{"om_disable_all_campaigns":false,"_monsterinsights_skip_tracking":false,"_monsterinsights_sitenote_active":false,"_monsterinsights_sitenote_note":"","_monsterinsights_sitenote_category":0,"footnotes":""},"categories":[1],"tags":[],"class_list":["post-15203","post","type-post","status-publish","format-standard","has-post-thumbnail","hentry","category-politica"],"yoast_head":"<!-- This site is optimized with the Yoast SEO plugin v27.2 - https:\/\/yoast.com\/product\/yoast-seo-wordpress\/ -->\n<title>Governo Lula move a\u00e7\u00e3o de R$ 635 milh\u00f5es contra fazendeiros por danos clim\u00e1ticos - Jornal Ponto Mais<\/title>\n<meta name=\"robots\" content=\"index, follow, max-snippet:-1, max-image-preview:large, max-video-preview:-1\" \/>\n<link rel=\"canonical\" href=\"https:\/\/jornalpontomais.com\/site\/2024\/09\/18\/governo-lula-move-acao-de-r-635-milhoes-contra-fazendeiros-por-danos-climaticos\/\" \/>\n<meta property=\"og:locale\" content=\"pt_BR\" \/>\n<meta property=\"og:type\" content=\"article\" \/>\n<meta property=\"og:title\" content=\"Governo Lula move a\u00e7\u00e3o de R$ 635 milh\u00f5es contra fazendeiros por danos clim\u00e1ticos - Jornal Ponto Mais\" \/>\n<meta property=\"og:description\" content=\"O ministro da Advocacia-Geral da Uni\u00e3o (AGU), Jorge Messias, anunciou nesta segunda-feira, 16, a primeira a\u00e7\u00e3o judicial por danos clim\u00e1ticos em nome do Instituto Chico Mendes de Conserva\u00e7\u00e3o da Biodiversidade (ICMBio), referente a danos no Parque Nacional do Jamanxim, no Par\u00e1. A a\u00e7\u00e3o \u00e9 contra cinco fazendeiros que, segundo Messias, teriam cometido v\u00e1rias infra\u00e7\u00f5es ambientais [&hellip;]\" \/>\n<meta property=\"og:url\" content=\"https:\/\/jornalpontomais.com\/site\/2024\/09\/18\/governo-lula-move-acao-de-r-635-milhoes-contra-fazendeiros-por-danos-climaticos\/\" \/>\n<meta property=\"og:site_name\" content=\"Jornal Ponto Mais\" \/>\n<meta property=\"article:published_time\" content=\"2024-09-18T12:04:00+00:00\" \/>\n<meta property=\"og:image\" content=\"https:\/\/jornalpontomais.com\/site\/wp-content\/uploads\/2024\/09\/a26c7f6c3099b536e6a9796dad09a955.jpg\" \/>\n\t<meta property=\"og:image:width\" content=\"1200\" \/>\n\t<meta property=\"og:image:height\" content=\"800\" \/>\n\t<meta property=\"og:image:type\" content=\"image\/jpeg\" \/>\n<meta name=\"author\" content=\"Jornal Ponto Mais\" \/>\n<meta name=\"twitter:card\" content=\"summary_large_image\" \/>\n<meta name=\"twitter:label1\" content=\"Escrito por\" \/>\n\t<meta name=\"twitter:data1\" content=\"Jornal Ponto Mais\" \/>\n\t<meta name=\"twitter:label2\" content=\"Est. tempo de leitura\" \/>\n\t<meta name=\"twitter:data2\" content=\"2 minutos\" \/>\n<script type=\"application\/ld+json\" class=\"yoast-schema-graph\">{\"@context\":\"https:\/\/schema.org\",\"@graph\":[{\"@type\":\"Article\",\"@id\":\"https:\/\/jornalpontomais.com\/site\/2024\/09\/18\/governo-lula-move-acao-de-r-635-milhoes-contra-fazendeiros-por-danos-climaticos\/#article\",\"isPartOf\":{\"@id\":\"https:\/\/jornalpontomais.com\/site\/2024\/09\/18\/governo-lula-move-acao-de-r-635-milhoes-contra-fazendeiros-por-danos-climaticos\/\"},\"author\":{\"name\":\"Jornal Ponto Mais\",\"@id\":\"https:\/\/jornalpontomais.com\/site\/#\/schema\/person\/18323f0b0f1355f2490721c48389fe9d\"},\"headline\":\"Governo Lula move a\u00e7\u00e3o de R$ 635 milh\u00f5es contra fazendeiros por danos clim\u00e1ticos\",\"datePublished\":\"2024-09-18T12:04:00+00:00\",\"mainEntityOfPage\":{\"@id\":\"https:\/\/jornalpontomais.com\/site\/2024\/09\/18\/governo-lula-move-acao-de-r-635-milhoes-contra-fazendeiros-por-danos-climaticos\/\"},\"wordCount\":415,\"commentCount\":0,\"publisher\":{\"@id\":\"https:\/\/jornalpontomais.com\/site\/#organization\"},\"image\":{\"@id\":\"https:\/\/jornalpontomais.com\/site\/2024\/09\/18\/governo-lula-move-acao-de-r-635-milhoes-contra-fazendeiros-por-danos-climaticos\/#primaryimage\"},\"thumbnailUrl\":\"https:\/\/jornalpontomais.com\/site\/wp-content\/uploads\/2024\/09\/a26c7f6c3099b536e6a9796dad09a955.jpg\",\"articleSection\":[\"Pol\u00edtica\"],\"inLanguage\":\"pt-BR\",\"potentialAction\":[{\"@type\":\"CommentAction\",\"name\":\"Comment\",\"target\":[\"https:\/\/jornalpontomais.com\/site\/2024\/09\/18\/governo-lula-move-acao-de-r-635-milhoes-contra-fazendeiros-por-danos-climaticos\/#respond\"]}]},{\"@type\":\"WebPage\",\"@id\":\"https:\/\/jornalpontomais.com\/site\/2024\/09\/18\/governo-lula-move-acao-de-r-635-milhoes-contra-fazendeiros-por-danos-climaticos\/\",\"url\":\"https:\/\/jornalpontomais.com\/site\/2024\/09\/18\/governo-lula-move-acao-de-r-635-milhoes-contra-fazendeiros-por-danos-climaticos\/\",\"name\":\"Governo Lula move a\u00e7\u00e3o de R$ 635 milh\u00f5es contra fazendeiros por danos clim\u00e1ticos - Jornal Ponto Mais\",\"isPartOf\":{\"@id\":\"https:\/\/jornalpontomais.com\/site\/#website\"},\"primaryImageOfPage\":{\"@id\":\"https:\/\/jornalpontomais.com\/site\/2024\/09\/18\/governo-lula-move-acao-de-r-635-milhoes-contra-fazendeiros-por-danos-climaticos\/#primaryimage\"},\"image\":{\"@id\":\"https:\/\/jornalpontomais.com\/site\/2024\/09\/18\/governo-lula-move-acao-de-r-635-milhoes-contra-fazendeiros-por-danos-climaticos\/#primaryimage\"},\"thumbnailUrl\":\"https:\/\/jornalpontomais.com\/site\/wp-content\/uploads\/2024\/09\/a26c7f6c3099b536e6a9796dad09a955.jpg\",\"datePublished\":\"2024-09-18T12:04:00+00:00\",\"breadcrumb\":{\"@id\":\"https:\/\/jornalpontomais.com\/site\/2024\/09\/18\/governo-lula-move-acao-de-r-635-milhoes-contra-fazendeiros-por-danos-climaticos\/#breadcrumb\"},\"inLanguage\":\"pt-BR\",\"potentialAction\":[{\"@type\":\"ReadAction\",\"target\":[\"https:\/\/jornalpontomais.com\/site\/2024\/09\/18\/governo-lula-move-acao-de-r-635-milhoes-contra-fazendeiros-por-danos-climaticos\/\"]}]},{\"@type\":\"ImageObject\",\"inLanguage\":\"pt-BR\",\"@id\":\"https:\/\/jornalpontomais.com\/site\/2024\/09\/18\/governo-lula-move-acao-de-r-635-milhoes-contra-fazendeiros-por-danos-climaticos\/#primaryimage\",\"url\":\"https:\/\/jornalpontomais.com\/site\/wp-content\/uploads\/2024\/09\/a26c7f6c3099b536e6a9796dad09a955.jpg\",\"contentUrl\":\"https:\/\/jornalpontomais.com\/site\/wp-content\/uploads\/2024\/09\/a26c7f6c3099b536e6a9796dad09a955.jpg\",\"width\":1200,\"height\":800},{\"@type\":\"BreadcrumbList\",\"@id\":\"https:\/\/jornalpontomais.com\/site\/2024\/09\/18\/governo-lula-move-acao-de-r-635-milhoes-contra-fazendeiros-por-danos-climaticos\/#breadcrumb\",\"itemListElement\":[{\"@type\":\"ListItem\",\"position\":1,\"name\":\"In\u00edcio\",\"item\":\"https:\/\/jornalpontomais.com\/site\/\"},{\"@type\":\"ListItem\",\"position\":2,\"name\":\"Governo Lula move a\u00e7\u00e3o de R$ 635 milh\u00f5es contra fazendeiros por danos clim\u00e1ticos\"}]},{\"@type\":\"WebSite\",\"@id\":\"https:\/\/jornalpontomais.com\/site\/#website\",\"url\":\"https:\/\/jornalpontomais.com\/site\/\",\"name\":\"Jornal Ponto Mais\",\"description\":\"As principais not\u00edcias do Brasil e do mundo. Confira!\",\"publisher\":{\"@id\":\"https:\/\/jornalpontomais.com\/site\/#organization\"},\"potentialAction\":[{\"@type\":\"SearchAction\",\"target\":{\"@type\":\"EntryPoint\",\"urlTemplate\":\"https:\/\/jornalpontomais.com\/site\/?s={search_term_string}\"},\"query-input\":{\"@type\":\"PropertyValueSpecification\",\"valueRequired\":true,\"valueName\":\"search_term_string\"}}],\"inLanguage\":\"pt-BR\"},{\"@type\":\"Organization\",\"@id\":\"https:\/\/jornalpontomais.com\/site\/#organization\",\"name\":\"Jornal Ponto+\",\"url\":\"https:\/\/jornalpontomais.com\/site\/\",\"logo\":{\"@type\":\"ImageObject\",\"inLanguage\":\"pt-BR\",\"@id\":\"https:\/\/jornalpontomais.com\/site\/#\/schema\/logo\/image\/\",\"url\":\"https:\/\/jornalpontomais.com\/site\/wp-content\/uploads\/2022\/01\/marca.png\",\"contentUrl\":\"https:\/\/jornalpontomais.com\/site\/wp-content\/uploads\/2022\/01\/marca.png\",\"width\":582,\"height\":148,\"caption\":\"Jornal Ponto+\"},\"image\":{\"@id\":\"https:\/\/jornalpontomais.com\/site\/#\/schema\/logo\/image\/\"}},{\"@type\":\"Person\",\"@id\":\"https:\/\/jornalpontomais.com\/site\/#\/schema\/person\/18323f0b0f1355f2490721c48389fe9d\",\"name\":\"Jornal Ponto Mais\",\"image\":{\"@type\":\"ImageObject\",\"inLanguage\":\"pt-BR\",\"@id\":\"https:\/\/secure.gravatar.com\/avatar\/2ee0a9b7fe10fe32bdec8bc086e871e41eb5f4f6ecbcb7b4f2fe0d92d831405f?s=96&d=mm&r=g\",\"url\":\"https:\/\/secure.gravatar.com\/avatar\/2ee0a9b7fe10fe32bdec8bc086e871e41eb5f4f6ecbcb7b4f2fe0d92d831405f?s=96&d=mm&r=g\",\"contentUrl\":\"https:\/\/secure.gravatar.com\/avatar\/2ee0a9b7fe10fe32bdec8bc086e871e41eb5f4f6ecbcb7b4f2fe0d92d831405f?s=96&d=mm&r=g\",\"caption\":\"Jornal Ponto Mais\"},\"sameAs\":[\"https:\/\/jornalpontomais.com\/site\",\"jornalpontomais\"],\"url\":\"https:\/\/jornalpontomais.com\/site\/author\/jornalpontomais\/\"}]}<\/script>\n<!-- \/ Yoast SEO plugin. -->","yoast_head_json":{"title":"Governo Lula move a\u00e7\u00e3o de R$ 635 milh\u00f5es contra fazendeiros por danos clim\u00e1ticos - Jornal Ponto Mais","robots":{"index":"index","follow":"follow","max-snippet":"max-snippet:-1","max-image-preview":"max-image-preview:large","max-video-preview":"max-video-preview:-1"},"canonical":"https:\/\/jornalpontomais.com\/site\/2024\/09\/18\/governo-lula-move-acao-de-r-635-milhoes-contra-fazendeiros-por-danos-climaticos\/","og_locale":"pt_BR","og_type":"article","og_title":"Governo Lula move a\u00e7\u00e3o de R$ 635 milh\u00f5es contra fazendeiros por danos clim\u00e1ticos - Jornal Ponto Mais","og_description":"O ministro da Advocacia-Geral da Uni\u00e3o (AGU), Jorge Messias, anunciou nesta segunda-feira, 16, a primeira a\u00e7\u00e3o judicial por danos clim\u00e1ticos em nome do Instituto Chico Mendes de Conserva\u00e7\u00e3o da Biodiversidade (ICMBio), referente a danos no Parque Nacional do Jamanxim, no Par\u00e1. A a\u00e7\u00e3o \u00e9 contra cinco fazendeiros que, segundo Messias, teriam cometido v\u00e1rias infra\u00e7\u00f5es ambientais [&hellip;]","og_url":"https:\/\/jornalpontomais.com\/site\/2024\/09\/18\/governo-lula-move-acao-de-r-635-milhoes-contra-fazendeiros-por-danos-climaticos\/","og_site_name":"Jornal Ponto Mais","article_published_time":"2024-09-18T12:04:00+00:00","og_image":[{"width":1200,"height":800,"url":"https:\/\/jornalpontomais.com\/site\/wp-content\/uploads\/2024\/09\/a26c7f6c3099b536e6a9796dad09a955.jpg","type":"image\/jpeg"}],"author":"Jornal Ponto Mais","twitter_card":"summary_large_image","twitter_misc":{"Escrito por":"Jornal Ponto Mais","Est. tempo de leitura":"2 minutos"},"schema":{"@context":"https:\/\/schema.org","@graph":[{"@type":"Article","@id":"https:\/\/jornalpontomais.com\/site\/2024\/09\/18\/governo-lula-move-acao-de-r-635-milhoes-contra-fazendeiros-por-danos-climaticos\/#article","isPartOf":{"@id":"https:\/\/jornalpontomais.com\/site\/2024\/09\/18\/governo-lula-move-acao-de-r-635-milhoes-contra-fazendeiros-por-danos-climaticos\/"},"author":{"name":"Jornal Ponto Mais","@id":"https:\/\/jornalpontomais.com\/site\/#\/schema\/person\/18323f0b0f1355f2490721c48389fe9d"},"headline":"Governo Lula move a\u00e7\u00e3o de R$ 635 milh\u00f5es contra fazendeiros por danos clim\u00e1ticos","datePublished":"2024-09-18T12:04:00+00:00","mainEntityOfPage":{"@id":"https:\/\/jornalpontomais.com\/site\/2024\/09\/18\/governo-lula-move-acao-de-r-635-milhoes-contra-fazendeiros-por-danos-climaticos\/"},"wordCount":415,"commentCount":0,"publisher":{"@id":"https:\/\/jornalpontomais.com\/site\/#organization"},"image":{"@id":"https:\/\/jornalpontomais.com\/site\/2024\/09\/18\/governo-lula-move-acao-de-r-635-milhoes-contra-fazendeiros-por-danos-climaticos\/#primaryimage"},"thumbnailUrl":"https:\/\/jornalpontomais.com\/site\/wp-content\/uploads\/2024\/09\/a26c7f6c3099b536e6a9796dad09a955.jpg","articleSection":["Pol\u00edtica"],"inLanguage":"pt-BR","potentialAction":[{"@type":"CommentAction","name":"Comment","target":["https:\/\/jornalpontomais.com\/site\/2024\/09\/18\/governo-lula-move-acao-de-r-635-milhoes-contra-fazendeiros-por-danos-climaticos\/#respond"]}]},{"@type":"WebPage","@id":"https:\/\/jornalpontomais.com\/site\/2024\/09\/18\/governo-lula-move-acao-de-r-635-milhoes-contra-fazendeiros-por-danos-climaticos\/","url":"https:\/\/jornalpontomais.com\/site\/2024\/09\/18\/governo-lula-move-acao-de-r-635-milhoes-contra-fazendeiros-por-danos-climaticos\/","name":"Governo Lula move a\u00e7\u00e3o de R$ 635 milh\u00f5es contra fazendeiros por danos clim\u00e1ticos - Jornal Ponto Mais","isPartOf":{"@id":"https:\/\/jornalpontomais.com\/site\/#website"},"primaryImageOfPage":{"@id":"https:\/\/jornalpontomais.com\/site\/2024\/09\/18\/governo-lula-move-acao-de-r-635-milhoes-contra-fazendeiros-por-danos-climaticos\/#primaryimage"},"image":{"@id":"https:\/\/jornalpontomais.com\/site\/2024\/09\/18\/governo-lula-move-acao-de-r-635-milhoes-contra-fazendeiros-por-danos-climaticos\/#primaryimage"},"thumbnailUrl":"https:\/\/jornalpontomais.com\/site\/wp-content\/uploads\/2024\/09\/a26c7f6c3099b536e6a9796dad09a955.jpg","datePublished":"2024-09-18T12:04:00+00:00","breadcrumb":{"@id":"https:\/\/jornalpontomais.com\/site\/2024\/09\/18\/governo-lula-move-acao-de-r-635-milhoes-contra-fazendeiros-por-danos-climaticos\/#breadcrumb"},"inLanguage":"pt-BR","potentialAction":[{"@type":"ReadAction","target":["https:\/\/jornalpontomais.com\/site\/2024\/09\/18\/governo-lula-move-acao-de-r-635-milhoes-contra-fazendeiros-por-danos-climaticos\/"]}]},{"@type":"ImageObject","inLanguage":"pt-BR","@id":"https:\/\/jornalpontomais.com\/site\/2024\/09\/18\/governo-lula-move-acao-de-r-635-milhoes-contra-fazendeiros-por-danos-climaticos\/#primaryimage","url":"https:\/\/jornalpontomais.com\/site\/wp-content\/uploads\/2024\/09\/a26c7f6c3099b536e6a9796dad09a955.jpg","contentUrl":"https:\/\/jornalpontomais.com\/site\/wp-content\/uploads\/2024\/09\/a26c7f6c3099b536e6a9796dad09a955.jpg","width":1200,"height":800},{"@type":"BreadcrumbList","@id":"https:\/\/jornalpontomais.com\/site\/2024\/09\/18\/governo-lula-move-acao-de-r-635-milhoes-contra-fazendeiros-por-danos-climaticos\/#breadcrumb","itemListElement":[{"@type":"ListItem","position":1,"name":"In\u00edcio","item":"https:\/\/jornalpontomais.com\/site\/"},{"@type":"ListItem","position":2,"name":"Governo Lula move a\u00e7\u00e3o de R$ 635 milh\u00f5es contra fazendeiros por danos clim\u00e1ticos"}]},{"@type":"WebSite","@id":"https:\/\/jornalpontomais.com\/site\/#website","url":"https:\/\/jornalpontomais.com\/site\/","name":"Jornal Ponto Mais","description":"As principais not\u00edcias do Brasil e do mundo. Confira!","publisher":{"@id":"https:\/\/jornalpontomais.com\/site\/#organization"},"potentialAction":[{"@type":"SearchAction","target":{"@type":"EntryPoint","urlTemplate":"https:\/\/jornalpontomais.com\/site\/?s={search_term_string}"},"query-input":{"@type":"PropertyValueSpecification","valueRequired":true,"valueName":"search_term_string"}}],"inLanguage":"pt-BR"},{"@type":"Organization","@id":"https:\/\/jornalpontomais.com\/site\/#organization","name":"Jornal Ponto+","url":"https:\/\/jornalpontomais.com\/site\/","logo":{"@type":"ImageObject","inLanguage":"pt-BR","@id":"https:\/\/jornalpontomais.com\/site\/#\/schema\/logo\/image\/","url":"https:\/\/jornalpontomais.com\/site\/wp-content\/uploads\/2022\/01\/marca.png","contentUrl":"https:\/\/jornalpontomais.com\/site\/wp-content\/uploads\/2022\/01\/marca.png","width":582,"height":148,"caption":"Jornal Ponto+"},"image":{"@id":"https:\/\/jornalpontomais.com\/site\/#\/schema\/logo\/image\/"}},{"@type":"Person","@id":"https:\/\/jornalpontomais.com\/site\/#\/schema\/person\/18323f0b0f1355f2490721c48389fe9d","name":"Jornal Ponto Mais","image":{"@type":"ImageObject","inLanguage":"pt-BR","@id":"https:\/\/secure.gravatar.com\/avatar\/2ee0a9b7fe10fe32bdec8bc086e871e41eb5f4f6ecbcb7b4f2fe0d92d831405f?s=96&d=mm&r=g","url":"https:\/\/secure.gravatar.com\/avatar\/2ee0a9b7fe10fe32bdec8bc086e871e41eb5f4f6ecbcb7b4f2fe0d92d831405f?s=96&d=mm&r=g","contentUrl":"https:\/\/secure.gravatar.com\/avatar\/2ee0a9b7fe10fe32bdec8bc086e871e41eb5f4f6ecbcb7b4f2fe0d92d831405f?s=96&d=mm&r=g","caption":"Jornal Ponto Mais"},"sameAs":["https:\/\/jornalpontomais.com\/site","jornalpontomais"],"url":"https:\/\/jornalpontomais.com\/site\/author\/jornalpontomais\/"}]}},"_links":{"self":[{"href":"https:\/\/jornalpontomais.com\/site\/wp-json\/wp\/v2\/posts\/15203","targetHints":{"allow":["GET"]}}],"collection":[{"href":"https:\/\/jornalpontomais.com\/site\/wp-json\/wp\/v2\/posts"}],"about":[{"href":"https:\/\/jornalpontomais.com\/site\/wp-json\/wp\/v2\/types\/post"}],"author":[{"embeddable":true,"href":"https:\/\/jornalpontomais.com\/site\/wp-json\/wp\/v2\/users\/2"}],"replies":[{"embeddable":true,"href":"https:\/\/jornalpontomais.com\/site\/wp-json\/wp\/v2\/comments?post=15203"}],"version-history":[{"count":1,"href":"https:\/\/jornalpontomais.com\/site\/wp-json\/wp\/v2\/posts\/15203\/revisions"}],"predecessor-version":[{"id":15205,"href":"https:\/\/jornalpontomais.com\/site\/wp-json\/wp\/v2\/posts\/15203\/revisions\/15205"}],"wp:featuredmedia":[{"embeddable":true,"href":"https:\/\/jornalpontomais.com\/site\/wp-json\/wp\/v2\/media\/15204"}],"wp:attachment":[{"href":"https:\/\/jornalpontomais.com\/site\/wp-json\/wp\/v2\/media?parent=15203"}],"wp:term":[{"taxonomy":"category","embeddable":true,"href":"https:\/\/jornalpontomais.com\/site\/wp-json\/wp\/v2\/categories?post=15203"},{"taxonomy":"post_tag","embeddable":true,"href":"https:\/\/jornalpontomais.com\/site\/wp-json\/wp\/v2\/tags?post=15203"}],"curies":[{"name":"wp","href":"https:\/\/api.w.org\/{rel}","templated":true}]}}