{"id":15189,"date":"2024-09-17T19:54:24","date_gmt":"2024-09-17T22:54:24","guid":{"rendered":"https:\/\/jornalpontomais.com\/site\/?p=15189"},"modified":"2024-09-17T19:54:24","modified_gmt":"2024-09-17T22:54:24","slug":"waltinho-e-condenado-por-propaganda-negativa","status":"publish","type":"post","link":"https:\/\/jornalpontomais.com\/site\/2024\/09\/17\/waltinho-e-condenado-por-propaganda-negativa\/","title":{"rendered":"Waltinho \u00e9 condenado por propaganda negativa"},"content":{"rendered":"\n<p><em>Senten\u00e7a determina o pagamento de multa no valor de R$ 5 mil e veicula\u00e7\u00e3o de direito de resposta nos perfis das redes sociais dos condenados pelo per\u00edodo de (05) dias ininterrupto<\/em>.<br><br><\/p>\n\n\n\n<p>A justi\u00e7a eleitoral de Luzi\u00e2nia acatou a representa\u00e7\u00e3o movida pelo Diret\u00f3rio Municipal do Partido Uni\u00e3o Brasil em desfavor do candidato a vereador Sargento P\u00f3voa, do candidato a prefeito Waltiho Queiroz, e Tatiane Meireles, ambos filiados ao PL de Luzi\u00e2nia.<br><br><\/p>\n\n\n\n<p>O objeto da a\u00e7\u00e3o foi a veicula\u00e7\u00e3o de um v\u00eddeo postado nas redes sociais de P\u00f3voa, onde o mesmo acusa o prefeito Diego Sorgatto (Uni\u00e3o) e candidato \u00e0 reelei\u00e7\u00e3o, de v\u00e1rias afirma\u00e7\u00f5es falsas com o objetivo de atingir a honra e a imagem do candidato. Uma delas atribui a Diego a autoria da conduta de divulga\u00e7\u00e3o de informa\u00e7\u00f5es falsas sobre P\u00f3voa por meio de rob\u00f4s.<br><br><\/p>\n\n\n\n<p>Sobre Waltinho e Tatiana, esposa de Herbert, a ju\u00edza Luciana Oliveira, cita que os dois \u201cincorreram em propaganda negativa, ao postar coment\u00e1rios \u201ccom o objetivo de tamb\u00e9m respaldar e impulsionar a publica\u00e7\u00e3o\u201d.<br><br><\/p>\n\n\n\n<p>Na senten\u00e7a, a ju\u00edza afirma ainda que os condenados \u201cbuscaram, de forma coordenada, macular a imagem do candidato Diego, fazendo afirma\u00e7\u00f5es sem provas\u201d.<br><br><\/p>\n\n\n\n<p>Por fim, os representados foram condenados ao pagamento de multa, no valor de R$ 5 mil, e veicula\u00e7\u00e3o de direito de resposta em seus perfis na rede social Instagram, pelo per\u00edodo ininterrupto de 05 (cinco) dias.<\/p>\n","protected":false},"excerpt":{"rendered":"<p>Senten\u00e7a determina o pagamento de multa no valor de R$ 5 mil e veicula\u00e7\u00e3o de direito de resposta nos perfis das redes sociais dos condenados pelo per\u00edodo de (05) dias ininterrupto. A justi\u00e7a eleitoral de Luzi\u00e2nia acatou a representa\u00e7\u00e3o movida pelo Diret\u00f3rio Municipal do Partido Uni\u00e3o Brasil em desfavor do candidato a vereador Sargento P\u00f3voa, [&hellip;]<\/p>\n","protected":false},"author":2,"featured_media":15190,"comment_status":"open","ping_status":"open","sticky":true,"template":"","format":"standard","meta":{"om_disable_all_campaigns":false,"_monsterinsights_skip_tracking":false,"_monsterinsights_sitenote_active":false,"_monsterinsights_sitenote_note":"","_monsterinsights_sitenote_category":0,"footnotes":""},"categories":[1],"tags":[],"class_list":["post-15189","post","type-post","status-publish","format-standard","has-post-thumbnail","hentry","category-politica"],"yoast_head":"<!-- This site is optimized with the Yoast SEO plugin v27.2 - https:\/\/yoast.com\/product\/yoast-seo-wordpress\/ -->\n<title>Waltinho \u00e9 condenado por propaganda negativa - Jornal Ponto Mais<\/title>\n<meta name=\"robots\" content=\"index, follow, max-snippet:-1, max-image-preview:large, max-video-preview:-1\" \/>\n<link rel=\"canonical\" href=\"https:\/\/jornalpontomais.com\/site\/2024\/09\/17\/waltinho-e-condenado-por-propaganda-negativa\/\" \/>\n<meta property=\"og:locale\" content=\"pt_BR\" \/>\n<meta property=\"og:type\" content=\"article\" \/>\n<meta property=\"og:title\" content=\"Waltinho \u00e9 condenado por propaganda negativa - Jornal Ponto Mais\" \/>\n<meta property=\"og:description\" content=\"Senten\u00e7a determina o pagamento de multa no valor de R$ 5 mil e veicula\u00e7\u00e3o de direito de resposta nos perfis das redes sociais dos condenados pelo per\u00edodo de (05) dias ininterrupto. A justi\u00e7a eleitoral de Luzi\u00e2nia acatou a representa\u00e7\u00e3o movida pelo Diret\u00f3rio Municipal do Partido Uni\u00e3o Brasil em desfavor do candidato a vereador Sargento P\u00f3voa, [&hellip;]\" \/>\n<meta property=\"og:url\" content=\"https:\/\/jornalpontomais.com\/site\/2024\/09\/17\/waltinho-e-condenado-por-propaganda-negativa\/\" \/>\n<meta property=\"og:site_name\" content=\"Jornal Ponto Mais\" \/>\n<meta property=\"article:published_time\" content=\"2024-09-17T22:54:24+00:00\" \/>\n<meta property=\"og:image\" content=\"https:\/\/jornalpontomais.com\/site\/wp-content\/uploads\/2024\/09\/f3007b1d-8506-469d-89aa-bf04815c579a.jpeg\" \/>\n\t<meta property=\"og:image:width\" content=\"678\" \/>\n\t<meta property=\"og:image:height\" content=\"452\" \/>\n\t<meta property=\"og:image:type\" content=\"image\/jpeg\" \/>\n<meta name=\"author\" content=\"Jornal Ponto Mais\" \/>\n<meta name=\"twitter:card\" content=\"summary_large_image\" \/>\n<meta name=\"twitter:label1\" content=\"Escrito por\" \/>\n\t<meta name=\"twitter:data1\" content=\"Jornal Ponto Mais\" \/>\n\t<meta name=\"twitter:label2\" content=\"Est. tempo de leitura\" \/>\n\t<meta name=\"twitter:data2\" content=\"1 minuto\" \/>\n<script type=\"application\/ld+json\" class=\"yoast-schema-graph\">{\"@context\":\"https:\/\/schema.org\",\"@graph\":[{\"@type\":\"Article\",\"@id\":\"https:\/\/jornalpontomais.com\/site\/2024\/09\/17\/waltinho-e-condenado-por-propaganda-negativa\/#article\",\"isPartOf\":{\"@id\":\"https:\/\/jornalpontomais.com\/site\/2024\/09\/17\/waltinho-e-condenado-por-propaganda-negativa\/\"},\"author\":{\"name\":\"Jornal Ponto Mais\",\"@id\":\"https:\/\/jornalpontomais.com\/site\/#\/schema\/person\/18323f0b0f1355f2490721c48389fe9d\"},\"headline\":\"Waltinho \u00e9 condenado por propaganda negativa\",\"datePublished\":\"2024-09-17T22:54:24+00:00\",\"mainEntityOfPage\":{\"@id\":\"https:\/\/jornalpontomais.com\/site\/2024\/09\/17\/waltinho-e-condenado-por-propaganda-negativa\/\"},\"wordCount\":257,\"commentCount\":0,\"publisher\":{\"@id\":\"https:\/\/jornalpontomais.com\/site\/#organization\"},\"image\":{\"@id\":\"https:\/\/jornalpontomais.com\/site\/2024\/09\/17\/waltinho-e-condenado-por-propaganda-negativa\/#primaryimage\"},\"thumbnailUrl\":\"https:\/\/jornalpontomais.com\/site\/wp-content\/uploads\/2024\/09\/f3007b1d-8506-469d-89aa-bf04815c579a.jpeg\",\"articleSection\":[\"Pol\u00edtica\"],\"inLanguage\":\"pt-BR\",\"potentialAction\":[{\"@type\":\"CommentAction\",\"name\":\"Comment\",\"target\":[\"https:\/\/jornalpontomais.com\/site\/2024\/09\/17\/waltinho-e-condenado-por-propaganda-negativa\/#respond\"]}]},{\"@type\":\"WebPage\",\"@id\":\"https:\/\/jornalpontomais.com\/site\/2024\/09\/17\/waltinho-e-condenado-por-propaganda-negativa\/\",\"url\":\"https:\/\/jornalpontomais.com\/site\/2024\/09\/17\/waltinho-e-condenado-por-propaganda-negativa\/\",\"name\":\"Waltinho \u00e9 condenado por propaganda negativa - Jornal Ponto Mais\",\"isPartOf\":{\"@id\":\"https:\/\/jornalpontomais.com\/site\/#website\"},\"primaryImageOfPage\":{\"@id\":\"https:\/\/jornalpontomais.com\/site\/2024\/09\/17\/waltinho-e-condenado-por-propaganda-negativa\/#primaryimage\"},\"image\":{\"@id\":\"https:\/\/jornalpontomais.com\/site\/2024\/09\/17\/waltinho-e-condenado-por-propaganda-negativa\/#primaryimage\"},\"thumbnailUrl\":\"https:\/\/jornalpontomais.com\/site\/wp-content\/uploads\/2024\/09\/f3007b1d-8506-469d-89aa-bf04815c579a.jpeg\",\"datePublished\":\"2024-09-17T22:54:24+00:00\",\"breadcrumb\":{\"@id\":\"https:\/\/jornalpontomais.com\/site\/2024\/09\/17\/waltinho-e-condenado-por-propaganda-negativa\/#breadcrumb\"},\"inLanguage\":\"pt-BR\",\"potentialAction\":[{\"@type\":\"ReadAction\",\"target\":[\"https:\/\/jornalpontomais.com\/site\/2024\/09\/17\/waltinho-e-condenado-por-propaganda-negativa\/\"]}]},{\"@type\":\"ImageObject\",\"inLanguage\":\"pt-BR\",\"@id\":\"https:\/\/jornalpontomais.com\/site\/2024\/09\/17\/waltinho-e-condenado-por-propaganda-negativa\/#primaryimage\",\"url\":\"https:\/\/jornalpontomais.com\/site\/wp-content\/uploads\/2024\/09\/f3007b1d-8506-469d-89aa-bf04815c579a.jpeg\",\"contentUrl\":\"https:\/\/jornalpontomais.com\/site\/wp-content\/uploads\/2024\/09\/f3007b1d-8506-469d-89aa-bf04815c579a.jpeg\",\"width\":678,\"height\":452},{\"@type\":\"BreadcrumbList\",\"@id\":\"https:\/\/jornalpontomais.com\/site\/2024\/09\/17\/waltinho-e-condenado-por-propaganda-negativa\/#breadcrumb\",\"itemListElement\":[{\"@type\":\"ListItem\",\"position\":1,\"name\":\"In\u00edcio\",\"item\":\"https:\/\/jornalpontomais.com\/site\/\"},{\"@type\":\"ListItem\",\"position\":2,\"name\":\"Waltinho \u00e9 condenado por propaganda negativa\"}]},{\"@type\":\"WebSite\",\"@id\":\"https:\/\/jornalpontomais.com\/site\/#website\",\"url\":\"https:\/\/jornalpontomais.com\/site\/\",\"name\":\"Jornal Ponto Mais\",\"description\":\"As principais not\u00edcias do Brasil e do mundo. Confira!\",\"publisher\":{\"@id\":\"https:\/\/jornalpontomais.com\/site\/#organization\"},\"potentialAction\":[{\"@type\":\"SearchAction\",\"target\":{\"@type\":\"EntryPoint\",\"urlTemplate\":\"https:\/\/jornalpontomais.com\/site\/?s={search_term_string}\"},\"query-input\":{\"@type\":\"PropertyValueSpecification\",\"valueRequired\":true,\"valueName\":\"search_term_string\"}}],\"inLanguage\":\"pt-BR\"},{\"@type\":\"Organization\",\"@id\":\"https:\/\/jornalpontomais.com\/site\/#organization\",\"name\":\"Jornal Ponto+\",\"url\":\"https:\/\/jornalpontomais.com\/site\/\",\"logo\":{\"@type\":\"ImageObject\",\"inLanguage\":\"pt-BR\",\"@id\":\"https:\/\/jornalpontomais.com\/site\/#\/schema\/logo\/image\/\",\"url\":\"https:\/\/jornalpontomais.com\/site\/wp-content\/uploads\/2022\/01\/marca.png\",\"contentUrl\":\"https:\/\/jornalpontomais.com\/site\/wp-content\/uploads\/2022\/01\/marca.png\",\"width\":582,\"height\":148,\"caption\":\"Jornal Ponto+\"},\"image\":{\"@id\":\"https:\/\/jornalpontomais.com\/site\/#\/schema\/logo\/image\/\"}},{\"@type\":\"Person\",\"@id\":\"https:\/\/jornalpontomais.com\/site\/#\/schema\/person\/18323f0b0f1355f2490721c48389fe9d\",\"name\":\"Jornal Ponto Mais\",\"image\":{\"@type\":\"ImageObject\",\"inLanguage\":\"pt-BR\",\"@id\":\"https:\/\/secure.gravatar.com\/avatar\/2ee0a9b7fe10fe32bdec8bc086e871e41eb5f4f6ecbcb7b4f2fe0d92d831405f?s=96&d=mm&r=g\",\"url\":\"https:\/\/secure.gravatar.com\/avatar\/2ee0a9b7fe10fe32bdec8bc086e871e41eb5f4f6ecbcb7b4f2fe0d92d831405f?s=96&d=mm&r=g\",\"contentUrl\":\"https:\/\/secure.gravatar.com\/avatar\/2ee0a9b7fe10fe32bdec8bc086e871e41eb5f4f6ecbcb7b4f2fe0d92d831405f?s=96&d=mm&r=g\",\"caption\":\"Jornal Ponto Mais\"},\"sameAs\":[\"https:\/\/jornalpontomais.com\/site\",\"jornalpontomais\"],\"url\":\"https:\/\/jornalpontomais.com\/site\/author\/jornalpontomais\/\"}]}<\/script>\n<!-- \/ Yoast SEO plugin. -->","yoast_head_json":{"title":"Waltinho \u00e9 condenado por propaganda negativa - Jornal Ponto Mais","robots":{"index":"index","follow":"follow","max-snippet":"max-snippet:-1","max-image-preview":"max-image-preview:large","max-video-preview":"max-video-preview:-1"},"canonical":"https:\/\/jornalpontomais.com\/site\/2024\/09\/17\/waltinho-e-condenado-por-propaganda-negativa\/","og_locale":"pt_BR","og_type":"article","og_title":"Waltinho \u00e9 condenado por propaganda negativa - Jornal Ponto Mais","og_description":"Senten\u00e7a determina o pagamento de multa no valor de R$ 5 mil e veicula\u00e7\u00e3o de direito de resposta nos perfis das redes sociais dos condenados pelo per\u00edodo de (05) dias ininterrupto. A justi\u00e7a eleitoral de Luzi\u00e2nia acatou a representa\u00e7\u00e3o movida pelo Diret\u00f3rio Municipal do Partido Uni\u00e3o Brasil em desfavor do candidato a vereador Sargento P\u00f3voa, [&hellip;]","og_url":"https:\/\/jornalpontomais.com\/site\/2024\/09\/17\/waltinho-e-condenado-por-propaganda-negativa\/","og_site_name":"Jornal Ponto Mais","article_published_time":"2024-09-17T22:54:24+00:00","og_image":[{"width":678,"height":452,"url":"https:\/\/jornalpontomais.com\/site\/wp-content\/uploads\/2024\/09\/f3007b1d-8506-469d-89aa-bf04815c579a.jpeg","type":"image\/jpeg"}],"author":"Jornal Ponto Mais","twitter_card":"summary_large_image","twitter_misc":{"Escrito por":"Jornal Ponto Mais","Est. tempo de leitura":"1 minuto"},"schema":{"@context":"https:\/\/schema.org","@graph":[{"@type":"Article","@id":"https:\/\/jornalpontomais.com\/site\/2024\/09\/17\/waltinho-e-condenado-por-propaganda-negativa\/#article","isPartOf":{"@id":"https:\/\/jornalpontomais.com\/site\/2024\/09\/17\/waltinho-e-condenado-por-propaganda-negativa\/"},"author":{"name":"Jornal Ponto Mais","@id":"https:\/\/jornalpontomais.com\/site\/#\/schema\/person\/18323f0b0f1355f2490721c48389fe9d"},"headline":"Waltinho \u00e9 condenado por propaganda negativa","datePublished":"2024-09-17T22:54:24+00:00","mainEntityOfPage":{"@id":"https:\/\/jornalpontomais.com\/site\/2024\/09\/17\/waltinho-e-condenado-por-propaganda-negativa\/"},"wordCount":257,"commentCount":0,"publisher":{"@id":"https:\/\/jornalpontomais.com\/site\/#organization"},"image":{"@id":"https:\/\/jornalpontomais.com\/site\/2024\/09\/17\/waltinho-e-condenado-por-propaganda-negativa\/#primaryimage"},"thumbnailUrl":"https:\/\/jornalpontomais.com\/site\/wp-content\/uploads\/2024\/09\/f3007b1d-8506-469d-89aa-bf04815c579a.jpeg","articleSection":["Pol\u00edtica"],"inLanguage":"pt-BR","potentialAction":[{"@type":"CommentAction","name":"Comment","target":["https:\/\/jornalpontomais.com\/site\/2024\/09\/17\/waltinho-e-condenado-por-propaganda-negativa\/#respond"]}]},{"@type":"WebPage","@id":"https:\/\/jornalpontomais.com\/site\/2024\/09\/17\/waltinho-e-condenado-por-propaganda-negativa\/","url":"https:\/\/jornalpontomais.com\/site\/2024\/09\/17\/waltinho-e-condenado-por-propaganda-negativa\/","name":"Waltinho \u00e9 condenado por propaganda negativa - Jornal Ponto Mais","isPartOf":{"@id":"https:\/\/jornalpontomais.com\/site\/#website"},"primaryImageOfPage":{"@id":"https:\/\/jornalpontomais.com\/site\/2024\/09\/17\/waltinho-e-condenado-por-propaganda-negativa\/#primaryimage"},"image":{"@id":"https:\/\/jornalpontomais.com\/site\/2024\/09\/17\/waltinho-e-condenado-por-propaganda-negativa\/#primaryimage"},"thumbnailUrl":"https:\/\/jornalpontomais.com\/site\/wp-content\/uploads\/2024\/09\/f3007b1d-8506-469d-89aa-bf04815c579a.jpeg","datePublished":"2024-09-17T22:54:24+00:00","breadcrumb":{"@id":"https:\/\/jornalpontomais.com\/site\/2024\/09\/17\/waltinho-e-condenado-por-propaganda-negativa\/#breadcrumb"},"inLanguage":"pt-BR","potentialAction":[{"@type":"ReadAction","target":["https:\/\/jornalpontomais.com\/site\/2024\/09\/17\/waltinho-e-condenado-por-propaganda-negativa\/"]}]},{"@type":"ImageObject","inLanguage":"pt-BR","@id":"https:\/\/jornalpontomais.com\/site\/2024\/09\/17\/waltinho-e-condenado-por-propaganda-negativa\/#primaryimage","url":"https:\/\/jornalpontomais.com\/site\/wp-content\/uploads\/2024\/09\/f3007b1d-8506-469d-89aa-bf04815c579a.jpeg","contentUrl":"https:\/\/jornalpontomais.com\/site\/wp-content\/uploads\/2024\/09\/f3007b1d-8506-469d-89aa-bf04815c579a.jpeg","width":678,"height":452},{"@type":"BreadcrumbList","@id":"https:\/\/jornalpontomais.com\/site\/2024\/09\/17\/waltinho-e-condenado-por-propaganda-negativa\/#breadcrumb","itemListElement":[{"@type":"ListItem","position":1,"name":"In\u00edcio","item":"https:\/\/jornalpontomais.com\/site\/"},{"@type":"ListItem","position":2,"name":"Waltinho \u00e9 condenado por propaganda negativa"}]},{"@type":"WebSite","@id":"https:\/\/jornalpontomais.com\/site\/#website","url":"https:\/\/jornalpontomais.com\/site\/","name":"Jornal Ponto Mais","description":"As principais not\u00edcias do Brasil e do mundo. Confira!","publisher":{"@id":"https:\/\/jornalpontomais.com\/site\/#organization"},"potentialAction":[{"@type":"SearchAction","target":{"@type":"EntryPoint","urlTemplate":"https:\/\/jornalpontomais.com\/site\/?s={search_term_string}"},"query-input":{"@type":"PropertyValueSpecification","valueRequired":true,"valueName":"search_term_string"}}],"inLanguage":"pt-BR"},{"@type":"Organization","@id":"https:\/\/jornalpontomais.com\/site\/#organization","name":"Jornal Ponto+","url":"https:\/\/jornalpontomais.com\/site\/","logo":{"@type":"ImageObject","inLanguage":"pt-BR","@id":"https:\/\/jornalpontomais.com\/site\/#\/schema\/logo\/image\/","url":"https:\/\/jornalpontomais.com\/site\/wp-content\/uploads\/2022\/01\/marca.png","contentUrl":"https:\/\/jornalpontomais.com\/site\/wp-content\/uploads\/2022\/01\/marca.png","width":582,"height":148,"caption":"Jornal Ponto+"},"image":{"@id":"https:\/\/jornalpontomais.com\/site\/#\/schema\/logo\/image\/"}},{"@type":"Person","@id":"https:\/\/jornalpontomais.com\/site\/#\/schema\/person\/18323f0b0f1355f2490721c48389fe9d","name":"Jornal Ponto Mais","image":{"@type":"ImageObject","inLanguage":"pt-BR","@id":"https:\/\/secure.gravatar.com\/avatar\/2ee0a9b7fe10fe32bdec8bc086e871e41eb5f4f6ecbcb7b4f2fe0d92d831405f?s=96&d=mm&r=g","url":"https:\/\/secure.gravatar.com\/avatar\/2ee0a9b7fe10fe32bdec8bc086e871e41eb5f4f6ecbcb7b4f2fe0d92d831405f?s=96&d=mm&r=g","contentUrl":"https:\/\/secure.gravatar.com\/avatar\/2ee0a9b7fe10fe32bdec8bc086e871e41eb5f4f6ecbcb7b4f2fe0d92d831405f?s=96&d=mm&r=g","caption":"Jornal Ponto Mais"},"sameAs":["https:\/\/jornalpontomais.com\/site","jornalpontomais"],"url":"https:\/\/jornalpontomais.com\/site\/author\/jornalpontomais\/"}]}},"_links":{"self":[{"href":"https:\/\/jornalpontomais.com\/site\/wp-json\/wp\/v2\/posts\/15189","targetHints":{"allow":["GET"]}}],"collection":[{"href":"https:\/\/jornalpontomais.com\/site\/wp-json\/wp\/v2\/posts"}],"about":[{"href":"https:\/\/jornalpontomais.com\/site\/wp-json\/wp\/v2\/types\/post"}],"author":[{"embeddable":true,"href":"https:\/\/jornalpontomais.com\/site\/wp-json\/wp\/v2\/users\/2"}],"replies":[{"embeddable":true,"href":"https:\/\/jornalpontomais.com\/site\/wp-json\/wp\/v2\/comments?post=15189"}],"version-history":[{"count":1,"href":"https:\/\/jornalpontomais.com\/site\/wp-json\/wp\/v2\/posts\/15189\/revisions"}],"predecessor-version":[{"id":15191,"href":"https:\/\/jornalpontomais.com\/site\/wp-json\/wp\/v2\/posts\/15189\/revisions\/15191"}],"wp:featuredmedia":[{"embeddable":true,"href":"https:\/\/jornalpontomais.com\/site\/wp-json\/wp\/v2\/media\/15190"}],"wp:attachment":[{"href":"https:\/\/jornalpontomais.com\/site\/wp-json\/wp\/v2\/media?parent=15189"}],"wp:term":[{"taxonomy":"category","embeddable":true,"href":"https:\/\/jornalpontomais.com\/site\/wp-json\/wp\/v2\/categories?post=15189"},{"taxonomy":"post_tag","embeddable":true,"href":"https:\/\/jornalpontomais.com\/site\/wp-json\/wp\/v2\/tags?post=15189"}],"curies":[{"name":"wp","href":"https:\/\/api.w.org\/{rel}","templated":true}]}}