{"id":15153,"date":"2024-09-16T13:27:06","date_gmt":"2024-09-16T16:27:06","guid":{"rendered":"https:\/\/jornalpontomais.com\/site\/?p=15153"},"modified":"2024-09-16T13:27:07","modified_gmt":"2024-09-16T16:27:07","slug":"professor-alcides-tem-candidatura-em-risco","status":"publish","type":"post","link":"https:\/\/jornalpontomais.com\/site\/2024\/09\/16\/professor-alcides-tem-candidatura-em-risco\/","title":{"rendered":"Professor Alcides tem candidatura em risco"},"content":{"rendered":"\n<p><\/p>\n\n\n\n<p>Segundo especialistas, Professor Alcides Ribeiro Filho, de 70 anos, n\u00e3o poderia ter disputado o mandato de deputado federal em 2022 e, tampouco, poderia ser candidato a prefeito de Aparecida de Goi\u00e2nia em 2024. O l\u00edder do PL estaria ineleg\u00edvel.<br><br><\/p>\n\n\n\n<p>Por que, ent\u00e3o, ele foi e \u00e9 candidato? Porque at\u00e9 o momento sua candidatura n\u00e3o foi contestada judicialmente. No entanto, h\u00e1 jurisprud\u00eancia que sustenta sua inelegibilidade, o que pode comprometer sua pretens\u00e3o nas elei\u00e7\u00f5es futuras, mesmo que ven\u00e7a.<br><br><\/p>\n\n\n\n<p>O fato \u00e9 que Alcides Ribeiro Filho foi exonerado por meio de um Processo Administrativo Disciplinar (PAD) em 2019, e em 2021 seus recursos chegaram ao fim. Ele era funcion\u00e1rio da Secretaria da Educa\u00e7\u00e3o do governo do Estado de Goi\u00e1s, e sua demiss\u00e3o por meio do PAD \u00e9 o que o torna ineleg\u00edvel para a disputa eleitoral deste ano.<br><br><\/p>\n\n\n\n<p>Segundo fontes, Alcides Ribeiro Filho foi demitido porque, embora vinculado \u00e0 Secretaria da Educa\u00e7\u00e3o, n\u00e3o atuava nem como professor nem no corpo t\u00e9cnico. Ele teria se destacado por sua habilidade em conseguir licen\u00e7as e se colocar \u00e0 disposi\u00e7\u00e3o de pol\u00edticos.<\/p>\n","protected":false},"excerpt":{"rendered":"<p>Segundo especialistas, Professor Alcides Ribeiro Filho, de 70 anos, n\u00e3o poderia ter disputado o mandato de deputado federal em 2022 e, tampouco, poderia ser candidato a prefeito de Aparecida de Goi\u00e2nia em 2024. O l\u00edder do PL estaria ineleg\u00edvel. Por que, ent\u00e3o, ele foi e \u00e9 candidato? Porque at\u00e9 o momento sua candidatura n\u00e3o foi [&hellip;]<\/p>\n","protected":false},"author":2,"featured_media":15154,"comment_status":"open","ping_status":"open","sticky":true,"template":"","format":"standard","meta":{"om_disable_all_campaigns":false,"_monsterinsights_skip_tracking":false,"_monsterinsights_sitenote_active":false,"_monsterinsights_sitenote_note":"","_monsterinsights_sitenote_category":0,"footnotes":""},"categories":[1],"tags":[],"class_list":["post-15153","post","type-post","status-publish","format-standard","has-post-thumbnail","hentry","category-politica"],"yoast_head":"<!-- This site is optimized with the Yoast SEO plugin v27.2 - https:\/\/yoast.com\/product\/yoast-seo-wordpress\/ -->\n<title>Professor Alcides tem candidatura em risco - Jornal Ponto Mais<\/title>\n<meta name=\"robots\" content=\"index, follow, max-snippet:-1, max-image-preview:large, max-video-preview:-1\" \/>\n<link rel=\"canonical\" href=\"https:\/\/jornalpontomais.com\/site\/2024\/09\/16\/professor-alcides-tem-candidatura-em-risco\/\" \/>\n<meta property=\"og:locale\" content=\"pt_BR\" \/>\n<meta property=\"og:type\" content=\"article\" \/>\n<meta property=\"og:title\" content=\"Professor Alcides tem candidatura em risco - Jornal Ponto Mais\" \/>\n<meta property=\"og:description\" content=\"Segundo especialistas, Professor Alcides Ribeiro Filho, de 70 anos, n\u00e3o poderia ter disputado o mandato de deputado federal em 2022 e, tampouco, poderia ser candidato a prefeito de Aparecida de Goi\u00e2nia em 2024. O l\u00edder do PL estaria ineleg\u00edvel. Por que, ent\u00e3o, ele foi e \u00e9 candidato? Porque at\u00e9 o momento sua candidatura n\u00e3o foi [&hellip;]\" \/>\n<meta property=\"og:url\" content=\"https:\/\/jornalpontomais.com\/site\/2024\/09\/16\/professor-alcides-tem-candidatura-em-risco\/\" \/>\n<meta property=\"og:site_name\" content=\"Jornal Ponto Mais\" \/>\n<meta property=\"article:published_time\" content=\"2024-09-16T16:27:06+00:00\" \/>\n<meta property=\"article:modified_time\" content=\"2024-09-16T16:27:07+00:00\" \/>\n<meta property=\"og:image\" content=\"https:\/\/jornalpontomais.com\/site\/wp-content\/uploads\/2024\/09\/IMG_9224.jpeg\" \/>\n\t<meta property=\"og:image:width\" content=\"678\" \/>\n\t<meta property=\"og:image:height\" content=\"452\" \/>\n\t<meta property=\"og:image:type\" content=\"image\/jpeg\" \/>\n<meta name=\"author\" content=\"Jornal Ponto Mais\" \/>\n<meta name=\"twitter:card\" content=\"summary_large_image\" \/>\n<meta name=\"twitter:label1\" content=\"Escrito por\" \/>\n\t<meta name=\"twitter:data1\" content=\"Jornal Ponto Mais\" \/>\n\t<meta name=\"twitter:label2\" content=\"Est. tempo de leitura\" \/>\n\t<meta name=\"twitter:data2\" content=\"1 minuto\" \/>\n<script type=\"application\/ld+json\" class=\"yoast-schema-graph\">{\"@context\":\"https:\/\/schema.org\",\"@graph\":[{\"@type\":\"Article\",\"@id\":\"https:\/\/jornalpontomais.com\/site\/2024\/09\/16\/professor-alcides-tem-candidatura-em-risco\/#article\",\"isPartOf\":{\"@id\":\"https:\/\/jornalpontomais.com\/site\/2024\/09\/16\/professor-alcides-tem-candidatura-em-risco\/\"},\"author\":{\"name\":\"Jornal Ponto Mais\",\"@id\":\"https:\/\/jornalpontomais.com\/site\/#\/schema\/person\/18323f0b0f1355f2490721c48389fe9d\"},\"headline\":\"Professor Alcides tem candidatura em risco\",\"datePublished\":\"2024-09-16T16:27:06+00:00\",\"dateModified\":\"2024-09-16T16:27:07+00:00\",\"mainEntityOfPage\":{\"@id\":\"https:\/\/jornalpontomais.com\/site\/2024\/09\/16\/professor-alcides-tem-candidatura-em-risco\/\"},\"wordCount\":193,\"commentCount\":0,\"publisher\":{\"@id\":\"https:\/\/jornalpontomais.com\/site\/#organization\"},\"image\":{\"@id\":\"https:\/\/jornalpontomais.com\/site\/2024\/09\/16\/professor-alcides-tem-candidatura-em-risco\/#primaryimage\"},\"thumbnailUrl\":\"https:\/\/jornalpontomais.com\/site\/wp-content\/uploads\/2024\/09\/IMG_9224.jpeg\",\"articleSection\":[\"Pol\u00edtica\"],\"inLanguage\":\"pt-BR\",\"potentialAction\":[{\"@type\":\"CommentAction\",\"name\":\"Comment\",\"target\":[\"https:\/\/jornalpontomais.com\/site\/2024\/09\/16\/professor-alcides-tem-candidatura-em-risco\/#respond\"]}]},{\"@type\":\"WebPage\",\"@id\":\"https:\/\/jornalpontomais.com\/site\/2024\/09\/16\/professor-alcides-tem-candidatura-em-risco\/\",\"url\":\"https:\/\/jornalpontomais.com\/site\/2024\/09\/16\/professor-alcides-tem-candidatura-em-risco\/\",\"name\":\"Professor Alcides tem candidatura em risco - Jornal Ponto Mais\",\"isPartOf\":{\"@id\":\"https:\/\/jornalpontomais.com\/site\/#website\"},\"primaryImageOfPage\":{\"@id\":\"https:\/\/jornalpontomais.com\/site\/2024\/09\/16\/professor-alcides-tem-candidatura-em-risco\/#primaryimage\"},\"image\":{\"@id\":\"https:\/\/jornalpontomais.com\/site\/2024\/09\/16\/professor-alcides-tem-candidatura-em-risco\/#primaryimage\"},\"thumbnailUrl\":\"https:\/\/jornalpontomais.com\/site\/wp-content\/uploads\/2024\/09\/IMG_9224.jpeg\",\"datePublished\":\"2024-09-16T16:27:06+00:00\",\"dateModified\":\"2024-09-16T16:27:07+00:00\",\"breadcrumb\":{\"@id\":\"https:\/\/jornalpontomais.com\/site\/2024\/09\/16\/professor-alcides-tem-candidatura-em-risco\/#breadcrumb\"},\"inLanguage\":\"pt-BR\",\"potentialAction\":[{\"@type\":\"ReadAction\",\"target\":[\"https:\/\/jornalpontomais.com\/site\/2024\/09\/16\/professor-alcides-tem-candidatura-em-risco\/\"]}]},{\"@type\":\"ImageObject\",\"inLanguage\":\"pt-BR\",\"@id\":\"https:\/\/jornalpontomais.com\/site\/2024\/09\/16\/professor-alcides-tem-candidatura-em-risco\/#primaryimage\",\"url\":\"https:\/\/jornalpontomais.com\/site\/wp-content\/uploads\/2024\/09\/IMG_9224.jpeg\",\"contentUrl\":\"https:\/\/jornalpontomais.com\/site\/wp-content\/uploads\/2024\/09\/IMG_9224.jpeg\",\"width\":678,\"height\":452},{\"@type\":\"BreadcrumbList\",\"@id\":\"https:\/\/jornalpontomais.com\/site\/2024\/09\/16\/professor-alcides-tem-candidatura-em-risco\/#breadcrumb\",\"itemListElement\":[{\"@type\":\"ListItem\",\"position\":1,\"name\":\"In\u00edcio\",\"item\":\"https:\/\/jornalpontomais.com\/site\/\"},{\"@type\":\"ListItem\",\"position\":2,\"name\":\"Professor Alcides tem candidatura em risco\"}]},{\"@type\":\"WebSite\",\"@id\":\"https:\/\/jornalpontomais.com\/site\/#website\",\"url\":\"https:\/\/jornalpontomais.com\/site\/\",\"name\":\"Jornal Ponto Mais\",\"description\":\"As principais not\u00edcias do Brasil e do mundo. Confira!\",\"publisher\":{\"@id\":\"https:\/\/jornalpontomais.com\/site\/#organization\"},\"potentialAction\":[{\"@type\":\"SearchAction\",\"target\":{\"@type\":\"EntryPoint\",\"urlTemplate\":\"https:\/\/jornalpontomais.com\/site\/?s={search_term_string}\"},\"query-input\":{\"@type\":\"PropertyValueSpecification\",\"valueRequired\":true,\"valueName\":\"search_term_string\"}}],\"inLanguage\":\"pt-BR\"},{\"@type\":\"Organization\",\"@id\":\"https:\/\/jornalpontomais.com\/site\/#organization\",\"name\":\"Jornal Ponto+\",\"url\":\"https:\/\/jornalpontomais.com\/site\/\",\"logo\":{\"@type\":\"ImageObject\",\"inLanguage\":\"pt-BR\",\"@id\":\"https:\/\/jornalpontomais.com\/site\/#\/schema\/logo\/image\/\",\"url\":\"https:\/\/jornalpontomais.com\/site\/wp-content\/uploads\/2022\/01\/marca.png\",\"contentUrl\":\"https:\/\/jornalpontomais.com\/site\/wp-content\/uploads\/2022\/01\/marca.png\",\"width\":582,\"height\":148,\"caption\":\"Jornal Ponto+\"},\"image\":{\"@id\":\"https:\/\/jornalpontomais.com\/site\/#\/schema\/logo\/image\/\"}},{\"@type\":\"Person\",\"@id\":\"https:\/\/jornalpontomais.com\/site\/#\/schema\/person\/18323f0b0f1355f2490721c48389fe9d\",\"name\":\"Jornal Ponto Mais\",\"image\":{\"@type\":\"ImageObject\",\"inLanguage\":\"pt-BR\",\"@id\":\"https:\/\/secure.gravatar.com\/avatar\/2ee0a9b7fe10fe32bdec8bc086e871e41eb5f4f6ecbcb7b4f2fe0d92d831405f?s=96&d=mm&r=g\",\"url\":\"https:\/\/secure.gravatar.com\/avatar\/2ee0a9b7fe10fe32bdec8bc086e871e41eb5f4f6ecbcb7b4f2fe0d92d831405f?s=96&d=mm&r=g\",\"contentUrl\":\"https:\/\/secure.gravatar.com\/avatar\/2ee0a9b7fe10fe32bdec8bc086e871e41eb5f4f6ecbcb7b4f2fe0d92d831405f?s=96&d=mm&r=g\",\"caption\":\"Jornal Ponto Mais\"},\"sameAs\":[\"https:\/\/jornalpontomais.com\/site\",\"jornalpontomais\"],\"url\":\"https:\/\/jornalpontomais.com\/site\/author\/jornalpontomais\/\"}]}<\/script>\n<!-- \/ Yoast SEO plugin. -->","yoast_head_json":{"title":"Professor Alcides tem candidatura em risco - Jornal Ponto Mais","robots":{"index":"index","follow":"follow","max-snippet":"max-snippet:-1","max-image-preview":"max-image-preview:large","max-video-preview":"max-video-preview:-1"},"canonical":"https:\/\/jornalpontomais.com\/site\/2024\/09\/16\/professor-alcides-tem-candidatura-em-risco\/","og_locale":"pt_BR","og_type":"article","og_title":"Professor Alcides tem candidatura em risco - Jornal Ponto Mais","og_description":"Segundo especialistas, Professor Alcides Ribeiro Filho, de 70 anos, n\u00e3o poderia ter disputado o mandato de deputado federal em 2022 e, tampouco, poderia ser candidato a prefeito de Aparecida de Goi\u00e2nia em 2024. O l\u00edder do PL estaria ineleg\u00edvel. Por que, ent\u00e3o, ele foi e \u00e9 candidato? Porque at\u00e9 o momento sua candidatura n\u00e3o foi [&hellip;]","og_url":"https:\/\/jornalpontomais.com\/site\/2024\/09\/16\/professor-alcides-tem-candidatura-em-risco\/","og_site_name":"Jornal Ponto Mais","article_published_time":"2024-09-16T16:27:06+00:00","article_modified_time":"2024-09-16T16:27:07+00:00","og_image":[{"width":678,"height":452,"url":"https:\/\/jornalpontomais.com\/site\/wp-content\/uploads\/2024\/09\/IMG_9224.jpeg","type":"image\/jpeg"}],"author":"Jornal Ponto Mais","twitter_card":"summary_large_image","twitter_misc":{"Escrito por":"Jornal Ponto Mais","Est. tempo de leitura":"1 minuto"},"schema":{"@context":"https:\/\/schema.org","@graph":[{"@type":"Article","@id":"https:\/\/jornalpontomais.com\/site\/2024\/09\/16\/professor-alcides-tem-candidatura-em-risco\/#article","isPartOf":{"@id":"https:\/\/jornalpontomais.com\/site\/2024\/09\/16\/professor-alcides-tem-candidatura-em-risco\/"},"author":{"name":"Jornal Ponto Mais","@id":"https:\/\/jornalpontomais.com\/site\/#\/schema\/person\/18323f0b0f1355f2490721c48389fe9d"},"headline":"Professor Alcides tem candidatura em risco","datePublished":"2024-09-16T16:27:06+00:00","dateModified":"2024-09-16T16:27:07+00:00","mainEntityOfPage":{"@id":"https:\/\/jornalpontomais.com\/site\/2024\/09\/16\/professor-alcides-tem-candidatura-em-risco\/"},"wordCount":193,"commentCount":0,"publisher":{"@id":"https:\/\/jornalpontomais.com\/site\/#organization"},"image":{"@id":"https:\/\/jornalpontomais.com\/site\/2024\/09\/16\/professor-alcides-tem-candidatura-em-risco\/#primaryimage"},"thumbnailUrl":"https:\/\/jornalpontomais.com\/site\/wp-content\/uploads\/2024\/09\/IMG_9224.jpeg","articleSection":["Pol\u00edtica"],"inLanguage":"pt-BR","potentialAction":[{"@type":"CommentAction","name":"Comment","target":["https:\/\/jornalpontomais.com\/site\/2024\/09\/16\/professor-alcides-tem-candidatura-em-risco\/#respond"]}]},{"@type":"WebPage","@id":"https:\/\/jornalpontomais.com\/site\/2024\/09\/16\/professor-alcides-tem-candidatura-em-risco\/","url":"https:\/\/jornalpontomais.com\/site\/2024\/09\/16\/professor-alcides-tem-candidatura-em-risco\/","name":"Professor Alcides tem candidatura em risco - Jornal Ponto Mais","isPartOf":{"@id":"https:\/\/jornalpontomais.com\/site\/#website"},"primaryImageOfPage":{"@id":"https:\/\/jornalpontomais.com\/site\/2024\/09\/16\/professor-alcides-tem-candidatura-em-risco\/#primaryimage"},"image":{"@id":"https:\/\/jornalpontomais.com\/site\/2024\/09\/16\/professor-alcides-tem-candidatura-em-risco\/#primaryimage"},"thumbnailUrl":"https:\/\/jornalpontomais.com\/site\/wp-content\/uploads\/2024\/09\/IMG_9224.jpeg","datePublished":"2024-09-16T16:27:06+00:00","dateModified":"2024-09-16T16:27:07+00:00","breadcrumb":{"@id":"https:\/\/jornalpontomais.com\/site\/2024\/09\/16\/professor-alcides-tem-candidatura-em-risco\/#breadcrumb"},"inLanguage":"pt-BR","potentialAction":[{"@type":"ReadAction","target":["https:\/\/jornalpontomais.com\/site\/2024\/09\/16\/professor-alcides-tem-candidatura-em-risco\/"]}]},{"@type":"ImageObject","inLanguage":"pt-BR","@id":"https:\/\/jornalpontomais.com\/site\/2024\/09\/16\/professor-alcides-tem-candidatura-em-risco\/#primaryimage","url":"https:\/\/jornalpontomais.com\/site\/wp-content\/uploads\/2024\/09\/IMG_9224.jpeg","contentUrl":"https:\/\/jornalpontomais.com\/site\/wp-content\/uploads\/2024\/09\/IMG_9224.jpeg","width":678,"height":452},{"@type":"BreadcrumbList","@id":"https:\/\/jornalpontomais.com\/site\/2024\/09\/16\/professor-alcides-tem-candidatura-em-risco\/#breadcrumb","itemListElement":[{"@type":"ListItem","position":1,"name":"In\u00edcio","item":"https:\/\/jornalpontomais.com\/site\/"},{"@type":"ListItem","position":2,"name":"Professor Alcides tem candidatura em risco"}]},{"@type":"WebSite","@id":"https:\/\/jornalpontomais.com\/site\/#website","url":"https:\/\/jornalpontomais.com\/site\/","name":"Jornal Ponto Mais","description":"As principais not\u00edcias do Brasil e do mundo. Confira!","publisher":{"@id":"https:\/\/jornalpontomais.com\/site\/#organization"},"potentialAction":[{"@type":"SearchAction","target":{"@type":"EntryPoint","urlTemplate":"https:\/\/jornalpontomais.com\/site\/?s={search_term_string}"},"query-input":{"@type":"PropertyValueSpecification","valueRequired":true,"valueName":"search_term_string"}}],"inLanguage":"pt-BR"},{"@type":"Organization","@id":"https:\/\/jornalpontomais.com\/site\/#organization","name":"Jornal Ponto+","url":"https:\/\/jornalpontomais.com\/site\/","logo":{"@type":"ImageObject","inLanguage":"pt-BR","@id":"https:\/\/jornalpontomais.com\/site\/#\/schema\/logo\/image\/","url":"https:\/\/jornalpontomais.com\/site\/wp-content\/uploads\/2022\/01\/marca.png","contentUrl":"https:\/\/jornalpontomais.com\/site\/wp-content\/uploads\/2022\/01\/marca.png","width":582,"height":148,"caption":"Jornal Ponto+"},"image":{"@id":"https:\/\/jornalpontomais.com\/site\/#\/schema\/logo\/image\/"}},{"@type":"Person","@id":"https:\/\/jornalpontomais.com\/site\/#\/schema\/person\/18323f0b0f1355f2490721c48389fe9d","name":"Jornal Ponto Mais","image":{"@type":"ImageObject","inLanguage":"pt-BR","@id":"https:\/\/secure.gravatar.com\/avatar\/2ee0a9b7fe10fe32bdec8bc086e871e41eb5f4f6ecbcb7b4f2fe0d92d831405f?s=96&d=mm&r=g","url":"https:\/\/secure.gravatar.com\/avatar\/2ee0a9b7fe10fe32bdec8bc086e871e41eb5f4f6ecbcb7b4f2fe0d92d831405f?s=96&d=mm&r=g","contentUrl":"https:\/\/secure.gravatar.com\/avatar\/2ee0a9b7fe10fe32bdec8bc086e871e41eb5f4f6ecbcb7b4f2fe0d92d831405f?s=96&d=mm&r=g","caption":"Jornal Ponto Mais"},"sameAs":["https:\/\/jornalpontomais.com\/site","jornalpontomais"],"url":"https:\/\/jornalpontomais.com\/site\/author\/jornalpontomais\/"}]}},"_links":{"self":[{"href":"https:\/\/jornalpontomais.com\/site\/wp-json\/wp\/v2\/posts\/15153","targetHints":{"allow":["GET"]}}],"collection":[{"href":"https:\/\/jornalpontomais.com\/site\/wp-json\/wp\/v2\/posts"}],"about":[{"href":"https:\/\/jornalpontomais.com\/site\/wp-json\/wp\/v2\/types\/post"}],"author":[{"embeddable":true,"href":"https:\/\/jornalpontomais.com\/site\/wp-json\/wp\/v2\/users\/2"}],"replies":[{"embeddable":true,"href":"https:\/\/jornalpontomais.com\/site\/wp-json\/wp\/v2\/comments?post=15153"}],"version-history":[{"count":1,"href":"https:\/\/jornalpontomais.com\/site\/wp-json\/wp\/v2\/posts\/15153\/revisions"}],"predecessor-version":[{"id":15155,"href":"https:\/\/jornalpontomais.com\/site\/wp-json\/wp\/v2\/posts\/15153\/revisions\/15155"}],"wp:featuredmedia":[{"embeddable":true,"href":"https:\/\/jornalpontomais.com\/site\/wp-json\/wp\/v2\/media\/15154"}],"wp:attachment":[{"href":"https:\/\/jornalpontomais.com\/site\/wp-json\/wp\/v2\/media?parent=15153"}],"wp:term":[{"taxonomy":"category","embeddable":true,"href":"https:\/\/jornalpontomais.com\/site\/wp-json\/wp\/v2\/categories?post=15153"},{"taxonomy":"post_tag","embeddable":true,"href":"https:\/\/jornalpontomais.com\/site\/wp-json\/wp\/v2\/tags?post=15153"}],"curies":[{"name":"wp","href":"https:\/\/api.w.org\/{rel}","templated":true}]}}