{"id":15071,"date":"2024-09-11T08:52:03","date_gmt":"2024-09-11T11:52:03","guid":{"rendered":"https:\/\/jornalpontomais.com\/site\/?p=15071"},"modified":"2024-09-11T09:04:02","modified_gmt":"2024-09-11T12:04:02","slug":"projeto-que-concede-anistia-a-golpistas-do-8-1-avanca-na-camara","status":"publish","type":"post","link":"https:\/\/jornalpontomais.com\/site\/2024\/09\/11\/projeto-que-concede-anistia-a-golpistas-do-8-1-avanca-na-camara\/","title":{"rendered":"Projeto que concede anistia a golpistas do 8\/1 avan\u00e7a na C\u00e2mara"},"content":{"rendered":"\n<p>O projeto de lei que concede anistia aos condenados envolvidos nos atos golpistas de \u00a0dia 8 de janeiro de 2023 avan\u00e7ou nesta ter\u00e7a-feira (10) na Comiss\u00e3o de Constitui\u00e7\u00e3o e Justi\u00e7a (CCJ) da C\u00e2mara dos Deputados. O deputado Rodrigo Valadares (Uni\u00e3o\/SE) apresentou o parecer favor\u00e1vel \u00e0 anistia, mas o in\u00edcio da ordem do dia no Plen\u00e1rio interrompeu a continuidade dos debates na comiss\u00e3o, como determina o Regimento Interno da C\u00e2mara, e a discuss\u00e3o foi adiada.<img decoding=\"async\" src=\"https:\/\/agenciabrasil.ebc.com.br\/ebc.png?id=1611461&amp;o=node\"><img decoding=\"async\" src=\"https:\/\/agenciabrasil.ebc.com.br\/ebc.gif?id=1611461&amp;o=node\"><br><br><\/p>\n\n\n\n<p>O relator apresentou altera\u00e7\u00f5es em rela\u00e7\u00e3o ao projeto original, que previa a anistia a todos os condenados em manifesta\u00e7\u00f5es desde o dia 30 de outubro, quando atos contr\u00e1rios ao resultado eleitoral bloquearam rodovias em v\u00e1rias partes do pa\u00eds. Agora, pelo novo parecer, os anistiados devem ser os condenados nos atos a partir do 8 de janeiro.<br><br><\/p>\n\n\n\n<p>Segundo o artigo 1\u00ba do\u00a0<a href=\"https:\/\/www.camara.leg.br\/proposicoesWeb\/fichadetramitacao?idProposicao=2339647&amp;fichaAmigavel=nao\" target=\"_blank\" rel=\"noreferrer noopener\">Projeto de Lei 2.858\/2022<\/a>, \u201cficam anistiados todos os que participaram de manifesta\u00e7\u00f5es com motiva\u00e7\u00e3o pol\u00edtica e\/ou eleitoral, ou as apoiaram, por quaisquer meios, inclusive contribui\u00e7\u00f5es, doa\u00e7\u00f5es, apoio log\u00edstico ou presta\u00e7\u00e3o de servi\u00e7os e publica\u00e7\u00f5es em m\u00eddias sociais e plataformas, entre o dia 08 de janeiro de 2023 e o dia de entrada em vigor desta Lei.\u201d<br><br><\/p>\n\n\n\n<p>No 8 de janeiro de 2023, apoiadores do ex-presidente Jair Bolsonaro invadiram as sedes dos Tr\u00eas Poderes, em Bras\u00edlia, pedindo a ado\u00e7\u00e3o de um golpe militar no Brasil. A sess\u00e3o come\u00e7ou com a obstru\u00e7\u00e3o dos partidos contr\u00e1rios a anistia, que come\u00e7aram apresentando uma Proposta de Emenda \u00e0 Constitui\u00e7\u00e3o (PEC) para aumentar a pena para criminosos ambientais, mas a medida foi rejeitada pela maioria da comiss\u00e3o.<br><br><\/p>\n\n\n\n<p>A deputada federal S\u00e2mia Bomfim (PSOL\/SP) apresentou um relat\u00f3rio paralelo contr\u00e1rio ao projeto. Ela lembrou que a anistia \u00e9 um instituto humanizador e deve ter como motiva\u00e7\u00e3o o interesse p\u00fablico. \u201cA utiliza\u00e7\u00e3o da anistia em benef\u00edcio pr\u00f3prio e de apoiadores pol\u00edticos configura not\u00f3rio desvio de finalidade, que n\u00e3o deve ser tolerado. No Estado Democr\u00e1tico de Direito n\u00e3o h\u00e1 lugar para a edi\u00e7\u00e3o de leis que contrariem o interesse da coletividade\u201d, destacou.<br><br><\/p>\n\n\n\n<p>Ainda segundo a parlamentar, o projeto estimula os crimes contra a honra e contra o Estado Democr\u00e1tico de Direito e viola o princ\u00edpio da independ\u00eancia entre os Poderes, o que o tornaria inconstitucional, \u201cna medida em que objetivam desconstituir decis\u00f5es judiciais. Ferem, por consequ\u00eancia, os imperativos do devido processo legal, da seguran\u00e7a jur\u00eddica e da coisa julgada\u201d.<br><br><\/p>\n\n\n\n<p>No Brasil, \u00e9 crime tentar depor &#8211; por meio da viol\u00eancia ou de grave amea\u00e7a &#8211; o governo legitimamente constitu\u00eddo ou impedir e restringir o exerc\u00edcio dos poderes constitucionais, conforme define a Lei 14.197\/2021. Essa legisla\u00e7\u00e3o tamb\u00e9m considera crime incitar, publicamente, a animosidade entre as For\u00e7as Armadas e os demais poderes constitucionais. As penas variam e podem chegar a 12 anos de cadeia.<br><br><\/p>\n\n\n\n<p>Favor\u00e1vel \u00e0 anistia, o deputado federal Marcel Van Hattem afirmou que a revolta das pessoas ocorreu porque o presidente Lula foi eleito e subiu a rampa do Pal\u00e1cio do Planalto uma semana antes. Ele reconheceu &#8220;excessos&#8221; e depreda\u00e7\u00e3o, mas criticou o que chamou de &#8220;farsa&#8221;.<br><br><\/p>\n\n\n\n<p>&#8220;N\u00e3o foi por acaso que aconteceu o 8 de janeiro, com todos os seus excessos, e inclusive, sim, todas as depreda\u00e7\u00f5es, que precisam, individualmente, serem averiguadas. Mas o ministro Alexandre de Moraes, a Procuradoria Geral da Rep\u00fablica e todos os envolvidos nessa farsa, decidiram n\u00e3o individualizar a conduta, e mandar todos para a cadeia, no atacado, inclusive muitos que nem estavam em Bras\u00edlia&#8221;, afirmou.<br><br><\/p>\n\n\n\n<p>Com a interrup\u00e7\u00e3o da sess\u00e3o na CCJ, que analisava um requerimento de retirada de pauta,&nbsp; o projeto de lei deve ser voltar \u00e0 pauta nesta quarta-feira (11), de acordo com a presidente da comiss\u00e3o, Carolina de Toni (PL-SC).<\/p>\n","protected":false},"excerpt":{"rendered":"<p>O projeto de lei que concede anistia aos condenados envolvidos nos atos golpistas de \u00a0dia 8 de janeiro de 2023 avan\u00e7ou nesta ter\u00e7a-feira (10) na Comiss\u00e3o de Constitui\u00e7\u00e3o e Justi\u00e7a (CCJ) da C\u00e2mara dos Deputados. O deputado Rodrigo Valadares (Uni\u00e3o\/SE) apresentou o parecer favor\u00e1vel \u00e0 anistia, mas o in\u00edcio da ordem do dia no Plen\u00e1rio [&hellip;]<\/p>\n","protected":false},"author":2,"featured_media":3439,"comment_status":"open","ping_status":"open","sticky":true,"template":"","format":"standard","meta":{"om_disable_all_campaigns":false,"_monsterinsights_skip_tracking":false,"_monsterinsights_sitenote_active":false,"_monsterinsights_sitenote_note":"","_monsterinsights_sitenote_category":0,"footnotes":""},"categories":[1],"tags":[],"class_list":["post-15071","post","type-post","status-publish","format-standard","has-post-thumbnail","hentry","category-politica"],"yoast_head":"<!-- This site is optimized with the Yoast SEO plugin v27.2 - https:\/\/yoast.com\/product\/yoast-seo-wordpress\/ -->\n<title>Projeto que concede anistia a golpistas do 8\/1 avan\u00e7a na C\u00e2mara - Jornal Ponto Mais<\/title>\n<meta name=\"robots\" content=\"index, follow, max-snippet:-1, max-image-preview:large, max-video-preview:-1\" \/>\n<link rel=\"canonical\" href=\"https:\/\/jornalpontomais.com\/site\/2024\/09\/11\/projeto-que-concede-anistia-a-golpistas-do-8-1-avanca-na-camara\/\" \/>\n<meta property=\"og:locale\" content=\"pt_BR\" \/>\n<meta property=\"og:type\" content=\"article\" \/>\n<meta property=\"og:title\" content=\"Projeto que concede anistia a golpistas do 8\/1 avan\u00e7a na C\u00e2mara - Jornal Ponto Mais\" \/>\n<meta property=\"og:description\" content=\"O projeto de lei que concede anistia aos condenados envolvidos nos atos golpistas de \u00a0dia 8 de janeiro de 2023 avan\u00e7ou nesta ter\u00e7a-feira (10) na Comiss\u00e3o de Constitui\u00e7\u00e3o e Justi\u00e7a (CCJ) da C\u00e2mara dos Deputados. O deputado Rodrigo Valadares (Uni\u00e3o\/SE) apresentou o parecer favor\u00e1vel \u00e0 anistia, mas o in\u00edcio da ordem do dia no Plen\u00e1rio [&hellip;]\" \/>\n<meta property=\"og:url\" content=\"https:\/\/jornalpontomais.com\/site\/2024\/09\/11\/projeto-que-concede-anistia-a-golpistas-do-8-1-avanca-na-camara\/\" \/>\n<meta property=\"og:site_name\" content=\"Jornal Ponto Mais\" \/>\n<meta property=\"article:published_time\" content=\"2024-09-11T11:52:03+00:00\" \/>\n<meta property=\"article:modified_time\" content=\"2024-09-11T12:04:02+00:00\" \/>\n<meta property=\"og:image\" content=\"https:\/\/jornalpontomais.com\/site\/wp-content\/uploads\/2022\/05\/CCJ-CAMARA-DOS-DEPUTADOS-24-MAIO.jpg\" \/>\n\t<meta property=\"og:image:width\" content=\"768\" \/>\n\t<meta property=\"og:image:height\" content=\"511\" \/>\n\t<meta property=\"og:image:type\" content=\"image\/jpeg\" \/>\n<meta name=\"author\" content=\"Jornal Ponto Mais\" \/>\n<meta name=\"twitter:card\" content=\"summary_large_image\" \/>\n<meta name=\"twitter:label1\" content=\"Escrito por\" \/>\n\t<meta name=\"twitter:data1\" content=\"Jornal Ponto Mais\" \/>\n\t<meta name=\"twitter:label2\" content=\"Est. tempo de leitura\" \/>\n\t<meta name=\"twitter:data2\" content=\"3 minutos\" \/>\n<script type=\"application\/ld+json\" class=\"yoast-schema-graph\">{\"@context\":\"https:\/\/schema.org\",\"@graph\":[{\"@type\":\"Article\",\"@id\":\"https:\/\/jornalpontomais.com\/site\/2024\/09\/11\/projeto-que-concede-anistia-a-golpistas-do-8-1-avanca-na-camara\/#article\",\"isPartOf\":{\"@id\":\"https:\/\/jornalpontomais.com\/site\/2024\/09\/11\/projeto-que-concede-anistia-a-golpistas-do-8-1-avanca-na-camara\/\"},\"author\":{\"name\":\"Jornal Ponto Mais\",\"@id\":\"https:\/\/jornalpontomais.com\/site\/#\/schema\/person\/18323f0b0f1355f2490721c48389fe9d\"},\"headline\":\"Projeto que concede anistia a golpistas do 8\/1 avan\u00e7a na C\u00e2mara\",\"datePublished\":\"2024-09-11T11:52:03+00:00\",\"dateModified\":\"2024-09-11T12:04:02+00:00\",\"mainEntityOfPage\":{\"@id\":\"https:\/\/jornalpontomais.com\/site\/2024\/09\/11\/projeto-que-concede-anistia-a-golpistas-do-8-1-avanca-na-camara\/\"},\"wordCount\":667,\"commentCount\":0,\"publisher\":{\"@id\":\"https:\/\/jornalpontomais.com\/site\/#organization\"},\"image\":{\"@id\":\"https:\/\/jornalpontomais.com\/site\/2024\/09\/11\/projeto-que-concede-anistia-a-golpistas-do-8-1-avanca-na-camara\/#primaryimage\"},\"thumbnailUrl\":\"https:\/\/jornalpontomais.com\/site\/wp-content\/uploads\/2022\/05\/CCJ-CAMARA-DOS-DEPUTADOS-24-MAIO.jpg\",\"articleSection\":[\"Pol\u00edtica\"],\"inLanguage\":\"pt-BR\",\"potentialAction\":[{\"@type\":\"CommentAction\",\"name\":\"Comment\",\"target\":[\"https:\/\/jornalpontomais.com\/site\/2024\/09\/11\/projeto-que-concede-anistia-a-golpistas-do-8-1-avanca-na-camara\/#respond\"]}]},{\"@type\":\"WebPage\",\"@id\":\"https:\/\/jornalpontomais.com\/site\/2024\/09\/11\/projeto-que-concede-anistia-a-golpistas-do-8-1-avanca-na-camara\/\",\"url\":\"https:\/\/jornalpontomais.com\/site\/2024\/09\/11\/projeto-que-concede-anistia-a-golpistas-do-8-1-avanca-na-camara\/\",\"name\":\"Projeto que concede anistia a golpistas do 8\/1 avan\u00e7a na C\u00e2mara - Jornal Ponto Mais\",\"isPartOf\":{\"@id\":\"https:\/\/jornalpontomais.com\/site\/#website\"},\"primaryImageOfPage\":{\"@id\":\"https:\/\/jornalpontomais.com\/site\/2024\/09\/11\/projeto-que-concede-anistia-a-golpistas-do-8-1-avanca-na-camara\/#primaryimage\"},\"image\":{\"@id\":\"https:\/\/jornalpontomais.com\/site\/2024\/09\/11\/projeto-que-concede-anistia-a-golpistas-do-8-1-avanca-na-camara\/#primaryimage\"},\"thumbnailUrl\":\"https:\/\/jornalpontomais.com\/site\/wp-content\/uploads\/2022\/05\/CCJ-CAMARA-DOS-DEPUTADOS-24-MAIO.jpg\",\"datePublished\":\"2024-09-11T11:52:03+00:00\",\"dateModified\":\"2024-09-11T12:04:02+00:00\",\"breadcrumb\":{\"@id\":\"https:\/\/jornalpontomais.com\/site\/2024\/09\/11\/projeto-que-concede-anistia-a-golpistas-do-8-1-avanca-na-camara\/#breadcrumb\"},\"inLanguage\":\"pt-BR\",\"potentialAction\":[{\"@type\":\"ReadAction\",\"target\":[\"https:\/\/jornalpontomais.com\/site\/2024\/09\/11\/projeto-que-concede-anistia-a-golpistas-do-8-1-avanca-na-camara\/\"]}]},{\"@type\":\"ImageObject\",\"inLanguage\":\"pt-BR\",\"@id\":\"https:\/\/jornalpontomais.com\/site\/2024\/09\/11\/projeto-que-concede-anistia-a-golpistas-do-8-1-avanca-na-camara\/#primaryimage\",\"url\":\"https:\/\/jornalpontomais.com\/site\/wp-content\/uploads\/2022\/05\/CCJ-CAMARA-DOS-DEPUTADOS-24-MAIO.jpg\",\"contentUrl\":\"https:\/\/jornalpontomais.com\/site\/wp-content\/uploads\/2022\/05\/CCJ-CAMARA-DOS-DEPUTADOS-24-MAIO.jpg\",\"width\":768,\"height\":511},{\"@type\":\"BreadcrumbList\",\"@id\":\"https:\/\/jornalpontomais.com\/site\/2024\/09\/11\/projeto-que-concede-anistia-a-golpistas-do-8-1-avanca-na-camara\/#breadcrumb\",\"itemListElement\":[{\"@type\":\"ListItem\",\"position\":1,\"name\":\"In\u00edcio\",\"item\":\"https:\/\/jornalpontomais.com\/site\/\"},{\"@type\":\"ListItem\",\"position\":2,\"name\":\"Projeto que concede anistia a golpistas do 8\/1 avan\u00e7a na C\u00e2mara\"}]},{\"@type\":\"WebSite\",\"@id\":\"https:\/\/jornalpontomais.com\/site\/#website\",\"url\":\"https:\/\/jornalpontomais.com\/site\/\",\"name\":\"Jornal Ponto Mais\",\"description\":\"As principais not\u00edcias do Brasil e do mundo. Confira!\",\"publisher\":{\"@id\":\"https:\/\/jornalpontomais.com\/site\/#organization\"},\"potentialAction\":[{\"@type\":\"SearchAction\",\"target\":{\"@type\":\"EntryPoint\",\"urlTemplate\":\"https:\/\/jornalpontomais.com\/site\/?s={search_term_string}\"},\"query-input\":{\"@type\":\"PropertyValueSpecification\",\"valueRequired\":true,\"valueName\":\"search_term_string\"}}],\"inLanguage\":\"pt-BR\"},{\"@type\":\"Organization\",\"@id\":\"https:\/\/jornalpontomais.com\/site\/#organization\",\"name\":\"Jornal Ponto+\",\"url\":\"https:\/\/jornalpontomais.com\/site\/\",\"logo\":{\"@type\":\"ImageObject\",\"inLanguage\":\"pt-BR\",\"@id\":\"https:\/\/jornalpontomais.com\/site\/#\/schema\/logo\/image\/\",\"url\":\"https:\/\/jornalpontomais.com\/site\/wp-content\/uploads\/2022\/01\/marca.png\",\"contentUrl\":\"https:\/\/jornalpontomais.com\/site\/wp-content\/uploads\/2022\/01\/marca.png\",\"width\":582,\"height\":148,\"caption\":\"Jornal Ponto+\"},\"image\":{\"@id\":\"https:\/\/jornalpontomais.com\/site\/#\/schema\/logo\/image\/\"}},{\"@type\":\"Person\",\"@id\":\"https:\/\/jornalpontomais.com\/site\/#\/schema\/person\/18323f0b0f1355f2490721c48389fe9d\",\"name\":\"Jornal Ponto Mais\",\"image\":{\"@type\":\"ImageObject\",\"inLanguage\":\"pt-BR\",\"@id\":\"https:\/\/secure.gravatar.com\/avatar\/2ee0a9b7fe10fe32bdec8bc086e871e41eb5f4f6ecbcb7b4f2fe0d92d831405f?s=96&d=mm&r=g\",\"url\":\"https:\/\/secure.gravatar.com\/avatar\/2ee0a9b7fe10fe32bdec8bc086e871e41eb5f4f6ecbcb7b4f2fe0d92d831405f?s=96&d=mm&r=g\",\"contentUrl\":\"https:\/\/secure.gravatar.com\/avatar\/2ee0a9b7fe10fe32bdec8bc086e871e41eb5f4f6ecbcb7b4f2fe0d92d831405f?s=96&d=mm&r=g\",\"caption\":\"Jornal Ponto Mais\"},\"sameAs\":[\"https:\/\/jornalpontomais.com\/site\",\"jornalpontomais\"],\"url\":\"https:\/\/jornalpontomais.com\/site\/author\/jornalpontomais\/\"}]}<\/script>\n<!-- \/ Yoast SEO plugin. -->","yoast_head_json":{"title":"Projeto que concede anistia a golpistas do 8\/1 avan\u00e7a na C\u00e2mara - Jornal Ponto Mais","robots":{"index":"index","follow":"follow","max-snippet":"max-snippet:-1","max-image-preview":"max-image-preview:large","max-video-preview":"max-video-preview:-1"},"canonical":"https:\/\/jornalpontomais.com\/site\/2024\/09\/11\/projeto-que-concede-anistia-a-golpistas-do-8-1-avanca-na-camara\/","og_locale":"pt_BR","og_type":"article","og_title":"Projeto que concede anistia a golpistas do 8\/1 avan\u00e7a na C\u00e2mara - Jornal Ponto Mais","og_description":"O projeto de lei que concede anistia aos condenados envolvidos nos atos golpistas de \u00a0dia 8 de janeiro de 2023 avan\u00e7ou nesta ter\u00e7a-feira (10) na Comiss\u00e3o de Constitui\u00e7\u00e3o e Justi\u00e7a (CCJ) da C\u00e2mara dos Deputados. O deputado Rodrigo Valadares (Uni\u00e3o\/SE) apresentou o parecer favor\u00e1vel \u00e0 anistia, mas o in\u00edcio da ordem do dia no Plen\u00e1rio [&hellip;]","og_url":"https:\/\/jornalpontomais.com\/site\/2024\/09\/11\/projeto-que-concede-anistia-a-golpistas-do-8-1-avanca-na-camara\/","og_site_name":"Jornal Ponto Mais","article_published_time":"2024-09-11T11:52:03+00:00","article_modified_time":"2024-09-11T12:04:02+00:00","og_image":[{"width":768,"height":511,"url":"https:\/\/jornalpontomais.com\/site\/wp-content\/uploads\/2022\/05\/CCJ-CAMARA-DOS-DEPUTADOS-24-MAIO.jpg","type":"image\/jpeg"}],"author":"Jornal Ponto Mais","twitter_card":"summary_large_image","twitter_misc":{"Escrito por":"Jornal Ponto Mais","Est. tempo de leitura":"3 minutos"},"schema":{"@context":"https:\/\/schema.org","@graph":[{"@type":"Article","@id":"https:\/\/jornalpontomais.com\/site\/2024\/09\/11\/projeto-que-concede-anistia-a-golpistas-do-8-1-avanca-na-camara\/#article","isPartOf":{"@id":"https:\/\/jornalpontomais.com\/site\/2024\/09\/11\/projeto-que-concede-anistia-a-golpistas-do-8-1-avanca-na-camara\/"},"author":{"name":"Jornal Ponto Mais","@id":"https:\/\/jornalpontomais.com\/site\/#\/schema\/person\/18323f0b0f1355f2490721c48389fe9d"},"headline":"Projeto que concede anistia a golpistas do 8\/1 avan\u00e7a na C\u00e2mara","datePublished":"2024-09-11T11:52:03+00:00","dateModified":"2024-09-11T12:04:02+00:00","mainEntityOfPage":{"@id":"https:\/\/jornalpontomais.com\/site\/2024\/09\/11\/projeto-que-concede-anistia-a-golpistas-do-8-1-avanca-na-camara\/"},"wordCount":667,"commentCount":0,"publisher":{"@id":"https:\/\/jornalpontomais.com\/site\/#organization"},"image":{"@id":"https:\/\/jornalpontomais.com\/site\/2024\/09\/11\/projeto-que-concede-anistia-a-golpistas-do-8-1-avanca-na-camara\/#primaryimage"},"thumbnailUrl":"https:\/\/jornalpontomais.com\/site\/wp-content\/uploads\/2022\/05\/CCJ-CAMARA-DOS-DEPUTADOS-24-MAIO.jpg","articleSection":["Pol\u00edtica"],"inLanguage":"pt-BR","potentialAction":[{"@type":"CommentAction","name":"Comment","target":["https:\/\/jornalpontomais.com\/site\/2024\/09\/11\/projeto-que-concede-anistia-a-golpistas-do-8-1-avanca-na-camara\/#respond"]}]},{"@type":"WebPage","@id":"https:\/\/jornalpontomais.com\/site\/2024\/09\/11\/projeto-que-concede-anistia-a-golpistas-do-8-1-avanca-na-camara\/","url":"https:\/\/jornalpontomais.com\/site\/2024\/09\/11\/projeto-que-concede-anistia-a-golpistas-do-8-1-avanca-na-camara\/","name":"Projeto que concede anistia a golpistas do 8\/1 avan\u00e7a na C\u00e2mara - Jornal Ponto Mais","isPartOf":{"@id":"https:\/\/jornalpontomais.com\/site\/#website"},"primaryImageOfPage":{"@id":"https:\/\/jornalpontomais.com\/site\/2024\/09\/11\/projeto-que-concede-anistia-a-golpistas-do-8-1-avanca-na-camara\/#primaryimage"},"image":{"@id":"https:\/\/jornalpontomais.com\/site\/2024\/09\/11\/projeto-que-concede-anistia-a-golpistas-do-8-1-avanca-na-camara\/#primaryimage"},"thumbnailUrl":"https:\/\/jornalpontomais.com\/site\/wp-content\/uploads\/2022\/05\/CCJ-CAMARA-DOS-DEPUTADOS-24-MAIO.jpg","datePublished":"2024-09-11T11:52:03+00:00","dateModified":"2024-09-11T12:04:02+00:00","breadcrumb":{"@id":"https:\/\/jornalpontomais.com\/site\/2024\/09\/11\/projeto-que-concede-anistia-a-golpistas-do-8-1-avanca-na-camara\/#breadcrumb"},"inLanguage":"pt-BR","potentialAction":[{"@type":"ReadAction","target":["https:\/\/jornalpontomais.com\/site\/2024\/09\/11\/projeto-que-concede-anistia-a-golpistas-do-8-1-avanca-na-camara\/"]}]},{"@type":"ImageObject","inLanguage":"pt-BR","@id":"https:\/\/jornalpontomais.com\/site\/2024\/09\/11\/projeto-que-concede-anistia-a-golpistas-do-8-1-avanca-na-camara\/#primaryimage","url":"https:\/\/jornalpontomais.com\/site\/wp-content\/uploads\/2022\/05\/CCJ-CAMARA-DOS-DEPUTADOS-24-MAIO.jpg","contentUrl":"https:\/\/jornalpontomais.com\/site\/wp-content\/uploads\/2022\/05\/CCJ-CAMARA-DOS-DEPUTADOS-24-MAIO.jpg","width":768,"height":511},{"@type":"BreadcrumbList","@id":"https:\/\/jornalpontomais.com\/site\/2024\/09\/11\/projeto-que-concede-anistia-a-golpistas-do-8-1-avanca-na-camara\/#breadcrumb","itemListElement":[{"@type":"ListItem","position":1,"name":"In\u00edcio","item":"https:\/\/jornalpontomais.com\/site\/"},{"@type":"ListItem","position":2,"name":"Projeto que concede anistia a golpistas do 8\/1 avan\u00e7a na C\u00e2mara"}]},{"@type":"WebSite","@id":"https:\/\/jornalpontomais.com\/site\/#website","url":"https:\/\/jornalpontomais.com\/site\/","name":"Jornal Ponto Mais","description":"As principais not\u00edcias do Brasil e do mundo. Confira!","publisher":{"@id":"https:\/\/jornalpontomais.com\/site\/#organization"},"potentialAction":[{"@type":"SearchAction","target":{"@type":"EntryPoint","urlTemplate":"https:\/\/jornalpontomais.com\/site\/?s={search_term_string}"},"query-input":{"@type":"PropertyValueSpecification","valueRequired":true,"valueName":"search_term_string"}}],"inLanguage":"pt-BR"},{"@type":"Organization","@id":"https:\/\/jornalpontomais.com\/site\/#organization","name":"Jornal Ponto+","url":"https:\/\/jornalpontomais.com\/site\/","logo":{"@type":"ImageObject","inLanguage":"pt-BR","@id":"https:\/\/jornalpontomais.com\/site\/#\/schema\/logo\/image\/","url":"https:\/\/jornalpontomais.com\/site\/wp-content\/uploads\/2022\/01\/marca.png","contentUrl":"https:\/\/jornalpontomais.com\/site\/wp-content\/uploads\/2022\/01\/marca.png","width":582,"height":148,"caption":"Jornal Ponto+"},"image":{"@id":"https:\/\/jornalpontomais.com\/site\/#\/schema\/logo\/image\/"}},{"@type":"Person","@id":"https:\/\/jornalpontomais.com\/site\/#\/schema\/person\/18323f0b0f1355f2490721c48389fe9d","name":"Jornal Ponto Mais","image":{"@type":"ImageObject","inLanguage":"pt-BR","@id":"https:\/\/secure.gravatar.com\/avatar\/2ee0a9b7fe10fe32bdec8bc086e871e41eb5f4f6ecbcb7b4f2fe0d92d831405f?s=96&d=mm&r=g","url":"https:\/\/secure.gravatar.com\/avatar\/2ee0a9b7fe10fe32bdec8bc086e871e41eb5f4f6ecbcb7b4f2fe0d92d831405f?s=96&d=mm&r=g","contentUrl":"https:\/\/secure.gravatar.com\/avatar\/2ee0a9b7fe10fe32bdec8bc086e871e41eb5f4f6ecbcb7b4f2fe0d92d831405f?s=96&d=mm&r=g","caption":"Jornal Ponto Mais"},"sameAs":["https:\/\/jornalpontomais.com\/site","jornalpontomais"],"url":"https:\/\/jornalpontomais.com\/site\/author\/jornalpontomais\/"}]}},"_links":{"self":[{"href":"https:\/\/jornalpontomais.com\/site\/wp-json\/wp\/v2\/posts\/15071","targetHints":{"allow":["GET"]}}],"collection":[{"href":"https:\/\/jornalpontomais.com\/site\/wp-json\/wp\/v2\/posts"}],"about":[{"href":"https:\/\/jornalpontomais.com\/site\/wp-json\/wp\/v2\/types\/post"}],"author":[{"embeddable":true,"href":"https:\/\/jornalpontomais.com\/site\/wp-json\/wp\/v2\/users\/2"}],"replies":[{"embeddable":true,"href":"https:\/\/jornalpontomais.com\/site\/wp-json\/wp\/v2\/comments?post=15071"}],"version-history":[{"count":1,"href":"https:\/\/jornalpontomais.com\/site\/wp-json\/wp\/v2\/posts\/15071\/revisions"}],"predecessor-version":[{"id":15072,"href":"https:\/\/jornalpontomais.com\/site\/wp-json\/wp\/v2\/posts\/15071\/revisions\/15072"}],"wp:featuredmedia":[{"embeddable":true,"href":"https:\/\/jornalpontomais.com\/site\/wp-json\/wp\/v2\/media\/3439"}],"wp:attachment":[{"href":"https:\/\/jornalpontomais.com\/site\/wp-json\/wp\/v2\/media?parent=15071"}],"wp:term":[{"taxonomy":"category","embeddable":true,"href":"https:\/\/jornalpontomais.com\/site\/wp-json\/wp\/v2\/categories?post=15071"},{"taxonomy":"post_tag","embeddable":true,"href":"https:\/\/jornalpontomais.com\/site\/wp-json\/wp\/v2\/tags?post=15071"}],"curies":[{"name":"wp","href":"https:\/\/api.w.org\/{rel}","templated":true}]}}