{"id":15065,"date":"2024-09-10T15:58:36","date_gmt":"2024-09-10T18:58:36","guid":{"rendered":"https:\/\/jornalpontomais.com\/site\/?p=15065"},"modified":"2024-09-10T15:58:36","modified_gmt":"2024-09-10T18:58:36","slug":"ze-essado-recebe-apoio-de-mais-lojistas","status":"publish","type":"post","link":"https:\/\/jornalpontomais.com\/site\/2024\/09\/10\/ze-essado-recebe-apoio-de-mais-lojistas\/","title":{"rendered":"Z\u00e9 Essado recebe apoio de mais lojistas"},"content":{"rendered":"\n<p>Em reuni\u00e3o na sede da CDL Inhumas, os candidatos a prefeito de Inhumas Z\u00e9 Essado (Uni\u00e3o Brasil) e a vice-prefeito Dr. Eur\u00edpedes Barsanulfo receberam apoio de empres\u00e1rios presentes no encontro.<br><br><\/p>\n\n\n\n<p>Com a participa\u00e7\u00e3o da presidente da CDL Inhumas, Ione Ganzaroli, seu esposo Jo\u00e3o Renato, Adilson do G\u00e1s, Milton da Loja do Marceneiro, Neivaldo do Botic\u00e1rio, entre outros grandes empres\u00e1rios da cidade, Z\u00e9 Essado compartilhou suas propostas e ouviu sugest\u00f5es. \u201cFoi um encontro muito produtivo. Pude compartilhar nosso programa de governo para os pr\u00f3ximos quatro anos, sempre com o foco em fortalecer o com\u00e9rcio local e gerar mais oportunidades para todos\u201d, destaca Z\u00e9.<br><br><\/p>\n\n\n\n<p>Entre as propostas para o setor, est\u00e3o: criar estrat\u00e9gias de atra\u00e7\u00e3o de novas ind\u00fastrias e grandes empresas, fomentar o com\u00e9rcio local, estimular a gera\u00e7\u00e3o de empregos e renda, apoiar o empreendedorismo com capacita\u00e7\u00e3o de m\u00e3o de obra, estabelecer parcerias com o Sistema S.<\/p>\n","protected":false},"excerpt":{"rendered":"<p>Em reuni\u00e3o na sede da CDL Inhumas, os candidatos a prefeito de Inhumas Z\u00e9 Essado (Uni\u00e3o Brasil) e a vice-prefeito Dr. Eur\u00edpedes Barsanulfo receberam apoio de empres\u00e1rios presentes no encontro. Com a participa\u00e7\u00e3o da presidente da CDL Inhumas, Ione Ganzaroli, seu esposo Jo\u00e3o Renato, Adilson do G\u00e1s, Milton da Loja do Marceneiro, Neivaldo do Botic\u00e1rio, [&hellip;]<\/p>\n","protected":false},"author":2,"featured_media":15066,"comment_status":"open","ping_status":"open","sticky":true,"template":"","format":"standard","meta":{"om_disable_all_campaigns":false,"_monsterinsights_skip_tracking":false,"_monsterinsights_sitenote_active":false,"_monsterinsights_sitenote_note":"","_monsterinsights_sitenote_category":0,"footnotes":""},"categories":[1],"tags":[],"class_list":["post-15065","post","type-post","status-publish","format-standard","has-post-thumbnail","hentry","category-politica"],"yoast_head":"<!-- This site is optimized with the Yoast SEO plugin v27.2 - https:\/\/yoast.com\/product\/yoast-seo-wordpress\/ -->\n<title>Z\u00e9 Essado recebe apoio de mais lojistas - Jornal Ponto Mais<\/title>\n<meta name=\"robots\" content=\"index, follow, max-snippet:-1, max-image-preview:large, max-video-preview:-1\" \/>\n<link rel=\"canonical\" href=\"https:\/\/jornalpontomais.com\/site\/2024\/09\/10\/ze-essado-recebe-apoio-de-mais-lojistas\/\" \/>\n<meta property=\"og:locale\" content=\"pt_BR\" \/>\n<meta property=\"og:type\" content=\"article\" \/>\n<meta property=\"og:title\" content=\"Z\u00e9 Essado recebe apoio de mais lojistas - Jornal Ponto Mais\" \/>\n<meta property=\"og:description\" content=\"Em reuni\u00e3o na sede da CDL Inhumas, os candidatos a prefeito de Inhumas Z\u00e9 Essado (Uni\u00e3o Brasil) e a vice-prefeito Dr. Eur\u00edpedes Barsanulfo receberam apoio de empres\u00e1rios presentes no encontro. Com a participa\u00e7\u00e3o da presidente da CDL Inhumas, Ione Ganzaroli, seu esposo Jo\u00e3o Renato, Adilson do G\u00e1s, Milton da Loja do Marceneiro, Neivaldo do Botic\u00e1rio, [&hellip;]\" \/>\n<meta property=\"og:url\" content=\"https:\/\/jornalpontomais.com\/site\/2024\/09\/10\/ze-essado-recebe-apoio-de-mais-lojistas\/\" \/>\n<meta property=\"og:site_name\" content=\"Jornal Ponto Mais\" \/>\n<meta property=\"article:published_time\" content=\"2024-09-10T18:58:36+00:00\" \/>\n<meta property=\"og:image\" content=\"https:\/\/jornalpontomais.com\/site\/wp-content\/uploads\/2024\/09\/eewggg.jpg\" \/>\n\t<meta property=\"og:image:width\" content=\"1600\" \/>\n\t<meta property=\"og:image:height\" content=\"1200\" \/>\n\t<meta property=\"og:image:type\" content=\"image\/jpeg\" \/>\n<meta name=\"author\" content=\"Jornal Ponto Mais\" \/>\n<meta name=\"twitter:card\" content=\"summary_large_image\" \/>\n<meta name=\"twitter:label1\" content=\"Escrito por\" \/>\n\t<meta name=\"twitter:data1\" content=\"Jornal Ponto Mais\" \/>\n\t<meta name=\"twitter:label2\" content=\"Est. tempo de leitura\" \/>\n\t<meta name=\"twitter:data2\" content=\"1 minuto\" \/>\n<script type=\"application\/ld+json\" class=\"yoast-schema-graph\">{\"@context\":\"https:\/\/schema.org\",\"@graph\":[{\"@type\":\"Article\",\"@id\":\"https:\/\/jornalpontomais.com\/site\/2024\/09\/10\/ze-essado-recebe-apoio-de-mais-lojistas\/#article\",\"isPartOf\":{\"@id\":\"https:\/\/jornalpontomais.com\/site\/2024\/09\/10\/ze-essado-recebe-apoio-de-mais-lojistas\/\"},\"author\":{\"name\":\"Jornal Ponto Mais\",\"@id\":\"https:\/\/jornalpontomais.com\/site\/#\/schema\/person\/18323f0b0f1355f2490721c48389fe9d\"},\"headline\":\"Z\u00e9 Essado recebe apoio de mais lojistas\",\"datePublished\":\"2024-09-10T18:58:36+00:00\",\"mainEntityOfPage\":{\"@id\":\"https:\/\/jornalpontomais.com\/site\/2024\/09\/10\/ze-essado-recebe-apoio-de-mais-lojistas\/\"},\"wordCount\":172,\"commentCount\":0,\"publisher\":{\"@id\":\"https:\/\/jornalpontomais.com\/site\/#organization\"},\"image\":{\"@id\":\"https:\/\/jornalpontomais.com\/site\/2024\/09\/10\/ze-essado-recebe-apoio-de-mais-lojistas\/#primaryimage\"},\"thumbnailUrl\":\"https:\/\/jornalpontomais.com\/site\/wp-content\/uploads\/2024\/09\/eewggg.jpg\",\"articleSection\":[\"Pol\u00edtica\"],\"inLanguage\":\"pt-BR\",\"potentialAction\":[{\"@type\":\"CommentAction\",\"name\":\"Comment\",\"target\":[\"https:\/\/jornalpontomais.com\/site\/2024\/09\/10\/ze-essado-recebe-apoio-de-mais-lojistas\/#respond\"]}]},{\"@type\":\"WebPage\",\"@id\":\"https:\/\/jornalpontomais.com\/site\/2024\/09\/10\/ze-essado-recebe-apoio-de-mais-lojistas\/\",\"url\":\"https:\/\/jornalpontomais.com\/site\/2024\/09\/10\/ze-essado-recebe-apoio-de-mais-lojistas\/\",\"name\":\"Z\u00e9 Essado recebe apoio de mais lojistas - Jornal Ponto Mais\",\"isPartOf\":{\"@id\":\"https:\/\/jornalpontomais.com\/site\/#website\"},\"primaryImageOfPage\":{\"@id\":\"https:\/\/jornalpontomais.com\/site\/2024\/09\/10\/ze-essado-recebe-apoio-de-mais-lojistas\/#primaryimage\"},\"image\":{\"@id\":\"https:\/\/jornalpontomais.com\/site\/2024\/09\/10\/ze-essado-recebe-apoio-de-mais-lojistas\/#primaryimage\"},\"thumbnailUrl\":\"https:\/\/jornalpontomais.com\/site\/wp-content\/uploads\/2024\/09\/eewggg.jpg\",\"datePublished\":\"2024-09-10T18:58:36+00:00\",\"breadcrumb\":{\"@id\":\"https:\/\/jornalpontomais.com\/site\/2024\/09\/10\/ze-essado-recebe-apoio-de-mais-lojistas\/#breadcrumb\"},\"inLanguage\":\"pt-BR\",\"potentialAction\":[{\"@type\":\"ReadAction\",\"target\":[\"https:\/\/jornalpontomais.com\/site\/2024\/09\/10\/ze-essado-recebe-apoio-de-mais-lojistas\/\"]}]},{\"@type\":\"ImageObject\",\"inLanguage\":\"pt-BR\",\"@id\":\"https:\/\/jornalpontomais.com\/site\/2024\/09\/10\/ze-essado-recebe-apoio-de-mais-lojistas\/#primaryimage\",\"url\":\"https:\/\/jornalpontomais.com\/site\/wp-content\/uploads\/2024\/09\/eewggg.jpg\",\"contentUrl\":\"https:\/\/jornalpontomais.com\/site\/wp-content\/uploads\/2024\/09\/eewggg.jpg\",\"width\":1600,\"height\":1200},{\"@type\":\"BreadcrumbList\",\"@id\":\"https:\/\/jornalpontomais.com\/site\/2024\/09\/10\/ze-essado-recebe-apoio-de-mais-lojistas\/#breadcrumb\",\"itemListElement\":[{\"@type\":\"ListItem\",\"position\":1,\"name\":\"In\u00edcio\",\"item\":\"https:\/\/jornalpontomais.com\/site\/\"},{\"@type\":\"ListItem\",\"position\":2,\"name\":\"Z\u00e9 Essado recebe apoio de mais lojistas\"}]},{\"@type\":\"WebSite\",\"@id\":\"https:\/\/jornalpontomais.com\/site\/#website\",\"url\":\"https:\/\/jornalpontomais.com\/site\/\",\"name\":\"Jornal Ponto Mais\",\"description\":\"As principais not\u00edcias do Brasil e do mundo. Confira!\",\"publisher\":{\"@id\":\"https:\/\/jornalpontomais.com\/site\/#organization\"},\"potentialAction\":[{\"@type\":\"SearchAction\",\"target\":{\"@type\":\"EntryPoint\",\"urlTemplate\":\"https:\/\/jornalpontomais.com\/site\/?s={search_term_string}\"},\"query-input\":{\"@type\":\"PropertyValueSpecification\",\"valueRequired\":true,\"valueName\":\"search_term_string\"}}],\"inLanguage\":\"pt-BR\"},{\"@type\":\"Organization\",\"@id\":\"https:\/\/jornalpontomais.com\/site\/#organization\",\"name\":\"Jornal Ponto+\",\"url\":\"https:\/\/jornalpontomais.com\/site\/\",\"logo\":{\"@type\":\"ImageObject\",\"inLanguage\":\"pt-BR\",\"@id\":\"https:\/\/jornalpontomais.com\/site\/#\/schema\/logo\/image\/\",\"url\":\"https:\/\/jornalpontomais.com\/site\/wp-content\/uploads\/2022\/01\/marca.png\",\"contentUrl\":\"https:\/\/jornalpontomais.com\/site\/wp-content\/uploads\/2022\/01\/marca.png\",\"width\":582,\"height\":148,\"caption\":\"Jornal Ponto+\"},\"image\":{\"@id\":\"https:\/\/jornalpontomais.com\/site\/#\/schema\/logo\/image\/\"}},{\"@type\":\"Person\",\"@id\":\"https:\/\/jornalpontomais.com\/site\/#\/schema\/person\/18323f0b0f1355f2490721c48389fe9d\",\"name\":\"Jornal Ponto Mais\",\"image\":{\"@type\":\"ImageObject\",\"inLanguage\":\"pt-BR\",\"@id\":\"https:\/\/secure.gravatar.com\/avatar\/2ee0a9b7fe10fe32bdec8bc086e871e41eb5f4f6ecbcb7b4f2fe0d92d831405f?s=96&d=mm&r=g\",\"url\":\"https:\/\/secure.gravatar.com\/avatar\/2ee0a9b7fe10fe32bdec8bc086e871e41eb5f4f6ecbcb7b4f2fe0d92d831405f?s=96&d=mm&r=g\",\"contentUrl\":\"https:\/\/secure.gravatar.com\/avatar\/2ee0a9b7fe10fe32bdec8bc086e871e41eb5f4f6ecbcb7b4f2fe0d92d831405f?s=96&d=mm&r=g\",\"caption\":\"Jornal Ponto Mais\"},\"sameAs\":[\"https:\/\/jornalpontomais.com\/site\",\"jornalpontomais\"],\"url\":\"https:\/\/jornalpontomais.com\/site\/author\/jornalpontomais\/\"}]}<\/script>\n<!-- \/ Yoast SEO plugin. -->","yoast_head_json":{"title":"Z\u00e9 Essado recebe apoio de mais lojistas - Jornal Ponto Mais","robots":{"index":"index","follow":"follow","max-snippet":"max-snippet:-1","max-image-preview":"max-image-preview:large","max-video-preview":"max-video-preview:-1"},"canonical":"https:\/\/jornalpontomais.com\/site\/2024\/09\/10\/ze-essado-recebe-apoio-de-mais-lojistas\/","og_locale":"pt_BR","og_type":"article","og_title":"Z\u00e9 Essado recebe apoio de mais lojistas - Jornal Ponto Mais","og_description":"Em reuni\u00e3o na sede da CDL Inhumas, os candidatos a prefeito de Inhumas Z\u00e9 Essado (Uni\u00e3o Brasil) e a vice-prefeito Dr. Eur\u00edpedes Barsanulfo receberam apoio de empres\u00e1rios presentes no encontro. Com a participa\u00e7\u00e3o da presidente da CDL Inhumas, Ione Ganzaroli, seu esposo Jo\u00e3o Renato, Adilson do G\u00e1s, Milton da Loja do Marceneiro, Neivaldo do Botic\u00e1rio, [&hellip;]","og_url":"https:\/\/jornalpontomais.com\/site\/2024\/09\/10\/ze-essado-recebe-apoio-de-mais-lojistas\/","og_site_name":"Jornal Ponto Mais","article_published_time":"2024-09-10T18:58:36+00:00","og_image":[{"width":1600,"height":1200,"url":"https:\/\/jornalpontomais.com\/site\/wp-content\/uploads\/2024\/09\/eewggg.jpg","type":"image\/jpeg"}],"author":"Jornal Ponto Mais","twitter_card":"summary_large_image","twitter_misc":{"Escrito por":"Jornal Ponto Mais","Est. tempo de leitura":"1 minuto"},"schema":{"@context":"https:\/\/schema.org","@graph":[{"@type":"Article","@id":"https:\/\/jornalpontomais.com\/site\/2024\/09\/10\/ze-essado-recebe-apoio-de-mais-lojistas\/#article","isPartOf":{"@id":"https:\/\/jornalpontomais.com\/site\/2024\/09\/10\/ze-essado-recebe-apoio-de-mais-lojistas\/"},"author":{"name":"Jornal Ponto Mais","@id":"https:\/\/jornalpontomais.com\/site\/#\/schema\/person\/18323f0b0f1355f2490721c48389fe9d"},"headline":"Z\u00e9 Essado recebe apoio de mais lojistas","datePublished":"2024-09-10T18:58:36+00:00","mainEntityOfPage":{"@id":"https:\/\/jornalpontomais.com\/site\/2024\/09\/10\/ze-essado-recebe-apoio-de-mais-lojistas\/"},"wordCount":172,"commentCount":0,"publisher":{"@id":"https:\/\/jornalpontomais.com\/site\/#organization"},"image":{"@id":"https:\/\/jornalpontomais.com\/site\/2024\/09\/10\/ze-essado-recebe-apoio-de-mais-lojistas\/#primaryimage"},"thumbnailUrl":"https:\/\/jornalpontomais.com\/site\/wp-content\/uploads\/2024\/09\/eewggg.jpg","articleSection":["Pol\u00edtica"],"inLanguage":"pt-BR","potentialAction":[{"@type":"CommentAction","name":"Comment","target":["https:\/\/jornalpontomais.com\/site\/2024\/09\/10\/ze-essado-recebe-apoio-de-mais-lojistas\/#respond"]}]},{"@type":"WebPage","@id":"https:\/\/jornalpontomais.com\/site\/2024\/09\/10\/ze-essado-recebe-apoio-de-mais-lojistas\/","url":"https:\/\/jornalpontomais.com\/site\/2024\/09\/10\/ze-essado-recebe-apoio-de-mais-lojistas\/","name":"Z\u00e9 Essado recebe apoio de mais lojistas - Jornal Ponto Mais","isPartOf":{"@id":"https:\/\/jornalpontomais.com\/site\/#website"},"primaryImageOfPage":{"@id":"https:\/\/jornalpontomais.com\/site\/2024\/09\/10\/ze-essado-recebe-apoio-de-mais-lojistas\/#primaryimage"},"image":{"@id":"https:\/\/jornalpontomais.com\/site\/2024\/09\/10\/ze-essado-recebe-apoio-de-mais-lojistas\/#primaryimage"},"thumbnailUrl":"https:\/\/jornalpontomais.com\/site\/wp-content\/uploads\/2024\/09\/eewggg.jpg","datePublished":"2024-09-10T18:58:36+00:00","breadcrumb":{"@id":"https:\/\/jornalpontomais.com\/site\/2024\/09\/10\/ze-essado-recebe-apoio-de-mais-lojistas\/#breadcrumb"},"inLanguage":"pt-BR","potentialAction":[{"@type":"ReadAction","target":["https:\/\/jornalpontomais.com\/site\/2024\/09\/10\/ze-essado-recebe-apoio-de-mais-lojistas\/"]}]},{"@type":"ImageObject","inLanguage":"pt-BR","@id":"https:\/\/jornalpontomais.com\/site\/2024\/09\/10\/ze-essado-recebe-apoio-de-mais-lojistas\/#primaryimage","url":"https:\/\/jornalpontomais.com\/site\/wp-content\/uploads\/2024\/09\/eewggg.jpg","contentUrl":"https:\/\/jornalpontomais.com\/site\/wp-content\/uploads\/2024\/09\/eewggg.jpg","width":1600,"height":1200},{"@type":"BreadcrumbList","@id":"https:\/\/jornalpontomais.com\/site\/2024\/09\/10\/ze-essado-recebe-apoio-de-mais-lojistas\/#breadcrumb","itemListElement":[{"@type":"ListItem","position":1,"name":"In\u00edcio","item":"https:\/\/jornalpontomais.com\/site\/"},{"@type":"ListItem","position":2,"name":"Z\u00e9 Essado recebe apoio de mais lojistas"}]},{"@type":"WebSite","@id":"https:\/\/jornalpontomais.com\/site\/#website","url":"https:\/\/jornalpontomais.com\/site\/","name":"Jornal Ponto Mais","description":"As principais not\u00edcias do Brasil e do mundo. Confira!","publisher":{"@id":"https:\/\/jornalpontomais.com\/site\/#organization"},"potentialAction":[{"@type":"SearchAction","target":{"@type":"EntryPoint","urlTemplate":"https:\/\/jornalpontomais.com\/site\/?s={search_term_string}"},"query-input":{"@type":"PropertyValueSpecification","valueRequired":true,"valueName":"search_term_string"}}],"inLanguage":"pt-BR"},{"@type":"Organization","@id":"https:\/\/jornalpontomais.com\/site\/#organization","name":"Jornal Ponto+","url":"https:\/\/jornalpontomais.com\/site\/","logo":{"@type":"ImageObject","inLanguage":"pt-BR","@id":"https:\/\/jornalpontomais.com\/site\/#\/schema\/logo\/image\/","url":"https:\/\/jornalpontomais.com\/site\/wp-content\/uploads\/2022\/01\/marca.png","contentUrl":"https:\/\/jornalpontomais.com\/site\/wp-content\/uploads\/2022\/01\/marca.png","width":582,"height":148,"caption":"Jornal Ponto+"},"image":{"@id":"https:\/\/jornalpontomais.com\/site\/#\/schema\/logo\/image\/"}},{"@type":"Person","@id":"https:\/\/jornalpontomais.com\/site\/#\/schema\/person\/18323f0b0f1355f2490721c48389fe9d","name":"Jornal Ponto Mais","image":{"@type":"ImageObject","inLanguage":"pt-BR","@id":"https:\/\/secure.gravatar.com\/avatar\/2ee0a9b7fe10fe32bdec8bc086e871e41eb5f4f6ecbcb7b4f2fe0d92d831405f?s=96&d=mm&r=g","url":"https:\/\/secure.gravatar.com\/avatar\/2ee0a9b7fe10fe32bdec8bc086e871e41eb5f4f6ecbcb7b4f2fe0d92d831405f?s=96&d=mm&r=g","contentUrl":"https:\/\/secure.gravatar.com\/avatar\/2ee0a9b7fe10fe32bdec8bc086e871e41eb5f4f6ecbcb7b4f2fe0d92d831405f?s=96&d=mm&r=g","caption":"Jornal Ponto Mais"},"sameAs":["https:\/\/jornalpontomais.com\/site","jornalpontomais"],"url":"https:\/\/jornalpontomais.com\/site\/author\/jornalpontomais\/"}]}},"_links":{"self":[{"href":"https:\/\/jornalpontomais.com\/site\/wp-json\/wp\/v2\/posts\/15065","targetHints":{"allow":["GET"]}}],"collection":[{"href":"https:\/\/jornalpontomais.com\/site\/wp-json\/wp\/v2\/posts"}],"about":[{"href":"https:\/\/jornalpontomais.com\/site\/wp-json\/wp\/v2\/types\/post"}],"author":[{"embeddable":true,"href":"https:\/\/jornalpontomais.com\/site\/wp-json\/wp\/v2\/users\/2"}],"replies":[{"embeddable":true,"href":"https:\/\/jornalpontomais.com\/site\/wp-json\/wp\/v2\/comments?post=15065"}],"version-history":[{"count":1,"href":"https:\/\/jornalpontomais.com\/site\/wp-json\/wp\/v2\/posts\/15065\/revisions"}],"predecessor-version":[{"id":15067,"href":"https:\/\/jornalpontomais.com\/site\/wp-json\/wp\/v2\/posts\/15065\/revisions\/15067"}],"wp:featuredmedia":[{"embeddable":true,"href":"https:\/\/jornalpontomais.com\/site\/wp-json\/wp\/v2\/media\/15066"}],"wp:attachment":[{"href":"https:\/\/jornalpontomais.com\/site\/wp-json\/wp\/v2\/media?parent=15065"}],"wp:term":[{"taxonomy":"category","embeddable":true,"href":"https:\/\/jornalpontomais.com\/site\/wp-json\/wp\/v2\/categories?post=15065"},{"taxonomy":"post_tag","embeddable":true,"href":"https:\/\/jornalpontomais.com\/site\/wp-json\/wp\/v2\/tags?post=15065"}],"curies":[{"name":"wp","href":"https:\/\/api.w.org\/{rel}","templated":true}]}}