{"id":15055,"date":"2024-09-10T09:37:29","date_gmt":"2024-09-10T12:37:29","guid":{"rendered":"https:\/\/jornalpontomais.com\/site\/?p=15055"},"modified":"2024-09-10T09:38:26","modified_gmt":"2024-09-10T12:38:26","slug":"prestacao-parcial-de-contas-de-campanha-vao-ate-a-proxima-sexta-feira-13","status":"publish","type":"post","link":"https:\/\/jornalpontomais.com\/site\/2024\/09\/10\/prestacao-parcial-de-contas-de-campanha-vao-ate-a-proxima-sexta-feira-13\/","title":{"rendered":"Presta\u00e7\u00e3o parcial de contas de campanha v\u00e3o at\u00e9 a pr\u00f3xima sexta-feira, 13"},"content":{"rendered":"\n<p>Come\u00e7ou nesta segunda-feira, 9, o prazo para candidatas, candidatos e partidos participantes das Elei\u00e7\u00f5es Municipais de 2024 enviarem as presta\u00e7\u00f5es de contas parciais das respectivas campanhas \u00e0 Justi\u00e7a Eleitoral. O prazo se encerra nesta sexta-feira (13). A documenta\u00e7\u00e3o deve ser registrada no\u00a0<a href=\"https:\/\/www.tse.jus.br\/eleicoes\/eleicoes-2022\/prestacao-de-contas\/sistema-de-prestacao-de-contas-eleitorais-spce\">Sistema de Presta\u00e7\u00e3o de Contas Eleitorais (SPCE)<\/a>\u00a0e deve incluir todas as movimenta\u00e7\u00f5es de dinheiro realizadas desde o come\u00e7o da campanha at\u00e9 o dia 8 de setembro.\u00a0\u00a0<br><br><\/p>\n\n\n\n<p>Essa obriga\u00e7\u00e3o est\u00e1 prevista na\u00a0Resolu\u00e7\u00e3o do Tribunal Superior Eleitoral (TSE) n\u00ba 23.607\/2019, artigo 47, par\u00e1grafo 4\u00ba, conforme disposto\u00a0no inciso II, artigo 28, par\u00e1grafo 4\u00ba, da Lei n\u00ba 9.504\/1997, a Lei das Elei\u00e7\u00f5es.\u00a0<br><br><\/p>\n\n\n\n<p>Para os partidos e candidatos, \u00e9 fundamental cumprir essa obriga\u00e7\u00e3o no prazo estabelecido, conforme o\u00a0calend\u00e1rio eleitoral. A n\u00e3o apresenta\u00e7\u00e3o tempestiva da presta\u00e7\u00e3o de contas parcial ou a sua entrega de forma que n\u00e3o corresponda \u00e0 efetiva movimenta\u00e7\u00e3o de recursos caracteriza infra\u00e7\u00e3o grave \u2013 salvo justificativa acolhida pela Justi\u00e7a Eleitoral \u2013, que ser\u00e1 apurada no julgamento da presta\u00e7\u00e3o de contas final.\u00a0<br><br><\/p>\n\n\n\n<p>A presta\u00e7\u00e3o de contas, al\u00e9m de ser uma exig\u00eancia legal, \u00e9 uma pr\u00e1tica que refor\u00e7a o compromisso de partidos, candidatas e candidatos com a transpar\u00eancia e com o respeito \u00e0s normas eleitorais. Ao prestar contas de forma clara e precisa, contribui-se para a celeridade e a lisura do processo eleitoral e para a confian\u00e7a da popula\u00e7\u00e3o nas institui\u00e7\u00f5es democr\u00e1ticas.\u00a0<br><br><\/p>\n\n\n\n<p><strong>Divulga\u00e7\u00e3o\u00a0<\/strong><\/p>\n\n\n\n<p>As informa\u00e7\u00f5es prestadas ser\u00e3o disponibilizadas\u00a0posteriormente\u00a0no sistema\u00a0<a href=\"https:\/\/divulgacandcontas.tse.jus.br\/divulga\/#\/home\"><strong>DivulgaCandContas<\/strong><\/a>, que \u00e9 acess\u00edvel ao p\u00fablico. Esse sistema permite que qualquer cidad\u00e3 ou cidad\u00e3o consulte as contas de campanha de todas as candidaturas e de todos os partidos, promovendo a transpar\u00eancia e permitindo o controle social sobre as finan\u00e7as eleitorais.\u00a0\u00a0<br><br><\/p>\n\n\n\n<p>No\u00a0<a href=\"https:\/\/divulgacandcontas.tse.jus.br\/divulga\/#\/home\"><strong>DivulgaCandContas<\/strong><\/a>, \u00e9 poss\u00edvel verificar detalhes como doa\u00e7\u00f5es recebidas, despesas realizadas e origem dos recursos utilizados na campanha.\u00a0<\/p>\n","protected":false},"excerpt":{"rendered":"<p>Come\u00e7ou nesta segunda-feira, 9, o prazo para candidatas, candidatos e partidos participantes das Elei\u00e7\u00f5es Municipais de 2024 enviarem as presta\u00e7\u00f5es de contas parciais das respectivas campanhas \u00e0 Justi\u00e7a Eleitoral. O prazo se encerra nesta sexta-feira (13). A documenta\u00e7\u00e3o deve ser registrada no\u00a0Sistema de Presta\u00e7\u00e3o de Contas Eleitorais (SPCE)\u00a0e deve incluir todas as movimenta\u00e7\u00f5es de dinheiro [&hellip;]<\/p>\n","protected":false},"author":2,"featured_media":15056,"comment_status":"open","ping_status":"open","sticky":true,"template":"","format":"standard","meta":{"om_disable_all_campaigns":false,"_monsterinsights_skip_tracking":false,"_monsterinsights_sitenote_active":false,"_monsterinsights_sitenote_note":"","_monsterinsights_sitenote_category":0,"footnotes":""},"categories":[1],"tags":[],"class_list":["post-15055","post","type-post","status-publish","format-standard","has-post-thumbnail","hentry","category-politica"],"yoast_head":"<!-- This site is optimized with the Yoast SEO plugin v27.2 - https:\/\/yoast.com\/product\/yoast-seo-wordpress\/ -->\n<title>Presta\u00e7\u00e3o parcial de contas de campanha v\u00e3o at\u00e9 a pr\u00f3xima sexta-feira, 13 - Jornal Ponto Mais<\/title>\n<meta name=\"robots\" content=\"index, follow, max-snippet:-1, max-image-preview:large, max-video-preview:-1\" \/>\n<link rel=\"canonical\" href=\"https:\/\/jornalpontomais.com\/site\/2024\/09\/10\/prestacao-parcial-de-contas-de-campanha-vao-ate-a-proxima-sexta-feira-13\/\" \/>\n<meta property=\"og:locale\" content=\"pt_BR\" \/>\n<meta property=\"og:type\" content=\"article\" \/>\n<meta property=\"og:title\" content=\"Presta\u00e7\u00e3o parcial de contas de campanha v\u00e3o at\u00e9 a pr\u00f3xima sexta-feira, 13 - Jornal Ponto Mais\" \/>\n<meta property=\"og:description\" content=\"Come\u00e7ou nesta segunda-feira, 9, o prazo para candidatas, candidatos e partidos participantes das Elei\u00e7\u00f5es Municipais de 2024 enviarem as presta\u00e7\u00f5es de contas parciais das respectivas campanhas \u00e0 Justi\u00e7a Eleitoral. O prazo se encerra nesta sexta-feira (13). A documenta\u00e7\u00e3o deve ser registrada no\u00a0Sistema de Presta\u00e7\u00e3o de Contas Eleitorais (SPCE)\u00a0e deve incluir todas as movimenta\u00e7\u00f5es de dinheiro [&hellip;]\" \/>\n<meta property=\"og:url\" content=\"https:\/\/jornalpontomais.com\/site\/2024\/09\/10\/prestacao-parcial-de-contas-de-campanha-vao-ate-a-proxima-sexta-feira-13\/\" \/>\n<meta property=\"og:site_name\" content=\"Jornal Ponto Mais\" \/>\n<meta property=\"article:published_time\" content=\"2024-09-10T12:37:29+00:00\" \/>\n<meta property=\"article:modified_time\" content=\"2024-09-10T12:38:26+00:00\" \/>\n<meta property=\"og:image\" content=\"https:\/\/jornalpontomais.com\/site\/wp-content\/uploads\/2024\/09\/img20201112105240586-768x453-1.jpg\" \/>\n\t<meta property=\"og:image:width\" content=\"768\" \/>\n\t<meta property=\"og:image:height\" content=\"453\" \/>\n\t<meta property=\"og:image:type\" content=\"image\/jpeg\" \/>\n<meta name=\"author\" content=\"Jornal Ponto Mais\" \/>\n<meta name=\"twitter:card\" content=\"summary_large_image\" \/>\n<meta name=\"twitter:label1\" content=\"Escrito por\" \/>\n\t<meta name=\"twitter:data1\" content=\"Jornal Ponto Mais\" \/>\n\t<meta name=\"twitter:label2\" content=\"Est. tempo de leitura\" \/>\n\t<meta name=\"twitter:data2\" content=\"2 minutos\" \/>\n<script type=\"application\/ld+json\" class=\"yoast-schema-graph\">{\"@context\":\"https:\/\/schema.org\",\"@graph\":[{\"@type\":\"Article\",\"@id\":\"https:\/\/jornalpontomais.com\/site\/2024\/09\/10\/prestacao-parcial-de-contas-de-campanha-vao-ate-a-proxima-sexta-feira-13\/#article\",\"isPartOf\":{\"@id\":\"https:\/\/jornalpontomais.com\/site\/2024\/09\/10\/prestacao-parcial-de-contas-de-campanha-vao-ate-a-proxima-sexta-feira-13\/\"},\"author\":{\"name\":\"Jornal Ponto Mais\",\"@id\":\"https:\/\/jornalpontomais.com\/site\/#\/schema\/person\/18323f0b0f1355f2490721c48389fe9d\"},\"headline\":\"Presta\u00e7\u00e3o parcial de contas de campanha v\u00e3o at\u00e9 a pr\u00f3xima sexta-feira, 13\",\"datePublished\":\"2024-09-10T12:37:29+00:00\",\"dateModified\":\"2024-09-10T12:38:26+00:00\",\"mainEntityOfPage\":{\"@id\":\"https:\/\/jornalpontomais.com\/site\/2024\/09\/10\/prestacao-parcial-de-contas-de-campanha-vao-ate-a-proxima-sexta-feira-13\/\"},\"wordCount\":329,\"commentCount\":0,\"publisher\":{\"@id\":\"https:\/\/jornalpontomais.com\/site\/#organization\"},\"image\":{\"@id\":\"https:\/\/jornalpontomais.com\/site\/2024\/09\/10\/prestacao-parcial-de-contas-de-campanha-vao-ate-a-proxima-sexta-feira-13\/#primaryimage\"},\"thumbnailUrl\":\"https:\/\/jornalpontomais.com\/site\/wp-content\/uploads\/2024\/09\/img20201112105240586-768x453-1.jpg\",\"articleSection\":[\"Pol\u00edtica\"],\"inLanguage\":\"pt-BR\",\"potentialAction\":[{\"@type\":\"CommentAction\",\"name\":\"Comment\",\"target\":[\"https:\/\/jornalpontomais.com\/site\/2024\/09\/10\/prestacao-parcial-de-contas-de-campanha-vao-ate-a-proxima-sexta-feira-13\/#respond\"]}]},{\"@type\":\"WebPage\",\"@id\":\"https:\/\/jornalpontomais.com\/site\/2024\/09\/10\/prestacao-parcial-de-contas-de-campanha-vao-ate-a-proxima-sexta-feira-13\/\",\"url\":\"https:\/\/jornalpontomais.com\/site\/2024\/09\/10\/prestacao-parcial-de-contas-de-campanha-vao-ate-a-proxima-sexta-feira-13\/\",\"name\":\"Presta\u00e7\u00e3o parcial de contas de campanha v\u00e3o at\u00e9 a pr\u00f3xima sexta-feira, 13 - Jornal Ponto Mais\",\"isPartOf\":{\"@id\":\"https:\/\/jornalpontomais.com\/site\/#website\"},\"primaryImageOfPage\":{\"@id\":\"https:\/\/jornalpontomais.com\/site\/2024\/09\/10\/prestacao-parcial-de-contas-de-campanha-vao-ate-a-proxima-sexta-feira-13\/#primaryimage\"},\"image\":{\"@id\":\"https:\/\/jornalpontomais.com\/site\/2024\/09\/10\/prestacao-parcial-de-contas-de-campanha-vao-ate-a-proxima-sexta-feira-13\/#primaryimage\"},\"thumbnailUrl\":\"https:\/\/jornalpontomais.com\/site\/wp-content\/uploads\/2024\/09\/img20201112105240586-768x453-1.jpg\",\"datePublished\":\"2024-09-10T12:37:29+00:00\",\"dateModified\":\"2024-09-10T12:38:26+00:00\",\"breadcrumb\":{\"@id\":\"https:\/\/jornalpontomais.com\/site\/2024\/09\/10\/prestacao-parcial-de-contas-de-campanha-vao-ate-a-proxima-sexta-feira-13\/#breadcrumb\"},\"inLanguage\":\"pt-BR\",\"potentialAction\":[{\"@type\":\"ReadAction\",\"target\":[\"https:\/\/jornalpontomais.com\/site\/2024\/09\/10\/prestacao-parcial-de-contas-de-campanha-vao-ate-a-proxima-sexta-feira-13\/\"]}]},{\"@type\":\"ImageObject\",\"inLanguage\":\"pt-BR\",\"@id\":\"https:\/\/jornalpontomais.com\/site\/2024\/09\/10\/prestacao-parcial-de-contas-de-campanha-vao-ate-a-proxima-sexta-feira-13\/#primaryimage\",\"url\":\"https:\/\/jornalpontomais.com\/site\/wp-content\/uploads\/2024\/09\/img20201112105240586-768x453-1.jpg\",\"contentUrl\":\"https:\/\/jornalpontomais.com\/site\/wp-content\/uploads\/2024\/09\/img20201112105240586-768x453-1.jpg\",\"width\":768,\"height\":453},{\"@type\":\"BreadcrumbList\",\"@id\":\"https:\/\/jornalpontomais.com\/site\/2024\/09\/10\/prestacao-parcial-de-contas-de-campanha-vao-ate-a-proxima-sexta-feira-13\/#breadcrumb\",\"itemListElement\":[{\"@type\":\"ListItem\",\"position\":1,\"name\":\"In\u00edcio\",\"item\":\"https:\/\/jornalpontomais.com\/site\/\"},{\"@type\":\"ListItem\",\"position\":2,\"name\":\"Presta\u00e7\u00e3o parcial de contas de campanha v\u00e3o at\u00e9 a pr\u00f3xima sexta-feira, 13\"}]},{\"@type\":\"WebSite\",\"@id\":\"https:\/\/jornalpontomais.com\/site\/#website\",\"url\":\"https:\/\/jornalpontomais.com\/site\/\",\"name\":\"Jornal Ponto Mais\",\"description\":\"As principais not\u00edcias do Brasil e do mundo. Confira!\",\"publisher\":{\"@id\":\"https:\/\/jornalpontomais.com\/site\/#organization\"},\"potentialAction\":[{\"@type\":\"SearchAction\",\"target\":{\"@type\":\"EntryPoint\",\"urlTemplate\":\"https:\/\/jornalpontomais.com\/site\/?s={search_term_string}\"},\"query-input\":{\"@type\":\"PropertyValueSpecification\",\"valueRequired\":true,\"valueName\":\"search_term_string\"}}],\"inLanguage\":\"pt-BR\"},{\"@type\":\"Organization\",\"@id\":\"https:\/\/jornalpontomais.com\/site\/#organization\",\"name\":\"Jornal Ponto+\",\"url\":\"https:\/\/jornalpontomais.com\/site\/\",\"logo\":{\"@type\":\"ImageObject\",\"inLanguage\":\"pt-BR\",\"@id\":\"https:\/\/jornalpontomais.com\/site\/#\/schema\/logo\/image\/\",\"url\":\"https:\/\/jornalpontomais.com\/site\/wp-content\/uploads\/2022\/01\/marca.png\",\"contentUrl\":\"https:\/\/jornalpontomais.com\/site\/wp-content\/uploads\/2022\/01\/marca.png\",\"width\":582,\"height\":148,\"caption\":\"Jornal Ponto+\"},\"image\":{\"@id\":\"https:\/\/jornalpontomais.com\/site\/#\/schema\/logo\/image\/\"}},{\"@type\":\"Person\",\"@id\":\"https:\/\/jornalpontomais.com\/site\/#\/schema\/person\/18323f0b0f1355f2490721c48389fe9d\",\"name\":\"Jornal Ponto Mais\",\"image\":{\"@type\":\"ImageObject\",\"inLanguage\":\"pt-BR\",\"@id\":\"https:\/\/secure.gravatar.com\/avatar\/2ee0a9b7fe10fe32bdec8bc086e871e41eb5f4f6ecbcb7b4f2fe0d92d831405f?s=96&d=mm&r=g\",\"url\":\"https:\/\/secure.gravatar.com\/avatar\/2ee0a9b7fe10fe32bdec8bc086e871e41eb5f4f6ecbcb7b4f2fe0d92d831405f?s=96&d=mm&r=g\",\"contentUrl\":\"https:\/\/secure.gravatar.com\/avatar\/2ee0a9b7fe10fe32bdec8bc086e871e41eb5f4f6ecbcb7b4f2fe0d92d831405f?s=96&d=mm&r=g\",\"caption\":\"Jornal Ponto Mais\"},\"sameAs\":[\"https:\/\/jornalpontomais.com\/site\",\"jornalpontomais\"],\"url\":\"https:\/\/jornalpontomais.com\/site\/author\/jornalpontomais\/\"}]}<\/script>\n<!-- \/ Yoast SEO plugin. -->","yoast_head_json":{"title":"Presta\u00e7\u00e3o parcial de contas de campanha v\u00e3o at\u00e9 a pr\u00f3xima sexta-feira, 13 - Jornal Ponto Mais","robots":{"index":"index","follow":"follow","max-snippet":"max-snippet:-1","max-image-preview":"max-image-preview:large","max-video-preview":"max-video-preview:-1"},"canonical":"https:\/\/jornalpontomais.com\/site\/2024\/09\/10\/prestacao-parcial-de-contas-de-campanha-vao-ate-a-proxima-sexta-feira-13\/","og_locale":"pt_BR","og_type":"article","og_title":"Presta\u00e7\u00e3o parcial de contas de campanha v\u00e3o at\u00e9 a pr\u00f3xima sexta-feira, 13 - Jornal Ponto Mais","og_description":"Come\u00e7ou nesta segunda-feira, 9, o prazo para candidatas, candidatos e partidos participantes das Elei\u00e7\u00f5es Municipais de 2024 enviarem as presta\u00e7\u00f5es de contas parciais das respectivas campanhas \u00e0 Justi\u00e7a Eleitoral. O prazo se encerra nesta sexta-feira (13). A documenta\u00e7\u00e3o deve ser registrada no\u00a0Sistema de Presta\u00e7\u00e3o de Contas Eleitorais (SPCE)\u00a0e deve incluir todas as movimenta\u00e7\u00f5es de dinheiro [&hellip;]","og_url":"https:\/\/jornalpontomais.com\/site\/2024\/09\/10\/prestacao-parcial-de-contas-de-campanha-vao-ate-a-proxima-sexta-feira-13\/","og_site_name":"Jornal Ponto Mais","article_published_time":"2024-09-10T12:37:29+00:00","article_modified_time":"2024-09-10T12:38:26+00:00","og_image":[{"width":768,"height":453,"url":"https:\/\/jornalpontomais.com\/site\/wp-content\/uploads\/2024\/09\/img20201112105240586-768x453-1.jpg","type":"image\/jpeg"}],"author":"Jornal Ponto Mais","twitter_card":"summary_large_image","twitter_misc":{"Escrito por":"Jornal Ponto Mais","Est. tempo de leitura":"2 minutos"},"schema":{"@context":"https:\/\/schema.org","@graph":[{"@type":"Article","@id":"https:\/\/jornalpontomais.com\/site\/2024\/09\/10\/prestacao-parcial-de-contas-de-campanha-vao-ate-a-proxima-sexta-feira-13\/#article","isPartOf":{"@id":"https:\/\/jornalpontomais.com\/site\/2024\/09\/10\/prestacao-parcial-de-contas-de-campanha-vao-ate-a-proxima-sexta-feira-13\/"},"author":{"name":"Jornal Ponto Mais","@id":"https:\/\/jornalpontomais.com\/site\/#\/schema\/person\/18323f0b0f1355f2490721c48389fe9d"},"headline":"Presta\u00e7\u00e3o parcial de contas de campanha v\u00e3o at\u00e9 a pr\u00f3xima sexta-feira, 13","datePublished":"2024-09-10T12:37:29+00:00","dateModified":"2024-09-10T12:38:26+00:00","mainEntityOfPage":{"@id":"https:\/\/jornalpontomais.com\/site\/2024\/09\/10\/prestacao-parcial-de-contas-de-campanha-vao-ate-a-proxima-sexta-feira-13\/"},"wordCount":329,"commentCount":0,"publisher":{"@id":"https:\/\/jornalpontomais.com\/site\/#organization"},"image":{"@id":"https:\/\/jornalpontomais.com\/site\/2024\/09\/10\/prestacao-parcial-de-contas-de-campanha-vao-ate-a-proxima-sexta-feira-13\/#primaryimage"},"thumbnailUrl":"https:\/\/jornalpontomais.com\/site\/wp-content\/uploads\/2024\/09\/img20201112105240586-768x453-1.jpg","articleSection":["Pol\u00edtica"],"inLanguage":"pt-BR","potentialAction":[{"@type":"CommentAction","name":"Comment","target":["https:\/\/jornalpontomais.com\/site\/2024\/09\/10\/prestacao-parcial-de-contas-de-campanha-vao-ate-a-proxima-sexta-feira-13\/#respond"]}]},{"@type":"WebPage","@id":"https:\/\/jornalpontomais.com\/site\/2024\/09\/10\/prestacao-parcial-de-contas-de-campanha-vao-ate-a-proxima-sexta-feira-13\/","url":"https:\/\/jornalpontomais.com\/site\/2024\/09\/10\/prestacao-parcial-de-contas-de-campanha-vao-ate-a-proxima-sexta-feira-13\/","name":"Presta\u00e7\u00e3o parcial de contas de campanha v\u00e3o at\u00e9 a pr\u00f3xima sexta-feira, 13 - Jornal Ponto Mais","isPartOf":{"@id":"https:\/\/jornalpontomais.com\/site\/#website"},"primaryImageOfPage":{"@id":"https:\/\/jornalpontomais.com\/site\/2024\/09\/10\/prestacao-parcial-de-contas-de-campanha-vao-ate-a-proxima-sexta-feira-13\/#primaryimage"},"image":{"@id":"https:\/\/jornalpontomais.com\/site\/2024\/09\/10\/prestacao-parcial-de-contas-de-campanha-vao-ate-a-proxima-sexta-feira-13\/#primaryimage"},"thumbnailUrl":"https:\/\/jornalpontomais.com\/site\/wp-content\/uploads\/2024\/09\/img20201112105240586-768x453-1.jpg","datePublished":"2024-09-10T12:37:29+00:00","dateModified":"2024-09-10T12:38:26+00:00","breadcrumb":{"@id":"https:\/\/jornalpontomais.com\/site\/2024\/09\/10\/prestacao-parcial-de-contas-de-campanha-vao-ate-a-proxima-sexta-feira-13\/#breadcrumb"},"inLanguage":"pt-BR","potentialAction":[{"@type":"ReadAction","target":["https:\/\/jornalpontomais.com\/site\/2024\/09\/10\/prestacao-parcial-de-contas-de-campanha-vao-ate-a-proxima-sexta-feira-13\/"]}]},{"@type":"ImageObject","inLanguage":"pt-BR","@id":"https:\/\/jornalpontomais.com\/site\/2024\/09\/10\/prestacao-parcial-de-contas-de-campanha-vao-ate-a-proxima-sexta-feira-13\/#primaryimage","url":"https:\/\/jornalpontomais.com\/site\/wp-content\/uploads\/2024\/09\/img20201112105240586-768x453-1.jpg","contentUrl":"https:\/\/jornalpontomais.com\/site\/wp-content\/uploads\/2024\/09\/img20201112105240586-768x453-1.jpg","width":768,"height":453},{"@type":"BreadcrumbList","@id":"https:\/\/jornalpontomais.com\/site\/2024\/09\/10\/prestacao-parcial-de-contas-de-campanha-vao-ate-a-proxima-sexta-feira-13\/#breadcrumb","itemListElement":[{"@type":"ListItem","position":1,"name":"In\u00edcio","item":"https:\/\/jornalpontomais.com\/site\/"},{"@type":"ListItem","position":2,"name":"Presta\u00e7\u00e3o parcial de contas de campanha v\u00e3o at\u00e9 a pr\u00f3xima sexta-feira, 13"}]},{"@type":"WebSite","@id":"https:\/\/jornalpontomais.com\/site\/#website","url":"https:\/\/jornalpontomais.com\/site\/","name":"Jornal Ponto Mais","description":"As principais not\u00edcias do Brasil e do mundo. Confira!","publisher":{"@id":"https:\/\/jornalpontomais.com\/site\/#organization"},"potentialAction":[{"@type":"SearchAction","target":{"@type":"EntryPoint","urlTemplate":"https:\/\/jornalpontomais.com\/site\/?s={search_term_string}"},"query-input":{"@type":"PropertyValueSpecification","valueRequired":true,"valueName":"search_term_string"}}],"inLanguage":"pt-BR"},{"@type":"Organization","@id":"https:\/\/jornalpontomais.com\/site\/#organization","name":"Jornal Ponto+","url":"https:\/\/jornalpontomais.com\/site\/","logo":{"@type":"ImageObject","inLanguage":"pt-BR","@id":"https:\/\/jornalpontomais.com\/site\/#\/schema\/logo\/image\/","url":"https:\/\/jornalpontomais.com\/site\/wp-content\/uploads\/2022\/01\/marca.png","contentUrl":"https:\/\/jornalpontomais.com\/site\/wp-content\/uploads\/2022\/01\/marca.png","width":582,"height":148,"caption":"Jornal Ponto+"},"image":{"@id":"https:\/\/jornalpontomais.com\/site\/#\/schema\/logo\/image\/"}},{"@type":"Person","@id":"https:\/\/jornalpontomais.com\/site\/#\/schema\/person\/18323f0b0f1355f2490721c48389fe9d","name":"Jornal Ponto Mais","image":{"@type":"ImageObject","inLanguage":"pt-BR","@id":"https:\/\/secure.gravatar.com\/avatar\/2ee0a9b7fe10fe32bdec8bc086e871e41eb5f4f6ecbcb7b4f2fe0d92d831405f?s=96&d=mm&r=g","url":"https:\/\/secure.gravatar.com\/avatar\/2ee0a9b7fe10fe32bdec8bc086e871e41eb5f4f6ecbcb7b4f2fe0d92d831405f?s=96&d=mm&r=g","contentUrl":"https:\/\/secure.gravatar.com\/avatar\/2ee0a9b7fe10fe32bdec8bc086e871e41eb5f4f6ecbcb7b4f2fe0d92d831405f?s=96&d=mm&r=g","caption":"Jornal Ponto Mais"},"sameAs":["https:\/\/jornalpontomais.com\/site","jornalpontomais"],"url":"https:\/\/jornalpontomais.com\/site\/author\/jornalpontomais\/"}]}},"_links":{"self":[{"href":"https:\/\/jornalpontomais.com\/site\/wp-json\/wp\/v2\/posts\/15055","targetHints":{"allow":["GET"]}}],"collection":[{"href":"https:\/\/jornalpontomais.com\/site\/wp-json\/wp\/v2\/posts"}],"about":[{"href":"https:\/\/jornalpontomais.com\/site\/wp-json\/wp\/v2\/types\/post"}],"author":[{"embeddable":true,"href":"https:\/\/jornalpontomais.com\/site\/wp-json\/wp\/v2\/users\/2"}],"replies":[{"embeddable":true,"href":"https:\/\/jornalpontomais.com\/site\/wp-json\/wp\/v2\/comments?post=15055"}],"version-history":[{"count":2,"href":"https:\/\/jornalpontomais.com\/site\/wp-json\/wp\/v2\/posts\/15055\/revisions"}],"predecessor-version":[{"id":15059,"href":"https:\/\/jornalpontomais.com\/site\/wp-json\/wp\/v2\/posts\/15055\/revisions\/15059"}],"wp:featuredmedia":[{"embeddable":true,"href":"https:\/\/jornalpontomais.com\/site\/wp-json\/wp\/v2\/media\/15056"}],"wp:attachment":[{"href":"https:\/\/jornalpontomais.com\/site\/wp-json\/wp\/v2\/media?parent=15055"}],"wp:term":[{"taxonomy":"category","embeddable":true,"href":"https:\/\/jornalpontomais.com\/site\/wp-json\/wp\/v2\/categories?post=15055"},{"taxonomy":"post_tag","embeddable":true,"href":"https:\/\/jornalpontomais.com\/site\/wp-json\/wp\/v2\/tags?post=15055"}],"curies":[{"name":"wp","href":"https:\/\/api.w.org\/{rel}","templated":true}]}}