{"id":15047,"date":"2024-09-09T13:27:04","date_gmt":"2024-09-09T16:27:04","guid":{"rendered":"https:\/\/jornalpontomais.com\/site\/?p=15047"},"modified":"2024-09-09T13:27:05","modified_gmt":"2024-09-09T16:27:05","slug":"ccj-da-camara-vota-anistia-a-presos-do-8-1-e-analisa-projetos-contra-stf","status":"publish","type":"post","link":"https:\/\/jornalpontomais.com\/site\/2024\/09\/09\/ccj-da-camara-vota-anistia-a-presos-do-8-1-e-analisa-projetos-contra-stf\/","title":{"rendered":"CCJ da C\u00e2mara vota anistia a presos do 8\/1 e analisa projetos contra STF"},"content":{"rendered":"\n<p>A Comiss\u00e3o de Constitui\u00e7\u00e3o e Justi\u00e7a (CCJ) da C\u00e2mara dos Deputados pode votar nesta ter\u00e7a-feira (10) um projeto de lei que concede anistia aos envolvidos nos atos contra o resultado da elei\u00e7\u00e3o presidencial de outubro de 2022. A CCJ tamb\u00e9m discutir\u00e1 quatro projetos de lei que visam limitar as a\u00e7\u00f5es do Supremo Tribunal Federal (STF) no mesmo dia.<br><br><\/p>\n\n\n\n<p>O projeto de anistia abrange atos que inclu\u00edram bloqueios de estradas e acampamentos em frente aos quart\u00e9is, culminando com a invas\u00e3o dos Tr\u00eas Poderes em Bras\u00edlia no dia 8 de janeiro de 2023. A proposta isenta de puni\u00e7\u00f5es os manifestantes, caminhoneiros, empres\u00e1rios e outros participantes das manifesta\u00e7\u00f5es ocorridas entre 30 de outubro de 2022 e a data de vig\u00eancia da lei.<br><br><\/p>\n\n\n\n<p>A vota\u00e7\u00e3o ocorre tr\u00eas dias ap\u00f3s uma manifesta\u00e7\u00e3o na avenida Paulista, em S\u00e3o Paulo, que pediu a anistia para os envolvidos nos atos contra a elei\u00e7\u00e3o e o impeachment do ministro Alexandre de Moraes, do STF, que conduz as investiga\u00e7\u00f5es sobre a tentativa de golpe.<br><br><\/p>\n\n\n\n<p>A anistia proposta tamb\u00e9m inclui o financiamento, organiza\u00e7\u00e3o ou apoio aos atos golpistas, bem como coment\u00e1rios ou publica\u00e7\u00f5es nas redes sociais. Al\u00e9m disso, abrange as restri\u00e7\u00f5es impostas pela Justi\u00e7a Eleitoral ou Comum em decorr\u00eancia de processos ou inqu\u00e9ritos relacionados.<br><br><\/p>\n\n\n\n<p><strong>Justificativa do autor<\/strong><\/p>\n\n\n\n<p>O deputado major Vitor Hugo (PL\/GO), autor do projeto e ex-l\u00edder do governo Bolsonaro na C\u00e2mara, argumenta que os atos foram leg\u00edtimos e motivados por cidad\u00e3os descontentes com o processo eleitoral. Ele justifica que o projeto visa promover a pacifica\u00e7\u00e3o e a constru\u00e7\u00e3o de pontes para enfrentar os desafios futuros.<br><br><\/p>\n\n\n\n<p><strong>Cr\u00edticas \u00e0 proposta<\/strong><\/p>\n\n\n\n<p>O deputado Orlando Silva (PCdoB\/SP) critica a proposta, chamando-a de provoca\u00e7\u00e3o e anunciando que os partidos contr\u00e1rios obstruir\u00e3o a vota\u00e7\u00e3o. Segundo ele, a aprova\u00e7\u00e3o do projeto seria uma forma de demonstrar que o crime compensa e desrespeitaria a democracia.<br><br><\/p>\n\n\n\n<p>No Brasil, tentar depor o governo legitimamente constitu\u00eddo ou impedir o exerc\u00edcio dos poderes constitucionais \u00e9 considerado crime, de acordo com a Lei 14.197\/2021. A legisla\u00e7\u00e3o tamb\u00e9m penaliza a incita\u00e7\u00e3o \u00e0 animosidade entre as For\u00e7as Armadas e outros poderes constitucionais, com penas que podem chegar a 12 anos de pris\u00e3o.<br><br><\/p>\n\n\n\n<p><strong>Projetos contra o STF<\/strong><\/p>\n\n\n\n<p>Ap\u00f3s a vota\u00e7\u00e3o da anistia, a CCJ tamb\u00e9m analisar\u00e1 quatro projetos de lei que visam limitar as a\u00e7\u00f5es do STF. As propostas incluem facilitar o impeachment dos ministros do Supremo, restringir decis\u00f5es monocr\u00e1ticas, permitir que o parlamento suspenda decis\u00f5es da Corte e incluir a \u201cusurpa\u00e7\u00e3o de compet\u00eancia\u201d no rol de crimes de responsabilidade dos ministros.<br><br><\/p>\n\n\n\n<p>Cr\u00edticos afirmam que esses projetos s\u00e3o uma retalia\u00e7\u00e3o \u00e0 decis\u00e3o do STF de suspender o pagamento de emendas parlamentares, enquanto apoiadores argumentam que s\u00e3o necess\u00e1rios para evitar a invas\u00e3o das compet\u00eancias do Legislativo pelo Supremo.<\/p>\n","protected":false},"excerpt":{"rendered":"<p>A Comiss\u00e3o de Constitui\u00e7\u00e3o e Justi\u00e7a (CCJ) da C\u00e2mara dos Deputados pode votar nesta ter\u00e7a-feira (10) um projeto de lei que concede anistia aos envolvidos nos atos contra o resultado da elei\u00e7\u00e3o presidencial de outubro de 2022. A CCJ tamb\u00e9m discutir\u00e1 quatro projetos de lei que visam limitar as a\u00e7\u00f5es do Supremo Tribunal Federal (STF) [&hellip;]<\/p>\n","protected":false},"author":2,"featured_media":5419,"comment_status":"open","ping_status":"open","sticky":true,"template":"","format":"standard","meta":{"om_disable_all_campaigns":false,"_monsterinsights_skip_tracking":false,"_monsterinsights_sitenote_active":false,"_monsterinsights_sitenote_note":"","_monsterinsights_sitenote_category":0,"footnotes":""},"categories":[1],"tags":[],"class_list":["post-15047","post","type-post","status-publish","format-standard","has-post-thumbnail","hentry","category-politica"],"yoast_head":"<!-- This site is optimized with the Yoast SEO plugin v27.2 - https:\/\/yoast.com\/product\/yoast-seo-wordpress\/ -->\n<title>CCJ da C\u00e2mara vota anistia a presos do 8\/1 e analisa projetos contra STF - Jornal Ponto Mais<\/title>\n<meta name=\"robots\" content=\"index, follow, max-snippet:-1, max-image-preview:large, max-video-preview:-1\" \/>\n<link rel=\"canonical\" href=\"https:\/\/jornalpontomais.com\/site\/2024\/09\/09\/ccj-da-camara-vota-anistia-a-presos-do-8-1-e-analisa-projetos-contra-stf\/\" \/>\n<meta property=\"og:locale\" content=\"pt_BR\" \/>\n<meta property=\"og:type\" content=\"article\" \/>\n<meta property=\"og:title\" content=\"CCJ da C\u00e2mara vota anistia a presos do 8\/1 e analisa projetos contra STF - Jornal Ponto Mais\" \/>\n<meta property=\"og:description\" content=\"A Comiss\u00e3o de Constitui\u00e7\u00e3o e Justi\u00e7a (CCJ) da C\u00e2mara dos Deputados pode votar nesta ter\u00e7a-feira (10) um projeto de lei que concede anistia aos envolvidos nos atos contra o resultado da elei\u00e7\u00e3o presidencial de outubro de 2022. A CCJ tamb\u00e9m discutir\u00e1 quatro projetos de lei que visam limitar as a\u00e7\u00f5es do Supremo Tribunal Federal (STF) [&hellip;]\" \/>\n<meta property=\"og:url\" content=\"https:\/\/jornalpontomais.com\/site\/2024\/09\/09\/ccj-da-camara-vota-anistia-a-presos-do-8-1-e-analisa-projetos-contra-stf\/\" \/>\n<meta property=\"og:site_name\" content=\"Jornal Ponto Mais\" \/>\n<meta property=\"article:published_time\" content=\"2024-09-09T16:27:04+00:00\" \/>\n<meta property=\"article:modified_time\" content=\"2024-09-09T16:27:05+00:00\" \/>\n<meta property=\"og:image\" content=\"https:\/\/jornalpontomais.com\/site\/wp-content\/uploads\/2022\/10\/CAMARA-DOS-DEPUTADOS-3.jpg\" \/>\n\t<meta property=\"og:image:width\" content=\"602\" \/>\n\t<meta property=\"og:image:height\" content=\"400\" \/>\n\t<meta property=\"og:image:type\" content=\"image\/jpeg\" \/>\n<meta name=\"author\" content=\"Jornal Ponto Mais\" \/>\n<meta name=\"twitter:card\" content=\"summary_large_image\" \/>\n<meta name=\"twitter:label1\" content=\"Escrito por\" \/>\n\t<meta name=\"twitter:data1\" content=\"Jornal Ponto Mais\" \/>\n\t<meta name=\"twitter:label2\" content=\"Est. tempo de leitura\" \/>\n\t<meta name=\"twitter:data2\" content=\"3 minutos\" \/>\n<script type=\"application\/ld+json\" class=\"yoast-schema-graph\">{\"@context\":\"https:\/\/schema.org\",\"@graph\":[{\"@type\":\"Article\",\"@id\":\"https:\/\/jornalpontomais.com\/site\/2024\/09\/09\/ccj-da-camara-vota-anistia-a-presos-do-8-1-e-analisa-projetos-contra-stf\/#article\",\"isPartOf\":{\"@id\":\"https:\/\/jornalpontomais.com\/site\/2024\/09\/09\/ccj-da-camara-vota-anistia-a-presos-do-8-1-e-analisa-projetos-contra-stf\/\"},\"author\":{\"name\":\"Jornal Ponto Mais\",\"@id\":\"https:\/\/jornalpontomais.com\/site\/#\/schema\/person\/18323f0b0f1355f2490721c48389fe9d\"},\"headline\":\"CCJ da C\u00e2mara vota anistia a presos do 8\/1 e analisa projetos contra STF\",\"datePublished\":\"2024-09-09T16:27:04+00:00\",\"dateModified\":\"2024-09-09T16:27:05+00:00\",\"mainEntityOfPage\":{\"@id\":\"https:\/\/jornalpontomais.com\/site\/2024\/09\/09\/ccj-da-camara-vota-anistia-a-presos-do-8-1-e-analisa-projetos-contra-stf\/\"},\"wordCount\":515,\"commentCount\":0,\"publisher\":{\"@id\":\"https:\/\/jornalpontomais.com\/site\/#organization\"},\"image\":{\"@id\":\"https:\/\/jornalpontomais.com\/site\/2024\/09\/09\/ccj-da-camara-vota-anistia-a-presos-do-8-1-e-analisa-projetos-contra-stf\/#primaryimage\"},\"thumbnailUrl\":\"https:\/\/jornalpontomais.com\/site\/wp-content\/uploads\/2022\/10\/CAMARA-DOS-DEPUTADOS-3.jpg\",\"articleSection\":[\"Pol\u00edtica\"],\"inLanguage\":\"pt-BR\",\"potentialAction\":[{\"@type\":\"CommentAction\",\"name\":\"Comment\",\"target\":[\"https:\/\/jornalpontomais.com\/site\/2024\/09\/09\/ccj-da-camara-vota-anistia-a-presos-do-8-1-e-analisa-projetos-contra-stf\/#respond\"]}]},{\"@type\":\"WebPage\",\"@id\":\"https:\/\/jornalpontomais.com\/site\/2024\/09\/09\/ccj-da-camara-vota-anistia-a-presos-do-8-1-e-analisa-projetos-contra-stf\/\",\"url\":\"https:\/\/jornalpontomais.com\/site\/2024\/09\/09\/ccj-da-camara-vota-anistia-a-presos-do-8-1-e-analisa-projetos-contra-stf\/\",\"name\":\"CCJ da C\u00e2mara vota anistia a presos do 8\/1 e analisa projetos contra STF - Jornal Ponto Mais\",\"isPartOf\":{\"@id\":\"https:\/\/jornalpontomais.com\/site\/#website\"},\"primaryImageOfPage\":{\"@id\":\"https:\/\/jornalpontomais.com\/site\/2024\/09\/09\/ccj-da-camara-vota-anistia-a-presos-do-8-1-e-analisa-projetos-contra-stf\/#primaryimage\"},\"image\":{\"@id\":\"https:\/\/jornalpontomais.com\/site\/2024\/09\/09\/ccj-da-camara-vota-anistia-a-presos-do-8-1-e-analisa-projetos-contra-stf\/#primaryimage\"},\"thumbnailUrl\":\"https:\/\/jornalpontomais.com\/site\/wp-content\/uploads\/2022\/10\/CAMARA-DOS-DEPUTADOS-3.jpg\",\"datePublished\":\"2024-09-09T16:27:04+00:00\",\"dateModified\":\"2024-09-09T16:27:05+00:00\",\"breadcrumb\":{\"@id\":\"https:\/\/jornalpontomais.com\/site\/2024\/09\/09\/ccj-da-camara-vota-anistia-a-presos-do-8-1-e-analisa-projetos-contra-stf\/#breadcrumb\"},\"inLanguage\":\"pt-BR\",\"potentialAction\":[{\"@type\":\"ReadAction\",\"target\":[\"https:\/\/jornalpontomais.com\/site\/2024\/09\/09\/ccj-da-camara-vota-anistia-a-presos-do-8-1-e-analisa-projetos-contra-stf\/\"]}]},{\"@type\":\"ImageObject\",\"inLanguage\":\"pt-BR\",\"@id\":\"https:\/\/jornalpontomais.com\/site\/2024\/09\/09\/ccj-da-camara-vota-anistia-a-presos-do-8-1-e-analisa-projetos-contra-stf\/#primaryimage\",\"url\":\"https:\/\/jornalpontomais.com\/site\/wp-content\/uploads\/2022\/10\/CAMARA-DOS-DEPUTADOS-3.jpg\",\"contentUrl\":\"https:\/\/jornalpontomais.com\/site\/wp-content\/uploads\/2022\/10\/CAMARA-DOS-DEPUTADOS-3.jpg\",\"width\":602,\"height\":400},{\"@type\":\"BreadcrumbList\",\"@id\":\"https:\/\/jornalpontomais.com\/site\/2024\/09\/09\/ccj-da-camara-vota-anistia-a-presos-do-8-1-e-analisa-projetos-contra-stf\/#breadcrumb\",\"itemListElement\":[{\"@type\":\"ListItem\",\"position\":1,\"name\":\"In\u00edcio\",\"item\":\"https:\/\/jornalpontomais.com\/site\/\"},{\"@type\":\"ListItem\",\"position\":2,\"name\":\"CCJ da C\u00e2mara vota anistia a presos do 8\/1 e analisa projetos contra STF\"}]},{\"@type\":\"WebSite\",\"@id\":\"https:\/\/jornalpontomais.com\/site\/#website\",\"url\":\"https:\/\/jornalpontomais.com\/site\/\",\"name\":\"Jornal Ponto Mais\",\"description\":\"As principais not\u00edcias do Brasil e do mundo. Confira!\",\"publisher\":{\"@id\":\"https:\/\/jornalpontomais.com\/site\/#organization\"},\"potentialAction\":[{\"@type\":\"SearchAction\",\"target\":{\"@type\":\"EntryPoint\",\"urlTemplate\":\"https:\/\/jornalpontomais.com\/site\/?s={search_term_string}\"},\"query-input\":{\"@type\":\"PropertyValueSpecification\",\"valueRequired\":true,\"valueName\":\"search_term_string\"}}],\"inLanguage\":\"pt-BR\"},{\"@type\":\"Organization\",\"@id\":\"https:\/\/jornalpontomais.com\/site\/#organization\",\"name\":\"Jornal Ponto+\",\"url\":\"https:\/\/jornalpontomais.com\/site\/\",\"logo\":{\"@type\":\"ImageObject\",\"inLanguage\":\"pt-BR\",\"@id\":\"https:\/\/jornalpontomais.com\/site\/#\/schema\/logo\/image\/\",\"url\":\"https:\/\/jornalpontomais.com\/site\/wp-content\/uploads\/2022\/01\/marca.png\",\"contentUrl\":\"https:\/\/jornalpontomais.com\/site\/wp-content\/uploads\/2022\/01\/marca.png\",\"width\":582,\"height\":148,\"caption\":\"Jornal Ponto+\"},\"image\":{\"@id\":\"https:\/\/jornalpontomais.com\/site\/#\/schema\/logo\/image\/\"}},{\"@type\":\"Person\",\"@id\":\"https:\/\/jornalpontomais.com\/site\/#\/schema\/person\/18323f0b0f1355f2490721c48389fe9d\",\"name\":\"Jornal Ponto Mais\",\"image\":{\"@type\":\"ImageObject\",\"inLanguage\":\"pt-BR\",\"@id\":\"https:\/\/secure.gravatar.com\/avatar\/2ee0a9b7fe10fe32bdec8bc086e871e41eb5f4f6ecbcb7b4f2fe0d92d831405f?s=96&d=mm&r=g\",\"url\":\"https:\/\/secure.gravatar.com\/avatar\/2ee0a9b7fe10fe32bdec8bc086e871e41eb5f4f6ecbcb7b4f2fe0d92d831405f?s=96&d=mm&r=g\",\"contentUrl\":\"https:\/\/secure.gravatar.com\/avatar\/2ee0a9b7fe10fe32bdec8bc086e871e41eb5f4f6ecbcb7b4f2fe0d92d831405f?s=96&d=mm&r=g\",\"caption\":\"Jornal Ponto Mais\"},\"sameAs\":[\"https:\/\/jornalpontomais.com\/site\",\"jornalpontomais\"],\"url\":\"https:\/\/jornalpontomais.com\/site\/author\/jornalpontomais\/\"}]}<\/script>\n<!-- \/ Yoast SEO plugin. -->","yoast_head_json":{"title":"CCJ da C\u00e2mara vota anistia a presos do 8\/1 e analisa projetos contra STF - Jornal Ponto Mais","robots":{"index":"index","follow":"follow","max-snippet":"max-snippet:-1","max-image-preview":"max-image-preview:large","max-video-preview":"max-video-preview:-1"},"canonical":"https:\/\/jornalpontomais.com\/site\/2024\/09\/09\/ccj-da-camara-vota-anistia-a-presos-do-8-1-e-analisa-projetos-contra-stf\/","og_locale":"pt_BR","og_type":"article","og_title":"CCJ da C\u00e2mara vota anistia a presos do 8\/1 e analisa projetos contra STF - Jornal Ponto Mais","og_description":"A Comiss\u00e3o de Constitui\u00e7\u00e3o e Justi\u00e7a (CCJ) da C\u00e2mara dos Deputados pode votar nesta ter\u00e7a-feira (10) um projeto de lei que concede anistia aos envolvidos nos atos contra o resultado da elei\u00e7\u00e3o presidencial de outubro de 2022. A CCJ tamb\u00e9m discutir\u00e1 quatro projetos de lei que visam limitar as a\u00e7\u00f5es do Supremo Tribunal Federal (STF) [&hellip;]","og_url":"https:\/\/jornalpontomais.com\/site\/2024\/09\/09\/ccj-da-camara-vota-anistia-a-presos-do-8-1-e-analisa-projetos-contra-stf\/","og_site_name":"Jornal Ponto Mais","article_published_time":"2024-09-09T16:27:04+00:00","article_modified_time":"2024-09-09T16:27:05+00:00","og_image":[{"width":602,"height":400,"url":"https:\/\/jornalpontomais.com\/site\/wp-content\/uploads\/2022\/10\/CAMARA-DOS-DEPUTADOS-3.jpg","type":"image\/jpeg"}],"author":"Jornal Ponto Mais","twitter_card":"summary_large_image","twitter_misc":{"Escrito por":"Jornal Ponto Mais","Est. tempo de leitura":"3 minutos"},"schema":{"@context":"https:\/\/schema.org","@graph":[{"@type":"Article","@id":"https:\/\/jornalpontomais.com\/site\/2024\/09\/09\/ccj-da-camara-vota-anistia-a-presos-do-8-1-e-analisa-projetos-contra-stf\/#article","isPartOf":{"@id":"https:\/\/jornalpontomais.com\/site\/2024\/09\/09\/ccj-da-camara-vota-anistia-a-presos-do-8-1-e-analisa-projetos-contra-stf\/"},"author":{"name":"Jornal Ponto Mais","@id":"https:\/\/jornalpontomais.com\/site\/#\/schema\/person\/18323f0b0f1355f2490721c48389fe9d"},"headline":"CCJ da C\u00e2mara vota anistia a presos do 8\/1 e analisa projetos contra STF","datePublished":"2024-09-09T16:27:04+00:00","dateModified":"2024-09-09T16:27:05+00:00","mainEntityOfPage":{"@id":"https:\/\/jornalpontomais.com\/site\/2024\/09\/09\/ccj-da-camara-vota-anistia-a-presos-do-8-1-e-analisa-projetos-contra-stf\/"},"wordCount":515,"commentCount":0,"publisher":{"@id":"https:\/\/jornalpontomais.com\/site\/#organization"},"image":{"@id":"https:\/\/jornalpontomais.com\/site\/2024\/09\/09\/ccj-da-camara-vota-anistia-a-presos-do-8-1-e-analisa-projetos-contra-stf\/#primaryimage"},"thumbnailUrl":"https:\/\/jornalpontomais.com\/site\/wp-content\/uploads\/2022\/10\/CAMARA-DOS-DEPUTADOS-3.jpg","articleSection":["Pol\u00edtica"],"inLanguage":"pt-BR","potentialAction":[{"@type":"CommentAction","name":"Comment","target":["https:\/\/jornalpontomais.com\/site\/2024\/09\/09\/ccj-da-camara-vota-anistia-a-presos-do-8-1-e-analisa-projetos-contra-stf\/#respond"]}]},{"@type":"WebPage","@id":"https:\/\/jornalpontomais.com\/site\/2024\/09\/09\/ccj-da-camara-vota-anistia-a-presos-do-8-1-e-analisa-projetos-contra-stf\/","url":"https:\/\/jornalpontomais.com\/site\/2024\/09\/09\/ccj-da-camara-vota-anistia-a-presos-do-8-1-e-analisa-projetos-contra-stf\/","name":"CCJ da C\u00e2mara vota anistia a presos do 8\/1 e analisa projetos contra STF - Jornal Ponto Mais","isPartOf":{"@id":"https:\/\/jornalpontomais.com\/site\/#website"},"primaryImageOfPage":{"@id":"https:\/\/jornalpontomais.com\/site\/2024\/09\/09\/ccj-da-camara-vota-anistia-a-presos-do-8-1-e-analisa-projetos-contra-stf\/#primaryimage"},"image":{"@id":"https:\/\/jornalpontomais.com\/site\/2024\/09\/09\/ccj-da-camara-vota-anistia-a-presos-do-8-1-e-analisa-projetos-contra-stf\/#primaryimage"},"thumbnailUrl":"https:\/\/jornalpontomais.com\/site\/wp-content\/uploads\/2022\/10\/CAMARA-DOS-DEPUTADOS-3.jpg","datePublished":"2024-09-09T16:27:04+00:00","dateModified":"2024-09-09T16:27:05+00:00","breadcrumb":{"@id":"https:\/\/jornalpontomais.com\/site\/2024\/09\/09\/ccj-da-camara-vota-anistia-a-presos-do-8-1-e-analisa-projetos-contra-stf\/#breadcrumb"},"inLanguage":"pt-BR","potentialAction":[{"@type":"ReadAction","target":["https:\/\/jornalpontomais.com\/site\/2024\/09\/09\/ccj-da-camara-vota-anistia-a-presos-do-8-1-e-analisa-projetos-contra-stf\/"]}]},{"@type":"ImageObject","inLanguage":"pt-BR","@id":"https:\/\/jornalpontomais.com\/site\/2024\/09\/09\/ccj-da-camara-vota-anistia-a-presos-do-8-1-e-analisa-projetos-contra-stf\/#primaryimage","url":"https:\/\/jornalpontomais.com\/site\/wp-content\/uploads\/2022\/10\/CAMARA-DOS-DEPUTADOS-3.jpg","contentUrl":"https:\/\/jornalpontomais.com\/site\/wp-content\/uploads\/2022\/10\/CAMARA-DOS-DEPUTADOS-3.jpg","width":602,"height":400},{"@type":"BreadcrumbList","@id":"https:\/\/jornalpontomais.com\/site\/2024\/09\/09\/ccj-da-camara-vota-anistia-a-presos-do-8-1-e-analisa-projetos-contra-stf\/#breadcrumb","itemListElement":[{"@type":"ListItem","position":1,"name":"In\u00edcio","item":"https:\/\/jornalpontomais.com\/site\/"},{"@type":"ListItem","position":2,"name":"CCJ da C\u00e2mara vota anistia a presos do 8\/1 e analisa projetos contra STF"}]},{"@type":"WebSite","@id":"https:\/\/jornalpontomais.com\/site\/#website","url":"https:\/\/jornalpontomais.com\/site\/","name":"Jornal Ponto Mais","description":"As principais not\u00edcias do Brasil e do mundo. Confira!","publisher":{"@id":"https:\/\/jornalpontomais.com\/site\/#organization"},"potentialAction":[{"@type":"SearchAction","target":{"@type":"EntryPoint","urlTemplate":"https:\/\/jornalpontomais.com\/site\/?s={search_term_string}"},"query-input":{"@type":"PropertyValueSpecification","valueRequired":true,"valueName":"search_term_string"}}],"inLanguage":"pt-BR"},{"@type":"Organization","@id":"https:\/\/jornalpontomais.com\/site\/#organization","name":"Jornal Ponto+","url":"https:\/\/jornalpontomais.com\/site\/","logo":{"@type":"ImageObject","inLanguage":"pt-BR","@id":"https:\/\/jornalpontomais.com\/site\/#\/schema\/logo\/image\/","url":"https:\/\/jornalpontomais.com\/site\/wp-content\/uploads\/2022\/01\/marca.png","contentUrl":"https:\/\/jornalpontomais.com\/site\/wp-content\/uploads\/2022\/01\/marca.png","width":582,"height":148,"caption":"Jornal Ponto+"},"image":{"@id":"https:\/\/jornalpontomais.com\/site\/#\/schema\/logo\/image\/"}},{"@type":"Person","@id":"https:\/\/jornalpontomais.com\/site\/#\/schema\/person\/18323f0b0f1355f2490721c48389fe9d","name":"Jornal Ponto Mais","image":{"@type":"ImageObject","inLanguage":"pt-BR","@id":"https:\/\/secure.gravatar.com\/avatar\/2ee0a9b7fe10fe32bdec8bc086e871e41eb5f4f6ecbcb7b4f2fe0d92d831405f?s=96&d=mm&r=g","url":"https:\/\/secure.gravatar.com\/avatar\/2ee0a9b7fe10fe32bdec8bc086e871e41eb5f4f6ecbcb7b4f2fe0d92d831405f?s=96&d=mm&r=g","contentUrl":"https:\/\/secure.gravatar.com\/avatar\/2ee0a9b7fe10fe32bdec8bc086e871e41eb5f4f6ecbcb7b4f2fe0d92d831405f?s=96&d=mm&r=g","caption":"Jornal Ponto Mais"},"sameAs":["https:\/\/jornalpontomais.com\/site","jornalpontomais"],"url":"https:\/\/jornalpontomais.com\/site\/author\/jornalpontomais\/"}]}},"_links":{"self":[{"href":"https:\/\/jornalpontomais.com\/site\/wp-json\/wp\/v2\/posts\/15047","targetHints":{"allow":["GET"]}}],"collection":[{"href":"https:\/\/jornalpontomais.com\/site\/wp-json\/wp\/v2\/posts"}],"about":[{"href":"https:\/\/jornalpontomais.com\/site\/wp-json\/wp\/v2\/types\/post"}],"author":[{"embeddable":true,"href":"https:\/\/jornalpontomais.com\/site\/wp-json\/wp\/v2\/users\/2"}],"replies":[{"embeddable":true,"href":"https:\/\/jornalpontomais.com\/site\/wp-json\/wp\/v2\/comments?post=15047"}],"version-history":[{"count":1,"href":"https:\/\/jornalpontomais.com\/site\/wp-json\/wp\/v2\/posts\/15047\/revisions"}],"predecessor-version":[{"id":15048,"href":"https:\/\/jornalpontomais.com\/site\/wp-json\/wp\/v2\/posts\/15047\/revisions\/15048"}],"wp:featuredmedia":[{"embeddable":true,"href":"https:\/\/jornalpontomais.com\/site\/wp-json\/wp\/v2\/media\/5419"}],"wp:attachment":[{"href":"https:\/\/jornalpontomais.com\/site\/wp-json\/wp\/v2\/media?parent=15047"}],"wp:term":[{"taxonomy":"category","embeddable":true,"href":"https:\/\/jornalpontomais.com\/site\/wp-json\/wp\/v2\/categories?post=15047"},{"taxonomy":"post_tag","embeddable":true,"href":"https:\/\/jornalpontomais.com\/site\/wp-json\/wp\/v2\/tags?post=15047"}],"curies":[{"name":"wp","href":"https:\/\/api.w.org\/{rel}","templated":true}]}}