{"id":15012,"date":"2024-09-07T14:29:37","date_gmt":"2024-09-07T17:29:37","guid":{"rendered":"https:\/\/jornalpontomais.com\/site\/?p=15012"},"modified":"2024-09-07T14:29:37","modified_gmt":"2024-09-07T17:29:37","slug":"mulheres-de-inhumas-declaram-apoio-a-ze-essado","status":"publish","type":"post","link":"https:\/\/jornalpontomais.com\/site\/2024\/09\/07\/mulheres-de-inhumas-declaram-apoio-a-ze-essado\/","title":{"rendered":"Mulheres de Inhumas declaram apoio a Z\u00e9 Essado"},"content":{"rendered":"\n<p><\/p>\n\n\n\n<p>Em encontro realizado nesta quinta-feira, 5 de setembro, as mulheres inhumenses lotaram o Espa\u00e7o Jaca\u00fana e declararam que querem Z\u00e9 Essado e Dr. Eur\u00edpedes \u00e0 frente da prefeitura.<br><br><\/p>\n\n\n\n<p>O evento foi liderado pela pr\u00f3xima primeira-dama Marly e vice-primeira dama C\u00edntia, que recepcionaram as convidadas.<br><br><\/p>\n\n\n\n<p>A coordenadora regional de Educa\u00e7\u00e3o, Tha\u00eds Monturil, prestigiou o evento. \u201c\u00c9 uma honra estar ao lado da senhora dona Marly e desse projeto 44. Precisamos entender que precisamos escolher candidatos que d\u00e3o voz e oportunidade para n\u00f3s mulheres\u201d, lembrou Tha\u00eds.<br><br><\/p>\n\n\n\n<p>J\u00e1 a ex-primeira-dama, Wiviane Zaneth destacou que \u201cprecisamos unir for\u00e7as para eleger a fam\u00edlia 44. Vamos juntas de m\u00e3os dadas para a mudan\u00e7a de inhumas\u201d.<br><br><\/p>\n\n\n\n<p>Marly Essado enalteceu a relev\u00e2ncia da participa\u00e7\u00e3o feminina em um campanha eleitoral e na gest\u00e3o. \u201cTemos que nos unir e lutar pelo que acreditamos, e \u00e9 por isso que estamos aqui. Eu e o Z\u00e9 queremos ouvir voc\u00eas, contamos com voc\u00eas para elaborarmos o melhor plano de governo e fazermos a melhor gest\u00e3o que essa cidade j\u00e1 viu\u201d, disse Marly.<br><br><\/p>\n\n\n\n<p>\u201cEstamos aqui com mulheres incr\u00edveis para discutir algo muito importante: o futuro de Inhumas. Um futuro que olhe com carinho e cuidado para nossas mulheres, crian\u00e7as e jovens. Eu e o Dr. Eur\u00edpedes, junto com a Marly e o Z\u00e9, vemos um futuro melhor, mais humano e mais digno\u201d, afirmou C\u00edntia.<br><br><\/p>\n\n\n\n<p>Z\u00e9 Essado e Eur\u00edpedes Barsanulfo tamb\u00e9m participaram do encontro. Para o candidato a prefeito, a participa\u00e7\u00e3o feminina deve ser constante em seu governo. \u201cVoc\u00eas sabem do que Inhumas precisa, quero que voc\u00eas nos ajude a formular nosso programa, vamos juntos promover a mudan\u00e7a que a nossa amada cidade tanto quer!\u201d, afirmou Z\u00e9 Essado.<br><br><\/p>\n\n\n\n<p>O candidato a vice-prefeito apresentou uma das propostas que j\u00e1 est\u00e3o definidas pela chapa: implanta\u00e7\u00e3o de atendimento m\u00e9dico publicado especializado para mulheres. \u201cO que vemos hoje \u00e9 lament\u00e1vel: as mulheres que dependem do servi\u00e7o p\u00fablico de sa\u00fade s\u00e3o atendidas apenas por cl\u00ednico geral. Vamos mudar isso.\u201d, disse.<br><br><\/p>\n\n\n\n<p>Entre as outras propostas j\u00e1 definidas est\u00e3o: implantar creches em tempo integral e com funcionamento no per\u00edodo de f\u00e9rias; ampliar atendimento pedi\u00e1trico para tr\u00eas vezes por semana e lutar pela implanta\u00e7\u00e3o da Delegacia da Mulher.<\/p>\n","protected":false},"excerpt":{"rendered":"<p>Em encontro realizado nesta quinta-feira, 5 de setembro, as mulheres inhumenses lotaram o Espa\u00e7o Jaca\u00fana e declararam que querem Z\u00e9 Essado e Dr. Eur\u00edpedes \u00e0 frente da prefeitura. O evento foi liderado pela pr\u00f3xima primeira-dama Marly e vice-primeira dama C\u00edntia, que recepcionaram as convidadas. A coordenadora regional de Educa\u00e7\u00e3o, Tha\u00eds Monturil, prestigiou o evento. \u201c\u00c9 [&hellip;]<\/p>\n","protected":false},"author":2,"featured_media":15013,"comment_status":"open","ping_status":"open","sticky":true,"template":"","format":"standard","meta":{"om_disable_all_campaigns":false,"_monsterinsights_skip_tracking":false,"_monsterinsights_sitenote_active":false,"_monsterinsights_sitenote_note":"","_monsterinsights_sitenote_category":0,"footnotes":""},"categories":[1],"tags":[],"class_list":["post-15012","post","type-post","status-publish","format-standard","has-post-thumbnail","hentry","category-politica"],"yoast_head":"<!-- This site is optimized with the Yoast SEO plugin v27.2 - https:\/\/yoast.com\/product\/yoast-seo-wordpress\/ -->\n<title>Mulheres de Inhumas declaram apoio a Z\u00e9 Essado - Jornal Ponto Mais<\/title>\n<meta name=\"robots\" content=\"index, follow, max-snippet:-1, max-image-preview:large, max-video-preview:-1\" \/>\n<link rel=\"canonical\" href=\"https:\/\/jornalpontomais.com\/site\/2024\/09\/07\/mulheres-de-inhumas-declaram-apoio-a-ze-essado\/\" \/>\n<meta property=\"og:locale\" content=\"pt_BR\" \/>\n<meta property=\"og:type\" content=\"article\" \/>\n<meta property=\"og:title\" content=\"Mulheres de Inhumas declaram apoio a Z\u00e9 Essado - Jornal Ponto Mais\" \/>\n<meta property=\"og:description\" content=\"Em encontro realizado nesta quinta-feira, 5 de setembro, as mulheres inhumenses lotaram o Espa\u00e7o Jaca\u00fana e declararam que querem Z\u00e9 Essado e Dr. Eur\u00edpedes \u00e0 frente da prefeitura. O evento foi liderado pela pr\u00f3xima primeira-dama Marly e vice-primeira dama C\u00edntia, que recepcionaram as convidadas. A coordenadora regional de Educa\u00e7\u00e3o, Tha\u00eds Monturil, prestigiou o evento. \u201c\u00c9 [&hellip;]\" \/>\n<meta property=\"og:url\" content=\"https:\/\/jornalpontomais.com\/site\/2024\/09\/07\/mulheres-de-inhumas-declaram-apoio-a-ze-essado\/\" \/>\n<meta property=\"og:site_name\" content=\"Jornal Ponto Mais\" \/>\n<meta property=\"article:published_time\" content=\"2024-09-07T17:29:37+00:00\" \/>\n<meta property=\"og:image\" content=\"https:\/\/jornalpontomais.com\/site\/wp-content\/uploads\/2024\/09\/9851809b-7401-4016-bd46-fe0025a5c323.jpeg\" \/>\n\t<meta property=\"og:image:width\" content=\"1600\" \/>\n\t<meta property=\"og:image:height\" content=\"1200\" \/>\n\t<meta property=\"og:image:type\" content=\"image\/jpeg\" \/>\n<meta name=\"author\" content=\"Jornal Ponto Mais\" \/>\n<meta name=\"twitter:card\" content=\"summary_large_image\" \/>\n<meta name=\"twitter:label1\" content=\"Escrito por\" \/>\n\t<meta name=\"twitter:data1\" content=\"Jornal Ponto Mais\" \/>\n\t<meta name=\"twitter:label2\" content=\"Est. tempo de leitura\" \/>\n\t<meta name=\"twitter:data2\" content=\"2 minutos\" \/>\n<script type=\"application\/ld+json\" class=\"yoast-schema-graph\">{\"@context\":\"https:\/\/schema.org\",\"@graph\":[{\"@type\":\"Article\",\"@id\":\"https:\/\/jornalpontomais.com\/site\/2024\/09\/07\/mulheres-de-inhumas-declaram-apoio-a-ze-essado\/#article\",\"isPartOf\":{\"@id\":\"https:\/\/jornalpontomais.com\/site\/2024\/09\/07\/mulheres-de-inhumas-declaram-apoio-a-ze-essado\/\"},\"author\":{\"name\":\"Jornal Ponto Mais\",\"@id\":\"https:\/\/jornalpontomais.com\/site\/#\/schema\/person\/18323f0b0f1355f2490721c48389fe9d\"},\"headline\":\"Mulheres de Inhumas declaram apoio a Z\u00e9 Essado\",\"datePublished\":\"2024-09-07T17:29:37+00:00\",\"mainEntityOfPage\":{\"@id\":\"https:\/\/jornalpontomais.com\/site\/2024\/09\/07\/mulheres-de-inhumas-declaram-apoio-a-ze-essado\/\"},\"wordCount\":401,\"commentCount\":0,\"publisher\":{\"@id\":\"https:\/\/jornalpontomais.com\/site\/#organization\"},\"image\":{\"@id\":\"https:\/\/jornalpontomais.com\/site\/2024\/09\/07\/mulheres-de-inhumas-declaram-apoio-a-ze-essado\/#primaryimage\"},\"thumbnailUrl\":\"https:\/\/jornalpontomais.com\/site\/wp-content\/uploads\/2024\/09\/9851809b-7401-4016-bd46-fe0025a5c323.jpeg\",\"articleSection\":[\"Pol\u00edtica\"],\"inLanguage\":\"pt-BR\",\"potentialAction\":[{\"@type\":\"CommentAction\",\"name\":\"Comment\",\"target\":[\"https:\/\/jornalpontomais.com\/site\/2024\/09\/07\/mulheres-de-inhumas-declaram-apoio-a-ze-essado\/#respond\"]}]},{\"@type\":\"WebPage\",\"@id\":\"https:\/\/jornalpontomais.com\/site\/2024\/09\/07\/mulheres-de-inhumas-declaram-apoio-a-ze-essado\/\",\"url\":\"https:\/\/jornalpontomais.com\/site\/2024\/09\/07\/mulheres-de-inhumas-declaram-apoio-a-ze-essado\/\",\"name\":\"Mulheres de Inhumas declaram apoio a Z\u00e9 Essado - Jornal Ponto Mais\",\"isPartOf\":{\"@id\":\"https:\/\/jornalpontomais.com\/site\/#website\"},\"primaryImageOfPage\":{\"@id\":\"https:\/\/jornalpontomais.com\/site\/2024\/09\/07\/mulheres-de-inhumas-declaram-apoio-a-ze-essado\/#primaryimage\"},\"image\":{\"@id\":\"https:\/\/jornalpontomais.com\/site\/2024\/09\/07\/mulheres-de-inhumas-declaram-apoio-a-ze-essado\/#primaryimage\"},\"thumbnailUrl\":\"https:\/\/jornalpontomais.com\/site\/wp-content\/uploads\/2024\/09\/9851809b-7401-4016-bd46-fe0025a5c323.jpeg\",\"datePublished\":\"2024-09-07T17:29:37+00:00\",\"breadcrumb\":{\"@id\":\"https:\/\/jornalpontomais.com\/site\/2024\/09\/07\/mulheres-de-inhumas-declaram-apoio-a-ze-essado\/#breadcrumb\"},\"inLanguage\":\"pt-BR\",\"potentialAction\":[{\"@type\":\"ReadAction\",\"target\":[\"https:\/\/jornalpontomais.com\/site\/2024\/09\/07\/mulheres-de-inhumas-declaram-apoio-a-ze-essado\/\"]}]},{\"@type\":\"ImageObject\",\"inLanguage\":\"pt-BR\",\"@id\":\"https:\/\/jornalpontomais.com\/site\/2024\/09\/07\/mulheres-de-inhumas-declaram-apoio-a-ze-essado\/#primaryimage\",\"url\":\"https:\/\/jornalpontomais.com\/site\/wp-content\/uploads\/2024\/09\/9851809b-7401-4016-bd46-fe0025a5c323.jpeg\",\"contentUrl\":\"https:\/\/jornalpontomais.com\/site\/wp-content\/uploads\/2024\/09\/9851809b-7401-4016-bd46-fe0025a5c323.jpeg\",\"width\":1600,\"height\":1200},{\"@type\":\"BreadcrumbList\",\"@id\":\"https:\/\/jornalpontomais.com\/site\/2024\/09\/07\/mulheres-de-inhumas-declaram-apoio-a-ze-essado\/#breadcrumb\",\"itemListElement\":[{\"@type\":\"ListItem\",\"position\":1,\"name\":\"In\u00edcio\",\"item\":\"https:\/\/jornalpontomais.com\/site\/\"},{\"@type\":\"ListItem\",\"position\":2,\"name\":\"Mulheres de Inhumas declaram apoio a Z\u00e9 Essado\"}]},{\"@type\":\"WebSite\",\"@id\":\"https:\/\/jornalpontomais.com\/site\/#website\",\"url\":\"https:\/\/jornalpontomais.com\/site\/\",\"name\":\"Jornal Ponto Mais\",\"description\":\"As principais not\u00edcias do Brasil e do mundo. Confira!\",\"publisher\":{\"@id\":\"https:\/\/jornalpontomais.com\/site\/#organization\"},\"potentialAction\":[{\"@type\":\"SearchAction\",\"target\":{\"@type\":\"EntryPoint\",\"urlTemplate\":\"https:\/\/jornalpontomais.com\/site\/?s={search_term_string}\"},\"query-input\":{\"@type\":\"PropertyValueSpecification\",\"valueRequired\":true,\"valueName\":\"search_term_string\"}}],\"inLanguage\":\"pt-BR\"},{\"@type\":\"Organization\",\"@id\":\"https:\/\/jornalpontomais.com\/site\/#organization\",\"name\":\"Jornal Ponto+\",\"url\":\"https:\/\/jornalpontomais.com\/site\/\",\"logo\":{\"@type\":\"ImageObject\",\"inLanguage\":\"pt-BR\",\"@id\":\"https:\/\/jornalpontomais.com\/site\/#\/schema\/logo\/image\/\",\"url\":\"https:\/\/jornalpontomais.com\/site\/wp-content\/uploads\/2022\/01\/marca.png\",\"contentUrl\":\"https:\/\/jornalpontomais.com\/site\/wp-content\/uploads\/2022\/01\/marca.png\",\"width\":582,\"height\":148,\"caption\":\"Jornal Ponto+\"},\"image\":{\"@id\":\"https:\/\/jornalpontomais.com\/site\/#\/schema\/logo\/image\/\"}},{\"@type\":\"Person\",\"@id\":\"https:\/\/jornalpontomais.com\/site\/#\/schema\/person\/18323f0b0f1355f2490721c48389fe9d\",\"name\":\"Jornal Ponto Mais\",\"image\":{\"@type\":\"ImageObject\",\"inLanguage\":\"pt-BR\",\"@id\":\"https:\/\/secure.gravatar.com\/avatar\/2ee0a9b7fe10fe32bdec8bc086e871e41eb5f4f6ecbcb7b4f2fe0d92d831405f?s=96&d=mm&r=g\",\"url\":\"https:\/\/secure.gravatar.com\/avatar\/2ee0a9b7fe10fe32bdec8bc086e871e41eb5f4f6ecbcb7b4f2fe0d92d831405f?s=96&d=mm&r=g\",\"contentUrl\":\"https:\/\/secure.gravatar.com\/avatar\/2ee0a9b7fe10fe32bdec8bc086e871e41eb5f4f6ecbcb7b4f2fe0d92d831405f?s=96&d=mm&r=g\",\"caption\":\"Jornal Ponto Mais\"},\"sameAs\":[\"https:\/\/jornalpontomais.com\/site\",\"jornalpontomais\"],\"url\":\"https:\/\/jornalpontomais.com\/site\/author\/jornalpontomais\/\"}]}<\/script>\n<!-- \/ Yoast SEO plugin. -->","yoast_head_json":{"title":"Mulheres de Inhumas declaram apoio a Z\u00e9 Essado - Jornal Ponto Mais","robots":{"index":"index","follow":"follow","max-snippet":"max-snippet:-1","max-image-preview":"max-image-preview:large","max-video-preview":"max-video-preview:-1"},"canonical":"https:\/\/jornalpontomais.com\/site\/2024\/09\/07\/mulheres-de-inhumas-declaram-apoio-a-ze-essado\/","og_locale":"pt_BR","og_type":"article","og_title":"Mulheres de Inhumas declaram apoio a Z\u00e9 Essado - Jornal Ponto Mais","og_description":"Em encontro realizado nesta quinta-feira, 5 de setembro, as mulheres inhumenses lotaram o Espa\u00e7o Jaca\u00fana e declararam que querem Z\u00e9 Essado e Dr. Eur\u00edpedes \u00e0 frente da prefeitura. O evento foi liderado pela pr\u00f3xima primeira-dama Marly e vice-primeira dama C\u00edntia, que recepcionaram as convidadas. A coordenadora regional de Educa\u00e7\u00e3o, Tha\u00eds Monturil, prestigiou o evento. \u201c\u00c9 [&hellip;]","og_url":"https:\/\/jornalpontomais.com\/site\/2024\/09\/07\/mulheres-de-inhumas-declaram-apoio-a-ze-essado\/","og_site_name":"Jornal Ponto Mais","article_published_time":"2024-09-07T17:29:37+00:00","og_image":[{"width":1600,"height":1200,"url":"https:\/\/jornalpontomais.com\/site\/wp-content\/uploads\/2024\/09\/9851809b-7401-4016-bd46-fe0025a5c323.jpeg","type":"image\/jpeg"}],"author":"Jornal Ponto Mais","twitter_card":"summary_large_image","twitter_misc":{"Escrito por":"Jornal Ponto Mais","Est. tempo de leitura":"2 minutos"},"schema":{"@context":"https:\/\/schema.org","@graph":[{"@type":"Article","@id":"https:\/\/jornalpontomais.com\/site\/2024\/09\/07\/mulheres-de-inhumas-declaram-apoio-a-ze-essado\/#article","isPartOf":{"@id":"https:\/\/jornalpontomais.com\/site\/2024\/09\/07\/mulheres-de-inhumas-declaram-apoio-a-ze-essado\/"},"author":{"name":"Jornal Ponto Mais","@id":"https:\/\/jornalpontomais.com\/site\/#\/schema\/person\/18323f0b0f1355f2490721c48389fe9d"},"headline":"Mulheres de Inhumas declaram apoio a Z\u00e9 Essado","datePublished":"2024-09-07T17:29:37+00:00","mainEntityOfPage":{"@id":"https:\/\/jornalpontomais.com\/site\/2024\/09\/07\/mulheres-de-inhumas-declaram-apoio-a-ze-essado\/"},"wordCount":401,"commentCount":0,"publisher":{"@id":"https:\/\/jornalpontomais.com\/site\/#organization"},"image":{"@id":"https:\/\/jornalpontomais.com\/site\/2024\/09\/07\/mulheres-de-inhumas-declaram-apoio-a-ze-essado\/#primaryimage"},"thumbnailUrl":"https:\/\/jornalpontomais.com\/site\/wp-content\/uploads\/2024\/09\/9851809b-7401-4016-bd46-fe0025a5c323.jpeg","articleSection":["Pol\u00edtica"],"inLanguage":"pt-BR","potentialAction":[{"@type":"CommentAction","name":"Comment","target":["https:\/\/jornalpontomais.com\/site\/2024\/09\/07\/mulheres-de-inhumas-declaram-apoio-a-ze-essado\/#respond"]}]},{"@type":"WebPage","@id":"https:\/\/jornalpontomais.com\/site\/2024\/09\/07\/mulheres-de-inhumas-declaram-apoio-a-ze-essado\/","url":"https:\/\/jornalpontomais.com\/site\/2024\/09\/07\/mulheres-de-inhumas-declaram-apoio-a-ze-essado\/","name":"Mulheres de Inhumas declaram apoio a Z\u00e9 Essado - Jornal Ponto Mais","isPartOf":{"@id":"https:\/\/jornalpontomais.com\/site\/#website"},"primaryImageOfPage":{"@id":"https:\/\/jornalpontomais.com\/site\/2024\/09\/07\/mulheres-de-inhumas-declaram-apoio-a-ze-essado\/#primaryimage"},"image":{"@id":"https:\/\/jornalpontomais.com\/site\/2024\/09\/07\/mulheres-de-inhumas-declaram-apoio-a-ze-essado\/#primaryimage"},"thumbnailUrl":"https:\/\/jornalpontomais.com\/site\/wp-content\/uploads\/2024\/09\/9851809b-7401-4016-bd46-fe0025a5c323.jpeg","datePublished":"2024-09-07T17:29:37+00:00","breadcrumb":{"@id":"https:\/\/jornalpontomais.com\/site\/2024\/09\/07\/mulheres-de-inhumas-declaram-apoio-a-ze-essado\/#breadcrumb"},"inLanguage":"pt-BR","potentialAction":[{"@type":"ReadAction","target":["https:\/\/jornalpontomais.com\/site\/2024\/09\/07\/mulheres-de-inhumas-declaram-apoio-a-ze-essado\/"]}]},{"@type":"ImageObject","inLanguage":"pt-BR","@id":"https:\/\/jornalpontomais.com\/site\/2024\/09\/07\/mulheres-de-inhumas-declaram-apoio-a-ze-essado\/#primaryimage","url":"https:\/\/jornalpontomais.com\/site\/wp-content\/uploads\/2024\/09\/9851809b-7401-4016-bd46-fe0025a5c323.jpeg","contentUrl":"https:\/\/jornalpontomais.com\/site\/wp-content\/uploads\/2024\/09\/9851809b-7401-4016-bd46-fe0025a5c323.jpeg","width":1600,"height":1200},{"@type":"BreadcrumbList","@id":"https:\/\/jornalpontomais.com\/site\/2024\/09\/07\/mulheres-de-inhumas-declaram-apoio-a-ze-essado\/#breadcrumb","itemListElement":[{"@type":"ListItem","position":1,"name":"In\u00edcio","item":"https:\/\/jornalpontomais.com\/site\/"},{"@type":"ListItem","position":2,"name":"Mulheres de Inhumas declaram apoio a Z\u00e9 Essado"}]},{"@type":"WebSite","@id":"https:\/\/jornalpontomais.com\/site\/#website","url":"https:\/\/jornalpontomais.com\/site\/","name":"Jornal Ponto Mais","description":"As principais not\u00edcias do Brasil e do mundo. Confira!","publisher":{"@id":"https:\/\/jornalpontomais.com\/site\/#organization"},"potentialAction":[{"@type":"SearchAction","target":{"@type":"EntryPoint","urlTemplate":"https:\/\/jornalpontomais.com\/site\/?s={search_term_string}"},"query-input":{"@type":"PropertyValueSpecification","valueRequired":true,"valueName":"search_term_string"}}],"inLanguage":"pt-BR"},{"@type":"Organization","@id":"https:\/\/jornalpontomais.com\/site\/#organization","name":"Jornal Ponto+","url":"https:\/\/jornalpontomais.com\/site\/","logo":{"@type":"ImageObject","inLanguage":"pt-BR","@id":"https:\/\/jornalpontomais.com\/site\/#\/schema\/logo\/image\/","url":"https:\/\/jornalpontomais.com\/site\/wp-content\/uploads\/2022\/01\/marca.png","contentUrl":"https:\/\/jornalpontomais.com\/site\/wp-content\/uploads\/2022\/01\/marca.png","width":582,"height":148,"caption":"Jornal Ponto+"},"image":{"@id":"https:\/\/jornalpontomais.com\/site\/#\/schema\/logo\/image\/"}},{"@type":"Person","@id":"https:\/\/jornalpontomais.com\/site\/#\/schema\/person\/18323f0b0f1355f2490721c48389fe9d","name":"Jornal Ponto Mais","image":{"@type":"ImageObject","inLanguage":"pt-BR","@id":"https:\/\/secure.gravatar.com\/avatar\/2ee0a9b7fe10fe32bdec8bc086e871e41eb5f4f6ecbcb7b4f2fe0d92d831405f?s=96&d=mm&r=g","url":"https:\/\/secure.gravatar.com\/avatar\/2ee0a9b7fe10fe32bdec8bc086e871e41eb5f4f6ecbcb7b4f2fe0d92d831405f?s=96&d=mm&r=g","contentUrl":"https:\/\/secure.gravatar.com\/avatar\/2ee0a9b7fe10fe32bdec8bc086e871e41eb5f4f6ecbcb7b4f2fe0d92d831405f?s=96&d=mm&r=g","caption":"Jornal Ponto Mais"},"sameAs":["https:\/\/jornalpontomais.com\/site","jornalpontomais"],"url":"https:\/\/jornalpontomais.com\/site\/author\/jornalpontomais\/"}]}},"_links":{"self":[{"href":"https:\/\/jornalpontomais.com\/site\/wp-json\/wp\/v2\/posts\/15012","targetHints":{"allow":["GET"]}}],"collection":[{"href":"https:\/\/jornalpontomais.com\/site\/wp-json\/wp\/v2\/posts"}],"about":[{"href":"https:\/\/jornalpontomais.com\/site\/wp-json\/wp\/v2\/types\/post"}],"author":[{"embeddable":true,"href":"https:\/\/jornalpontomais.com\/site\/wp-json\/wp\/v2\/users\/2"}],"replies":[{"embeddable":true,"href":"https:\/\/jornalpontomais.com\/site\/wp-json\/wp\/v2\/comments?post=15012"}],"version-history":[{"count":1,"href":"https:\/\/jornalpontomais.com\/site\/wp-json\/wp\/v2\/posts\/15012\/revisions"}],"predecessor-version":[{"id":15014,"href":"https:\/\/jornalpontomais.com\/site\/wp-json\/wp\/v2\/posts\/15012\/revisions\/15014"}],"wp:featuredmedia":[{"embeddable":true,"href":"https:\/\/jornalpontomais.com\/site\/wp-json\/wp\/v2\/media\/15013"}],"wp:attachment":[{"href":"https:\/\/jornalpontomais.com\/site\/wp-json\/wp\/v2\/media?parent=15012"}],"wp:term":[{"taxonomy":"category","embeddable":true,"href":"https:\/\/jornalpontomais.com\/site\/wp-json\/wp\/v2\/categories?post=15012"},{"taxonomy":"post_tag","embeddable":true,"href":"https:\/\/jornalpontomais.com\/site\/wp-json\/wp\/v2\/tags?post=15012"}],"curies":[{"name":"wp","href":"https:\/\/api.w.org\/{rel}","templated":true}]}}