{"id":14964,"date":"2024-09-04T11:00:25","date_gmt":"2024-09-04T14:00:25","guid":{"rendered":"https:\/\/jornalpontomais.com\/site\/?p=14964"},"modified":"2024-09-04T11:00:25","modified_gmt":"2024-09-04T14:00:25","slug":"haddad-diz-que-pib-para-o-ano-deve-superar-28","status":"publish","type":"post","link":"https:\/\/jornalpontomais.com\/site\/2024\/09\/04\/haddad-diz-que-pib-para-o-ano-deve-superar-28\/","title":{"rendered":"Haddad diz que PIB para o ano deve superar 2,8%\u00a0"},"content":{"rendered":"\n<p>O ministro da Fazenda, Fernando Haddad, comemorou nesta ter\u00e7a-feira (3) o\u00a0crescimento de 1,4% do Produto Interno Bruto (PIB) do Brasil\u00a0no segundo trimestre deste ano (abril a junho). Esse resultado deve fazer com que o governo promova uma nova estimativa de arrecada\u00e7\u00e3o de receitas. Ele explicou que a Secretaria de Pol\u00edtica Econ\u00f4mica (SPE) vinha projetando um crescimento entre 1,35% e 1,4%, o que foi confirmado.<img decoding=\"async\" src=\"https:\/\/agenciabrasil.ebc.com.br\/ebc.png?id=1610468&amp;o=node\"><img decoding=\"async\" src=\"https:\/\/agenciabrasil.ebc.com.br\/ebc.gif?id=1610468&amp;o=node\"><br><br><\/p>\n\n\n\n<p>&#8220;N\u00f3s vamos, provavelmente, reestimar o PIB para o ano\u00a0que, pela for\u00e7a com que vem se desenvolvendo, pode superar 2,7%, 2,8%, e h\u00e1 institui\u00e7\u00f5es que j\u00e1 est\u00e3o projetando PIB superior a 3%. Isso pode ensejar uma reproje\u00e7\u00e3o de receitas para o ano que vem&#8221;, disse.<br><br><\/p>\n\n\n\n<p>Haddad observou que a pe\u00e7a or\u00e7ament\u00e1ria entregue para o Congresso Nacional no final do m\u00eas passado, como manda a Constitui\u00e7\u00e3o, se baseou em n\u00fameros de julho, como foi o caso da estimativa das receitas.\u00a0O governo fechou o Or\u00e7amento para 2025 com a previs\u00e3o de um PIB estimado em 2,5% para este ano e a indica\u00e7\u00e3o de que o desempenho da economia vai superar esse percentual, devido ao crescimento org\u00e2nico da economia, significa que poder\u00e1 ocorrer um reajuste das receitas esperadas.\u00a0<br><br><\/p>\n\n\n\n<p>&#8220;A ind\u00fastria voltou muito forte e a taxa de Forma\u00e7\u00e3o Bruta de Capital Fixo (FBCF) veio acima das proje\u00e7\u00f5es (5,8%). N\u00f3s temos que olhar o investimento porque \u00e9 ele que vai garantir crescimento com baixa infla\u00e7\u00e3o. Se n\u00e3o aumentarmos nossa capacidade instalada, vamos ter dificuldade de crescer, mas algumas ind\u00fastrias est\u00e3o com margem para crescer. Portanto, os investimentos v\u00e3o ajudar a n\u00e3o ter gargalos. A demanda puxada pelos investimentos \u00e9 tudo o que a gente quer: crescimento com investimento \u00e9 a maior garantia de equil\u00edbrio entre oferta e demanda&#8221;, afirmou.<br><br><\/p>\n\n\n\n<p>A pe\u00e7a or\u00e7ament\u00e1ria entregue ao Congresso no dia 30 de agosto consolida o compromisso do governo em promover o equil\u00edbrio das contas p\u00fablicas, fundamental para o crescimento sustent\u00e1vel.<br><br><\/p>\n\n\n\n<p>A previs\u00e3o de super\u00e1vit prim\u00e1rio para 2025 \u00e9 de R$ 3,7 bilh\u00f5es; o valor do sal\u00e1rio m\u00ednimo estimado est\u00e1 em R$ 1.509,00; o limite de despesas prim\u00e1rias est\u00e1 em R$ 2,249 trilh\u00f5es e a receita prim\u00e1ria, que tende a aumentar por causa do bom desempenho do PIB, est\u00e1 projetada em R$ 2,907 trilh\u00f5es, equivalente a 23,5% do PIB.<br><br><\/p>\n\n\n\n<p>Os gastos projetados para 2025 com a Sa\u00fade somam R$ 227,8 bilh\u00f5es para o cumprimento do piso; a Educa\u00e7\u00e3o prev\u00ea or\u00e7amento de R$ 113,6 bilh\u00f5es e os investimentos em R$ 74,3 bilh\u00f5es. As emendas impositivas foram estimadas em R$ 39 bilh\u00f5es e o novo Programa de Acelera\u00e7\u00e3o do Crescimento (PAC) devem receber recursos de R$ 60,9 bilh\u00f5es.&nbsp;<\/p>\n","protected":false},"excerpt":{"rendered":"<p>O ministro da Fazenda, Fernando Haddad, comemorou nesta ter\u00e7a-feira (3) o\u00a0crescimento de 1,4% do Produto Interno Bruto (PIB) do Brasil\u00a0no segundo trimestre deste ano (abril a junho). Esse resultado deve fazer com que o governo promova uma nova estimativa de arrecada\u00e7\u00e3o de receitas. Ele explicou que a Secretaria de Pol\u00edtica Econ\u00f4mica (SPE) vinha projetando um [&hellip;]<\/p>\n","protected":false},"author":2,"featured_media":14965,"comment_status":"open","ping_status":"open","sticky":true,"template":"","format":"standard","meta":{"om_disable_all_campaigns":false,"_monsterinsights_skip_tracking":false,"_monsterinsights_sitenote_active":false,"_monsterinsights_sitenote_note":"","_monsterinsights_sitenote_category":0,"footnotes":""},"categories":[1],"tags":[],"class_list":["post-14964","post","type-post","status-publish","format-standard","has-post-thumbnail","hentry","category-politica"],"yoast_head":"<!-- This site is optimized with the Yoast SEO plugin v27.2 - https:\/\/yoast.com\/product\/yoast-seo-wordpress\/ -->\n<title>Haddad diz que PIB para o ano deve superar 2,8%\u00a0 - Jornal Ponto Mais<\/title>\n<meta name=\"robots\" content=\"index, follow, max-snippet:-1, max-image-preview:large, max-video-preview:-1\" \/>\n<link rel=\"canonical\" href=\"https:\/\/jornalpontomais.com\/site\/2024\/09\/04\/haddad-diz-que-pib-para-o-ano-deve-superar-28\/\" \/>\n<meta property=\"og:locale\" content=\"pt_BR\" \/>\n<meta property=\"og:type\" content=\"article\" \/>\n<meta property=\"og:title\" content=\"Haddad diz que PIB para o ano deve superar 2,8%\u00a0 - Jornal Ponto Mais\" \/>\n<meta property=\"og:description\" content=\"O ministro da Fazenda, Fernando Haddad, comemorou nesta ter\u00e7a-feira (3) o\u00a0crescimento de 1,4% do Produto Interno Bruto (PIB) do Brasil\u00a0no segundo trimestre deste ano (abril a junho). Esse resultado deve fazer com que o governo promova uma nova estimativa de arrecada\u00e7\u00e3o de receitas. Ele explicou que a Secretaria de Pol\u00edtica Econ\u00f4mica (SPE) vinha projetando um [&hellip;]\" \/>\n<meta property=\"og:url\" content=\"https:\/\/jornalpontomais.com\/site\/2024\/09\/04\/haddad-diz-que-pib-para-o-ano-deve-superar-28\/\" \/>\n<meta property=\"og:site_name\" content=\"Jornal Ponto Mais\" \/>\n<meta property=\"article:published_time\" content=\"2024-09-04T14:00:25+00:00\" \/>\n<meta property=\"og:image\" content=\"https:\/\/jornalpontomais.com\/site\/wp-content\/uploads\/2024\/09\/lula-e-axel-kicillof_mcamgo_abr_13082024-9.webp\" \/>\n\t<meta property=\"og:image:width\" content=\"1170\" \/>\n\t<meta property=\"og:image:height\" content=\"700\" \/>\n\t<meta property=\"og:image:type\" content=\"image\/webp\" \/>\n<meta name=\"author\" content=\"Jornal Ponto Mais\" \/>\n<meta name=\"twitter:card\" content=\"summary_large_image\" \/>\n<meta name=\"twitter:label1\" content=\"Escrito por\" \/>\n\t<meta name=\"twitter:data1\" content=\"Jornal Ponto Mais\" \/>\n\t<meta name=\"twitter:label2\" content=\"Est. tempo de leitura\" \/>\n\t<meta name=\"twitter:data2\" content=\"2 minutos\" \/>\n<script type=\"application\/ld+json\" class=\"yoast-schema-graph\">{\"@context\":\"https:\/\/schema.org\",\"@graph\":[{\"@type\":\"Article\",\"@id\":\"https:\/\/jornalpontomais.com\/site\/2024\/09\/04\/haddad-diz-que-pib-para-o-ano-deve-superar-28\/#article\",\"isPartOf\":{\"@id\":\"https:\/\/jornalpontomais.com\/site\/2024\/09\/04\/haddad-diz-que-pib-para-o-ano-deve-superar-28\/\"},\"author\":{\"name\":\"Jornal Ponto Mais\",\"@id\":\"https:\/\/jornalpontomais.com\/site\/#\/schema\/person\/18323f0b0f1355f2490721c48389fe9d\"},\"headline\":\"Haddad diz que PIB para o ano deve superar 2,8%\u00a0\",\"datePublished\":\"2024-09-04T14:00:25+00:00\",\"mainEntityOfPage\":{\"@id\":\"https:\/\/jornalpontomais.com\/site\/2024\/09\/04\/haddad-diz-que-pib-para-o-ano-deve-superar-28\/\"},\"wordCount\":463,\"commentCount\":0,\"publisher\":{\"@id\":\"https:\/\/jornalpontomais.com\/site\/#organization\"},\"image\":{\"@id\":\"https:\/\/jornalpontomais.com\/site\/2024\/09\/04\/haddad-diz-que-pib-para-o-ano-deve-superar-28\/#primaryimage\"},\"thumbnailUrl\":\"https:\/\/jornalpontomais.com\/site\/wp-content\/uploads\/2024\/09\/lula-e-axel-kicillof_mcamgo_abr_13082024-9.webp\",\"articleSection\":[\"Pol\u00edtica\"],\"inLanguage\":\"pt-BR\",\"potentialAction\":[{\"@type\":\"CommentAction\",\"name\":\"Comment\",\"target\":[\"https:\/\/jornalpontomais.com\/site\/2024\/09\/04\/haddad-diz-que-pib-para-o-ano-deve-superar-28\/#respond\"]}]},{\"@type\":\"WebPage\",\"@id\":\"https:\/\/jornalpontomais.com\/site\/2024\/09\/04\/haddad-diz-que-pib-para-o-ano-deve-superar-28\/\",\"url\":\"https:\/\/jornalpontomais.com\/site\/2024\/09\/04\/haddad-diz-que-pib-para-o-ano-deve-superar-28\/\",\"name\":\"Haddad diz que PIB para o ano deve superar 2,8%\u00a0 - Jornal Ponto Mais\",\"isPartOf\":{\"@id\":\"https:\/\/jornalpontomais.com\/site\/#website\"},\"primaryImageOfPage\":{\"@id\":\"https:\/\/jornalpontomais.com\/site\/2024\/09\/04\/haddad-diz-que-pib-para-o-ano-deve-superar-28\/#primaryimage\"},\"image\":{\"@id\":\"https:\/\/jornalpontomais.com\/site\/2024\/09\/04\/haddad-diz-que-pib-para-o-ano-deve-superar-28\/#primaryimage\"},\"thumbnailUrl\":\"https:\/\/jornalpontomais.com\/site\/wp-content\/uploads\/2024\/09\/lula-e-axel-kicillof_mcamgo_abr_13082024-9.webp\",\"datePublished\":\"2024-09-04T14:00:25+00:00\",\"breadcrumb\":{\"@id\":\"https:\/\/jornalpontomais.com\/site\/2024\/09\/04\/haddad-diz-que-pib-para-o-ano-deve-superar-28\/#breadcrumb\"},\"inLanguage\":\"pt-BR\",\"potentialAction\":[{\"@type\":\"ReadAction\",\"target\":[\"https:\/\/jornalpontomais.com\/site\/2024\/09\/04\/haddad-diz-que-pib-para-o-ano-deve-superar-28\/\"]}]},{\"@type\":\"ImageObject\",\"inLanguage\":\"pt-BR\",\"@id\":\"https:\/\/jornalpontomais.com\/site\/2024\/09\/04\/haddad-diz-que-pib-para-o-ano-deve-superar-28\/#primaryimage\",\"url\":\"https:\/\/jornalpontomais.com\/site\/wp-content\/uploads\/2024\/09\/lula-e-axel-kicillof_mcamgo_abr_13082024-9.webp\",\"contentUrl\":\"https:\/\/jornalpontomais.com\/site\/wp-content\/uploads\/2024\/09\/lula-e-axel-kicillof_mcamgo_abr_13082024-9.webp\",\"width\":1170,\"height\":700},{\"@type\":\"BreadcrumbList\",\"@id\":\"https:\/\/jornalpontomais.com\/site\/2024\/09\/04\/haddad-diz-que-pib-para-o-ano-deve-superar-28\/#breadcrumb\",\"itemListElement\":[{\"@type\":\"ListItem\",\"position\":1,\"name\":\"In\u00edcio\",\"item\":\"https:\/\/jornalpontomais.com\/site\/\"},{\"@type\":\"ListItem\",\"position\":2,\"name\":\"Haddad diz que PIB para o ano deve superar 2,8%\u00a0\"}]},{\"@type\":\"WebSite\",\"@id\":\"https:\/\/jornalpontomais.com\/site\/#website\",\"url\":\"https:\/\/jornalpontomais.com\/site\/\",\"name\":\"Jornal Ponto Mais\",\"description\":\"As principais not\u00edcias do Brasil e do mundo. Confira!\",\"publisher\":{\"@id\":\"https:\/\/jornalpontomais.com\/site\/#organization\"},\"potentialAction\":[{\"@type\":\"SearchAction\",\"target\":{\"@type\":\"EntryPoint\",\"urlTemplate\":\"https:\/\/jornalpontomais.com\/site\/?s={search_term_string}\"},\"query-input\":{\"@type\":\"PropertyValueSpecification\",\"valueRequired\":true,\"valueName\":\"search_term_string\"}}],\"inLanguage\":\"pt-BR\"},{\"@type\":\"Organization\",\"@id\":\"https:\/\/jornalpontomais.com\/site\/#organization\",\"name\":\"Jornal Ponto+\",\"url\":\"https:\/\/jornalpontomais.com\/site\/\",\"logo\":{\"@type\":\"ImageObject\",\"inLanguage\":\"pt-BR\",\"@id\":\"https:\/\/jornalpontomais.com\/site\/#\/schema\/logo\/image\/\",\"url\":\"https:\/\/jornalpontomais.com\/site\/wp-content\/uploads\/2022\/01\/marca.png\",\"contentUrl\":\"https:\/\/jornalpontomais.com\/site\/wp-content\/uploads\/2022\/01\/marca.png\",\"width\":582,\"height\":148,\"caption\":\"Jornal Ponto+\"},\"image\":{\"@id\":\"https:\/\/jornalpontomais.com\/site\/#\/schema\/logo\/image\/\"}},{\"@type\":\"Person\",\"@id\":\"https:\/\/jornalpontomais.com\/site\/#\/schema\/person\/18323f0b0f1355f2490721c48389fe9d\",\"name\":\"Jornal Ponto Mais\",\"image\":{\"@type\":\"ImageObject\",\"inLanguage\":\"pt-BR\",\"@id\":\"https:\/\/secure.gravatar.com\/avatar\/2ee0a9b7fe10fe32bdec8bc086e871e41eb5f4f6ecbcb7b4f2fe0d92d831405f?s=96&d=mm&r=g\",\"url\":\"https:\/\/secure.gravatar.com\/avatar\/2ee0a9b7fe10fe32bdec8bc086e871e41eb5f4f6ecbcb7b4f2fe0d92d831405f?s=96&d=mm&r=g\",\"contentUrl\":\"https:\/\/secure.gravatar.com\/avatar\/2ee0a9b7fe10fe32bdec8bc086e871e41eb5f4f6ecbcb7b4f2fe0d92d831405f?s=96&d=mm&r=g\",\"caption\":\"Jornal Ponto Mais\"},\"sameAs\":[\"https:\/\/jornalpontomais.com\/site\",\"jornalpontomais\"],\"url\":\"https:\/\/jornalpontomais.com\/site\/author\/jornalpontomais\/\"}]}<\/script>\n<!-- \/ Yoast SEO plugin. -->","yoast_head_json":{"title":"Haddad diz que PIB para o ano deve superar 2,8%\u00a0 - Jornal Ponto Mais","robots":{"index":"index","follow":"follow","max-snippet":"max-snippet:-1","max-image-preview":"max-image-preview:large","max-video-preview":"max-video-preview:-1"},"canonical":"https:\/\/jornalpontomais.com\/site\/2024\/09\/04\/haddad-diz-que-pib-para-o-ano-deve-superar-28\/","og_locale":"pt_BR","og_type":"article","og_title":"Haddad diz que PIB para o ano deve superar 2,8%\u00a0 - Jornal Ponto Mais","og_description":"O ministro da Fazenda, Fernando Haddad, comemorou nesta ter\u00e7a-feira (3) o\u00a0crescimento de 1,4% do Produto Interno Bruto (PIB) do Brasil\u00a0no segundo trimestre deste ano (abril a junho). Esse resultado deve fazer com que o governo promova uma nova estimativa de arrecada\u00e7\u00e3o de receitas. Ele explicou que a Secretaria de Pol\u00edtica Econ\u00f4mica (SPE) vinha projetando um [&hellip;]","og_url":"https:\/\/jornalpontomais.com\/site\/2024\/09\/04\/haddad-diz-que-pib-para-o-ano-deve-superar-28\/","og_site_name":"Jornal Ponto Mais","article_published_time":"2024-09-04T14:00:25+00:00","og_image":[{"width":1170,"height":700,"url":"https:\/\/jornalpontomais.com\/site\/wp-content\/uploads\/2024\/09\/lula-e-axel-kicillof_mcamgo_abr_13082024-9.webp","type":"image\/webp"}],"author":"Jornal Ponto Mais","twitter_card":"summary_large_image","twitter_misc":{"Escrito por":"Jornal Ponto Mais","Est. tempo de leitura":"2 minutos"},"schema":{"@context":"https:\/\/schema.org","@graph":[{"@type":"Article","@id":"https:\/\/jornalpontomais.com\/site\/2024\/09\/04\/haddad-diz-que-pib-para-o-ano-deve-superar-28\/#article","isPartOf":{"@id":"https:\/\/jornalpontomais.com\/site\/2024\/09\/04\/haddad-diz-que-pib-para-o-ano-deve-superar-28\/"},"author":{"name":"Jornal Ponto Mais","@id":"https:\/\/jornalpontomais.com\/site\/#\/schema\/person\/18323f0b0f1355f2490721c48389fe9d"},"headline":"Haddad diz que PIB para o ano deve superar 2,8%\u00a0","datePublished":"2024-09-04T14:00:25+00:00","mainEntityOfPage":{"@id":"https:\/\/jornalpontomais.com\/site\/2024\/09\/04\/haddad-diz-que-pib-para-o-ano-deve-superar-28\/"},"wordCount":463,"commentCount":0,"publisher":{"@id":"https:\/\/jornalpontomais.com\/site\/#organization"},"image":{"@id":"https:\/\/jornalpontomais.com\/site\/2024\/09\/04\/haddad-diz-que-pib-para-o-ano-deve-superar-28\/#primaryimage"},"thumbnailUrl":"https:\/\/jornalpontomais.com\/site\/wp-content\/uploads\/2024\/09\/lula-e-axel-kicillof_mcamgo_abr_13082024-9.webp","articleSection":["Pol\u00edtica"],"inLanguage":"pt-BR","potentialAction":[{"@type":"CommentAction","name":"Comment","target":["https:\/\/jornalpontomais.com\/site\/2024\/09\/04\/haddad-diz-que-pib-para-o-ano-deve-superar-28\/#respond"]}]},{"@type":"WebPage","@id":"https:\/\/jornalpontomais.com\/site\/2024\/09\/04\/haddad-diz-que-pib-para-o-ano-deve-superar-28\/","url":"https:\/\/jornalpontomais.com\/site\/2024\/09\/04\/haddad-diz-que-pib-para-o-ano-deve-superar-28\/","name":"Haddad diz que PIB para o ano deve superar 2,8%\u00a0 - Jornal Ponto Mais","isPartOf":{"@id":"https:\/\/jornalpontomais.com\/site\/#website"},"primaryImageOfPage":{"@id":"https:\/\/jornalpontomais.com\/site\/2024\/09\/04\/haddad-diz-que-pib-para-o-ano-deve-superar-28\/#primaryimage"},"image":{"@id":"https:\/\/jornalpontomais.com\/site\/2024\/09\/04\/haddad-diz-que-pib-para-o-ano-deve-superar-28\/#primaryimage"},"thumbnailUrl":"https:\/\/jornalpontomais.com\/site\/wp-content\/uploads\/2024\/09\/lula-e-axel-kicillof_mcamgo_abr_13082024-9.webp","datePublished":"2024-09-04T14:00:25+00:00","breadcrumb":{"@id":"https:\/\/jornalpontomais.com\/site\/2024\/09\/04\/haddad-diz-que-pib-para-o-ano-deve-superar-28\/#breadcrumb"},"inLanguage":"pt-BR","potentialAction":[{"@type":"ReadAction","target":["https:\/\/jornalpontomais.com\/site\/2024\/09\/04\/haddad-diz-que-pib-para-o-ano-deve-superar-28\/"]}]},{"@type":"ImageObject","inLanguage":"pt-BR","@id":"https:\/\/jornalpontomais.com\/site\/2024\/09\/04\/haddad-diz-que-pib-para-o-ano-deve-superar-28\/#primaryimage","url":"https:\/\/jornalpontomais.com\/site\/wp-content\/uploads\/2024\/09\/lula-e-axel-kicillof_mcamgo_abr_13082024-9.webp","contentUrl":"https:\/\/jornalpontomais.com\/site\/wp-content\/uploads\/2024\/09\/lula-e-axel-kicillof_mcamgo_abr_13082024-9.webp","width":1170,"height":700},{"@type":"BreadcrumbList","@id":"https:\/\/jornalpontomais.com\/site\/2024\/09\/04\/haddad-diz-que-pib-para-o-ano-deve-superar-28\/#breadcrumb","itemListElement":[{"@type":"ListItem","position":1,"name":"In\u00edcio","item":"https:\/\/jornalpontomais.com\/site\/"},{"@type":"ListItem","position":2,"name":"Haddad diz que PIB para o ano deve superar 2,8%\u00a0"}]},{"@type":"WebSite","@id":"https:\/\/jornalpontomais.com\/site\/#website","url":"https:\/\/jornalpontomais.com\/site\/","name":"Jornal Ponto Mais","description":"As principais not\u00edcias do Brasil e do mundo. Confira!","publisher":{"@id":"https:\/\/jornalpontomais.com\/site\/#organization"},"potentialAction":[{"@type":"SearchAction","target":{"@type":"EntryPoint","urlTemplate":"https:\/\/jornalpontomais.com\/site\/?s={search_term_string}"},"query-input":{"@type":"PropertyValueSpecification","valueRequired":true,"valueName":"search_term_string"}}],"inLanguage":"pt-BR"},{"@type":"Organization","@id":"https:\/\/jornalpontomais.com\/site\/#organization","name":"Jornal Ponto+","url":"https:\/\/jornalpontomais.com\/site\/","logo":{"@type":"ImageObject","inLanguage":"pt-BR","@id":"https:\/\/jornalpontomais.com\/site\/#\/schema\/logo\/image\/","url":"https:\/\/jornalpontomais.com\/site\/wp-content\/uploads\/2022\/01\/marca.png","contentUrl":"https:\/\/jornalpontomais.com\/site\/wp-content\/uploads\/2022\/01\/marca.png","width":582,"height":148,"caption":"Jornal Ponto+"},"image":{"@id":"https:\/\/jornalpontomais.com\/site\/#\/schema\/logo\/image\/"}},{"@type":"Person","@id":"https:\/\/jornalpontomais.com\/site\/#\/schema\/person\/18323f0b0f1355f2490721c48389fe9d","name":"Jornal Ponto Mais","image":{"@type":"ImageObject","inLanguage":"pt-BR","@id":"https:\/\/secure.gravatar.com\/avatar\/2ee0a9b7fe10fe32bdec8bc086e871e41eb5f4f6ecbcb7b4f2fe0d92d831405f?s=96&d=mm&r=g","url":"https:\/\/secure.gravatar.com\/avatar\/2ee0a9b7fe10fe32bdec8bc086e871e41eb5f4f6ecbcb7b4f2fe0d92d831405f?s=96&d=mm&r=g","contentUrl":"https:\/\/secure.gravatar.com\/avatar\/2ee0a9b7fe10fe32bdec8bc086e871e41eb5f4f6ecbcb7b4f2fe0d92d831405f?s=96&d=mm&r=g","caption":"Jornal Ponto Mais"},"sameAs":["https:\/\/jornalpontomais.com\/site","jornalpontomais"],"url":"https:\/\/jornalpontomais.com\/site\/author\/jornalpontomais\/"}]}},"_links":{"self":[{"href":"https:\/\/jornalpontomais.com\/site\/wp-json\/wp\/v2\/posts\/14964","targetHints":{"allow":["GET"]}}],"collection":[{"href":"https:\/\/jornalpontomais.com\/site\/wp-json\/wp\/v2\/posts"}],"about":[{"href":"https:\/\/jornalpontomais.com\/site\/wp-json\/wp\/v2\/types\/post"}],"author":[{"embeddable":true,"href":"https:\/\/jornalpontomais.com\/site\/wp-json\/wp\/v2\/users\/2"}],"replies":[{"embeddable":true,"href":"https:\/\/jornalpontomais.com\/site\/wp-json\/wp\/v2\/comments?post=14964"}],"version-history":[{"count":1,"href":"https:\/\/jornalpontomais.com\/site\/wp-json\/wp\/v2\/posts\/14964\/revisions"}],"predecessor-version":[{"id":14966,"href":"https:\/\/jornalpontomais.com\/site\/wp-json\/wp\/v2\/posts\/14964\/revisions\/14966"}],"wp:featuredmedia":[{"embeddable":true,"href":"https:\/\/jornalpontomais.com\/site\/wp-json\/wp\/v2\/media\/14965"}],"wp:attachment":[{"href":"https:\/\/jornalpontomais.com\/site\/wp-json\/wp\/v2\/media?parent=14964"}],"wp:term":[{"taxonomy":"category","embeddable":true,"href":"https:\/\/jornalpontomais.com\/site\/wp-json\/wp\/v2\/categories?post=14964"},{"taxonomy":"post_tag","embeddable":true,"href":"https:\/\/jornalpontomais.com\/site\/wp-json\/wp\/v2\/tags?post=14964"}],"curies":[{"name":"wp","href":"https:\/\/api.w.org\/{rel}","templated":true}]}}