{"id":14941,"date":"2024-09-03T10:55:40","date_gmt":"2024-09-03T13:55:40","guid":{"rendered":"https:\/\/jornalpontomais.com\/site\/?p=14941"},"modified":"2024-09-05T11:11:43","modified_gmt":"2024-09-05T14:11:43","slug":"caiado-pede-a-inhumenses-oportunidade-para-cidade-voltar-a-crescer","status":"publish","type":"post","link":"https:\/\/jornalpontomais.com\/site\/2024\/09\/03\/caiado-pede-a-inhumenses-oportunidade-para-cidade-voltar-a-crescer\/","title":{"rendered":"Caiado pede a inhumenses oportunidade para cidade voltar a crescer"},"content":{"rendered":"\n<p>O governador de Goi\u00e1s, Ronaldo Caiado, tem manifestado com frequ\u00eancia seu total apoio \u00e0 elei\u00e7\u00e3o de Z\u00e9 Essado em Inhumas. Em recente v\u00eddeo divulgado nas redes sociais, Caiado reitera seu pedido de voto ao candidato.<br><br><\/p>\n\n\n\n<p>\u201cPor favor, d\u00ea oportunidade para que essa cidade possa crescer para termos uma parceria direta entre o governo do Estado de Goi\u00e1s e a prefeitura de Inhumas\u201d, diz o governador referindo-se \u00e0 popula\u00e7\u00e3o de Inhumas.<br><br><\/p>\n\n\n\n<p>O governador \u00e9 taxativo: \u201cpe\u00e7o a todos voc\u00eas, vote 44. Arregace as mangas e me ajude a eleger o prefeito de Inhumas dia 6 de outubro. Pe\u00e7o voto para Z\u00e9 Essado e Eur\u00edpedes para vice!\u201d.<\/p>\n","protected":false},"excerpt":{"rendered":"<p>O governador de Goi\u00e1s, Ronaldo Caiado, tem manifestado com frequ\u00eancia seu total apoio \u00e0 elei\u00e7\u00e3o de Z\u00e9 Essado em Inhumas. Em recente v\u00eddeo divulgado nas redes sociais, Caiado reitera seu pedido de voto ao candidato. \u201cPor favor, d\u00ea oportunidade para que essa cidade possa crescer para termos uma parceria direta entre o governo do Estado [&hellip;]<\/p>\n","protected":false},"author":2,"featured_media":14942,"comment_status":"open","ping_status":"open","sticky":true,"template":"","format":"standard","meta":{"om_disable_all_campaigns":false,"_monsterinsights_skip_tracking":false,"_monsterinsights_sitenote_active":false,"_monsterinsights_sitenote_note":"","_monsterinsights_sitenote_category":0,"footnotes":""},"categories":[1],"tags":[],"class_list":["post-14941","post","type-post","status-publish","format-standard","has-post-thumbnail","hentry","category-politica"],"yoast_head":"<!-- This site is optimized with the Yoast SEO plugin v27.2 - https:\/\/yoast.com\/product\/yoast-seo-wordpress\/ -->\n<title>Caiado pede a inhumenses oportunidade para cidade voltar a crescer - Jornal Ponto Mais<\/title>\n<meta name=\"robots\" content=\"index, follow, max-snippet:-1, max-image-preview:large, max-video-preview:-1\" \/>\n<link rel=\"canonical\" href=\"https:\/\/jornalpontomais.com\/site\/2024\/09\/03\/caiado-pede-a-inhumenses-oportunidade-para-cidade-voltar-a-crescer\/\" \/>\n<meta property=\"og:locale\" content=\"pt_BR\" \/>\n<meta property=\"og:type\" content=\"article\" \/>\n<meta property=\"og:title\" content=\"Caiado pede a inhumenses oportunidade para cidade voltar a crescer - Jornal Ponto Mais\" \/>\n<meta property=\"og:description\" content=\"O governador de Goi\u00e1s, Ronaldo Caiado, tem manifestado com frequ\u00eancia seu total apoio \u00e0 elei\u00e7\u00e3o de Z\u00e9 Essado em Inhumas. Em recente v\u00eddeo divulgado nas redes sociais, Caiado reitera seu pedido de voto ao candidato. \u201cPor favor, d\u00ea oportunidade para que essa cidade possa crescer para termos uma parceria direta entre o governo do Estado [&hellip;]\" \/>\n<meta property=\"og:url\" content=\"https:\/\/jornalpontomais.com\/site\/2024\/09\/03\/caiado-pede-a-inhumenses-oportunidade-para-cidade-voltar-a-crescer\/\" \/>\n<meta property=\"og:site_name\" content=\"Jornal Ponto Mais\" \/>\n<meta property=\"article:published_time\" content=\"2024-09-03T13:55:40+00:00\" \/>\n<meta property=\"article:modified_time\" content=\"2024-09-05T14:11:43+00:00\" \/>\n<meta property=\"og:image\" content=\"https:\/\/jornalpontomais.com\/site\/wp-content\/uploads\/2024\/09\/5151.jpg\" \/>\n\t<meta property=\"og:image:width\" content=\"1072\" \/>\n\t<meta property=\"og:image:height\" content=\"899\" \/>\n\t<meta property=\"og:image:type\" content=\"image\/jpeg\" \/>\n<meta name=\"author\" content=\"Jornal Ponto Mais\" \/>\n<meta name=\"twitter:card\" content=\"summary_large_image\" \/>\n<meta name=\"twitter:label1\" content=\"Escrito por\" \/>\n\t<meta name=\"twitter:data1\" content=\"Jornal Ponto Mais\" \/>\n\t<meta name=\"twitter:label2\" content=\"Est. tempo de leitura\" \/>\n\t<meta name=\"twitter:data2\" content=\"1 minuto\" \/>\n<script type=\"application\/ld+json\" class=\"yoast-schema-graph\">{\"@context\":\"https:\/\/schema.org\",\"@graph\":[{\"@type\":\"Article\",\"@id\":\"https:\/\/jornalpontomais.com\/site\/2024\/09\/03\/caiado-pede-a-inhumenses-oportunidade-para-cidade-voltar-a-crescer\/#article\",\"isPartOf\":{\"@id\":\"https:\/\/jornalpontomais.com\/site\/2024\/09\/03\/caiado-pede-a-inhumenses-oportunidade-para-cidade-voltar-a-crescer\/\"},\"author\":{\"name\":\"Jornal Ponto Mais\",\"@id\":\"https:\/\/jornalpontomais.com\/site\/#\/schema\/person\/18323f0b0f1355f2490721c48389fe9d\"},\"headline\":\"Caiado pede a inhumenses oportunidade para cidade voltar a crescer\",\"datePublished\":\"2024-09-03T13:55:40+00:00\",\"dateModified\":\"2024-09-05T14:11:43+00:00\",\"mainEntityOfPage\":{\"@id\":\"https:\/\/jornalpontomais.com\/site\/2024\/09\/03\/caiado-pede-a-inhumenses-oportunidade-para-cidade-voltar-a-crescer\/\"},\"wordCount\":120,\"commentCount\":0,\"publisher\":{\"@id\":\"https:\/\/jornalpontomais.com\/site\/#organization\"},\"image\":{\"@id\":\"https:\/\/jornalpontomais.com\/site\/2024\/09\/03\/caiado-pede-a-inhumenses-oportunidade-para-cidade-voltar-a-crescer\/#primaryimage\"},\"thumbnailUrl\":\"https:\/\/jornalpontomais.com\/site\/wp-content\/uploads\/2024\/09\/5151.jpg\",\"articleSection\":[\"Pol\u00edtica\"],\"inLanguage\":\"pt-BR\",\"potentialAction\":[{\"@type\":\"CommentAction\",\"name\":\"Comment\",\"target\":[\"https:\/\/jornalpontomais.com\/site\/2024\/09\/03\/caiado-pede-a-inhumenses-oportunidade-para-cidade-voltar-a-crescer\/#respond\"]}]},{\"@type\":\"WebPage\",\"@id\":\"https:\/\/jornalpontomais.com\/site\/2024\/09\/03\/caiado-pede-a-inhumenses-oportunidade-para-cidade-voltar-a-crescer\/\",\"url\":\"https:\/\/jornalpontomais.com\/site\/2024\/09\/03\/caiado-pede-a-inhumenses-oportunidade-para-cidade-voltar-a-crescer\/\",\"name\":\"Caiado pede a inhumenses oportunidade para cidade voltar a crescer - Jornal Ponto Mais\",\"isPartOf\":{\"@id\":\"https:\/\/jornalpontomais.com\/site\/#website\"},\"primaryImageOfPage\":{\"@id\":\"https:\/\/jornalpontomais.com\/site\/2024\/09\/03\/caiado-pede-a-inhumenses-oportunidade-para-cidade-voltar-a-crescer\/#primaryimage\"},\"image\":{\"@id\":\"https:\/\/jornalpontomais.com\/site\/2024\/09\/03\/caiado-pede-a-inhumenses-oportunidade-para-cidade-voltar-a-crescer\/#primaryimage\"},\"thumbnailUrl\":\"https:\/\/jornalpontomais.com\/site\/wp-content\/uploads\/2024\/09\/5151.jpg\",\"datePublished\":\"2024-09-03T13:55:40+00:00\",\"dateModified\":\"2024-09-05T14:11:43+00:00\",\"breadcrumb\":{\"@id\":\"https:\/\/jornalpontomais.com\/site\/2024\/09\/03\/caiado-pede-a-inhumenses-oportunidade-para-cidade-voltar-a-crescer\/#breadcrumb\"},\"inLanguage\":\"pt-BR\",\"potentialAction\":[{\"@type\":\"ReadAction\",\"target\":[\"https:\/\/jornalpontomais.com\/site\/2024\/09\/03\/caiado-pede-a-inhumenses-oportunidade-para-cidade-voltar-a-crescer\/\"]}]},{\"@type\":\"ImageObject\",\"inLanguage\":\"pt-BR\",\"@id\":\"https:\/\/jornalpontomais.com\/site\/2024\/09\/03\/caiado-pede-a-inhumenses-oportunidade-para-cidade-voltar-a-crescer\/#primaryimage\",\"url\":\"https:\/\/jornalpontomais.com\/site\/wp-content\/uploads\/2024\/09\/5151.jpg\",\"contentUrl\":\"https:\/\/jornalpontomais.com\/site\/wp-content\/uploads\/2024\/09\/5151.jpg\",\"width\":1072,\"height\":899},{\"@type\":\"BreadcrumbList\",\"@id\":\"https:\/\/jornalpontomais.com\/site\/2024\/09\/03\/caiado-pede-a-inhumenses-oportunidade-para-cidade-voltar-a-crescer\/#breadcrumb\",\"itemListElement\":[{\"@type\":\"ListItem\",\"position\":1,\"name\":\"In\u00edcio\",\"item\":\"https:\/\/jornalpontomais.com\/site\/\"},{\"@type\":\"ListItem\",\"position\":2,\"name\":\"Caiado pede a inhumenses oportunidade para cidade voltar a crescer\"}]},{\"@type\":\"WebSite\",\"@id\":\"https:\/\/jornalpontomais.com\/site\/#website\",\"url\":\"https:\/\/jornalpontomais.com\/site\/\",\"name\":\"Jornal Ponto Mais\",\"description\":\"As principais not\u00edcias do Brasil e do mundo. Confira!\",\"publisher\":{\"@id\":\"https:\/\/jornalpontomais.com\/site\/#organization\"},\"potentialAction\":[{\"@type\":\"SearchAction\",\"target\":{\"@type\":\"EntryPoint\",\"urlTemplate\":\"https:\/\/jornalpontomais.com\/site\/?s={search_term_string}\"},\"query-input\":{\"@type\":\"PropertyValueSpecification\",\"valueRequired\":true,\"valueName\":\"search_term_string\"}}],\"inLanguage\":\"pt-BR\"},{\"@type\":\"Organization\",\"@id\":\"https:\/\/jornalpontomais.com\/site\/#organization\",\"name\":\"Jornal Ponto+\",\"url\":\"https:\/\/jornalpontomais.com\/site\/\",\"logo\":{\"@type\":\"ImageObject\",\"inLanguage\":\"pt-BR\",\"@id\":\"https:\/\/jornalpontomais.com\/site\/#\/schema\/logo\/image\/\",\"url\":\"https:\/\/jornalpontomais.com\/site\/wp-content\/uploads\/2022\/01\/marca.png\",\"contentUrl\":\"https:\/\/jornalpontomais.com\/site\/wp-content\/uploads\/2022\/01\/marca.png\",\"width\":582,\"height\":148,\"caption\":\"Jornal Ponto+\"},\"image\":{\"@id\":\"https:\/\/jornalpontomais.com\/site\/#\/schema\/logo\/image\/\"}},{\"@type\":\"Person\",\"@id\":\"https:\/\/jornalpontomais.com\/site\/#\/schema\/person\/18323f0b0f1355f2490721c48389fe9d\",\"name\":\"Jornal Ponto Mais\",\"image\":{\"@type\":\"ImageObject\",\"inLanguage\":\"pt-BR\",\"@id\":\"https:\/\/secure.gravatar.com\/avatar\/2ee0a9b7fe10fe32bdec8bc086e871e41eb5f4f6ecbcb7b4f2fe0d92d831405f?s=96&d=mm&r=g\",\"url\":\"https:\/\/secure.gravatar.com\/avatar\/2ee0a9b7fe10fe32bdec8bc086e871e41eb5f4f6ecbcb7b4f2fe0d92d831405f?s=96&d=mm&r=g\",\"contentUrl\":\"https:\/\/secure.gravatar.com\/avatar\/2ee0a9b7fe10fe32bdec8bc086e871e41eb5f4f6ecbcb7b4f2fe0d92d831405f?s=96&d=mm&r=g\",\"caption\":\"Jornal Ponto Mais\"},\"sameAs\":[\"https:\/\/jornalpontomais.com\/site\",\"jornalpontomais\"],\"url\":\"https:\/\/jornalpontomais.com\/site\/author\/jornalpontomais\/\"}]}<\/script>\n<!-- \/ Yoast SEO plugin. -->","yoast_head_json":{"title":"Caiado pede a inhumenses oportunidade para cidade voltar a crescer - Jornal Ponto Mais","robots":{"index":"index","follow":"follow","max-snippet":"max-snippet:-1","max-image-preview":"max-image-preview:large","max-video-preview":"max-video-preview:-1"},"canonical":"https:\/\/jornalpontomais.com\/site\/2024\/09\/03\/caiado-pede-a-inhumenses-oportunidade-para-cidade-voltar-a-crescer\/","og_locale":"pt_BR","og_type":"article","og_title":"Caiado pede a inhumenses oportunidade para cidade voltar a crescer - Jornal Ponto Mais","og_description":"O governador de Goi\u00e1s, Ronaldo Caiado, tem manifestado com frequ\u00eancia seu total apoio \u00e0 elei\u00e7\u00e3o de Z\u00e9 Essado em Inhumas. Em recente v\u00eddeo divulgado nas redes sociais, Caiado reitera seu pedido de voto ao candidato. \u201cPor favor, d\u00ea oportunidade para que essa cidade possa crescer para termos uma parceria direta entre o governo do Estado [&hellip;]","og_url":"https:\/\/jornalpontomais.com\/site\/2024\/09\/03\/caiado-pede-a-inhumenses-oportunidade-para-cidade-voltar-a-crescer\/","og_site_name":"Jornal Ponto Mais","article_published_time":"2024-09-03T13:55:40+00:00","article_modified_time":"2024-09-05T14:11:43+00:00","og_image":[{"width":1072,"height":899,"url":"https:\/\/jornalpontomais.com\/site\/wp-content\/uploads\/2024\/09\/5151.jpg","type":"image\/jpeg"}],"author":"Jornal Ponto Mais","twitter_card":"summary_large_image","twitter_misc":{"Escrito por":"Jornal Ponto Mais","Est. tempo de leitura":"1 minuto"},"schema":{"@context":"https:\/\/schema.org","@graph":[{"@type":"Article","@id":"https:\/\/jornalpontomais.com\/site\/2024\/09\/03\/caiado-pede-a-inhumenses-oportunidade-para-cidade-voltar-a-crescer\/#article","isPartOf":{"@id":"https:\/\/jornalpontomais.com\/site\/2024\/09\/03\/caiado-pede-a-inhumenses-oportunidade-para-cidade-voltar-a-crescer\/"},"author":{"name":"Jornal Ponto Mais","@id":"https:\/\/jornalpontomais.com\/site\/#\/schema\/person\/18323f0b0f1355f2490721c48389fe9d"},"headline":"Caiado pede a inhumenses oportunidade para cidade voltar a crescer","datePublished":"2024-09-03T13:55:40+00:00","dateModified":"2024-09-05T14:11:43+00:00","mainEntityOfPage":{"@id":"https:\/\/jornalpontomais.com\/site\/2024\/09\/03\/caiado-pede-a-inhumenses-oportunidade-para-cidade-voltar-a-crescer\/"},"wordCount":120,"commentCount":0,"publisher":{"@id":"https:\/\/jornalpontomais.com\/site\/#organization"},"image":{"@id":"https:\/\/jornalpontomais.com\/site\/2024\/09\/03\/caiado-pede-a-inhumenses-oportunidade-para-cidade-voltar-a-crescer\/#primaryimage"},"thumbnailUrl":"https:\/\/jornalpontomais.com\/site\/wp-content\/uploads\/2024\/09\/5151.jpg","articleSection":["Pol\u00edtica"],"inLanguage":"pt-BR","potentialAction":[{"@type":"CommentAction","name":"Comment","target":["https:\/\/jornalpontomais.com\/site\/2024\/09\/03\/caiado-pede-a-inhumenses-oportunidade-para-cidade-voltar-a-crescer\/#respond"]}]},{"@type":"WebPage","@id":"https:\/\/jornalpontomais.com\/site\/2024\/09\/03\/caiado-pede-a-inhumenses-oportunidade-para-cidade-voltar-a-crescer\/","url":"https:\/\/jornalpontomais.com\/site\/2024\/09\/03\/caiado-pede-a-inhumenses-oportunidade-para-cidade-voltar-a-crescer\/","name":"Caiado pede a inhumenses oportunidade para cidade voltar a crescer - Jornal Ponto Mais","isPartOf":{"@id":"https:\/\/jornalpontomais.com\/site\/#website"},"primaryImageOfPage":{"@id":"https:\/\/jornalpontomais.com\/site\/2024\/09\/03\/caiado-pede-a-inhumenses-oportunidade-para-cidade-voltar-a-crescer\/#primaryimage"},"image":{"@id":"https:\/\/jornalpontomais.com\/site\/2024\/09\/03\/caiado-pede-a-inhumenses-oportunidade-para-cidade-voltar-a-crescer\/#primaryimage"},"thumbnailUrl":"https:\/\/jornalpontomais.com\/site\/wp-content\/uploads\/2024\/09\/5151.jpg","datePublished":"2024-09-03T13:55:40+00:00","dateModified":"2024-09-05T14:11:43+00:00","breadcrumb":{"@id":"https:\/\/jornalpontomais.com\/site\/2024\/09\/03\/caiado-pede-a-inhumenses-oportunidade-para-cidade-voltar-a-crescer\/#breadcrumb"},"inLanguage":"pt-BR","potentialAction":[{"@type":"ReadAction","target":["https:\/\/jornalpontomais.com\/site\/2024\/09\/03\/caiado-pede-a-inhumenses-oportunidade-para-cidade-voltar-a-crescer\/"]}]},{"@type":"ImageObject","inLanguage":"pt-BR","@id":"https:\/\/jornalpontomais.com\/site\/2024\/09\/03\/caiado-pede-a-inhumenses-oportunidade-para-cidade-voltar-a-crescer\/#primaryimage","url":"https:\/\/jornalpontomais.com\/site\/wp-content\/uploads\/2024\/09\/5151.jpg","contentUrl":"https:\/\/jornalpontomais.com\/site\/wp-content\/uploads\/2024\/09\/5151.jpg","width":1072,"height":899},{"@type":"BreadcrumbList","@id":"https:\/\/jornalpontomais.com\/site\/2024\/09\/03\/caiado-pede-a-inhumenses-oportunidade-para-cidade-voltar-a-crescer\/#breadcrumb","itemListElement":[{"@type":"ListItem","position":1,"name":"In\u00edcio","item":"https:\/\/jornalpontomais.com\/site\/"},{"@type":"ListItem","position":2,"name":"Caiado pede a inhumenses oportunidade para cidade voltar a crescer"}]},{"@type":"WebSite","@id":"https:\/\/jornalpontomais.com\/site\/#website","url":"https:\/\/jornalpontomais.com\/site\/","name":"Jornal Ponto Mais","description":"As principais not\u00edcias do Brasil e do mundo. Confira!","publisher":{"@id":"https:\/\/jornalpontomais.com\/site\/#organization"},"potentialAction":[{"@type":"SearchAction","target":{"@type":"EntryPoint","urlTemplate":"https:\/\/jornalpontomais.com\/site\/?s={search_term_string}"},"query-input":{"@type":"PropertyValueSpecification","valueRequired":true,"valueName":"search_term_string"}}],"inLanguage":"pt-BR"},{"@type":"Organization","@id":"https:\/\/jornalpontomais.com\/site\/#organization","name":"Jornal Ponto+","url":"https:\/\/jornalpontomais.com\/site\/","logo":{"@type":"ImageObject","inLanguage":"pt-BR","@id":"https:\/\/jornalpontomais.com\/site\/#\/schema\/logo\/image\/","url":"https:\/\/jornalpontomais.com\/site\/wp-content\/uploads\/2022\/01\/marca.png","contentUrl":"https:\/\/jornalpontomais.com\/site\/wp-content\/uploads\/2022\/01\/marca.png","width":582,"height":148,"caption":"Jornal Ponto+"},"image":{"@id":"https:\/\/jornalpontomais.com\/site\/#\/schema\/logo\/image\/"}},{"@type":"Person","@id":"https:\/\/jornalpontomais.com\/site\/#\/schema\/person\/18323f0b0f1355f2490721c48389fe9d","name":"Jornal Ponto Mais","image":{"@type":"ImageObject","inLanguage":"pt-BR","@id":"https:\/\/secure.gravatar.com\/avatar\/2ee0a9b7fe10fe32bdec8bc086e871e41eb5f4f6ecbcb7b4f2fe0d92d831405f?s=96&d=mm&r=g","url":"https:\/\/secure.gravatar.com\/avatar\/2ee0a9b7fe10fe32bdec8bc086e871e41eb5f4f6ecbcb7b4f2fe0d92d831405f?s=96&d=mm&r=g","contentUrl":"https:\/\/secure.gravatar.com\/avatar\/2ee0a9b7fe10fe32bdec8bc086e871e41eb5f4f6ecbcb7b4f2fe0d92d831405f?s=96&d=mm&r=g","caption":"Jornal Ponto Mais"},"sameAs":["https:\/\/jornalpontomais.com\/site","jornalpontomais"],"url":"https:\/\/jornalpontomais.com\/site\/author\/jornalpontomais\/"}]}},"_links":{"self":[{"href":"https:\/\/jornalpontomais.com\/site\/wp-json\/wp\/v2\/posts\/14941","targetHints":{"allow":["GET"]}}],"collection":[{"href":"https:\/\/jornalpontomais.com\/site\/wp-json\/wp\/v2\/posts"}],"about":[{"href":"https:\/\/jornalpontomais.com\/site\/wp-json\/wp\/v2\/types\/post"}],"author":[{"embeddable":true,"href":"https:\/\/jornalpontomais.com\/site\/wp-json\/wp\/v2\/users\/2"}],"replies":[{"embeddable":true,"href":"https:\/\/jornalpontomais.com\/site\/wp-json\/wp\/v2\/comments?post=14941"}],"version-history":[{"count":1,"href":"https:\/\/jornalpontomais.com\/site\/wp-json\/wp\/v2\/posts\/14941\/revisions"}],"predecessor-version":[{"id":14943,"href":"https:\/\/jornalpontomais.com\/site\/wp-json\/wp\/v2\/posts\/14941\/revisions\/14943"}],"wp:featuredmedia":[{"embeddable":true,"href":"https:\/\/jornalpontomais.com\/site\/wp-json\/wp\/v2\/media\/14942"}],"wp:attachment":[{"href":"https:\/\/jornalpontomais.com\/site\/wp-json\/wp\/v2\/media?parent=14941"}],"wp:term":[{"taxonomy":"category","embeddable":true,"href":"https:\/\/jornalpontomais.com\/site\/wp-json\/wp\/v2\/categories?post=14941"},{"taxonomy":"post_tag","embeddable":true,"href":"https:\/\/jornalpontomais.com\/site\/wp-json\/wp\/v2\/tags?post=14941"}],"curies":[{"name":"wp","href":"https:\/\/api.w.org\/{rel}","templated":true}]}}