{"id":14932,"date":"2024-09-02T18:16:30","date_gmt":"2024-09-02T21:16:30","guid":{"rendered":"https:\/\/jornalpontomais.com\/site\/?p=14932"},"modified":"2024-09-04T11:09:49","modified_gmt":"2024-09-04T14:09:49","slug":"ze-essado-vamos-criar-atrativos-para-trazer-empresas-e-gerar-empregos-em-inhumas","status":"publish","type":"post","link":"https:\/\/jornalpontomais.com\/site\/2024\/09\/02\/ze-essado-vamos-criar-atrativos-para-trazer-empresas-e-gerar-empregos-em-inhumas\/","title":{"rendered":"Z\u00e9 Essado: \u201cvamos criar atrativos para trazer empresas e gerar empregos em Inhumas\u201d"},"content":{"rendered":"\n<p>Nos \u00faltimos dias, o candidato a prefeito de Inhumas Z\u00e9 Essado (Uni\u00e3o Brasil) esteve com empres\u00e1rios e colaboradores de in\u00fameros segmentos para ouvir as necessidades de cada grupo e para apresentar suas propostas. O candidato a vice-prefeito, Eur\u00edpedes Barsanulfo, acompanhou Z\u00e9 Essado nos encontros.<br><br><\/p>\n\n\n\n<p>Z\u00e9 Essado visitou f\u00e1bricas no Polo T\u00eaxtil, empresas de m\u00f3veis, ind\u00fastria de produtos pl\u00e1sticos recicl\u00e1veis e tamb\u00e9m esteve com o setor da constru\u00e7\u00e3o. &#8220;\u00c9 fundamental ouvir as pessoas e poder fazer esse debate pelo desenvolvimento econ\u00f4mico e humano da nossa Inhumas&#8221;, pondera Essado.<br><br><\/p>\n\n\n\n<p>Durante as reuni\u00f5es, o candidato aproveitou para falar de seus projetos para a cidade, que precisa urgentemente de investimentos para atrair ind\u00fastrias e fomentar o com\u00e9rcio. &#8220;\u00c9 papel da prefeitura criar estrat\u00e9gias para atrair empresas para Inhumas e assim gerar emprego e renda. Vamos tamb\u00e9m realizar a\u00e7\u00f5es para valorizar o com\u00e9rcio local, para movimentar a nossa economia. Hoje, isso n\u00e3o acontece, a atual gest\u00e3o n\u00e3o investiu nisso, mas isso vai mudar, \u00e9 um compromisso meu&#8221;, afirma o candidato.<br><br><\/p>\n\n\n\n<p>Z\u00e9 Essado tamb\u00e9m destacou que vai trazer para Inhumas cursos de capacita\u00e7\u00e3o e apoio em parceria com o Sistema S (Sesi\/Senai\/Senac\/Sesc\/Senar\/Sescoop\/Senat\/Sest\/Sebrae), que oferece um conjunto variado de servi\u00e7os \u00e0 popula\u00e7\u00e3o, como escolas, cursos t\u00e9cnicos, pesquisas, atividades culturais e esportivas. &#8220;A m\u00e3o de obra qualificada e o conhecimento b\u00e1sico para novos empreendedores s\u00e3o alguns dos problemas que o com\u00e9rcio enfrenta e vamos buscar parcerias para mudar isso&#8221;, avalia Z\u00e9 Essado.<br><br><\/p>\n\n\n\n<p>Ele tamb\u00e9m falou sobre as propostas de investir na cria\u00e7\u00e3o da Usina Asf\u00e1ltica, na recupera\u00e7\u00e3o de todas as ruas da cidade, promover mudan\u00e7as profundas no tr\u00e2nsito para modernizar a sinaliza\u00e7\u00e3o, ilumina\u00e7\u00e3o e nova engenharia de tr\u00e1fego. Al\u00e9m disso, ele tamb\u00e9m explicou sobre as mudan\u00e7as que far\u00e1 na \u00e1rea de sa\u00fade: &#8220;vamos contratar mais m\u00e9dicos, acabar com a falta de medicamentos, investir na constru\u00e7\u00e3o de novos cais e reformar o Hospital&nbsp;Municipal.<\/p>\n","protected":false},"excerpt":{"rendered":"<p>Nos \u00faltimos dias, o candidato a prefeito de Inhumas Z\u00e9 Essado (Uni\u00e3o Brasil) esteve com empres\u00e1rios e colaboradores de in\u00fameros segmentos para ouvir as necessidades de cada grupo e para apresentar suas propostas. O candidato a vice-prefeito, Eur\u00edpedes Barsanulfo, acompanhou Z\u00e9 Essado nos encontros. Z\u00e9 Essado visitou f\u00e1bricas no Polo T\u00eaxtil, empresas de m\u00f3veis, ind\u00fastria [&hellip;]<\/p>\n","protected":false},"author":2,"featured_media":14972,"comment_status":"open","ping_status":"open","sticky":true,"template":"","format":"standard","meta":{"om_disable_all_campaigns":false,"_monsterinsights_skip_tracking":false,"_monsterinsights_sitenote_active":false,"_monsterinsights_sitenote_note":"","_monsterinsights_sitenote_category":0,"footnotes":""},"categories":[1],"tags":[],"class_list":["post-14932","post","type-post","status-publish","format-standard","has-post-thumbnail","hentry","category-politica"],"yoast_head":"<!-- This site is optimized with the Yoast SEO plugin v27.2 - https:\/\/yoast.com\/product\/yoast-seo-wordpress\/ -->\n<title>Z\u00e9 Essado: \u201cvamos criar atrativos para trazer empresas e gerar empregos em Inhumas\u201d - Jornal Ponto Mais<\/title>\n<meta name=\"robots\" content=\"index, follow, max-snippet:-1, max-image-preview:large, max-video-preview:-1\" \/>\n<link rel=\"canonical\" href=\"https:\/\/jornalpontomais.com\/site\/2024\/09\/02\/ze-essado-vamos-criar-atrativos-para-trazer-empresas-e-gerar-empregos-em-inhumas\/\" \/>\n<meta property=\"og:locale\" content=\"pt_BR\" \/>\n<meta property=\"og:type\" content=\"article\" \/>\n<meta property=\"og:title\" content=\"Z\u00e9 Essado: \u201cvamos criar atrativos para trazer empresas e gerar empregos em Inhumas\u201d - Jornal Ponto Mais\" \/>\n<meta property=\"og:description\" content=\"Nos \u00faltimos dias, o candidato a prefeito de Inhumas Z\u00e9 Essado (Uni\u00e3o Brasil) esteve com empres\u00e1rios e colaboradores de in\u00fameros segmentos para ouvir as necessidades de cada grupo e para apresentar suas propostas. O candidato a vice-prefeito, Eur\u00edpedes Barsanulfo, acompanhou Z\u00e9 Essado nos encontros. Z\u00e9 Essado visitou f\u00e1bricas no Polo T\u00eaxtil, empresas de m\u00f3veis, ind\u00fastria [&hellip;]\" \/>\n<meta property=\"og:url\" content=\"https:\/\/jornalpontomais.com\/site\/2024\/09\/02\/ze-essado-vamos-criar-atrativos-para-trazer-empresas-e-gerar-empregos-em-inhumas\/\" \/>\n<meta property=\"og:site_name\" content=\"Jornal Ponto Mais\" \/>\n<meta property=\"article:published_time\" content=\"2024-09-02T21:16:30+00:00\" \/>\n<meta property=\"article:modified_time\" content=\"2024-09-04T14:09:49+00:00\" \/>\n<meta property=\"og:image\" content=\"https:\/\/jornalpontomais.com\/site\/wp-content\/uploads\/2024\/09\/hthhhtht.jpg\" \/>\n\t<meta property=\"og:image:width\" content=\"1600\" \/>\n\t<meta property=\"og:image:height\" content=\"1200\" \/>\n\t<meta property=\"og:image:type\" content=\"image\/jpeg\" \/>\n<meta name=\"author\" content=\"Jornal Ponto Mais\" \/>\n<meta name=\"twitter:card\" content=\"summary_large_image\" \/>\n<meta name=\"twitter:label1\" content=\"Escrito por\" \/>\n\t<meta name=\"twitter:data1\" content=\"Jornal Ponto Mais\" \/>\n\t<meta name=\"twitter:label2\" content=\"Est. tempo de leitura\" \/>\n\t<meta name=\"twitter:data2\" content=\"2 minutos\" \/>\n<script type=\"application\/ld+json\" class=\"yoast-schema-graph\">{\"@context\":\"https:\/\/schema.org\",\"@graph\":[{\"@type\":\"Article\",\"@id\":\"https:\/\/jornalpontomais.com\/site\/2024\/09\/02\/ze-essado-vamos-criar-atrativos-para-trazer-empresas-e-gerar-empregos-em-inhumas\/#article\",\"isPartOf\":{\"@id\":\"https:\/\/jornalpontomais.com\/site\/2024\/09\/02\/ze-essado-vamos-criar-atrativos-para-trazer-empresas-e-gerar-empregos-em-inhumas\/\"},\"author\":{\"name\":\"Jornal Ponto Mais\",\"@id\":\"https:\/\/jornalpontomais.com\/site\/#\/schema\/person\/18323f0b0f1355f2490721c48389fe9d\"},\"headline\":\"Z\u00e9 Essado: \u201cvamos criar atrativos para trazer empresas e gerar empregos em Inhumas\u201d\",\"datePublished\":\"2024-09-02T21:16:30+00:00\",\"dateModified\":\"2024-09-04T14:09:49+00:00\",\"mainEntityOfPage\":{\"@id\":\"https:\/\/jornalpontomais.com\/site\/2024\/09\/02\/ze-essado-vamos-criar-atrativos-para-trazer-empresas-e-gerar-empregos-em-inhumas\/\"},\"wordCount\":370,\"commentCount\":0,\"publisher\":{\"@id\":\"https:\/\/jornalpontomais.com\/site\/#organization\"},\"image\":{\"@id\":\"https:\/\/jornalpontomais.com\/site\/2024\/09\/02\/ze-essado-vamos-criar-atrativos-para-trazer-empresas-e-gerar-empregos-em-inhumas\/#primaryimage\"},\"thumbnailUrl\":\"https:\/\/jornalpontomais.com\/site\/wp-content\/uploads\/2024\/09\/hthhhtht.jpg\",\"articleSection\":[\"Pol\u00edtica\"],\"inLanguage\":\"pt-BR\",\"potentialAction\":[{\"@type\":\"CommentAction\",\"name\":\"Comment\",\"target\":[\"https:\/\/jornalpontomais.com\/site\/2024\/09\/02\/ze-essado-vamos-criar-atrativos-para-trazer-empresas-e-gerar-empregos-em-inhumas\/#respond\"]}]},{\"@type\":\"WebPage\",\"@id\":\"https:\/\/jornalpontomais.com\/site\/2024\/09\/02\/ze-essado-vamos-criar-atrativos-para-trazer-empresas-e-gerar-empregos-em-inhumas\/\",\"url\":\"https:\/\/jornalpontomais.com\/site\/2024\/09\/02\/ze-essado-vamos-criar-atrativos-para-trazer-empresas-e-gerar-empregos-em-inhumas\/\",\"name\":\"Z\u00e9 Essado: \u201cvamos criar atrativos para trazer empresas e gerar empregos em Inhumas\u201d - Jornal Ponto Mais\",\"isPartOf\":{\"@id\":\"https:\/\/jornalpontomais.com\/site\/#website\"},\"primaryImageOfPage\":{\"@id\":\"https:\/\/jornalpontomais.com\/site\/2024\/09\/02\/ze-essado-vamos-criar-atrativos-para-trazer-empresas-e-gerar-empregos-em-inhumas\/#primaryimage\"},\"image\":{\"@id\":\"https:\/\/jornalpontomais.com\/site\/2024\/09\/02\/ze-essado-vamos-criar-atrativos-para-trazer-empresas-e-gerar-empregos-em-inhumas\/#primaryimage\"},\"thumbnailUrl\":\"https:\/\/jornalpontomais.com\/site\/wp-content\/uploads\/2024\/09\/hthhhtht.jpg\",\"datePublished\":\"2024-09-02T21:16:30+00:00\",\"dateModified\":\"2024-09-04T14:09:49+00:00\",\"breadcrumb\":{\"@id\":\"https:\/\/jornalpontomais.com\/site\/2024\/09\/02\/ze-essado-vamos-criar-atrativos-para-trazer-empresas-e-gerar-empregos-em-inhumas\/#breadcrumb\"},\"inLanguage\":\"pt-BR\",\"potentialAction\":[{\"@type\":\"ReadAction\",\"target\":[\"https:\/\/jornalpontomais.com\/site\/2024\/09\/02\/ze-essado-vamos-criar-atrativos-para-trazer-empresas-e-gerar-empregos-em-inhumas\/\"]}]},{\"@type\":\"ImageObject\",\"inLanguage\":\"pt-BR\",\"@id\":\"https:\/\/jornalpontomais.com\/site\/2024\/09\/02\/ze-essado-vamos-criar-atrativos-para-trazer-empresas-e-gerar-empregos-em-inhumas\/#primaryimage\",\"url\":\"https:\/\/jornalpontomais.com\/site\/wp-content\/uploads\/2024\/09\/hthhhtht.jpg\",\"contentUrl\":\"https:\/\/jornalpontomais.com\/site\/wp-content\/uploads\/2024\/09\/hthhhtht.jpg\",\"width\":1600,\"height\":1200},{\"@type\":\"BreadcrumbList\",\"@id\":\"https:\/\/jornalpontomais.com\/site\/2024\/09\/02\/ze-essado-vamos-criar-atrativos-para-trazer-empresas-e-gerar-empregos-em-inhumas\/#breadcrumb\",\"itemListElement\":[{\"@type\":\"ListItem\",\"position\":1,\"name\":\"In\u00edcio\",\"item\":\"https:\/\/jornalpontomais.com\/site\/\"},{\"@type\":\"ListItem\",\"position\":2,\"name\":\"Z\u00e9 Essado: \u201cvamos criar atrativos para trazer empresas e gerar empregos em Inhumas\u201d\"}]},{\"@type\":\"WebSite\",\"@id\":\"https:\/\/jornalpontomais.com\/site\/#website\",\"url\":\"https:\/\/jornalpontomais.com\/site\/\",\"name\":\"Jornal Ponto Mais\",\"description\":\"As principais not\u00edcias do Brasil e do mundo. Confira!\",\"publisher\":{\"@id\":\"https:\/\/jornalpontomais.com\/site\/#organization\"},\"potentialAction\":[{\"@type\":\"SearchAction\",\"target\":{\"@type\":\"EntryPoint\",\"urlTemplate\":\"https:\/\/jornalpontomais.com\/site\/?s={search_term_string}\"},\"query-input\":{\"@type\":\"PropertyValueSpecification\",\"valueRequired\":true,\"valueName\":\"search_term_string\"}}],\"inLanguage\":\"pt-BR\"},{\"@type\":\"Organization\",\"@id\":\"https:\/\/jornalpontomais.com\/site\/#organization\",\"name\":\"Jornal Ponto+\",\"url\":\"https:\/\/jornalpontomais.com\/site\/\",\"logo\":{\"@type\":\"ImageObject\",\"inLanguage\":\"pt-BR\",\"@id\":\"https:\/\/jornalpontomais.com\/site\/#\/schema\/logo\/image\/\",\"url\":\"https:\/\/jornalpontomais.com\/site\/wp-content\/uploads\/2022\/01\/marca.png\",\"contentUrl\":\"https:\/\/jornalpontomais.com\/site\/wp-content\/uploads\/2022\/01\/marca.png\",\"width\":582,\"height\":148,\"caption\":\"Jornal Ponto+\"},\"image\":{\"@id\":\"https:\/\/jornalpontomais.com\/site\/#\/schema\/logo\/image\/\"}},{\"@type\":\"Person\",\"@id\":\"https:\/\/jornalpontomais.com\/site\/#\/schema\/person\/18323f0b0f1355f2490721c48389fe9d\",\"name\":\"Jornal Ponto Mais\",\"image\":{\"@type\":\"ImageObject\",\"inLanguage\":\"pt-BR\",\"@id\":\"https:\/\/secure.gravatar.com\/avatar\/2ee0a9b7fe10fe32bdec8bc086e871e41eb5f4f6ecbcb7b4f2fe0d92d831405f?s=96&d=mm&r=g\",\"url\":\"https:\/\/secure.gravatar.com\/avatar\/2ee0a9b7fe10fe32bdec8bc086e871e41eb5f4f6ecbcb7b4f2fe0d92d831405f?s=96&d=mm&r=g\",\"contentUrl\":\"https:\/\/secure.gravatar.com\/avatar\/2ee0a9b7fe10fe32bdec8bc086e871e41eb5f4f6ecbcb7b4f2fe0d92d831405f?s=96&d=mm&r=g\",\"caption\":\"Jornal Ponto Mais\"},\"sameAs\":[\"https:\/\/jornalpontomais.com\/site\",\"jornalpontomais\"],\"url\":\"https:\/\/jornalpontomais.com\/site\/author\/jornalpontomais\/\"}]}<\/script>\n<!-- \/ Yoast SEO plugin. -->","yoast_head_json":{"title":"Z\u00e9 Essado: \u201cvamos criar atrativos para trazer empresas e gerar empregos em Inhumas\u201d - Jornal Ponto Mais","robots":{"index":"index","follow":"follow","max-snippet":"max-snippet:-1","max-image-preview":"max-image-preview:large","max-video-preview":"max-video-preview:-1"},"canonical":"https:\/\/jornalpontomais.com\/site\/2024\/09\/02\/ze-essado-vamos-criar-atrativos-para-trazer-empresas-e-gerar-empregos-em-inhumas\/","og_locale":"pt_BR","og_type":"article","og_title":"Z\u00e9 Essado: \u201cvamos criar atrativos para trazer empresas e gerar empregos em Inhumas\u201d - Jornal Ponto Mais","og_description":"Nos \u00faltimos dias, o candidato a prefeito de Inhumas Z\u00e9 Essado (Uni\u00e3o Brasil) esteve com empres\u00e1rios e colaboradores de in\u00fameros segmentos para ouvir as necessidades de cada grupo e para apresentar suas propostas. O candidato a vice-prefeito, Eur\u00edpedes Barsanulfo, acompanhou Z\u00e9 Essado nos encontros. Z\u00e9 Essado visitou f\u00e1bricas no Polo T\u00eaxtil, empresas de m\u00f3veis, ind\u00fastria [&hellip;]","og_url":"https:\/\/jornalpontomais.com\/site\/2024\/09\/02\/ze-essado-vamos-criar-atrativos-para-trazer-empresas-e-gerar-empregos-em-inhumas\/","og_site_name":"Jornal Ponto Mais","article_published_time":"2024-09-02T21:16:30+00:00","article_modified_time":"2024-09-04T14:09:49+00:00","og_image":[{"width":1600,"height":1200,"url":"https:\/\/jornalpontomais.com\/site\/wp-content\/uploads\/2024\/09\/hthhhtht.jpg","type":"image\/jpeg"}],"author":"Jornal Ponto Mais","twitter_card":"summary_large_image","twitter_misc":{"Escrito por":"Jornal Ponto Mais","Est. tempo de leitura":"2 minutos"},"schema":{"@context":"https:\/\/schema.org","@graph":[{"@type":"Article","@id":"https:\/\/jornalpontomais.com\/site\/2024\/09\/02\/ze-essado-vamos-criar-atrativos-para-trazer-empresas-e-gerar-empregos-em-inhumas\/#article","isPartOf":{"@id":"https:\/\/jornalpontomais.com\/site\/2024\/09\/02\/ze-essado-vamos-criar-atrativos-para-trazer-empresas-e-gerar-empregos-em-inhumas\/"},"author":{"name":"Jornal Ponto Mais","@id":"https:\/\/jornalpontomais.com\/site\/#\/schema\/person\/18323f0b0f1355f2490721c48389fe9d"},"headline":"Z\u00e9 Essado: \u201cvamos criar atrativos para trazer empresas e gerar empregos em Inhumas\u201d","datePublished":"2024-09-02T21:16:30+00:00","dateModified":"2024-09-04T14:09:49+00:00","mainEntityOfPage":{"@id":"https:\/\/jornalpontomais.com\/site\/2024\/09\/02\/ze-essado-vamos-criar-atrativos-para-trazer-empresas-e-gerar-empregos-em-inhumas\/"},"wordCount":370,"commentCount":0,"publisher":{"@id":"https:\/\/jornalpontomais.com\/site\/#organization"},"image":{"@id":"https:\/\/jornalpontomais.com\/site\/2024\/09\/02\/ze-essado-vamos-criar-atrativos-para-trazer-empresas-e-gerar-empregos-em-inhumas\/#primaryimage"},"thumbnailUrl":"https:\/\/jornalpontomais.com\/site\/wp-content\/uploads\/2024\/09\/hthhhtht.jpg","articleSection":["Pol\u00edtica"],"inLanguage":"pt-BR","potentialAction":[{"@type":"CommentAction","name":"Comment","target":["https:\/\/jornalpontomais.com\/site\/2024\/09\/02\/ze-essado-vamos-criar-atrativos-para-trazer-empresas-e-gerar-empregos-em-inhumas\/#respond"]}]},{"@type":"WebPage","@id":"https:\/\/jornalpontomais.com\/site\/2024\/09\/02\/ze-essado-vamos-criar-atrativos-para-trazer-empresas-e-gerar-empregos-em-inhumas\/","url":"https:\/\/jornalpontomais.com\/site\/2024\/09\/02\/ze-essado-vamos-criar-atrativos-para-trazer-empresas-e-gerar-empregos-em-inhumas\/","name":"Z\u00e9 Essado: \u201cvamos criar atrativos para trazer empresas e gerar empregos em Inhumas\u201d - Jornal Ponto Mais","isPartOf":{"@id":"https:\/\/jornalpontomais.com\/site\/#website"},"primaryImageOfPage":{"@id":"https:\/\/jornalpontomais.com\/site\/2024\/09\/02\/ze-essado-vamos-criar-atrativos-para-trazer-empresas-e-gerar-empregos-em-inhumas\/#primaryimage"},"image":{"@id":"https:\/\/jornalpontomais.com\/site\/2024\/09\/02\/ze-essado-vamos-criar-atrativos-para-trazer-empresas-e-gerar-empregos-em-inhumas\/#primaryimage"},"thumbnailUrl":"https:\/\/jornalpontomais.com\/site\/wp-content\/uploads\/2024\/09\/hthhhtht.jpg","datePublished":"2024-09-02T21:16:30+00:00","dateModified":"2024-09-04T14:09:49+00:00","breadcrumb":{"@id":"https:\/\/jornalpontomais.com\/site\/2024\/09\/02\/ze-essado-vamos-criar-atrativos-para-trazer-empresas-e-gerar-empregos-em-inhumas\/#breadcrumb"},"inLanguage":"pt-BR","potentialAction":[{"@type":"ReadAction","target":["https:\/\/jornalpontomais.com\/site\/2024\/09\/02\/ze-essado-vamos-criar-atrativos-para-trazer-empresas-e-gerar-empregos-em-inhumas\/"]}]},{"@type":"ImageObject","inLanguage":"pt-BR","@id":"https:\/\/jornalpontomais.com\/site\/2024\/09\/02\/ze-essado-vamos-criar-atrativos-para-trazer-empresas-e-gerar-empregos-em-inhumas\/#primaryimage","url":"https:\/\/jornalpontomais.com\/site\/wp-content\/uploads\/2024\/09\/hthhhtht.jpg","contentUrl":"https:\/\/jornalpontomais.com\/site\/wp-content\/uploads\/2024\/09\/hthhhtht.jpg","width":1600,"height":1200},{"@type":"BreadcrumbList","@id":"https:\/\/jornalpontomais.com\/site\/2024\/09\/02\/ze-essado-vamos-criar-atrativos-para-trazer-empresas-e-gerar-empregos-em-inhumas\/#breadcrumb","itemListElement":[{"@type":"ListItem","position":1,"name":"In\u00edcio","item":"https:\/\/jornalpontomais.com\/site\/"},{"@type":"ListItem","position":2,"name":"Z\u00e9 Essado: \u201cvamos criar atrativos para trazer empresas e gerar empregos em Inhumas\u201d"}]},{"@type":"WebSite","@id":"https:\/\/jornalpontomais.com\/site\/#website","url":"https:\/\/jornalpontomais.com\/site\/","name":"Jornal Ponto Mais","description":"As principais not\u00edcias do Brasil e do mundo. Confira!","publisher":{"@id":"https:\/\/jornalpontomais.com\/site\/#organization"},"potentialAction":[{"@type":"SearchAction","target":{"@type":"EntryPoint","urlTemplate":"https:\/\/jornalpontomais.com\/site\/?s={search_term_string}"},"query-input":{"@type":"PropertyValueSpecification","valueRequired":true,"valueName":"search_term_string"}}],"inLanguage":"pt-BR"},{"@type":"Organization","@id":"https:\/\/jornalpontomais.com\/site\/#organization","name":"Jornal Ponto+","url":"https:\/\/jornalpontomais.com\/site\/","logo":{"@type":"ImageObject","inLanguage":"pt-BR","@id":"https:\/\/jornalpontomais.com\/site\/#\/schema\/logo\/image\/","url":"https:\/\/jornalpontomais.com\/site\/wp-content\/uploads\/2022\/01\/marca.png","contentUrl":"https:\/\/jornalpontomais.com\/site\/wp-content\/uploads\/2022\/01\/marca.png","width":582,"height":148,"caption":"Jornal Ponto+"},"image":{"@id":"https:\/\/jornalpontomais.com\/site\/#\/schema\/logo\/image\/"}},{"@type":"Person","@id":"https:\/\/jornalpontomais.com\/site\/#\/schema\/person\/18323f0b0f1355f2490721c48389fe9d","name":"Jornal Ponto Mais","image":{"@type":"ImageObject","inLanguage":"pt-BR","@id":"https:\/\/secure.gravatar.com\/avatar\/2ee0a9b7fe10fe32bdec8bc086e871e41eb5f4f6ecbcb7b4f2fe0d92d831405f?s=96&d=mm&r=g","url":"https:\/\/secure.gravatar.com\/avatar\/2ee0a9b7fe10fe32bdec8bc086e871e41eb5f4f6ecbcb7b4f2fe0d92d831405f?s=96&d=mm&r=g","contentUrl":"https:\/\/secure.gravatar.com\/avatar\/2ee0a9b7fe10fe32bdec8bc086e871e41eb5f4f6ecbcb7b4f2fe0d92d831405f?s=96&d=mm&r=g","caption":"Jornal Ponto Mais"},"sameAs":["https:\/\/jornalpontomais.com\/site","jornalpontomais"],"url":"https:\/\/jornalpontomais.com\/site\/author\/jornalpontomais\/"}]}},"_links":{"self":[{"href":"https:\/\/jornalpontomais.com\/site\/wp-json\/wp\/v2\/posts\/14932","targetHints":{"allow":["GET"]}}],"collection":[{"href":"https:\/\/jornalpontomais.com\/site\/wp-json\/wp\/v2\/posts"}],"about":[{"href":"https:\/\/jornalpontomais.com\/site\/wp-json\/wp\/v2\/types\/post"}],"author":[{"embeddable":true,"href":"https:\/\/jornalpontomais.com\/site\/wp-json\/wp\/v2\/users\/2"}],"replies":[{"embeddable":true,"href":"https:\/\/jornalpontomais.com\/site\/wp-json\/wp\/v2\/comments?post=14932"}],"version-history":[{"count":1,"href":"https:\/\/jornalpontomais.com\/site\/wp-json\/wp\/v2\/posts\/14932\/revisions"}],"predecessor-version":[{"id":14933,"href":"https:\/\/jornalpontomais.com\/site\/wp-json\/wp\/v2\/posts\/14932\/revisions\/14933"}],"wp:featuredmedia":[{"embeddable":true,"href":"https:\/\/jornalpontomais.com\/site\/wp-json\/wp\/v2\/media\/14972"}],"wp:attachment":[{"href":"https:\/\/jornalpontomais.com\/site\/wp-json\/wp\/v2\/media?parent=14932"}],"wp:term":[{"taxonomy":"category","embeddable":true,"href":"https:\/\/jornalpontomais.com\/site\/wp-json\/wp\/v2\/categories?post=14932"},{"taxonomy":"post_tag","embeddable":true,"href":"https:\/\/jornalpontomais.com\/site\/wp-json\/wp\/v2\/tags?post=14932"}],"curies":[{"name":"wp","href":"https:\/\/api.w.org\/{rel}","templated":true}]}}