{"id":14919,"date":"2024-08-31T19:33:04","date_gmt":"2024-08-31T22:33:04","guid":{"rendered":"https:\/\/jornalpontomais.com\/site\/?p=14919"},"modified":"2024-08-31T19:33:05","modified_gmt":"2024-08-31T22:33:05","slug":"desaparecido-alcides-foge-de-debates-e-nao-fala-nos-programas-de-tv","status":"publish","type":"post","link":"https:\/\/jornalpontomais.com\/site\/2024\/08\/31\/desaparecido-alcides-foge-de-debates-e-nao-fala-nos-programas-de-tv\/","title":{"rendered":"DESAPARECIDO: Alcides foge de debates e n\u00e3o fala nos programas de TV"},"content":{"rendered":"\n<p>A corrida eleitoral em Aparecida de Goi\u00e2nia esquentou, mas um candidato, em especial, parece preferir se esconder: Professor Alcides.<br><br><\/p>\n\n\n\n<p>Enquanto seus concorrentes participam ativamente dos debates e discutem suas propostas, Professor Alcides se mant\u00e9m em sil\u00eancio. N\u00e3o apareceu em nenhum dos debates iniciais e n\u00e3o se posicionou publicamente sobre temas cruciais para o futuro de Aparecida de Goi\u00e2nia. A impress\u00e3o \u00e9 clara: o candidato parece estar se escondendo do eleitor e evitando o confronto com seus advers\u00e1rios.<br><br><\/p>\n\n\n\n<p>A aus\u00eancia de propostas concretas tem sido compensada, curiosamente, por uma presen\u00e7a ativa nas redes sociais, mas n\u00e3o da forma que se esperaria de um candidato s\u00e9rio. Em vez de abordar quest\u00f5es relevantes, como sa\u00fade, educa\u00e7\u00e3o, seguran\u00e7a e infraestrutura, Alcides usa suas plataformas para falar de bananas e ovos mexidos. Sim, ao que parece, sua prioridade tem sido compartilhar trivialidades, enquanto os aparecidenses aguardam, ansiosos, por respostas sobre seus planos para a cidade.<br><br><\/p>\n\n\n\n<p>Essa postura tem gerado desconforto e frustra\u00e7\u00e3o na popula\u00e7\u00e3o. Muitos questionam se o candidato realmente se importa com Aparecida de Goi\u00e2nia ou se tem capacidade para ser prefeito de uma das maiores cidades de Goi\u00e1s.<br><br><\/p>\n\n\n\n<p>O desleixo de Alcides com a campanha eleitoral em Aparecida de Goi\u00e2nia tem gerado um estranhamento alguns apoiadores da sua campanha j\u00e1 estariam envergonhados com o desaparecimento do candidato.<\/p>\n","protected":false},"excerpt":{"rendered":"<p>A corrida eleitoral em Aparecida de Goi\u00e2nia esquentou, mas um candidato, em especial, parece preferir se esconder: Professor Alcides. Enquanto seus concorrentes participam ativamente dos debates e discutem suas propostas, Professor Alcides se mant\u00e9m em sil\u00eancio. N\u00e3o apareceu em nenhum dos debates iniciais e n\u00e3o se posicionou publicamente sobre temas cruciais para o futuro de [&hellip;]<\/p>\n","protected":false},"author":2,"featured_media":14920,"comment_status":"open","ping_status":"open","sticky":false,"template":"","format":"standard","meta":{"om_disable_all_campaigns":false,"_monsterinsights_skip_tracking":false,"_monsterinsights_sitenote_active":false,"_monsterinsights_sitenote_note":"","_monsterinsights_sitenote_category":0,"footnotes":""},"categories":[1],"tags":[],"class_list":["post-14919","post","type-post","status-publish","format-standard","has-post-thumbnail","hentry","category-politica"],"yoast_head":"<!-- This site is optimized with the Yoast SEO plugin v27.2 - https:\/\/yoast.com\/product\/yoast-seo-wordpress\/ -->\n<title>DESAPARECIDO: Alcides foge de debates e n\u00e3o fala nos programas de TV - Jornal Ponto Mais<\/title>\n<meta name=\"robots\" content=\"index, follow, max-snippet:-1, max-image-preview:large, max-video-preview:-1\" \/>\n<link rel=\"canonical\" href=\"https:\/\/jornalpontomais.com\/site\/2024\/08\/31\/desaparecido-alcides-foge-de-debates-e-nao-fala-nos-programas-de-tv\/\" \/>\n<meta property=\"og:locale\" content=\"pt_BR\" \/>\n<meta property=\"og:type\" content=\"article\" \/>\n<meta property=\"og:title\" content=\"DESAPARECIDO: Alcides foge de debates e n\u00e3o fala nos programas de TV - Jornal Ponto Mais\" \/>\n<meta property=\"og:description\" content=\"A corrida eleitoral em Aparecida de Goi\u00e2nia esquentou, mas um candidato, em especial, parece preferir se esconder: Professor Alcides. Enquanto seus concorrentes participam ativamente dos debates e discutem suas propostas, Professor Alcides se mant\u00e9m em sil\u00eancio. N\u00e3o apareceu em nenhum dos debates iniciais e n\u00e3o se posicionou publicamente sobre temas cruciais para o futuro de [&hellip;]\" \/>\n<meta property=\"og:url\" content=\"https:\/\/jornalpontomais.com\/site\/2024\/08\/31\/desaparecido-alcides-foge-de-debates-e-nao-fala-nos-programas-de-tv\/\" \/>\n<meta property=\"og:site_name\" content=\"Jornal Ponto Mais\" \/>\n<meta property=\"article:published_time\" content=\"2024-08-31T22:33:04+00:00\" \/>\n<meta property=\"article:modified_time\" content=\"2024-08-31T22:33:05+00:00\" \/>\n<meta property=\"og:image\" content=\"https:\/\/jornalpontomais.com\/site\/wp-content\/uploads\/2024\/08\/46b8f93c-664e-4029-a94c-34756f9f022c.jpeg\" \/>\n\t<meta property=\"og:image:width\" content=\"1099\" \/>\n\t<meta property=\"og:image:height\" content=\"845\" \/>\n\t<meta property=\"og:image:type\" content=\"image\/jpeg\" \/>\n<meta name=\"author\" content=\"Jornal Ponto Mais\" \/>\n<meta name=\"twitter:card\" content=\"summary_large_image\" \/>\n<meta name=\"twitter:label1\" content=\"Escrito por\" \/>\n\t<meta name=\"twitter:data1\" content=\"Jornal Ponto Mais\" \/>\n\t<meta name=\"twitter:label2\" content=\"Est. tempo de leitura\" \/>\n\t<meta name=\"twitter:data2\" content=\"1 minuto\" \/>\n<script type=\"application\/ld+json\" class=\"yoast-schema-graph\">{\"@context\":\"https:\/\/schema.org\",\"@graph\":[{\"@type\":\"Article\",\"@id\":\"https:\/\/jornalpontomais.com\/site\/2024\/08\/31\/desaparecido-alcides-foge-de-debates-e-nao-fala-nos-programas-de-tv\/#article\",\"isPartOf\":{\"@id\":\"https:\/\/jornalpontomais.com\/site\/2024\/08\/31\/desaparecido-alcides-foge-de-debates-e-nao-fala-nos-programas-de-tv\/\"},\"author\":{\"name\":\"Jornal Ponto Mais\",\"@id\":\"https:\/\/jornalpontomais.com\/site\/#\/schema\/person\/18323f0b0f1355f2490721c48389fe9d\"},\"headline\":\"DESAPARECIDO: Alcides foge de debates e n\u00e3o fala nos programas de TV\",\"datePublished\":\"2024-08-31T22:33:04+00:00\",\"dateModified\":\"2024-08-31T22:33:05+00:00\",\"mainEntityOfPage\":{\"@id\":\"https:\/\/jornalpontomais.com\/site\/2024\/08\/31\/desaparecido-alcides-foge-de-debates-e-nao-fala-nos-programas-de-tv\/\"},\"wordCount\":247,\"commentCount\":0,\"publisher\":{\"@id\":\"https:\/\/jornalpontomais.com\/site\/#organization\"},\"image\":{\"@id\":\"https:\/\/jornalpontomais.com\/site\/2024\/08\/31\/desaparecido-alcides-foge-de-debates-e-nao-fala-nos-programas-de-tv\/#primaryimage\"},\"thumbnailUrl\":\"https:\/\/jornalpontomais.com\/site\/wp-content\/uploads\/2024\/08\/46b8f93c-664e-4029-a94c-34756f9f022c.jpeg\",\"articleSection\":[\"Pol\u00edtica\"],\"inLanguage\":\"pt-BR\",\"potentialAction\":[{\"@type\":\"CommentAction\",\"name\":\"Comment\",\"target\":[\"https:\/\/jornalpontomais.com\/site\/2024\/08\/31\/desaparecido-alcides-foge-de-debates-e-nao-fala-nos-programas-de-tv\/#respond\"]}]},{\"@type\":\"WebPage\",\"@id\":\"https:\/\/jornalpontomais.com\/site\/2024\/08\/31\/desaparecido-alcides-foge-de-debates-e-nao-fala-nos-programas-de-tv\/\",\"url\":\"https:\/\/jornalpontomais.com\/site\/2024\/08\/31\/desaparecido-alcides-foge-de-debates-e-nao-fala-nos-programas-de-tv\/\",\"name\":\"DESAPARECIDO: Alcides foge de debates e n\u00e3o fala nos programas de TV - Jornal Ponto Mais\",\"isPartOf\":{\"@id\":\"https:\/\/jornalpontomais.com\/site\/#website\"},\"primaryImageOfPage\":{\"@id\":\"https:\/\/jornalpontomais.com\/site\/2024\/08\/31\/desaparecido-alcides-foge-de-debates-e-nao-fala-nos-programas-de-tv\/#primaryimage\"},\"image\":{\"@id\":\"https:\/\/jornalpontomais.com\/site\/2024\/08\/31\/desaparecido-alcides-foge-de-debates-e-nao-fala-nos-programas-de-tv\/#primaryimage\"},\"thumbnailUrl\":\"https:\/\/jornalpontomais.com\/site\/wp-content\/uploads\/2024\/08\/46b8f93c-664e-4029-a94c-34756f9f022c.jpeg\",\"datePublished\":\"2024-08-31T22:33:04+00:00\",\"dateModified\":\"2024-08-31T22:33:05+00:00\",\"breadcrumb\":{\"@id\":\"https:\/\/jornalpontomais.com\/site\/2024\/08\/31\/desaparecido-alcides-foge-de-debates-e-nao-fala-nos-programas-de-tv\/#breadcrumb\"},\"inLanguage\":\"pt-BR\",\"potentialAction\":[{\"@type\":\"ReadAction\",\"target\":[\"https:\/\/jornalpontomais.com\/site\/2024\/08\/31\/desaparecido-alcides-foge-de-debates-e-nao-fala-nos-programas-de-tv\/\"]}]},{\"@type\":\"ImageObject\",\"inLanguage\":\"pt-BR\",\"@id\":\"https:\/\/jornalpontomais.com\/site\/2024\/08\/31\/desaparecido-alcides-foge-de-debates-e-nao-fala-nos-programas-de-tv\/#primaryimage\",\"url\":\"https:\/\/jornalpontomais.com\/site\/wp-content\/uploads\/2024\/08\/46b8f93c-664e-4029-a94c-34756f9f022c.jpeg\",\"contentUrl\":\"https:\/\/jornalpontomais.com\/site\/wp-content\/uploads\/2024\/08\/46b8f93c-664e-4029-a94c-34756f9f022c.jpeg\",\"width\":1099,\"height\":845},{\"@type\":\"BreadcrumbList\",\"@id\":\"https:\/\/jornalpontomais.com\/site\/2024\/08\/31\/desaparecido-alcides-foge-de-debates-e-nao-fala-nos-programas-de-tv\/#breadcrumb\",\"itemListElement\":[{\"@type\":\"ListItem\",\"position\":1,\"name\":\"In\u00edcio\",\"item\":\"https:\/\/jornalpontomais.com\/site\/\"},{\"@type\":\"ListItem\",\"position\":2,\"name\":\"DESAPARECIDO: Alcides foge de debates e n\u00e3o fala nos programas de TV\"}]},{\"@type\":\"WebSite\",\"@id\":\"https:\/\/jornalpontomais.com\/site\/#website\",\"url\":\"https:\/\/jornalpontomais.com\/site\/\",\"name\":\"Jornal Ponto Mais\",\"description\":\"As principais not\u00edcias do Brasil e do mundo. Confira!\",\"publisher\":{\"@id\":\"https:\/\/jornalpontomais.com\/site\/#organization\"},\"potentialAction\":[{\"@type\":\"SearchAction\",\"target\":{\"@type\":\"EntryPoint\",\"urlTemplate\":\"https:\/\/jornalpontomais.com\/site\/?s={search_term_string}\"},\"query-input\":{\"@type\":\"PropertyValueSpecification\",\"valueRequired\":true,\"valueName\":\"search_term_string\"}}],\"inLanguage\":\"pt-BR\"},{\"@type\":\"Organization\",\"@id\":\"https:\/\/jornalpontomais.com\/site\/#organization\",\"name\":\"Jornal Ponto+\",\"url\":\"https:\/\/jornalpontomais.com\/site\/\",\"logo\":{\"@type\":\"ImageObject\",\"inLanguage\":\"pt-BR\",\"@id\":\"https:\/\/jornalpontomais.com\/site\/#\/schema\/logo\/image\/\",\"url\":\"https:\/\/jornalpontomais.com\/site\/wp-content\/uploads\/2022\/01\/marca.png\",\"contentUrl\":\"https:\/\/jornalpontomais.com\/site\/wp-content\/uploads\/2022\/01\/marca.png\",\"width\":582,\"height\":148,\"caption\":\"Jornal Ponto+\"},\"image\":{\"@id\":\"https:\/\/jornalpontomais.com\/site\/#\/schema\/logo\/image\/\"}},{\"@type\":\"Person\",\"@id\":\"https:\/\/jornalpontomais.com\/site\/#\/schema\/person\/18323f0b0f1355f2490721c48389fe9d\",\"name\":\"Jornal Ponto Mais\",\"image\":{\"@type\":\"ImageObject\",\"inLanguage\":\"pt-BR\",\"@id\":\"https:\/\/secure.gravatar.com\/avatar\/2ee0a9b7fe10fe32bdec8bc086e871e41eb5f4f6ecbcb7b4f2fe0d92d831405f?s=96&d=mm&r=g\",\"url\":\"https:\/\/secure.gravatar.com\/avatar\/2ee0a9b7fe10fe32bdec8bc086e871e41eb5f4f6ecbcb7b4f2fe0d92d831405f?s=96&d=mm&r=g\",\"contentUrl\":\"https:\/\/secure.gravatar.com\/avatar\/2ee0a9b7fe10fe32bdec8bc086e871e41eb5f4f6ecbcb7b4f2fe0d92d831405f?s=96&d=mm&r=g\",\"caption\":\"Jornal Ponto Mais\"},\"sameAs\":[\"https:\/\/jornalpontomais.com\/site\",\"jornalpontomais\"],\"url\":\"https:\/\/jornalpontomais.com\/site\/author\/jornalpontomais\/\"}]}<\/script>\n<!-- \/ Yoast SEO plugin. -->","yoast_head_json":{"title":"DESAPARECIDO: Alcides foge de debates e n\u00e3o fala nos programas de TV - Jornal Ponto Mais","robots":{"index":"index","follow":"follow","max-snippet":"max-snippet:-1","max-image-preview":"max-image-preview:large","max-video-preview":"max-video-preview:-1"},"canonical":"https:\/\/jornalpontomais.com\/site\/2024\/08\/31\/desaparecido-alcides-foge-de-debates-e-nao-fala-nos-programas-de-tv\/","og_locale":"pt_BR","og_type":"article","og_title":"DESAPARECIDO: Alcides foge de debates e n\u00e3o fala nos programas de TV - Jornal Ponto Mais","og_description":"A corrida eleitoral em Aparecida de Goi\u00e2nia esquentou, mas um candidato, em especial, parece preferir se esconder: Professor Alcides. Enquanto seus concorrentes participam ativamente dos debates e discutem suas propostas, Professor Alcides se mant\u00e9m em sil\u00eancio. N\u00e3o apareceu em nenhum dos debates iniciais e n\u00e3o se posicionou publicamente sobre temas cruciais para o futuro de [&hellip;]","og_url":"https:\/\/jornalpontomais.com\/site\/2024\/08\/31\/desaparecido-alcides-foge-de-debates-e-nao-fala-nos-programas-de-tv\/","og_site_name":"Jornal Ponto Mais","article_published_time":"2024-08-31T22:33:04+00:00","article_modified_time":"2024-08-31T22:33:05+00:00","og_image":[{"width":1099,"height":845,"url":"https:\/\/jornalpontomais.com\/site\/wp-content\/uploads\/2024\/08\/46b8f93c-664e-4029-a94c-34756f9f022c.jpeg","type":"image\/jpeg"}],"author":"Jornal Ponto Mais","twitter_card":"summary_large_image","twitter_misc":{"Escrito por":"Jornal Ponto Mais","Est. tempo de leitura":"1 minuto"},"schema":{"@context":"https:\/\/schema.org","@graph":[{"@type":"Article","@id":"https:\/\/jornalpontomais.com\/site\/2024\/08\/31\/desaparecido-alcides-foge-de-debates-e-nao-fala-nos-programas-de-tv\/#article","isPartOf":{"@id":"https:\/\/jornalpontomais.com\/site\/2024\/08\/31\/desaparecido-alcides-foge-de-debates-e-nao-fala-nos-programas-de-tv\/"},"author":{"name":"Jornal Ponto Mais","@id":"https:\/\/jornalpontomais.com\/site\/#\/schema\/person\/18323f0b0f1355f2490721c48389fe9d"},"headline":"DESAPARECIDO: Alcides foge de debates e n\u00e3o fala nos programas de TV","datePublished":"2024-08-31T22:33:04+00:00","dateModified":"2024-08-31T22:33:05+00:00","mainEntityOfPage":{"@id":"https:\/\/jornalpontomais.com\/site\/2024\/08\/31\/desaparecido-alcides-foge-de-debates-e-nao-fala-nos-programas-de-tv\/"},"wordCount":247,"commentCount":0,"publisher":{"@id":"https:\/\/jornalpontomais.com\/site\/#organization"},"image":{"@id":"https:\/\/jornalpontomais.com\/site\/2024\/08\/31\/desaparecido-alcides-foge-de-debates-e-nao-fala-nos-programas-de-tv\/#primaryimage"},"thumbnailUrl":"https:\/\/jornalpontomais.com\/site\/wp-content\/uploads\/2024\/08\/46b8f93c-664e-4029-a94c-34756f9f022c.jpeg","articleSection":["Pol\u00edtica"],"inLanguage":"pt-BR","potentialAction":[{"@type":"CommentAction","name":"Comment","target":["https:\/\/jornalpontomais.com\/site\/2024\/08\/31\/desaparecido-alcides-foge-de-debates-e-nao-fala-nos-programas-de-tv\/#respond"]}]},{"@type":"WebPage","@id":"https:\/\/jornalpontomais.com\/site\/2024\/08\/31\/desaparecido-alcides-foge-de-debates-e-nao-fala-nos-programas-de-tv\/","url":"https:\/\/jornalpontomais.com\/site\/2024\/08\/31\/desaparecido-alcides-foge-de-debates-e-nao-fala-nos-programas-de-tv\/","name":"DESAPARECIDO: Alcides foge de debates e n\u00e3o fala nos programas de TV - Jornal Ponto Mais","isPartOf":{"@id":"https:\/\/jornalpontomais.com\/site\/#website"},"primaryImageOfPage":{"@id":"https:\/\/jornalpontomais.com\/site\/2024\/08\/31\/desaparecido-alcides-foge-de-debates-e-nao-fala-nos-programas-de-tv\/#primaryimage"},"image":{"@id":"https:\/\/jornalpontomais.com\/site\/2024\/08\/31\/desaparecido-alcides-foge-de-debates-e-nao-fala-nos-programas-de-tv\/#primaryimage"},"thumbnailUrl":"https:\/\/jornalpontomais.com\/site\/wp-content\/uploads\/2024\/08\/46b8f93c-664e-4029-a94c-34756f9f022c.jpeg","datePublished":"2024-08-31T22:33:04+00:00","dateModified":"2024-08-31T22:33:05+00:00","breadcrumb":{"@id":"https:\/\/jornalpontomais.com\/site\/2024\/08\/31\/desaparecido-alcides-foge-de-debates-e-nao-fala-nos-programas-de-tv\/#breadcrumb"},"inLanguage":"pt-BR","potentialAction":[{"@type":"ReadAction","target":["https:\/\/jornalpontomais.com\/site\/2024\/08\/31\/desaparecido-alcides-foge-de-debates-e-nao-fala-nos-programas-de-tv\/"]}]},{"@type":"ImageObject","inLanguage":"pt-BR","@id":"https:\/\/jornalpontomais.com\/site\/2024\/08\/31\/desaparecido-alcides-foge-de-debates-e-nao-fala-nos-programas-de-tv\/#primaryimage","url":"https:\/\/jornalpontomais.com\/site\/wp-content\/uploads\/2024\/08\/46b8f93c-664e-4029-a94c-34756f9f022c.jpeg","contentUrl":"https:\/\/jornalpontomais.com\/site\/wp-content\/uploads\/2024\/08\/46b8f93c-664e-4029-a94c-34756f9f022c.jpeg","width":1099,"height":845},{"@type":"BreadcrumbList","@id":"https:\/\/jornalpontomais.com\/site\/2024\/08\/31\/desaparecido-alcides-foge-de-debates-e-nao-fala-nos-programas-de-tv\/#breadcrumb","itemListElement":[{"@type":"ListItem","position":1,"name":"In\u00edcio","item":"https:\/\/jornalpontomais.com\/site\/"},{"@type":"ListItem","position":2,"name":"DESAPARECIDO: Alcides foge de debates e n\u00e3o fala nos programas de TV"}]},{"@type":"WebSite","@id":"https:\/\/jornalpontomais.com\/site\/#website","url":"https:\/\/jornalpontomais.com\/site\/","name":"Jornal Ponto Mais","description":"As principais not\u00edcias do Brasil e do mundo. Confira!","publisher":{"@id":"https:\/\/jornalpontomais.com\/site\/#organization"},"potentialAction":[{"@type":"SearchAction","target":{"@type":"EntryPoint","urlTemplate":"https:\/\/jornalpontomais.com\/site\/?s={search_term_string}"},"query-input":{"@type":"PropertyValueSpecification","valueRequired":true,"valueName":"search_term_string"}}],"inLanguage":"pt-BR"},{"@type":"Organization","@id":"https:\/\/jornalpontomais.com\/site\/#organization","name":"Jornal Ponto+","url":"https:\/\/jornalpontomais.com\/site\/","logo":{"@type":"ImageObject","inLanguage":"pt-BR","@id":"https:\/\/jornalpontomais.com\/site\/#\/schema\/logo\/image\/","url":"https:\/\/jornalpontomais.com\/site\/wp-content\/uploads\/2022\/01\/marca.png","contentUrl":"https:\/\/jornalpontomais.com\/site\/wp-content\/uploads\/2022\/01\/marca.png","width":582,"height":148,"caption":"Jornal Ponto+"},"image":{"@id":"https:\/\/jornalpontomais.com\/site\/#\/schema\/logo\/image\/"}},{"@type":"Person","@id":"https:\/\/jornalpontomais.com\/site\/#\/schema\/person\/18323f0b0f1355f2490721c48389fe9d","name":"Jornal Ponto Mais","image":{"@type":"ImageObject","inLanguage":"pt-BR","@id":"https:\/\/secure.gravatar.com\/avatar\/2ee0a9b7fe10fe32bdec8bc086e871e41eb5f4f6ecbcb7b4f2fe0d92d831405f?s=96&d=mm&r=g","url":"https:\/\/secure.gravatar.com\/avatar\/2ee0a9b7fe10fe32bdec8bc086e871e41eb5f4f6ecbcb7b4f2fe0d92d831405f?s=96&d=mm&r=g","contentUrl":"https:\/\/secure.gravatar.com\/avatar\/2ee0a9b7fe10fe32bdec8bc086e871e41eb5f4f6ecbcb7b4f2fe0d92d831405f?s=96&d=mm&r=g","caption":"Jornal Ponto Mais"},"sameAs":["https:\/\/jornalpontomais.com\/site","jornalpontomais"],"url":"https:\/\/jornalpontomais.com\/site\/author\/jornalpontomais\/"}]}},"_links":{"self":[{"href":"https:\/\/jornalpontomais.com\/site\/wp-json\/wp\/v2\/posts\/14919","targetHints":{"allow":["GET"]}}],"collection":[{"href":"https:\/\/jornalpontomais.com\/site\/wp-json\/wp\/v2\/posts"}],"about":[{"href":"https:\/\/jornalpontomais.com\/site\/wp-json\/wp\/v2\/types\/post"}],"author":[{"embeddable":true,"href":"https:\/\/jornalpontomais.com\/site\/wp-json\/wp\/v2\/users\/2"}],"replies":[{"embeddable":true,"href":"https:\/\/jornalpontomais.com\/site\/wp-json\/wp\/v2\/comments?post=14919"}],"version-history":[{"count":1,"href":"https:\/\/jornalpontomais.com\/site\/wp-json\/wp\/v2\/posts\/14919\/revisions"}],"predecessor-version":[{"id":14921,"href":"https:\/\/jornalpontomais.com\/site\/wp-json\/wp\/v2\/posts\/14919\/revisions\/14921"}],"wp:featuredmedia":[{"embeddable":true,"href":"https:\/\/jornalpontomais.com\/site\/wp-json\/wp\/v2\/media\/14920"}],"wp:attachment":[{"href":"https:\/\/jornalpontomais.com\/site\/wp-json\/wp\/v2\/media?parent=14919"}],"wp:term":[{"taxonomy":"category","embeddable":true,"href":"https:\/\/jornalpontomais.com\/site\/wp-json\/wp\/v2\/categories?post=14919"},{"taxonomy":"post_tag","embeddable":true,"href":"https:\/\/jornalpontomais.com\/site\/wp-json\/wp\/v2\/tags?post=14919"}],"curies":[{"name":"wp","href":"https:\/\/api.w.org\/{rel}","templated":true}]}}