{"id":14910,"date":"2024-08-31T10:39:05","date_gmt":"2024-08-31T13:39:05","guid":{"rendered":"https:\/\/jornalpontomais.com\/site\/?p=14910"},"modified":"2024-08-31T10:52:39","modified_gmt":"2024-08-31T13:52:39","slug":"ze-essado-assinapacto-do-ministerio-publico-de-apoio-aos-direitos-das-criancas","status":"publish","type":"post","link":"https:\/\/jornalpontomais.com\/site\/2024\/08\/31\/ze-essado-assinapacto-do-ministerio-publico-de-apoio-aos-direitos-das-criancas\/","title":{"rendered":"Z\u00e9 Essado assina pacto do Minist\u00e9rio P\u00fablico de apoio aos direitos das crian\u00e7as"},"content":{"rendered":"\n<p><\/p>\n\n\n\n<p>Em reuni\u00e3o nesta manh\u00e3 de sexta-feira, 30 de agosto, na sede do Minist\u00e9rio P\u00fablico em Inhumas, os candidatos a prefeito, Z\u00e9 Essado, e vice-prefeito, Dr. Eur\u00edpedes Barsanulfo, assinaram o Termo de Compromisso do Pacto Nacional Pela Primeira Inf\u00e2ncia. O documento foi assinado juntamente ao promotor Maur\u00edcio Gebrim e lideran\u00e7as do esporte, arte e educa\u00e7\u00e3o do munic\u00edpio.<br><br><\/p>\n\n\n\n<p>O objetivo do Pacto \u00e9 unir esfor\u00e7os para fazer valer os direitos das crian\u00e7as de zero a seis anos no Estado de Goi\u00e1s e garantir a execu\u00e7\u00e3o das a\u00e7\u00f5es previstas em \u00e2mbito nacional. \u201cN\u00e3o existe futuro sem investir no presente das crian\u00e7as e jovens do nosso munic\u00edpio, \u00e9 uma obriga\u00e7\u00e3o de quem administra Inhumas, e a popula\u00e7\u00e3o tem meu compromisso de que isso ser\u00e1 feito na minha gest\u00e3o\u201d, afirmou Z\u00e9 Essado.<br><br><\/p>\n\n\n\n<p>Entre as a\u00e7\u00f5es previstas pelo movimento est\u00e3o: promover a\u00e7\u00f5es de sensibiliza\u00e7\u00e3o, mobiliza\u00e7\u00e3o e qualifica\u00e7\u00e3o de atores sociais, os mais diversos, para o assunto da primeira inf\u00e2ncia; acompanhar os indicadores confi\u00e1veis sobre a primeira inf\u00e2ncia, em todos as inst\u00e2ncias de governo, com o objetivo de conhecer a realidade; promover e contribuir com propostas de a\u00e7\u00f5es para a primeira inf\u00e2ncia, como foco priorit\u00e1rio das pol\u00edticas p\u00fablicas.<\/p>\n","protected":false},"excerpt":{"rendered":"<p>Em reuni\u00e3o nesta manh\u00e3 de sexta-feira, 30 de agosto, na sede do Minist\u00e9rio P\u00fablico em Inhumas, os candidatos a prefeito, Z\u00e9 Essado, e vice-prefeito, Dr. Eur\u00edpedes Barsanulfo, assinaram o Termo de Compromisso do Pacto Nacional Pela Primeira Inf\u00e2ncia. O documento foi assinado juntamente ao promotor Maur\u00edcio Gebrim e lideran\u00e7as do esporte, arte e educa\u00e7\u00e3o do [&hellip;]<\/p>\n","protected":false},"author":2,"featured_media":14913,"comment_status":"open","ping_status":"open","sticky":true,"template":"","format":"standard","meta":{"om_disable_all_campaigns":false,"_monsterinsights_skip_tracking":false,"_monsterinsights_sitenote_active":false,"_monsterinsights_sitenote_note":"","_monsterinsights_sitenote_category":0,"footnotes":""},"categories":[1],"tags":[],"class_list":["post-14910","post","type-post","status-publish","format-standard","has-post-thumbnail","hentry","category-politica"],"yoast_head":"<!-- This site is optimized with the Yoast SEO plugin v27.2 - https:\/\/yoast.com\/product\/yoast-seo-wordpress\/ -->\n<title>Z\u00e9 Essado assina pacto do Minist\u00e9rio P\u00fablico de apoio aos direitos das crian\u00e7as - Jornal Ponto Mais<\/title>\n<meta name=\"robots\" content=\"index, follow, max-snippet:-1, max-image-preview:large, max-video-preview:-1\" \/>\n<link rel=\"canonical\" href=\"https:\/\/jornalpontomais.com\/site\/2024\/08\/31\/ze-essado-assinapacto-do-ministerio-publico-de-apoio-aos-direitos-das-criancas\/\" \/>\n<meta property=\"og:locale\" content=\"pt_BR\" \/>\n<meta property=\"og:type\" content=\"article\" \/>\n<meta property=\"og:title\" content=\"Z\u00e9 Essado assina pacto do Minist\u00e9rio P\u00fablico de apoio aos direitos das crian\u00e7as - Jornal Ponto Mais\" \/>\n<meta property=\"og:description\" content=\"Em reuni\u00e3o nesta manh\u00e3 de sexta-feira, 30 de agosto, na sede do Minist\u00e9rio P\u00fablico em Inhumas, os candidatos a prefeito, Z\u00e9 Essado, e vice-prefeito, Dr. Eur\u00edpedes Barsanulfo, assinaram o Termo de Compromisso do Pacto Nacional Pela Primeira Inf\u00e2ncia. O documento foi assinado juntamente ao promotor Maur\u00edcio Gebrim e lideran\u00e7as do esporte, arte e educa\u00e7\u00e3o do [&hellip;]\" \/>\n<meta property=\"og:url\" content=\"https:\/\/jornalpontomais.com\/site\/2024\/08\/31\/ze-essado-assinapacto-do-ministerio-publico-de-apoio-aos-direitos-das-criancas\/\" \/>\n<meta property=\"og:site_name\" content=\"Jornal Ponto Mais\" \/>\n<meta property=\"article:published_time\" content=\"2024-08-31T13:39:05+00:00\" \/>\n<meta property=\"article:modified_time\" content=\"2024-08-31T13:52:39+00:00\" \/>\n<meta property=\"og:image\" content=\"https:\/\/jornalpontomais.com\/site\/wp-content\/uploads\/2024\/08\/d624cae5-0eb6-43fa-b7f9-60c41807c459.jpeg\" \/>\n\t<meta property=\"og:image:width\" content=\"1600\" \/>\n\t<meta property=\"og:image:height\" content=\"1221\" \/>\n\t<meta property=\"og:image:type\" content=\"image\/jpeg\" \/>\n<meta name=\"author\" content=\"Jornal Ponto Mais\" \/>\n<meta name=\"twitter:card\" content=\"summary_large_image\" \/>\n<meta name=\"twitter:label1\" content=\"Escrito por\" \/>\n\t<meta name=\"twitter:data1\" content=\"Jornal Ponto Mais\" \/>\n\t<meta name=\"twitter:label2\" content=\"Est. tempo de leitura\" \/>\n\t<meta name=\"twitter:data2\" content=\"1 minuto\" \/>\n<script type=\"application\/ld+json\" class=\"yoast-schema-graph\">{\"@context\":\"https:\/\/schema.org\",\"@graph\":[{\"@type\":\"Article\",\"@id\":\"https:\/\/jornalpontomais.com\/site\/2024\/08\/31\/ze-essado-assinapacto-do-ministerio-publico-de-apoio-aos-direitos-das-criancas\/#article\",\"isPartOf\":{\"@id\":\"https:\/\/jornalpontomais.com\/site\/2024\/08\/31\/ze-essado-assinapacto-do-ministerio-publico-de-apoio-aos-direitos-das-criancas\/\"},\"author\":{\"name\":\"Jornal Ponto Mais\",\"@id\":\"https:\/\/jornalpontomais.com\/site\/#\/schema\/person\/18323f0b0f1355f2490721c48389fe9d\"},\"headline\":\"Z\u00e9 Essado assina pacto do Minist\u00e9rio P\u00fablico de apoio aos direitos das crian\u00e7as\",\"datePublished\":\"2024-08-31T13:39:05+00:00\",\"dateModified\":\"2024-08-31T13:52:39+00:00\",\"mainEntityOfPage\":{\"@id\":\"https:\/\/jornalpontomais.com\/site\/2024\/08\/31\/ze-essado-assinapacto-do-ministerio-publico-de-apoio-aos-direitos-das-criancas\/\"},\"wordCount\":239,\"commentCount\":0,\"publisher\":{\"@id\":\"https:\/\/jornalpontomais.com\/site\/#organization\"},\"image\":{\"@id\":\"https:\/\/jornalpontomais.com\/site\/2024\/08\/31\/ze-essado-assinapacto-do-ministerio-publico-de-apoio-aos-direitos-das-criancas\/#primaryimage\"},\"thumbnailUrl\":\"https:\/\/jornalpontomais.com\/site\/wp-content\/uploads\/2024\/08\/d624cae5-0eb6-43fa-b7f9-60c41807c459.jpeg\",\"articleSection\":[\"Pol\u00edtica\"],\"inLanguage\":\"pt-BR\",\"potentialAction\":[{\"@type\":\"CommentAction\",\"name\":\"Comment\",\"target\":[\"https:\/\/jornalpontomais.com\/site\/2024\/08\/31\/ze-essado-assinapacto-do-ministerio-publico-de-apoio-aos-direitos-das-criancas\/#respond\"]}]},{\"@type\":\"WebPage\",\"@id\":\"https:\/\/jornalpontomais.com\/site\/2024\/08\/31\/ze-essado-assinapacto-do-ministerio-publico-de-apoio-aos-direitos-das-criancas\/\",\"url\":\"https:\/\/jornalpontomais.com\/site\/2024\/08\/31\/ze-essado-assinapacto-do-ministerio-publico-de-apoio-aos-direitos-das-criancas\/\",\"name\":\"Z\u00e9 Essado assina pacto do Minist\u00e9rio P\u00fablico de apoio aos direitos das crian\u00e7as - Jornal Ponto Mais\",\"isPartOf\":{\"@id\":\"https:\/\/jornalpontomais.com\/site\/#website\"},\"primaryImageOfPage\":{\"@id\":\"https:\/\/jornalpontomais.com\/site\/2024\/08\/31\/ze-essado-assinapacto-do-ministerio-publico-de-apoio-aos-direitos-das-criancas\/#primaryimage\"},\"image\":{\"@id\":\"https:\/\/jornalpontomais.com\/site\/2024\/08\/31\/ze-essado-assinapacto-do-ministerio-publico-de-apoio-aos-direitos-das-criancas\/#primaryimage\"},\"thumbnailUrl\":\"https:\/\/jornalpontomais.com\/site\/wp-content\/uploads\/2024\/08\/d624cae5-0eb6-43fa-b7f9-60c41807c459.jpeg\",\"datePublished\":\"2024-08-31T13:39:05+00:00\",\"dateModified\":\"2024-08-31T13:52:39+00:00\",\"breadcrumb\":{\"@id\":\"https:\/\/jornalpontomais.com\/site\/2024\/08\/31\/ze-essado-assinapacto-do-ministerio-publico-de-apoio-aos-direitos-das-criancas\/#breadcrumb\"},\"inLanguage\":\"pt-BR\",\"potentialAction\":[{\"@type\":\"ReadAction\",\"target\":[\"https:\/\/jornalpontomais.com\/site\/2024\/08\/31\/ze-essado-assinapacto-do-ministerio-publico-de-apoio-aos-direitos-das-criancas\/\"]}]},{\"@type\":\"ImageObject\",\"inLanguage\":\"pt-BR\",\"@id\":\"https:\/\/jornalpontomais.com\/site\/2024\/08\/31\/ze-essado-assinapacto-do-ministerio-publico-de-apoio-aos-direitos-das-criancas\/#primaryimage\",\"url\":\"https:\/\/jornalpontomais.com\/site\/wp-content\/uploads\/2024\/08\/d624cae5-0eb6-43fa-b7f9-60c41807c459.jpeg\",\"contentUrl\":\"https:\/\/jornalpontomais.com\/site\/wp-content\/uploads\/2024\/08\/d624cae5-0eb6-43fa-b7f9-60c41807c459.jpeg\",\"width\":1600,\"height\":1221},{\"@type\":\"BreadcrumbList\",\"@id\":\"https:\/\/jornalpontomais.com\/site\/2024\/08\/31\/ze-essado-assinapacto-do-ministerio-publico-de-apoio-aos-direitos-das-criancas\/#breadcrumb\",\"itemListElement\":[{\"@type\":\"ListItem\",\"position\":1,\"name\":\"In\u00edcio\",\"item\":\"https:\/\/jornalpontomais.com\/site\/\"},{\"@type\":\"ListItem\",\"position\":2,\"name\":\"Z\u00e9 Essado assina pacto do Minist\u00e9rio P\u00fablico de apoio aos direitos das crian\u00e7as\"}]},{\"@type\":\"WebSite\",\"@id\":\"https:\/\/jornalpontomais.com\/site\/#website\",\"url\":\"https:\/\/jornalpontomais.com\/site\/\",\"name\":\"Jornal Ponto Mais\",\"description\":\"As principais not\u00edcias do Brasil e do mundo. Confira!\",\"publisher\":{\"@id\":\"https:\/\/jornalpontomais.com\/site\/#organization\"},\"potentialAction\":[{\"@type\":\"SearchAction\",\"target\":{\"@type\":\"EntryPoint\",\"urlTemplate\":\"https:\/\/jornalpontomais.com\/site\/?s={search_term_string}\"},\"query-input\":{\"@type\":\"PropertyValueSpecification\",\"valueRequired\":true,\"valueName\":\"search_term_string\"}}],\"inLanguage\":\"pt-BR\"},{\"@type\":\"Organization\",\"@id\":\"https:\/\/jornalpontomais.com\/site\/#organization\",\"name\":\"Jornal Ponto+\",\"url\":\"https:\/\/jornalpontomais.com\/site\/\",\"logo\":{\"@type\":\"ImageObject\",\"inLanguage\":\"pt-BR\",\"@id\":\"https:\/\/jornalpontomais.com\/site\/#\/schema\/logo\/image\/\",\"url\":\"https:\/\/jornalpontomais.com\/site\/wp-content\/uploads\/2022\/01\/marca.png\",\"contentUrl\":\"https:\/\/jornalpontomais.com\/site\/wp-content\/uploads\/2022\/01\/marca.png\",\"width\":582,\"height\":148,\"caption\":\"Jornal Ponto+\"},\"image\":{\"@id\":\"https:\/\/jornalpontomais.com\/site\/#\/schema\/logo\/image\/\"}},{\"@type\":\"Person\",\"@id\":\"https:\/\/jornalpontomais.com\/site\/#\/schema\/person\/18323f0b0f1355f2490721c48389fe9d\",\"name\":\"Jornal Ponto Mais\",\"image\":{\"@type\":\"ImageObject\",\"inLanguage\":\"pt-BR\",\"@id\":\"https:\/\/secure.gravatar.com\/avatar\/2ee0a9b7fe10fe32bdec8bc086e871e41eb5f4f6ecbcb7b4f2fe0d92d831405f?s=96&d=mm&r=g\",\"url\":\"https:\/\/secure.gravatar.com\/avatar\/2ee0a9b7fe10fe32bdec8bc086e871e41eb5f4f6ecbcb7b4f2fe0d92d831405f?s=96&d=mm&r=g\",\"contentUrl\":\"https:\/\/secure.gravatar.com\/avatar\/2ee0a9b7fe10fe32bdec8bc086e871e41eb5f4f6ecbcb7b4f2fe0d92d831405f?s=96&d=mm&r=g\",\"caption\":\"Jornal Ponto Mais\"},\"sameAs\":[\"https:\/\/jornalpontomais.com\/site\",\"jornalpontomais\"],\"url\":\"https:\/\/jornalpontomais.com\/site\/author\/jornalpontomais\/\"}]}<\/script>\n<!-- \/ Yoast SEO plugin. -->","yoast_head_json":{"title":"Z\u00e9 Essado assina pacto do Minist\u00e9rio P\u00fablico de apoio aos direitos das crian\u00e7as - Jornal Ponto Mais","robots":{"index":"index","follow":"follow","max-snippet":"max-snippet:-1","max-image-preview":"max-image-preview:large","max-video-preview":"max-video-preview:-1"},"canonical":"https:\/\/jornalpontomais.com\/site\/2024\/08\/31\/ze-essado-assinapacto-do-ministerio-publico-de-apoio-aos-direitos-das-criancas\/","og_locale":"pt_BR","og_type":"article","og_title":"Z\u00e9 Essado assina pacto do Minist\u00e9rio P\u00fablico de apoio aos direitos das crian\u00e7as - Jornal Ponto Mais","og_description":"Em reuni\u00e3o nesta manh\u00e3 de sexta-feira, 30 de agosto, na sede do Minist\u00e9rio P\u00fablico em Inhumas, os candidatos a prefeito, Z\u00e9 Essado, e vice-prefeito, Dr. Eur\u00edpedes Barsanulfo, assinaram o Termo de Compromisso do Pacto Nacional Pela Primeira Inf\u00e2ncia. O documento foi assinado juntamente ao promotor Maur\u00edcio Gebrim e lideran\u00e7as do esporte, arte e educa\u00e7\u00e3o do [&hellip;]","og_url":"https:\/\/jornalpontomais.com\/site\/2024\/08\/31\/ze-essado-assinapacto-do-ministerio-publico-de-apoio-aos-direitos-das-criancas\/","og_site_name":"Jornal Ponto Mais","article_published_time":"2024-08-31T13:39:05+00:00","article_modified_time":"2024-08-31T13:52:39+00:00","og_image":[{"width":1600,"height":1221,"url":"https:\/\/jornalpontomais.com\/site\/wp-content\/uploads\/2024\/08\/d624cae5-0eb6-43fa-b7f9-60c41807c459.jpeg","type":"image\/jpeg"}],"author":"Jornal Ponto Mais","twitter_card":"summary_large_image","twitter_misc":{"Escrito por":"Jornal Ponto Mais","Est. tempo de leitura":"1 minuto"},"schema":{"@context":"https:\/\/schema.org","@graph":[{"@type":"Article","@id":"https:\/\/jornalpontomais.com\/site\/2024\/08\/31\/ze-essado-assinapacto-do-ministerio-publico-de-apoio-aos-direitos-das-criancas\/#article","isPartOf":{"@id":"https:\/\/jornalpontomais.com\/site\/2024\/08\/31\/ze-essado-assinapacto-do-ministerio-publico-de-apoio-aos-direitos-das-criancas\/"},"author":{"name":"Jornal Ponto Mais","@id":"https:\/\/jornalpontomais.com\/site\/#\/schema\/person\/18323f0b0f1355f2490721c48389fe9d"},"headline":"Z\u00e9 Essado assina pacto do Minist\u00e9rio P\u00fablico de apoio aos direitos das crian\u00e7as","datePublished":"2024-08-31T13:39:05+00:00","dateModified":"2024-08-31T13:52:39+00:00","mainEntityOfPage":{"@id":"https:\/\/jornalpontomais.com\/site\/2024\/08\/31\/ze-essado-assinapacto-do-ministerio-publico-de-apoio-aos-direitos-das-criancas\/"},"wordCount":239,"commentCount":0,"publisher":{"@id":"https:\/\/jornalpontomais.com\/site\/#organization"},"image":{"@id":"https:\/\/jornalpontomais.com\/site\/2024\/08\/31\/ze-essado-assinapacto-do-ministerio-publico-de-apoio-aos-direitos-das-criancas\/#primaryimage"},"thumbnailUrl":"https:\/\/jornalpontomais.com\/site\/wp-content\/uploads\/2024\/08\/d624cae5-0eb6-43fa-b7f9-60c41807c459.jpeg","articleSection":["Pol\u00edtica"],"inLanguage":"pt-BR","potentialAction":[{"@type":"CommentAction","name":"Comment","target":["https:\/\/jornalpontomais.com\/site\/2024\/08\/31\/ze-essado-assinapacto-do-ministerio-publico-de-apoio-aos-direitos-das-criancas\/#respond"]}]},{"@type":"WebPage","@id":"https:\/\/jornalpontomais.com\/site\/2024\/08\/31\/ze-essado-assinapacto-do-ministerio-publico-de-apoio-aos-direitos-das-criancas\/","url":"https:\/\/jornalpontomais.com\/site\/2024\/08\/31\/ze-essado-assinapacto-do-ministerio-publico-de-apoio-aos-direitos-das-criancas\/","name":"Z\u00e9 Essado assina pacto do Minist\u00e9rio P\u00fablico de apoio aos direitos das crian\u00e7as - Jornal Ponto Mais","isPartOf":{"@id":"https:\/\/jornalpontomais.com\/site\/#website"},"primaryImageOfPage":{"@id":"https:\/\/jornalpontomais.com\/site\/2024\/08\/31\/ze-essado-assinapacto-do-ministerio-publico-de-apoio-aos-direitos-das-criancas\/#primaryimage"},"image":{"@id":"https:\/\/jornalpontomais.com\/site\/2024\/08\/31\/ze-essado-assinapacto-do-ministerio-publico-de-apoio-aos-direitos-das-criancas\/#primaryimage"},"thumbnailUrl":"https:\/\/jornalpontomais.com\/site\/wp-content\/uploads\/2024\/08\/d624cae5-0eb6-43fa-b7f9-60c41807c459.jpeg","datePublished":"2024-08-31T13:39:05+00:00","dateModified":"2024-08-31T13:52:39+00:00","breadcrumb":{"@id":"https:\/\/jornalpontomais.com\/site\/2024\/08\/31\/ze-essado-assinapacto-do-ministerio-publico-de-apoio-aos-direitos-das-criancas\/#breadcrumb"},"inLanguage":"pt-BR","potentialAction":[{"@type":"ReadAction","target":["https:\/\/jornalpontomais.com\/site\/2024\/08\/31\/ze-essado-assinapacto-do-ministerio-publico-de-apoio-aos-direitos-das-criancas\/"]}]},{"@type":"ImageObject","inLanguage":"pt-BR","@id":"https:\/\/jornalpontomais.com\/site\/2024\/08\/31\/ze-essado-assinapacto-do-ministerio-publico-de-apoio-aos-direitos-das-criancas\/#primaryimage","url":"https:\/\/jornalpontomais.com\/site\/wp-content\/uploads\/2024\/08\/d624cae5-0eb6-43fa-b7f9-60c41807c459.jpeg","contentUrl":"https:\/\/jornalpontomais.com\/site\/wp-content\/uploads\/2024\/08\/d624cae5-0eb6-43fa-b7f9-60c41807c459.jpeg","width":1600,"height":1221},{"@type":"BreadcrumbList","@id":"https:\/\/jornalpontomais.com\/site\/2024\/08\/31\/ze-essado-assinapacto-do-ministerio-publico-de-apoio-aos-direitos-das-criancas\/#breadcrumb","itemListElement":[{"@type":"ListItem","position":1,"name":"In\u00edcio","item":"https:\/\/jornalpontomais.com\/site\/"},{"@type":"ListItem","position":2,"name":"Z\u00e9 Essado assina pacto do Minist\u00e9rio P\u00fablico de apoio aos direitos das crian\u00e7as"}]},{"@type":"WebSite","@id":"https:\/\/jornalpontomais.com\/site\/#website","url":"https:\/\/jornalpontomais.com\/site\/","name":"Jornal Ponto Mais","description":"As principais not\u00edcias do Brasil e do mundo. Confira!","publisher":{"@id":"https:\/\/jornalpontomais.com\/site\/#organization"},"potentialAction":[{"@type":"SearchAction","target":{"@type":"EntryPoint","urlTemplate":"https:\/\/jornalpontomais.com\/site\/?s={search_term_string}"},"query-input":{"@type":"PropertyValueSpecification","valueRequired":true,"valueName":"search_term_string"}}],"inLanguage":"pt-BR"},{"@type":"Organization","@id":"https:\/\/jornalpontomais.com\/site\/#organization","name":"Jornal Ponto+","url":"https:\/\/jornalpontomais.com\/site\/","logo":{"@type":"ImageObject","inLanguage":"pt-BR","@id":"https:\/\/jornalpontomais.com\/site\/#\/schema\/logo\/image\/","url":"https:\/\/jornalpontomais.com\/site\/wp-content\/uploads\/2022\/01\/marca.png","contentUrl":"https:\/\/jornalpontomais.com\/site\/wp-content\/uploads\/2022\/01\/marca.png","width":582,"height":148,"caption":"Jornal Ponto+"},"image":{"@id":"https:\/\/jornalpontomais.com\/site\/#\/schema\/logo\/image\/"}},{"@type":"Person","@id":"https:\/\/jornalpontomais.com\/site\/#\/schema\/person\/18323f0b0f1355f2490721c48389fe9d","name":"Jornal Ponto Mais","image":{"@type":"ImageObject","inLanguage":"pt-BR","@id":"https:\/\/secure.gravatar.com\/avatar\/2ee0a9b7fe10fe32bdec8bc086e871e41eb5f4f6ecbcb7b4f2fe0d92d831405f?s=96&d=mm&r=g","url":"https:\/\/secure.gravatar.com\/avatar\/2ee0a9b7fe10fe32bdec8bc086e871e41eb5f4f6ecbcb7b4f2fe0d92d831405f?s=96&d=mm&r=g","contentUrl":"https:\/\/secure.gravatar.com\/avatar\/2ee0a9b7fe10fe32bdec8bc086e871e41eb5f4f6ecbcb7b4f2fe0d92d831405f?s=96&d=mm&r=g","caption":"Jornal Ponto Mais"},"sameAs":["https:\/\/jornalpontomais.com\/site","jornalpontomais"],"url":"https:\/\/jornalpontomais.com\/site\/author\/jornalpontomais\/"}]}},"_links":{"self":[{"href":"https:\/\/jornalpontomais.com\/site\/wp-json\/wp\/v2\/posts\/14910","targetHints":{"allow":["GET"]}}],"collection":[{"href":"https:\/\/jornalpontomais.com\/site\/wp-json\/wp\/v2\/posts"}],"about":[{"href":"https:\/\/jornalpontomais.com\/site\/wp-json\/wp\/v2\/types\/post"}],"author":[{"embeddable":true,"href":"https:\/\/jornalpontomais.com\/site\/wp-json\/wp\/v2\/users\/2"}],"replies":[{"embeddable":true,"href":"https:\/\/jornalpontomais.com\/site\/wp-json\/wp\/v2\/comments?post=14910"}],"version-history":[{"count":1,"href":"https:\/\/jornalpontomais.com\/site\/wp-json\/wp\/v2\/posts\/14910\/revisions"}],"predecessor-version":[{"id":14912,"href":"https:\/\/jornalpontomais.com\/site\/wp-json\/wp\/v2\/posts\/14910\/revisions\/14912"}],"wp:featuredmedia":[{"embeddable":true,"href":"https:\/\/jornalpontomais.com\/site\/wp-json\/wp\/v2\/media\/14913"}],"wp:attachment":[{"href":"https:\/\/jornalpontomais.com\/site\/wp-json\/wp\/v2\/media?parent=14910"}],"wp:term":[{"taxonomy":"category","embeddable":true,"href":"https:\/\/jornalpontomais.com\/site\/wp-json\/wp\/v2\/categories?post=14910"},{"taxonomy":"post_tag","embeddable":true,"href":"https:\/\/jornalpontomais.com\/site\/wp-json\/wp\/v2\/tags?post=14910"}],"curies":[{"name":"wp","href":"https:\/\/api.w.org\/{rel}","templated":true}]}}