{"id":14890,"date":"2024-08-30T17:37:08","date_gmt":"2024-08-30T20:37:08","guid":{"rendered":"https:\/\/jornalpontomais.com\/site\/?p=14890"},"modified":"2024-09-05T11:12:06","modified_gmt":"2024-09-05T14:12:06","slug":"secretaria-de-educacao-ze-vai-fazer-o-que-for-preciso-por-inhumas","status":"publish","type":"post","link":"https:\/\/jornalpontomais.com\/site\/2024\/08\/30\/secretaria-de-educacao-ze-vai-fazer-o-que-for-preciso-por-inhumas\/","title":{"rendered":"Secret\u00e1ria de Educa\u00e7\u00e3o: \u201cZ\u00e9 vai fazer o que for preciso por Inhumas\u201d"},"content":{"rendered":"\n<p>F\u00e1tima Gavioli, secret\u00e1ria estadual de Educa\u00e7\u00e3o de Goi\u00e1s, manifestou total apoio ao candidato \u00e0 prefeitura de Inhumas, Z\u00e9 Essado, em v\u00eddeo divulgado nas redes sociais.<br><br><\/p>\n\n\n\n<p>A secret\u00e1ria recomendou o nome do candidato do Uni\u00e3o Brasil como a melhor escolha para a popula\u00e7\u00e3o. \u201cVoc\u00eas (inhumenses) t\u00eam um grande nome, uma boa op\u00e7\u00e3o. Voc\u00eas t\u00eam algu\u00e9m que tem experi\u00eancia pra fazer o que Inhumas precisa\u201d, destaca a secret\u00e1ria. \u201c\u00c9 claro que quero falar desse amigo, Z\u00e9 Essado, n\u00famero 44, apoiado pelo governador Ronaldo Caiado\u201d, afirma F\u00e1tima Gavioli.<br><br><\/p>\n\n\n\n<p>Gavioli convoca a popula\u00e7\u00e3o: \u201cInhumas, vote certo, vote 44, o homem que vai trazer experi\u00eancia e fazer tudo que \u00e9 poss\u00edvel e preciso para a cidade\u201d. E finaliza: \u201cTamo&nbsp;junto,&nbsp;Z\u00e9!\u201d<\/p>\n","protected":false},"excerpt":{"rendered":"<p>F\u00e1tima Gavioli, secret\u00e1ria estadual de Educa\u00e7\u00e3o de Goi\u00e1s, manifestou total apoio ao candidato \u00e0 prefeitura de Inhumas, Z\u00e9 Essado, em v\u00eddeo divulgado nas redes sociais. A secret\u00e1ria recomendou o nome do candidato do Uni\u00e3o Brasil como a melhor escolha para a popula\u00e7\u00e3o. \u201cVoc\u00eas (inhumenses) t\u00eam um grande nome, uma boa op\u00e7\u00e3o. Voc\u00eas t\u00eam algu\u00e9m que [&hellip;]<\/p>\n","protected":false},"author":2,"featured_media":14894,"comment_status":"open","ping_status":"open","sticky":false,"template":"","format":"standard","meta":{"om_disable_all_campaigns":false,"_monsterinsights_skip_tracking":false,"_monsterinsights_sitenote_active":false,"_monsterinsights_sitenote_note":"","_monsterinsights_sitenote_category":0,"footnotes":""},"categories":[1],"tags":[],"class_list":["post-14890","post","type-post","status-publish","format-standard","has-post-thumbnail","hentry","category-politica"],"yoast_head":"<!-- This site is optimized with the Yoast SEO plugin v27.2 - https:\/\/yoast.com\/product\/yoast-seo-wordpress\/ -->\n<title>Secret\u00e1ria de Educa\u00e7\u00e3o: \u201cZ\u00e9 vai fazer o que for preciso por Inhumas\u201d - Jornal Ponto Mais<\/title>\n<meta name=\"robots\" content=\"index, follow, max-snippet:-1, max-image-preview:large, max-video-preview:-1\" \/>\n<link rel=\"canonical\" href=\"https:\/\/jornalpontomais.com\/site\/2024\/08\/30\/secretaria-de-educacao-ze-vai-fazer-o-que-for-preciso-por-inhumas\/\" \/>\n<meta property=\"og:locale\" content=\"pt_BR\" \/>\n<meta property=\"og:type\" content=\"article\" \/>\n<meta property=\"og:title\" content=\"Secret\u00e1ria de Educa\u00e7\u00e3o: \u201cZ\u00e9 vai fazer o que for preciso por Inhumas\u201d - Jornal Ponto Mais\" \/>\n<meta property=\"og:description\" content=\"F\u00e1tima Gavioli, secret\u00e1ria estadual de Educa\u00e7\u00e3o de Goi\u00e1s, manifestou total apoio ao candidato \u00e0 prefeitura de Inhumas, Z\u00e9 Essado, em v\u00eddeo divulgado nas redes sociais. A secret\u00e1ria recomendou o nome do candidato do Uni\u00e3o Brasil como a melhor escolha para a popula\u00e7\u00e3o. \u201cVoc\u00eas (inhumenses) t\u00eam um grande nome, uma boa op\u00e7\u00e3o. Voc\u00eas t\u00eam algu\u00e9m que [&hellip;]\" \/>\n<meta property=\"og:url\" content=\"https:\/\/jornalpontomais.com\/site\/2024\/08\/30\/secretaria-de-educacao-ze-vai-fazer-o-que-for-preciso-por-inhumas\/\" \/>\n<meta property=\"og:site_name\" content=\"Jornal Ponto Mais\" \/>\n<meta property=\"article:published_time\" content=\"2024-08-30T20:37:08+00:00\" \/>\n<meta property=\"article:modified_time\" content=\"2024-09-05T14:12:06+00:00\" \/>\n<meta property=\"og:image\" content=\"https:\/\/jornalpontomais.com\/site\/wp-content\/uploads\/2024\/08\/hrehrhrhh.jpg\" \/>\n\t<meta property=\"og:image:width\" content=\"688\" \/>\n\t<meta property=\"og:image:height\" content=\"446\" \/>\n\t<meta property=\"og:image:type\" content=\"image\/jpeg\" \/>\n<meta name=\"author\" content=\"Jornal Ponto Mais\" \/>\n<meta name=\"twitter:card\" content=\"summary_large_image\" \/>\n<meta name=\"twitter:label1\" content=\"Escrito por\" \/>\n\t<meta name=\"twitter:data1\" content=\"Jornal Ponto Mais\" \/>\n\t<meta name=\"twitter:label2\" content=\"Est. tempo de leitura\" \/>\n\t<meta name=\"twitter:data2\" content=\"1 minuto\" \/>\n<script type=\"application\/ld+json\" class=\"yoast-schema-graph\">{\"@context\":\"https:\/\/schema.org\",\"@graph\":[{\"@type\":\"Article\",\"@id\":\"https:\/\/jornalpontomais.com\/site\/2024\/08\/30\/secretaria-de-educacao-ze-vai-fazer-o-que-for-preciso-por-inhumas\/#article\",\"isPartOf\":{\"@id\":\"https:\/\/jornalpontomais.com\/site\/2024\/08\/30\/secretaria-de-educacao-ze-vai-fazer-o-que-for-preciso-por-inhumas\/\"},\"author\":{\"name\":\"Jornal Ponto Mais\",\"@id\":\"https:\/\/jornalpontomais.com\/site\/#\/schema\/person\/18323f0b0f1355f2490721c48389fe9d\"},\"headline\":\"Secret\u00e1ria de Educa\u00e7\u00e3o: \u201cZ\u00e9 vai fazer o que for preciso por Inhumas\u201d\",\"datePublished\":\"2024-08-30T20:37:08+00:00\",\"dateModified\":\"2024-09-05T14:12:06+00:00\",\"mainEntityOfPage\":{\"@id\":\"https:\/\/jornalpontomais.com\/site\/2024\/08\/30\/secretaria-de-educacao-ze-vai-fazer-o-que-for-preciso-por-inhumas\/\"},\"wordCount\":148,\"commentCount\":0,\"publisher\":{\"@id\":\"https:\/\/jornalpontomais.com\/site\/#organization\"},\"image\":{\"@id\":\"https:\/\/jornalpontomais.com\/site\/2024\/08\/30\/secretaria-de-educacao-ze-vai-fazer-o-que-for-preciso-por-inhumas\/#primaryimage\"},\"thumbnailUrl\":\"https:\/\/jornalpontomais.com\/site\/wp-content\/uploads\/2024\/08\/hrehrhrhh.jpg\",\"articleSection\":[\"Pol\u00edtica\"],\"inLanguage\":\"pt-BR\",\"potentialAction\":[{\"@type\":\"CommentAction\",\"name\":\"Comment\",\"target\":[\"https:\/\/jornalpontomais.com\/site\/2024\/08\/30\/secretaria-de-educacao-ze-vai-fazer-o-que-for-preciso-por-inhumas\/#respond\"]}]},{\"@type\":\"WebPage\",\"@id\":\"https:\/\/jornalpontomais.com\/site\/2024\/08\/30\/secretaria-de-educacao-ze-vai-fazer-o-que-for-preciso-por-inhumas\/\",\"url\":\"https:\/\/jornalpontomais.com\/site\/2024\/08\/30\/secretaria-de-educacao-ze-vai-fazer-o-que-for-preciso-por-inhumas\/\",\"name\":\"Secret\u00e1ria de Educa\u00e7\u00e3o: \u201cZ\u00e9 vai fazer o que for preciso por Inhumas\u201d - Jornal Ponto Mais\",\"isPartOf\":{\"@id\":\"https:\/\/jornalpontomais.com\/site\/#website\"},\"primaryImageOfPage\":{\"@id\":\"https:\/\/jornalpontomais.com\/site\/2024\/08\/30\/secretaria-de-educacao-ze-vai-fazer-o-que-for-preciso-por-inhumas\/#primaryimage\"},\"image\":{\"@id\":\"https:\/\/jornalpontomais.com\/site\/2024\/08\/30\/secretaria-de-educacao-ze-vai-fazer-o-que-for-preciso-por-inhumas\/#primaryimage\"},\"thumbnailUrl\":\"https:\/\/jornalpontomais.com\/site\/wp-content\/uploads\/2024\/08\/hrehrhrhh.jpg\",\"datePublished\":\"2024-08-30T20:37:08+00:00\",\"dateModified\":\"2024-09-05T14:12:06+00:00\",\"breadcrumb\":{\"@id\":\"https:\/\/jornalpontomais.com\/site\/2024\/08\/30\/secretaria-de-educacao-ze-vai-fazer-o-que-for-preciso-por-inhumas\/#breadcrumb\"},\"inLanguage\":\"pt-BR\",\"potentialAction\":[{\"@type\":\"ReadAction\",\"target\":[\"https:\/\/jornalpontomais.com\/site\/2024\/08\/30\/secretaria-de-educacao-ze-vai-fazer-o-que-for-preciso-por-inhumas\/\"]}]},{\"@type\":\"ImageObject\",\"inLanguage\":\"pt-BR\",\"@id\":\"https:\/\/jornalpontomais.com\/site\/2024\/08\/30\/secretaria-de-educacao-ze-vai-fazer-o-que-for-preciso-por-inhumas\/#primaryimage\",\"url\":\"https:\/\/jornalpontomais.com\/site\/wp-content\/uploads\/2024\/08\/hrehrhrhh.jpg\",\"contentUrl\":\"https:\/\/jornalpontomais.com\/site\/wp-content\/uploads\/2024\/08\/hrehrhrhh.jpg\",\"width\":688,\"height\":446},{\"@type\":\"BreadcrumbList\",\"@id\":\"https:\/\/jornalpontomais.com\/site\/2024\/08\/30\/secretaria-de-educacao-ze-vai-fazer-o-que-for-preciso-por-inhumas\/#breadcrumb\",\"itemListElement\":[{\"@type\":\"ListItem\",\"position\":1,\"name\":\"In\u00edcio\",\"item\":\"https:\/\/jornalpontomais.com\/site\/\"},{\"@type\":\"ListItem\",\"position\":2,\"name\":\"Secret\u00e1ria de Educa\u00e7\u00e3o: \u201cZ\u00e9 vai fazer o que for preciso por Inhumas\u201d\"}]},{\"@type\":\"WebSite\",\"@id\":\"https:\/\/jornalpontomais.com\/site\/#website\",\"url\":\"https:\/\/jornalpontomais.com\/site\/\",\"name\":\"Jornal Ponto Mais\",\"description\":\"As principais not\u00edcias do Brasil e do mundo. Confira!\",\"publisher\":{\"@id\":\"https:\/\/jornalpontomais.com\/site\/#organization\"},\"potentialAction\":[{\"@type\":\"SearchAction\",\"target\":{\"@type\":\"EntryPoint\",\"urlTemplate\":\"https:\/\/jornalpontomais.com\/site\/?s={search_term_string}\"},\"query-input\":{\"@type\":\"PropertyValueSpecification\",\"valueRequired\":true,\"valueName\":\"search_term_string\"}}],\"inLanguage\":\"pt-BR\"},{\"@type\":\"Organization\",\"@id\":\"https:\/\/jornalpontomais.com\/site\/#organization\",\"name\":\"Jornal Ponto+\",\"url\":\"https:\/\/jornalpontomais.com\/site\/\",\"logo\":{\"@type\":\"ImageObject\",\"inLanguage\":\"pt-BR\",\"@id\":\"https:\/\/jornalpontomais.com\/site\/#\/schema\/logo\/image\/\",\"url\":\"https:\/\/jornalpontomais.com\/site\/wp-content\/uploads\/2022\/01\/marca.png\",\"contentUrl\":\"https:\/\/jornalpontomais.com\/site\/wp-content\/uploads\/2022\/01\/marca.png\",\"width\":582,\"height\":148,\"caption\":\"Jornal Ponto+\"},\"image\":{\"@id\":\"https:\/\/jornalpontomais.com\/site\/#\/schema\/logo\/image\/\"}},{\"@type\":\"Person\",\"@id\":\"https:\/\/jornalpontomais.com\/site\/#\/schema\/person\/18323f0b0f1355f2490721c48389fe9d\",\"name\":\"Jornal Ponto Mais\",\"image\":{\"@type\":\"ImageObject\",\"inLanguage\":\"pt-BR\",\"@id\":\"https:\/\/secure.gravatar.com\/avatar\/2ee0a9b7fe10fe32bdec8bc086e871e41eb5f4f6ecbcb7b4f2fe0d92d831405f?s=96&d=mm&r=g\",\"url\":\"https:\/\/secure.gravatar.com\/avatar\/2ee0a9b7fe10fe32bdec8bc086e871e41eb5f4f6ecbcb7b4f2fe0d92d831405f?s=96&d=mm&r=g\",\"contentUrl\":\"https:\/\/secure.gravatar.com\/avatar\/2ee0a9b7fe10fe32bdec8bc086e871e41eb5f4f6ecbcb7b4f2fe0d92d831405f?s=96&d=mm&r=g\",\"caption\":\"Jornal Ponto Mais\"},\"sameAs\":[\"https:\/\/jornalpontomais.com\/site\",\"jornalpontomais\"],\"url\":\"https:\/\/jornalpontomais.com\/site\/author\/jornalpontomais\/\"}]}<\/script>\n<!-- \/ Yoast SEO plugin. -->","yoast_head_json":{"title":"Secret\u00e1ria de Educa\u00e7\u00e3o: \u201cZ\u00e9 vai fazer o que for preciso por Inhumas\u201d - Jornal Ponto Mais","robots":{"index":"index","follow":"follow","max-snippet":"max-snippet:-1","max-image-preview":"max-image-preview:large","max-video-preview":"max-video-preview:-1"},"canonical":"https:\/\/jornalpontomais.com\/site\/2024\/08\/30\/secretaria-de-educacao-ze-vai-fazer-o-que-for-preciso-por-inhumas\/","og_locale":"pt_BR","og_type":"article","og_title":"Secret\u00e1ria de Educa\u00e7\u00e3o: \u201cZ\u00e9 vai fazer o que for preciso por Inhumas\u201d - Jornal Ponto Mais","og_description":"F\u00e1tima Gavioli, secret\u00e1ria estadual de Educa\u00e7\u00e3o de Goi\u00e1s, manifestou total apoio ao candidato \u00e0 prefeitura de Inhumas, Z\u00e9 Essado, em v\u00eddeo divulgado nas redes sociais. A secret\u00e1ria recomendou o nome do candidato do Uni\u00e3o Brasil como a melhor escolha para a popula\u00e7\u00e3o. \u201cVoc\u00eas (inhumenses) t\u00eam um grande nome, uma boa op\u00e7\u00e3o. Voc\u00eas t\u00eam algu\u00e9m que [&hellip;]","og_url":"https:\/\/jornalpontomais.com\/site\/2024\/08\/30\/secretaria-de-educacao-ze-vai-fazer-o-que-for-preciso-por-inhumas\/","og_site_name":"Jornal Ponto Mais","article_published_time":"2024-08-30T20:37:08+00:00","article_modified_time":"2024-09-05T14:12:06+00:00","og_image":[{"width":688,"height":446,"url":"https:\/\/jornalpontomais.com\/site\/wp-content\/uploads\/2024\/08\/hrehrhrhh.jpg","type":"image\/jpeg"}],"author":"Jornal Ponto Mais","twitter_card":"summary_large_image","twitter_misc":{"Escrito por":"Jornal Ponto Mais","Est. tempo de leitura":"1 minuto"},"schema":{"@context":"https:\/\/schema.org","@graph":[{"@type":"Article","@id":"https:\/\/jornalpontomais.com\/site\/2024\/08\/30\/secretaria-de-educacao-ze-vai-fazer-o-que-for-preciso-por-inhumas\/#article","isPartOf":{"@id":"https:\/\/jornalpontomais.com\/site\/2024\/08\/30\/secretaria-de-educacao-ze-vai-fazer-o-que-for-preciso-por-inhumas\/"},"author":{"name":"Jornal Ponto Mais","@id":"https:\/\/jornalpontomais.com\/site\/#\/schema\/person\/18323f0b0f1355f2490721c48389fe9d"},"headline":"Secret\u00e1ria de Educa\u00e7\u00e3o: \u201cZ\u00e9 vai fazer o que for preciso por Inhumas\u201d","datePublished":"2024-08-30T20:37:08+00:00","dateModified":"2024-09-05T14:12:06+00:00","mainEntityOfPage":{"@id":"https:\/\/jornalpontomais.com\/site\/2024\/08\/30\/secretaria-de-educacao-ze-vai-fazer-o-que-for-preciso-por-inhumas\/"},"wordCount":148,"commentCount":0,"publisher":{"@id":"https:\/\/jornalpontomais.com\/site\/#organization"},"image":{"@id":"https:\/\/jornalpontomais.com\/site\/2024\/08\/30\/secretaria-de-educacao-ze-vai-fazer-o-que-for-preciso-por-inhumas\/#primaryimage"},"thumbnailUrl":"https:\/\/jornalpontomais.com\/site\/wp-content\/uploads\/2024\/08\/hrehrhrhh.jpg","articleSection":["Pol\u00edtica"],"inLanguage":"pt-BR","potentialAction":[{"@type":"CommentAction","name":"Comment","target":["https:\/\/jornalpontomais.com\/site\/2024\/08\/30\/secretaria-de-educacao-ze-vai-fazer-o-que-for-preciso-por-inhumas\/#respond"]}]},{"@type":"WebPage","@id":"https:\/\/jornalpontomais.com\/site\/2024\/08\/30\/secretaria-de-educacao-ze-vai-fazer-o-que-for-preciso-por-inhumas\/","url":"https:\/\/jornalpontomais.com\/site\/2024\/08\/30\/secretaria-de-educacao-ze-vai-fazer-o-que-for-preciso-por-inhumas\/","name":"Secret\u00e1ria de Educa\u00e7\u00e3o: \u201cZ\u00e9 vai fazer o que for preciso por Inhumas\u201d - Jornal Ponto Mais","isPartOf":{"@id":"https:\/\/jornalpontomais.com\/site\/#website"},"primaryImageOfPage":{"@id":"https:\/\/jornalpontomais.com\/site\/2024\/08\/30\/secretaria-de-educacao-ze-vai-fazer-o-que-for-preciso-por-inhumas\/#primaryimage"},"image":{"@id":"https:\/\/jornalpontomais.com\/site\/2024\/08\/30\/secretaria-de-educacao-ze-vai-fazer-o-que-for-preciso-por-inhumas\/#primaryimage"},"thumbnailUrl":"https:\/\/jornalpontomais.com\/site\/wp-content\/uploads\/2024\/08\/hrehrhrhh.jpg","datePublished":"2024-08-30T20:37:08+00:00","dateModified":"2024-09-05T14:12:06+00:00","breadcrumb":{"@id":"https:\/\/jornalpontomais.com\/site\/2024\/08\/30\/secretaria-de-educacao-ze-vai-fazer-o-que-for-preciso-por-inhumas\/#breadcrumb"},"inLanguage":"pt-BR","potentialAction":[{"@type":"ReadAction","target":["https:\/\/jornalpontomais.com\/site\/2024\/08\/30\/secretaria-de-educacao-ze-vai-fazer-o-que-for-preciso-por-inhumas\/"]}]},{"@type":"ImageObject","inLanguage":"pt-BR","@id":"https:\/\/jornalpontomais.com\/site\/2024\/08\/30\/secretaria-de-educacao-ze-vai-fazer-o-que-for-preciso-por-inhumas\/#primaryimage","url":"https:\/\/jornalpontomais.com\/site\/wp-content\/uploads\/2024\/08\/hrehrhrhh.jpg","contentUrl":"https:\/\/jornalpontomais.com\/site\/wp-content\/uploads\/2024\/08\/hrehrhrhh.jpg","width":688,"height":446},{"@type":"BreadcrumbList","@id":"https:\/\/jornalpontomais.com\/site\/2024\/08\/30\/secretaria-de-educacao-ze-vai-fazer-o-que-for-preciso-por-inhumas\/#breadcrumb","itemListElement":[{"@type":"ListItem","position":1,"name":"In\u00edcio","item":"https:\/\/jornalpontomais.com\/site\/"},{"@type":"ListItem","position":2,"name":"Secret\u00e1ria de Educa\u00e7\u00e3o: \u201cZ\u00e9 vai fazer o que for preciso por Inhumas\u201d"}]},{"@type":"WebSite","@id":"https:\/\/jornalpontomais.com\/site\/#website","url":"https:\/\/jornalpontomais.com\/site\/","name":"Jornal Ponto Mais","description":"As principais not\u00edcias do Brasil e do mundo. Confira!","publisher":{"@id":"https:\/\/jornalpontomais.com\/site\/#organization"},"potentialAction":[{"@type":"SearchAction","target":{"@type":"EntryPoint","urlTemplate":"https:\/\/jornalpontomais.com\/site\/?s={search_term_string}"},"query-input":{"@type":"PropertyValueSpecification","valueRequired":true,"valueName":"search_term_string"}}],"inLanguage":"pt-BR"},{"@type":"Organization","@id":"https:\/\/jornalpontomais.com\/site\/#organization","name":"Jornal Ponto+","url":"https:\/\/jornalpontomais.com\/site\/","logo":{"@type":"ImageObject","inLanguage":"pt-BR","@id":"https:\/\/jornalpontomais.com\/site\/#\/schema\/logo\/image\/","url":"https:\/\/jornalpontomais.com\/site\/wp-content\/uploads\/2022\/01\/marca.png","contentUrl":"https:\/\/jornalpontomais.com\/site\/wp-content\/uploads\/2022\/01\/marca.png","width":582,"height":148,"caption":"Jornal Ponto+"},"image":{"@id":"https:\/\/jornalpontomais.com\/site\/#\/schema\/logo\/image\/"}},{"@type":"Person","@id":"https:\/\/jornalpontomais.com\/site\/#\/schema\/person\/18323f0b0f1355f2490721c48389fe9d","name":"Jornal Ponto Mais","image":{"@type":"ImageObject","inLanguage":"pt-BR","@id":"https:\/\/secure.gravatar.com\/avatar\/2ee0a9b7fe10fe32bdec8bc086e871e41eb5f4f6ecbcb7b4f2fe0d92d831405f?s=96&d=mm&r=g","url":"https:\/\/secure.gravatar.com\/avatar\/2ee0a9b7fe10fe32bdec8bc086e871e41eb5f4f6ecbcb7b4f2fe0d92d831405f?s=96&d=mm&r=g","contentUrl":"https:\/\/secure.gravatar.com\/avatar\/2ee0a9b7fe10fe32bdec8bc086e871e41eb5f4f6ecbcb7b4f2fe0d92d831405f?s=96&d=mm&r=g","caption":"Jornal Ponto Mais"},"sameAs":["https:\/\/jornalpontomais.com\/site","jornalpontomais"],"url":"https:\/\/jornalpontomais.com\/site\/author\/jornalpontomais\/"}]}},"_links":{"self":[{"href":"https:\/\/jornalpontomais.com\/site\/wp-json\/wp\/v2\/posts\/14890","targetHints":{"allow":["GET"]}}],"collection":[{"href":"https:\/\/jornalpontomais.com\/site\/wp-json\/wp\/v2\/posts"}],"about":[{"href":"https:\/\/jornalpontomais.com\/site\/wp-json\/wp\/v2\/types\/post"}],"author":[{"embeddable":true,"href":"https:\/\/jornalpontomais.com\/site\/wp-json\/wp\/v2\/users\/2"}],"replies":[{"embeddable":true,"href":"https:\/\/jornalpontomais.com\/site\/wp-json\/wp\/v2\/comments?post=14890"}],"version-history":[{"count":1,"href":"https:\/\/jornalpontomais.com\/site\/wp-json\/wp\/v2\/posts\/14890\/revisions"}],"predecessor-version":[{"id":14893,"href":"https:\/\/jornalpontomais.com\/site\/wp-json\/wp\/v2\/posts\/14890\/revisions\/14893"}],"wp:featuredmedia":[{"embeddable":true,"href":"https:\/\/jornalpontomais.com\/site\/wp-json\/wp\/v2\/media\/14894"}],"wp:attachment":[{"href":"https:\/\/jornalpontomais.com\/site\/wp-json\/wp\/v2\/media?parent=14890"}],"wp:term":[{"taxonomy":"category","embeddable":true,"href":"https:\/\/jornalpontomais.com\/site\/wp-json\/wp\/v2\/categories?post=14890"},{"taxonomy":"post_tag","embeddable":true,"href":"https:\/\/jornalpontomais.com\/site\/wp-json\/wp\/v2\/tags?post=14890"}],"curies":[{"name":"wp","href":"https:\/\/api.w.org\/{rel}","templated":true}]}}