{"id":14860,"date":"2024-08-29T10:34:16","date_gmt":"2024-08-29T13:34:16","guid":{"rendered":"https:\/\/jornalpontomais.com\/site\/?p=14860"},"modified":"2024-08-30T11:02:27","modified_gmt":"2024-08-30T14:02:27","slug":"acao-do-banco-do-brasil-cobra-bloqueio-de-r-383-milhoes-das-contas-do-professor-alcides","status":"publish","type":"post","link":"https:\/\/jornalpontomais.com\/site\/2024\/08\/29\/acao-do-banco-do-brasil-cobra-bloqueio-de-r-383-milhoes-das-contas-do-professor-alcides\/","title":{"rendered":"A\u00e7\u00e3o do Banco do Brasil cobra bloqueio de R$ 3,83 milh\u00f5es das contas do Professor Alcides"},"content":{"rendered":"\n<p>O Banco do Brasil est\u00e1 processando o deputado federal Professor Alcides Ribeiro (PL), que tamb\u00e9m \u00e9 candidato a prefeito de Aparecida de Goi\u00e2nia, para cobrar R$ 3,83 milh\u00f5es referentes a alugu\u00e9is devidos pela ocupa\u00e7\u00e3o do im\u00f3vel onde funciona a Faculdade Alfredo Nasser, no Jardim das Esmeraldas. Esse im\u00f3vel foi arrematado pelo banco em uma a\u00e7\u00e3o de execu\u00e7\u00e3o movida contra Alcides em 2004.<br><br><\/p>\n\n\n\n<p>O processo, que tramita na 4\u00aa Vara C\u00edvel de Aparecida de Goi\u00e2nia e est\u00e1 em fase de &#8220;cumprimento de senten\u00e7a&#8221;, envolve uma a\u00e7\u00e3o de execu\u00e7\u00e3o iniciada pelo Banco do Brasil em 2004 contra Alcides Ribeiro Filho e sua empresa, com a hipoteca do im\u00f3vel em quest\u00e3o. Apesar da arremata\u00e7\u00e3o do bem dado em garantia, Alcides obteve uma decis\u00e3o cautelar que impediu o banco de tomar posse do im\u00f3vel.<br><br><\/p>\n\n\n\n<p>Na senten\u00e7a que autorizou a arremata\u00e7\u00e3o, foi estipulado um aluguel mensal de R$ 5 mil para o per\u00edodo em que o banco n\u00e3o p\u00f4de tomar posse do im\u00f3vel. O Banco do Brasil alega que todas as a\u00e7\u00f5es judiciais movidas por Alcides foram infrut\u00edferas, resultando na conclus\u00e3o da arremata\u00e7\u00e3o e na necessidade de pagamento dos alugu\u00e9is mensais devidos.<br><br><\/p>\n\n\n\n<p>O banco atualizou o valor do d\u00e9bito e apresentou uma planilha que calcula o saldo devedor em R$ 3,83 milh\u00f5es, ajustado at\u00e9 fevereiro de 2024, j\u00e1 descontado o valor de R$ 101,6 mil que foi levantado devido a bloqueios judiciais.<br><br><\/p>\n\n\n\n<p>Para receber a quantia devida, o Banco do Brasil solicitou \u00e0 Justi\u00e7a a realiza\u00e7\u00e3o de uma penhora online cont\u00ednua e, caso n\u00e3o encontre valores ou bens penhor\u00e1veis de Alcides, pediu uma pesquisa para identificar poss\u00edveis ativos financeiros e patrim\u00f4nios em nome do candidato.<br><br><\/p>\n\n\n\n<p>Al\u00e9m desta a\u00e7\u00e3o, Professor Alcides enfrenta pelo menos mais duas a\u00e7\u00f5es de execu\u00e7\u00e3o em Goi\u00e1s.<br><br><\/p>\n\n\n\n<p>A defesa de Alcides alega que houve excesso de execu\u00e7\u00e3o e erros na atualiza\u00e7\u00e3o dos c\u00e1lculos, e, por isso, entrou com um Agravo de Instrumento para obter efeito suspensivo da execu\u00e7\u00e3o e impugnar os c\u00e1lculos apresentados pelo banco. Al\u00e9m disso, Alcides pede uma liminar para anular a decis\u00e3o que autorizou o bloqueio de seus bens e valores, alegando que isso prejudicou seu direito ao contradit\u00f3rio e \u00e0 ampla defesa.<\/p>\n","protected":false},"excerpt":{"rendered":"<p>O Banco do Brasil est\u00e1 processando o deputado federal Professor Alcides Ribeiro (PL), que tamb\u00e9m \u00e9 candidato a prefeito de Aparecida de Goi\u00e2nia, para cobrar R$ 3,83 milh\u00f5es referentes a alugu\u00e9is devidos pela ocupa\u00e7\u00e3o do im\u00f3vel onde funciona a Faculdade Alfredo Nasser, no Jardim das Esmeraldas. Esse im\u00f3vel foi arrematado pelo banco em uma a\u00e7\u00e3o [&hellip;]<\/p>\n","protected":false},"author":2,"featured_media":14861,"comment_status":"open","ping_status":"open","sticky":true,"template":"","format":"standard","meta":{"om_disable_all_campaigns":false,"_monsterinsights_skip_tracking":false,"_monsterinsights_sitenote_active":false,"_monsterinsights_sitenote_note":"","_monsterinsights_sitenote_category":0,"footnotes":""},"categories":[1],"tags":[],"class_list":["post-14860","post","type-post","status-publish","format-standard","has-post-thumbnail","hentry","category-politica"],"yoast_head":"<!-- This site is optimized with the Yoast SEO plugin v27.2 - https:\/\/yoast.com\/product\/yoast-seo-wordpress\/ -->\n<title>A\u00e7\u00e3o do Banco do Brasil cobra bloqueio de R$ 3,83 milh\u00f5es das contas do Professor Alcides - Jornal Ponto Mais<\/title>\n<meta name=\"robots\" content=\"index, follow, max-snippet:-1, max-image-preview:large, max-video-preview:-1\" \/>\n<link rel=\"canonical\" href=\"https:\/\/jornalpontomais.com\/site\/2024\/08\/29\/acao-do-banco-do-brasil-cobra-bloqueio-de-r-383-milhoes-das-contas-do-professor-alcides\/\" \/>\n<meta property=\"og:locale\" content=\"pt_BR\" \/>\n<meta property=\"og:type\" content=\"article\" \/>\n<meta property=\"og:title\" content=\"A\u00e7\u00e3o do Banco do Brasil cobra bloqueio de R$ 3,83 milh\u00f5es das contas do Professor Alcides - Jornal Ponto Mais\" \/>\n<meta property=\"og:description\" content=\"O Banco do Brasil est\u00e1 processando o deputado federal Professor Alcides Ribeiro (PL), que tamb\u00e9m \u00e9 candidato a prefeito de Aparecida de Goi\u00e2nia, para cobrar R$ 3,83 milh\u00f5es referentes a alugu\u00e9is devidos pela ocupa\u00e7\u00e3o do im\u00f3vel onde funciona a Faculdade Alfredo Nasser, no Jardim das Esmeraldas. Esse im\u00f3vel foi arrematado pelo banco em uma a\u00e7\u00e3o [&hellip;]\" \/>\n<meta property=\"og:url\" content=\"https:\/\/jornalpontomais.com\/site\/2024\/08\/29\/acao-do-banco-do-brasil-cobra-bloqueio-de-r-383-milhoes-das-contas-do-professor-alcides\/\" \/>\n<meta property=\"og:site_name\" content=\"Jornal Ponto Mais\" \/>\n<meta property=\"article:published_time\" content=\"2024-08-29T13:34:16+00:00\" \/>\n<meta property=\"article:modified_time\" content=\"2024-08-30T14:02:27+00:00\" \/>\n<meta property=\"og:image\" content=\"https:\/\/jornalpontomais.com\/site\/wp-content\/uploads\/2024\/08\/professor-alcides-aparecida-de-goiania.jpg\" \/>\n\t<meta property=\"og:image:width\" content=\"900\" \/>\n\t<meta property=\"og:image:height\" content=\"600\" \/>\n\t<meta property=\"og:image:type\" content=\"image\/jpeg\" \/>\n<meta name=\"author\" content=\"Jornal Ponto Mais\" \/>\n<meta name=\"twitter:card\" content=\"summary_large_image\" \/>\n<meta name=\"twitter:label1\" content=\"Escrito por\" \/>\n\t<meta name=\"twitter:data1\" content=\"Jornal Ponto Mais\" \/>\n\t<meta name=\"twitter:label2\" content=\"Est. tempo de leitura\" \/>\n\t<meta name=\"twitter:data2\" content=\"2 minutos\" \/>\n<script type=\"application\/ld+json\" class=\"yoast-schema-graph\">{\"@context\":\"https:\/\/schema.org\",\"@graph\":[{\"@type\":\"Article\",\"@id\":\"https:\/\/jornalpontomais.com\/site\/2024\/08\/29\/acao-do-banco-do-brasil-cobra-bloqueio-de-r-383-milhoes-das-contas-do-professor-alcides\/#article\",\"isPartOf\":{\"@id\":\"https:\/\/jornalpontomais.com\/site\/2024\/08\/29\/acao-do-banco-do-brasil-cobra-bloqueio-de-r-383-milhoes-das-contas-do-professor-alcides\/\"},\"author\":{\"name\":\"Jornal Ponto Mais\",\"@id\":\"https:\/\/jornalpontomais.com\/site\/#\/schema\/person\/18323f0b0f1355f2490721c48389fe9d\"},\"headline\":\"A\u00e7\u00e3o do Banco do Brasil cobra bloqueio de R$ 3,83 milh\u00f5es das contas do Professor Alcides\",\"datePublished\":\"2024-08-29T13:34:16+00:00\",\"dateModified\":\"2024-08-30T14:02:27+00:00\",\"mainEntityOfPage\":{\"@id\":\"https:\/\/jornalpontomais.com\/site\/2024\/08\/29\/acao-do-banco-do-brasil-cobra-bloqueio-de-r-383-milhoes-das-contas-do-professor-alcides\/\"},\"wordCount\":412,\"commentCount\":0,\"publisher\":{\"@id\":\"https:\/\/jornalpontomais.com\/site\/#organization\"},\"image\":{\"@id\":\"https:\/\/jornalpontomais.com\/site\/2024\/08\/29\/acao-do-banco-do-brasil-cobra-bloqueio-de-r-383-milhoes-das-contas-do-professor-alcides\/#primaryimage\"},\"thumbnailUrl\":\"https:\/\/jornalpontomais.com\/site\/wp-content\/uploads\/2024\/08\/professor-alcides-aparecida-de-goiania.jpg\",\"articleSection\":[\"Pol\u00edtica\"],\"inLanguage\":\"pt-BR\",\"potentialAction\":[{\"@type\":\"CommentAction\",\"name\":\"Comment\",\"target\":[\"https:\/\/jornalpontomais.com\/site\/2024\/08\/29\/acao-do-banco-do-brasil-cobra-bloqueio-de-r-383-milhoes-das-contas-do-professor-alcides\/#respond\"]}]},{\"@type\":\"WebPage\",\"@id\":\"https:\/\/jornalpontomais.com\/site\/2024\/08\/29\/acao-do-banco-do-brasil-cobra-bloqueio-de-r-383-milhoes-das-contas-do-professor-alcides\/\",\"url\":\"https:\/\/jornalpontomais.com\/site\/2024\/08\/29\/acao-do-banco-do-brasil-cobra-bloqueio-de-r-383-milhoes-das-contas-do-professor-alcides\/\",\"name\":\"A\u00e7\u00e3o do Banco do Brasil cobra bloqueio de R$ 3,83 milh\u00f5es das contas do Professor Alcides - Jornal Ponto Mais\",\"isPartOf\":{\"@id\":\"https:\/\/jornalpontomais.com\/site\/#website\"},\"primaryImageOfPage\":{\"@id\":\"https:\/\/jornalpontomais.com\/site\/2024\/08\/29\/acao-do-banco-do-brasil-cobra-bloqueio-de-r-383-milhoes-das-contas-do-professor-alcides\/#primaryimage\"},\"image\":{\"@id\":\"https:\/\/jornalpontomais.com\/site\/2024\/08\/29\/acao-do-banco-do-brasil-cobra-bloqueio-de-r-383-milhoes-das-contas-do-professor-alcides\/#primaryimage\"},\"thumbnailUrl\":\"https:\/\/jornalpontomais.com\/site\/wp-content\/uploads\/2024\/08\/professor-alcides-aparecida-de-goiania.jpg\",\"datePublished\":\"2024-08-29T13:34:16+00:00\",\"dateModified\":\"2024-08-30T14:02:27+00:00\",\"breadcrumb\":{\"@id\":\"https:\/\/jornalpontomais.com\/site\/2024\/08\/29\/acao-do-banco-do-brasil-cobra-bloqueio-de-r-383-milhoes-das-contas-do-professor-alcides\/#breadcrumb\"},\"inLanguage\":\"pt-BR\",\"potentialAction\":[{\"@type\":\"ReadAction\",\"target\":[\"https:\/\/jornalpontomais.com\/site\/2024\/08\/29\/acao-do-banco-do-brasil-cobra-bloqueio-de-r-383-milhoes-das-contas-do-professor-alcides\/\"]}]},{\"@type\":\"ImageObject\",\"inLanguage\":\"pt-BR\",\"@id\":\"https:\/\/jornalpontomais.com\/site\/2024\/08\/29\/acao-do-banco-do-brasil-cobra-bloqueio-de-r-383-milhoes-das-contas-do-professor-alcides\/#primaryimage\",\"url\":\"https:\/\/jornalpontomais.com\/site\/wp-content\/uploads\/2024\/08\/professor-alcides-aparecida-de-goiania.jpg\",\"contentUrl\":\"https:\/\/jornalpontomais.com\/site\/wp-content\/uploads\/2024\/08\/professor-alcides-aparecida-de-goiania.jpg\",\"width\":900,\"height\":600},{\"@type\":\"BreadcrumbList\",\"@id\":\"https:\/\/jornalpontomais.com\/site\/2024\/08\/29\/acao-do-banco-do-brasil-cobra-bloqueio-de-r-383-milhoes-das-contas-do-professor-alcides\/#breadcrumb\",\"itemListElement\":[{\"@type\":\"ListItem\",\"position\":1,\"name\":\"In\u00edcio\",\"item\":\"https:\/\/jornalpontomais.com\/site\/\"},{\"@type\":\"ListItem\",\"position\":2,\"name\":\"A\u00e7\u00e3o do Banco do Brasil cobra bloqueio de R$ 3,83 milh\u00f5es das contas do Professor Alcides\"}]},{\"@type\":\"WebSite\",\"@id\":\"https:\/\/jornalpontomais.com\/site\/#website\",\"url\":\"https:\/\/jornalpontomais.com\/site\/\",\"name\":\"Jornal Ponto Mais\",\"description\":\"As principais not\u00edcias do Brasil e do mundo. Confira!\",\"publisher\":{\"@id\":\"https:\/\/jornalpontomais.com\/site\/#organization\"},\"potentialAction\":[{\"@type\":\"SearchAction\",\"target\":{\"@type\":\"EntryPoint\",\"urlTemplate\":\"https:\/\/jornalpontomais.com\/site\/?s={search_term_string}\"},\"query-input\":{\"@type\":\"PropertyValueSpecification\",\"valueRequired\":true,\"valueName\":\"search_term_string\"}}],\"inLanguage\":\"pt-BR\"},{\"@type\":\"Organization\",\"@id\":\"https:\/\/jornalpontomais.com\/site\/#organization\",\"name\":\"Jornal Ponto+\",\"url\":\"https:\/\/jornalpontomais.com\/site\/\",\"logo\":{\"@type\":\"ImageObject\",\"inLanguage\":\"pt-BR\",\"@id\":\"https:\/\/jornalpontomais.com\/site\/#\/schema\/logo\/image\/\",\"url\":\"https:\/\/jornalpontomais.com\/site\/wp-content\/uploads\/2022\/01\/marca.png\",\"contentUrl\":\"https:\/\/jornalpontomais.com\/site\/wp-content\/uploads\/2022\/01\/marca.png\",\"width\":582,\"height\":148,\"caption\":\"Jornal Ponto+\"},\"image\":{\"@id\":\"https:\/\/jornalpontomais.com\/site\/#\/schema\/logo\/image\/\"}},{\"@type\":\"Person\",\"@id\":\"https:\/\/jornalpontomais.com\/site\/#\/schema\/person\/18323f0b0f1355f2490721c48389fe9d\",\"name\":\"Jornal Ponto Mais\",\"image\":{\"@type\":\"ImageObject\",\"inLanguage\":\"pt-BR\",\"@id\":\"https:\/\/secure.gravatar.com\/avatar\/2ee0a9b7fe10fe32bdec8bc086e871e41eb5f4f6ecbcb7b4f2fe0d92d831405f?s=96&d=mm&r=g\",\"url\":\"https:\/\/secure.gravatar.com\/avatar\/2ee0a9b7fe10fe32bdec8bc086e871e41eb5f4f6ecbcb7b4f2fe0d92d831405f?s=96&d=mm&r=g\",\"contentUrl\":\"https:\/\/secure.gravatar.com\/avatar\/2ee0a9b7fe10fe32bdec8bc086e871e41eb5f4f6ecbcb7b4f2fe0d92d831405f?s=96&d=mm&r=g\",\"caption\":\"Jornal Ponto Mais\"},\"sameAs\":[\"https:\/\/jornalpontomais.com\/site\",\"jornalpontomais\"],\"url\":\"https:\/\/jornalpontomais.com\/site\/author\/jornalpontomais\/\"}]}<\/script>\n<!-- \/ Yoast SEO plugin. -->","yoast_head_json":{"title":"A\u00e7\u00e3o do Banco do Brasil cobra bloqueio de R$ 3,83 milh\u00f5es das contas do Professor Alcides - Jornal Ponto Mais","robots":{"index":"index","follow":"follow","max-snippet":"max-snippet:-1","max-image-preview":"max-image-preview:large","max-video-preview":"max-video-preview:-1"},"canonical":"https:\/\/jornalpontomais.com\/site\/2024\/08\/29\/acao-do-banco-do-brasil-cobra-bloqueio-de-r-383-milhoes-das-contas-do-professor-alcides\/","og_locale":"pt_BR","og_type":"article","og_title":"A\u00e7\u00e3o do Banco do Brasil cobra bloqueio de R$ 3,83 milh\u00f5es das contas do Professor Alcides - Jornal Ponto Mais","og_description":"O Banco do Brasil est\u00e1 processando o deputado federal Professor Alcides Ribeiro (PL), que tamb\u00e9m \u00e9 candidato a prefeito de Aparecida de Goi\u00e2nia, para cobrar R$ 3,83 milh\u00f5es referentes a alugu\u00e9is devidos pela ocupa\u00e7\u00e3o do im\u00f3vel onde funciona a Faculdade Alfredo Nasser, no Jardim das Esmeraldas. Esse im\u00f3vel foi arrematado pelo banco em uma a\u00e7\u00e3o [&hellip;]","og_url":"https:\/\/jornalpontomais.com\/site\/2024\/08\/29\/acao-do-banco-do-brasil-cobra-bloqueio-de-r-383-milhoes-das-contas-do-professor-alcides\/","og_site_name":"Jornal Ponto Mais","article_published_time":"2024-08-29T13:34:16+00:00","article_modified_time":"2024-08-30T14:02:27+00:00","og_image":[{"width":900,"height":600,"url":"https:\/\/jornalpontomais.com\/site\/wp-content\/uploads\/2024\/08\/professor-alcides-aparecida-de-goiania.jpg","type":"image\/jpeg"}],"author":"Jornal Ponto Mais","twitter_card":"summary_large_image","twitter_misc":{"Escrito por":"Jornal Ponto Mais","Est. tempo de leitura":"2 minutos"},"schema":{"@context":"https:\/\/schema.org","@graph":[{"@type":"Article","@id":"https:\/\/jornalpontomais.com\/site\/2024\/08\/29\/acao-do-banco-do-brasil-cobra-bloqueio-de-r-383-milhoes-das-contas-do-professor-alcides\/#article","isPartOf":{"@id":"https:\/\/jornalpontomais.com\/site\/2024\/08\/29\/acao-do-banco-do-brasil-cobra-bloqueio-de-r-383-milhoes-das-contas-do-professor-alcides\/"},"author":{"name":"Jornal Ponto Mais","@id":"https:\/\/jornalpontomais.com\/site\/#\/schema\/person\/18323f0b0f1355f2490721c48389fe9d"},"headline":"A\u00e7\u00e3o do Banco do Brasil cobra bloqueio de R$ 3,83 milh\u00f5es das contas do Professor Alcides","datePublished":"2024-08-29T13:34:16+00:00","dateModified":"2024-08-30T14:02:27+00:00","mainEntityOfPage":{"@id":"https:\/\/jornalpontomais.com\/site\/2024\/08\/29\/acao-do-banco-do-brasil-cobra-bloqueio-de-r-383-milhoes-das-contas-do-professor-alcides\/"},"wordCount":412,"commentCount":0,"publisher":{"@id":"https:\/\/jornalpontomais.com\/site\/#organization"},"image":{"@id":"https:\/\/jornalpontomais.com\/site\/2024\/08\/29\/acao-do-banco-do-brasil-cobra-bloqueio-de-r-383-milhoes-das-contas-do-professor-alcides\/#primaryimage"},"thumbnailUrl":"https:\/\/jornalpontomais.com\/site\/wp-content\/uploads\/2024\/08\/professor-alcides-aparecida-de-goiania.jpg","articleSection":["Pol\u00edtica"],"inLanguage":"pt-BR","potentialAction":[{"@type":"CommentAction","name":"Comment","target":["https:\/\/jornalpontomais.com\/site\/2024\/08\/29\/acao-do-banco-do-brasil-cobra-bloqueio-de-r-383-milhoes-das-contas-do-professor-alcides\/#respond"]}]},{"@type":"WebPage","@id":"https:\/\/jornalpontomais.com\/site\/2024\/08\/29\/acao-do-banco-do-brasil-cobra-bloqueio-de-r-383-milhoes-das-contas-do-professor-alcides\/","url":"https:\/\/jornalpontomais.com\/site\/2024\/08\/29\/acao-do-banco-do-brasil-cobra-bloqueio-de-r-383-milhoes-das-contas-do-professor-alcides\/","name":"A\u00e7\u00e3o do Banco do Brasil cobra bloqueio de R$ 3,83 milh\u00f5es das contas do Professor Alcides - Jornal Ponto Mais","isPartOf":{"@id":"https:\/\/jornalpontomais.com\/site\/#website"},"primaryImageOfPage":{"@id":"https:\/\/jornalpontomais.com\/site\/2024\/08\/29\/acao-do-banco-do-brasil-cobra-bloqueio-de-r-383-milhoes-das-contas-do-professor-alcides\/#primaryimage"},"image":{"@id":"https:\/\/jornalpontomais.com\/site\/2024\/08\/29\/acao-do-banco-do-brasil-cobra-bloqueio-de-r-383-milhoes-das-contas-do-professor-alcides\/#primaryimage"},"thumbnailUrl":"https:\/\/jornalpontomais.com\/site\/wp-content\/uploads\/2024\/08\/professor-alcides-aparecida-de-goiania.jpg","datePublished":"2024-08-29T13:34:16+00:00","dateModified":"2024-08-30T14:02:27+00:00","breadcrumb":{"@id":"https:\/\/jornalpontomais.com\/site\/2024\/08\/29\/acao-do-banco-do-brasil-cobra-bloqueio-de-r-383-milhoes-das-contas-do-professor-alcides\/#breadcrumb"},"inLanguage":"pt-BR","potentialAction":[{"@type":"ReadAction","target":["https:\/\/jornalpontomais.com\/site\/2024\/08\/29\/acao-do-banco-do-brasil-cobra-bloqueio-de-r-383-milhoes-das-contas-do-professor-alcides\/"]}]},{"@type":"ImageObject","inLanguage":"pt-BR","@id":"https:\/\/jornalpontomais.com\/site\/2024\/08\/29\/acao-do-banco-do-brasil-cobra-bloqueio-de-r-383-milhoes-das-contas-do-professor-alcides\/#primaryimage","url":"https:\/\/jornalpontomais.com\/site\/wp-content\/uploads\/2024\/08\/professor-alcides-aparecida-de-goiania.jpg","contentUrl":"https:\/\/jornalpontomais.com\/site\/wp-content\/uploads\/2024\/08\/professor-alcides-aparecida-de-goiania.jpg","width":900,"height":600},{"@type":"BreadcrumbList","@id":"https:\/\/jornalpontomais.com\/site\/2024\/08\/29\/acao-do-banco-do-brasil-cobra-bloqueio-de-r-383-milhoes-das-contas-do-professor-alcides\/#breadcrumb","itemListElement":[{"@type":"ListItem","position":1,"name":"In\u00edcio","item":"https:\/\/jornalpontomais.com\/site\/"},{"@type":"ListItem","position":2,"name":"A\u00e7\u00e3o do Banco do Brasil cobra bloqueio de R$ 3,83 milh\u00f5es das contas do Professor Alcides"}]},{"@type":"WebSite","@id":"https:\/\/jornalpontomais.com\/site\/#website","url":"https:\/\/jornalpontomais.com\/site\/","name":"Jornal Ponto Mais","description":"As principais not\u00edcias do Brasil e do mundo. Confira!","publisher":{"@id":"https:\/\/jornalpontomais.com\/site\/#organization"},"potentialAction":[{"@type":"SearchAction","target":{"@type":"EntryPoint","urlTemplate":"https:\/\/jornalpontomais.com\/site\/?s={search_term_string}"},"query-input":{"@type":"PropertyValueSpecification","valueRequired":true,"valueName":"search_term_string"}}],"inLanguage":"pt-BR"},{"@type":"Organization","@id":"https:\/\/jornalpontomais.com\/site\/#organization","name":"Jornal Ponto+","url":"https:\/\/jornalpontomais.com\/site\/","logo":{"@type":"ImageObject","inLanguage":"pt-BR","@id":"https:\/\/jornalpontomais.com\/site\/#\/schema\/logo\/image\/","url":"https:\/\/jornalpontomais.com\/site\/wp-content\/uploads\/2022\/01\/marca.png","contentUrl":"https:\/\/jornalpontomais.com\/site\/wp-content\/uploads\/2022\/01\/marca.png","width":582,"height":148,"caption":"Jornal Ponto+"},"image":{"@id":"https:\/\/jornalpontomais.com\/site\/#\/schema\/logo\/image\/"}},{"@type":"Person","@id":"https:\/\/jornalpontomais.com\/site\/#\/schema\/person\/18323f0b0f1355f2490721c48389fe9d","name":"Jornal Ponto Mais","image":{"@type":"ImageObject","inLanguage":"pt-BR","@id":"https:\/\/secure.gravatar.com\/avatar\/2ee0a9b7fe10fe32bdec8bc086e871e41eb5f4f6ecbcb7b4f2fe0d92d831405f?s=96&d=mm&r=g","url":"https:\/\/secure.gravatar.com\/avatar\/2ee0a9b7fe10fe32bdec8bc086e871e41eb5f4f6ecbcb7b4f2fe0d92d831405f?s=96&d=mm&r=g","contentUrl":"https:\/\/secure.gravatar.com\/avatar\/2ee0a9b7fe10fe32bdec8bc086e871e41eb5f4f6ecbcb7b4f2fe0d92d831405f?s=96&d=mm&r=g","caption":"Jornal Ponto Mais"},"sameAs":["https:\/\/jornalpontomais.com\/site","jornalpontomais"],"url":"https:\/\/jornalpontomais.com\/site\/author\/jornalpontomais\/"}]}},"_links":{"self":[{"href":"https:\/\/jornalpontomais.com\/site\/wp-json\/wp\/v2\/posts\/14860","targetHints":{"allow":["GET"]}}],"collection":[{"href":"https:\/\/jornalpontomais.com\/site\/wp-json\/wp\/v2\/posts"}],"about":[{"href":"https:\/\/jornalpontomais.com\/site\/wp-json\/wp\/v2\/types\/post"}],"author":[{"embeddable":true,"href":"https:\/\/jornalpontomais.com\/site\/wp-json\/wp\/v2\/users\/2"}],"replies":[{"embeddable":true,"href":"https:\/\/jornalpontomais.com\/site\/wp-json\/wp\/v2\/comments?post=14860"}],"version-history":[{"count":1,"href":"https:\/\/jornalpontomais.com\/site\/wp-json\/wp\/v2\/posts\/14860\/revisions"}],"predecessor-version":[{"id":14862,"href":"https:\/\/jornalpontomais.com\/site\/wp-json\/wp\/v2\/posts\/14860\/revisions\/14862"}],"wp:featuredmedia":[{"embeddable":true,"href":"https:\/\/jornalpontomais.com\/site\/wp-json\/wp\/v2\/media\/14861"}],"wp:attachment":[{"href":"https:\/\/jornalpontomais.com\/site\/wp-json\/wp\/v2\/media?parent=14860"}],"wp:term":[{"taxonomy":"category","embeddable":true,"href":"https:\/\/jornalpontomais.com\/site\/wp-json\/wp\/v2\/categories?post=14860"},{"taxonomy":"post_tag","embeddable":true,"href":"https:\/\/jornalpontomais.com\/site\/wp-json\/wp\/v2\/tags?post=14860"}],"curies":[{"name":"wp","href":"https:\/\/api.w.org\/{rel}","templated":true}]}}