{"id":14854,"date":"2024-08-28T15:32:07","date_gmt":"2024-08-28T18:32:07","guid":{"rendered":"https:\/\/jornalpontomais.com\/site\/?p=14854"},"modified":"2024-09-05T11:12:22","modified_gmt":"2024-09-05T14:12:22","slug":"educacao-sera-uma-prioridade-na-nossa-gestao-diz-ze-essado","status":"publish","type":"post","link":"https:\/\/jornalpontomais.com\/site\/2024\/08\/28\/educacao-sera-uma-prioridade-na-nossa-gestao-diz-ze-essado\/","title":{"rendered":"&#8220;Educa\u00e7\u00e3o ser\u00e1 uma prioridade na nossa gest\u00e3o&#8221;, diz Z\u00e9 Essado"},"content":{"rendered":"\n<p>O candidato \u00e0 prefeitura de Inhumas, Z\u00e9 Essado (Uni\u00e3o Brasil), e o candidato a vice-prefeito na chapa, Eur\u00edpedes Barsanulfo (MDB), participaram de encontro com profissionais da educa\u00e7\u00e3o, que lotaram o Espa\u00e7o Jaca\u00fana na noite desta ter\u00e7a-feira, 27 de agosto. A reuni\u00e3o foi organizada pela coordenadora Regional de Educa\u00e7\u00e3o, Thays Monturil.<br><br><\/p>\n\n\n\n<p>A coordenadora Regional de Educa\u00e7\u00e3o declarou sua confian\u00e7a no trabalho de Z\u00e9 Essado. \u201c\u00c9 muito bom estar junto com o senhor, pois sabemos que a popula\u00e7\u00e3o quer o seu governo, quer sua administra\u00e7\u00e3o. A educa\u00e7\u00e3o anda de m\u00e3os dadas com a transforma\u00e7\u00e3o\u201d, afirmou Thays Monturil.<br><br><\/p>\n\n\n\n<p>Candidato a vice-prefeito, Dr. Eur\u00edpedes Barsanulfo destacou o poder transformador da educa\u00e7\u00e3o: &#8220;a classe que mais respeito \u00e9 a de voc\u00eas, professores. A educa\u00e7\u00e3o foi o que mudou a minha vida&#8221;.<br><br><\/p>\n\n\n\n<p>Para Z\u00e9 Essado, estar na prefeitura e mudar a realidade atual da cidade \u00e9 uma miss\u00e3o. \u201cQuero valorizar as fam\u00edlias de Inhumas, pois nossa cidade foi esquecida. A atual gest\u00e3o n\u00e3o construiu uma casa, a qualidade da presta\u00e7\u00e3o dos servi\u00e7os da Sa\u00fade est\u00e1 prec\u00e1ria, a educa\u00e7\u00e3o completamente abandonada&#8221;, lembra o candidato.<br><br><\/p>\n\n\n\n<p>Z\u00e9 Essado reafirma seu compromisso de transformar Inhumas em uma cidade mais digna e com qualidade de vida para a popula\u00e7\u00e3o e afirma que a parceria com o governo estadual vai ser essencial para promover a mudan\u00e7a que ele quer. &#8220;A educa\u00e7\u00e3o est\u00e1 entre nossas prioridades, tanto na quest\u00e3o de estrutura quanto em projetos que valorizam a qualidade do ensino de nossas crian\u00e7as e jovens&#8221;, destaca&nbsp;o&nbsp;candidato.<\/p>\n","protected":false},"excerpt":{"rendered":"<p>O candidato \u00e0 prefeitura de Inhumas, Z\u00e9 Essado (Uni\u00e3o Brasil), e o candidato a vice-prefeito na chapa, Eur\u00edpedes Barsanulfo (MDB), participaram de encontro com profissionais da educa\u00e7\u00e3o, que lotaram o Espa\u00e7o Jaca\u00fana na noite desta ter\u00e7a-feira, 27 de agosto. A reuni\u00e3o foi organizada pela coordenadora Regional de Educa\u00e7\u00e3o, Thays Monturil. A coordenadora Regional de Educa\u00e7\u00e3o [&hellip;]<\/p>\n","protected":false},"author":2,"featured_media":14855,"comment_status":"open","ping_status":"open","sticky":false,"template":"","format":"standard","meta":{"om_disable_all_campaigns":false,"_monsterinsights_skip_tracking":false,"_monsterinsights_sitenote_active":false,"_monsterinsights_sitenote_note":"","_monsterinsights_sitenote_category":0,"footnotes":""},"categories":[1],"tags":[],"class_list":["post-14854","post","type-post","status-publish","format-standard","has-post-thumbnail","hentry","category-politica"],"yoast_head":"<!-- This site is optimized with the Yoast SEO plugin v27.2 - https:\/\/yoast.com\/product\/yoast-seo-wordpress\/ -->\n<title>&quot;Educa\u00e7\u00e3o ser\u00e1 uma prioridade na nossa gest\u00e3o&quot;, diz Z\u00e9 Essado - Jornal Ponto Mais<\/title>\n<meta name=\"robots\" content=\"index, follow, max-snippet:-1, max-image-preview:large, max-video-preview:-1\" \/>\n<link rel=\"canonical\" href=\"https:\/\/jornalpontomais.com\/site\/2024\/08\/28\/educacao-sera-uma-prioridade-na-nossa-gestao-diz-ze-essado\/\" \/>\n<meta property=\"og:locale\" content=\"pt_BR\" \/>\n<meta property=\"og:type\" content=\"article\" \/>\n<meta property=\"og:title\" content=\"&quot;Educa\u00e7\u00e3o ser\u00e1 uma prioridade na nossa gest\u00e3o&quot;, diz Z\u00e9 Essado - Jornal Ponto Mais\" \/>\n<meta property=\"og:description\" content=\"O candidato \u00e0 prefeitura de Inhumas, Z\u00e9 Essado (Uni\u00e3o Brasil), e o candidato a vice-prefeito na chapa, Eur\u00edpedes Barsanulfo (MDB), participaram de encontro com profissionais da educa\u00e7\u00e3o, que lotaram o Espa\u00e7o Jaca\u00fana na noite desta ter\u00e7a-feira, 27 de agosto. A reuni\u00e3o foi organizada pela coordenadora Regional de Educa\u00e7\u00e3o, Thays Monturil. A coordenadora Regional de Educa\u00e7\u00e3o [&hellip;]\" \/>\n<meta property=\"og:url\" content=\"https:\/\/jornalpontomais.com\/site\/2024\/08\/28\/educacao-sera-uma-prioridade-na-nossa-gestao-diz-ze-essado\/\" \/>\n<meta property=\"og:site_name\" content=\"Jornal Ponto Mais\" \/>\n<meta property=\"article:published_time\" content=\"2024-08-28T18:32:07+00:00\" \/>\n<meta property=\"article:modified_time\" content=\"2024-09-05T14:12:22+00:00\" \/>\n<meta property=\"og:image\" content=\"https:\/\/jornalpontomais.com\/site\/wp-content\/uploads\/2024\/08\/fjojgogjogrj.jpg\" \/>\n\t<meta property=\"og:image:width\" content=\"1600\" \/>\n\t<meta property=\"og:image:height\" content=\"1200\" \/>\n\t<meta property=\"og:image:type\" content=\"image\/jpeg\" \/>\n<meta name=\"author\" content=\"Jornal Ponto Mais\" \/>\n<meta name=\"twitter:card\" content=\"summary_large_image\" \/>\n<meta name=\"twitter:label1\" content=\"Escrito por\" \/>\n\t<meta name=\"twitter:data1\" content=\"Jornal Ponto Mais\" \/>\n\t<meta name=\"twitter:label2\" content=\"Est. tempo de leitura\" \/>\n\t<meta name=\"twitter:data2\" content=\"1 minuto\" \/>\n<script type=\"application\/ld+json\" class=\"yoast-schema-graph\">{\"@context\":\"https:\/\/schema.org\",\"@graph\":[{\"@type\":\"Article\",\"@id\":\"https:\/\/jornalpontomais.com\/site\/2024\/08\/28\/educacao-sera-uma-prioridade-na-nossa-gestao-diz-ze-essado\/#article\",\"isPartOf\":{\"@id\":\"https:\/\/jornalpontomais.com\/site\/2024\/08\/28\/educacao-sera-uma-prioridade-na-nossa-gestao-diz-ze-essado\/\"},\"author\":{\"name\":\"Jornal Ponto Mais\",\"@id\":\"https:\/\/jornalpontomais.com\/site\/#\/schema\/person\/18323f0b0f1355f2490721c48389fe9d\"},\"headline\":\"&#8220;Educa\u00e7\u00e3o ser\u00e1 uma prioridade na nossa gest\u00e3o&#8221;, diz Z\u00e9 Essado\",\"datePublished\":\"2024-08-28T18:32:07+00:00\",\"dateModified\":\"2024-09-05T14:12:22+00:00\",\"mainEntityOfPage\":{\"@id\":\"https:\/\/jornalpontomais.com\/site\/2024\/08\/28\/educacao-sera-uma-prioridade-na-nossa-gestao-diz-ze-essado\/\"},\"wordCount\":287,\"commentCount\":0,\"publisher\":{\"@id\":\"https:\/\/jornalpontomais.com\/site\/#organization\"},\"image\":{\"@id\":\"https:\/\/jornalpontomais.com\/site\/2024\/08\/28\/educacao-sera-uma-prioridade-na-nossa-gestao-diz-ze-essado\/#primaryimage\"},\"thumbnailUrl\":\"https:\/\/jornalpontomais.com\/site\/wp-content\/uploads\/2024\/08\/fjojgogjogrj.jpg\",\"articleSection\":[\"Pol\u00edtica\"],\"inLanguage\":\"pt-BR\",\"potentialAction\":[{\"@type\":\"CommentAction\",\"name\":\"Comment\",\"target\":[\"https:\/\/jornalpontomais.com\/site\/2024\/08\/28\/educacao-sera-uma-prioridade-na-nossa-gestao-diz-ze-essado\/#respond\"]}]},{\"@type\":\"WebPage\",\"@id\":\"https:\/\/jornalpontomais.com\/site\/2024\/08\/28\/educacao-sera-uma-prioridade-na-nossa-gestao-diz-ze-essado\/\",\"url\":\"https:\/\/jornalpontomais.com\/site\/2024\/08\/28\/educacao-sera-uma-prioridade-na-nossa-gestao-diz-ze-essado\/\",\"name\":\"\\\"Educa\u00e7\u00e3o ser\u00e1 uma prioridade na nossa gest\u00e3o\\\", diz Z\u00e9 Essado - Jornal Ponto Mais\",\"isPartOf\":{\"@id\":\"https:\/\/jornalpontomais.com\/site\/#website\"},\"primaryImageOfPage\":{\"@id\":\"https:\/\/jornalpontomais.com\/site\/2024\/08\/28\/educacao-sera-uma-prioridade-na-nossa-gestao-diz-ze-essado\/#primaryimage\"},\"image\":{\"@id\":\"https:\/\/jornalpontomais.com\/site\/2024\/08\/28\/educacao-sera-uma-prioridade-na-nossa-gestao-diz-ze-essado\/#primaryimage\"},\"thumbnailUrl\":\"https:\/\/jornalpontomais.com\/site\/wp-content\/uploads\/2024\/08\/fjojgogjogrj.jpg\",\"datePublished\":\"2024-08-28T18:32:07+00:00\",\"dateModified\":\"2024-09-05T14:12:22+00:00\",\"breadcrumb\":{\"@id\":\"https:\/\/jornalpontomais.com\/site\/2024\/08\/28\/educacao-sera-uma-prioridade-na-nossa-gestao-diz-ze-essado\/#breadcrumb\"},\"inLanguage\":\"pt-BR\",\"potentialAction\":[{\"@type\":\"ReadAction\",\"target\":[\"https:\/\/jornalpontomais.com\/site\/2024\/08\/28\/educacao-sera-uma-prioridade-na-nossa-gestao-diz-ze-essado\/\"]}]},{\"@type\":\"ImageObject\",\"inLanguage\":\"pt-BR\",\"@id\":\"https:\/\/jornalpontomais.com\/site\/2024\/08\/28\/educacao-sera-uma-prioridade-na-nossa-gestao-diz-ze-essado\/#primaryimage\",\"url\":\"https:\/\/jornalpontomais.com\/site\/wp-content\/uploads\/2024\/08\/fjojgogjogrj.jpg\",\"contentUrl\":\"https:\/\/jornalpontomais.com\/site\/wp-content\/uploads\/2024\/08\/fjojgogjogrj.jpg\",\"width\":1600,\"height\":1200},{\"@type\":\"BreadcrumbList\",\"@id\":\"https:\/\/jornalpontomais.com\/site\/2024\/08\/28\/educacao-sera-uma-prioridade-na-nossa-gestao-diz-ze-essado\/#breadcrumb\",\"itemListElement\":[{\"@type\":\"ListItem\",\"position\":1,\"name\":\"In\u00edcio\",\"item\":\"https:\/\/jornalpontomais.com\/site\/\"},{\"@type\":\"ListItem\",\"position\":2,\"name\":\"&#8220;Educa\u00e7\u00e3o ser\u00e1 uma prioridade na nossa gest\u00e3o&#8221;, diz Z\u00e9 Essado\"}]},{\"@type\":\"WebSite\",\"@id\":\"https:\/\/jornalpontomais.com\/site\/#website\",\"url\":\"https:\/\/jornalpontomais.com\/site\/\",\"name\":\"Jornal Ponto Mais\",\"description\":\"As principais not\u00edcias do Brasil e do mundo. Confira!\",\"publisher\":{\"@id\":\"https:\/\/jornalpontomais.com\/site\/#organization\"},\"potentialAction\":[{\"@type\":\"SearchAction\",\"target\":{\"@type\":\"EntryPoint\",\"urlTemplate\":\"https:\/\/jornalpontomais.com\/site\/?s={search_term_string}\"},\"query-input\":{\"@type\":\"PropertyValueSpecification\",\"valueRequired\":true,\"valueName\":\"search_term_string\"}}],\"inLanguage\":\"pt-BR\"},{\"@type\":\"Organization\",\"@id\":\"https:\/\/jornalpontomais.com\/site\/#organization\",\"name\":\"Jornal Ponto+\",\"url\":\"https:\/\/jornalpontomais.com\/site\/\",\"logo\":{\"@type\":\"ImageObject\",\"inLanguage\":\"pt-BR\",\"@id\":\"https:\/\/jornalpontomais.com\/site\/#\/schema\/logo\/image\/\",\"url\":\"https:\/\/jornalpontomais.com\/site\/wp-content\/uploads\/2022\/01\/marca.png\",\"contentUrl\":\"https:\/\/jornalpontomais.com\/site\/wp-content\/uploads\/2022\/01\/marca.png\",\"width\":582,\"height\":148,\"caption\":\"Jornal Ponto+\"},\"image\":{\"@id\":\"https:\/\/jornalpontomais.com\/site\/#\/schema\/logo\/image\/\"}},{\"@type\":\"Person\",\"@id\":\"https:\/\/jornalpontomais.com\/site\/#\/schema\/person\/18323f0b0f1355f2490721c48389fe9d\",\"name\":\"Jornal Ponto Mais\",\"image\":{\"@type\":\"ImageObject\",\"inLanguage\":\"pt-BR\",\"@id\":\"https:\/\/secure.gravatar.com\/avatar\/2ee0a9b7fe10fe32bdec8bc086e871e41eb5f4f6ecbcb7b4f2fe0d92d831405f?s=96&d=mm&r=g\",\"url\":\"https:\/\/secure.gravatar.com\/avatar\/2ee0a9b7fe10fe32bdec8bc086e871e41eb5f4f6ecbcb7b4f2fe0d92d831405f?s=96&d=mm&r=g\",\"contentUrl\":\"https:\/\/secure.gravatar.com\/avatar\/2ee0a9b7fe10fe32bdec8bc086e871e41eb5f4f6ecbcb7b4f2fe0d92d831405f?s=96&d=mm&r=g\",\"caption\":\"Jornal Ponto Mais\"},\"sameAs\":[\"https:\/\/jornalpontomais.com\/site\",\"jornalpontomais\"],\"url\":\"https:\/\/jornalpontomais.com\/site\/author\/jornalpontomais\/\"}]}<\/script>\n<!-- \/ Yoast SEO plugin. -->","yoast_head_json":{"title":"\"Educa\u00e7\u00e3o ser\u00e1 uma prioridade na nossa gest\u00e3o\", diz Z\u00e9 Essado - Jornal Ponto Mais","robots":{"index":"index","follow":"follow","max-snippet":"max-snippet:-1","max-image-preview":"max-image-preview:large","max-video-preview":"max-video-preview:-1"},"canonical":"https:\/\/jornalpontomais.com\/site\/2024\/08\/28\/educacao-sera-uma-prioridade-na-nossa-gestao-diz-ze-essado\/","og_locale":"pt_BR","og_type":"article","og_title":"\"Educa\u00e7\u00e3o ser\u00e1 uma prioridade na nossa gest\u00e3o\", diz Z\u00e9 Essado - Jornal Ponto Mais","og_description":"O candidato \u00e0 prefeitura de Inhumas, Z\u00e9 Essado (Uni\u00e3o Brasil), e o candidato a vice-prefeito na chapa, Eur\u00edpedes Barsanulfo (MDB), participaram de encontro com profissionais da educa\u00e7\u00e3o, que lotaram o Espa\u00e7o Jaca\u00fana na noite desta ter\u00e7a-feira, 27 de agosto. A reuni\u00e3o foi organizada pela coordenadora Regional de Educa\u00e7\u00e3o, Thays Monturil. A coordenadora Regional de Educa\u00e7\u00e3o [&hellip;]","og_url":"https:\/\/jornalpontomais.com\/site\/2024\/08\/28\/educacao-sera-uma-prioridade-na-nossa-gestao-diz-ze-essado\/","og_site_name":"Jornal Ponto Mais","article_published_time":"2024-08-28T18:32:07+00:00","article_modified_time":"2024-09-05T14:12:22+00:00","og_image":[{"width":1600,"height":1200,"url":"https:\/\/jornalpontomais.com\/site\/wp-content\/uploads\/2024\/08\/fjojgogjogrj.jpg","type":"image\/jpeg"}],"author":"Jornal Ponto Mais","twitter_card":"summary_large_image","twitter_misc":{"Escrito por":"Jornal Ponto Mais","Est. tempo de leitura":"1 minuto"},"schema":{"@context":"https:\/\/schema.org","@graph":[{"@type":"Article","@id":"https:\/\/jornalpontomais.com\/site\/2024\/08\/28\/educacao-sera-uma-prioridade-na-nossa-gestao-diz-ze-essado\/#article","isPartOf":{"@id":"https:\/\/jornalpontomais.com\/site\/2024\/08\/28\/educacao-sera-uma-prioridade-na-nossa-gestao-diz-ze-essado\/"},"author":{"name":"Jornal Ponto Mais","@id":"https:\/\/jornalpontomais.com\/site\/#\/schema\/person\/18323f0b0f1355f2490721c48389fe9d"},"headline":"&#8220;Educa\u00e7\u00e3o ser\u00e1 uma prioridade na nossa gest\u00e3o&#8221;, diz Z\u00e9 Essado","datePublished":"2024-08-28T18:32:07+00:00","dateModified":"2024-09-05T14:12:22+00:00","mainEntityOfPage":{"@id":"https:\/\/jornalpontomais.com\/site\/2024\/08\/28\/educacao-sera-uma-prioridade-na-nossa-gestao-diz-ze-essado\/"},"wordCount":287,"commentCount":0,"publisher":{"@id":"https:\/\/jornalpontomais.com\/site\/#organization"},"image":{"@id":"https:\/\/jornalpontomais.com\/site\/2024\/08\/28\/educacao-sera-uma-prioridade-na-nossa-gestao-diz-ze-essado\/#primaryimage"},"thumbnailUrl":"https:\/\/jornalpontomais.com\/site\/wp-content\/uploads\/2024\/08\/fjojgogjogrj.jpg","articleSection":["Pol\u00edtica"],"inLanguage":"pt-BR","potentialAction":[{"@type":"CommentAction","name":"Comment","target":["https:\/\/jornalpontomais.com\/site\/2024\/08\/28\/educacao-sera-uma-prioridade-na-nossa-gestao-diz-ze-essado\/#respond"]}]},{"@type":"WebPage","@id":"https:\/\/jornalpontomais.com\/site\/2024\/08\/28\/educacao-sera-uma-prioridade-na-nossa-gestao-diz-ze-essado\/","url":"https:\/\/jornalpontomais.com\/site\/2024\/08\/28\/educacao-sera-uma-prioridade-na-nossa-gestao-diz-ze-essado\/","name":"\"Educa\u00e7\u00e3o ser\u00e1 uma prioridade na nossa gest\u00e3o\", diz Z\u00e9 Essado - Jornal Ponto Mais","isPartOf":{"@id":"https:\/\/jornalpontomais.com\/site\/#website"},"primaryImageOfPage":{"@id":"https:\/\/jornalpontomais.com\/site\/2024\/08\/28\/educacao-sera-uma-prioridade-na-nossa-gestao-diz-ze-essado\/#primaryimage"},"image":{"@id":"https:\/\/jornalpontomais.com\/site\/2024\/08\/28\/educacao-sera-uma-prioridade-na-nossa-gestao-diz-ze-essado\/#primaryimage"},"thumbnailUrl":"https:\/\/jornalpontomais.com\/site\/wp-content\/uploads\/2024\/08\/fjojgogjogrj.jpg","datePublished":"2024-08-28T18:32:07+00:00","dateModified":"2024-09-05T14:12:22+00:00","breadcrumb":{"@id":"https:\/\/jornalpontomais.com\/site\/2024\/08\/28\/educacao-sera-uma-prioridade-na-nossa-gestao-diz-ze-essado\/#breadcrumb"},"inLanguage":"pt-BR","potentialAction":[{"@type":"ReadAction","target":["https:\/\/jornalpontomais.com\/site\/2024\/08\/28\/educacao-sera-uma-prioridade-na-nossa-gestao-diz-ze-essado\/"]}]},{"@type":"ImageObject","inLanguage":"pt-BR","@id":"https:\/\/jornalpontomais.com\/site\/2024\/08\/28\/educacao-sera-uma-prioridade-na-nossa-gestao-diz-ze-essado\/#primaryimage","url":"https:\/\/jornalpontomais.com\/site\/wp-content\/uploads\/2024\/08\/fjojgogjogrj.jpg","contentUrl":"https:\/\/jornalpontomais.com\/site\/wp-content\/uploads\/2024\/08\/fjojgogjogrj.jpg","width":1600,"height":1200},{"@type":"BreadcrumbList","@id":"https:\/\/jornalpontomais.com\/site\/2024\/08\/28\/educacao-sera-uma-prioridade-na-nossa-gestao-diz-ze-essado\/#breadcrumb","itemListElement":[{"@type":"ListItem","position":1,"name":"In\u00edcio","item":"https:\/\/jornalpontomais.com\/site\/"},{"@type":"ListItem","position":2,"name":"&#8220;Educa\u00e7\u00e3o ser\u00e1 uma prioridade na nossa gest\u00e3o&#8221;, diz Z\u00e9 Essado"}]},{"@type":"WebSite","@id":"https:\/\/jornalpontomais.com\/site\/#website","url":"https:\/\/jornalpontomais.com\/site\/","name":"Jornal Ponto Mais","description":"As principais not\u00edcias do Brasil e do mundo. Confira!","publisher":{"@id":"https:\/\/jornalpontomais.com\/site\/#organization"},"potentialAction":[{"@type":"SearchAction","target":{"@type":"EntryPoint","urlTemplate":"https:\/\/jornalpontomais.com\/site\/?s={search_term_string}"},"query-input":{"@type":"PropertyValueSpecification","valueRequired":true,"valueName":"search_term_string"}}],"inLanguage":"pt-BR"},{"@type":"Organization","@id":"https:\/\/jornalpontomais.com\/site\/#organization","name":"Jornal Ponto+","url":"https:\/\/jornalpontomais.com\/site\/","logo":{"@type":"ImageObject","inLanguage":"pt-BR","@id":"https:\/\/jornalpontomais.com\/site\/#\/schema\/logo\/image\/","url":"https:\/\/jornalpontomais.com\/site\/wp-content\/uploads\/2022\/01\/marca.png","contentUrl":"https:\/\/jornalpontomais.com\/site\/wp-content\/uploads\/2022\/01\/marca.png","width":582,"height":148,"caption":"Jornal Ponto+"},"image":{"@id":"https:\/\/jornalpontomais.com\/site\/#\/schema\/logo\/image\/"}},{"@type":"Person","@id":"https:\/\/jornalpontomais.com\/site\/#\/schema\/person\/18323f0b0f1355f2490721c48389fe9d","name":"Jornal Ponto Mais","image":{"@type":"ImageObject","inLanguage":"pt-BR","@id":"https:\/\/secure.gravatar.com\/avatar\/2ee0a9b7fe10fe32bdec8bc086e871e41eb5f4f6ecbcb7b4f2fe0d92d831405f?s=96&d=mm&r=g","url":"https:\/\/secure.gravatar.com\/avatar\/2ee0a9b7fe10fe32bdec8bc086e871e41eb5f4f6ecbcb7b4f2fe0d92d831405f?s=96&d=mm&r=g","contentUrl":"https:\/\/secure.gravatar.com\/avatar\/2ee0a9b7fe10fe32bdec8bc086e871e41eb5f4f6ecbcb7b4f2fe0d92d831405f?s=96&d=mm&r=g","caption":"Jornal Ponto Mais"},"sameAs":["https:\/\/jornalpontomais.com\/site","jornalpontomais"],"url":"https:\/\/jornalpontomais.com\/site\/author\/jornalpontomais\/"}]}},"_links":{"self":[{"href":"https:\/\/jornalpontomais.com\/site\/wp-json\/wp\/v2\/posts\/14854","targetHints":{"allow":["GET"]}}],"collection":[{"href":"https:\/\/jornalpontomais.com\/site\/wp-json\/wp\/v2\/posts"}],"about":[{"href":"https:\/\/jornalpontomais.com\/site\/wp-json\/wp\/v2\/types\/post"}],"author":[{"embeddable":true,"href":"https:\/\/jornalpontomais.com\/site\/wp-json\/wp\/v2\/users\/2"}],"replies":[{"embeddable":true,"href":"https:\/\/jornalpontomais.com\/site\/wp-json\/wp\/v2\/comments?post=14854"}],"version-history":[{"count":1,"href":"https:\/\/jornalpontomais.com\/site\/wp-json\/wp\/v2\/posts\/14854\/revisions"}],"predecessor-version":[{"id":14856,"href":"https:\/\/jornalpontomais.com\/site\/wp-json\/wp\/v2\/posts\/14854\/revisions\/14856"}],"wp:featuredmedia":[{"embeddable":true,"href":"https:\/\/jornalpontomais.com\/site\/wp-json\/wp\/v2\/media\/14855"}],"wp:attachment":[{"href":"https:\/\/jornalpontomais.com\/site\/wp-json\/wp\/v2\/media?parent=14854"}],"wp:term":[{"taxonomy":"category","embeddable":true,"href":"https:\/\/jornalpontomais.com\/site\/wp-json\/wp\/v2\/categories?post=14854"},{"taxonomy":"post_tag","embeddable":true,"href":"https:\/\/jornalpontomais.com\/site\/wp-json\/wp\/v2\/tags?post=14854"}],"curies":[{"name":"wp","href":"https:\/\/api.w.org\/{rel}","templated":true}]}}