{"id":14837,"date":"2024-08-28T11:18:02","date_gmt":"2024-08-28T14:18:02","guid":{"rendered":"https:\/\/jornalpontomais.com\/site\/?p=14837"},"modified":"2024-08-30T10:49:48","modified_gmt":"2024-08-30T13:49:48","slug":"caiado-determina-rigor-no-combate-a-incendios-em-goias","status":"publish","type":"post","link":"https:\/\/jornalpontomais.com\/site\/2024\/08\/28\/caiado-determina-rigor-no-combate-a-incendios-em-goias\/","title":{"rendered":"Caiado determina rigor no combate a inc\u00eandios em Goi\u00e1s"},"content":{"rendered":"\n<p>O governador Ronaldo Caiado realizou, nesta ter\u00e7a-feira (27\/08), uma reuni\u00e3o estrat\u00e9gica para apresentar as a\u00e7\u00f5es de planejamento do governo estadual no combate a inc\u00eandios em Goi\u00e1s.<br><br><\/p>\n\n\n\n<p>Entre as medidas, o governador determinou \u00e0 Casa Civil a cria\u00e7\u00e3o de um projeto de lei prevendo puni\u00e7\u00f5es severas para inc\u00eandios criminosos e de uma comiss\u00e3o para continuar atuando em conjunto com entidades, compartilhando informa\u00e7\u00f5es para intensificar o monitoramento e a fiscaliza\u00e7\u00e3o dos focos de inc\u00eandio.<br><br><\/p>\n\n\n\n<p>\u201cN\u00f3s seremos muito mais duros em rela\u00e7\u00e3o a este assunto. Trata-se de um caso de urg\u00eancia, e temos que ter medidas mais austeras para n\u00e3o deixar com que as pessoas estimulem a pr\u00e1tica deste crime em Goi\u00e1s\u201d, disse Caiado, acompanhado da coordenadora do Goi\u00e1s Social, primeira-dama Gracinha Caiado.<br><br><\/p>\n\n\n\n<p>O governador destacou ainda os avan\u00e7os em tecnologia e na estrutura do Corpo de Bombeiros.<br><br><\/p>\n\n\n\n<p>\u201cGoi\u00e1s hoje tem o menor percentual de queimadas no Brasil: 2% do territ\u00f3rio. Mas o mais importante \u00e9 que todas as nossas a\u00e7\u00f5es est\u00e3o sendo desenvolvidas com tudo aquilo que avan\u00e7amos em termos de tecnologia e aparato de organiza\u00e7\u00e3o das nossas estruturas. Ent\u00e3o, a efici\u00eancia tem sido demonstrada em todo o momento\u201d.<br><br><\/p>\n\n\n\n<p>\u201cS\u00e3o quatro meses e meio sem uma gota d\u2019\u00e1gua, sem umidade alguma, ent\u00e3o a capacidade de um inc\u00eandio progredir \u00e9 alt\u00edssima. Estamos vendo isso acarretar preju\u00edzos significativos ao meio ambiente, ind\u00fastrias, produtores, enfim, a todos os segmentos\u201d, pontuou Caiado ao refor\u00e7ar a import\u00e2ncia das medidas preventivas.<\/p>\n\n\n\n<p><strong>Monitoramento por sat\u00e9lites<\/strong><\/p>\n\n\n\n<p>A tecnologia tem sido grande aliada da Secretaria do Meio Ambiente e Desenvolvimento Sustent\u00e1vel (Semad) nesta luta. De acordo com a titular da pasta, Andr\u00e9a Vulcanis, gra\u00e7as a um sistema de monitoramento com dados de 15 sat\u00e9lites, \u00e9 poss\u00edvel acompanhar o surgimento de novos focos praticamente em tempo real.<br><br><\/p>\n\n\n\n<p>\u201cSat\u00e9lite passou, detectou fuma\u00e7a, inc\u00eandio, imediatamente toca no celular, por WhatsApp, de todos os brigadistas respons\u00e1veis para fazer uma atua\u00e7\u00e3o. Dentro das unidades de conserva\u00e7\u00e3o, hoje temos uma resposta de emerg\u00eancia de, no m\u00e1ximo, dez minutos, o que reduziu os inc\u00eandios em 80%\u201d, explicou Vulcanis.<br><br><\/p>\n\n\n\n<p>O subcomandante-geral do Corpo de Bombeiros Militar do Estado de Goi\u00e1s (CBMGO), coronel Pablo Lamaro Fraz\u00e3o, tamb\u00e9m detalhou as estrat\u00e9gias de trabalho.<br><br><\/p>\n\n\n\n<p>\u201cN\u00f3s temos uma sala que fica na nossa Defesa Civil que vai monitorando toda a situa\u00e7\u00e3o, pegando os relat\u00f3rios da Secretaria do Meio Ambiente, os focos de calor atrav\u00e9s dos sistemas e estamos \u00e0 disposi\u00e7\u00e3o 24 horas por dia para qualquer inc\u00eandio que seja detectado\u201d, afirmou<br><br><\/p>\n\n\n\n<p>A reuni\u00e3o contou com a presen\u00e7a de secret\u00e1rios de Estado, al\u00e9m de representantes de importantes entidades do setor agropecu\u00e1rio e industrial, como a Sociedade Goiana de Pecu\u00e1ria e Agricultura (SGPA), a Organiza\u00e7\u00e3o das Cooperativas Brasileiras no Estado de Goi\u00e1s (OCB\/GO), a Federa\u00e7\u00e3o da Agricultura e Pecu\u00e1ria de Goi\u00e1s (Faeg), o Servi\u00e7o Nacional de Aprendizagem Rural em Goi\u00e1s (Senar\/GO) e o Sindicato da Ind\u00fastria de Fabrica\u00e7\u00e3o de Etanol do Estado de Goi\u00e1s (Sifaeg).<\/p>\n","protected":false},"excerpt":{"rendered":"<p>O governador Ronaldo Caiado realizou, nesta ter\u00e7a-feira (27\/08), uma reuni\u00e3o estrat\u00e9gica para apresentar as a\u00e7\u00f5es de planejamento do governo estadual no combate a inc\u00eandios em Goi\u00e1s. Entre as medidas, o governador determinou \u00e0 Casa Civil a cria\u00e7\u00e3o de um projeto de lei prevendo puni\u00e7\u00f5es severas para inc\u00eandios criminosos e de uma comiss\u00e3o para continuar atuando [&hellip;]<\/p>\n","protected":false},"author":2,"featured_media":14838,"comment_status":"open","ping_status":"open","sticky":true,"template":"","format":"standard","meta":{"om_disable_all_campaigns":false,"_monsterinsights_skip_tracking":false,"_monsterinsights_sitenote_active":false,"_monsterinsights_sitenote_note":"","_monsterinsights_sitenote_category":0,"footnotes":""},"categories":[1],"tags":[],"class_list":["post-14837","post","type-post","status-publish","format-standard","has-post-thumbnail","hentry","category-politica"],"yoast_head":"<!-- This site is optimized with the Yoast SEO plugin v27.2 - https:\/\/yoast.com\/product\/yoast-seo-wordpress\/ -->\n<title>Caiado determina rigor no combate a inc\u00eandios em Goi\u00e1s - Jornal Ponto Mais<\/title>\n<meta name=\"robots\" content=\"index, follow, max-snippet:-1, max-image-preview:large, max-video-preview:-1\" \/>\n<link rel=\"canonical\" href=\"https:\/\/jornalpontomais.com\/site\/2024\/08\/28\/caiado-determina-rigor-no-combate-a-incendios-em-goias\/\" \/>\n<meta property=\"og:locale\" content=\"pt_BR\" \/>\n<meta property=\"og:type\" content=\"article\" \/>\n<meta property=\"og:title\" content=\"Caiado determina rigor no combate a inc\u00eandios em Goi\u00e1s - Jornal Ponto Mais\" \/>\n<meta property=\"og:description\" content=\"O governador Ronaldo Caiado realizou, nesta ter\u00e7a-feira (27\/08), uma reuni\u00e3o estrat\u00e9gica para apresentar as a\u00e7\u00f5es de planejamento do governo estadual no combate a inc\u00eandios em Goi\u00e1s. Entre as medidas, o governador determinou \u00e0 Casa Civil a cria\u00e7\u00e3o de um projeto de lei prevendo puni\u00e7\u00f5es severas para inc\u00eandios criminosos e de uma comiss\u00e3o para continuar atuando [&hellip;]\" \/>\n<meta property=\"og:url\" content=\"https:\/\/jornalpontomais.com\/site\/2024\/08\/28\/caiado-determina-rigor-no-combate-a-incendios-em-goias\/\" \/>\n<meta property=\"og:site_name\" content=\"Jornal Ponto Mais\" \/>\n<meta property=\"article:published_time\" content=\"2024-08-28T14:18:02+00:00\" \/>\n<meta property=\"article:modified_time\" content=\"2024-08-30T13:49:48+00:00\" \/>\n<meta property=\"og:image\" content=\"https:\/\/jornalpontomais.com\/site\/wp-content\/uploads\/2024\/08\/Caiado_Secom_Wesley-Costa-1215x738.jpeg.webp\" \/>\n\t<meta property=\"og:image:width\" content=\"1215\" \/>\n\t<meta property=\"og:image:height\" content=\"738\" \/>\n\t<meta property=\"og:image:type\" content=\"image\/webp\" \/>\n<meta name=\"author\" content=\"Jornal Ponto Mais\" \/>\n<meta name=\"twitter:card\" content=\"summary_large_image\" \/>\n<meta name=\"twitter:label1\" content=\"Escrito por\" \/>\n\t<meta name=\"twitter:data1\" content=\"Jornal Ponto Mais\" \/>\n\t<meta name=\"twitter:label2\" content=\"Est. tempo de leitura\" \/>\n\t<meta name=\"twitter:data2\" content=\"3 minutos\" \/>\n<script type=\"application\/ld+json\" class=\"yoast-schema-graph\">{\"@context\":\"https:\/\/schema.org\",\"@graph\":[{\"@type\":\"Article\",\"@id\":\"https:\/\/jornalpontomais.com\/site\/2024\/08\/28\/caiado-determina-rigor-no-combate-a-incendios-em-goias\/#article\",\"isPartOf\":{\"@id\":\"https:\/\/jornalpontomais.com\/site\/2024\/08\/28\/caiado-determina-rigor-no-combate-a-incendios-em-goias\/\"},\"author\":{\"name\":\"Jornal Ponto Mais\",\"@id\":\"https:\/\/jornalpontomais.com\/site\/#\/schema\/person\/18323f0b0f1355f2490721c48389fe9d\"},\"headline\":\"Caiado determina rigor no combate a inc\u00eandios em Goi\u00e1s\",\"datePublished\":\"2024-08-28T14:18:02+00:00\",\"dateModified\":\"2024-08-30T13:49:48+00:00\",\"mainEntityOfPage\":{\"@id\":\"https:\/\/jornalpontomais.com\/site\/2024\/08\/28\/caiado-determina-rigor-no-combate-a-incendios-em-goias\/\"},\"wordCount\":552,\"commentCount\":0,\"publisher\":{\"@id\":\"https:\/\/jornalpontomais.com\/site\/#organization\"},\"image\":{\"@id\":\"https:\/\/jornalpontomais.com\/site\/2024\/08\/28\/caiado-determina-rigor-no-combate-a-incendios-em-goias\/#primaryimage\"},\"thumbnailUrl\":\"https:\/\/jornalpontomais.com\/site\/wp-content\/uploads\/2024\/08\/Caiado_Secom_Wesley-Costa-1215x738.jpeg.webp\",\"articleSection\":[\"Pol\u00edtica\"],\"inLanguage\":\"pt-BR\",\"potentialAction\":[{\"@type\":\"CommentAction\",\"name\":\"Comment\",\"target\":[\"https:\/\/jornalpontomais.com\/site\/2024\/08\/28\/caiado-determina-rigor-no-combate-a-incendios-em-goias\/#respond\"]}]},{\"@type\":\"WebPage\",\"@id\":\"https:\/\/jornalpontomais.com\/site\/2024\/08\/28\/caiado-determina-rigor-no-combate-a-incendios-em-goias\/\",\"url\":\"https:\/\/jornalpontomais.com\/site\/2024\/08\/28\/caiado-determina-rigor-no-combate-a-incendios-em-goias\/\",\"name\":\"Caiado determina rigor no combate a inc\u00eandios em Goi\u00e1s - Jornal Ponto Mais\",\"isPartOf\":{\"@id\":\"https:\/\/jornalpontomais.com\/site\/#website\"},\"primaryImageOfPage\":{\"@id\":\"https:\/\/jornalpontomais.com\/site\/2024\/08\/28\/caiado-determina-rigor-no-combate-a-incendios-em-goias\/#primaryimage\"},\"image\":{\"@id\":\"https:\/\/jornalpontomais.com\/site\/2024\/08\/28\/caiado-determina-rigor-no-combate-a-incendios-em-goias\/#primaryimage\"},\"thumbnailUrl\":\"https:\/\/jornalpontomais.com\/site\/wp-content\/uploads\/2024\/08\/Caiado_Secom_Wesley-Costa-1215x738.jpeg.webp\",\"datePublished\":\"2024-08-28T14:18:02+00:00\",\"dateModified\":\"2024-08-30T13:49:48+00:00\",\"breadcrumb\":{\"@id\":\"https:\/\/jornalpontomais.com\/site\/2024\/08\/28\/caiado-determina-rigor-no-combate-a-incendios-em-goias\/#breadcrumb\"},\"inLanguage\":\"pt-BR\",\"potentialAction\":[{\"@type\":\"ReadAction\",\"target\":[\"https:\/\/jornalpontomais.com\/site\/2024\/08\/28\/caiado-determina-rigor-no-combate-a-incendios-em-goias\/\"]}]},{\"@type\":\"ImageObject\",\"inLanguage\":\"pt-BR\",\"@id\":\"https:\/\/jornalpontomais.com\/site\/2024\/08\/28\/caiado-determina-rigor-no-combate-a-incendios-em-goias\/#primaryimage\",\"url\":\"https:\/\/jornalpontomais.com\/site\/wp-content\/uploads\/2024\/08\/Caiado_Secom_Wesley-Costa-1215x738.jpeg.webp\",\"contentUrl\":\"https:\/\/jornalpontomais.com\/site\/wp-content\/uploads\/2024\/08\/Caiado_Secom_Wesley-Costa-1215x738.jpeg.webp\",\"width\":1215,\"height\":738},{\"@type\":\"BreadcrumbList\",\"@id\":\"https:\/\/jornalpontomais.com\/site\/2024\/08\/28\/caiado-determina-rigor-no-combate-a-incendios-em-goias\/#breadcrumb\",\"itemListElement\":[{\"@type\":\"ListItem\",\"position\":1,\"name\":\"In\u00edcio\",\"item\":\"https:\/\/jornalpontomais.com\/site\/\"},{\"@type\":\"ListItem\",\"position\":2,\"name\":\"Caiado determina rigor no combate a inc\u00eandios em Goi\u00e1s\"}]},{\"@type\":\"WebSite\",\"@id\":\"https:\/\/jornalpontomais.com\/site\/#website\",\"url\":\"https:\/\/jornalpontomais.com\/site\/\",\"name\":\"Jornal Ponto Mais\",\"description\":\"As principais not\u00edcias do Brasil e do mundo. Confira!\",\"publisher\":{\"@id\":\"https:\/\/jornalpontomais.com\/site\/#organization\"},\"potentialAction\":[{\"@type\":\"SearchAction\",\"target\":{\"@type\":\"EntryPoint\",\"urlTemplate\":\"https:\/\/jornalpontomais.com\/site\/?s={search_term_string}\"},\"query-input\":{\"@type\":\"PropertyValueSpecification\",\"valueRequired\":true,\"valueName\":\"search_term_string\"}}],\"inLanguage\":\"pt-BR\"},{\"@type\":\"Organization\",\"@id\":\"https:\/\/jornalpontomais.com\/site\/#organization\",\"name\":\"Jornal Ponto+\",\"url\":\"https:\/\/jornalpontomais.com\/site\/\",\"logo\":{\"@type\":\"ImageObject\",\"inLanguage\":\"pt-BR\",\"@id\":\"https:\/\/jornalpontomais.com\/site\/#\/schema\/logo\/image\/\",\"url\":\"https:\/\/jornalpontomais.com\/site\/wp-content\/uploads\/2022\/01\/marca.png\",\"contentUrl\":\"https:\/\/jornalpontomais.com\/site\/wp-content\/uploads\/2022\/01\/marca.png\",\"width\":582,\"height\":148,\"caption\":\"Jornal Ponto+\"},\"image\":{\"@id\":\"https:\/\/jornalpontomais.com\/site\/#\/schema\/logo\/image\/\"}},{\"@type\":\"Person\",\"@id\":\"https:\/\/jornalpontomais.com\/site\/#\/schema\/person\/18323f0b0f1355f2490721c48389fe9d\",\"name\":\"Jornal Ponto Mais\",\"image\":{\"@type\":\"ImageObject\",\"inLanguage\":\"pt-BR\",\"@id\":\"https:\/\/secure.gravatar.com\/avatar\/2ee0a9b7fe10fe32bdec8bc086e871e41eb5f4f6ecbcb7b4f2fe0d92d831405f?s=96&d=mm&r=g\",\"url\":\"https:\/\/secure.gravatar.com\/avatar\/2ee0a9b7fe10fe32bdec8bc086e871e41eb5f4f6ecbcb7b4f2fe0d92d831405f?s=96&d=mm&r=g\",\"contentUrl\":\"https:\/\/secure.gravatar.com\/avatar\/2ee0a9b7fe10fe32bdec8bc086e871e41eb5f4f6ecbcb7b4f2fe0d92d831405f?s=96&d=mm&r=g\",\"caption\":\"Jornal Ponto Mais\"},\"sameAs\":[\"https:\/\/jornalpontomais.com\/site\",\"jornalpontomais\"],\"url\":\"https:\/\/jornalpontomais.com\/site\/author\/jornalpontomais\/\"}]}<\/script>\n<!-- \/ Yoast SEO plugin. -->","yoast_head_json":{"title":"Caiado determina rigor no combate a inc\u00eandios em Goi\u00e1s - Jornal Ponto Mais","robots":{"index":"index","follow":"follow","max-snippet":"max-snippet:-1","max-image-preview":"max-image-preview:large","max-video-preview":"max-video-preview:-1"},"canonical":"https:\/\/jornalpontomais.com\/site\/2024\/08\/28\/caiado-determina-rigor-no-combate-a-incendios-em-goias\/","og_locale":"pt_BR","og_type":"article","og_title":"Caiado determina rigor no combate a inc\u00eandios em Goi\u00e1s - Jornal Ponto Mais","og_description":"O governador Ronaldo Caiado realizou, nesta ter\u00e7a-feira (27\/08), uma reuni\u00e3o estrat\u00e9gica para apresentar as a\u00e7\u00f5es de planejamento do governo estadual no combate a inc\u00eandios em Goi\u00e1s. Entre as medidas, o governador determinou \u00e0 Casa Civil a cria\u00e7\u00e3o de um projeto de lei prevendo puni\u00e7\u00f5es severas para inc\u00eandios criminosos e de uma comiss\u00e3o para continuar atuando [&hellip;]","og_url":"https:\/\/jornalpontomais.com\/site\/2024\/08\/28\/caiado-determina-rigor-no-combate-a-incendios-em-goias\/","og_site_name":"Jornal Ponto Mais","article_published_time":"2024-08-28T14:18:02+00:00","article_modified_time":"2024-08-30T13:49:48+00:00","og_image":[{"width":1215,"height":738,"url":"https:\/\/jornalpontomais.com\/site\/wp-content\/uploads\/2024\/08\/Caiado_Secom_Wesley-Costa-1215x738.jpeg.webp","type":"image\/webp"}],"author":"Jornal Ponto Mais","twitter_card":"summary_large_image","twitter_misc":{"Escrito por":"Jornal Ponto Mais","Est. tempo de leitura":"3 minutos"},"schema":{"@context":"https:\/\/schema.org","@graph":[{"@type":"Article","@id":"https:\/\/jornalpontomais.com\/site\/2024\/08\/28\/caiado-determina-rigor-no-combate-a-incendios-em-goias\/#article","isPartOf":{"@id":"https:\/\/jornalpontomais.com\/site\/2024\/08\/28\/caiado-determina-rigor-no-combate-a-incendios-em-goias\/"},"author":{"name":"Jornal Ponto Mais","@id":"https:\/\/jornalpontomais.com\/site\/#\/schema\/person\/18323f0b0f1355f2490721c48389fe9d"},"headline":"Caiado determina rigor no combate a inc\u00eandios em Goi\u00e1s","datePublished":"2024-08-28T14:18:02+00:00","dateModified":"2024-08-30T13:49:48+00:00","mainEntityOfPage":{"@id":"https:\/\/jornalpontomais.com\/site\/2024\/08\/28\/caiado-determina-rigor-no-combate-a-incendios-em-goias\/"},"wordCount":552,"commentCount":0,"publisher":{"@id":"https:\/\/jornalpontomais.com\/site\/#organization"},"image":{"@id":"https:\/\/jornalpontomais.com\/site\/2024\/08\/28\/caiado-determina-rigor-no-combate-a-incendios-em-goias\/#primaryimage"},"thumbnailUrl":"https:\/\/jornalpontomais.com\/site\/wp-content\/uploads\/2024\/08\/Caiado_Secom_Wesley-Costa-1215x738.jpeg.webp","articleSection":["Pol\u00edtica"],"inLanguage":"pt-BR","potentialAction":[{"@type":"CommentAction","name":"Comment","target":["https:\/\/jornalpontomais.com\/site\/2024\/08\/28\/caiado-determina-rigor-no-combate-a-incendios-em-goias\/#respond"]}]},{"@type":"WebPage","@id":"https:\/\/jornalpontomais.com\/site\/2024\/08\/28\/caiado-determina-rigor-no-combate-a-incendios-em-goias\/","url":"https:\/\/jornalpontomais.com\/site\/2024\/08\/28\/caiado-determina-rigor-no-combate-a-incendios-em-goias\/","name":"Caiado determina rigor no combate a inc\u00eandios em Goi\u00e1s - Jornal Ponto Mais","isPartOf":{"@id":"https:\/\/jornalpontomais.com\/site\/#website"},"primaryImageOfPage":{"@id":"https:\/\/jornalpontomais.com\/site\/2024\/08\/28\/caiado-determina-rigor-no-combate-a-incendios-em-goias\/#primaryimage"},"image":{"@id":"https:\/\/jornalpontomais.com\/site\/2024\/08\/28\/caiado-determina-rigor-no-combate-a-incendios-em-goias\/#primaryimage"},"thumbnailUrl":"https:\/\/jornalpontomais.com\/site\/wp-content\/uploads\/2024\/08\/Caiado_Secom_Wesley-Costa-1215x738.jpeg.webp","datePublished":"2024-08-28T14:18:02+00:00","dateModified":"2024-08-30T13:49:48+00:00","breadcrumb":{"@id":"https:\/\/jornalpontomais.com\/site\/2024\/08\/28\/caiado-determina-rigor-no-combate-a-incendios-em-goias\/#breadcrumb"},"inLanguage":"pt-BR","potentialAction":[{"@type":"ReadAction","target":["https:\/\/jornalpontomais.com\/site\/2024\/08\/28\/caiado-determina-rigor-no-combate-a-incendios-em-goias\/"]}]},{"@type":"ImageObject","inLanguage":"pt-BR","@id":"https:\/\/jornalpontomais.com\/site\/2024\/08\/28\/caiado-determina-rigor-no-combate-a-incendios-em-goias\/#primaryimage","url":"https:\/\/jornalpontomais.com\/site\/wp-content\/uploads\/2024\/08\/Caiado_Secom_Wesley-Costa-1215x738.jpeg.webp","contentUrl":"https:\/\/jornalpontomais.com\/site\/wp-content\/uploads\/2024\/08\/Caiado_Secom_Wesley-Costa-1215x738.jpeg.webp","width":1215,"height":738},{"@type":"BreadcrumbList","@id":"https:\/\/jornalpontomais.com\/site\/2024\/08\/28\/caiado-determina-rigor-no-combate-a-incendios-em-goias\/#breadcrumb","itemListElement":[{"@type":"ListItem","position":1,"name":"In\u00edcio","item":"https:\/\/jornalpontomais.com\/site\/"},{"@type":"ListItem","position":2,"name":"Caiado determina rigor no combate a inc\u00eandios em Goi\u00e1s"}]},{"@type":"WebSite","@id":"https:\/\/jornalpontomais.com\/site\/#website","url":"https:\/\/jornalpontomais.com\/site\/","name":"Jornal Ponto Mais","description":"As principais not\u00edcias do Brasil e do mundo. Confira!","publisher":{"@id":"https:\/\/jornalpontomais.com\/site\/#organization"},"potentialAction":[{"@type":"SearchAction","target":{"@type":"EntryPoint","urlTemplate":"https:\/\/jornalpontomais.com\/site\/?s={search_term_string}"},"query-input":{"@type":"PropertyValueSpecification","valueRequired":true,"valueName":"search_term_string"}}],"inLanguage":"pt-BR"},{"@type":"Organization","@id":"https:\/\/jornalpontomais.com\/site\/#organization","name":"Jornal Ponto+","url":"https:\/\/jornalpontomais.com\/site\/","logo":{"@type":"ImageObject","inLanguage":"pt-BR","@id":"https:\/\/jornalpontomais.com\/site\/#\/schema\/logo\/image\/","url":"https:\/\/jornalpontomais.com\/site\/wp-content\/uploads\/2022\/01\/marca.png","contentUrl":"https:\/\/jornalpontomais.com\/site\/wp-content\/uploads\/2022\/01\/marca.png","width":582,"height":148,"caption":"Jornal Ponto+"},"image":{"@id":"https:\/\/jornalpontomais.com\/site\/#\/schema\/logo\/image\/"}},{"@type":"Person","@id":"https:\/\/jornalpontomais.com\/site\/#\/schema\/person\/18323f0b0f1355f2490721c48389fe9d","name":"Jornal Ponto Mais","image":{"@type":"ImageObject","inLanguage":"pt-BR","@id":"https:\/\/secure.gravatar.com\/avatar\/2ee0a9b7fe10fe32bdec8bc086e871e41eb5f4f6ecbcb7b4f2fe0d92d831405f?s=96&d=mm&r=g","url":"https:\/\/secure.gravatar.com\/avatar\/2ee0a9b7fe10fe32bdec8bc086e871e41eb5f4f6ecbcb7b4f2fe0d92d831405f?s=96&d=mm&r=g","contentUrl":"https:\/\/secure.gravatar.com\/avatar\/2ee0a9b7fe10fe32bdec8bc086e871e41eb5f4f6ecbcb7b4f2fe0d92d831405f?s=96&d=mm&r=g","caption":"Jornal Ponto Mais"},"sameAs":["https:\/\/jornalpontomais.com\/site","jornalpontomais"],"url":"https:\/\/jornalpontomais.com\/site\/author\/jornalpontomais\/"}]}},"_links":{"self":[{"href":"https:\/\/jornalpontomais.com\/site\/wp-json\/wp\/v2\/posts\/14837","targetHints":{"allow":["GET"]}}],"collection":[{"href":"https:\/\/jornalpontomais.com\/site\/wp-json\/wp\/v2\/posts"}],"about":[{"href":"https:\/\/jornalpontomais.com\/site\/wp-json\/wp\/v2\/types\/post"}],"author":[{"embeddable":true,"href":"https:\/\/jornalpontomais.com\/site\/wp-json\/wp\/v2\/users\/2"}],"replies":[{"embeddable":true,"href":"https:\/\/jornalpontomais.com\/site\/wp-json\/wp\/v2\/comments?post=14837"}],"version-history":[{"count":1,"href":"https:\/\/jornalpontomais.com\/site\/wp-json\/wp\/v2\/posts\/14837\/revisions"}],"predecessor-version":[{"id":14839,"href":"https:\/\/jornalpontomais.com\/site\/wp-json\/wp\/v2\/posts\/14837\/revisions\/14839"}],"wp:featuredmedia":[{"embeddable":true,"href":"https:\/\/jornalpontomais.com\/site\/wp-json\/wp\/v2\/media\/14838"}],"wp:attachment":[{"href":"https:\/\/jornalpontomais.com\/site\/wp-json\/wp\/v2\/media?parent=14837"}],"wp:term":[{"taxonomy":"category","embeddable":true,"href":"https:\/\/jornalpontomais.com\/site\/wp-json\/wp\/v2\/categories?post=14837"},{"taxonomy":"post_tag","embeddable":true,"href":"https:\/\/jornalpontomais.com\/site\/wp-json\/wp\/v2\/tags?post=14837"}],"curies":[{"name":"wp","href":"https:\/\/api.w.org\/{rel}","templated":true}]}}