{"id":14786,"date":"2024-08-24T11:05:16","date_gmt":"2024-08-24T14:05:16","guid":{"rendered":"https:\/\/jornalpontomais.com\/site\/?p=14786"},"modified":"2024-08-24T11:05:17","modified_gmt":"2024-08-24T14:05:17","slug":"aleomar-chega-a-846-das-intencoes-de-voto-em-mineiros","status":"publish","type":"post","link":"https:\/\/jornalpontomais.com\/site\/2024\/08\/24\/aleomar-chega-a-846-das-intencoes-de-voto-em-mineiros\/","title":{"rendered":"Aleomar chega a 84,6% das\u00a0inten\u00e7\u00f5es\u00a0de voto em Mineiros"},"content":{"rendered":"\n<p><em>Segundo colocado tem apenas 4,5%, diz pesquisa\u00a0do Instituto\u00a0Constar<\/em><br><br><\/p>\n\n\n\n<p>O prefeito de Mineiros, Aleomar Rezende\u00a0(MDB), lidera\u00a0a corrida eleitoral em sua cidade com\u00a0impressionantes 84,6% de inten\u00e7\u00f5es de voto e uma vantagem de 78 pontos percentuais sobre o segundo colocado, o candidato Dr. Lourival\u00a0Assis (PL), que aprece com apenas 4,5%. Em terceiro lugar\u00a0aparece Juliana Barcelos (PRD), com 3,6% e em quarto Roberto Alonso (PT), com 0,3%. Os indecisos somam 5,4% e 1,5% afirmam que v\u00e3o votar branco ou nulo.<br><br><\/p>\n\n\n\n<p>Os dados s\u00e3o da pesquisa do Instituto Constar, realizada entre os dias 14 e 20 de agosto e ouviu 500 eleitores no munic\u00edpio. A margem de erro \u00e9 de 4,38%.<br><br><\/p>\n\n\n\n<p>Aleomar lidera com folga tamb\u00e9m na vari\u00e1vel espont\u00e2nea, quando os nomes dos candidatos n\u00e3o s\u00e3o apresentados ao entrevistado. Nesse\u00a0cen\u00e1rio, Aleomar alcan\u00e7a 80,7%, Dr. Lourival\u00a02,%, Juliana 2,1% e Roberto n\u00e3o pontua. O cen\u00e1rio espont\u00e2neo \u00e9 o mostra o n\u00edvel de consolida\u00e7\u00e3o de voto e indica uma vit\u00f3ria expressiva de Aleomar em outubro.\u00a0<br><br><\/p>\n\n\n\n<p>A rejei\u00e7\u00e3o de Aleomar \u00e9 a menor de todas. Apenas 4,8% dos eleitores de Mineiros dizem n\u00e3o votar nele de jeito nenhum. O\u00a0nome mais rejeitado \u00e9 de Juliana Barcelos, com 24,7% de rejei\u00e7\u00e3o. Roberto Alonso tem 21,9% de rejei\u00e7\u00e3o e Dr. Lourival tem 10,5% de rejei\u00e7\u00e3o.\u00a0<\/p>\n\n\n\n<p><br><\/p>\n\n\n\n<p>Aleomar \u00e9 um dos prefeitos mais bem avaliados do estado, com aprova\u00e7\u00e3o acima de 90%. Ele tamb\u00e9m re\u00fane a maior alian\u00e7a em Mineiros e conta com o apoio do governador Ronaldo Caiado e do vice-governador Daniel Vilela.<br><br><\/p>\n\n\n\n<p>A&nbsp;pesquisa Constar&nbsp;foi&nbsp;registrada no TRE-GO sob o n\u00famero GO-05217\/2024.<\/p>\n","protected":false},"excerpt":{"rendered":"<p>Segundo colocado tem apenas 4,5%, diz pesquisa\u00a0do Instituto\u00a0Constar O prefeito de Mineiros, Aleomar Rezende\u00a0(MDB), lidera\u00a0a corrida eleitoral em sua cidade com\u00a0impressionantes 84,6% de inten\u00e7\u00f5es de voto e uma vantagem de 78 pontos percentuais sobre o segundo colocado, o candidato Dr. Lourival\u00a0Assis (PL), que aprece com apenas 4,5%. Em terceiro lugar\u00a0aparece Juliana Barcelos (PRD), com 3,6% [&hellip;]<\/p>\n","protected":false},"author":2,"featured_media":14787,"comment_status":"open","ping_status":"open","sticky":true,"template":"","format":"standard","meta":{"om_disable_all_campaigns":false,"_monsterinsights_skip_tracking":false,"_monsterinsights_sitenote_active":false,"_monsterinsights_sitenote_note":"","_monsterinsights_sitenote_category":0,"footnotes":""},"categories":[1],"tags":[],"class_list":["post-14786","post","type-post","status-publish","format-standard","has-post-thumbnail","hentry","category-politica"],"yoast_head":"<!-- This site is optimized with the Yoast SEO plugin v27.2 - https:\/\/yoast.com\/product\/yoast-seo-wordpress\/ -->\n<title>Aleomar chega a 84,6% das\u00a0inten\u00e7\u00f5es\u00a0de voto em Mineiros - Jornal Ponto Mais<\/title>\n<meta name=\"robots\" content=\"index, follow, max-snippet:-1, max-image-preview:large, max-video-preview:-1\" \/>\n<link rel=\"canonical\" href=\"https:\/\/jornalpontomais.com\/site\/2024\/08\/24\/aleomar-chega-a-846-das-intencoes-de-voto-em-mineiros\/\" \/>\n<meta property=\"og:locale\" content=\"pt_BR\" \/>\n<meta property=\"og:type\" content=\"article\" \/>\n<meta property=\"og:title\" content=\"Aleomar chega a 84,6% das\u00a0inten\u00e7\u00f5es\u00a0de voto em Mineiros - Jornal Ponto Mais\" \/>\n<meta property=\"og:description\" content=\"Segundo colocado tem apenas 4,5%, diz pesquisa\u00a0do Instituto\u00a0Constar O prefeito de Mineiros, Aleomar Rezende\u00a0(MDB), lidera\u00a0a corrida eleitoral em sua cidade com\u00a0impressionantes 84,6% de inten\u00e7\u00f5es de voto e uma vantagem de 78 pontos percentuais sobre o segundo colocado, o candidato Dr. Lourival\u00a0Assis (PL), que aprece com apenas 4,5%. Em terceiro lugar\u00a0aparece Juliana Barcelos (PRD), com 3,6% [&hellip;]\" \/>\n<meta property=\"og:url\" content=\"https:\/\/jornalpontomais.com\/site\/2024\/08\/24\/aleomar-chega-a-846-das-intencoes-de-voto-em-mineiros\/\" \/>\n<meta property=\"og:site_name\" content=\"Jornal Ponto Mais\" \/>\n<meta property=\"article:published_time\" content=\"2024-08-24T14:05:16+00:00\" \/>\n<meta property=\"article:modified_time\" content=\"2024-08-24T14:05:17+00:00\" \/>\n<meta property=\"og:image\" content=\"https:\/\/jornalpontomais.com\/site\/wp-content\/uploads\/2024\/08\/f24e4215-b6fe-4c11-9cee-4aa04ee13eb6.jpeg\" \/>\n\t<meta property=\"og:image:width\" content=\"640\" \/>\n\t<meta property=\"og:image:height\" content=\"480\" \/>\n\t<meta property=\"og:image:type\" content=\"image\/jpeg\" \/>\n<meta name=\"author\" content=\"Jornal Ponto Mais\" \/>\n<meta name=\"twitter:card\" content=\"summary_large_image\" \/>\n<meta name=\"twitter:label1\" content=\"Escrito por\" \/>\n\t<meta name=\"twitter:data1\" content=\"Jornal Ponto Mais\" \/>\n\t<meta name=\"twitter:label2\" content=\"Est. tempo de leitura\" \/>\n\t<meta name=\"twitter:data2\" content=\"1 minuto\" \/>\n<script type=\"application\/ld+json\" class=\"yoast-schema-graph\">{\"@context\":\"https:\/\/schema.org\",\"@graph\":[{\"@type\":\"Article\",\"@id\":\"https:\/\/jornalpontomais.com\/site\/2024\/08\/24\/aleomar-chega-a-846-das-intencoes-de-voto-em-mineiros\/#article\",\"isPartOf\":{\"@id\":\"https:\/\/jornalpontomais.com\/site\/2024\/08\/24\/aleomar-chega-a-846-das-intencoes-de-voto-em-mineiros\/\"},\"author\":{\"name\":\"Jornal Ponto Mais\",\"@id\":\"https:\/\/jornalpontomais.com\/site\/#\/schema\/person\/18323f0b0f1355f2490721c48389fe9d\"},\"headline\":\"Aleomar chega a 84,6% das\u00a0inten\u00e7\u00f5es\u00a0de voto em Mineiros\",\"datePublished\":\"2024-08-24T14:05:16+00:00\",\"dateModified\":\"2024-08-24T14:05:17+00:00\",\"mainEntityOfPage\":{\"@id\":\"https:\/\/jornalpontomais.com\/site\/2024\/08\/24\/aleomar-chega-a-846-das-intencoes-de-voto-em-mineiros\/\"},\"wordCount\":276,\"commentCount\":0,\"publisher\":{\"@id\":\"https:\/\/jornalpontomais.com\/site\/#organization\"},\"image\":{\"@id\":\"https:\/\/jornalpontomais.com\/site\/2024\/08\/24\/aleomar-chega-a-846-das-intencoes-de-voto-em-mineiros\/#primaryimage\"},\"thumbnailUrl\":\"https:\/\/jornalpontomais.com\/site\/wp-content\/uploads\/2024\/08\/f24e4215-b6fe-4c11-9cee-4aa04ee13eb6.jpeg\",\"articleSection\":[\"Pol\u00edtica\"],\"inLanguage\":\"pt-BR\",\"potentialAction\":[{\"@type\":\"CommentAction\",\"name\":\"Comment\",\"target\":[\"https:\/\/jornalpontomais.com\/site\/2024\/08\/24\/aleomar-chega-a-846-das-intencoes-de-voto-em-mineiros\/#respond\"]}]},{\"@type\":\"WebPage\",\"@id\":\"https:\/\/jornalpontomais.com\/site\/2024\/08\/24\/aleomar-chega-a-846-das-intencoes-de-voto-em-mineiros\/\",\"url\":\"https:\/\/jornalpontomais.com\/site\/2024\/08\/24\/aleomar-chega-a-846-das-intencoes-de-voto-em-mineiros\/\",\"name\":\"Aleomar chega a 84,6% das\u00a0inten\u00e7\u00f5es\u00a0de voto em Mineiros - Jornal Ponto Mais\",\"isPartOf\":{\"@id\":\"https:\/\/jornalpontomais.com\/site\/#website\"},\"primaryImageOfPage\":{\"@id\":\"https:\/\/jornalpontomais.com\/site\/2024\/08\/24\/aleomar-chega-a-846-das-intencoes-de-voto-em-mineiros\/#primaryimage\"},\"image\":{\"@id\":\"https:\/\/jornalpontomais.com\/site\/2024\/08\/24\/aleomar-chega-a-846-das-intencoes-de-voto-em-mineiros\/#primaryimage\"},\"thumbnailUrl\":\"https:\/\/jornalpontomais.com\/site\/wp-content\/uploads\/2024\/08\/f24e4215-b6fe-4c11-9cee-4aa04ee13eb6.jpeg\",\"datePublished\":\"2024-08-24T14:05:16+00:00\",\"dateModified\":\"2024-08-24T14:05:17+00:00\",\"breadcrumb\":{\"@id\":\"https:\/\/jornalpontomais.com\/site\/2024\/08\/24\/aleomar-chega-a-846-das-intencoes-de-voto-em-mineiros\/#breadcrumb\"},\"inLanguage\":\"pt-BR\",\"potentialAction\":[{\"@type\":\"ReadAction\",\"target\":[\"https:\/\/jornalpontomais.com\/site\/2024\/08\/24\/aleomar-chega-a-846-das-intencoes-de-voto-em-mineiros\/\"]}]},{\"@type\":\"ImageObject\",\"inLanguage\":\"pt-BR\",\"@id\":\"https:\/\/jornalpontomais.com\/site\/2024\/08\/24\/aleomar-chega-a-846-das-intencoes-de-voto-em-mineiros\/#primaryimage\",\"url\":\"https:\/\/jornalpontomais.com\/site\/wp-content\/uploads\/2024\/08\/f24e4215-b6fe-4c11-9cee-4aa04ee13eb6.jpeg\",\"contentUrl\":\"https:\/\/jornalpontomais.com\/site\/wp-content\/uploads\/2024\/08\/f24e4215-b6fe-4c11-9cee-4aa04ee13eb6.jpeg\",\"width\":640,\"height\":480},{\"@type\":\"BreadcrumbList\",\"@id\":\"https:\/\/jornalpontomais.com\/site\/2024\/08\/24\/aleomar-chega-a-846-das-intencoes-de-voto-em-mineiros\/#breadcrumb\",\"itemListElement\":[{\"@type\":\"ListItem\",\"position\":1,\"name\":\"In\u00edcio\",\"item\":\"https:\/\/jornalpontomais.com\/site\/\"},{\"@type\":\"ListItem\",\"position\":2,\"name\":\"Aleomar chega a 84,6% das\u00a0inten\u00e7\u00f5es\u00a0de voto em Mineiros\"}]},{\"@type\":\"WebSite\",\"@id\":\"https:\/\/jornalpontomais.com\/site\/#website\",\"url\":\"https:\/\/jornalpontomais.com\/site\/\",\"name\":\"Jornal Ponto Mais\",\"description\":\"As principais not\u00edcias do Brasil e do mundo. Confira!\",\"publisher\":{\"@id\":\"https:\/\/jornalpontomais.com\/site\/#organization\"},\"potentialAction\":[{\"@type\":\"SearchAction\",\"target\":{\"@type\":\"EntryPoint\",\"urlTemplate\":\"https:\/\/jornalpontomais.com\/site\/?s={search_term_string}\"},\"query-input\":{\"@type\":\"PropertyValueSpecification\",\"valueRequired\":true,\"valueName\":\"search_term_string\"}}],\"inLanguage\":\"pt-BR\"},{\"@type\":\"Organization\",\"@id\":\"https:\/\/jornalpontomais.com\/site\/#organization\",\"name\":\"Jornal Ponto+\",\"url\":\"https:\/\/jornalpontomais.com\/site\/\",\"logo\":{\"@type\":\"ImageObject\",\"inLanguage\":\"pt-BR\",\"@id\":\"https:\/\/jornalpontomais.com\/site\/#\/schema\/logo\/image\/\",\"url\":\"https:\/\/jornalpontomais.com\/site\/wp-content\/uploads\/2022\/01\/marca.png\",\"contentUrl\":\"https:\/\/jornalpontomais.com\/site\/wp-content\/uploads\/2022\/01\/marca.png\",\"width\":582,\"height\":148,\"caption\":\"Jornal Ponto+\"},\"image\":{\"@id\":\"https:\/\/jornalpontomais.com\/site\/#\/schema\/logo\/image\/\"}},{\"@type\":\"Person\",\"@id\":\"https:\/\/jornalpontomais.com\/site\/#\/schema\/person\/18323f0b0f1355f2490721c48389fe9d\",\"name\":\"Jornal Ponto Mais\",\"image\":{\"@type\":\"ImageObject\",\"inLanguage\":\"pt-BR\",\"@id\":\"https:\/\/secure.gravatar.com\/avatar\/2ee0a9b7fe10fe32bdec8bc086e871e41eb5f4f6ecbcb7b4f2fe0d92d831405f?s=96&d=mm&r=g\",\"url\":\"https:\/\/secure.gravatar.com\/avatar\/2ee0a9b7fe10fe32bdec8bc086e871e41eb5f4f6ecbcb7b4f2fe0d92d831405f?s=96&d=mm&r=g\",\"contentUrl\":\"https:\/\/secure.gravatar.com\/avatar\/2ee0a9b7fe10fe32bdec8bc086e871e41eb5f4f6ecbcb7b4f2fe0d92d831405f?s=96&d=mm&r=g\",\"caption\":\"Jornal Ponto Mais\"},\"sameAs\":[\"https:\/\/jornalpontomais.com\/site\",\"jornalpontomais\"],\"url\":\"https:\/\/jornalpontomais.com\/site\/author\/jornalpontomais\/\"}]}<\/script>\n<!-- \/ Yoast SEO plugin. -->","yoast_head_json":{"title":"Aleomar chega a 84,6% das\u00a0inten\u00e7\u00f5es\u00a0de voto em Mineiros - Jornal Ponto Mais","robots":{"index":"index","follow":"follow","max-snippet":"max-snippet:-1","max-image-preview":"max-image-preview:large","max-video-preview":"max-video-preview:-1"},"canonical":"https:\/\/jornalpontomais.com\/site\/2024\/08\/24\/aleomar-chega-a-846-das-intencoes-de-voto-em-mineiros\/","og_locale":"pt_BR","og_type":"article","og_title":"Aleomar chega a 84,6% das\u00a0inten\u00e7\u00f5es\u00a0de voto em Mineiros - Jornal Ponto Mais","og_description":"Segundo colocado tem apenas 4,5%, diz pesquisa\u00a0do Instituto\u00a0Constar O prefeito de Mineiros, Aleomar Rezende\u00a0(MDB), lidera\u00a0a corrida eleitoral em sua cidade com\u00a0impressionantes 84,6% de inten\u00e7\u00f5es de voto e uma vantagem de 78 pontos percentuais sobre o segundo colocado, o candidato Dr. Lourival\u00a0Assis (PL), que aprece com apenas 4,5%. Em terceiro lugar\u00a0aparece Juliana Barcelos (PRD), com 3,6% [&hellip;]","og_url":"https:\/\/jornalpontomais.com\/site\/2024\/08\/24\/aleomar-chega-a-846-das-intencoes-de-voto-em-mineiros\/","og_site_name":"Jornal Ponto Mais","article_published_time":"2024-08-24T14:05:16+00:00","article_modified_time":"2024-08-24T14:05:17+00:00","og_image":[{"width":640,"height":480,"url":"https:\/\/jornalpontomais.com\/site\/wp-content\/uploads\/2024\/08\/f24e4215-b6fe-4c11-9cee-4aa04ee13eb6.jpeg","type":"image\/jpeg"}],"author":"Jornal Ponto Mais","twitter_card":"summary_large_image","twitter_misc":{"Escrito por":"Jornal Ponto Mais","Est. tempo de leitura":"1 minuto"},"schema":{"@context":"https:\/\/schema.org","@graph":[{"@type":"Article","@id":"https:\/\/jornalpontomais.com\/site\/2024\/08\/24\/aleomar-chega-a-846-das-intencoes-de-voto-em-mineiros\/#article","isPartOf":{"@id":"https:\/\/jornalpontomais.com\/site\/2024\/08\/24\/aleomar-chega-a-846-das-intencoes-de-voto-em-mineiros\/"},"author":{"name":"Jornal Ponto Mais","@id":"https:\/\/jornalpontomais.com\/site\/#\/schema\/person\/18323f0b0f1355f2490721c48389fe9d"},"headline":"Aleomar chega a 84,6% das\u00a0inten\u00e7\u00f5es\u00a0de voto em Mineiros","datePublished":"2024-08-24T14:05:16+00:00","dateModified":"2024-08-24T14:05:17+00:00","mainEntityOfPage":{"@id":"https:\/\/jornalpontomais.com\/site\/2024\/08\/24\/aleomar-chega-a-846-das-intencoes-de-voto-em-mineiros\/"},"wordCount":276,"commentCount":0,"publisher":{"@id":"https:\/\/jornalpontomais.com\/site\/#organization"},"image":{"@id":"https:\/\/jornalpontomais.com\/site\/2024\/08\/24\/aleomar-chega-a-846-das-intencoes-de-voto-em-mineiros\/#primaryimage"},"thumbnailUrl":"https:\/\/jornalpontomais.com\/site\/wp-content\/uploads\/2024\/08\/f24e4215-b6fe-4c11-9cee-4aa04ee13eb6.jpeg","articleSection":["Pol\u00edtica"],"inLanguage":"pt-BR","potentialAction":[{"@type":"CommentAction","name":"Comment","target":["https:\/\/jornalpontomais.com\/site\/2024\/08\/24\/aleomar-chega-a-846-das-intencoes-de-voto-em-mineiros\/#respond"]}]},{"@type":"WebPage","@id":"https:\/\/jornalpontomais.com\/site\/2024\/08\/24\/aleomar-chega-a-846-das-intencoes-de-voto-em-mineiros\/","url":"https:\/\/jornalpontomais.com\/site\/2024\/08\/24\/aleomar-chega-a-846-das-intencoes-de-voto-em-mineiros\/","name":"Aleomar chega a 84,6% das\u00a0inten\u00e7\u00f5es\u00a0de voto em Mineiros - Jornal Ponto Mais","isPartOf":{"@id":"https:\/\/jornalpontomais.com\/site\/#website"},"primaryImageOfPage":{"@id":"https:\/\/jornalpontomais.com\/site\/2024\/08\/24\/aleomar-chega-a-846-das-intencoes-de-voto-em-mineiros\/#primaryimage"},"image":{"@id":"https:\/\/jornalpontomais.com\/site\/2024\/08\/24\/aleomar-chega-a-846-das-intencoes-de-voto-em-mineiros\/#primaryimage"},"thumbnailUrl":"https:\/\/jornalpontomais.com\/site\/wp-content\/uploads\/2024\/08\/f24e4215-b6fe-4c11-9cee-4aa04ee13eb6.jpeg","datePublished":"2024-08-24T14:05:16+00:00","dateModified":"2024-08-24T14:05:17+00:00","breadcrumb":{"@id":"https:\/\/jornalpontomais.com\/site\/2024\/08\/24\/aleomar-chega-a-846-das-intencoes-de-voto-em-mineiros\/#breadcrumb"},"inLanguage":"pt-BR","potentialAction":[{"@type":"ReadAction","target":["https:\/\/jornalpontomais.com\/site\/2024\/08\/24\/aleomar-chega-a-846-das-intencoes-de-voto-em-mineiros\/"]}]},{"@type":"ImageObject","inLanguage":"pt-BR","@id":"https:\/\/jornalpontomais.com\/site\/2024\/08\/24\/aleomar-chega-a-846-das-intencoes-de-voto-em-mineiros\/#primaryimage","url":"https:\/\/jornalpontomais.com\/site\/wp-content\/uploads\/2024\/08\/f24e4215-b6fe-4c11-9cee-4aa04ee13eb6.jpeg","contentUrl":"https:\/\/jornalpontomais.com\/site\/wp-content\/uploads\/2024\/08\/f24e4215-b6fe-4c11-9cee-4aa04ee13eb6.jpeg","width":640,"height":480},{"@type":"BreadcrumbList","@id":"https:\/\/jornalpontomais.com\/site\/2024\/08\/24\/aleomar-chega-a-846-das-intencoes-de-voto-em-mineiros\/#breadcrumb","itemListElement":[{"@type":"ListItem","position":1,"name":"In\u00edcio","item":"https:\/\/jornalpontomais.com\/site\/"},{"@type":"ListItem","position":2,"name":"Aleomar chega a 84,6% das\u00a0inten\u00e7\u00f5es\u00a0de voto em Mineiros"}]},{"@type":"WebSite","@id":"https:\/\/jornalpontomais.com\/site\/#website","url":"https:\/\/jornalpontomais.com\/site\/","name":"Jornal Ponto Mais","description":"As principais not\u00edcias do Brasil e do mundo. Confira!","publisher":{"@id":"https:\/\/jornalpontomais.com\/site\/#organization"},"potentialAction":[{"@type":"SearchAction","target":{"@type":"EntryPoint","urlTemplate":"https:\/\/jornalpontomais.com\/site\/?s={search_term_string}"},"query-input":{"@type":"PropertyValueSpecification","valueRequired":true,"valueName":"search_term_string"}}],"inLanguage":"pt-BR"},{"@type":"Organization","@id":"https:\/\/jornalpontomais.com\/site\/#organization","name":"Jornal Ponto+","url":"https:\/\/jornalpontomais.com\/site\/","logo":{"@type":"ImageObject","inLanguage":"pt-BR","@id":"https:\/\/jornalpontomais.com\/site\/#\/schema\/logo\/image\/","url":"https:\/\/jornalpontomais.com\/site\/wp-content\/uploads\/2022\/01\/marca.png","contentUrl":"https:\/\/jornalpontomais.com\/site\/wp-content\/uploads\/2022\/01\/marca.png","width":582,"height":148,"caption":"Jornal Ponto+"},"image":{"@id":"https:\/\/jornalpontomais.com\/site\/#\/schema\/logo\/image\/"}},{"@type":"Person","@id":"https:\/\/jornalpontomais.com\/site\/#\/schema\/person\/18323f0b0f1355f2490721c48389fe9d","name":"Jornal Ponto Mais","image":{"@type":"ImageObject","inLanguage":"pt-BR","@id":"https:\/\/secure.gravatar.com\/avatar\/2ee0a9b7fe10fe32bdec8bc086e871e41eb5f4f6ecbcb7b4f2fe0d92d831405f?s=96&d=mm&r=g","url":"https:\/\/secure.gravatar.com\/avatar\/2ee0a9b7fe10fe32bdec8bc086e871e41eb5f4f6ecbcb7b4f2fe0d92d831405f?s=96&d=mm&r=g","contentUrl":"https:\/\/secure.gravatar.com\/avatar\/2ee0a9b7fe10fe32bdec8bc086e871e41eb5f4f6ecbcb7b4f2fe0d92d831405f?s=96&d=mm&r=g","caption":"Jornal Ponto Mais"},"sameAs":["https:\/\/jornalpontomais.com\/site","jornalpontomais"],"url":"https:\/\/jornalpontomais.com\/site\/author\/jornalpontomais\/"}]}},"_links":{"self":[{"href":"https:\/\/jornalpontomais.com\/site\/wp-json\/wp\/v2\/posts\/14786","targetHints":{"allow":["GET"]}}],"collection":[{"href":"https:\/\/jornalpontomais.com\/site\/wp-json\/wp\/v2\/posts"}],"about":[{"href":"https:\/\/jornalpontomais.com\/site\/wp-json\/wp\/v2\/types\/post"}],"author":[{"embeddable":true,"href":"https:\/\/jornalpontomais.com\/site\/wp-json\/wp\/v2\/users\/2"}],"replies":[{"embeddable":true,"href":"https:\/\/jornalpontomais.com\/site\/wp-json\/wp\/v2\/comments?post=14786"}],"version-history":[{"count":1,"href":"https:\/\/jornalpontomais.com\/site\/wp-json\/wp\/v2\/posts\/14786\/revisions"}],"predecessor-version":[{"id":14788,"href":"https:\/\/jornalpontomais.com\/site\/wp-json\/wp\/v2\/posts\/14786\/revisions\/14788"}],"wp:featuredmedia":[{"embeddable":true,"href":"https:\/\/jornalpontomais.com\/site\/wp-json\/wp\/v2\/media\/14787"}],"wp:attachment":[{"href":"https:\/\/jornalpontomais.com\/site\/wp-json\/wp\/v2\/media?parent=14786"}],"wp:term":[{"taxonomy":"category","embeddable":true,"href":"https:\/\/jornalpontomais.com\/site\/wp-json\/wp\/v2\/categories?post=14786"},{"taxonomy":"post_tag","embeddable":true,"href":"https:\/\/jornalpontomais.com\/site\/wp-json\/wp\/v2\/tags?post=14786"}],"curies":[{"name":"wp","href":"https:\/\/api.w.org\/{rel}","templated":true}]}}