{"id":14752,"date":"2024-08-23T07:58:50","date_gmt":"2024-08-23T10:58:50","guid":{"rendered":"https:\/\/jornalpontomais.com\/site\/?p=14752"},"modified":"2024-08-23T07:59:32","modified_gmt":"2024-08-23T10:59:32","slug":"supremo-da-venezuela-ratifica-reeleicao-de-maduro-em-decisao-final","status":"publish","type":"post","link":"https:\/\/jornalpontomais.com\/site\/2024\/08\/23\/supremo-da-venezuela-ratifica-reeleicao-de-maduro-em-decisao-final\/","title":{"rendered":"Supremo da Venezuela ratifica reelei\u00e7\u00e3o de Maduro em decis\u00e3o final"},"content":{"rendered":"\n<p>O Tribunal Supremo de Justi\u00e7a (TSJ) da Venezuela divulgou nesta quinta-feira (22) a decis\u00e3o final sobre a elei\u00e7\u00e3o presidencial de 28 de julho, confirmando a vit\u00f3ria do presidente Nicol\u00e1s Maduro para o mandato de 2025 a 2031.<br><br><\/p>\n\n\n\n<p>A presidente do TSJ, Caryslia Rodr\u00edguez, declarou que \u201co material eleitoral periciado foi certificado de forma inapel\u00e1vel, e esta Sala valida os resultados da elei\u00e7\u00e3o de 28 de julho de 2024, conforme emitido pelo Conselho Nacional Eleitoral (CNE), que resultou na elei\u00e7\u00e3o do cidad\u00e3o Nicol\u00e1s Maduro Moros como presidente.\u201d Ela acrescentou que n\u00e3o h\u00e1 possibilidade de recurso contra essa decis\u00e3o.<br><br><\/p>\n\n\n\n<p>A Sala Eleitoral do TSJ tamb\u00e9m determinou que o CNE publique \u201cos resultados definitivos\u201d da elei\u00e7\u00e3o no Di\u00e1rio Oficial do pa\u00eds. A Corte tamb\u00e9m confirmou que o Poder Eleitoral sofreu um ataque cibern\u00e9tico, o que teria prejudicado o trabalho da institui\u00e7\u00e3o.<br><br><\/p>\n\n\n\n<p>Segundo o artigo 155 da Lei Org\u00e2nica dos Processos Eleitorais, o CNE deve publicar os dados no Di\u00e1rio Oficial em at\u00e9 30 dias ap\u00f3s a proclama\u00e7\u00e3o do candidato, o que estabelece o prazo at\u00e9 30 de agosto. Em elei\u00e7\u00f5es anteriores, o Poder Eleitoral costumava divulgar os resultados no site oficial poucas horas ou dias ap\u00f3s a proclama\u00e7\u00e3o do vencedor. A falta de publica\u00e7\u00e3o tem gerado questionamentos sobre o resultado anunciado, tanto dentro quanto fora da Venezuela, j\u00e1 que n\u00e3o \u00e9 poss\u00edvel confirmar os votos de cada uma das mais de 30 mil urnas.<br><br><\/p>\n\n\n\n<p>A presidente do TSJ tamb\u00e9m leu trechos do relat\u00f3rio dos peritos nacionais e internacionais que analisaram os documentos eleitorais a pedido da Corte, incluindo o Conselho de Especialistas Eleitorais da Am\u00e9rica Latina (Ceela) e o Observat\u00f3rio do Pensamento Estrat\u00e9gico para a Integra\u00e7\u00e3o Regional. Caryslia Rodr\u00edguez afirmou que \u201cos boletins emitidos pelo CNE referentes \u00e0 elei\u00e7\u00e3o presidencial de 2024 est\u00e3o respaldados pelos atos de escrut\u00ednio emitidos por cada m\u00e1quina de vota\u00e7\u00e3o e essas atas est\u00e3o plenamente alinhadas com os registros das bases de dados dos centros nacionais de totaliza\u00e7\u00e3o.\u201d<br><br><\/p>\n\n\n\n<p>Na quarta-feira (21), a oposi\u00e7\u00e3o declarou que n\u00e3o reconhecer\u00e1 a decis\u00e3o do TSJ, considerando-a \u201cineficaz e nula\u201d e afirmando que qualquer senten\u00e7a da Sala Eleitoral que valide a elei\u00e7\u00e3o seria uma viola\u00e7\u00e3o dos direitos eleitorais e acarretaria responsabilidade penal, civil e administrativa para os magistrados do TSJ.<br><br><\/p>\n\n\n\n<p>Caryslia Rodr\u00edguez tamb\u00e9m mencionou que a decis\u00e3o ser\u00e1 anexada \u00e0 investiga\u00e7\u00e3o sobre os respons\u00e1veis pelo site da oposi\u00e7\u00e3o, onde foram publicadas supostas atas que indicam a vit\u00f3ria do opositor Edmundo. O Minist\u00e9rio P\u00fablico abriu uma investiga\u00e7\u00e3o sobre a poss\u00edvel \u201cusurpa\u00e7\u00e3o das fun\u00e7\u00f5es do CNE\u201d, \u201cfalsifica\u00e7\u00e3o de documentos p\u00fablicos\u201d e \u201cconspira\u00e7\u00e3o\u201d. O governo acusa a oposi\u00e7\u00e3o de tentar um golpe de Estado com o envolvimento dos Estados Unidos.<br><br><\/p>\n\n\n\n<p><strong>Brasil, M\u00e9xico e EUA<\/strong><\/p>\n\n\n\n<p>Antes de anunciar a decis\u00e3o, a presidente do TSJ, Caryslia Rodr\u00edguez, refor\u00e7ou a compet\u00eancia do Supremo para resolver disputas eleitorais, citando o artigo 297 da Constitui\u00e7\u00e3o Bolivariana da Venezuela. Ela comparou a situa\u00e7\u00e3o com elei\u00e7\u00f5es anteriores no Brasil, M\u00e9xico e EUA, destacando que tribunais eleitorais s\u00e3o a \u00faltima inst\u00e2ncia para a resolu\u00e7\u00e3o de controv\u00e9rsias eleitorais, garantindo o Estado de direito e a democracia constitucional.<br><br><\/p>\n\n\n\n<p><strong>Atas oposi\u00e7\u00e3o<\/strong><\/p>\n\n\n\n<p>A magistrada tamb\u00e9m apontou que cinco dos 38 partidos convocados para a per\u00edcia eleitoral n\u00e3o entregaram o material solicitado, assim como o candidato Edmundo Gonz\u00e1lez, que n\u00e3o compareceu ao TSJ. \u201cDesacatou a autoridade judicial, demonstrando sua ren\u00fancia \u00e0 ordem constitucional, o que resulta em san\u00e7\u00f5es previstas pela lei\u201d, afirmou.<br><br><\/p>\n\n\n\n<p>Sobre a falta de entrega das atas eleitorais por alguns partidos opositores, Caryslia Rodr\u00edguez mencionou que os representantes alegaram n\u00e3o possuir documenta\u00e7\u00e3o referente ao processo eleitoral, como atas de escrut\u00ednio e lista de testemunhas. O secret\u00e1rio-geral do partido Movimento Por Venezuela, Sim\u00f3n Calzadilla, afirmou que n\u00e3o entregou as atas porque s\u00e3o usadas para contestar os resultados do CNE, o que ainda n\u00e3o \u00e9 poss\u00edvel devido \u00e0 n\u00e3o disponibiliza\u00e7\u00e3o dos dados por mesa.<br><br><\/p>\n\n\n\n<p>Calzadilla denunciou que o STJ est\u00e1 tentando privar os partidos pol\u00edticos e candidatos das provas necess\u00e1rias para verificar os resultados eleitorais, o que ele considera uma interven\u00e7\u00e3o e oculta\u00e7\u00e3o institucional, envolvendo o Poder Executivo, o Judici\u00e1rio e o Poder Eleitoral.<\/p>\n","protected":false},"excerpt":{"rendered":"<p>O Tribunal Supremo de Justi\u00e7a (TSJ) da Venezuela divulgou nesta quinta-feira (22) a decis\u00e3o final sobre a elei\u00e7\u00e3o presidencial de 28 de julho, confirmando a vit\u00f3ria do presidente Nicol\u00e1s Maduro para o mandato de 2025 a 2031. A presidente do TSJ, Caryslia Rodr\u00edguez, declarou que \u201co material eleitoral periciado foi certificado de forma inapel\u00e1vel, e [&hellip;]<\/p>\n","protected":false},"author":2,"featured_media":14753,"comment_status":"open","ping_status":"open","sticky":true,"template":"","format":"standard","meta":{"om_disable_all_campaigns":false,"_monsterinsights_skip_tracking":false,"_monsterinsights_sitenote_active":false,"_monsterinsights_sitenote_note":"","_monsterinsights_sitenote_category":0,"footnotes":""},"categories":[1],"tags":[],"class_list":["post-14752","post","type-post","status-publish","format-standard","has-post-thumbnail","hentry","category-politica"],"yoast_head":"<!-- This site is optimized with the Yoast SEO plugin v27.2 - https:\/\/yoast.com\/product\/yoast-seo-wordpress\/ -->\n<title>Supremo da Venezuela ratifica reelei\u00e7\u00e3o de Maduro em decis\u00e3o final - Jornal Ponto Mais<\/title>\n<meta name=\"robots\" content=\"index, follow, max-snippet:-1, max-image-preview:large, max-video-preview:-1\" \/>\n<link rel=\"canonical\" href=\"https:\/\/jornalpontomais.com\/site\/2024\/08\/23\/supremo-da-venezuela-ratifica-reeleicao-de-maduro-em-decisao-final\/\" \/>\n<meta property=\"og:locale\" content=\"pt_BR\" \/>\n<meta property=\"og:type\" content=\"article\" \/>\n<meta property=\"og:title\" content=\"Supremo da Venezuela ratifica reelei\u00e7\u00e3o de Maduro em decis\u00e3o final - Jornal Ponto Mais\" \/>\n<meta property=\"og:description\" content=\"O Tribunal Supremo de Justi\u00e7a (TSJ) da Venezuela divulgou nesta quinta-feira (22) a decis\u00e3o final sobre a elei\u00e7\u00e3o presidencial de 28 de julho, confirmando a vit\u00f3ria do presidente Nicol\u00e1s Maduro para o mandato de 2025 a 2031. A presidente do TSJ, Caryslia Rodr\u00edguez, declarou que \u201co material eleitoral periciado foi certificado de forma inapel\u00e1vel, e [&hellip;]\" \/>\n<meta property=\"og:url\" content=\"https:\/\/jornalpontomais.com\/site\/2024\/08\/23\/supremo-da-venezuela-ratifica-reeleicao-de-maduro-em-decisao-final\/\" \/>\n<meta property=\"og:site_name\" content=\"Jornal Ponto Mais\" \/>\n<meta property=\"article:published_time\" content=\"2024-08-23T10:58:50+00:00\" \/>\n<meta property=\"article:modified_time\" content=\"2024-08-23T10:59:32+00:00\" \/>\n<meta property=\"og:image\" content=\"https:\/\/jornalpontomais.com\/site\/wp-content\/uploads\/2024\/08\/2024-07-29t105154z_1_lynxmpek6s0da_rtroptp_4_venezuela-election.webp\" \/>\n\t<meta property=\"og:image:width\" content=\"1170\" \/>\n\t<meta property=\"og:image:height\" content=\"700\" \/>\n\t<meta property=\"og:image:type\" content=\"image\/webp\" \/>\n<meta name=\"author\" content=\"Jornal Ponto Mais\" \/>\n<meta name=\"twitter:card\" content=\"summary_large_image\" \/>\n<meta name=\"twitter:label1\" content=\"Escrito por\" \/>\n\t<meta name=\"twitter:data1\" content=\"Jornal Ponto Mais\" \/>\n\t<meta name=\"twitter:label2\" content=\"Est. tempo de leitura\" \/>\n\t<meta name=\"twitter:data2\" content=\"4 minutos\" \/>\n<script type=\"application\/ld+json\" class=\"yoast-schema-graph\">{\"@context\":\"https:\/\/schema.org\",\"@graph\":[{\"@type\":\"Article\",\"@id\":\"https:\/\/jornalpontomais.com\/site\/2024\/08\/23\/supremo-da-venezuela-ratifica-reeleicao-de-maduro-em-decisao-final\/#article\",\"isPartOf\":{\"@id\":\"https:\/\/jornalpontomais.com\/site\/2024\/08\/23\/supremo-da-venezuela-ratifica-reeleicao-de-maduro-em-decisao-final\/\"},\"author\":{\"name\":\"Jornal Ponto Mais\",\"@id\":\"https:\/\/jornalpontomais.com\/site\/#\/schema\/person\/18323f0b0f1355f2490721c48389fe9d\"},\"headline\":\"Supremo da Venezuela ratifica reelei\u00e7\u00e3o de Maduro em decis\u00e3o final\",\"datePublished\":\"2024-08-23T10:58:50+00:00\",\"dateModified\":\"2024-08-23T10:59:32+00:00\",\"mainEntityOfPage\":{\"@id\":\"https:\/\/jornalpontomais.com\/site\/2024\/08\/23\/supremo-da-venezuela-ratifica-reeleicao-de-maduro-em-decisao-final\/\"},\"wordCount\":761,\"commentCount\":0,\"publisher\":{\"@id\":\"https:\/\/jornalpontomais.com\/site\/#organization\"},\"image\":{\"@id\":\"https:\/\/jornalpontomais.com\/site\/2024\/08\/23\/supremo-da-venezuela-ratifica-reeleicao-de-maduro-em-decisao-final\/#primaryimage\"},\"thumbnailUrl\":\"https:\/\/jornalpontomais.com\/site\/wp-content\/uploads\/2024\/08\/2024-07-29t105154z_1_lynxmpek6s0da_rtroptp_4_venezuela-election.webp\",\"articleSection\":[\"Pol\u00edtica\"],\"inLanguage\":\"pt-BR\",\"potentialAction\":[{\"@type\":\"CommentAction\",\"name\":\"Comment\",\"target\":[\"https:\/\/jornalpontomais.com\/site\/2024\/08\/23\/supremo-da-venezuela-ratifica-reeleicao-de-maduro-em-decisao-final\/#respond\"]}]},{\"@type\":\"WebPage\",\"@id\":\"https:\/\/jornalpontomais.com\/site\/2024\/08\/23\/supremo-da-venezuela-ratifica-reeleicao-de-maduro-em-decisao-final\/\",\"url\":\"https:\/\/jornalpontomais.com\/site\/2024\/08\/23\/supremo-da-venezuela-ratifica-reeleicao-de-maduro-em-decisao-final\/\",\"name\":\"Supremo da Venezuela ratifica reelei\u00e7\u00e3o de Maduro em decis\u00e3o final - Jornal Ponto Mais\",\"isPartOf\":{\"@id\":\"https:\/\/jornalpontomais.com\/site\/#website\"},\"primaryImageOfPage\":{\"@id\":\"https:\/\/jornalpontomais.com\/site\/2024\/08\/23\/supremo-da-venezuela-ratifica-reeleicao-de-maduro-em-decisao-final\/#primaryimage\"},\"image\":{\"@id\":\"https:\/\/jornalpontomais.com\/site\/2024\/08\/23\/supremo-da-venezuela-ratifica-reeleicao-de-maduro-em-decisao-final\/#primaryimage\"},\"thumbnailUrl\":\"https:\/\/jornalpontomais.com\/site\/wp-content\/uploads\/2024\/08\/2024-07-29t105154z_1_lynxmpek6s0da_rtroptp_4_venezuela-election.webp\",\"datePublished\":\"2024-08-23T10:58:50+00:00\",\"dateModified\":\"2024-08-23T10:59:32+00:00\",\"breadcrumb\":{\"@id\":\"https:\/\/jornalpontomais.com\/site\/2024\/08\/23\/supremo-da-venezuela-ratifica-reeleicao-de-maduro-em-decisao-final\/#breadcrumb\"},\"inLanguage\":\"pt-BR\",\"potentialAction\":[{\"@type\":\"ReadAction\",\"target\":[\"https:\/\/jornalpontomais.com\/site\/2024\/08\/23\/supremo-da-venezuela-ratifica-reeleicao-de-maduro-em-decisao-final\/\"]}]},{\"@type\":\"ImageObject\",\"inLanguage\":\"pt-BR\",\"@id\":\"https:\/\/jornalpontomais.com\/site\/2024\/08\/23\/supremo-da-venezuela-ratifica-reeleicao-de-maduro-em-decisao-final\/#primaryimage\",\"url\":\"https:\/\/jornalpontomais.com\/site\/wp-content\/uploads\/2024\/08\/2024-07-29t105154z_1_lynxmpek6s0da_rtroptp_4_venezuela-election.webp\",\"contentUrl\":\"https:\/\/jornalpontomais.com\/site\/wp-content\/uploads\/2024\/08\/2024-07-29t105154z_1_lynxmpek6s0da_rtroptp_4_venezuela-election.webp\",\"width\":1170,\"height\":700},{\"@type\":\"BreadcrumbList\",\"@id\":\"https:\/\/jornalpontomais.com\/site\/2024\/08\/23\/supremo-da-venezuela-ratifica-reeleicao-de-maduro-em-decisao-final\/#breadcrumb\",\"itemListElement\":[{\"@type\":\"ListItem\",\"position\":1,\"name\":\"In\u00edcio\",\"item\":\"https:\/\/jornalpontomais.com\/site\/\"},{\"@type\":\"ListItem\",\"position\":2,\"name\":\"Supremo da Venezuela ratifica reelei\u00e7\u00e3o de Maduro em decis\u00e3o final\"}]},{\"@type\":\"WebSite\",\"@id\":\"https:\/\/jornalpontomais.com\/site\/#website\",\"url\":\"https:\/\/jornalpontomais.com\/site\/\",\"name\":\"Jornal Ponto Mais\",\"description\":\"As principais not\u00edcias do Brasil e do mundo. Confira!\",\"publisher\":{\"@id\":\"https:\/\/jornalpontomais.com\/site\/#organization\"},\"potentialAction\":[{\"@type\":\"SearchAction\",\"target\":{\"@type\":\"EntryPoint\",\"urlTemplate\":\"https:\/\/jornalpontomais.com\/site\/?s={search_term_string}\"},\"query-input\":{\"@type\":\"PropertyValueSpecification\",\"valueRequired\":true,\"valueName\":\"search_term_string\"}}],\"inLanguage\":\"pt-BR\"},{\"@type\":\"Organization\",\"@id\":\"https:\/\/jornalpontomais.com\/site\/#organization\",\"name\":\"Jornal Ponto+\",\"url\":\"https:\/\/jornalpontomais.com\/site\/\",\"logo\":{\"@type\":\"ImageObject\",\"inLanguage\":\"pt-BR\",\"@id\":\"https:\/\/jornalpontomais.com\/site\/#\/schema\/logo\/image\/\",\"url\":\"https:\/\/jornalpontomais.com\/site\/wp-content\/uploads\/2022\/01\/marca.png\",\"contentUrl\":\"https:\/\/jornalpontomais.com\/site\/wp-content\/uploads\/2022\/01\/marca.png\",\"width\":582,\"height\":148,\"caption\":\"Jornal Ponto+\"},\"image\":{\"@id\":\"https:\/\/jornalpontomais.com\/site\/#\/schema\/logo\/image\/\"}},{\"@type\":\"Person\",\"@id\":\"https:\/\/jornalpontomais.com\/site\/#\/schema\/person\/18323f0b0f1355f2490721c48389fe9d\",\"name\":\"Jornal Ponto Mais\",\"image\":{\"@type\":\"ImageObject\",\"inLanguage\":\"pt-BR\",\"@id\":\"https:\/\/secure.gravatar.com\/avatar\/2ee0a9b7fe10fe32bdec8bc086e871e41eb5f4f6ecbcb7b4f2fe0d92d831405f?s=96&d=mm&r=g\",\"url\":\"https:\/\/secure.gravatar.com\/avatar\/2ee0a9b7fe10fe32bdec8bc086e871e41eb5f4f6ecbcb7b4f2fe0d92d831405f?s=96&d=mm&r=g\",\"contentUrl\":\"https:\/\/secure.gravatar.com\/avatar\/2ee0a9b7fe10fe32bdec8bc086e871e41eb5f4f6ecbcb7b4f2fe0d92d831405f?s=96&d=mm&r=g\",\"caption\":\"Jornal Ponto Mais\"},\"sameAs\":[\"https:\/\/jornalpontomais.com\/site\",\"jornalpontomais\"],\"url\":\"https:\/\/jornalpontomais.com\/site\/author\/jornalpontomais\/\"}]}<\/script>\n<!-- \/ Yoast SEO plugin. -->","yoast_head_json":{"title":"Supremo da Venezuela ratifica reelei\u00e7\u00e3o de Maduro em decis\u00e3o final - Jornal Ponto Mais","robots":{"index":"index","follow":"follow","max-snippet":"max-snippet:-1","max-image-preview":"max-image-preview:large","max-video-preview":"max-video-preview:-1"},"canonical":"https:\/\/jornalpontomais.com\/site\/2024\/08\/23\/supremo-da-venezuela-ratifica-reeleicao-de-maduro-em-decisao-final\/","og_locale":"pt_BR","og_type":"article","og_title":"Supremo da Venezuela ratifica reelei\u00e7\u00e3o de Maduro em decis\u00e3o final - Jornal Ponto Mais","og_description":"O Tribunal Supremo de Justi\u00e7a (TSJ) da Venezuela divulgou nesta quinta-feira (22) a decis\u00e3o final sobre a elei\u00e7\u00e3o presidencial de 28 de julho, confirmando a vit\u00f3ria do presidente Nicol\u00e1s Maduro para o mandato de 2025 a 2031. A presidente do TSJ, Caryslia Rodr\u00edguez, declarou que \u201co material eleitoral periciado foi certificado de forma inapel\u00e1vel, e [&hellip;]","og_url":"https:\/\/jornalpontomais.com\/site\/2024\/08\/23\/supremo-da-venezuela-ratifica-reeleicao-de-maduro-em-decisao-final\/","og_site_name":"Jornal Ponto Mais","article_published_time":"2024-08-23T10:58:50+00:00","article_modified_time":"2024-08-23T10:59:32+00:00","og_image":[{"width":1170,"height":700,"url":"https:\/\/jornalpontomais.com\/site\/wp-content\/uploads\/2024\/08\/2024-07-29t105154z_1_lynxmpek6s0da_rtroptp_4_venezuela-election.webp","type":"image\/webp"}],"author":"Jornal Ponto Mais","twitter_card":"summary_large_image","twitter_misc":{"Escrito por":"Jornal Ponto Mais","Est. tempo de leitura":"4 minutos"},"schema":{"@context":"https:\/\/schema.org","@graph":[{"@type":"Article","@id":"https:\/\/jornalpontomais.com\/site\/2024\/08\/23\/supremo-da-venezuela-ratifica-reeleicao-de-maduro-em-decisao-final\/#article","isPartOf":{"@id":"https:\/\/jornalpontomais.com\/site\/2024\/08\/23\/supremo-da-venezuela-ratifica-reeleicao-de-maduro-em-decisao-final\/"},"author":{"name":"Jornal Ponto Mais","@id":"https:\/\/jornalpontomais.com\/site\/#\/schema\/person\/18323f0b0f1355f2490721c48389fe9d"},"headline":"Supremo da Venezuela ratifica reelei\u00e7\u00e3o de Maduro em decis\u00e3o final","datePublished":"2024-08-23T10:58:50+00:00","dateModified":"2024-08-23T10:59:32+00:00","mainEntityOfPage":{"@id":"https:\/\/jornalpontomais.com\/site\/2024\/08\/23\/supremo-da-venezuela-ratifica-reeleicao-de-maduro-em-decisao-final\/"},"wordCount":761,"commentCount":0,"publisher":{"@id":"https:\/\/jornalpontomais.com\/site\/#organization"},"image":{"@id":"https:\/\/jornalpontomais.com\/site\/2024\/08\/23\/supremo-da-venezuela-ratifica-reeleicao-de-maduro-em-decisao-final\/#primaryimage"},"thumbnailUrl":"https:\/\/jornalpontomais.com\/site\/wp-content\/uploads\/2024\/08\/2024-07-29t105154z_1_lynxmpek6s0da_rtroptp_4_venezuela-election.webp","articleSection":["Pol\u00edtica"],"inLanguage":"pt-BR","potentialAction":[{"@type":"CommentAction","name":"Comment","target":["https:\/\/jornalpontomais.com\/site\/2024\/08\/23\/supremo-da-venezuela-ratifica-reeleicao-de-maduro-em-decisao-final\/#respond"]}]},{"@type":"WebPage","@id":"https:\/\/jornalpontomais.com\/site\/2024\/08\/23\/supremo-da-venezuela-ratifica-reeleicao-de-maduro-em-decisao-final\/","url":"https:\/\/jornalpontomais.com\/site\/2024\/08\/23\/supremo-da-venezuela-ratifica-reeleicao-de-maduro-em-decisao-final\/","name":"Supremo da Venezuela ratifica reelei\u00e7\u00e3o de Maduro em decis\u00e3o final - Jornal Ponto Mais","isPartOf":{"@id":"https:\/\/jornalpontomais.com\/site\/#website"},"primaryImageOfPage":{"@id":"https:\/\/jornalpontomais.com\/site\/2024\/08\/23\/supremo-da-venezuela-ratifica-reeleicao-de-maduro-em-decisao-final\/#primaryimage"},"image":{"@id":"https:\/\/jornalpontomais.com\/site\/2024\/08\/23\/supremo-da-venezuela-ratifica-reeleicao-de-maduro-em-decisao-final\/#primaryimage"},"thumbnailUrl":"https:\/\/jornalpontomais.com\/site\/wp-content\/uploads\/2024\/08\/2024-07-29t105154z_1_lynxmpek6s0da_rtroptp_4_venezuela-election.webp","datePublished":"2024-08-23T10:58:50+00:00","dateModified":"2024-08-23T10:59:32+00:00","breadcrumb":{"@id":"https:\/\/jornalpontomais.com\/site\/2024\/08\/23\/supremo-da-venezuela-ratifica-reeleicao-de-maduro-em-decisao-final\/#breadcrumb"},"inLanguage":"pt-BR","potentialAction":[{"@type":"ReadAction","target":["https:\/\/jornalpontomais.com\/site\/2024\/08\/23\/supremo-da-venezuela-ratifica-reeleicao-de-maduro-em-decisao-final\/"]}]},{"@type":"ImageObject","inLanguage":"pt-BR","@id":"https:\/\/jornalpontomais.com\/site\/2024\/08\/23\/supremo-da-venezuela-ratifica-reeleicao-de-maduro-em-decisao-final\/#primaryimage","url":"https:\/\/jornalpontomais.com\/site\/wp-content\/uploads\/2024\/08\/2024-07-29t105154z_1_lynxmpek6s0da_rtroptp_4_venezuela-election.webp","contentUrl":"https:\/\/jornalpontomais.com\/site\/wp-content\/uploads\/2024\/08\/2024-07-29t105154z_1_lynxmpek6s0da_rtroptp_4_venezuela-election.webp","width":1170,"height":700},{"@type":"BreadcrumbList","@id":"https:\/\/jornalpontomais.com\/site\/2024\/08\/23\/supremo-da-venezuela-ratifica-reeleicao-de-maduro-em-decisao-final\/#breadcrumb","itemListElement":[{"@type":"ListItem","position":1,"name":"In\u00edcio","item":"https:\/\/jornalpontomais.com\/site\/"},{"@type":"ListItem","position":2,"name":"Supremo da Venezuela ratifica reelei\u00e7\u00e3o de Maduro em decis\u00e3o final"}]},{"@type":"WebSite","@id":"https:\/\/jornalpontomais.com\/site\/#website","url":"https:\/\/jornalpontomais.com\/site\/","name":"Jornal Ponto Mais","description":"As principais not\u00edcias do Brasil e do mundo. Confira!","publisher":{"@id":"https:\/\/jornalpontomais.com\/site\/#organization"},"potentialAction":[{"@type":"SearchAction","target":{"@type":"EntryPoint","urlTemplate":"https:\/\/jornalpontomais.com\/site\/?s={search_term_string}"},"query-input":{"@type":"PropertyValueSpecification","valueRequired":true,"valueName":"search_term_string"}}],"inLanguage":"pt-BR"},{"@type":"Organization","@id":"https:\/\/jornalpontomais.com\/site\/#organization","name":"Jornal Ponto+","url":"https:\/\/jornalpontomais.com\/site\/","logo":{"@type":"ImageObject","inLanguage":"pt-BR","@id":"https:\/\/jornalpontomais.com\/site\/#\/schema\/logo\/image\/","url":"https:\/\/jornalpontomais.com\/site\/wp-content\/uploads\/2022\/01\/marca.png","contentUrl":"https:\/\/jornalpontomais.com\/site\/wp-content\/uploads\/2022\/01\/marca.png","width":582,"height":148,"caption":"Jornal Ponto+"},"image":{"@id":"https:\/\/jornalpontomais.com\/site\/#\/schema\/logo\/image\/"}},{"@type":"Person","@id":"https:\/\/jornalpontomais.com\/site\/#\/schema\/person\/18323f0b0f1355f2490721c48389fe9d","name":"Jornal Ponto Mais","image":{"@type":"ImageObject","inLanguage":"pt-BR","@id":"https:\/\/secure.gravatar.com\/avatar\/2ee0a9b7fe10fe32bdec8bc086e871e41eb5f4f6ecbcb7b4f2fe0d92d831405f?s=96&d=mm&r=g","url":"https:\/\/secure.gravatar.com\/avatar\/2ee0a9b7fe10fe32bdec8bc086e871e41eb5f4f6ecbcb7b4f2fe0d92d831405f?s=96&d=mm&r=g","contentUrl":"https:\/\/secure.gravatar.com\/avatar\/2ee0a9b7fe10fe32bdec8bc086e871e41eb5f4f6ecbcb7b4f2fe0d92d831405f?s=96&d=mm&r=g","caption":"Jornal Ponto Mais"},"sameAs":["https:\/\/jornalpontomais.com\/site","jornalpontomais"],"url":"https:\/\/jornalpontomais.com\/site\/author\/jornalpontomais\/"}]}},"_links":{"self":[{"href":"https:\/\/jornalpontomais.com\/site\/wp-json\/wp\/v2\/posts\/14752","targetHints":{"allow":["GET"]}}],"collection":[{"href":"https:\/\/jornalpontomais.com\/site\/wp-json\/wp\/v2\/posts"}],"about":[{"href":"https:\/\/jornalpontomais.com\/site\/wp-json\/wp\/v2\/types\/post"}],"author":[{"embeddable":true,"href":"https:\/\/jornalpontomais.com\/site\/wp-json\/wp\/v2\/users\/2"}],"replies":[{"embeddable":true,"href":"https:\/\/jornalpontomais.com\/site\/wp-json\/wp\/v2\/comments?post=14752"}],"version-history":[{"count":2,"href":"https:\/\/jornalpontomais.com\/site\/wp-json\/wp\/v2\/posts\/14752\/revisions"}],"predecessor-version":[{"id":14755,"href":"https:\/\/jornalpontomais.com\/site\/wp-json\/wp\/v2\/posts\/14752\/revisions\/14755"}],"wp:featuredmedia":[{"embeddable":true,"href":"https:\/\/jornalpontomais.com\/site\/wp-json\/wp\/v2\/media\/14753"}],"wp:attachment":[{"href":"https:\/\/jornalpontomais.com\/site\/wp-json\/wp\/v2\/media?parent=14752"}],"wp:term":[{"taxonomy":"category","embeddable":true,"href":"https:\/\/jornalpontomais.com\/site\/wp-json\/wp\/v2\/categories?post=14752"},{"taxonomy":"post_tag","embeddable":true,"href":"https:\/\/jornalpontomais.com\/site\/wp-json\/wp\/v2\/tags?post=14752"}],"curies":[{"name":"wp","href":"https:\/\/api.w.org\/{rel}","templated":true}]}}