{"id":14718,"date":"2024-08-21T09:07:26","date_gmt":"2024-08-21T12:07:26","guid":{"rendered":"https:\/\/jornalpontomais.com\/site\/?p=14718"},"modified":"2024-08-21T15:11:22","modified_gmt":"2024-08-21T18:11:22","slug":"candidaturas-com-identidade-religiosa-crescem-225-em-24-anos","status":"publish","type":"post","link":"https:\/\/jornalpontomais.com\/site\/2024\/08\/21\/candidaturas-com-identidade-religiosa-crescem-225-em-24-anos\/","title":{"rendered":"Candidaturas com identidade religiosa crescem 225% em 24 anos"},"content":{"rendered":"\n<p>O n\u00famero de candidatos a vereador e prefeito que usam de forma expl\u00edcita uma identidade religiosa em seus nomes de campanha cresceu cerca de 225% ao longo de 24 anos. Em um levantamento in\u00e9dito, o Instituto de Pesquisa e Reputa\u00e7\u00e3o de Imagem (IPRI), da FSB Holding, coletou dados do portal de estat\u00edsticas do Tribunal Superior Eleitoral (TSE) das \u00faltimas sete elei\u00e7\u00f5es municipais, entre 2000 e 2024. A pesquisa, com dados exclusivos obtidos pela\u00a0<strong>Ag\u00eancia Brasil<\/strong>, mostra que o ritmo de crescimento de candidaturas com vi\u00e9s religioso \u00e9 16 vezes maior que o de aumento do total de candidaturas nos pleitos locais.<img decoding=\"async\" src=\"https:\/\/agenciabrasil.ebc.com.br\/ebc.png?id=1608632&amp;o=node\"><img decoding=\"async\" src=\"https:\/\/agenciabrasil.ebc.com.br\/ebc.gif?id=1608632&amp;o=node\"><br><br><\/p>\n\n\n\n<p>Em 2000, o n\u00famero de candidaturas com identidade religiosa foi de 2.215, em termos absolutos. J\u00e1 em 2024, chegou a 7.206 (+225%). Nesse mesmo intervalo de 24 anos, o n\u00famero total de candidaturas subiu 14%, passando de 399.330, em 2000, para 454.689\u00a0nas elei\u00e7\u00f5es municipais deste ano. Em 2000, o n\u00famero de candidaturas com identidade religiosa representava 0,55% do total, enquanto nas elei\u00e7\u00f5es deste ano elas representam 1,6% do n\u00famero total de candidatos inscritos.<br><br><\/p>\n\n\n\n<p>Em termos absolutos, em 2000, foram registradas 2.215 candidaturas com identidade religiosa. Em 2024, esse n\u00famero saltou para 7.206, representando um crescimento de 225%. Durante o mesmo per\u00edodo de 24 anos, o total de candidaturas aumentou apenas 14%, passando de 399.330 em 2000 para 454.689 nas elei\u00e7\u00f5es municipais deste ano. Em 2000, as candidaturas religiosas representavam 0,55% do total, enquanto em 2024, essa porcentagem cresceu para 1,6%.<br><br><\/p>\n\n\n\n<p><strong>Metodologia e an\u00e1lise<\/strong><\/p>\n\n\n\n<p>O IPRI analisou os nomes de todos os candidatos ao longo dos pleitos, aplicando filtros que identificaram v\u00ednculos diretos com religi\u00f5es evang\u00e9licas, cat\u00f3licas e de matriz africana. Entre as palavras usadas para identificar essas candidaturas estavam termos como: pastor, padre, pai, m\u00e3e, mission\u00e1rio, bispo, ap\u00f3stolo, irm\u00e3o, irm\u00e3, al\u00e9m de nomes associados a entidades das religi\u00f5es afro-brasileiras.<br><br><\/p>\n\n\n\n<p>O pico de candidaturas religiosas foi registrado em 2020, com 9.196 concorrentes. Contudo, nesse pleito, o n\u00famero total de candidaturas era cerca de 100 mil a mais que em 2024, alcan\u00e7ando 557.678 inscri\u00e7\u00f5es. A redu\u00e7\u00e3o no n\u00famero total de candidatos reflete mudan\u00e7as como o fim das coliga\u00e7\u00f5es proporcionais, a distribui\u00e7\u00e3o de recursos do fundo eleitoral e o aumento dos custos de campanha.<br><br><\/p>\n\n\n\n<p><strong>Predomin\u00e2ncia evang\u00e9lica<\/strong><\/p>\n\n\n\n<p>Os candidatos com t\u00edtulos relacionados \u00e0 religi\u00e3o evang\u00e9lica dominam as candidaturas com identidade religiosa. Nas elei\u00e7\u00f5es de 2024, termos como pastor (2.856), irm\u00e3o (1.777), pastora (862), irm\u00e3 (835) e mission\u00e1ria (247) foram os mais recorrentes, somando 6.557 candidaturas, o que equivale a mais de 91% do total de candidaturas religiosas.<br><br><\/p>\n\n\n\n<p>Outros termos associados aos evang\u00e9licos, como mission\u00e1rio (48), ap\u00f3stolo (23) e ministro (tr\u00eas), tamb\u00e9m apareceram, embora em menor quantidade. Nomes vinculados a religi\u00f5es de matriz africana, como pai (106) e m\u00e3e (81), e cat\u00f3licos, como padre (68), surgiram de forma mais modesta.<br><br><\/p>\n\n\n\n<p><strong>A mobiliza\u00e7\u00e3o religiosa no contexto eleitoral<\/strong><\/p>\n\n\n\n<p>A mobiliza\u00e7\u00e3o religiosa nas campanhas eleitorais \u00e9 uma realidade crescente no Brasil, impulsionada por novos movimentos religiosos que buscam representa\u00e7\u00e3o pol\u00edtica. Desde a redemocratiza\u00e7\u00e3o e a promulga\u00e7\u00e3o da Constitui\u00e7\u00e3o de 1988, que garantiu maior liberdade religiosa, diferentes denomina\u00e7\u00f5es religiosas, especialmente evang\u00e9licas, passaram a reivindicar espa\u00e7o na pol\u00edtica institucional, que antes era dominado pela Igreja Cat\u00f3lica.<br><br><\/p>\n\n\n\n<p>Segundo a antrop\u00f3loga L\u00edvia Reis, pesquisadora do Museu Nacional da UFRJ e coordenadora da Plataforma Religi\u00e3o e Pol\u00edtica do Instituto de Estudos da Religi\u00e3o (ISER), a Igreja Universal do Reino de Deus (IURD) foi pioneira na d\u00e9cada de 1990 ao estabelecer uma estrat\u00e9gia pol\u00edtica para evang\u00e9licos, o que inspirou outras denomina\u00e7\u00f5es a seguirem o mesmo caminho.<br><br><\/p>\n\n\n\n<p><strong>Efici\u00eancia eleitoral das candidaturas religiosas<\/strong><\/p>\n\n\n\n<p>Em 2020, o ISER realizou uma pesquisa sobre candidaturas religiosas em oito capitais brasileiras, incluindo Rio de Janeiro, S\u00e3o Paulo e Salvador. Foram identificadas 1.043 candidaturas com identidade religiosa, representando, em m\u00e9dia, 10,71% do total de candidaturas nessas capitais. Ap\u00f3s as elei\u00e7\u00f5es, esses candidatos conquistaram 51,35% das cadeiras nas C\u00e2maras Municipais monitoradas.<br><br><\/p>\n\n\n\n<p>O relat\u00f3rio da pesquisa destaca que candidaturas que mobilizaram a religiosidade de forma direta durante a campanha tendem a ser mais votadas, indicando que essa estrat\u00e9gia \u00e9 eficaz para a elei\u00e7\u00e3o de candidatos.<\/p>\n","protected":false},"excerpt":{"rendered":"<p>O n\u00famero de candidatos a vereador e prefeito que usam de forma expl\u00edcita uma identidade religiosa em seus nomes de campanha cresceu cerca de 225% ao longo de 24 anos. Em um levantamento in\u00e9dito, o Instituto de Pesquisa e Reputa\u00e7\u00e3o de Imagem (IPRI), da FSB Holding, coletou dados do portal de estat\u00edsticas do Tribunal Superior [&hellip;]<\/p>\n","protected":false},"author":2,"featured_media":14719,"comment_status":"open","ping_status":"open","sticky":true,"template":"","format":"standard","meta":{"om_disable_all_campaigns":false,"_monsterinsights_skip_tracking":false,"_monsterinsights_sitenote_active":false,"_monsterinsights_sitenote_note":"","_monsterinsights_sitenote_category":0,"footnotes":""},"categories":[1],"tags":[],"class_list":["post-14718","post","type-post","status-publish","format-standard","has-post-thumbnail","hentry","category-politica"],"yoast_head":"<!-- This site is optimized with the Yoast SEO plugin v27.2 - https:\/\/yoast.com\/product\/yoast-seo-wordpress\/ -->\n<title>Candidaturas com identidade religiosa crescem 225% em 24 anos - Jornal Ponto Mais<\/title>\n<meta name=\"robots\" content=\"index, follow, max-snippet:-1, max-image-preview:large, max-video-preview:-1\" \/>\n<link rel=\"canonical\" href=\"https:\/\/jornalpontomais.com\/site\/2024\/08\/21\/candidaturas-com-identidade-religiosa-crescem-225-em-24-anos\/\" \/>\n<meta property=\"og:locale\" content=\"pt_BR\" \/>\n<meta property=\"og:type\" content=\"article\" \/>\n<meta property=\"og:title\" content=\"Candidaturas com identidade religiosa crescem 225% em 24 anos - Jornal Ponto Mais\" \/>\n<meta property=\"og:description\" content=\"O n\u00famero de candidatos a vereador e prefeito que usam de forma expl\u00edcita uma identidade religiosa em seus nomes de campanha cresceu cerca de 225% ao longo de 24 anos. Em um levantamento in\u00e9dito, o Instituto de Pesquisa e Reputa\u00e7\u00e3o de Imagem (IPRI), da FSB Holding, coletou dados do portal de estat\u00edsticas do Tribunal Superior [&hellip;]\" \/>\n<meta property=\"og:url\" content=\"https:\/\/jornalpontomais.com\/site\/2024\/08\/21\/candidaturas-com-identidade-religiosa-crescem-225-em-24-anos\/\" \/>\n<meta property=\"og:site_name\" content=\"Jornal Ponto Mais\" \/>\n<meta property=\"article:published_time\" content=\"2024-08-21T12:07:26+00:00\" \/>\n<meta property=\"article:modified_time\" content=\"2024-08-21T18:11:22+00:00\" \/>\n<meta property=\"og:image\" content=\"https:\/\/jornalpontomais.com\/site\/wp-content\/uploads\/2024\/08\/fe-Politica_Padre.jpg\" \/>\n\t<meta property=\"og:image:width\" content=\"450\" \/>\n\t<meta property=\"og:image:height\" content=\"302\" \/>\n\t<meta property=\"og:image:type\" content=\"image\/jpeg\" \/>\n<meta name=\"author\" content=\"Jornal Ponto Mais\" \/>\n<meta name=\"twitter:card\" content=\"summary_large_image\" \/>\n<meta name=\"twitter:label1\" content=\"Escrito por\" \/>\n\t<meta name=\"twitter:data1\" content=\"Jornal Ponto Mais\" \/>\n\t<meta name=\"twitter:label2\" content=\"Est. tempo de leitura\" \/>\n\t<meta name=\"twitter:data2\" content=\"3 minutos\" \/>\n<script type=\"application\/ld+json\" class=\"yoast-schema-graph\">{\"@context\":\"https:\/\/schema.org\",\"@graph\":[{\"@type\":\"Article\",\"@id\":\"https:\/\/jornalpontomais.com\/site\/2024\/08\/21\/candidaturas-com-identidade-religiosa-crescem-225-em-24-anos\/#article\",\"isPartOf\":{\"@id\":\"https:\/\/jornalpontomais.com\/site\/2024\/08\/21\/candidaturas-com-identidade-religiosa-crescem-225-em-24-anos\/\"},\"author\":{\"name\":\"Jornal Ponto Mais\",\"@id\":\"https:\/\/jornalpontomais.com\/site\/#\/schema\/person\/18323f0b0f1355f2490721c48389fe9d\"},\"headline\":\"Candidaturas com identidade religiosa crescem 225% em 24 anos\",\"datePublished\":\"2024-08-21T12:07:26+00:00\",\"dateModified\":\"2024-08-21T18:11:22+00:00\",\"mainEntityOfPage\":{\"@id\":\"https:\/\/jornalpontomais.com\/site\/2024\/08\/21\/candidaturas-com-identidade-religiosa-crescem-225-em-24-anos\/\"},\"wordCount\":694,\"commentCount\":0,\"publisher\":{\"@id\":\"https:\/\/jornalpontomais.com\/site\/#organization\"},\"image\":{\"@id\":\"https:\/\/jornalpontomais.com\/site\/2024\/08\/21\/candidaturas-com-identidade-religiosa-crescem-225-em-24-anos\/#primaryimage\"},\"thumbnailUrl\":\"https:\/\/jornalpontomais.com\/site\/wp-content\/uploads\/2024\/08\/fe-Politica_Padre.jpg\",\"articleSection\":[\"Pol\u00edtica\"],\"inLanguage\":\"pt-BR\",\"potentialAction\":[{\"@type\":\"CommentAction\",\"name\":\"Comment\",\"target\":[\"https:\/\/jornalpontomais.com\/site\/2024\/08\/21\/candidaturas-com-identidade-religiosa-crescem-225-em-24-anos\/#respond\"]}]},{\"@type\":\"WebPage\",\"@id\":\"https:\/\/jornalpontomais.com\/site\/2024\/08\/21\/candidaturas-com-identidade-religiosa-crescem-225-em-24-anos\/\",\"url\":\"https:\/\/jornalpontomais.com\/site\/2024\/08\/21\/candidaturas-com-identidade-religiosa-crescem-225-em-24-anos\/\",\"name\":\"Candidaturas com identidade religiosa crescem 225% em 24 anos - Jornal Ponto Mais\",\"isPartOf\":{\"@id\":\"https:\/\/jornalpontomais.com\/site\/#website\"},\"primaryImageOfPage\":{\"@id\":\"https:\/\/jornalpontomais.com\/site\/2024\/08\/21\/candidaturas-com-identidade-religiosa-crescem-225-em-24-anos\/#primaryimage\"},\"image\":{\"@id\":\"https:\/\/jornalpontomais.com\/site\/2024\/08\/21\/candidaturas-com-identidade-religiosa-crescem-225-em-24-anos\/#primaryimage\"},\"thumbnailUrl\":\"https:\/\/jornalpontomais.com\/site\/wp-content\/uploads\/2024\/08\/fe-Politica_Padre.jpg\",\"datePublished\":\"2024-08-21T12:07:26+00:00\",\"dateModified\":\"2024-08-21T18:11:22+00:00\",\"breadcrumb\":{\"@id\":\"https:\/\/jornalpontomais.com\/site\/2024\/08\/21\/candidaturas-com-identidade-religiosa-crescem-225-em-24-anos\/#breadcrumb\"},\"inLanguage\":\"pt-BR\",\"potentialAction\":[{\"@type\":\"ReadAction\",\"target\":[\"https:\/\/jornalpontomais.com\/site\/2024\/08\/21\/candidaturas-com-identidade-religiosa-crescem-225-em-24-anos\/\"]}]},{\"@type\":\"ImageObject\",\"inLanguage\":\"pt-BR\",\"@id\":\"https:\/\/jornalpontomais.com\/site\/2024\/08\/21\/candidaturas-com-identidade-religiosa-crescem-225-em-24-anos\/#primaryimage\",\"url\":\"https:\/\/jornalpontomais.com\/site\/wp-content\/uploads\/2024\/08\/fe-Politica_Padre.jpg\",\"contentUrl\":\"https:\/\/jornalpontomais.com\/site\/wp-content\/uploads\/2024\/08\/fe-Politica_Padre.jpg\",\"width\":450,\"height\":302},{\"@type\":\"BreadcrumbList\",\"@id\":\"https:\/\/jornalpontomais.com\/site\/2024\/08\/21\/candidaturas-com-identidade-religiosa-crescem-225-em-24-anos\/#breadcrumb\",\"itemListElement\":[{\"@type\":\"ListItem\",\"position\":1,\"name\":\"In\u00edcio\",\"item\":\"https:\/\/jornalpontomais.com\/site\/\"},{\"@type\":\"ListItem\",\"position\":2,\"name\":\"Candidaturas com identidade religiosa crescem 225% em 24 anos\"}]},{\"@type\":\"WebSite\",\"@id\":\"https:\/\/jornalpontomais.com\/site\/#website\",\"url\":\"https:\/\/jornalpontomais.com\/site\/\",\"name\":\"Jornal Ponto Mais\",\"description\":\"As principais not\u00edcias do Brasil e do mundo. Confira!\",\"publisher\":{\"@id\":\"https:\/\/jornalpontomais.com\/site\/#organization\"},\"potentialAction\":[{\"@type\":\"SearchAction\",\"target\":{\"@type\":\"EntryPoint\",\"urlTemplate\":\"https:\/\/jornalpontomais.com\/site\/?s={search_term_string}\"},\"query-input\":{\"@type\":\"PropertyValueSpecification\",\"valueRequired\":true,\"valueName\":\"search_term_string\"}}],\"inLanguage\":\"pt-BR\"},{\"@type\":\"Organization\",\"@id\":\"https:\/\/jornalpontomais.com\/site\/#organization\",\"name\":\"Jornal Ponto+\",\"url\":\"https:\/\/jornalpontomais.com\/site\/\",\"logo\":{\"@type\":\"ImageObject\",\"inLanguage\":\"pt-BR\",\"@id\":\"https:\/\/jornalpontomais.com\/site\/#\/schema\/logo\/image\/\",\"url\":\"https:\/\/jornalpontomais.com\/site\/wp-content\/uploads\/2022\/01\/marca.png\",\"contentUrl\":\"https:\/\/jornalpontomais.com\/site\/wp-content\/uploads\/2022\/01\/marca.png\",\"width\":582,\"height\":148,\"caption\":\"Jornal Ponto+\"},\"image\":{\"@id\":\"https:\/\/jornalpontomais.com\/site\/#\/schema\/logo\/image\/\"}},{\"@type\":\"Person\",\"@id\":\"https:\/\/jornalpontomais.com\/site\/#\/schema\/person\/18323f0b0f1355f2490721c48389fe9d\",\"name\":\"Jornal Ponto Mais\",\"image\":{\"@type\":\"ImageObject\",\"inLanguage\":\"pt-BR\",\"@id\":\"https:\/\/secure.gravatar.com\/avatar\/2ee0a9b7fe10fe32bdec8bc086e871e41eb5f4f6ecbcb7b4f2fe0d92d831405f?s=96&d=mm&r=g\",\"url\":\"https:\/\/secure.gravatar.com\/avatar\/2ee0a9b7fe10fe32bdec8bc086e871e41eb5f4f6ecbcb7b4f2fe0d92d831405f?s=96&d=mm&r=g\",\"contentUrl\":\"https:\/\/secure.gravatar.com\/avatar\/2ee0a9b7fe10fe32bdec8bc086e871e41eb5f4f6ecbcb7b4f2fe0d92d831405f?s=96&d=mm&r=g\",\"caption\":\"Jornal Ponto Mais\"},\"sameAs\":[\"https:\/\/jornalpontomais.com\/site\",\"jornalpontomais\"],\"url\":\"https:\/\/jornalpontomais.com\/site\/author\/jornalpontomais\/\"}]}<\/script>\n<!-- \/ Yoast SEO plugin. -->","yoast_head_json":{"title":"Candidaturas com identidade religiosa crescem 225% em 24 anos - Jornal Ponto Mais","robots":{"index":"index","follow":"follow","max-snippet":"max-snippet:-1","max-image-preview":"max-image-preview:large","max-video-preview":"max-video-preview:-1"},"canonical":"https:\/\/jornalpontomais.com\/site\/2024\/08\/21\/candidaturas-com-identidade-religiosa-crescem-225-em-24-anos\/","og_locale":"pt_BR","og_type":"article","og_title":"Candidaturas com identidade religiosa crescem 225% em 24 anos - Jornal Ponto Mais","og_description":"O n\u00famero de candidatos a vereador e prefeito que usam de forma expl\u00edcita uma identidade religiosa em seus nomes de campanha cresceu cerca de 225% ao longo de 24 anos. Em um levantamento in\u00e9dito, o Instituto de Pesquisa e Reputa\u00e7\u00e3o de Imagem (IPRI), da FSB Holding, coletou dados do portal de estat\u00edsticas do Tribunal Superior [&hellip;]","og_url":"https:\/\/jornalpontomais.com\/site\/2024\/08\/21\/candidaturas-com-identidade-religiosa-crescem-225-em-24-anos\/","og_site_name":"Jornal Ponto Mais","article_published_time":"2024-08-21T12:07:26+00:00","article_modified_time":"2024-08-21T18:11:22+00:00","og_image":[{"width":450,"height":302,"url":"https:\/\/jornalpontomais.com\/site\/wp-content\/uploads\/2024\/08\/fe-Politica_Padre.jpg","type":"image\/jpeg"}],"author":"Jornal Ponto Mais","twitter_card":"summary_large_image","twitter_misc":{"Escrito por":"Jornal Ponto Mais","Est. tempo de leitura":"3 minutos"},"schema":{"@context":"https:\/\/schema.org","@graph":[{"@type":"Article","@id":"https:\/\/jornalpontomais.com\/site\/2024\/08\/21\/candidaturas-com-identidade-religiosa-crescem-225-em-24-anos\/#article","isPartOf":{"@id":"https:\/\/jornalpontomais.com\/site\/2024\/08\/21\/candidaturas-com-identidade-religiosa-crescem-225-em-24-anos\/"},"author":{"name":"Jornal Ponto Mais","@id":"https:\/\/jornalpontomais.com\/site\/#\/schema\/person\/18323f0b0f1355f2490721c48389fe9d"},"headline":"Candidaturas com identidade religiosa crescem 225% em 24 anos","datePublished":"2024-08-21T12:07:26+00:00","dateModified":"2024-08-21T18:11:22+00:00","mainEntityOfPage":{"@id":"https:\/\/jornalpontomais.com\/site\/2024\/08\/21\/candidaturas-com-identidade-religiosa-crescem-225-em-24-anos\/"},"wordCount":694,"commentCount":0,"publisher":{"@id":"https:\/\/jornalpontomais.com\/site\/#organization"},"image":{"@id":"https:\/\/jornalpontomais.com\/site\/2024\/08\/21\/candidaturas-com-identidade-religiosa-crescem-225-em-24-anos\/#primaryimage"},"thumbnailUrl":"https:\/\/jornalpontomais.com\/site\/wp-content\/uploads\/2024\/08\/fe-Politica_Padre.jpg","articleSection":["Pol\u00edtica"],"inLanguage":"pt-BR","potentialAction":[{"@type":"CommentAction","name":"Comment","target":["https:\/\/jornalpontomais.com\/site\/2024\/08\/21\/candidaturas-com-identidade-religiosa-crescem-225-em-24-anos\/#respond"]}]},{"@type":"WebPage","@id":"https:\/\/jornalpontomais.com\/site\/2024\/08\/21\/candidaturas-com-identidade-religiosa-crescem-225-em-24-anos\/","url":"https:\/\/jornalpontomais.com\/site\/2024\/08\/21\/candidaturas-com-identidade-religiosa-crescem-225-em-24-anos\/","name":"Candidaturas com identidade religiosa crescem 225% em 24 anos - Jornal Ponto Mais","isPartOf":{"@id":"https:\/\/jornalpontomais.com\/site\/#website"},"primaryImageOfPage":{"@id":"https:\/\/jornalpontomais.com\/site\/2024\/08\/21\/candidaturas-com-identidade-religiosa-crescem-225-em-24-anos\/#primaryimage"},"image":{"@id":"https:\/\/jornalpontomais.com\/site\/2024\/08\/21\/candidaturas-com-identidade-religiosa-crescem-225-em-24-anos\/#primaryimage"},"thumbnailUrl":"https:\/\/jornalpontomais.com\/site\/wp-content\/uploads\/2024\/08\/fe-Politica_Padre.jpg","datePublished":"2024-08-21T12:07:26+00:00","dateModified":"2024-08-21T18:11:22+00:00","breadcrumb":{"@id":"https:\/\/jornalpontomais.com\/site\/2024\/08\/21\/candidaturas-com-identidade-religiosa-crescem-225-em-24-anos\/#breadcrumb"},"inLanguage":"pt-BR","potentialAction":[{"@type":"ReadAction","target":["https:\/\/jornalpontomais.com\/site\/2024\/08\/21\/candidaturas-com-identidade-religiosa-crescem-225-em-24-anos\/"]}]},{"@type":"ImageObject","inLanguage":"pt-BR","@id":"https:\/\/jornalpontomais.com\/site\/2024\/08\/21\/candidaturas-com-identidade-religiosa-crescem-225-em-24-anos\/#primaryimage","url":"https:\/\/jornalpontomais.com\/site\/wp-content\/uploads\/2024\/08\/fe-Politica_Padre.jpg","contentUrl":"https:\/\/jornalpontomais.com\/site\/wp-content\/uploads\/2024\/08\/fe-Politica_Padre.jpg","width":450,"height":302},{"@type":"BreadcrumbList","@id":"https:\/\/jornalpontomais.com\/site\/2024\/08\/21\/candidaturas-com-identidade-religiosa-crescem-225-em-24-anos\/#breadcrumb","itemListElement":[{"@type":"ListItem","position":1,"name":"In\u00edcio","item":"https:\/\/jornalpontomais.com\/site\/"},{"@type":"ListItem","position":2,"name":"Candidaturas com identidade religiosa crescem 225% em 24 anos"}]},{"@type":"WebSite","@id":"https:\/\/jornalpontomais.com\/site\/#website","url":"https:\/\/jornalpontomais.com\/site\/","name":"Jornal Ponto Mais","description":"As principais not\u00edcias do Brasil e do mundo. Confira!","publisher":{"@id":"https:\/\/jornalpontomais.com\/site\/#organization"},"potentialAction":[{"@type":"SearchAction","target":{"@type":"EntryPoint","urlTemplate":"https:\/\/jornalpontomais.com\/site\/?s={search_term_string}"},"query-input":{"@type":"PropertyValueSpecification","valueRequired":true,"valueName":"search_term_string"}}],"inLanguage":"pt-BR"},{"@type":"Organization","@id":"https:\/\/jornalpontomais.com\/site\/#organization","name":"Jornal Ponto+","url":"https:\/\/jornalpontomais.com\/site\/","logo":{"@type":"ImageObject","inLanguage":"pt-BR","@id":"https:\/\/jornalpontomais.com\/site\/#\/schema\/logo\/image\/","url":"https:\/\/jornalpontomais.com\/site\/wp-content\/uploads\/2022\/01\/marca.png","contentUrl":"https:\/\/jornalpontomais.com\/site\/wp-content\/uploads\/2022\/01\/marca.png","width":582,"height":148,"caption":"Jornal Ponto+"},"image":{"@id":"https:\/\/jornalpontomais.com\/site\/#\/schema\/logo\/image\/"}},{"@type":"Person","@id":"https:\/\/jornalpontomais.com\/site\/#\/schema\/person\/18323f0b0f1355f2490721c48389fe9d","name":"Jornal Ponto Mais","image":{"@type":"ImageObject","inLanguage":"pt-BR","@id":"https:\/\/secure.gravatar.com\/avatar\/2ee0a9b7fe10fe32bdec8bc086e871e41eb5f4f6ecbcb7b4f2fe0d92d831405f?s=96&d=mm&r=g","url":"https:\/\/secure.gravatar.com\/avatar\/2ee0a9b7fe10fe32bdec8bc086e871e41eb5f4f6ecbcb7b4f2fe0d92d831405f?s=96&d=mm&r=g","contentUrl":"https:\/\/secure.gravatar.com\/avatar\/2ee0a9b7fe10fe32bdec8bc086e871e41eb5f4f6ecbcb7b4f2fe0d92d831405f?s=96&d=mm&r=g","caption":"Jornal Ponto Mais"},"sameAs":["https:\/\/jornalpontomais.com\/site","jornalpontomais"],"url":"https:\/\/jornalpontomais.com\/site\/author\/jornalpontomais\/"}]}},"_links":{"self":[{"href":"https:\/\/jornalpontomais.com\/site\/wp-json\/wp\/v2\/posts\/14718","targetHints":{"allow":["GET"]}}],"collection":[{"href":"https:\/\/jornalpontomais.com\/site\/wp-json\/wp\/v2\/posts"}],"about":[{"href":"https:\/\/jornalpontomais.com\/site\/wp-json\/wp\/v2\/types\/post"}],"author":[{"embeddable":true,"href":"https:\/\/jornalpontomais.com\/site\/wp-json\/wp\/v2\/users\/2"}],"replies":[{"embeddable":true,"href":"https:\/\/jornalpontomais.com\/site\/wp-json\/wp\/v2\/comments?post=14718"}],"version-history":[{"count":1,"href":"https:\/\/jornalpontomais.com\/site\/wp-json\/wp\/v2\/posts\/14718\/revisions"}],"predecessor-version":[{"id":14720,"href":"https:\/\/jornalpontomais.com\/site\/wp-json\/wp\/v2\/posts\/14718\/revisions\/14720"}],"wp:featuredmedia":[{"embeddable":true,"href":"https:\/\/jornalpontomais.com\/site\/wp-json\/wp\/v2\/media\/14719"}],"wp:attachment":[{"href":"https:\/\/jornalpontomais.com\/site\/wp-json\/wp\/v2\/media?parent=14718"}],"wp:term":[{"taxonomy":"category","embeddable":true,"href":"https:\/\/jornalpontomais.com\/site\/wp-json\/wp\/v2\/categories?post=14718"},{"taxonomy":"post_tag","embeddable":true,"href":"https:\/\/jornalpontomais.com\/site\/wp-json\/wp\/v2\/tags?post=14718"}],"curies":[{"name":"wp","href":"https:\/\/api.w.org\/{rel}","templated":true}]}}