{"id":14709,"date":"2024-08-20T12:04:53","date_gmt":"2024-08-20T15:04:53","guid":{"rendered":"https:\/\/jornalpontomais.com\/site\/?p=14709"},"modified":"2024-08-21T15:11:35","modified_gmt":"2024-08-21T18:11:35","slug":"vamos-aumentar-o-numero-de-medicos-em-inhumas-diz-ze-essado","status":"publish","type":"post","link":"https:\/\/jornalpontomais.com\/site\/2024\/08\/20\/vamos-aumentar-o-numero-de-medicos-em-inhumas-diz-ze-essado\/","title":{"rendered":"&#8220;Vamos aumentar o n\u00famero de m\u00e9dicos em Inhumas&#8221;, diz Z\u00e9 Essado"},"content":{"rendered":"\n<p>O candidato a prefeito de Inhumas, Z\u00e9 Essado (Uni\u00e3o Brasil), tem sido enf\u00e1tico em suas conversas com a popula\u00e7\u00e3o sobre a aten\u00e7\u00e3o especial que dar\u00e1 \u00e0 sa\u00fade na prefeitura. Ciente da situa\u00e7\u00e3o enfrentada no munic\u00edpio, ele assumiu o compromisso de mudar essa realidade. &#8220;Na minha gest\u00e3o, vamos contratar mais m\u00e9dicos e outros profissionais da sa\u00fade para melhorar o atendimento \u00e0 popula\u00e7\u00e3o&#8221;, afirma.<br><br><\/p>\n\n\n\n<p>No programa de governo e entre os compromissos do candidato com os inhumenses, tamb\u00e9m est\u00e3o a reforma do Hospital Municipal e a constru\u00e7\u00e3o do Posto de Sa\u00fade do Setor Alegrino Lelis.<br><br><\/p>\n\n\n\n<p>&#8220;A presta\u00e7\u00e3o adequada e digna do servi\u00e7o p\u00fablico de atendimento m\u00e9dico aos inhumenses \u00e9 a pior dos \u00faltimos anos. O nosso povo est\u00e1 abandonado nos postos de sa\u00fade. N\u00e3o tem m\u00e9dico suficiente no cais e na UPA, \u00e9 uma vergonha&#8221;, afirma Z\u00e9 Essado<br><br><\/p>\n\n\n\n<p>Do mesmo partido do governador, o Uni\u00e3o Brasil, o candidato Z\u00e9 Essado tem o compromisso de investimentos na \u00e1rea de sa\u00fade por parte do Governo de Goi\u00e1s. &#8220;Z\u00e9 Essado \u00e9 um homem trabalhador, comprometido e honesto. Ele tem o meu apoio e ter\u00e1 minha ajuda para mudar Inhumas e resgatar a dignidade da popula\u00e7\u00e3o&#8221;, afirmou o governador durante a conven\u00e7\u00e3o do partido que oficializou a candidatura de Z\u00e9 Essado.<br><br><\/p>\n\n\n\n<p>Essa parceria entre prefeitura e governo do Estado \u00e9 fundamental e o Z\u00e9 Essado sempre teve o apoio do l\u00edder estadual para promover a transforma\u00e7\u00e3o que Inhumas precisa. O pr\u00f3prio governador Ronaldo Caiado enfatizou que &#8220;Z\u00e9 Essado \u00e9 homem de palavra, que faz compromisso&nbsp;e&nbsp;os&nbsp;cumpre&#8221;.<\/p>\n","protected":false},"excerpt":{"rendered":"<p>O candidato a prefeito de Inhumas, Z\u00e9 Essado (Uni\u00e3o Brasil), tem sido enf\u00e1tico em suas conversas com a popula\u00e7\u00e3o sobre a aten\u00e7\u00e3o especial que dar\u00e1 \u00e0 sa\u00fade na prefeitura. Ciente da situa\u00e7\u00e3o enfrentada no munic\u00edpio, ele assumiu o compromisso de mudar essa realidade. &#8220;Na minha gest\u00e3o, vamos contratar mais m\u00e9dicos e outros profissionais da sa\u00fade [&hellip;]<\/p>\n","protected":false},"author":2,"featured_media":14710,"comment_status":"open","ping_status":"open","sticky":false,"template":"","format":"standard","meta":{"om_disable_all_campaigns":false,"_monsterinsights_skip_tracking":false,"_monsterinsights_sitenote_active":false,"_monsterinsights_sitenote_note":"","_monsterinsights_sitenote_category":0,"footnotes":""},"categories":[1],"tags":[],"class_list":["post-14709","post","type-post","status-publish","format-standard","has-post-thumbnail","hentry","category-politica"],"yoast_head":"<!-- This site is optimized with the Yoast SEO plugin v27.2 - https:\/\/yoast.com\/product\/yoast-seo-wordpress\/ -->\n<title>&quot;Vamos aumentar o n\u00famero de m\u00e9dicos em Inhumas&quot;, diz Z\u00e9 Essado - Jornal Ponto Mais<\/title>\n<meta name=\"robots\" content=\"index, follow, max-snippet:-1, max-image-preview:large, max-video-preview:-1\" \/>\n<link rel=\"canonical\" href=\"https:\/\/jornalpontomais.com\/site\/2024\/08\/20\/vamos-aumentar-o-numero-de-medicos-em-inhumas-diz-ze-essado\/\" \/>\n<meta property=\"og:locale\" content=\"pt_BR\" \/>\n<meta property=\"og:type\" content=\"article\" \/>\n<meta property=\"og:title\" content=\"&quot;Vamos aumentar o n\u00famero de m\u00e9dicos em Inhumas&quot;, diz Z\u00e9 Essado - Jornal Ponto Mais\" \/>\n<meta property=\"og:description\" content=\"O candidato a prefeito de Inhumas, Z\u00e9 Essado (Uni\u00e3o Brasil), tem sido enf\u00e1tico em suas conversas com a popula\u00e7\u00e3o sobre a aten\u00e7\u00e3o especial que dar\u00e1 \u00e0 sa\u00fade na prefeitura. Ciente da situa\u00e7\u00e3o enfrentada no munic\u00edpio, ele assumiu o compromisso de mudar essa realidade. &#8220;Na minha gest\u00e3o, vamos contratar mais m\u00e9dicos e outros profissionais da sa\u00fade [&hellip;]\" \/>\n<meta property=\"og:url\" content=\"https:\/\/jornalpontomais.com\/site\/2024\/08\/20\/vamos-aumentar-o-numero-de-medicos-em-inhumas-diz-ze-essado\/\" \/>\n<meta property=\"og:site_name\" content=\"Jornal Ponto Mais\" \/>\n<meta property=\"article:published_time\" content=\"2024-08-20T15:04:53+00:00\" \/>\n<meta property=\"article:modified_time\" content=\"2024-08-21T18:11:35+00:00\" \/>\n<meta property=\"og:image\" content=\"https:\/\/jornalpontomais.com\/site\/wp-content\/uploads\/2024\/08\/Foto-Ze-Essado-30-x-20-cm-6.jpg\" \/>\n\t<meta property=\"og:image:width\" content=\"2000\" \/>\n\t<meta property=\"og:image:height\" content=\"1333\" \/>\n\t<meta property=\"og:image:type\" content=\"image\/jpeg\" \/>\n<meta name=\"author\" content=\"Jornal Ponto Mais\" \/>\n<meta name=\"twitter:card\" content=\"summary_large_image\" \/>\n<meta name=\"twitter:label1\" content=\"Escrito por\" \/>\n\t<meta name=\"twitter:data1\" content=\"Jornal Ponto Mais\" \/>\n\t<meta name=\"twitter:label2\" content=\"Est. tempo de leitura\" \/>\n\t<meta name=\"twitter:data2\" content=\"1 minuto\" \/>\n<script type=\"application\/ld+json\" class=\"yoast-schema-graph\">{\"@context\":\"https:\/\/schema.org\",\"@graph\":[{\"@type\":\"Article\",\"@id\":\"https:\/\/jornalpontomais.com\/site\/2024\/08\/20\/vamos-aumentar-o-numero-de-medicos-em-inhumas-diz-ze-essado\/#article\",\"isPartOf\":{\"@id\":\"https:\/\/jornalpontomais.com\/site\/2024\/08\/20\/vamos-aumentar-o-numero-de-medicos-em-inhumas-diz-ze-essado\/\"},\"author\":{\"name\":\"Jornal Ponto Mais\",\"@id\":\"https:\/\/jornalpontomais.com\/site\/#\/schema\/person\/18323f0b0f1355f2490721c48389fe9d\"},\"headline\":\"&#8220;Vamos aumentar o n\u00famero de m\u00e9dicos em Inhumas&#8221;, diz Z\u00e9 Essado\",\"datePublished\":\"2024-08-20T15:04:53+00:00\",\"dateModified\":\"2024-08-21T18:11:35+00:00\",\"mainEntityOfPage\":{\"@id\":\"https:\/\/jornalpontomais.com\/site\/2024\/08\/20\/vamos-aumentar-o-numero-de-medicos-em-inhumas-diz-ze-essado\/\"},\"wordCount\":291,\"commentCount\":0,\"publisher\":{\"@id\":\"https:\/\/jornalpontomais.com\/site\/#organization\"},\"image\":{\"@id\":\"https:\/\/jornalpontomais.com\/site\/2024\/08\/20\/vamos-aumentar-o-numero-de-medicos-em-inhumas-diz-ze-essado\/#primaryimage\"},\"thumbnailUrl\":\"https:\/\/jornalpontomais.com\/site\/wp-content\/uploads\/2024\/08\/Foto-Ze-Essado-30-x-20-cm-6.jpg\",\"articleSection\":[\"Pol\u00edtica\"],\"inLanguage\":\"pt-BR\",\"potentialAction\":[{\"@type\":\"CommentAction\",\"name\":\"Comment\",\"target\":[\"https:\/\/jornalpontomais.com\/site\/2024\/08\/20\/vamos-aumentar-o-numero-de-medicos-em-inhumas-diz-ze-essado\/#respond\"]}]},{\"@type\":\"WebPage\",\"@id\":\"https:\/\/jornalpontomais.com\/site\/2024\/08\/20\/vamos-aumentar-o-numero-de-medicos-em-inhumas-diz-ze-essado\/\",\"url\":\"https:\/\/jornalpontomais.com\/site\/2024\/08\/20\/vamos-aumentar-o-numero-de-medicos-em-inhumas-diz-ze-essado\/\",\"name\":\"\\\"Vamos aumentar o n\u00famero de m\u00e9dicos em Inhumas\\\", diz Z\u00e9 Essado - Jornal Ponto Mais\",\"isPartOf\":{\"@id\":\"https:\/\/jornalpontomais.com\/site\/#website\"},\"primaryImageOfPage\":{\"@id\":\"https:\/\/jornalpontomais.com\/site\/2024\/08\/20\/vamos-aumentar-o-numero-de-medicos-em-inhumas-diz-ze-essado\/#primaryimage\"},\"image\":{\"@id\":\"https:\/\/jornalpontomais.com\/site\/2024\/08\/20\/vamos-aumentar-o-numero-de-medicos-em-inhumas-diz-ze-essado\/#primaryimage\"},\"thumbnailUrl\":\"https:\/\/jornalpontomais.com\/site\/wp-content\/uploads\/2024\/08\/Foto-Ze-Essado-30-x-20-cm-6.jpg\",\"datePublished\":\"2024-08-20T15:04:53+00:00\",\"dateModified\":\"2024-08-21T18:11:35+00:00\",\"breadcrumb\":{\"@id\":\"https:\/\/jornalpontomais.com\/site\/2024\/08\/20\/vamos-aumentar-o-numero-de-medicos-em-inhumas-diz-ze-essado\/#breadcrumb\"},\"inLanguage\":\"pt-BR\",\"potentialAction\":[{\"@type\":\"ReadAction\",\"target\":[\"https:\/\/jornalpontomais.com\/site\/2024\/08\/20\/vamos-aumentar-o-numero-de-medicos-em-inhumas-diz-ze-essado\/\"]}]},{\"@type\":\"ImageObject\",\"inLanguage\":\"pt-BR\",\"@id\":\"https:\/\/jornalpontomais.com\/site\/2024\/08\/20\/vamos-aumentar-o-numero-de-medicos-em-inhumas-diz-ze-essado\/#primaryimage\",\"url\":\"https:\/\/jornalpontomais.com\/site\/wp-content\/uploads\/2024\/08\/Foto-Ze-Essado-30-x-20-cm-6.jpg\",\"contentUrl\":\"https:\/\/jornalpontomais.com\/site\/wp-content\/uploads\/2024\/08\/Foto-Ze-Essado-30-x-20-cm-6.jpg\",\"width\":2000,\"height\":1333},{\"@type\":\"BreadcrumbList\",\"@id\":\"https:\/\/jornalpontomais.com\/site\/2024\/08\/20\/vamos-aumentar-o-numero-de-medicos-em-inhumas-diz-ze-essado\/#breadcrumb\",\"itemListElement\":[{\"@type\":\"ListItem\",\"position\":1,\"name\":\"In\u00edcio\",\"item\":\"https:\/\/jornalpontomais.com\/site\/\"},{\"@type\":\"ListItem\",\"position\":2,\"name\":\"&#8220;Vamos aumentar o n\u00famero de m\u00e9dicos em Inhumas&#8221;, diz Z\u00e9 Essado\"}]},{\"@type\":\"WebSite\",\"@id\":\"https:\/\/jornalpontomais.com\/site\/#website\",\"url\":\"https:\/\/jornalpontomais.com\/site\/\",\"name\":\"Jornal Ponto Mais\",\"description\":\"As principais not\u00edcias do Brasil e do mundo. Confira!\",\"publisher\":{\"@id\":\"https:\/\/jornalpontomais.com\/site\/#organization\"},\"potentialAction\":[{\"@type\":\"SearchAction\",\"target\":{\"@type\":\"EntryPoint\",\"urlTemplate\":\"https:\/\/jornalpontomais.com\/site\/?s={search_term_string}\"},\"query-input\":{\"@type\":\"PropertyValueSpecification\",\"valueRequired\":true,\"valueName\":\"search_term_string\"}}],\"inLanguage\":\"pt-BR\"},{\"@type\":\"Organization\",\"@id\":\"https:\/\/jornalpontomais.com\/site\/#organization\",\"name\":\"Jornal Ponto+\",\"url\":\"https:\/\/jornalpontomais.com\/site\/\",\"logo\":{\"@type\":\"ImageObject\",\"inLanguage\":\"pt-BR\",\"@id\":\"https:\/\/jornalpontomais.com\/site\/#\/schema\/logo\/image\/\",\"url\":\"https:\/\/jornalpontomais.com\/site\/wp-content\/uploads\/2022\/01\/marca.png\",\"contentUrl\":\"https:\/\/jornalpontomais.com\/site\/wp-content\/uploads\/2022\/01\/marca.png\",\"width\":582,\"height\":148,\"caption\":\"Jornal Ponto+\"},\"image\":{\"@id\":\"https:\/\/jornalpontomais.com\/site\/#\/schema\/logo\/image\/\"}},{\"@type\":\"Person\",\"@id\":\"https:\/\/jornalpontomais.com\/site\/#\/schema\/person\/18323f0b0f1355f2490721c48389fe9d\",\"name\":\"Jornal Ponto Mais\",\"image\":{\"@type\":\"ImageObject\",\"inLanguage\":\"pt-BR\",\"@id\":\"https:\/\/secure.gravatar.com\/avatar\/2ee0a9b7fe10fe32bdec8bc086e871e41eb5f4f6ecbcb7b4f2fe0d92d831405f?s=96&d=mm&r=g\",\"url\":\"https:\/\/secure.gravatar.com\/avatar\/2ee0a9b7fe10fe32bdec8bc086e871e41eb5f4f6ecbcb7b4f2fe0d92d831405f?s=96&d=mm&r=g\",\"contentUrl\":\"https:\/\/secure.gravatar.com\/avatar\/2ee0a9b7fe10fe32bdec8bc086e871e41eb5f4f6ecbcb7b4f2fe0d92d831405f?s=96&d=mm&r=g\",\"caption\":\"Jornal Ponto Mais\"},\"sameAs\":[\"https:\/\/jornalpontomais.com\/site\",\"jornalpontomais\"],\"url\":\"https:\/\/jornalpontomais.com\/site\/author\/jornalpontomais\/\"}]}<\/script>\n<!-- \/ Yoast SEO plugin. -->","yoast_head_json":{"title":"\"Vamos aumentar o n\u00famero de m\u00e9dicos em Inhumas\", diz Z\u00e9 Essado - Jornal Ponto Mais","robots":{"index":"index","follow":"follow","max-snippet":"max-snippet:-1","max-image-preview":"max-image-preview:large","max-video-preview":"max-video-preview:-1"},"canonical":"https:\/\/jornalpontomais.com\/site\/2024\/08\/20\/vamos-aumentar-o-numero-de-medicos-em-inhumas-diz-ze-essado\/","og_locale":"pt_BR","og_type":"article","og_title":"\"Vamos aumentar o n\u00famero de m\u00e9dicos em Inhumas\", diz Z\u00e9 Essado - Jornal Ponto Mais","og_description":"O candidato a prefeito de Inhumas, Z\u00e9 Essado (Uni\u00e3o Brasil), tem sido enf\u00e1tico em suas conversas com a popula\u00e7\u00e3o sobre a aten\u00e7\u00e3o especial que dar\u00e1 \u00e0 sa\u00fade na prefeitura. Ciente da situa\u00e7\u00e3o enfrentada no munic\u00edpio, ele assumiu o compromisso de mudar essa realidade. &#8220;Na minha gest\u00e3o, vamos contratar mais m\u00e9dicos e outros profissionais da sa\u00fade [&hellip;]","og_url":"https:\/\/jornalpontomais.com\/site\/2024\/08\/20\/vamos-aumentar-o-numero-de-medicos-em-inhumas-diz-ze-essado\/","og_site_name":"Jornal Ponto Mais","article_published_time":"2024-08-20T15:04:53+00:00","article_modified_time":"2024-08-21T18:11:35+00:00","og_image":[{"width":2000,"height":1333,"url":"https:\/\/jornalpontomais.com\/site\/wp-content\/uploads\/2024\/08\/Foto-Ze-Essado-30-x-20-cm-6.jpg","type":"image\/jpeg"}],"author":"Jornal Ponto Mais","twitter_card":"summary_large_image","twitter_misc":{"Escrito por":"Jornal Ponto Mais","Est. tempo de leitura":"1 minuto"},"schema":{"@context":"https:\/\/schema.org","@graph":[{"@type":"Article","@id":"https:\/\/jornalpontomais.com\/site\/2024\/08\/20\/vamos-aumentar-o-numero-de-medicos-em-inhumas-diz-ze-essado\/#article","isPartOf":{"@id":"https:\/\/jornalpontomais.com\/site\/2024\/08\/20\/vamos-aumentar-o-numero-de-medicos-em-inhumas-diz-ze-essado\/"},"author":{"name":"Jornal Ponto Mais","@id":"https:\/\/jornalpontomais.com\/site\/#\/schema\/person\/18323f0b0f1355f2490721c48389fe9d"},"headline":"&#8220;Vamos aumentar o n\u00famero de m\u00e9dicos em Inhumas&#8221;, diz Z\u00e9 Essado","datePublished":"2024-08-20T15:04:53+00:00","dateModified":"2024-08-21T18:11:35+00:00","mainEntityOfPage":{"@id":"https:\/\/jornalpontomais.com\/site\/2024\/08\/20\/vamos-aumentar-o-numero-de-medicos-em-inhumas-diz-ze-essado\/"},"wordCount":291,"commentCount":0,"publisher":{"@id":"https:\/\/jornalpontomais.com\/site\/#organization"},"image":{"@id":"https:\/\/jornalpontomais.com\/site\/2024\/08\/20\/vamos-aumentar-o-numero-de-medicos-em-inhumas-diz-ze-essado\/#primaryimage"},"thumbnailUrl":"https:\/\/jornalpontomais.com\/site\/wp-content\/uploads\/2024\/08\/Foto-Ze-Essado-30-x-20-cm-6.jpg","articleSection":["Pol\u00edtica"],"inLanguage":"pt-BR","potentialAction":[{"@type":"CommentAction","name":"Comment","target":["https:\/\/jornalpontomais.com\/site\/2024\/08\/20\/vamos-aumentar-o-numero-de-medicos-em-inhumas-diz-ze-essado\/#respond"]}]},{"@type":"WebPage","@id":"https:\/\/jornalpontomais.com\/site\/2024\/08\/20\/vamos-aumentar-o-numero-de-medicos-em-inhumas-diz-ze-essado\/","url":"https:\/\/jornalpontomais.com\/site\/2024\/08\/20\/vamos-aumentar-o-numero-de-medicos-em-inhumas-diz-ze-essado\/","name":"\"Vamos aumentar o n\u00famero de m\u00e9dicos em Inhumas\", diz Z\u00e9 Essado - Jornal Ponto Mais","isPartOf":{"@id":"https:\/\/jornalpontomais.com\/site\/#website"},"primaryImageOfPage":{"@id":"https:\/\/jornalpontomais.com\/site\/2024\/08\/20\/vamos-aumentar-o-numero-de-medicos-em-inhumas-diz-ze-essado\/#primaryimage"},"image":{"@id":"https:\/\/jornalpontomais.com\/site\/2024\/08\/20\/vamos-aumentar-o-numero-de-medicos-em-inhumas-diz-ze-essado\/#primaryimage"},"thumbnailUrl":"https:\/\/jornalpontomais.com\/site\/wp-content\/uploads\/2024\/08\/Foto-Ze-Essado-30-x-20-cm-6.jpg","datePublished":"2024-08-20T15:04:53+00:00","dateModified":"2024-08-21T18:11:35+00:00","breadcrumb":{"@id":"https:\/\/jornalpontomais.com\/site\/2024\/08\/20\/vamos-aumentar-o-numero-de-medicos-em-inhumas-diz-ze-essado\/#breadcrumb"},"inLanguage":"pt-BR","potentialAction":[{"@type":"ReadAction","target":["https:\/\/jornalpontomais.com\/site\/2024\/08\/20\/vamos-aumentar-o-numero-de-medicos-em-inhumas-diz-ze-essado\/"]}]},{"@type":"ImageObject","inLanguage":"pt-BR","@id":"https:\/\/jornalpontomais.com\/site\/2024\/08\/20\/vamos-aumentar-o-numero-de-medicos-em-inhumas-diz-ze-essado\/#primaryimage","url":"https:\/\/jornalpontomais.com\/site\/wp-content\/uploads\/2024\/08\/Foto-Ze-Essado-30-x-20-cm-6.jpg","contentUrl":"https:\/\/jornalpontomais.com\/site\/wp-content\/uploads\/2024\/08\/Foto-Ze-Essado-30-x-20-cm-6.jpg","width":2000,"height":1333},{"@type":"BreadcrumbList","@id":"https:\/\/jornalpontomais.com\/site\/2024\/08\/20\/vamos-aumentar-o-numero-de-medicos-em-inhumas-diz-ze-essado\/#breadcrumb","itemListElement":[{"@type":"ListItem","position":1,"name":"In\u00edcio","item":"https:\/\/jornalpontomais.com\/site\/"},{"@type":"ListItem","position":2,"name":"&#8220;Vamos aumentar o n\u00famero de m\u00e9dicos em Inhumas&#8221;, diz Z\u00e9 Essado"}]},{"@type":"WebSite","@id":"https:\/\/jornalpontomais.com\/site\/#website","url":"https:\/\/jornalpontomais.com\/site\/","name":"Jornal Ponto Mais","description":"As principais not\u00edcias do Brasil e do mundo. Confira!","publisher":{"@id":"https:\/\/jornalpontomais.com\/site\/#organization"},"potentialAction":[{"@type":"SearchAction","target":{"@type":"EntryPoint","urlTemplate":"https:\/\/jornalpontomais.com\/site\/?s={search_term_string}"},"query-input":{"@type":"PropertyValueSpecification","valueRequired":true,"valueName":"search_term_string"}}],"inLanguage":"pt-BR"},{"@type":"Organization","@id":"https:\/\/jornalpontomais.com\/site\/#organization","name":"Jornal Ponto+","url":"https:\/\/jornalpontomais.com\/site\/","logo":{"@type":"ImageObject","inLanguage":"pt-BR","@id":"https:\/\/jornalpontomais.com\/site\/#\/schema\/logo\/image\/","url":"https:\/\/jornalpontomais.com\/site\/wp-content\/uploads\/2022\/01\/marca.png","contentUrl":"https:\/\/jornalpontomais.com\/site\/wp-content\/uploads\/2022\/01\/marca.png","width":582,"height":148,"caption":"Jornal Ponto+"},"image":{"@id":"https:\/\/jornalpontomais.com\/site\/#\/schema\/logo\/image\/"}},{"@type":"Person","@id":"https:\/\/jornalpontomais.com\/site\/#\/schema\/person\/18323f0b0f1355f2490721c48389fe9d","name":"Jornal Ponto Mais","image":{"@type":"ImageObject","inLanguage":"pt-BR","@id":"https:\/\/secure.gravatar.com\/avatar\/2ee0a9b7fe10fe32bdec8bc086e871e41eb5f4f6ecbcb7b4f2fe0d92d831405f?s=96&d=mm&r=g","url":"https:\/\/secure.gravatar.com\/avatar\/2ee0a9b7fe10fe32bdec8bc086e871e41eb5f4f6ecbcb7b4f2fe0d92d831405f?s=96&d=mm&r=g","contentUrl":"https:\/\/secure.gravatar.com\/avatar\/2ee0a9b7fe10fe32bdec8bc086e871e41eb5f4f6ecbcb7b4f2fe0d92d831405f?s=96&d=mm&r=g","caption":"Jornal Ponto Mais"},"sameAs":["https:\/\/jornalpontomais.com\/site","jornalpontomais"],"url":"https:\/\/jornalpontomais.com\/site\/author\/jornalpontomais\/"}]}},"_links":{"self":[{"href":"https:\/\/jornalpontomais.com\/site\/wp-json\/wp\/v2\/posts\/14709","targetHints":{"allow":["GET"]}}],"collection":[{"href":"https:\/\/jornalpontomais.com\/site\/wp-json\/wp\/v2\/posts"}],"about":[{"href":"https:\/\/jornalpontomais.com\/site\/wp-json\/wp\/v2\/types\/post"}],"author":[{"embeddable":true,"href":"https:\/\/jornalpontomais.com\/site\/wp-json\/wp\/v2\/users\/2"}],"replies":[{"embeddable":true,"href":"https:\/\/jornalpontomais.com\/site\/wp-json\/wp\/v2\/comments?post=14709"}],"version-history":[{"count":1,"href":"https:\/\/jornalpontomais.com\/site\/wp-json\/wp\/v2\/posts\/14709\/revisions"}],"predecessor-version":[{"id":14711,"href":"https:\/\/jornalpontomais.com\/site\/wp-json\/wp\/v2\/posts\/14709\/revisions\/14711"}],"wp:featuredmedia":[{"embeddable":true,"href":"https:\/\/jornalpontomais.com\/site\/wp-json\/wp\/v2\/media\/14710"}],"wp:attachment":[{"href":"https:\/\/jornalpontomais.com\/site\/wp-json\/wp\/v2\/media?parent=14709"}],"wp:term":[{"taxonomy":"category","embeddable":true,"href":"https:\/\/jornalpontomais.com\/site\/wp-json\/wp\/v2\/categories?post=14709"},{"taxonomy":"post_tag","embeddable":true,"href":"https:\/\/jornalpontomais.com\/site\/wp-json\/wp\/v2\/tags?post=14709"}],"curies":[{"name":"wp","href":"https:\/\/api.w.org\/{rel}","templated":true}]}}